{"id":42478,"date":"2022-05-25T19:26:53","date_gmt":"2022-05-25T17:26:53","guid":{"rendered":"https:\/\/www.revistarambla.com\/?p=42478"},"modified":"2022-05-25T19:26:53","modified_gmt":"2022-05-25T17:26:53","slug":"cooficialidad-o-desaparicion-del-euskera-en-navarra","status":"publish","type":"post","link":"https:\/\/www.revistarambla.com\/en\/cooficialidad-o-desaparicion-del-euskera-en-navarra\/","title":{"rendered":"\u00bfCooficialidad o desaparici\u00f3n del euskera en Navarra?"},"content":{"rendered":"<p>Caso de no lograrse el consenso pol\u00edtico necesario para abordar la cooficialidad del euskera en Navarra, la \u201clingua navarrorum\u201d\u00a0se encaminar\u00e1 inexorablemente hacia un progresivo estancamiento y posterior fosilizaci\u00f3n.<\/p>\n<h3>La Ley del Vascuence y \u201cel pase foral\u201d<\/h3>\n<p>Si bien en los primeros tiempos del franquismo la postura del r\u00e9gimen hacia el euskera fue claramente represora y coercitiva, con el paso del tiempo se fue relajando y en 1965 asistimos al nacimiento de las primeras Ikastolas de Navarra\u00a0(teniendo a Jes\u00fas Atxa y Jorge Kortes como principales impulsores y a Amadeo Marco como colaborador necesario).\u00a0Su objetivo inicial era conseguir la normalizaci\u00f3n del uso del euskara en Navarra y a base de imaginaci\u00f3n e iniciativas como el \u201cNafarroa Oinez 2013\u201d en Tudela, fueron tejiendo una red de 15 ikastolas por toda la geograf\u00eda navarra que cubr\u00edan parcialmente la demanda educativa en zonas no vasc\u00f3fonas.<\/p>\n<p>Posteriormente, la demanda de los padres euskaltzales consigui\u00f3 la implantaci\u00f3n del Modelo D en los centros P\u00fablicos, unificando cultura y euskera y permitiendo el posterior fen\u00f3meno de la matriculaci\u00f3n masiva en el Modelo D, (38% del total del nuevo alumnado en el curso 2011-2012 en Iru\u00f1a). Sin embargo, con la implantaci\u00f3n de la Ley del Vascuence en 1986 bajo el mandato de Gabriel Urralburu (PSN) (aunque el desarrollo y aplicaci\u00f3n de sus decretos y reglamentos cabe atribuirlos en exclusividad a los sucesivos gobiernos de UPN), asistimos a la creaci\u00f3n de cotos geogr\u00e1ficos virtuales e impermeables a toda influencia externa que a d\u00eda de hoy a\u00fan permanecen vigentes aunque con s\u00edntomas de resquebrajamiento en sus paredes (v\u00e9ase la aprobaci\u00f3n de la ampliaci\u00f3n de la Zona Mixta al Sur de la Cuenca de Pamplona).<\/p>\n<p>Por otra parte, el decreto foral 29\/2003 estableci\u00f3 que \u201cel euskera puntuar\u00e1 en los concursos de empleo p\u00fablico asign\u00e1ndole un peso en la baremaci\u00f3n total en funci\u00f3n de la establecida para los idiomas de trabajo de la Uni\u00f3n Europea\u201d, lo que provoc\u00f3 una sensaci\u00f3n de agravio comparativo y malestar entre las propias filas de UPN y oblig\u00f3 a Miguel Sanz a aplicar la supresi\u00f3n de la discriminaci\u00f3n positiva hacia el euskera. As\u00ed, el Decreto Foral 55\/2009 estableci\u00f3 que en los concursos de empleo p\u00fablico para puestos radicados en la Zona Mixta la puntuaci\u00f3n otorgada al euskera ser\u00e1 de un 3% de la puntuaci\u00f3n total del concurso (pudiendo incrementarse hasta el 6% en el caso de puestos que implicasen especiales funciones de atenci\u00f3n al p\u00fablico), quedando Sanz como palad\u00edn de la igualdad de oportunidades para todos y dejando de paso la aplicaci\u00f3n y desarrollo de la todav\u00eda vigente Ley del Vascuence aparcada sine die.<\/p>\n<p>Los sucesivos Gobiernos de UPN habr\u00edan utilizado la doctrina del \u201cpase foral\u201d como instrumento del filibusterismo pol\u00edtico de UPN para esquivar las sentencias judiciales contrarias a su miope pol\u00edtica de intentar enclaustrar al euskera en gulags cerrados y lograr posteriormente su extinci\u00f3n por inanici\u00f3n financiera. As\u00ed, el SOS lanzado por la ikastola Ibaialde de Lodosa ante su asfixia econ\u00f3mica y respondido por la Diputaci\u00f3n de Gipuzkoa con la concesi\u00f3n de una ayuda de 24.000 \u20ac, dej\u00f3 en evidencia ante la opini\u00f3n p\u00fablica navarra su escaso o nulo inter\u00e9s por la supervivencia del euskera en la Comunidad Foral.<\/p>\n<p>Miguel Sanz y Yolanda Barcina har\u00e1n uso sucesivamente del \u00abpase foral\u00bb en las sentencias judiciales a favor del uso, promoci\u00f3n y valoraci\u00f3n del euskera para imposibilitar la normalizaci\u00f3n del uso del euskara en la vida cotidiana de Navarra a pesar de las cr\u00edticas realizadas por organismos como Euskaltzaindia y el Comit\u00e9 de Expertos sobre la aplicaci\u00f3n de la Carta Europea de las Lenguas Minoritarias, quien en su tercer informe de seguimiento resalt\u00f3 \u201dla persistencia de las carencias de presencia del euskera en los medios de comunicaci\u00f3n social\u201d, de lo que ser\u00eda paradigma el limbo alegal en que se encontraban Euskalerria Irratia y las emisiones de EITB en Navarra.<\/p>\n<p>Efectivamente, la ley foral del Vascuence dispone \u201cque las administraciones p\u00fablicas promover\u00e1n la presencia del vascuence en los medios de comunicaci\u00f3n social, por lo que el Gobierno de Navarra elaborar\u00e1 programas de subvenciones para los medios que empleen el euskera de forma habitual y tambi\u00e9n velar\u00e1 por la presencia del vascuence en los medios de comunicaci\u00f3n que gestione directamente la Comunidad Foral de Navarra\u201d. Sin embargo, en el 2012, Euskarabidea (Instituto Navarro del Vascuence), suprimi\u00f3 de un plumazo las ayudas a la utilizaci\u00f3n del euskera en los medios de comunicaci\u00f3n navarros, por lo que en una campa\u00f1a promovida desde Nafarpres, (Asociaci\u00f3n de Prensa de Informaci\u00f3n Local de Navarra) y secundada por medios como Ttipi-Ttapa, Mendixut, Guaixe, Entretodos- Auzolan y La voz de la Merindad) publicaron su edici\u00f3n de febrero del 2012 en negro como medida de protesta, adelantado que \u201ceste es el futuro que nos espera a los medios de comunicaci\u00f3n que damos cobertura al euskera, \u201cnegro y en castellano\u201d.<\/p>\n<h3>Es urgente la cooficialidad del euskera<\/h3>\n<p>Tanto UPN com el PSN han defendido hasta el momento el mantenimiento de la zonificaci\u00f3n ling\u00fc\u00edstica como garant\u00eda del respeto a la pluralidad de Navarra, rechazando el modelo uniformista aplicado en el Pa\u00eds Vasco con la Ley 10\/1982 B\u00e1sica del Euskera para lograr \u201cuna euskaldunizaci\u00f3n dirigida de todo el territorio\u201d, por lo que los cotos ling\u00fc\u00edsticos virtuales e impermeables a toda influencia externa implementados en 1986 en Navarra por la ley del Vascuence a\u00fan permanecen vigentes aunque con s\u00edntomas de resquebrajamiento en sus paredes. As\u00ed, el Parlamento de Navarra aprob\u00f3 el 18 de febrero de 2010 la primera y \u00fanica modificaci\u00f3n hasta la fecha de la Ley Foral del Vascuence, mediante la cual varios ayuntamientos de la Comarca del Sur de Pamplona (Galar, Belascoain y Aranguren) pasaron a incorporarse a la Zona Mixta tras lograr mayor\u00eda absoluta en la votaci\u00f3n de los Plenos de sus respectivos Consistorios a lo que se a\u00f1ade la reciente implementaci\u00f3n del Modelo D en Mendigorr\u00eda.<\/p>\n<p>Sin embargo, el Gobierno de Chivite prepara un nuevo Decreto Foral que regular\u00e1 el uso del Euskera en las Administraciones P\u00fablicas en el que desaparece la valoraci\u00f3n del euskera en zona no vasc\u00f3fona lo que aunado con el descenso de matriculaciones en el Modelo D debido al descenso de natalidad y a la inequ\u00edvoca apuesta tanto del PSN como de Navarra Suma por el ingl\u00e9s, augura un horizonte incierto para el vascuence en Navarra,\u00a0de lo que ser\u00eda paradigma la OPE de Enfermer\u00eda en la que no se valor\u00f3 el euskera como m\u00e9rito.<\/p>\n<p>En consecuencia, para evitar el actual declive y posterior fosilizaci\u00f3n del euskera o vascuence en Navarra, se antoja imprescindible la modificaci\u00f3n de la anacr\u00f3nica zonificaci\u00f3n ling\u00fc\u00edstica implementada hace ya casi 30 a\u00f1os por la Ley del Vascuence y que dejar\u00eda al territorio foral integrado por una zona vasc\u00f3fona y otra mixta, con la consiguiente expansi\u00f3n del mapa radial de los centros de Modelo D por todo Navarra y en una fase posterior, lograr que el euskera sea cooficial en todo el territorio foral.<\/p>\n<p>Caso de no lograrse el consenso pol\u00edtico necesario para abordar la cooficialidad del euskera en Navarra, la \u201clingua navarrorum\u201d se encaminar\u00e1 inexorablemente hacia un progresivo estancamiento, dibuj\u00e1ndose un escenario a 30 a\u00f1os en el que quedar\u00e1 reducido a los tradicionales islotes geogr\u00e1ficos del Noroeste de Navarra, as\u00ed como peque\u00f1os rodales ideol\u00f3gico-sentimentales esparcidos por diferentes pueblos y ciudades del territorio foral, por lo que se antoja urgente la movilizaci\u00f3n de todos los agentes sociales implicados en la defensa del euskera para lograr la cooficialidad del euskera.<\/p>","protected":false},"excerpt":{"rendered":"<p>Caso de no lograrse el consenso pol\u00edtico necesario para abordar la cooficialidad del euskera en Navarra, la \u201clingua navarrorum\u201d\u00a0se encaminar\u00e1 inexorablemente hacia un progresivo estancamiento y posterior fosilizaci\u00f3n. La Ley del Vascuence y \u201cel pase foral\u201d Si bien en los primeros tiempos del franquismo la postura del r\u00e9gimen hacia el [&hellip;]<\/p>\n","protected":false},"author":16,"featured_media":42479,"comment_status":"closed","ping_status":"open","sticky":false,"template":"","format":"standard","meta":{"footnotes":""},"categories":[72],"tags":[],"class_list":["post-42478","post","type-post","status-publish","format-standard","has-post-thumbnail","hentry","category-opinion"],"yoast_head":"<!-- This site is optimized with the Yoast SEO plugin v27.5 - https:\/\/yoast.com\/product\/yoast-seo-wordpress\/ -->\n<title>\u00bfCooficialidad o desaparici\u00f3n del euskera en Navarra? - Revista Rambla<\/title>\n<meta name=\"robots\" content=\"index, follow, max-snippet:-1, max-image-preview:large, max-video-preview:-1\" \/>\n<link rel=\"canonical\" href=\"https:\/\/www.revistarambla.com\/en\/cooficialidad-o-desaparicion-del-euskera-en-navarra\/\" \/>\n<meta property=\"og:locale\" content=\"en_GB\" \/>\n<meta property=\"og:type\" content=\"article\" \/>\n<meta property=\"og:title\" content=\"\u00bfCooficialidad o desaparici\u00f3n del euskera en Navarra? - Revista Rambla\" \/>\n<meta property=\"og:description\" content=\"Caso de no lograrse el consenso pol\u00edtico necesario para abordar la cooficialidad del euskera en Navarra, la \u201clingua navarrorum\u201d\u00a0se encaminar\u00e1 inexorablemente hacia un progresivo estancamiento y posterior fosilizaci\u00f3n. La Ley del Vascuence y \u201cel pase foral\u201d Si bien en los primeros tiempos del franquismo la postura del r\u00e9gimen hacia el [&hellip;]\" \/>\n<meta property=\"og:url\" content=\"https:\/\/www.revistarambla.com\/en\/cooficialidad-o-desaparicion-del-euskera-en-navarra\/\" \/>\n<meta property=\"og:site_name\" content=\"Revista Rambla\" \/>\n<meta property=\"article:publisher\" content=\"https:\/\/www.facebook.com\/revistarambla\/\" \/>\n<meta property=\"article:published_time\" content=\"2022-05-25T17:26:53+00:00\" \/>\n<meta property=\"og:image\" content=\"https:\/\/www.revistarambla.com\/wp-content\/uploads\/2022\/05\/euskera-navarra.jpg\" \/>\n\t<meta property=\"og:image:width\" content=\"1000\" \/>\n\t<meta property=\"og:image:height\" content=\"576\" \/>\n\t<meta property=\"og:image:type\" content=\"image\/jpeg\" \/>\n<meta name=\"author\" content=\"Germ\u00e1n Gorraiz L\u00f3pez\" \/>\n<meta name=\"twitter:card\" content=\"summary_large_image\" \/>\n<meta name=\"twitter:creator\" content=\"@revistarambla\" \/>\n<meta name=\"twitter:site\" content=\"@revistarambla\" \/>\n<meta name=\"twitter:label1\" content=\"Written by\" \/>\n\t<meta name=\"twitter:data1\" content=\"Germ\u00e1n Gorraiz L\u00f3pez\" \/>\n\t<meta name=\"twitter:label2\" content=\"Estimated reading time\" \/>\n\t<meta name=\"twitter:data2\" content=\"6 minutes\" \/>\n<script type=\"application\/ld+json\" class=\"yoast-schema-graph\">{\"@context\":\"https:\\\/\\\/schema.org\",\"@graph\":[{\"@type\":\"Article\",\"@id\":\"https:\\\/\\\/www.revistarambla.com\\\/cooficialidad-o-desaparicion-del-euskera-en-navarra\\\/#article\",\"isPartOf\":{\"@id\":\"https:\\\/\\\/www.revistarambla.com\\\/cooficialidad-o-desaparicion-del-euskera-en-navarra\\\/\"},\"author\":{\"name\":\"Germ\u00e1n Gorraiz L\u00f3pez\",\"@id\":\"https:\\\/\\\/www.revistarambla.com\\\/#\\\/schema\\\/person\\\/23a7868ff10cd88f8fdb045c7b7e4a4d\"},\"headline\":\"\u00bfCooficialidad o desaparici\u00f3n del euskera en Navarra?\",\"datePublished\":\"2022-05-25T17:26:53+00:00\",\"mainEntityOfPage\":{\"@id\":\"https:\\\/\\\/www.revistarambla.com\\\/cooficialidad-o-desaparicion-del-euskera-en-navarra\\\/\"},\"wordCount\":1319,\"publisher\":{\"@id\":\"https:\\\/\\\/www.revistarambla.com\\\/#organization\"},\"image\":{\"@id\":\"https:\\\/\\\/www.revistarambla.com\\\/cooficialidad-o-desaparicion-del-euskera-en-navarra\\\/#primaryimage\"},\"thumbnailUrl\":\"https:\\\/\\\/www.revistarambla.com\\\/wp-content\\\/uploads\\\/2022\\\/05\\\/euskera-navarra.jpg\",\"articleSection\":[\"Opiniones\"],\"inLanguage\":\"en-GB\"},{\"@type\":\"WebPage\",\"@id\":\"https:\\\/\\\/www.revistarambla.com\\\/cooficialidad-o-desaparicion-del-euskera-en-navarra\\\/\",\"url\":\"https:\\\/\\\/www.revistarambla.com\\\/cooficialidad-o-desaparicion-del-euskera-en-navarra\\\/\",\"name\":\"\u00bfCooficialidad o desaparici\u00f3n del euskera en Navarra? - Revista Rambla\",\"isPartOf\":{\"@id\":\"https:\\\/\\\/www.revistarambla.com\\\/#website\"},\"primaryImageOfPage\":{\"@id\":\"https:\\\/\\\/www.revistarambla.com\\\/cooficialidad-o-desaparicion-del-euskera-en-navarra\\\/#primaryimage\"},\"image\":{\"@id\":\"https:\\\/\\\/www.revistarambla.com\\\/cooficialidad-o-desaparicion-del-euskera-en-navarra\\\/#primaryimage\"},\"thumbnailUrl\":\"https:\\\/\\\/www.revistarambla.com\\\/wp-content\\\/uploads\\\/2022\\\/05\\\/euskera-navarra.jpg\",\"datePublished\":\"2022-05-25T17:26:53+00:00\",\"breadcrumb\":{\"@id\":\"https:\\\/\\\/www.revistarambla.com\\\/cooficialidad-o-desaparicion-del-euskera-en-navarra\\\/#breadcrumb\"},\"inLanguage\":\"en-GB\",\"potentialAction\":[{\"@type\":\"ReadAction\",\"target\":[\"https:\\\/\\\/www.revistarambla.com\\\/cooficialidad-o-desaparicion-del-euskera-en-navarra\\\/\"]}]},{\"@type\":\"ImageObject\",\"inLanguage\":\"en-GB\",\"@id\":\"https:\\\/\\\/www.revistarambla.com\\\/cooficialidad-o-desaparicion-del-euskera-en-navarra\\\/#primaryimage\",\"url\":\"https:\\\/\\\/www.revistarambla.com\\\/wp-content\\\/uploads\\\/2022\\\/05\\\/euskera-navarra.jpg\",\"contentUrl\":\"https:\\\/\\\/www.revistarambla.com\\\/wp-content\\\/uploads\\\/2022\\\/05\\\/euskera-navarra.jpg\",\"width\":1000,\"height\":576},{\"@type\":\"BreadcrumbList\",\"@id\":\"https:\\\/\\\/www.revistarambla.com\\\/cooficialidad-o-desaparicion-del-euskera-en-navarra\\\/#breadcrumb\",\"itemListElement\":[{\"@type\":\"ListItem\",\"position\":1,\"name\":\"Portada\",\"item\":\"https:\\\/\\\/www.revistarambla.com\\\/\"},{\"@type\":\"ListItem\",\"position\":2,\"name\":\"\u00bfCooficialidad o desaparici\u00f3n del euskera en Navarra?\"}]},{\"@type\":\"WebSite\",\"@id\":\"https:\\\/\\\/www.revistarambla.com\\\/#website\",\"url\":\"https:\\\/\\\/www.revistarambla.com\\\/\",\"name\":\"Revista Rambla Barcelona\",\"description\":\"Periodismo independiente\",\"publisher\":{\"@id\":\"https:\\\/\\\/www.revistarambla.com\\\/#organization\"},\"potentialAction\":[{\"@type\":\"SearchAction\",\"target\":{\"@type\":\"EntryPoint\",\"urlTemplate\":\"https:\\\/\\\/www.revistarambla.com\\\/?s={search_term_string}\"},\"query-input\":{\"@type\":\"PropertyValueSpecification\",\"valueRequired\":true,\"valueName\":\"search_term_string\"}}],\"inLanguage\":\"en-GB\"},{\"@type\":\"Organization\",\"@id\":\"https:\\\/\\\/www.revistarambla.com\\\/#organization\",\"name\":\"Revista Rambla\",\"url\":\"https:\\\/\\\/www.revistarambla.com\\\/\",\"logo\":{\"@type\":\"ImageObject\",\"inLanguage\":\"en-GB\",\"@id\":\"https:\\\/\\\/www.revistarambla.com\\\/#\\\/schema\\\/logo\\\/image\\\/\",\"url\":\"https:\\\/\\\/www.revistarambla.com\\\/wp-content\\\/uploads\\\/2020\\\/09\\\/banner_rambla_1900x600_BB.png\",\"contentUrl\":\"https:\\\/\\\/www.revistarambla.com\\\/wp-content\\\/uploads\\\/2020\\\/09\\\/banner_rambla_1900x600_BB.png\",\"width\":1900,\"height\":600,\"caption\":\"Revista Rambla\"},\"image\":{\"@id\":\"https:\\\/\\\/www.revistarambla.com\\\/#\\\/schema\\\/logo\\\/image\\\/\"},\"sameAs\":[\"https:\\\/\\\/www.facebook.com\\\/revistarambla\\\/\",\"https:\\\/\\\/x.com\\\/revistarambla\",\"https:\\\/\\\/www.instagram.com\\\/revista_rambla\",\"https:\\\/\\\/es.linkedin.com\\\/company\\\/revista-rambla\"]},{\"@type\":\"Person\",\"@id\":\"https:\\\/\\\/www.revistarambla.com\\\/#\\\/schema\\\/person\\\/23a7868ff10cd88f8fdb045c7b7e4a4d\",\"name\":\"Germ\u00e1n Gorraiz L\u00f3pez\",\"description\":\"Nacido en Navarra en 1957. Escribe an\u00e1lisis sobre temas econ\u00f3micos y geopol\u00edticos. Es miembro de Attac-Navarra. Colabora habitualmente en varios medios digitales e impresos espa\u00f1oles y latinoamericanos.\"}]}<\/script>\n<!-- \/ Yoast SEO plugin. -->","yoast_head_json":{"title":"\u00bfCooficialidad o desaparici\u00f3n del euskera en Navarra? - Revista Rambla","robots":{"index":"index","follow":"follow","max-snippet":"max-snippet:-1","max-image-preview":"max-image-preview:large","max-video-preview":"max-video-preview:-1"},"canonical":"https:\/\/www.revistarambla.com\/en\/cooficialidad-o-desaparicion-del-euskera-en-navarra\/","og_locale":"en_GB","og_type":"article","og_title":"\u00bfCooficialidad o desaparici\u00f3n del euskera en Navarra? - Revista Rambla","og_description":"Caso de no lograrse el consenso pol\u00edtico necesario para abordar la cooficialidad del euskera en Navarra, la \u201clingua navarrorum\u201d\u00a0se encaminar\u00e1 inexorablemente hacia un progresivo estancamiento y posterior fosilizaci\u00f3n. La Ley del Vascuence y \u201cel pase foral\u201d Si bien en los primeros tiempos del franquismo la postura del r\u00e9gimen hacia el [&hellip;]","og_url":"https:\/\/www.revistarambla.com\/en\/cooficialidad-o-desaparicion-del-euskera-en-navarra\/","og_site_name":"Revista Rambla","article_publisher":"https:\/\/www.facebook.com\/revistarambla\/","article_published_time":"2022-05-25T17:26:53+00:00","og_image":[{"width":1000,"height":576,"url":"https:\/\/www.revistarambla.com\/wp-content\/uploads\/2022\/05\/euskera-navarra.jpg","type":"image\/jpeg"}],"author":"Germ\u00e1n Gorraiz L\u00f3pez","twitter_card":"summary_large_image","twitter_creator":"@revistarambla","twitter_site":"@revistarambla","twitter_misc":{"Written by":"Germ\u00e1n Gorraiz L\u00f3pez","Estimated reading time":"6 minutes"},"schema":{"@context":"https:\/\/schema.org","@graph":[{"@type":"Article","@id":"https:\/\/www.revistarambla.com\/cooficialidad-o-desaparicion-del-euskera-en-navarra\/#article","isPartOf":{"@id":"https:\/\/www.revistarambla.com\/cooficialidad-o-desaparicion-del-euskera-en-navarra\/"},"author":{"name":"Germ\u00e1n Gorraiz L\u00f3pez","@id":"https:\/\/www.revistarambla.com\/#\/schema\/person\/23a7868ff10cd88f8fdb045c7b7e4a4d"},"headline":"\u00bfCooficialidad o desaparici\u00f3n del euskera en Navarra?","datePublished":"2022-05-25T17:26:53+00:00","mainEntityOfPage":{"@id":"https:\/\/www.revistarambla.com\/cooficialidad-o-desaparicion-del-euskera-en-navarra\/"},"wordCount":1319,"publisher":{"@id":"https:\/\/www.revistarambla.com\/#organization"},"image":{"@id":"https:\/\/www.revistarambla.com\/cooficialidad-o-desaparicion-del-euskera-en-navarra\/#primaryimage"},"thumbnailUrl":"https:\/\/www.revistarambla.com\/wp-content\/uploads\/2022\/05\/euskera-navarra.jpg","articleSection":["Opiniones"],"inLanguage":"en-GB"},{"@type":"WebPage","@id":"https:\/\/www.revistarambla.com\/cooficialidad-o-desaparicion-del-euskera-en-navarra\/","url":"https:\/\/www.revistarambla.com\/cooficialidad-o-desaparicion-del-euskera-en-navarra\/","name":"\u00bfCooficialidad o desaparici\u00f3n del euskera en Navarra? - Revista Rambla","isPartOf":{"@id":"https:\/\/www.revistarambla.com\/#website"},"primaryImageOfPage":{"@id":"https:\/\/www.revistarambla.com\/cooficialidad-o-desaparicion-del-euskera-en-navarra\/#primaryimage"},"image":{"@id":"https:\/\/www.revistarambla.com\/cooficialidad-o-desaparicion-del-euskera-en-navarra\/#primaryimage"},"thumbnailUrl":"https:\/\/www.revistarambla.com\/wp-content\/uploads\/2022\/05\/euskera-navarra.jpg","datePublished":"2022-05-25T17:26:53+00:00","breadcrumb":{"@id":"https:\/\/www.revistarambla.com\/cooficialidad-o-desaparicion-del-euskera-en-navarra\/#breadcrumb"},"inLanguage":"en-GB","potentialAction":[{"@type":"ReadAction","target":["https:\/\/www.revistarambla.com\/cooficialidad-o-desaparicion-del-euskera-en-navarra\/"]}]},{"@type":"ImageObject","inLanguage":"en-GB","@id":"https:\/\/www.revistarambla.com\/cooficialidad-o-desaparicion-del-euskera-en-navarra\/#primaryimage","url":"https:\/\/www.revistarambla.com\/wp-content\/uploads\/2022\/05\/euskera-navarra.jpg","contentUrl":"https:\/\/www.revistarambla.com\/wp-content\/uploads\/2022\/05\/euskera-navarra.jpg","width":1000,"height":576},{"@type":"BreadcrumbList","@id":"https:\/\/www.revistarambla.com\/cooficialidad-o-desaparicion-del-euskera-en-navarra\/#breadcrumb","itemListElement":[{"@type":"ListItem","position":1,"name":"Portada","item":"https:\/\/www.revistarambla.com\/"},{"@type":"ListItem","position":2,"name":"\u00bfCooficialidad o desaparici\u00f3n del euskera en Navarra?"}]},{"@type":"WebSite","@id":"https:\/\/www.revistarambla.com\/#website","url":"https:\/\/www.revistarambla.com\/","name":"Revista Rambla Barcelona","description":"Periodismo independiente","publisher":{"@id":"https:\/\/www.revistarambla.com\/#organization"},"potentialAction":[{"@type":"SearchAction","target":{"@type":"EntryPoint","urlTemplate":"https:\/\/www.revistarambla.com\/?s={search_term_string}"},"query-input":{"@type":"PropertyValueSpecification","valueRequired":true,"valueName":"search_term_string"}}],"inLanguage":"en-GB"},{"@type":"Organization","@id":"https:\/\/www.revistarambla.com\/#organization","name":"Revista Rambla","url":"https:\/\/www.revistarambla.com\/","logo":{"@type":"ImageObject","inLanguage":"en-GB","@id":"https:\/\/www.revistarambla.com\/#\/schema\/logo\/image\/","url":"https:\/\/www.revistarambla.com\/wp-content\/uploads\/2020\/09\/banner_rambla_1900x600_BB.png","contentUrl":"https:\/\/www.revistarambla.com\/wp-content\/uploads\/2020\/09\/banner_rambla_1900x600_BB.png","width":1900,"height":600,"caption":"Revista Rambla"},"image":{"@id":"https:\/\/www.revistarambla.com\/#\/schema\/logo\/image\/"},"sameAs":["https:\/\/www.facebook.com\/revistarambla\/","https:\/\/x.com\/revistarambla","https:\/\/www.instagram.com\/revista_rambla","https:\/\/es.linkedin.com\/company\/revista-rambla"]},{"@type":"Person","@id":"https:\/\/www.revistarambla.com\/#\/schema\/person\/23a7868ff10cd88f8fdb045c7b7e4a4d","name":"Germ\u00e1n Gorraiz L\u00f3pez","description":"Nacido en Navarra en 1957. Escribe an\u00e1lisis sobre temas econ\u00f3micos y geopol\u00edticos. Es miembro de Attac-Navarra. Colabora habitualmente en varios medios digitales e impresos espa\u00f1oles y latinoamericanos."}]}},"_links":{"self":[{"href":"https:\/\/www.revistarambla.com\/en\/wp-json\/wp\/v2\/posts\/42478","targetHints":{"allow":["GET"]}}],"collection":[{"href":"https:\/\/www.revistarambla.com\/en\/wp-json\/wp\/v2\/posts"}],"about":[{"href":"https:\/\/www.revistarambla.com\/en\/wp-json\/wp\/v2\/types\/post"}],"author":[{"embeddable":true,"href":"https:\/\/www.revistarambla.com\/en\/wp-json\/wp\/v2\/users\/16"}],"replies":[{"embeddable":true,"href":"https:\/\/www.revistarambla.com\/en\/wp-json\/wp\/v2\/comments?post=42478"}],"version-history":[{"count":0,"href":"https:\/\/www.revistarambla.com\/en\/wp-json\/wp\/v2\/posts\/42478\/revisions"}],"wp:featuredmedia":[{"embeddable":true,"href":"https:\/\/www.revistarambla.com\/en\/wp-json\/wp\/v2\/media\/42479"}],"wp:attachment":[{"href":"https:\/\/www.revistarambla.com\/en\/wp-json\/wp\/v2\/media?parent=42478"}],"wp:term":[{"taxonomy":"category","embeddable":true,"href":"https:\/\/www.revistarambla.com\/en\/wp-json\/wp\/v2\/categories?post=42478"},{"taxonomy":"post_tag","embeddable":true,"href":"https:\/\/www.revistarambla.com\/en\/wp-json\/wp\/v2\/tags?post=42478"}],"curies":[{"name":"wp","href":"https:\/\/api.w.org\/{rel}","templated":true}]}}