{"id":4233,"date":"2013-11-12T16:47:33","date_gmt":"2013-11-12T16:47:33","guid":{"rendered":"https:\/\/www.revistarambla.com\/el-genocidio-de-la-juventud-negra-en-brasil-jose-manuel-rambla\/"},"modified":"2024-05-12T16:23:42","modified_gmt":"2024-05-12T14:23:42","slug":"racismo-en-brasil-contra-de-jovenes-negros","status":"publish","type":"post","link":"https:\/\/www.revistarambla.com\/en\/racismo-en-brasil-contra-de-jovenes-negros\/","title":{"rendered":"Racismo en Brasil contra de j\u00f3venes negros"},"content":{"rendered":"<p>Racismo en Brasil. La muerte de un adolescente en la periferia de S\u00e3o Paulo es una noticia tan cotidiana que pocas veces llama la atenci\u00f3n de los medios. Sin embargo, los graves disturbios que siguieron al fallecimiento de Douglas Rodrigues por el disparo, supuestamente accidental, de un polic\u00eda que acudi\u00f3 a atender una simple queja por ruido, han vuelto a traer al primer plano uno de los problemas sociales m\u00e1s graves del <a href=\"https:\/\/www.revistarambla.com\/en\/impresiones-desde-el-tropico-una-fugaz-visita-a-brasil\/\">Brasil<\/a> del milagro econ\u00f3mico: la violencia contra los pobres y, especialmente, el genocidio de j\u00f3venes negros en Brasil.<\/p>\n<p><img decoding=\"async\" class=\"aligncenter wp-image-4232 size-full\" src=\"https:\/\/www.revistarambla.com\/wp-content\/uploads\/2013\/11\/brasil_ rambla_02.jpg\" alt=\"RACISMO EN BRASIL\" width=\"700\" height=\"327\" srcset=\"https:\/\/www.revistarambla.com\/wp-content\/uploads\/2013\/11\/brasil_%20rambla_02.jpg 700w, https:\/\/www.revistarambla.com\/wp-content\/uploads\/2013\/11\/brasil_%20rambla_02-300x140.jpg 300w, https:\/\/www.revistarambla.com\/wp-content\/uploads\/2013\/11\/brasil_%20rambla_02-500x234.jpg 500w\" sizes=\"(max-width: 700px) 100vw, 700px\" \/><\/p>\n<p>La propia presidenta Dilma Rousseff sali\u00f3 al paso de estos hechos admitiendo que la misma violencia y racismo que acab\u00f3 con la vida de Douglas la sufren \u00abmillares de otros j\u00f3venes negros\u00bb. Esta semana, durante la III Conferencia Nacional para la Promoci\u00f3n de la Igualdad Racial que se celebr\u00f3 en Brasilia del 5 al 7 de noviembre, la representante del Consejo Nacional para la Igualdad Maria J\u00falia Nogueira fue m\u00e1s lejos al reclamar medidas urgentes frente a lo que calific\u00f3 de \u00abgenocidio de la juventud negra en Brasil\u00bb.<\/p>\n<h2>Racismo en Brasil de j\u00f3venes negros<\/h2>\n<p>Genocidio, exterminio. Son algunos de los t\u00e9rminos utilizados para designar la violencia que sufre la juventud afrodescendiente en Brasil. Y los datos parecen confirmar la exactitud de las calificaciones. Seg\u00fan el Instituto de Investigaci\u00f3n Econ\u00f3mica Aplicada (Ipea, seg\u00fan sus siglas en portugu\u00e9s), en dos de cada tres muertes violentas, de las m\u00e1s de 60.000 que anualmente se registran en el pa\u00eds, las v\u00edctimas son negras o mulatas. Con estas cifras, la tasa de homicidios para la poblaci\u00f3n afrodescendiente se sit\u00faa en 36,5 por cada 100.000 habitantes, frente al 15,5 de la poblaci\u00f3n blanca. El estudio del Ipea destaca que estas cifras suponen una potencial reducci\u00f3n de 20 meses y medio en la esperanza de vida de los ciudadanos negros. Pero, sobre todo, el informe llama la atenci\u00f3n sobre la edad cada vez menor de las v\u00edctimas: si en la pasada d\u00e9cada de los 80 su edad media era de 26 a\u00f1os, en la actualidad se sit\u00faa en los 20.<\/p>\n<p>Pero lo peor es que el fen\u00f3meno va en aumento. Julio Jacobo Waiselfisz, soci\u00f3logo y coordinador en Brasil del \u00e1rea de estudios sobre la violencia de la Facultad Latinoamericana de Ciencias Sociales (Flacso) destaca en este sentido que si entre los a\u00f1os 2001 y 2010 el n\u00famero de v\u00edctimas blancas de homicidio cay\u00f3 un 27,1%, el de negros se increment\u00f3 en ese mismo periodo un 35,9%. Seg\u00fan el investigador de Flacso, solo en 2010 murieron por actos de violencia unos 35.000 afrodescendientes. \u00abEstos n\u00fameros deber\u00edan ser preocupantes para un pa\u00eds que aparenta no tener enfrentamientos \u00e9tnicos, religiosos, fronterizos, sociales o pol\u00edticos. Representan un volumen de muertes violentas muy superior al de muchas regiones del mundo que atraviesan conflictos armados\u00bb, destaca.<\/p>\n<p>A la vista de estos datos, Raquel Villadino, coordinadora del Programa para la Reducci\u00f3n de la Violencia Letal entre Adolescentes y J\u00f3venes de Rio de Janeiro, se mostraba muy cr\u00edtica con el hecho de que solo el 8% de los programas de prevenci\u00f3n de la violencia incluyan criterios raciales en su dise\u00f1o. \u00abEl racismo en Brasil -asegura- es un elemento estructural en la letalidad de la juventud negra. No solo estamos ante un proceso de criminalizaci\u00f3n de la pobreza sino, m\u00e1s en particular, de la juventud negra que vive en espacios populares\u00bb.<\/p>\n<h2>Programa Juventud Viva<\/h2>\n<p>Ante la dimensi\u00f3n del problema, los poderes p\u00fablicos comienzan a reaccionar. El pasado septiembre se puso en marcha el programa Juventud Viva. Impulsado por el gobierno federal a trav\u00e9s de la Secretar\u00eda para la Promoci\u00f3n de la Igualdad Racial (Seppir), el programa busca coordinar a las distintas administraciones en acciones que van desde actividades extraacad\u00e9micas para ocupar el tiempo de los adolescentes en los cambios de turno, a inversiones en la construcci\u00f3n de centros culturales en \u00e1reas de riesgo, concesi\u00f3n de microcr\u00e9ditos para j\u00f3venes emprendedores, o programas de formaci\u00f3n racial para la polic\u00eda, una de las instituciones menor valoradas y en la que menos conf\u00edan los brasile\u00f1os.<\/p>\n<p>Juventud Viva ha comenzado como experiencia piloto en el estado de Alagoas cuya capital, Macei\u00f3, es la segunda ciudad en n\u00famero de homicidios del pa\u00eds. Desde all\u00ed el proyecto ir\u00e1 extendi\u00e9ndose paulatinamente a los 132 municipios m\u00e1s violentos del pa\u00eds. Luiza Bairros, ministra de la Seppir, destaca la importancia de este tipo de actuaciones. \u201cAunque hemos experimentado en los \u00faltimos a\u00f1os una mejora en los indicadores sociales de la poblaci\u00f3n negra -comenta-, todav\u00eda hay millones de j\u00f3venes negros que est\u00e1n fuera de las escuelas y del mercado laboral\u201d. A su juicio, este colectivo \u201cconstituye una poblaci\u00f3n vulnerable a la posibilidad de verse envuelto en situaciones de violencia, puesto que tienen la vida poco valorizada ya que no est\u00e1n insertos en ning\u00fan tipo de red social m\u00e1s fuerte\u201d.<\/p>\n<h2>Racismo &#8216;afro&#8217; en Brasil<\/h2>\n<p>Pero el racismo en Brasil hacia la comunidad de j\u00f3venes negros no se limita a la violencia f\u00edsica. La pobreza estructural es, sin duda, una de las grandes losas que pesan sobre ella. De hecho, seg\u00fan el Catastro \u00danico de Programas Sociales del gobierno federal, el 68% de los 81 millones de <a href=\"https:\/\/www.revistarambla.com\/en\/los-rolezinhos-brasilenos-reivindican-su-protagonismo-social-tomando-los-centros-comerciales\/\">brasile\u00f1os<\/a> en situaci\u00f3n de pobreza son negros o mulatos. La discriminaci\u00f3n racial adquiere en Brasil incluso contornos sanitarios. La psic\u00f3loga Crisfanny Souza, integrante de la Red Nacional de Control Social de la Poblaci\u00f3n Negra, pone como ejemplo la situaci\u00f3n de la mujer: \u201cpr\u00e1cticamente todos los \u00edndices de salud de la mujer negra son peores que los de la blanca. En una consulta sobre c\u00e1ncer de mama, las negras son menos palpadas que las blancas, igual que reciben menos anestesia en el parto\u201d.<\/p>\n<p>Souza considera que, en gran medida, ello es debido al prejuicio que achaca al negro mayor resistencia f\u00edsica, \u201cdel mismo modo que si en un hospital entran un blanco y un negro con heridas de bala, se tiende a pensar que el primero es una v\u00edctima y el segundo un delincuente implicado en un tiroteo\u201d. Tambi\u00e9n aqu\u00ed los datos son implacables: el riesgo de un ni\u00f1o afrodescendiente de morir antes de los cinco a\u00f1os por dolencias infecciosas o parasitarias es un 60% mayor que un blanco, mientras que la posibilidad de morir por desnutrici\u00f3n son un 90% superiores. Adem\u00e1s, el sistema de salud p\u00fablico no est\u00e1 preparado para atender el problema que representan algunas enfermedades que afectan especialmente a la poblaci\u00f3n negra, como la hipertensi\u00f3n, la anemia falciforme o la diabetes mellitos tipo II.<\/p>\n<h2>Estatuto de Igualdad Racial contra el racismo en Brasil<\/h2>\n<p>Todos estos circunstancias llevaron al PT a incluir el problema de la discriminaci\u00f3n racial en la agenda pol\u00edtica brasile\u00f1a. As\u00ed lo pone de manifiesto la creaci\u00f3n hace ahora una d\u00e9cada del Seppir. Pero sobre todo, los dos grandes pilares de la pol\u00edtica antiracista primero de Lula y ahora de <a href=\"https:\/\/www.revistarambla.com\/en\/dilma-rousseff-hace-un-llamamiento-a-luchar-contra-el-olvido-al-cumplirse-50-anos-del-golpe-de-estado-en-brasil\/\">Dilma Rousseff<\/a> son el Estatuto de Igualdad Racial, que penaliza los actos de discriminaci\u00f3n racial, y la pol\u00edtica de cuotas. Precisamente, la presidenta brasile\u00f1a aprovech\u00f3 la inauguraci\u00f3n esta semana de la III Conferencia para la Promoci\u00f3n de la Igualdad Racial para anunciar su decisi\u00f3n de tramitar el Congreso que el 20% de las plazas de concurso p\u00fablico federal se reserven para negros. Rousseff destac\u00f3 que \u201ccon esta medida queremos iniciar un cambio en la composici\u00f3n racial de los servidores de la administraci\u00f3n p\u00fablica federal, haci\u00e9ndola representativa de la composici\u00f3n de la poblaci\u00f3n brasile\u00f1a\u201d.<\/p>\n<p>Y es que, si en la actualidad el 51% de la poblaci\u00f3n brasile\u00f1a se declara negra o mulata, esa proporcionalidad dista mucho de verse reflejada en los diferentes entornos sociales m\u00e1s all\u00e1 de casos concretos, pero no por ello menos importantes, como Joaquin Barbosa, primer presidente negro del Tribunal Supremo, o Nilma Gomes, primera rectora afrobrasile\u00f1a de una universidad federal. Una muestra de los contrario lo encontramos en la representaci\u00f3n pol\u00edtica. As\u00ed, de los 513 diputados que integran el Congreso brasile\u00f1o solo 43 son negros o mulatos, mientras que entre los 81 miembros del Senado solo hallamos dos afrodescendientes.<\/p>\n<p>Ante todos esto, la presidenta Dilma Rousseff es la primer en reconocer que el color de la piel sigue siendo motivo de exclusi\u00f3n para millones de brasile\u00f1os. \u201cLa sociedad brasile\u00f1a tiene que superar un periodo demasiado largo de esclavocracia que no acab\u00f3 con la abolici\u00f3n\u201d, comenta. En su opini\u00f3n, \u201cresucit\u00f3 un racismo en Brasil en forma de jerarquizaci\u00f3n de la sociedad, manteniendo los valores de la esclavocracia\u201d. Al mismo tiempo, la presidenta de Brasil destaca que \u201cla exclusi\u00f3n racial y la exclusi\u00f3n social se mezclan\u201d. Por ello, se muestra especialmente satisfecha de sus programas sociales como Bolsa Familia o Brasil Sin Miseria, que ha sacado de la miseria en estos a\u00f1os a 22 millones de brasile\u00f1os, en un 78% negros, que hoy disponen de unos ingresos mensuales de 70 reales, esto es, unos 23 euros.<\/p>\n<p>Y junto\u00a0 ello el sistema de cuotas para las universidades federales para estudiantes de escuelas p\u00fablicas, teniendo en cuenta criterios raciales y de renta. Una medida clave si se tiene en cuenta el deterioro de la ense\u00f1anza p\u00fablica en primaria y secundaria, frente al prestigio de una universidad p\u00fablica ven\u00edan siendo monopolizadas por estudiantes de la clase media y alta que hab\u00edan cursado los niveles inferiores en centros privados. Con la ley de cuotas las universidades p\u00fablicas reservaron este curso un 12,5% de sus plazas. La perspectiva es que en 2022 esa cuota alcance al 50% de las plazas universitarias federales.<\/p>\n<p>Estas iniciativas de discriminaci\u00f3n positiva son b\u00e1sicas para Rousseff para qui\u00e9n \u201cconstruir acciones afirmativas es esencial para que sea efectiva la igualdad de oportunidades socioracial\u201d. De hecho, incluso organismos como el Programa de Naciones Unidas para el Desarrollo han destacado los avances de Brasil en materia racial. Sin embargo, tampoco faltan voces que cuestionan el entusiasmo con que el gobierno promueve estas iniciativas de igualdad racial. As\u00ed, por ejemplo, el Instituto de Estudios Socioecon\u00f3micos advert\u00eda a finales de octubre de 2012 de que de los 1.900 millones de reales (unos 620 millones de euros) presupuestados para combatir el racismo en Brasil, solo se hab\u00eda ejecutado un 10% hasta ese momento.<\/p>\n<h2>Mestizaje como se\u00f1a de identidad<\/h2>\n<p>Mientras tanto la sociedad brasile\u00f1a sigue empapada de racismo. Y no solo hacia los afrodescendientes. Seg\u00fan el Consejo Indigenista Misionero, entidad vinculada a la iglesia cat\u00f3lica, durante el pasado a\u00f1o 2012 la violencia contra las comunidades ind\u00edgenas se increment\u00f3 un 237% En su relatorio se incluyen homicidios, amenazas de muerte, tentativas de asesinato, agresiones, violencia sexual. En muchos de estos casos la pugna entre hacendados e ind\u00edgenas por el control de la tierra se esconde detr\u00e1s de estos hechos. En total, 563 indios han sido asesinados en la \u00faltima d\u00e9cada.<\/p>\n<p>Y todo ello, parad\u00f3jicamente, en una sociedad que se vanagloria del mestizaje como se\u00f1a de identidad. No es extra\u00f1o que en los sondeos el 87% de los encuestados reconozca que en Brasil existe el racismo, pero solo un 4% se reconozca como racista. Brasil aparece as\u00ed como un pa\u00eds racista, pero sin racistas, con prejuicio de sus propios prejuicios. O como mucho protagonista de un \u201cracismo cordial\u201d que transforma la discriminaci\u00f3n en un chiste, una broma aparentemente sin importancia. El pasado mes de mayo la cadena de televisi\u00f3n O Globo conmemoraba el 125 aniversario de la abolici\u00f3n de la esclavitud en una parodia donde los ex esclavos tomaban su liberaci\u00f3n como una simple excusa para celebrar el una t\u00f3pica fiesta de carnaval. Douglas Belchior, profesor de Historia y militante del movimiento negro, recordaba que los 388 a\u00f1os de esclavitud supusieron el secuestro o asesinato de unos 7 millones de africanos y sus descendientes. \u201cSe trata del mayor crimen de lesa humanidad que ha existido. \u00bfDebe o puede esto ser motivo de chiste? \u00bfCu\u00e1ntas escenas de \u2018humor inteligente\u2019 de este tipo encontramos sobre el holocausto jud\u00edo, las v\u00edctimas de Hiroshima y Nagasaki o el World Trade Center?\u201d.<\/p>","protected":false},"excerpt":{"rendered":"<p>El \u00edndice de homicidios entre la poblaci\u00f3n afrodescendiente enciende todas las alarmas en el pa\u00eds<\/p>","protected":false},"author":325,"featured_media":4232,"comment_status":"open","ping_status":"open","sticky":false,"template":"","format":"standard","meta":{"footnotes":""},"categories":[57],"tags":[],"class_list":["post-4233","post","type-post","status-publish","format-standard","has-post-thumbnail","hentry","category-global"],"yoast_head":"<!-- This site is optimized with the Yoast SEO plugin v27.5 - https:\/\/yoast.com\/product\/yoast-seo-wordpress\/ -->\n<title>Racismo en Brasil contra de j\u00f3venes negros - Revista Rambla<\/title>\n<meta name=\"description\" content=\"Resucit\u00f3 un racismo en Brasil en forma de jerarquizaci\u00f3n de la sociedad, manteniendo los valores de la \u00abesclavocracia\u00bb.\" \/>\n<meta name=\"robots\" content=\"index, follow, max-snippet:-1, max-image-preview:large, max-video-preview:-1\" \/>\n<link rel=\"canonical\" href=\"https:\/\/www.revistarambla.com\/en\/racismo-en-brasil-contra-de-jovenes-negros\/\" \/>\n<meta property=\"og:locale\" content=\"en_GB\" \/>\n<meta property=\"og:type\" content=\"article\" \/>\n<meta property=\"og:title\" content=\"Racismo en Brasil contra de j\u00f3venes negros - Revista Rambla\" \/>\n<meta property=\"og:description\" content=\"Resucit\u00f3 un racismo en Brasil en forma de jerarquizaci\u00f3n de la sociedad, manteniendo los valores de la \u00abesclavocracia\u00bb.\" \/>\n<meta property=\"og:url\" content=\"https:\/\/www.revistarambla.com\/en\/racismo-en-brasil-contra-de-jovenes-negros\/\" \/>\n<meta property=\"og:site_name\" content=\"Revista Rambla\" \/>\n<meta property=\"article:publisher\" content=\"https:\/\/www.facebook.com\/revistarambla\/\" \/>\n<meta property=\"article:author\" content=\"https:\/\/www.facebook.com\/josemanuelrambla\/\" \/>\n<meta property=\"article:published_time\" content=\"2013-11-12T16:47:33+00:00\" \/>\n<meta property=\"article:modified_time\" content=\"2024-05-12T14:23:42+00:00\" \/>\n<meta property=\"og:image\" content=\"https:\/\/www.revistarambla.com\/wp-content\/uploads\/2013\/11\/brasil_%20rambla_02.jpg\" \/>\n\t<meta property=\"og:image:width\" content=\"700\" \/>\n\t<meta property=\"og:image:height\" content=\"327\" \/>\n\t<meta property=\"og:image:type\" content=\"image\/jpeg\" \/>\n<meta name=\"author\" content=\"Jos\u00e9 Manuel Rambla\" \/>\n<meta name=\"twitter:card\" content=\"summary_large_image\" \/>\n<meta name=\"twitter:creator\" content=\"@jmrambla\" \/>\n<meta name=\"twitter:site\" content=\"@revistarambla\" \/>\n<meta name=\"twitter:label1\" content=\"Written by\" \/>\n\t<meta name=\"twitter:data1\" content=\"Jos\u00e9 Manuel Rambla\" \/>\n\t<meta name=\"twitter:label2\" content=\"Estimated reading time\" \/>\n\t<meta name=\"twitter:data2\" content=\"10 minutes\" \/>\n<script type=\"application\/ld+json\" class=\"yoast-schema-graph\">{\"@context\":\"https:\\\/\\\/schema.org\",\"@graph\":[{\"@type\":\"Article\",\"@id\":\"https:\\\/\\\/www.revistarambla.com\\\/racismo-en-brasil-contra-de-jovenes-negros\\\/#article\",\"isPartOf\":{\"@id\":\"https:\\\/\\\/www.revistarambla.com\\\/racismo-en-brasil-contra-de-jovenes-negros\\\/\"},\"author\":{\"name\":\"Jos\u00e9 Manuel Rambla\",\"@id\":\"https:\\\/\\\/www.revistarambla.com\\\/#\\\/schema\\\/person\\\/f8e404c0293434eaf6a60da08d1123e3\"},\"headline\":\"Racismo en Brasil contra de j\u00f3venes negros\",\"datePublished\":\"2013-11-12T16:47:33+00:00\",\"dateModified\":\"2024-05-12T14:23:42+00:00\",\"mainEntityOfPage\":{\"@id\":\"https:\\\/\\\/www.revistarambla.com\\\/racismo-en-brasil-contra-de-jovenes-negros\\\/\"},\"wordCount\":2080,\"commentCount\":0,\"publisher\":{\"@id\":\"https:\\\/\\\/www.revistarambla.com\\\/#organization\"},\"image\":{\"@id\":\"https:\\\/\\\/www.revistarambla.com\\\/racismo-en-brasil-contra-de-jovenes-negros\\\/#primaryimage\"},\"thumbnailUrl\":\"https:\\\/\\\/www.revistarambla.com\\\/wp-content\\\/uploads\\\/2013\\\/11\\\/brasil_ rambla_02.jpg\",\"articleSection\":[\"Global\"],\"inLanguage\":\"en-GB\",\"potentialAction\":[{\"@type\":\"CommentAction\",\"name\":\"Comment\",\"target\":[\"https:\\\/\\\/www.revistarambla.com\\\/racismo-en-brasil-contra-de-jovenes-negros\\\/#respond\"]}]},{\"@type\":\"WebPage\",\"@id\":\"https:\\\/\\\/www.revistarambla.com\\\/racismo-en-brasil-contra-de-jovenes-negros\\\/\",\"url\":\"https:\\\/\\\/www.revistarambla.com\\\/racismo-en-brasil-contra-de-jovenes-negros\\\/\",\"name\":\"Racismo en Brasil contra de j\u00f3venes negros - Revista Rambla\",\"isPartOf\":{\"@id\":\"https:\\\/\\\/www.revistarambla.com\\\/#website\"},\"primaryImageOfPage\":{\"@id\":\"https:\\\/\\\/www.revistarambla.com\\\/racismo-en-brasil-contra-de-jovenes-negros\\\/#primaryimage\"},\"image\":{\"@id\":\"https:\\\/\\\/www.revistarambla.com\\\/racismo-en-brasil-contra-de-jovenes-negros\\\/#primaryimage\"},\"thumbnailUrl\":\"https:\\\/\\\/www.revistarambla.com\\\/wp-content\\\/uploads\\\/2013\\\/11\\\/brasil_ rambla_02.jpg\",\"datePublished\":\"2013-11-12T16:47:33+00:00\",\"dateModified\":\"2024-05-12T14:23:42+00:00\",\"description\":\"Resucit\u00f3 un racismo en Brasil en forma de jerarquizaci\u00f3n de la sociedad, manteniendo los valores de la \u00abesclavocracia\u00bb.\",\"breadcrumb\":{\"@id\":\"https:\\\/\\\/www.revistarambla.com\\\/racismo-en-brasil-contra-de-jovenes-negros\\\/#breadcrumb\"},\"inLanguage\":\"en-GB\",\"potentialAction\":[{\"@type\":\"ReadAction\",\"target\":[\"https:\\\/\\\/www.revistarambla.com\\\/racismo-en-brasil-contra-de-jovenes-negros\\\/\"]}]},{\"@type\":\"ImageObject\",\"inLanguage\":\"en-GB\",\"@id\":\"https:\\\/\\\/www.revistarambla.com\\\/racismo-en-brasil-contra-de-jovenes-negros\\\/#primaryimage\",\"url\":\"https:\\\/\\\/www.revistarambla.com\\\/wp-content\\\/uploads\\\/2013\\\/11\\\/brasil_ rambla_02.jpg\",\"contentUrl\":\"https:\\\/\\\/www.revistarambla.com\\\/wp-content\\\/uploads\\\/2013\\\/11\\\/brasil_ rambla_02.jpg\",\"width\":700,\"height\":327,\"caption\":\"RACISMO EN BRASIL\"},{\"@type\":\"BreadcrumbList\",\"@id\":\"https:\\\/\\\/www.revistarambla.com\\\/racismo-en-brasil-contra-de-jovenes-negros\\\/#breadcrumb\",\"itemListElement\":[{\"@type\":\"ListItem\",\"position\":1,\"name\":\"Portada\",\"item\":\"https:\\\/\\\/www.revistarambla.com\\\/\"},{\"@type\":\"ListItem\",\"position\":2,\"name\":\"Racismo en Brasil contra de j\u00f3venes negros\"}]},{\"@type\":\"WebSite\",\"@id\":\"https:\\\/\\\/www.revistarambla.com\\\/#website\",\"url\":\"https:\\\/\\\/www.revistarambla.com\\\/\",\"name\":\"Revista Rambla Barcelona\",\"description\":\"Periodismo independiente\",\"publisher\":{\"@id\":\"https:\\\/\\\/www.revistarambla.com\\\/#organization\"},\"potentialAction\":[{\"@type\":\"SearchAction\",\"target\":{\"@type\":\"EntryPoint\",\"urlTemplate\":\"https:\\\/\\\/www.revistarambla.com\\\/?s={search_term_string}\"},\"query-input\":{\"@type\":\"PropertyValueSpecification\",\"valueRequired\":true,\"valueName\":\"search_term_string\"}}],\"inLanguage\":\"en-GB\"},{\"@type\":\"Organization\",\"@id\":\"https:\\\/\\\/www.revistarambla.com\\\/#organization\",\"name\":\"Revista Rambla\",\"url\":\"https:\\\/\\\/www.revistarambla.com\\\/\",\"logo\":{\"@type\":\"ImageObject\",\"inLanguage\":\"en-GB\",\"@id\":\"https:\\\/\\\/www.revistarambla.com\\\/#\\\/schema\\\/logo\\\/image\\\/\",\"url\":\"https:\\\/\\\/www.revistarambla.com\\\/wp-content\\\/uploads\\\/2020\\\/09\\\/banner_rambla_1900x600_BB.png\",\"contentUrl\":\"https:\\\/\\\/www.revistarambla.com\\\/wp-content\\\/uploads\\\/2020\\\/09\\\/banner_rambla_1900x600_BB.png\",\"width\":1900,\"height\":600,\"caption\":\"Revista Rambla\"},\"image\":{\"@id\":\"https:\\\/\\\/www.revistarambla.com\\\/#\\\/schema\\\/logo\\\/image\\\/\"},\"sameAs\":[\"https:\\\/\\\/www.facebook.com\\\/revistarambla\\\/\",\"https:\\\/\\\/x.com\\\/revistarambla\",\"https:\\\/\\\/www.instagram.com\\\/revista_rambla\",\"https:\\\/\\\/es.linkedin.com\\\/company\\\/revista-rambla\"]},{\"@type\":\"Person\",\"@id\":\"https:\\\/\\\/www.revistarambla.com\\\/#\\\/schema\\\/person\\\/f8e404c0293434eaf6a60da08d1123e3\",\"name\":\"Jos\u00e9 Manuel Rambla\",\"description\":\"Periodista cultural y columnista.\",\"sameAs\":[\"https:\\\/\\\/aesteladodelparaiso.com\\\/\",\"https:\\\/\\\/www.facebook.com\\\/josemanuelrambla\\\/\",\"https:\\\/\\\/x.com\\\/jmrambla\"]}]}<\/script>\n<!-- \/ Yoast SEO plugin. -->","yoast_head_json":{"title":"Racismo en Brasil contra de j\u00f3venes negros - Revista Rambla","description":"Resucit\u00f3 un racismo en Brasil en forma de jerarquizaci\u00f3n de la sociedad, manteniendo los valores de la \u00abesclavocracia\u00bb.","robots":{"index":"index","follow":"follow","max-snippet":"max-snippet:-1","max-image-preview":"max-image-preview:large","max-video-preview":"max-video-preview:-1"},"canonical":"https:\/\/www.revistarambla.com\/en\/racismo-en-brasil-contra-de-jovenes-negros\/","og_locale":"en_GB","og_type":"article","og_title":"Racismo en Brasil contra de j\u00f3venes negros - Revista Rambla","og_description":"Resucit\u00f3 un racismo en Brasil en forma de jerarquizaci\u00f3n de la sociedad, manteniendo los valores de la \u00abesclavocracia\u00bb.","og_url":"https:\/\/www.revistarambla.com\/en\/racismo-en-brasil-contra-de-jovenes-negros\/","og_site_name":"Revista Rambla","article_publisher":"https:\/\/www.facebook.com\/revistarambla\/","article_author":"https:\/\/www.facebook.com\/josemanuelrambla\/","article_published_time":"2013-11-12T16:47:33+00:00","article_modified_time":"2024-05-12T14:23:42+00:00","og_image":[{"width":700,"height":327,"url":"https:\/\/www.revistarambla.com\/wp-content\/uploads\/2013\/11\/brasil_ rambla_02.jpg","type":"image\/jpeg"}],"author":"Jos\u00e9 Manuel Rambla","twitter_card":"summary_large_image","twitter_creator":"@jmrambla","twitter_site":"@revistarambla","twitter_misc":{"Written by":"Jos\u00e9 Manuel Rambla","Estimated reading time":"10 minutes"},"schema":{"@context":"https:\/\/schema.org","@graph":[{"@type":"Article","@id":"https:\/\/www.revistarambla.com\/racismo-en-brasil-contra-de-jovenes-negros\/#article","isPartOf":{"@id":"https:\/\/www.revistarambla.com\/racismo-en-brasil-contra-de-jovenes-negros\/"},"author":{"name":"Jos\u00e9 Manuel Rambla","@id":"https:\/\/www.revistarambla.com\/#\/schema\/person\/f8e404c0293434eaf6a60da08d1123e3"},"headline":"Racismo en Brasil contra de j\u00f3venes negros","datePublished":"2013-11-12T16:47:33+00:00","dateModified":"2024-05-12T14:23:42+00:00","mainEntityOfPage":{"@id":"https:\/\/www.revistarambla.com\/racismo-en-brasil-contra-de-jovenes-negros\/"},"wordCount":2080,"commentCount":0,"publisher":{"@id":"https:\/\/www.revistarambla.com\/#organization"},"image":{"@id":"https:\/\/www.revistarambla.com\/racismo-en-brasil-contra-de-jovenes-negros\/#primaryimage"},"thumbnailUrl":"https:\/\/www.revistarambla.com\/wp-content\/uploads\/2013\/11\/brasil_ rambla_02.jpg","articleSection":["Global"],"inLanguage":"en-GB","potentialAction":[{"@type":"CommentAction","name":"Comment","target":["https:\/\/www.revistarambla.com\/racismo-en-brasil-contra-de-jovenes-negros\/#respond"]}]},{"@type":"WebPage","@id":"https:\/\/www.revistarambla.com\/racismo-en-brasil-contra-de-jovenes-negros\/","url":"https:\/\/www.revistarambla.com\/racismo-en-brasil-contra-de-jovenes-negros\/","name":"Racismo en Brasil contra de j\u00f3venes negros - Revista Rambla","isPartOf":{"@id":"https:\/\/www.revistarambla.com\/#website"},"primaryImageOfPage":{"@id":"https:\/\/www.revistarambla.com\/racismo-en-brasil-contra-de-jovenes-negros\/#primaryimage"},"image":{"@id":"https:\/\/www.revistarambla.com\/racismo-en-brasil-contra-de-jovenes-negros\/#primaryimage"},"thumbnailUrl":"https:\/\/www.revistarambla.com\/wp-content\/uploads\/2013\/11\/brasil_ rambla_02.jpg","datePublished":"2013-11-12T16:47:33+00:00","dateModified":"2024-05-12T14:23:42+00:00","description":"Resucit\u00f3 un racismo en Brasil en forma de jerarquizaci\u00f3n de la sociedad, manteniendo los valores de la \u00abesclavocracia\u00bb.","breadcrumb":{"@id":"https:\/\/www.revistarambla.com\/racismo-en-brasil-contra-de-jovenes-negros\/#breadcrumb"},"inLanguage":"en-GB","potentialAction":[{"@type":"ReadAction","target":["https:\/\/www.revistarambla.com\/racismo-en-brasil-contra-de-jovenes-negros\/"]}]},{"@type":"ImageObject","inLanguage":"en-GB","@id":"https:\/\/www.revistarambla.com\/racismo-en-brasil-contra-de-jovenes-negros\/#primaryimage","url":"https:\/\/www.revistarambla.com\/wp-content\/uploads\/2013\/11\/brasil_ rambla_02.jpg","contentUrl":"https:\/\/www.revistarambla.com\/wp-content\/uploads\/2013\/11\/brasil_ rambla_02.jpg","width":700,"height":327,"caption":"RACISMO EN BRASIL"},{"@type":"BreadcrumbList","@id":"https:\/\/www.revistarambla.com\/racismo-en-brasil-contra-de-jovenes-negros\/#breadcrumb","itemListElement":[{"@type":"ListItem","position":1,"name":"Portada","item":"https:\/\/www.revistarambla.com\/"},{"@type":"ListItem","position":2,"name":"Racismo en Brasil contra de j\u00f3venes negros"}]},{"@type":"WebSite","@id":"https:\/\/www.revistarambla.com\/#website","url":"https:\/\/www.revistarambla.com\/","name":"Revista Rambla Barcelona","description":"Periodismo independiente","publisher":{"@id":"https:\/\/www.revistarambla.com\/#organization"},"potentialAction":[{"@type":"SearchAction","target":{"@type":"EntryPoint","urlTemplate":"https:\/\/www.revistarambla.com\/?s={search_term_string}"},"query-input":{"@type":"PropertyValueSpecification","valueRequired":true,"valueName":"search_term_string"}}],"inLanguage":"en-GB"},{"@type":"Organization","@id":"https:\/\/www.revistarambla.com\/#organization","name":"Revista Rambla","url":"https:\/\/www.revistarambla.com\/","logo":{"@type":"ImageObject","inLanguage":"en-GB","@id":"https:\/\/www.revistarambla.com\/#\/schema\/logo\/image\/","url":"https:\/\/www.revistarambla.com\/wp-content\/uploads\/2020\/09\/banner_rambla_1900x600_BB.png","contentUrl":"https:\/\/www.revistarambla.com\/wp-content\/uploads\/2020\/09\/banner_rambla_1900x600_BB.png","width":1900,"height":600,"caption":"Revista Rambla"},"image":{"@id":"https:\/\/www.revistarambla.com\/#\/schema\/logo\/image\/"},"sameAs":["https:\/\/www.facebook.com\/revistarambla\/","https:\/\/x.com\/revistarambla","https:\/\/www.instagram.com\/revista_rambla","https:\/\/es.linkedin.com\/company\/revista-rambla"]},{"@type":"Person","@id":"https:\/\/www.revistarambla.com\/#\/schema\/person\/f8e404c0293434eaf6a60da08d1123e3","name":"Jos\u00e9 Manuel Rambla","description":"Periodista cultural y columnista.","sameAs":["https:\/\/aesteladodelparaiso.com\/","https:\/\/www.facebook.com\/josemanuelrambla\/","https:\/\/x.com\/jmrambla"]}]}},"_links":{"self":[{"href":"https:\/\/www.revistarambla.com\/en\/wp-json\/wp\/v2\/posts\/4233","targetHints":{"allow":["GET"]}}],"collection":[{"href":"https:\/\/www.revistarambla.com\/en\/wp-json\/wp\/v2\/posts"}],"about":[{"href":"https:\/\/www.revistarambla.com\/en\/wp-json\/wp\/v2\/types\/post"}],"author":[{"embeddable":true,"href":"https:\/\/www.revistarambla.com\/en\/wp-json\/wp\/v2\/users\/325"}],"replies":[{"embeddable":true,"href":"https:\/\/www.revistarambla.com\/en\/wp-json\/wp\/v2\/comments?post=4233"}],"version-history":[{"count":2,"href":"https:\/\/www.revistarambla.com\/en\/wp-json\/wp\/v2\/posts\/4233\/revisions"}],"predecessor-version":[{"id":60213,"href":"https:\/\/www.revistarambla.com\/en\/wp-json\/wp\/v2\/posts\/4233\/revisions\/60213"}],"wp:featuredmedia":[{"embeddable":true,"href":"https:\/\/www.revistarambla.com\/en\/wp-json\/wp\/v2\/media\/4232"}],"wp:attachment":[{"href":"https:\/\/www.revistarambla.com\/en\/wp-json\/wp\/v2\/media?parent=4233"}],"wp:term":[{"taxonomy":"category","embeddable":true,"href":"https:\/\/www.revistarambla.com\/en\/wp-json\/wp\/v2\/categories?post=4233"},{"taxonomy":"post_tag","embeddable":true,"href":"https:\/\/www.revistarambla.com\/en\/wp-json\/wp\/v2\/tags?post=4233"}],"curies":[{"name":"wp","href":"https:\/\/api.w.org\/{rel}","templated":true}]}}