{"id":42328,"date":"2022-05-20T14:16:49","date_gmt":"2022-05-20T12:16:49","guid":{"rendered":"https:\/\/www.revistarambla.com\/?p=42328"},"modified":"2022-05-20T14:16:49","modified_gmt":"2022-05-20T12:16:49","slug":"como-prevenir-los-problemas-auditivos","status":"publish","type":"post","link":"https:\/\/www.revistarambla.com\/en\/como-prevenir-los-problemas-auditivos\/","title":{"rendered":"\u00bfC\u00f3mo Prevenir los Problemas Auditivos?"},"content":{"rendered":"<p style=\"text-align: left;\" align=\"JUSTIFY\">La p\u00e9rdida de audici\u00f3n es, en la mayor\u00eda de los casos, prevenible. Las causas m\u00e1s comunes de p\u00e9rdida de audici\u00f3n est\u00e1n relacionadas con la edad, seguidas de la exposici\u00f3n excesiva a sonidos fuertes.<\/p>\n<p style=\"text-align: left;\" align=\"JUSTIFY\">Si bien el campo de la audiolog\u00eda ha logrado avances impresionantes en la tecnolog\u00eda de aud\u00edfonos y en el reconocimiento de signos de p\u00e9rdida auditiva, tambi\u00e9n existen pasos sencillos para el cuidado de la audici\u00f3n que puedes tomar por tu cuenta y que pueden ayudar a promover una audici\u00f3n saludable.<\/p>\n<p style=\"text-align: left;\" align=\"JUSTIFY\"><a href=\"https:\/\/www.madridactual.es\/7798808-como-recuperar-audicion-frente-a-la-sordera\">Este art\u00edculo sobre la p\u00e9rdida de audici\u00f3n<\/a> consta de informaci\u00f3n para que aprendas sobre la audici\u00f3n en general y c\u00f3mo tratar la sordera, una condici\u00f3n que se ha vuelto bastante usual. As\u00ed que, es importante mantenerse informado al respecto.<\/p>\n<h2 style=\"text-align: left;\" align=\"JUSTIFY\">Tipos de p\u00e9rdida de audici\u00f3n<\/h2>\n<p style=\"text-align: left;\" align=\"JUSTIFY\">En total existen tres tipos de p\u00e9rdida auditiva que pueden presentarse en las personas, los cuales se explican a continuaci\u00f3n:<\/p>\n<ul style=\"text-align: left;\">\n<li>\n<p align=\"JUSTIFY\"><strong>Auditiva<\/strong>: La p\u00e9rdida auditiva conductiva ocurre cuando los sonidos no pueden atravesar el o\u00eddo externo y medio.<\/p>\n<\/li>\n<li>\n<p align=\"JUSTIFY\"><strong>Neurosensorial<\/strong>: La p\u00e9rdida auditiva neurosensorial ocurre con da\u00f1o en el o\u00eddo interno o problemas con los nervios que van desde el o\u00eddo interno hasta el cerebro.<\/p>\n<\/li>\n<li>\n<p align=\"JUSTIFY\"><strong>Mixta<\/strong>: La p\u00e9rdida auditiva mixta es una combinaci\u00f3n de p\u00e9rdida auditiva conductiva y p\u00e9rdida auditiva neurosensorial.<\/p>\n<\/li>\n<\/ul>\n<h3 style=\"text-align: left;\" align=\"JUSTIFY\">Efectos de la p\u00e9rdida de la audici\u00f3n<\/h3>\n<p style=\"text-align: left;\" align=\"JUSTIFY\">La p\u00e9rdida auditiva no tratada puede tener un impacto sorprendente en tu salud en general, de hecho <a href=\"https:\/\/www.elheraldodelhenares.com\/soc\/cuales-son-los-problemas-de-oido-mas-comunes\/\">puede ver en este art\u00edculo los problemas de o\u00eddo m\u00e1s comunes,<\/a> adem\u00e1s de que hay que tener en cuenta que la p\u00e9rdida de audici\u00f3n no solo puede hacer que las personas se a\u00edslen socialmente, lo que genera complicaciones como la soledad y la depresi\u00f3n1, sino que tambi\u00e9n puede provocar s\u00edntomas f\u00edsicos como tensi\u00f3n muscular, dolores de cabeza, tinnitus cr\u00f3nico o zumbidos en los o\u00eddos.<\/p>\n<p style=\"text-align: left;\" align=\"JUSTIFY\">Si sospechas que t\u00fa o un ser querido pueden tener p\u00e9rdida auditiva, es importante que consultes a un m\u00e9dico para que realice una prueba de audici\u00f3n para evaluar el problema antes de que empeore o provoque otras complicaciones.<\/p>\n<h2 style=\"text-align: left;\" align=\"JUSTIFY\">Maneras de prevenir la p\u00e9rdida de la audici\u00f3n<\/h2>\n<p style=\"text-align: left;\" align=\"JUSTIFY\">La audici\u00f3n es uno de los sentidos m\u00e1s elementales de todo ser humano y afortunadamente en ocasiones es posible prevenir la p\u00e9rdida de la audici\u00f3n. Aqu\u00ed encontrar\u00e1s algunas maneras de cuidar este preciado sentido:<\/p>\n<ul style=\"text-align: left;\">\n<li>\n<p style=\"text-align: left;\" align=\"JUSTIFY\"><strong>Evita los ruidos fuertes<\/strong>: Baja el volumen de tus dispositivos y usa tapones para los o\u00eddos cuando tengas que estar en un entorno ruidoso. El ruido excesivo es una de las causas m\u00e1s comunes de p\u00e9rdida auditiva, pero la buena noticia es que tambi\u00e9n es la m\u00e1s prevenible.<\/p>\n<\/li>\n<\/ul>\n<ul style=\"text-align: left;\">\n<li>\n<p style=\"text-align: left;\" align=\"JUSTIFY\"><strong>S\u00e9 precavido con los medicamentos<\/strong>: Algunos medicamentos recetados pueden tener efectos secundarios relacionados con la p\u00e9rdida de la audici\u00f3n, as\u00ed que aseg\u00farate de analizar los posibles efectos con tu m\u00e9dico antes de comenzar a tomar un nuevo medicamento o suplemento.<\/p>\n<\/li>\n<\/ul>\n<ul style=\"text-align: left;\">\n<li>\n<p style=\"text-align: left;\" align=\"JUSTIFY\"><strong>Mant\u00e9n tus o\u00eddos secos<\/strong>: El exceso de humedad puede provocar infecciones de o\u00eddo y acumulaci\u00f3n de cera, lo que puede causar problemas de audici\u00f3n. Seca suavemente tus o\u00eddos con una toalla despu\u00e9s de nadar o ba\u00f1arte para evitar que el exceso de agua entre en el canal auditivo.<\/p>\n<\/li>\n<\/ul>\n<ul style=\"text-align: left;\">\n<li>\n<p style=\"text-align: left;\" align=\"JUSTIFY\"><strong>Evita los bastoncillos de algod\u00f3n y objetos peque\u00f1os<\/strong>: Nunca coloques ning\u00fan objeto dentro de tu canal auditivo, incluidos los bastoncillos de algod\u00f3n. Si lo haces, corres el riesgo de da\u00f1ar tu t\u00edmpano, lo que puede causar dolor y p\u00e9rdida de audici\u00f3n.<\/p>\n<\/li>\n<\/ul>\n<ul style=\"text-align: left;\">\n<li>\n<p style=\"text-align: left;\" align=\"JUSTIFY\"><a name=\"Bookmark\"><\/a> <strong>Protege tus o\u00eddos<\/strong>: Mant\u00e9n tus o\u00eddos cubiertos durante el clima extremadamente fr\u00edo usando un sombrero u orejeras. Y no olvides usar protecci\u00f3n para los o\u00eddos, como tapones para los o\u00eddos o auriculares con cancelaci\u00f3n de ruido, cada vez que te encuentres en un \u00e1rea con mucho ruido.<\/p>\n<\/li>\n<\/ul>\n<ul>\n<li>\n<p style=\"text-align: left;\" align=\"JUSTIFY\"><strong>Asiste al m\u00e9dico regularmente<\/strong>: Los chequeos regulares con tu m\u00e9dico son un aspecto importante para mantener tu salud general y pueden detectar problemas potenciales a tiempo. Otras condiciones de salud, como presi\u00f3n arterial alta o diabetes, tambi\u00e9n pueden ponerte en riesgo de perder la audici\u00f3n.<\/p>\n<\/li>\n<\/ul>","protected":false},"excerpt":{"rendered":"<p>La p\u00e9rdida de audici\u00f3n es, en la mayor\u00eda de los casos, prevenible. Las causas m\u00e1s comunes de p\u00e9rdida de audici\u00f3n est\u00e1n relacionadas con la edad, seguidas de la exposici\u00f3n excesiva a sonidos fuertes. Si bien el campo de la audiolog\u00eda ha logrado avances impresionantes en la tecnolog\u00eda de aud\u00edfonos y [&hellip;]<\/p>\n","protected":false},"author":3,"featured_media":42329,"comment_status":"closed","ping_status":"open","sticky":false,"template":"","format":"standard","meta":{"footnotes":""},"categories":[350],"tags":[],"class_list":["post-42328","post","type-post","status-publish","format-standard","has-post-thumbnail","hentry","category-miscelanea"],"yoast_head":"<!-- This site is optimized with the Yoast SEO plugin v27.5 - https:\/\/yoast.com\/product\/yoast-seo-wordpress\/ -->\n<title>\u00bfC\u00f3mo Prevenir los Problemas Auditivos? - Revista Rambla<\/title>\n<meta name=\"robots\" content=\"index, follow, max-snippet:-1, max-image-preview:large, max-video-preview:-1\" \/>\n<link rel=\"canonical\" href=\"https:\/\/www.revistarambla.com\/en\/como-prevenir-los-problemas-auditivos\/\" \/>\n<meta property=\"og:locale\" content=\"en_GB\" \/>\n<meta property=\"og:type\" content=\"article\" \/>\n<meta property=\"og:title\" content=\"\u00bfC\u00f3mo Prevenir los Problemas Auditivos? - Revista Rambla\" \/>\n<meta property=\"og:description\" content=\"La p\u00e9rdida de audici\u00f3n es, en la mayor\u00eda de los casos, prevenible. Las causas m\u00e1s comunes de p\u00e9rdida de audici\u00f3n est\u00e1n relacionadas con la edad, seguidas de la exposici\u00f3n excesiva a sonidos fuertes. Si bien el campo de la audiolog\u00eda ha logrado avances impresionantes en la tecnolog\u00eda de aud\u00edfonos y [&hellip;]\" \/>\n<meta property=\"og:url\" content=\"https:\/\/www.revistarambla.com\/en\/como-prevenir-los-problemas-auditivos\/\" \/>\n<meta property=\"og:site_name\" content=\"Revista Rambla\" \/>\n<meta property=\"article:publisher\" content=\"https:\/\/www.facebook.com\/revistarambla\/\" \/>\n<meta property=\"article:author\" content=\"https:\/\/www.facebook.com\/revistarambla\" \/>\n<meta property=\"article:published_time\" content=\"2022-05-20T12:16:49+00:00\" \/>\n<meta property=\"og:image\" content=\"https:\/\/www.revistarambla.com\/wp-content\/uploads\/2022\/05\/4395.png\" \/>\n\t<meta property=\"og:image:width\" content=\"800\" \/>\n\t<meta property=\"og:image:height\" content=\"500\" \/>\n\t<meta property=\"og:image:type\" content=\"image\/png\" \/>\n<meta name=\"author\" content=\"R@mbla\" \/>\n<meta name=\"twitter:card\" content=\"summary_large_image\" \/>\n<meta name=\"twitter:creator\" content=\"@revistarambla\" \/>\n<meta name=\"twitter:site\" content=\"@revistarambla\" \/>\n<meta name=\"twitter:label1\" content=\"Written by\" \/>\n\t<meta name=\"twitter:data1\" content=\"R@mbla\" \/>\n\t<meta name=\"twitter:label2\" content=\"Estimated reading time\" \/>\n\t<meta name=\"twitter:data2\" content=\"3 minutes\" \/>\n<script type=\"application\/ld+json\" class=\"yoast-schema-graph\">{\"@context\":\"https:\\\/\\\/schema.org\",\"@graph\":[{\"@type\":\"Article\",\"@id\":\"https:\\\/\\\/www.revistarambla.com\\\/como-prevenir-los-problemas-auditivos\\\/#article\",\"isPartOf\":{\"@id\":\"https:\\\/\\\/www.revistarambla.com\\\/como-prevenir-los-problemas-auditivos\\\/\"},\"author\":{\"name\":\"R@mbla\",\"@id\":\"https:\\\/\\\/www.revistarambla.com\\\/#\\\/schema\\\/person\\\/a146a5a2550b94981a75131180e1bd9c\"},\"headline\":\"\u00bfC\u00f3mo Prevenir los Problemas Auditivos?\",\"datePublished\":\"2022-05-20T12:16:49+00:00\",\"mainEntityOfPage\":{\"@id\":\"https:\\\/\\\/www.revistarambla.com\\\/como-prevenir-los-problemas-auditivos\\\/\"},\"wordCount\":750,\"publisher\":{\"@id\":\"https:\\\/\\\/www.revistarambla.com\\\/#organization\"},\"image\":{\"@id\":\"https:\\\/\\\/www.revistarambla.com\\\/como-prevenir-los-problemas-auditivos\\\/#primaryimage\"},\"thumbnailUrl\":\"https:\\\/\\\/www.revistarambla.com\\\/wp-content\\\/uploads\\\/2022\\\/05\\\/4395.png\",\"articleSection\":[\"Noticias de la vida\"],\"inLanguage\":\"en-GB\"},{\"@type\":\"WebPage\",\"@id\":\"https:\\\/\\\/www.revistarambla.com\\\/como-prevenir-los-problemas-auditivos\\\/\",\"url\":\"https:\\\/\\\/www.revistarambla.com\\\/como-prevenir-los-problemas-auditivos\\\/\",\"name\":\"\u00bfC\u00f3mo Prevenir los Problemas Auditivos? - Revista Rambla\",\"isPartOf\":{\"@id\":\"https:\\\/\\\/www.revistarambla.com\\\/#website\"},\"primaryImageOfPage\":{\"@id\":\"https:\\\/\\\/www.revistarambla.com\\\/como-prevenir-los-problemas-auditivos\\\/#primaryimage\"},\"image\":{\"@id\":\"https:\\\/\\\/www.revistarambla.com\\\/como-prevenir-los-problemas-auditivos\\\/#primaryimage\"},\"thumbnailUrl\":\"https:\\\/\\\/www.revistarambla.com\\\/wp-content\\\/uploads\\\/2022\\\/05\\\/4395.png\",\"datePublished\":\"2022-05-20T12:16:49+00:00\",\"breadcrumb\":{\"@id\":\"https:\\\/\\\/www.revistarambla.com\\\/como-prevenir-los-problemas-auditivos\\\/#breadcrumb\"},\"inLanguage\":\"en-GB\",\"potentialAction\":[{\"@type\":\"ReadAction\",\"target\":[\"https:\\\/\\\/www.revistarambla.com\\\/como-prevenir-los-problemas-auditivos\\\/\"]}]},{\"@type\":\"ImageObject\",\"inLanguage\":\"en-GB\",\"@id\":\"https:\\\/\\\/www.revistarambla.com\\\/como-prevenir-los-problemas-auditivos\\\/#primaryimage\",\"url\":\"https:\\\/\\\/www.revistarambla.com\\\/wp-content\\\/uploads\\\/2022\\\/05\\\/4395.png\",\"contentUrl\":\"https:\\\/\\\/www.revistarambla.com\\\/wp-content\\\/uploads\\\/2022\\\/05\\\/4395.png\",\"width\":800,\"height\":500,\"caption\":\"problemas auditivos\"},{\"@type\":\"BreadcrumbList\",\"@id\":\"https:\\\/\\\/www.revistarambla.com\\\/como-prevenir-los-problemas-auditivos\\\/#breadcrumb\",\"itemListElement\":[{\"@type\":\"ListItem\",\"position\":1,\"name\":\"Portada\",\"item\":\"https:\\\/\\\/www.revistarambla.com\\\/\"},{\"@type\":\"ListItem\",\"position\":2,\"name\":\"\u00bfC\u00f3mo Prevenir los Problemas Auditivos?\"}]},{\"@type\":\"WebSite\",\"@id\":\"https:\\\/\\\/www.revistarambla.com\\\/#website\",\"url\":\"https:\\\/\\\/www.revistarambla.com\\\/\",\"name\":\"Revista Rambla Barcelona\",\"description\":\"Periodismo independiente\",\"publisher\":{\"@id\":\"https:\\\/\\\/www.revistarambla.com\\\/#organization\"},\"potentialAction\":[{\"@type\":\"SearchAction\",\"target\":{\"@type\":\"EntryPoint\",\"urlTemplate\":\"https:\\\/\\\/www.revistarambla.com\\\/?s={search_term_string}\"},\"query-input\":{\"@type\":\"PropertyValueSpecification\",\"valueRequired\":true,\"valueName\":\"search_term_string\"}}],\"inLanguage\":\"en-GB\"},{\"@type\":\"Organization\",\"@id\":\"https:\\\/\\\/www.revistarambla.com\\\/#organization\",\"name\":\"Revista Rambla\",\"url\":\"https:\\\/\\\/www.revistarambla.com\\\/\",\"logo\":{\"@type\":\"ImageObject\",\"inLanguage\":\"en-GB\",\"@id\":\"https:\\\/\\\/www.revistarambla.com\\\/#\\\/schema\\\/logo\\\/image\\\/\",\"url\":\"https:\\\/\\\/www.revistarambla.com\\\/wp-content\\\/uploads\\\/2020\\\/09\\\/banner_rambla_1900x600_BB.png\",\"contentUrl\":\"https:\\\/\\\/www.revistarambla.com\\\/wp-content\\\/uploads\\\/2020\\\/09\\\/banner_rambla_1900x600_BB.png\",\"width\":1900,\"height\":600,\"caption\":\"Revista Rambla\"},\"image\":{\"@id\":\"https:\\\/\\\/www.revistarambla.com\\\/#\\\/schema\\\/logo\\\/image\\\/\"},\"sameAs\":[\"https:\\\/\\\/www.facebook.com\\\/revistarambla\\\/\",\"https:\\\/\\\/x.com\\\/revistarambla\",\"https:\\\/\\\/www.instagram.com\\\/revista_rambla\",\"https:\\\/\\\/es.linkedin.com\\\/company\\\/revista-rambla\"]},{\"@type\":\"Person\",\"@id\":\"https:\\\/\\\/www.revistarambla.com\\\/#\\\/schema\\\/person\\\/a146a5a2550b94981a75131180e1bd9c\",\"name\":\"R@mbla\",\"description\":\"Este art\u00edculo ha sido redactado y\\\/o validado por el equipo de redacci\u00f3n de Revista Rambla.\",\"sameAs\":[\"https:\\\/\\\/www.revistarambla.com\\\/\",\"https:\\\/\\\/www.facebook.com\\\/revistarambla\",\"https:\\\/\\\/x.com\\\/revistarambla\"]}]}<\/script>\n<!-- \/ Yoast SEO plugin. -->","yoast_head_json":{"title":"\u00bfC\u00f3mo Prevenir los Problemas Auditivos? - Revista Rambla","robots":{"index":"index","follow":"follow","max-snippet":"max-snippet:-1","max-image-preview":"max-image-preview:large","max-video-preview":"max-video-preview:-1"},"canonical":"https:\/\/www.revistarambla.com\/en\/como-prevenir-los-problemas-auditivos\/","og_locale":"en_GB","og_type":"article","og_title":"\u00bfC\u00f3mo Prevenir los Problemas Auditivos? - Revista Rambla","og_description":"La p\u00e9rdida de audici\u00f3n es, en la mayor\u00eda de los casos, prevenible. Las causas m\u00e1s comunes de p\u00e9rdida de audici\u00f3n est\u00e1n relacionadas con la edad, seguidas de la exposici\u00f3n excesiva a sonidos fuertes. Si bien el campo de la audiolog\u00eda ha logrado avances impresionantes en la tecnolog\u00eda de aud\u00edfonos y [&hellip;]","og_url":"https:\/\/www.revistarambla.com\/en\/como-prevenir-los-problemas-auditivos\/","og_site_name":"Revista Rambla","article_publisher":"https:\/\/www.facebook.com\/revistarambla\/","article_author":"https:\/\/www.facebook.com\/revistarambla","article_published_time":"2022-05-20T12:16:49+00:00","og_image":[{"width":800,"height":500,"url":"https:\/\/www.revistarambla.com\/wp-content\/uploads\/2022\/05\/4395.png","type":"image\/png"}],"author":"R@mbla","twitter_card":"summary_large_image","twitter_creator":"@revistarambla","twitter_site":"@revistarambla","twitter_misc":{"Written by":"R@mbla","Estimated reading time":"3 minutes"},"schema":{"@context":"https:\/\/schema.org","@graph":[{"@type":"Article","@id":"https:\/\/www.revistarambla.com\/como-prevenir-los-problemas-auditivos\/#article","isPartOf":{"@id":"https:\/\/www.revistarambla.com\/como-prevenir-los-problemas-auditivos\/"},"author":{"name":"R@mbla","@id":"https:\/\/www.revistarambla.com\/#\/schema\/person\/a146a5a2550b94981a75131180e1bd9c"},"headline":"\u00bfC\u00f3mo Prevenir los Problemas Auditivos?","datePublished":"2022-05-20T12:16:49+00:00","mainEntityOfPage":{"@id":"https:\/\/www.revistarambla.com\/como-prevenir-los-problemas-auditivos\/"},"wordCount":750,"publisher":{"@id":"https:\/\/www.revistarambla.com\/#organization"},"image":{"@id":"https:\/\/www.revistarambla.com\/como-prevenir-los-problemas-auditivos\/#primaryimage"},"thumbnailUrl":"https:\/\/www.revistarambla.com\/wp-content\/uploads\/2022\/05\/4395.png","articleSection":["Noticias de la vida"],"inLanguage":"en-GB"},{"@type":"WebPage","@id":"https:\/\/www.revistarambla.com\/como-prevenir-los-problemas-auditivos\/","url":"https:\/\/www.revistarambla.com\/como-prevenir-los-problemas-auditivos\/","name":"\u00bfC\u00f3mo Prevenir los Problemas Auditivos? - Revista Rambla","isPartOf":{"@id":"https:\/\/www.revistarambla.com\/#website"},"primaryImageOfPage":{"@id":"https:\/\/www.revistarambla.com\/como-prevenir-los-problemas-auditivos\/#primaryimage"},"image":{"@id":"https:\/\/www.revistarambla.com\/como-prevenir-los-problemas-auditivos\/#primaryimage"},"thumbnailUrl":"https:\/\/www.revistarambla.com\/wp-content\/uploads\/2022\/05\/4395.png","datePublished":"2022-05-20T12:16:49+00:00","breadcrumb":{"@id":"https:\/\/www.revistarambla.com\/como-prevenir-los-problemas-auditivos\/#breadcrumb"},"inLanguage":"en-GB","potentialAction":[{"@type":"ReadAction","target":["https:\/\/www.revistarambla.com\/como-prevenir-los-problemas-auditivos\/"]}]},{"@type":"ImageObject","inLanguage":"en-GB","@id":"https:\/\/www.revistarambla.com\/como-prevenir-los-problemas-auditivos\/#primaryimage","url":"https:\/\/www.revistarambla.com\/wp-content\/uploads\/2022\/05\/4395.png","contentUrl":"https:\/\/www.revistarambla.com\/wp-content\/uploads\/2022\/05\/4395.png","width":800,"height":500,"caption":"problemas auditivos"},{"@type":"BreadcrumbList","@id":"https:\/\/www.revistarambla.com\/como-prevenir-los-problemas-auditivos\/#breadcrumb","itemListElement":[{"@type":"ListItem","position":1,"name":"Portada","item":"https:\/\/www.revistarambla.com\/"},{"@type":"ListItem","position":2,"name":"\u00bfC\u00f3mo Prevenir los Problemas Auditivos?"}]},{"@type":"WebSite","@id":"https:\/\/www.revistarambla.com\/#website","url":"https:\/\/www.revistarambla.com\/","name":"Revista Rambla Barcelona","description":"Periodismo independiente","publisher":{"@id":"https:\/\/www.revistarambla.com\/#organization"},"potentialAction":[{"@type":"SearchAction","target":{"@type":"EntryPoint","urlTemplate":"https:\/\/www.revistarambla.com\/?s={search_term_string}"},"query-input":{"@type":"PropertyValueSpecification","valueRequired":true,"valueName":"search_term_string"}}],"inLanguage":"en-GB"},{"@type":"Organization","@id":"https:\/\/www.revistarambla.com\/#organization","name":"Revista Rambla","url":"https:\/\/www.revistarambla.com\/","logo":{"@type":"ImageObject","inLanguage":"en-GB","@id":"https:\/\/www.revistarambla.com\/#\/schema\/logo\/image\/","url":"https:\/\/www.revistarambla.com\/wp-content\/uploads\/2020\/09\/banner_rambla_1900x600_BB.png","contentUrl":"https:\/\/www.revistarambla.com\/wp-content\/uploads\/2020\/09\/banner_rambla_1900x600_BB.png","width":1900,"height":600,"caption":"Revista Rambla"},"image":{"@id":"https:\/\/www.revistarambla.com\/#\/schema\/logo\/image\/"},"sameAs":["https:\/\/www.facebook.com\/revistarambla\/","https:\/\/x.com\/revistarambla","https:\/\/www.instagram.com\/revista_rambla","https:\/\/es.linkedin.com\/company\/revista-rambla"]},{"@type":"Person","@id":"https:\/\/www.revistarambla.com\/#\/schema\/person\/a146a5a2550b94981a75131180e1bd9c","name":"R@mbla","description":"Este art\u00edculo ha sido redactado y\/o validado por el equipo de redacci\u00f3n de Revista Rambla.","sameAs":["https:\/\/www.revistarambla.com\/","https:\/\/www.facebook.com\/revistarambla","https:\/\/x.com\/revistarambla"]}]}},"_links":{"self":[{"href":"https:\/\/www.revistarambla.com\/en\/wp-json\/wp\/v2\/posts\/42328","targetHints":{"allow":["GET"]}}],"collection":[{"href":"https:\/\/www.revistarambla.com\/en\/wp-json\/wp\/v2\/posts"}],"about":[{"href":"https:\/\/www.revistarambla.com\/en\/wp-json\/wp\/v2\/types\/post"}],"author":[{"embeddable":true,"href":"https:\/\/www.revistarambla.com\/en\/wp-json\/wp\/v2\/users\/3"}],"replies":[{"embeddable":true,"href":"https:\/\/www.revistarambla.com\/en\/wp-json\/wp\/v2\/comments?post=42328"}],"version-history":[{"count":0,"href":"https:\/\/www.revistarambla.com\/en\/wp-json\/wp\/v2\/posts\/42328\/revisions"}],"wp:featuredmedia":[{"embeddable":true,"href":"https:\/\/www.revistarambla.com\/en\/wp-json\/wp\/v2\/media\/42329"}],"wp:attachment":[{"href":"https:\/\/www.revistarambla.com\/en\/wp-json\/wp\/v2\/media?parent=42328"}],"wp:term":[{"taxonomy":"category","embeddable":true,"href":"https:\/\/www.revistarambla.com\/en\/wp-json\/wp\/v2\/categories?post=42328"},{"taxonomy":"post_tag","embeddable":true,"href":"https:\/\/www.revistarambla.com\/en\/wp-json\/wp\/v2\/tags?post=42328"}],"curies":[{"name":"wp","href":"https:\/\/api.w.org\/{rel}","templated":true}]}}