{"id":42278,"date":"2022-05-19T17:41:06","date_gmt":"2022-05-19T15:41:06","guid":{"rendered":"https:\/\/www.revistarambla.com\/?p=42278"},"modified":"2022-05-19T17:41:06","modified_gmt":"2022-05-19T15:41:06","slug":"carta-a-pedro-sanchez-del-partido-feminista-de-espana-sobre-la-cumbre-de-la-otan-en-madrid","status":"publish","type":"post","link":"https:\/\/www.revistarambla.com\/en\/carta-a-pedro-sanchez-del-partido-feminista-de-espana-sobre-la-cumbre-de-la-otan-en-madrid\/","title":{"rendered":"Carta a Pedro S\u00e1nchez del Partido Feminista de Espa\u00f1a sobre la cumbre de la OTAN en Madrid"},"content":{"rendered":"<p>El 14 de mayo de 2022, la Comisi\u00f3n Pol\u00edtica del Partido Feminista de Espa\u00f1a ha decidido dirigirse al Presidente del gobierno a fin de manifestarle su disgusto por la celebraci\u00f3n de la cumbre de la OTAN en Madrid, el pr\u00f3ximo 29 de junio, para celebrar el 40 aniversario de la entrada de Espa\u00f1a en la organizaci\u00f3n.<\/p>\n<p>Es de todos conocido, aunque las informaciones oficiales actuales pretenden ocultarlo, que la guerra de Ucrania es consecuencia del acoso de la OTAN a Rusia desde 1992, cuando se disolvi\u00f3 el Pacto de Varsovia. Durante treinta a\u00f1os, la Organizaci\u00f3n del Atl\u00e1ntico Norte, creada al finalizar la II Guerra Mundial, ha dirigido sus amenazas y asedio a Rusia, incorporando paulatinamente a los pa\u00edses del Este, frontera con la federaci\u00f3n rusa, haciendo una campa\u00f1a continua contra el gobierno ruso \u2013eso s\u00ed, mientras segu\u00eda compr\u00e1ndole petr\u00f3leo y gas- y provocando el golpe de Estado en Ucrania que ha llevado a la guerra del Donbass desde hace siete a\u00f1os.<\/p>\n<p>Estos hechos est\u00e1n siendo ocultados a la opini\u00f3n p\u00fablica por los medios de comunicaci\u00f3n oficiales y dominantes para que no se conozcan las verdaderas actividades de esa organizaci\u00f3n OTAN, que se dedica a provocar guerras, bombardear pa\u00edses, ocupar territorios, expoliar los recursos naturales de varios continentes y a falsificar la verdad en la operaci\u00f3n de lavado de cerebro a los ciudadanos, m\u00e1s importante del \u00faltimo siglo.<\/p>\n<p>La mayor\u00eda del pueblo espa\u00f1ol se manifest\u00f3, rotunda y decididamente, en 1986, contra la pertenencia de Espa\u00f1a a la OTAN, reclamando su neutralidad a ejemplo de Suecia. Pero un refer\u00e9ndum organizado para ser ganado fingi\u00f3 que le daba al Partido Socialista Obrero Espa\u00f1ol la legitimidad que no ten\u00eda para introducirnos en una organizaci\u00f3n b\u00e9lica que nos involucra en sus conflictos.<\/p>\n<p>Es una evidencia que las f\u00e1bricas de armamento precisan que se declaren guerras peri\u00f3dicamente para mantener su lucrativo negocio, y hab\u00edan transcurrido demasiados a\u00f1os sin que en Europa se desencadenara un conflicto b\u00e9lico. Es inaceptable que se lleve a cabo la cumbre de la OTAN en Madrid, cuando la guerra de Ucrania est\u00e1 causando miles de v\u00edctimas y el destrozo del pa\u00eds, cuando las in\u00fatiles y perversas sanciones contra Rusia que han acordado los pa\u00edses de la Uni\u00f3n Europea, ese club de las grandes corporaciones que dominan Europa, especialmente el complejo industrial militar que est\u00e1n haci\u00e9ndose de oro con esta guerra, conducir\u00e1n a la pobreza y al fr\u00edo de la ciudadan\u00eda europea, sobre todo la m\u00e1s pobre como es de rigor. Su celebraci\u00f3n es una verg\u00fcenza para V. y su gobierno, y nos alcanza a todos y todas las espa\u00f1olas.<\/p>\n<p>Por ello, queremos hacer constar nuestro rotundo rechazo y condena a la celebraci\u00f3n de esa cumbre, a la participaci\u00f3n de Espa\u00f1a en el env\u00edo de armamento al gobierno de Ucrania, que alimenta la guerra en vez de poner todo el esfuerzo en lograr la paz; a que nuestro Presidente, avalado por el rey, como no, se muestre tan complaciente con el gobierno neonazi de Zelenski, y nuestro Ej\u00e9rcito est\u00e9 realizando el env\u00edo de armamento, y no sabemos si tambi\u00e9n de tropas, ya que no es precisamente la transparencia lo que rige las acciones de ese Ministerio de Defensa, que organiza el espionaje de varios cientos de personas en su propio pa\u00eds.<\/p>\n<p>Queremos que conste que como Partido Feminista, que lucha por alcanzar una Espa\u00f1a republicana, igualitaria y solidaria entre todas las regiones, pueblos y personas del pa\u00eds, que ha mostrado durante su ya largo recorrido c\u00f3mo se trabaja por superar la explotaci\u00f3n y la opresi\u00f3n de los trabajadores y de las mujeres, sometidos al sistema capitalista y patriarcal, estamos absolutamente en contra de pertenecer a la Alianza Atl\u00e1ntica, de mantener las bases militares estadounidenses en nuestro territorio y de celebrar en Madrid la cumbre de esa organizaci\u00f3n, a m\u00e1s escarnio cuando se siguen los combates en la torturada Ucrania.<\/p>\n<p>Esperamos que esta misiva, que haremos p\u00fablica, sirva para que la sociedad civil espa\u00f1ola cobre conciencia de lo perverso de la operaci\u00f3n de nuestro gobierno y manifieste su repulsa y descontento con determinaci\u00f3n y contundencia.<\/p>\n<p>As\u00ed c\u00f3mo queremos difundir nuestra solidaridad con el pueblo ucraniano que est\u00e1 sufriendo un martirio m\u00e1s, producto de los intereses de los grandes consorcios capitalistas, con la complicidad de la mayor\u00eda de gobiernos europeos, como en todas las guerras imperialistas que se han producido en Europa en el \u00faltimo siglo.<\/p>\n<p>Madrid, 14 de mayo 2022.<\/p>","protected":false},"excerpt":{"rendered":"<p>Carta al presidente del gobierno, Pedro S\u00e1nchez, del Partido Feminista de Espa\u00f1a, sobre la cumbre de la OTAN a celebrar en Madrid los d\u00edas 29 y 30 de junio de 2022.<\/p>","protected":false},"author":195,"featured_media":42279,"comment_status":"closed","ping_status":"open","sticky":false,"template":"","format":"standard","meta":{"footnotes":""},"categories":[72],"tags":[],"class_list":["post-42278","post","type-post","status-publish","format-standard","has-post-thumbnail","hentry","category-opinion"],"yoast_head":"<!-- This site is optimized with the Yoast SEO plugin v27.5 - https:\/\/yoast.com\/product\/yoast-seo-wordpress\/ -->\n<title>Carta a Pedro S\u00e1nchez del Partido Feminista de Espa\u00f1a sobre la cumbre de la OTAN en Madrid - Revista Rambla<\/title>\n<meta name=\"robots\" content=\"index, follow, max-snippet:-1, max-image-preview:large, max-video-preview:-1\" \/>\n<link rel=\"canonical\" href=\"https:\/\/www.revistarambla.com\/en\/carta-a-pedro-sanchez-del-partido-feminista-de-espana-sobre-la-cumbre-de-la-otan-en-madrid\/\" \/>\n<meta property=\"og:locale\" content=\"en_GB\" \/>\n<meta property=\"og:type\" content=\"article\" \/>\n<meta property=\"og:title\" content=\"Carta a Pedro S\u00e1nchez del Partido Feminista de Espa\u00f1a sobre la cumbre de la OTAN en Madrid - Revista Rambla\" \/>\n<meta property=\"og:description\" content=\"Carta al presidente del gobierno, Pedro S\u00e1nchez, del Partido Feminista de Espa\u00f1a, sobre la cumbre de la OTAN a celebrar en Madrid los d\u00edas 29 y 30 de junio de 2022.\" \/>\n<meta property=\"og:url\" content=\"https:\/\/www.revistarambla.com\/en\/carta-a-pedro-sanchez-del-partido-feminista-de-espana-sobre-la-cumbre-de-la-otan-en-madrid\/\" \/>\n<meta property=\"og:site_name\" content=\"Revista Rambla\" \/>\n<meta property=\"article:publisher\" content=\"https:\/\/www.facebook.com\/revistarambla\/\" \/>\n<meta property=\"article:author\" content=\"https:\/\/www.facebook.com\/LidiaFalconONeill\" \/>\n<meta property=\"article:published_time\" content=\"2022-05-19T15:41:06+00:00\" \/>\n<meta property=\"og:image\" content=\"https:\/\/www.revistarambla.com\/wp-content\/uploads\/2022\/05\/PEDRO-SANCHEZ-OTAN.jpg\" \/>\n\t<meta property=\"og:image:width\" content=\"800\" \/>\n\t<meta property=\"og:image:height\" content=\"450\" \/>\n\t<meta property=\"og:image:type\" content=\"image\/jpeg\" \/>\n<meta name=\"author\" content=\"Lidia Falc\u00f3n O&#039;Neill\" \/>\n<meta name=\"twitter:card\" content=\"summary_large_image\" \/>\n<meta name=\"twitter:creator\" content=\"@lidiafalconone1\" \/>\n<meta name=\"twitter:site\" content=\"@revistarambla\" \/>\n<meta name=\"twitter:label1\" content=\"Written by\" \/>\n\t<meta name=\"twitter:data1\" content=\"Lidia Falc\u00f3n O&#039;Neill\" \/>\n\t<meta name=\"twitter:label2\" content=\"Estimated reading time\" \/>\n\t<meta name=\"twitter:data2\" content=\"4 minutes\" \/>\n<script type=\"application\/ld+json\" class=\"yoast-schema-graph\">{\"@context\":\"https:\\\/\\\/schema.org\",\"@graph\":[{\"@type\":\"Article\",\"@id\":\"https:\\\/\\\/www.revistarambla.com\\\/carta-a-pedro-sanchez-del-partido-feminista-de-espana-sobre-la-cumbre-de-la-otan-en-madrid\\\/#article\",\"isPartOf\":{\"@id\":\"https:\\\/\\\/www.revistarambla.com\\\/carta-a-pedro-sanchez-del-partido-feminista-de-espana-sobre-la-cumbre-de-la-otan-en-madrid\\\/\"},\"author\":{\"name\":\"Lidia Falc\u00f3n O'Neill\",\"@id\":\"https:\\\/\\\/www.revistarambla.com\\\/#\\\/schema\\\/person\\\/392779b85580130e6e8571537676d3dd\"},\"headline\":\"Carta a Pedro S\u00e1nchez del Partido Feminista de Espa\u00f1a sobre la cumbre de la OTAN en Madrid\",\"datePublished\":\"2022-05-19T15:41:06+00:00\",\"mainEntityOfPage\":{\"@id\":\"https:\\\/\\\/www.revistarambla.com\\\/carta-a-pedro-sanchez-del-partido-feminista-de-espana-sobre-la-cumbre-de-la-otan-en-madrid\\\/\"},\"wordCount\":812,\"publisher\":{\"@id\":\"https:\\\/\\\/www.revistarambla.com\\\/#organization\"},\"image\":{\"@id\":\"https:\\\/\\\/www.revistarambla.com\\\/carta-a-pedro-sanchez-del-partido-feminista-de-espana-sobre-la-cumbre-de-la-otan-en-madrid\\\/#primaryimage\"},\"thumbnailUrl\":\"https:\\\/\\\/www.revistarambla.com\\\/wp-content\\\/uploads\\\/2022\\\/05\\\/PEDRO-SANCHEZ-OTAN.jpg\",\"articleSection\":[\"Opiniones\"],\"inLanguage\":\"en-GB\"},{\"@type\":\"WebPage\",\"@id\":\"https:\\\/\\\/www.revistarambla.com\\\/carta-a-pedro-sanchez-del-partido-feminista-de-espana-sobre-la-cumbre-de-la-otan-en-madrid\\\/\",\"url\":\"https:\\\/\\\/www.revistarambla.com\\\/carta-a-pedro-sanchez-del-partido-feminista-de-espana-sobre-la-cumbre-de-la-otan-en-madrid\\\/\",\"name\":\"Carta a Pedro S\u00e1nchez del Partido Feminista de Espa\u00f1a sobre la cumbre de la OTAN en Madrid - Revista Rambla\",\"isPartOf\":{\"@id\":\"https:\\\/\\\/www.revistarambla.com\\\/#website\"},\"primaryImageOfPage\":{\"@id\":\"https:\\\/\\\/www.revistarambla.com\\\/carta-a-pedro-sanchez-del-partido-feminista-de-espana-sobre-la-cumbre-de-la-otan-en-madrid\\\/#primaryimage\"},\"image\":{\"@id\":\"https:\\\/\\\/www.revistarambla.com\\\/carta-a-pedro-sanchez-del-partido-feminista-de-espana-sobre-la-cumbre-de-la-otan-en-madrid\\\/#primaryimage\"},\"thumbnailUrl\":\"https:\\\/\\\/www.revistarambla.com\\\/wp-content\\\/uploads\\\/2022\\\/05\\\/PEDRO-SANCHEZ-OTAN.jpg\",\"datePublished\":\"2022-05-19T15:41:06+00:00\",\"breadcrumb\":{\"@id\":\"https:\\\/\\\/www.revistarambla.com\\\/carta-a-pedro-sanchez-del-partido-feminista-de-espana-sobre-la-cumbre-de-la-otan-en-madrid\\\/#breadcrumb\"},\"inLanguage\":\"en-GB\",\"potentialAction\":[{\"@type\":\"ReadAction\",\"target\":[\"https:\\\/\\\/www.revistarambla.com\\\/carta-a-pedro-sanchez-del-partido-feminista-de-espana-sobre-la-cumbre-de-la-otan-en-madrid\\\/\"]}]},{\"@type\":\"ImageObject\",\"inLanguage\":\"en-GB\",\"@id\":\"https:\\\/\\\/www.revistarambla.com\\\/carta-a-pedro-sanchez-del-partido-feminista-de-espana-sobre-la-cumbre-de-la-otan-en-madrid\\\/#primaryimage\",\"url\":\"https:\\\/\\\/www.revistarambla.com\\\/wp-content\\\/uploads\\\/2022\\\/05\\\/PEDRO-SANCHEZ-OTAN.jpg\",\"contentUrl\":\"https:\\\/\\\/www.revistarambla.com\\\/wp-content\\\/uploads\\\/2022\\\/05\\\/PEDRO-SANCHEZ-OTAN.jpg\",\"width\":800,\"height\":450,\"caption\":\"Cumbre OTAN No\"},{\"@type\":\"BreadcrumbList\",\"@id\":\"https:\\\/\\\/www.revistarambla.com\\\/carta-a-pedro-sanchez-del-partido-feminista-de-espana-sobre-la-cumbre-de-la-otan-en-madrid\\\/#breadcrumb\",\"itemListElement\":[{\"@type\":\"ListItem\",\"position\":1,\"name\":\"Portada\",\"item\":\"https:\\\/\\\/www.revistarambla.com\\\/\"},{\"@type\":\"ListItem\",\"position\":2,\"name\":\"Carta a Pedro S\u00e1nchez del Partido Feminista de Espa\u00f1a sobre la cumbre de la OTAN en Madrid\"}]},{\"@type\":\"WebSite\",\"@id\":\"https:\\\/\\\/www.revistarambla.com\\\/#website\",\"url\":\"https:\\\/\\\/www.revistarambla.com\\\/\",\"name\":\"Revista Rambla Barcelona\",\"description\":\"Periodismo independiente\",\"publisher\":{\"@id\":\"https:\\\/\\\/www.revistarambla.com\\\/#organization\"},\"potentialAction\":[{\"@type\":\"SearchAction\",\"target\":{\"@type\":\"EntryPoint\",\"urlTemplate\":\"https:\\\/\\\/www.revistarambla.com\\\/?s={search_term_string}\"},\"query-input\":{\"@type\":\"PropertyValueSpecification\",\"valueRequired\":true,\"valueName\":\"search_term_string\"}}],\"inLanguage\":\"en-GB\"},{\"@type\":\"Organization\",\"@id\":\"https:\\\/\\\/www.revistarambla.com\\\/#organization\",\"name\":\"Revista Rambla\",\"url\":\"https:\\\/\\\/www.revistarambla.com\\\/\",\"logo\":{\"@type\":\"ImageObject\",\"inLanguage\":\"en-GB\",\"@id\":\"https:\\\/\\\/www.revistarambla.com\\\/#\\\/schema\\\/logo\\\/image\\\/\",\"url\":\"https:\\\/\\\/www.revistarambla.com\\\/wp-content\\\/uploads\\\/2020\\\/09\\\/banner_rambla_1900x600_BB.png\",\"contentUrl\":\"https:\\\/\\\/www.revistarambla.com\\\/wp-content\\\/uploads\\\/2020\\\/09\\\/banner_rambla_1900x600_BB.png\",\"width\":1900,\"height\":600,\"caption\":\"Revista Rambla\"},\"image\":{\"@id\":\"https:\\\/\\\/www.revistarambla.com\\\/#\\\/schema\\\/logo\\\/image\\\/\"},\"sameAs\":[\"https:\\\/\\\/www.facebook.com\\\/revistarambla\\\/\",\"https:\\\/\\\/x.com\\\/revistarambla\",\"https:\\\/\\\/www.instagram.com\\\/revista_rambla\",\"https:\\\/\\\/es.linkedin.com\\\/company\\\/revista-rambla\"]},{\"@type\":\"Person\",\"@id\":\"https:\\\/\\\/www.revistarambla.com\\\/#\\\/schema\\\/person\\\/392779b85580130e6e8571537676d3dd\",\"name\":\"Lidia Falc\u00f3n O'Neill\",\"description\":\"Pol\u00edtica y escritora. Presidenta del Partido Feminista de Espa\u00f1a.\",\"sameAs\":[\"https:\\\/\\\/partidofeminista.es\\\/\",\"https:\\\/\\\/www.facebook.com\\\/LidiaFalconONeill\",\"https:\\\/\\\/x.com\\\/lidiafalconone1\"]}]}<\/script>\n<!-- \/ Yoast SEO plugin. -->","yoast_head_json":{"title":"Carta a Pedro S\u00e1nchez del Partido Feminista de Espa\u00f1a sobre la cumbre de la OTAN en Madrid - Revista Rambla","robots":{"index":"index","follow":"follow","max-snippet":"max-snippet:-1","max-image-preview":"max-image-preview:large","max-video-preview":"max-video-preview:-1"},"canonical":"https:\/\/www.revistarambla.com\/en\/carta-a-pedro-sanchez-del-partido-feminista-de-espana-sobre-la-cumbre-de-la-otan-en-madrid\/","og_locale":"en_GB","og_type":"article","og_title":"Carta a Pedro S\u00e1nchez del Partido Feminista de Espa\u00f1a sobre la cumbre de la OTAN en Madrid - Revista Rambla","og_description":"Carta al presidente del gobierno, Pedro S\u00e1nchez, del Partido Feminista de Espa\u00f1a, sobre la cumbre de la OTAN a celebrar en Madrid los d\u00edas 29 y 30 de junio de 2022.","og_url":"https:\/\/www.revistarambla.com\/en\/carta-a-pedro-sanchez-del-partido-feminista-de-espana-sobre-la-cumbre-de-la-otan-en-madrid\/","og_site_name":"Revista Rambla","article_publisher":"https:\/\/www.facebook.com\/revistarambla\/","article_author":"https:\/\/www.facebook.com\/LidiaFalconONeill","article_published_time":"2022-05-19T15:41:06+00:00","og_image":[{"width":800,"height":450,"url":"https:\/\/www.revistarambla.com\/wp-content\/uploads\/2022\/05\/PEDRO-SANCHEZ-OTAN.jpg","type":"image\/jpeg"}],"author":"Lidia Falc\u00f3n O'Neill","twitter_card":"summary_large_image","twitter_creator":"@lidiafalconone1","twitter_site":"@revistarambla","twitter_misc":{"Written by":"Lidia Falc\u00f3n O'Neill","Estimated reading time":"4 minutes"},"schema":{"@context":"https:\/\/schema.org","@graph":[{"@type":"Article","@id":"https:\/\/www.revistarambla.com\/carta-a-pedro-sanchez-del-partido-feminista-de-espana-sobre-la-cumbre-de-la-otan-en-madrid\/#article","isPartOf":{"@id":"https:\/\/www.revistarambla.com\/carta-a-pedro-sanchez-del-partido-feminista-de-espana-sobre-la-cumbre-de-la-otan-en-madrid\/"},"author":{"name":"Lidia Falc\u00f3n O'Neill","@id":"https:\/\/www.revistarambla.com\/#\/schema\/person\/392779b85580130e6e8571537676d3dd"},"headline":"Carta a Pedro S\u00e1nchez del Partido Feminista de Espa\u00f1a sobre la cumbre de la OTAN en Madrid","datePublished":"2022-05-19T15:41:06+00:00","mainEntityOfPage":{"@id":"https:\/\/www.revistarambla.com\/carta-a-pedro-sanchez-del-partido-feminista-de-espana-sobre-la-cumbre-de-la-otan-en-madrid\/"},"wordCount":812,"publisher":{"@id":"https:\/\/www.revistarambla.com\/#organization"},"image":{"@id":"https:\/\/www.revistarambla.com\/carta-a-pedro-sanchez-del-partido-feminista-de-espana-sobre-la-cumbre-de-la-otan-en-madrid\/#primaryimage"},"thumbnailUrl":"https:\/\/www.revistarambla.com\/wp-content\/uploads\/2022\/05\/PEDRO-SANCHEZ-OTAN.jpg","articleSection":["Opiniones"],"inLanguage":"en-GB"},{"@type":"WebPage","@id":"https:\/\/www.revistarambla.com\/carta-a-pedro-sanchez-del-partido-feminista-de-espana-sobre-la-cumbre-de-la-otan-en-madrid\/","url":"https:\/\/www.revistarambla.com\/carta-a-pedro-sanchez-del-partido-feminista-de-espana-sobre-la-cumbre-de-la-otan-en-madrid\/","name":"Carta a Pedro S\u00e1nchez del Partido Feminista de Espa\u00f1a sobre la cumbre de la OTAN en Madrid - Revista Rambla","isPartOf":{"@id":"https:\/\/www.revistarambla.com\/#website"},"primaryImageOfPage":{"@id":"https:\/\/www.revistarambla.com\/carta-a-pedro-sanchez-del-partido-feminista-de-espana-sobre-la-cumbre-de-la-otan-en-madrid\/#primaryimage"},"image":{"@id":"https:\/\/www.revistarambla.com\/carta-a-pedro-sanchez-del-partido-feminista-de-espana-sobre-la-cumbre-de-la-otan-en-madrid\/#primaryimage"},"thumbnailUrl":"https:\/\/www.revistarambla.com\/wp-content\/uploads\/2022\/05\/PEDRO-SANCHEZ-OTAN.jpg","datePublished":"2022-05-19T15:41:06+00:00","breadcrumb":{"@id":"https:\/\/www.revistarambla.com\/carta-a-pedro-sanchez-del-partido-feminista-de-espana-sobre-la-cumbre-de-la-otan-en-madrid\/#breadcrumb"},"inLanguage":"en-GB","potentialAction":[{"@type":"ReadAction","target":["https:\/\/www.revistarambla.com\/carta-a-pedro-sanchez-del-partido-feminista-de-espana-sobre-la-cumbre-de-la-otan-en-madrid\/"]}]},{"@type":"ImageObject","inLanguage":"en-GB","@id":"https:\/\/www.revistarambla.com\/carta-a-pedro-sanchez-del-partido-feminista-de-espana-sobre-la-cumbre-de-la-otan-en-madrid\/#primaryimage","url":"https:\/\/www.revistarambla.com\/wp-content\/uploads\/2022\/05\/PEDRO-SANCHEZ-OTAN.jpg","contentUrl":"https:\/\/www.revistarambla.com\/wp-content\/uploads\/2022\/05\/PEDRO-SANCHEZ-OTAN.jpg","width":800,"height":450,"caption":"Cumbre OTAN No"},{"@type":"BreadcrumbList","@id":"https:\/\/www.revistarambla.com\/carta-a-pedro-sanchez-del-partido-feminista-de-espana-sobre-la-cumbre-de-la-otan-en-madrid\/#breadcrumb","itemListElement":[{"@type":"ListItem","position":1,"name":"Portada","item":"https:\/\/www.revistarambla.com\/"},{"@type":"ListItem","position":2,"name":"Carta a Pedro S\u00e1nchez del Partido Feminista de Espa\u00f1a sobre la cumbre de la OTAN en Madrid"}]},{"@type":"WebSite","@id":"https:\/\/www.revistarambla.com\/#website","url":"https:\/\/www.revistarambla.com\/","name":"Revista Rambla Barcelona","description":"Periodismo independiente","publisher":{"@id":"https:\/\/www.revistarambla.com\/#organization"},"potentialAction":[{"@type":"SearchAction","target":{"@type":"EntryPoint","urlTemplate":"https:\/\/www.revistarambla.com\/?s={search_term_string}"},"query-input":{"@type":"PropertyValueSpecification","valueRequired":true,"valueName":"search_term_string"}}],"inLanguage":"en-GB"},{"@type":"Organization","@id":"https:\/\/www.revistarambla.com\/#organization","name":"Revista Rambla","url":"https:\/\/www.revistarambla.com\/","logo":{"@type":"ImageObject","inLanguage":"en-GB","@id":"https:\/\/www.revistarambla.com\/#\/schema\/logo\/image\/","url":"https:\/\/www.revistarambla.com\/wp-content\/uploads\/2020\/09\/banner_rambla_1900x600_BB.png","contentUrl":"https:\/\/www.revistarambla.com\/wp-content\/uploads\/2020\/09\/banner_rambla_1900x600_BB.png","width":1900,"height":600,"caption":"Revista Rambla"},"image":{"@id":"https:\/\/www.revistarambla.com\/#\/schema\/logo\/image\/"},"sameAs":["https:\/\/www.facebook.com\/revistarambla\/","https:\/\/x.com\/revistarambla","https:\/\/www.instagram.com\/revista_rambla","https:\/\/es.linkedin.com\/company\/revista-rambla"]},{"@type":"Person","@id":"https:\/\/www.revistarambla.com\/#\/schema\/person\/392779b85580130e6e8571537676d3dd","name":"Lidia Falc\u00f3n O'Neill","description":"Pol\u00edtica y escritora. Presidenta del Partido Feminista de Espa\u00f1a.","sameAs":["https:\/\/partidofeminista.es\/","https:\/\/www.facebook.com\/LidiaFalconONeill","https:\/\/x.com\/lidiafalconone1"]}]}},"_links":{"self":[{"href":"https:\/\/www.revistarambla.com\/en\/wp-json\/wp\/v2\/posts\/42278","targetHints":{"allow":["GET"]}}],"collection":[{"href":"https:\/\/www.revistarambla.com\/en\/wp-json\/wp\/v2\/posts"}],"about":[{"href":"https:\/\/www.revistarambla.com\/en\/wp-json\/wp\/v2\/types\/post"}],"author":[{"embeddable":true,"href":"https:\/\/www.revistarambla.com\/en\/wp-json\/wp\/v2\/users\/195"}],"replies":[{"embeddable":true,"href":"https:\/\/www.revistarambla.com\/en\/wp-json\/wp\/v2\/comments?post=42278"}],"version-history":[{"count":0,"href":"https:\/\/www.revistarambla.com\/en\/wp-json\/wp\/v2\/posts\/42278\/revisions"}],"wp:featuredmedia":[{"embeddable":true,"href":"https:\/\/www.revistarambla.com\/en\/wp-json\/wp\/v2\/media\/42279"}],"wp:attachment":[{"href":"https:\/\/www.revistarambla.com\/en\/wp-json\/wp\/v2\/media?parent=42278"}],"wp:term":[{"taxonomy":"category","embeddable":true,"href":"https:\/\/www.revistarambla.com\/en\/wp-json\/wp\/v2\/categories?post=42278"},{"taxonomy":"post_tag","embeddable":true,"href":"https:\/\/www.revistarambla.com\/en\/wp-json\/wp\/v2\/tags?post=42278"}],"curies":[{"name":"wp","href":"https:\/\/api.w.org\/{rel}","templated":true}]}}