{"id":42272,"date":"2022-05-20T13:18:23","date_gmt":"2022-05-20T11:18:23","guid":{"rendered":"https:\/\/www.revistarambla.com\/?p=42272"},"modified":"2022-05-20T13:49:29","modified_gmt":"2022-05-20T11:49:29","slug":"pergolas-de-aluminio-y-lona-el-complemento-esencial-para-nuestra-terraza-o-jardin","status":"publish","type":"post","link":"https:\/\/www.revistarambla.com\/en\/pergolas-de-aluminio-y-lona-el-complemento-esencial-para-nuestra-terraza-o-jardin\/","title":{"rendered":"P\u00e9rgolas de aluminio y lona, el complemento esencial para nuestra terraza o jard\u00edn"},"content":{"rendered":"<p>La llegada del buen tiempo nos permite volver a disfrutar de ratos de relax y concordia en nuestra terraza, patio o jard\u00edn. A medida que avancen los d\u00edas y las temperaturas vayan en incremento, nos daremos cuenta de que el sol puede ser algo molesto e incluso puede privarnos del uso y disfrute de nuestro espacio exterior.<\/p>\n<p>Una soluci\u00f3n efectiva que nos permitir\u00e1 estar m\u00e1s a gusto fuera de casa es la instalaci\u00f3n de una p\u00e9rgola de aluminio y lona. Este tipo de montajes, aparte de ser muy pr\u00e1cticos, ofrecen un valor a\u00f1adido a nuestro hogar, convirtiendo el exterior en un ambiente elegante y acogedor.<\/p>\n<p>Adem\u00e1s, al montarse a partir de un esqueleto s\u00f3lido y fijo con una lona resistente, tambi\u00e9n nos podr\u00e1n proteger en d\u00edas lluviosos. Si a la p\u00e9rgola le a\u00f1adimos toldos en los laterales, nos proteger\u00e1 del fr\u00edo y tambi\u00e9n podremos usarla en invierno, por lo que nuestra inversi\u00f3n significar\u00e1 disponer de un espacio nuevo durante los 365 d\u00edas del a\u00f1o.<\/p>\n<h2 class=\"western\">\u00bfC\u00f3mo elegir nuestra p\u00e9rgola?<\/h2>\n<p>La primera recomendaci\u00f3n es que contactemos con una empresa solvente y especializada en la instalaci\u00f3n de <a href=\"https:\/\/toldospicasso.es\/pergolas\/\"><u>p\u00e9rgolas de aluminio<\/u><\/a>. A diferencia de las grandes superficies de bricolaje, estas empresas cuentan con t\u00e9cnicos expertos en la materia, acostumbrados a trabajar sobre el terreno, que nos dedicar\u00e1n el tiempo necesario para comprender nuestra idea y asesorarnos de forma personalizada.<\/p>\n<p>Adem\u00e1s de la fabricaci\u00f3n, se encargar\u00e1n de todo el montaje, por lo que no tendremos que preocuparnos lo m\u00e1s m\u00ednimo por tratar de comprender instrucciones indescifrables o disponer de herramientas que no sab\u00edamos ni que exist\u00edan.<\/p>\n<h3 class=\"western\">Elegir el tama\u00f1o<\/h3>\n<p>Lo primero que debemos tener en cuenta es la superficie que queremos cubrir. Una de las ventajas de los armazones de aluminio y los entoldados de lona es que se pueden fabricar a medida. Como decimos, las empresas dedicadas a la fabricaci\u00f3n de estas instalaciones pueden hacer aut\u00e9nticas virguer\u00edas, acoplando a cualquier espacio una soluci\u00f3n elegante y duradera. Tambi\u00e9n debemos tener en cuenta el presupuesto del que disponemos porque el precio final depender\u00e1, en mayor o menor medida, del tama\u00f1o de nuestra nueva p\u00e9rgola.<\/p>\n<h3 class=\"western\">Elegir los colores<\/h3>\n<p>Al tratarse de esqueletos de aluminio y toldos que se elaboran por encargo podemos combinar los colores que m\u00e1s nos gusten. As\u00ed, podemos decantarnos por una estructura met\u00e1lica en color negro, marr\u00f3n o blanco y combinarla con tejidos estampados, a rayas o monocrom\u00e1ticos.<\/p>\n<p>Lo m\u00e1s recomendable es dejarnos aconsejar por los profesionales, pues ellos disponen de paletas de colores y muestras de tejidos -cl\u00e1sicos y modernos- que seguro encajar\u00e1n con nuestra fachada. Solo as\u00ed conseguiremos un lugar de ensue\u00f1o que dejar\u00e1 boquiabiertos a nuestros invitados.<\/p>\n<h3 class=\"western\">Elegir la movilidad<\/h3>\n<p>Es cierto que algunos tipos de p\u00e9rgolas se montan con el toldo fijo. No obstante, lo m\u00e1s pr\u00e1ctico es montarlas con un entoldado retr\u00e1ctil, con plano de gu\u00edas horizontal, que permita recogerse f\u00e1cilmente en caso de condiciones meteorol\u00f3gicas adversas.<\/p>\n<p>Pese a tratarse de tejidos y armazones muy resistentes, un d\u00eda de viento muy fuerte podr\u00eda causarnos alg\u00fan susto. Y eso no queremos que suceda. Por eso, podemos elegir entre varias formas de recoger el toldo: mediante poleas, cuerdas o, incluso, un motor. Hasta podemos pedir que nos instalen detectores de lluvia, sol o viento para que el toldo se recoja autom\u00e1ticamente sin tener que preocuparnos por \u00e9l.<\/p>\n<p>Una vez hayamos escogido como queremos la estructura, el toldo y su funcionamiento, los profesionales se pondr\u00e1n manos a la obra. Cuando tengan lista nuestra p\u00e9rgola, su instalaci\u00f3n ser\u00e1 r\u00e1pida y sencilla, puesto que ya se ha trabajado sobre plano el resultado final. Los operarios nos la dejar\u00e1n lista en unas horas.<\/p>\n<h2 class=\"western\">Una soluci\u00f3n para cualquier exterior<\/h2>\n<p>Las p\u00e9rgolas de aluminio se caracterizan por ser estructuras firmes, seguras y duraderas a la par que hermosas. Por ello, no son un elemento exclusivo de terrazas o jardines privados. De hecho, son enormemente vers\u00e1tiles.<\/p>\n<p>En el sector de la hosteler\u00eda se emplean a menudo para diferenciar las terrazas de algunos establecimientos (bares y restaurantes), como cenadores en convites, o como carpas abiertas para caterings en eventos deportivos en los que se congrega p\u00fablico hambriento a pleno sol.<\/p>\n<p>Tambi\u00e9n se suelen instalar en patios de guarder\u00eda y colegios, para resguardar las pieles sensibles de los m\u00e1s peques de los rayos ultravioleta. Es habitual verlas tambi\u00e9n en eventos protocolarios o recepciones institucionales. Incluso algunas personas las utilizan a modo de cobertizo para resguardar sus veh\u00edculos.<\/p>\n<p>Ahora que conoces las bondades de instalar una p\u00e9rgola entoldada y tienes la suerte de poseer un espacio externo en tu hogar, dispones de la excusa perfecta para convertir tu jard\u00edn, patio o terraza en un lugar majestuoso donde sentirte como un rey o como una reina durante todo el a\u00f1o.<\/p>","protected":false},"excerpt":{"rendered":"<p>Instalar una p\u00e9rgola en nuestra casa supondr\u00e1 dar un salto significativo en nuestra calidad de vida<\/p>","protected":false},"author":3,"featured_media":42292,"comment_status":"closed","ping_status":"open","sticky":false,"template":"","format":"standard","meta":{"footnotes":""},"categories":[350],"tags":[],"class_list":["post-42272","post","type-post","status-publish","format-standard","has-post-thumbnail","hentry","category-miscelanea"],"yoast_head":"<!-- This site is optimized with the Yoast SEO plugin v27.5 - https:\/\/yoast.com\/product\/yoast-seo-wordpress\/ -->\n<title>P\u00e9rgolas de aluminio y lona, el complemento esencial para nuestra terraza o jard\u00edn - Revista Rambla<\/title>\n<meta name=\"robots\" content=\"index, follow, max-snippet:-1, max-image-preview:large, max-video-preview:-1\" \/>\n<link rel=\"canonical\" href=\"https:\/\/www.revistarambla.com\/en\/pergolas-de-aluminio-y-lona-el-complemento-esencial-para-nuestra-terraza-o-jardin\/\" \/>\n<meta property=\"og:locale\" content=\"en_GB\" \/>\n<meta property=\"og:type\" content=\"article\" \/>\n<meta property=\"og:title\" content=\"P\u00e9rgolas de aluminio y lona, el complemento esencial para nuestra terraza o jard\u00edn - Revista Rambla\" \/>\n<meta property=\"og:description\" content=\"Instalar una p\u00e9rgola en nuestra casa supondr\u00e1 dar un salto significativo en nuestra calidad de vida\" \/>\n<meta property=\"og:url\" content=\"https:\/\/www.revistarambla.com\/en\/pergolas-de-aluminio-y-lona-el-complemento-esencial-para-nuestra-terraza-o-jardin\/\" \/>\n<meta property=\"og:site_name\" content=\"Revista Rambla\" \/>\n<meta property=\"article:publisher\" content=\"https:\/\/www.facebook.com\/revistarambla\/\" \/>\n<meta property=\"article:author\" content=\"https:\/\/www.facebook.com\/revistarambla\" \/>\n<meta property=\"article:published_time\" content=\"2022-05-20T11:18:23+00:00\" \/>\n<meta property=\"article:modified_time\" content=\"2022-05-20T11:49:29+00:00\" \/>\n<meta property=\"og:image\" content=\"https:\/\/www.revistarambla.com\/wp-content\/uploads\/2022\/05\/PERGOLA-blanca.jpg\" \/>\n\t<meta property=\"og:image:width\" content=\"1000\" \/>\n\t<meta property=\"og:image:height\" content=\"750\" \/>\n\t<meta property=\"og:image:type\" content=\"image\/jpeg\" \/>\n<meta name=\"author\" content=\"\u00c0lex L\u00f3pez\" \/>\n<meta name=\"twitter:card\" content=\"summary_large_image\" \/>\n<meta name=\"twitter:creator\" content=\"@revistarambla\" \/>\n<meta name=\"twitter:site\" content=\"@revistarambla\" \/>\n<meta name=\"twitter:label1\" content=\"Written by\" \/>\n\t<meta name=\"twitter:data1\" content=\"\u00c0lex L\u00f3pez\" \/>\n\t<meta name=\"twitter:label2\" content=\"Estimated reading time\" \/>\n\t<meta name=\"twitter:data2\" content=\"4 minutes\" \/>\n<script type=\"application\/ld+json\" class=\"yoast-schema-graph\">{\"@context\":\"https:\\\/\\\/schema.org\",\"@graph\":[{\"@type\":\"Article\",\"@id\":\"https:\\\/\\\/www.revistarambla.com\\\/pergolas-de-aluminio-y-lona-el-complemento-esencial-para-nuestra-terraza-o-jardin\\\/#article\",\"isPartOf\":{\"@id\":\"https:\\\/\\\/www.revistarambla.com\\\/pergolas-de-aluminio-y-lona-el-complemento-esencial-para-nuestra-terraza-o-jardin\\\/\"},\"author\":{\"name\":\"\u00c0lex L\u00f3pez\",\"@id\":\"https:\\\/\\\/www.revistarambla.com\\\/#\\\/schema\\\/person\\\/a146a5a2550b94981a75131180e1bd9c\"},\"headline\":\"P\u00e9rgolas de aluminio y lona, el complemento esencial para nuestra terraza o jard\u00edn\",\"datePublished\":\"2022-05-20T11:18:23+00:00\",\"dateModified\":\"2022-05-20T11:49:29+00:00\",\"mainEntityOfPage\":{\"@id\":\"https:\\\/\\\/www.revistarambla.com\\\/pergolas-de-aluminio-y-lona-el-complemento-esencial-para-nuestra-terraza-o-jardin\\\/\"},\"wordCount\":871,\"publisher\":{\"@id\":\"https:\\\/\\\/www.revistarambla.com\\\/#organization\"},\"image\":{\"@id\":\"https:\\\/\\\/www.revistarambla.com\\\/pergolas-de-aluminio-y-lona-el-complemento-esencial-para-nuestra-terraza-o-jardin\\\/#primaryimage\"},\"thumbnailUrl\":\"https:\\\/\\\/www.revistarambla.com\\\/wp-content\\\/uploads\\\/2022\\\/05\\\/PERGOLA-blanca.jpg\",\"articleSection\":[\"Noticias de la vida\"],\"inLanguage\":\"en-GB\"},{\"@type\":\"WebPage\",\"@id\":\"https:\\\/\\\/www.revistarambla.com\\\/pergolas-de-aluminio-y-lona-el-complemento-esencial-para-nuestra-terraza-o-jardin\\\/\",\"url\":\"https:\\\/\\\/www.revistarambla.com\\\/pergolas-de-aluminio-y-lona-el-complemento-esencial-para-nuestra-terraza-o-jardin\\\/\",\"name\":\"P\u00e9rgolas de aluminio y lona, el complemento esencial para nuestra terraza o jard\u00edn - Revista Rambla\",\"isPartOf\":{\"@id\":\"https:\\\/\\\/www.revistarambla.com\\\/#website\"},\"primaryImageOfPage\":{\"@id\":\"https:\\\/\\\/www.revistarambla.com\\\/pergolas-de-aluminio-y-lona-el-complemento-esencial-para-nuestra-terraza-o-jardin\\\/#primaryimage\"},\"image\":{\"@id\":\"https:\\\/\\\/www.revistarambla.com\\\/pergolas-de-aluminio-y-lona-el-complemento-esencial-para-nuestra-terraza-o-jardin\\\/#primaryimage\"},\"thumbnailUrl\":\"https:\\\/\\\/www.revistarambla.com\\\/wp-content\\\/uploads\\\/2022\\\/05\\\/PERGOLA-blanca.jpg\",\"datePublished\":\"2022-05-20T11:18:23+00:00\",\"dateModified\":\"2022-05-20T11:49:29+00:00\",\"breadcrumb\":{\"@id\":\"https:\\\/\\\/www.revistarambla.com\\\/pergolas-de-aluminio-y-lona-el-complemento-esencial-para-nuestra-terraza-o-jardin\\\/#breadcrumb\"},\"inLanguage\":\"en-GB\",\"potentialAction\":[{\"@type\":\"ReadAction\",\"target\":[\"https:\\\/\\\/www.revistarambla.com\\\/pergolas-de-aluminio-y-lona-el-complemento-esencial-para-nuestra-terraza-o-jardin\\\/\"]}]},{\"@type\":\"ImageObject\",\"inLanguage\":\"en-GB\",\"@id\":\"https:\\\/\\\/www.revistarambla.com\\\/pergolas-de-aluminio-y-lona-el-complemento-esencial-para-nuestra-terraza-o-jardin\\\/#primaryimage\",\"url\":\"https:\\\/\\\/www.revistarambla.com\\\/wp-content\\\/uploads\\\/2022\\\/05\\\/PERGOLA-blanca.jpg\",\"contentUrl\":\"https:\\\/\\\/www.revistarambla.com\\\/wp-content\\\/uploads\\\/2022\\\/05\\\/PERGOLA-blanca.jpg\",\"width\":1000,\"height\":750,\"caption\":\"pergola cenador aluminio toldo\"},{\"@type\":\"BreadcrumbList\",\"@id\":\"https:\\\/\\\/www.revistarambla.com\\\/pergolas-de-aluminio-y-lona-el-complemento-esencial-para-nuestra-terraza-o-jardin\\\/#breadcrumb\",\"itemListElement\":[{\"@type\":\"ListItem\",\"position\":1,\"name\":\"Portada\",\"item\":\"https:\\\/\\\/www.revistarambla.com\\\/\"},{\"@type\":\"ListItem\",\"position\":2,\"name\":\"P\u00e9rgolas de aluminio y lona, el complemento esencial para nuestra terraza o jard\u00edn\"}]},{\"@type\":\"WebSite\",\"@id\":\"https:\\\/\\\/www.revistarambla.com\\\/#website\",\"url\":\"https:\\\/\\\/www.revistarambla.com\\\/\",\"name\":\"Revista Rambla Barcelona\",\"description\":\"Periodismo independiente\",\"publisher\":{\"@id\":\"https:\\\/\\\/www.revistarambla.com\\\/#organization\"},\"potentialAction\":[{\"@type\":\"SearchAction\",\"target\":{\"@type\":\"EntryPoint\",\"urlTemplate\":\"https:\\\/\\\/www.revistarambla.com\\\/?s={search_term_string}\"},\"query-input\":{\"@type\":\"PropertyValueSpecification\",\"valueRequired\":true,\"valueName\":\"search_term_string\"}}],\"inLanguage\":\"en-GB\"},{\"@type\":\"Organization\",\"@id\":\"https:\\\/\\\/www.revistarambla.com\\\/#organization\",\"name\":\"Revista Rambla\",\"url\":\"https:\\\/\\\/www.revistarambla.com\\\/\",\"logo\":{\"@type\":\"ImageObject\",\"inLanguage\":\"en-GB\",\"@id\":\"https:\\\/\\\/www.revistarambla.com\\\/#\\\/schema\\\/logo\\\/image\\\/\",\"url\":\"https:\\\/\\\/www.revistarambla.com\\\/wp-content\\\/uploads\\\/2020\\\/09\\\/banner_rambla_1900x600_BB.png\",\"contentUrl\":\"https:\\\/\\\/www.revistarambla.com\\\/wp-content\\\/uploads\\\/2020\\\/09\\\/banner_rambla_1900x600_BB.png\",\"width\":1900,\"height\":600,\"caption\":\"Revista Rambla\"},\"image\":{\"@id\":\"https:\\\/\\\/www.revistarambla.com\\\/#\\\/schema\\\/logo\\\/image\\\/\"},\"sameAs\":[\"https:\\\/\\\/www.facebook.com\\\/revistarambla\\\/\",\"https:\\\/\\\/x.com\\\/revistarambla\",\"https:\\\/\\\/www.instagram.com\\\/revista_rambla\",\"https:\\\/\\\/es.linkedin.com\\\/company\\\/revista-rambla\"]},{\"@type\":\"Person\",\"@id\":\"https:\\\/\\\/www.revistarambla.com\\\/#\\\/schema\\\/person\\\/a146a5a2550b94981a75131180e1bd9c\",\"name\":\"\u00c0lex L\u00f3pez\",\"sameAs\":[\"https:\\\/\\\/www.facebook.com\\\/revistarambla\",\"https:\\\/\\\/x.com\\\/revistarambla\"]}]}<\/script>\n<!-- \/ Yoast SEO plugin. -->","yoast_head_json":{"title":"P\u00e9rgolas de aluminio y lona, el complemento esencial para nuestra terraza o jard\u00edn - Revista Rambla","robots":{"index":"index","follow":"follow","max-snippet":"max-snippet:-1","max-image-preview":"max-image-preview:large","max-video-preview":"max-video-preview:-1"},"canonical":"https:\/\/www.revistarambla.com\/en\/pergolas-de-aluminio-y-lona-el-complemento-esencial-para-nuestra-terraza-o-jardin\/","og_locale":"en_GB","og_type":"article","og_title":"P\u00e9rgolas de aluminio y lona, el complemento esencial para nuestra terraza o jard\u00edn - Revista Rambla","og_description":"Instalar una p\u00e9rgola en nuestra casa supondr\u00e1 dar un salto significativo en nuestra calidad de vida","og_url":"https:\/\/www.revistarambla.com\/en\/pergolas-de-aluminio-y-lona-el-complemento-esencial-para-nuestra-terraza-o-jardin\/","og_site_name":"Revista Rambla","article_publisher":"https:\/\/www.facebook.com\/revistarambla\/","article_author":"https:\/\/www.facebook.com\/revistarambla","article_published_time":"2022-05-20T11:18:23+00:00","article_modified_time":"2022-05-20T11:49:29+00:00","og_image":[{"width":1000,"height":750,"url":"https:\/\/www.revistarambla.com\/wp-content\/uploads\/2022\/05\/PERGOLA-blanca.jpg","type":"image\/jpeg"}],"author":"\u00c0lex L\u00f3pez","twitter_card":"summary_large_image","twitter_creator":"@revistarambla","twitter_site":"@revistarambla","twitter_misc":{"Written by":"\u00c0lex L\u00f3pez","Estimated reading time":"4 minutes"},"schema":{"@context":"https:\/\/schema.org","@graph":[{"@type":"Article","@id":"https:\/\/www.revistarambla.com\/pergolas-de-aluminio-y-lona-el-complemento-esencial-para-nuestra-terraza-o-jardin\/#article","isPartOf":{"@id":"https:\/\/www.revistarambla.com\/pergolas-de-aluminio-y-lona-el-complemento-esencial-para-nuestra-terraza-o-jardin\/"},"author":{"name":"\u00c0lex L\u00f3pez","@id":"https:\/\/www.revistarambla.com\/#\/schema\/person\/a146a5a2550b94981a75131180e1bd9c"},"headline":"P\u00e9rgolas de aluminio y lona, el complemento esencial para nuestra terraza o jard\u00edn","datePublished":"2022-05-20T11:18:23+00:00","dateModified":"2022-05-20T11:49:29+00:00","mainEntityOfPage":{"@id":"https:\/\/www.revistarambla.com\/pergolas-de-aluminio-y-lona-el-complemento-esencial-para-nuestra-terraza-o-jardin\/"},"wordCount":871,"publisher":{"@id":"https:\/\/www.revistarambla.com\/#organization"},"image":{"@id":"https:\/\/www.revistarambla.com\/pergolas-de-aluminio-y-lona-el-complemento-esencial-para-nuestra-terraza-o-jardin\/#primaryimage"},"thumbnailUrl":"https:\/\/www.revistarambla.com\/wp-content\/uploads\/2022\/05\/PERGOLA-blanca.jpg","articleSection":["Noticias de la vida"],"inLanguage":"en-GB"},{"@type":"WebPage","@id":"https:\/\/www.revistarambla.com\/pergolas-de-aluminio-y-lona-el-complemento-esencial-para-nuestra-terraza-o-jardin\/","url":"https:\/\/www.revistarambla.com\/pergolas-de-aluminio-y-lona-el-complemento-esencial-para-nuestra-terraza-o-jardin\/","name":"P\u00e9rgolas de aluminio y lona, el complemento esencial para nuestra terraza o jard\u00edn - Revista Rambla","isPartOf":{"@id":"https:\/\/www.revistarambla.com\/#website"},"primaryImageOfPage":{"@id":"https:\/\/www.revistarambla.com\/pergolas-de-aluminio-y-lona-el-complemento-esencial-para-nuestra-terraza-o-jardin\/#primaryimage"},"image":{"@id":"https:\/\/www.revistarambla.com\/pergolas-de-aluminio-y-lona-el-complemento-esencial-para-nuestra-terraza-o-jardin\/#primaryimage"},"thumbnailUrl":"https:\/\/www.revistarambla.com\/wp-content\/uploads\/2022\/05\/PERGOLA-blanca.jpg","datePublished":"2022-05-20T11:18:23+00:00","dateModified":"2022-05-20T11:49:29+00:00","breadcrumb":{"@id":"https:\/\/www.revistarambla.com\/pergolas-de-aluminio-y-lona-el-complemento-esencial-para-nuestra-terraza-o-jardin\/#breadcrumb"},"inLanguage":"en-GB","potentialAction":[{"@type":"ReadAction","target":["https:\/\/www.revistarambla.com\/pergolas-de-aluminio-y-lona-el-complemento-esencial-para-nuestra-terraza-o-jardin\/"]}]},{"@type":"ImageObject","inLanguage":"en-GB","@id":"https:\/\/www.revistarambla.com\/pergolas-de-aluminio-y-lona-el-complemento-esencial-para-nuestra-terraza-o-jardin\/#primaryimage","url":"https:\/\/www.revistarambla.com\/wp-content\/uploads\/2022\/05\/PERGOLA-blanca.jpg","contentUrl":"https:\/\/www.revistarambla.com\/wp-content\/uploads\/2022\/05\/PERGOLA-blanca.jpg","width":1000,"height":750,"caption":"pergola cenador aluminio toldo"},{"@type":"BreadcrumbList","@id":"https:\/\/www.revistarambla.com\/pergolas-de-aluminio-y-lona-el-complemento-esencial-para-nuestra-terraza-o-jardin\/#breadcrumb","itemListElement":[{"@type":"ListItem","position":1,"name":"Portada","item":"https:\/\/www.revistarambla.com\/"},{"@type":"ListItem","position":2,"name":"P\u00e9rgolas de aluminio y lona, el complemento esencial para nuestra terraza o jard\u00edn"}]},{"@type":"WebSite","@id":"https:\/\/www.revistarambla.com\/#website","url":"https:\/\/www.revistarambla.com\/","name":"Revista Rambla Barcelona","description":"Periodismo independiente","publisher":{"@id":"https:\/\/www.revistarambla.com\/#organization"},"potentialAction":[{"@type":"SearchAction","target":{"@type":"EntryPoint","urlTemplate":"https:\/\/www.revistarambla.com\/?s={search_term_string}"},"query-input":{"@type":"PropertyValueSpecification","valueRequired":true,"valueName":"search_term_string"}}],"inLanguage":"en-GB"},{"@type":"Organization","@id":"https:\/\/www.revistarambla.com\/#organization","name":"Revista Rambla","url":"https:\/\/www.revistarambla.com\/","logo":{"@type":"ImageObject","inLanguage":"en-GB","@id":"https:\/\/www.revistarambla.com\/#\/schema\/logo\/image\/","url":"https:\/\/www.revistarambla.com\/wp-content\/uploads\/2020\/09\/banner_rambla_1900x600_BB.png","contentUrl":"https:\/\/www.revistarambla.com\/wp-content\/uploads\/2020\/09\/banner_rambla_1900x600_BB.png","width":1900,"height":600,"caption":"Revista Rambla"},"image":{"@id":"https:\/\/www.revistarambla.com\/#\/schema\/logo\/image\/"},"sameAs":["https:\/\/www.facebook.com\/revistarambla\/","https:\/\/x.com\/revistarambla","https:\/\/www.instagram.com\/revista_rambla","https:\/\/es.linkedin.com\/company\/revista-rambla"]},{"@type":"Person","@id":"https:\/\/www.revistarambla.com\/#\/schema\/person\/a146a5a2550b94981a75131180e1bd9c","name":"\u00c0lex L\u00f3pez","sameAs":["https:\/\/www.facebook.com\/revistarambla","https:\/\/x.com\/revistarambla"]}]}},"_links":{"self":[{"href":"https:\/\/www.revistarambla.com\/en\/wp-json\/wp\/v2\/posts\/42272","targetHints":{"allow":["GET"]}}],"collection":[{"href":"https:\/\/www.revistarambla.com\/en\/wp-json\/wp\/v2\/posts"}],"about":[{"href":"https:\/\/www.revistarambla.com\/en\/wp-json\/wp\/v2\/types\/post"}],"author":[{"embeddable":true,"href":"https:\/\/www.revistarambla.com\/en\/wp-json\/wp\/v2\/users\/3"}],"replies":[{"embeddable":true,"href":"https:\/\/www.revistarambla.com\/en\/wp-json\/wp\/v2\/comments?post=42272"}],"version-history":[{"count":0,"href":"https:\/\/www.revistarambla.com\/en\/wp-json\/wp\/v2\/posts\/42272\/revisions"}],"wp:featuredmedia":[{"embeddable":true,"href":"https:\/\/www.revistarambla.com\/en\/wp-json\/wp\/v2\/media\/42292"}],"wp:attachment":[{"href":"https:\/\/www.revistarambla.com\/en\/wp-json\/wp\/v2\/media?parent=42272"}],"wp:term":[{"taxonomy":"category","embeddable":true,"href":"https:\/\/www.revistarambla.com\/en\/wp-json\/wp\/v2\/categories?post=42272"},{"taxonomy":"post_tag","embeddable":true,"href":"https:\/\/www.revistarambla.com\/en\/wp-json\/wp\/v2\/tags?post=42272"}],"curies":[{"name":"wp","href":"https:\/\/api.w.org\/{rel}","templated":true}]}}