{"id":4221,"date":"2013-11-10T09:40:56","date_gmt":"2013-11-10T09:40:56","guid":{"rendered":"https:\/\/www.revistarambla.com\/un-limite-para-los-mossos\/"},"modified":"2024-05-11T20:42:36","modified_gmt":"2024-05-11T18:42:36","slug":"un-limite-para-los-mossos","status":"publish","type":"post","link":"https:\/\/www.revistarambla.com\/en\/un-limite-para-los-mossos\/","title":{"rendered":"Un l\u00edmite para los abusos de los Mossos d&#8217;Esquadra"},"content":{"rendered":"<p>Todos los partidos de la oposici\u00f3n y numerosos movimientos sociales reclaman el fin de la impunidad en torno a los sucesivos abusos de los Mossos d&#8217;Esquadra que se viven en <a href=\"https:\/\/www.revistarambla.com\/en\/actualidad\/barcelona\/\">Barcelona<\/a>.<\/p>\n<p>De los miles de turistas que cada d\u00eda pasean por Las Ramblas de Barcelona, muchos van con miedo. Temen que los carteristas aprovechen un despiste para hacerse con su c\u00e1mara de fotos, temen que al entrar en el famoso Mercado de la Boquer\u00eda alguien les quite el bolso. \u00bfPero qu\u00e9 es lo que verdaderamente convierte a una de las mayores capitales tur\u00edsticas de Europa en terreno inseguro? \u00bfLos ladrones o la polic\u00eda?<\/p>\n<h2>Abusos de los Mossos d&#8217;Esquadra: casos Ben\u00edtez &#8211; Quintana<\/h2>\n<p>Ocho agentes de los Mossos d\u2019Esquadra imputados por la muerte del empresario <a href=\"https:\/\/www.revistarambla.com\/en\/aineto-este-juicio-david-no-se-gana-nunca-porque-el-muerto-esta-muerto\/\">Juan Andr\u00e9s Ben\u00edtez<\/a> tras su detenci\u00f3n el pasado 5 de octubre en el barrio del Raval, cinco agentes de la misma comisar\u00eda tambi\u00e9n imputados por abuso policial hacia el periodista Bertran Cazorla y por agresi\u00f3n a un motorista. Sin olvidar el caso de <a href=\"https:\/\/www.revistarambla.com\/en\/queda-visto-para-sentencia-el-caso-de-ester-quintana\/\">Esther Quintana,<\/a> que hace un a\u00f1o perdi\u00f3 un ojo durante una manifestaci\u00f3n, presuntamente, a causa de una bala de goma lanzada por los Mossos.<\/p>\n<p>La brutal paliza que se ha podido ver en los v\u00eddeos presentados como pruebas ante la justicia \u2014y difundidos luego por la prensa\u2014 han vuelto a poner sobre la mesa la desprotecci\u00f3n que sienten muchos ciudadanos de Barcelona ante aquellos que, en teor\u00eda, est\u00e1n ah\u00ed para protegerlos. \u00abEn el Raval la polic\u00eda debe respetar los derechos de sus conciudadanos como en el resto de barrios\u00bb reclam\u00f3 I\u00f1aki Garc\u00eda, portavoz de la Asamblea de vecinos del Raval, durante la rueda de prensa brindada junto a otras asociaciones y movimientos sociales tras la imputaci\u00f3n de los ocho polic\u00edas por la muerte del empresario del Gaixample. Garc\u00eda critic\u00f3 adem\u00e1s la actitud \u00abarrogante y prepotente\u00bb que tienen los agentes que trabajan en el Raval, \u201cgenerando miedo desde que salen del coche patrulla\u201d.<\/p>\n<p>La Federaci\u00f3n de Asociaciones de Vecinos de Barcelona (FAVB), la Asamblea de vecinos del Raval, el Front d&#8217;Alliberament Gai, Reraguarda en Moviment y Ester Quintana (Ojo con tu ojo) han pedido este martes el cese\u00bbfulminante\u00bb del director de los Mossos d&#8217;Esquadra, Manel Prat, y han exigido tambi\u00e9n que se \u00abdepure\u00bb la comisar\u00eda de Ciutat Vella por el caso de Ben\u00edtez y otras actuaciones como la redada en el local de ambiente &#8216;La Bata de Boatin\u00e9&#8217; en el D\u00eda del Orgullo Gay, la detenci\u00f3n del periodista Bertran Cazorla y la presi\u00f3n que, aseguran, sufren las prostitutas.<\/p>\n<p>Sin embargo, nada m\u00e1s lejos de la intenci\u00f3n manifestada por los responsables de las fuerzas de seguridad durante los \u00faltimos d\u00edas. El Director General de los Mossos d\u2019Esquadra, Manel Prat, ha insistido en diversas entrevistas que no se le ha pasado por la cabeza presentar su dimisi\u00f3n porque \u00abest\u00e1 por valorar si la actuaci\u00f3n fue incorrecta\u00bb. De hecho, ha recordado que \u00abalguna vez\u00bb ha presentado la renuncia (en el caso de Esther Quintana) y \u00abno ha sido aceptada\u00bb.<\/p>\n<p>El director de los Mossos ha querido dejar claro que, en las im\u00e1genes filmadas por los testigos, el detenido todav\u00eda no est\u00e1 completamente reducido cuando recibe los golpes de los agentes y que, en todo caso, estos no se propinan en la cabeza, tal y como se\u00f1ala el informe de la Polic\u00eda Nacional. Adem\u00e1s, en una entrevista para Catalunya R\u00e0dio, Prat ha justificado la violencia por parte de los agentes porque \u00abhay momentos en que la polic\u00eda tiene que hacer uso de la fuerza, no para hacer da\u00f1o, sino para ablandar a la persona y ponerla boca abajo, con los brazos atr\u00e1s, para poderlo esposar\u00bb.<\/p>\n<p>En su intento de exculpaci\u00f3n, el m\u00e1ximo responsable de la polic\u00eda auton\u00f3mica no est\u00e1 solo. A su lado se encuentra el Conseller de Interior, Ramon Espadaler, quien contin\u00faa defendi\u00e9ndolo contra viento y marea a pesar de las presiones de la mayor\u00eda de los partidos para que sea destituido por su gesti\u00f3n del caso Ben\u00edtez. \u201cEn un momento dif\u00edcil, Prat cuenta con todo mi apoyo y todo el del Govern\u201d ha afirmado Espadaler este mi\u00e9rcoles en la sesi\u00f3n de control parlamentaria. \u00a0\u201cLa nuestra es una polic\u00eda democr\u00e1tica, no nos podemos permitir que el cuerpo de los Mossos se convierta en un objeto arrojadizo entre partidos pol\u00edticos\u201d concluy\u00f3 su intervenci\u00f3n insinuando que no hay abusos de los Mossos d&#8217;Esquadra.<\/p>\n<p>Pero m\u00e1s all\u00e1 de las f\u00e9rreas convicciones del Conseller, la comisi\u00f3n de Interior ha acordado este jueves por unanimidad su comparecencia urgente para dar explicaciones en el Parlament sobre la muerte del empresario en el\u00a0Raval\u00a0 y sobre la situaci\u00f3n de la polic\u00eda catalana. Todos los grupos han apoyado las peticiones de Iniciativa per Catalunya (ICV), Ciutadans, PSC y PP para que Espadaler comparezca ante la c\u00e1mara catalana y se posicione, no solo acerca del caso de\u00a0Juan Andr\u00e9s Ben\u00edtez sino tambi\u00e9n sobre la pol\u00edtica de seguridad de su departamento y las \u00faltimas actuaciones policiales, por las que se acumulan ya 13 imputaciones a agentes de la comisar\u00eda de Ciutat Vella.<\/p>\n<p>\u201cSi en la comparecencia no se anuncia la destituci\u00f3n del director de los Mossos d&#8217;Esquadra, Manel Prat, promoveremos la reprobaci\u00f3n del Conseller en el Parlament\u201d ha adelantado ICV. Y no son los \u00fanicos. Ester Quintana, la mujer que ha perdido un ojo a causa de una bala de goma disparada por los Mossos durante la \u00faltima Huelga general en Barcelona, se personar\u00e1 tambi\u00e9n para comparecer en solidaridad con Ben\u00edtez. La fecha estimada para la declaraci\u00f3n de Espadaler \u2014que tambi\u00e9n hab\u00eda pedido acudir a la c\u00e1mara catalana para dar su versi\u00f3n del caso del Raval\u2014 es la del pr\u00f3ximo jueves 14 de noviembre, cuando hay convocada una nueva reuni\u00f3n de la comisi\u00f3n de Interior. Para ese d\u00eda, Ester Quintana ha anunciado una manifestaci\u00f3n que saldr\u00e1, a las 19.30 horas, desde la calle Aurora, donde tuvo lugar la violenta reducci\u00f3n del empresario, hasta plaza Sant Jaume, sede de la Generalitat, para \u00abunirse y hacer fuerza\u00bb. Porque si hay algo que en Barcelona da cada d\u00eda m\u00e1s miedo, es la impunidad.<\/p>","protected":false},"excerpt":{"rendered":"<p>Todos los partidos de la oposici\u00f3n y numerosos movimientos sociales reclaman el fin de la impunidad en torno a los sucesivos abusos de los Mossos d&#8217;Esquadra que se viven en Barcelona. De los miles de turistas que cada d\u00eda pasean por Las Ramblas de Barcelona, muchos van con miedo. Temen [&hellip;]<\/p>\n","protected":false},"author":3,"featured_media":4220,"comment_status":"open","ping_status":"open","sticky":false,"template":"","format":"standard","meta":{"footnotes":""},"categories":[76],"tags":[],"class_list":["post-4221","post","type-post","status-publish","format-standard","has-post-thumbnail","hentry","category-barcelona"],"yoast_head":"<!-- This site is optimized with the Yoast SEO plugin v27.5 - https:\/\/yoast.com\/product\/yoast-seo-wordpress\/ -->\n<title>Un l\u00edmite para los abusos de los Mossos d&#039;Esquadra - Revista Rambla<\/title>\n<meta name=\"description\" content=\"Movimientos sociales reclaman el fin de la impunidad en torno a los sucesivos abusos de los Mossos d&#039;Esquadra que se viven en Barcelona.\" \/>\n<meta name=\"robots\" content=\"index, follow, max-snippet:-1, max-image-preview:large, max-video-preview:-1\" \/>\n<link rel=\"canonical\" href=\"https:\/\/www.revistarambla.com\/en\/un-limite-para-los-mossos\/\" \/>\n<meta property=\"og:locale\" content=\"en_GB\" \/>\n<meta property=\"og:type\" content=\"article\" \/>\n<meta property=\"og:title\" content=\"Un l\u00edmite para los abusos de los Mossos d&#039;Esquadra - Revista Rambla\" \/>\n<meta property=\"og:description\" content=\"Movimientos sociales reclaman el fin de la impunidad en torno a los sucesivos abusos de los Mossos d&#039;Esquadra que se viven en Barcelona.\" \/>\n<meta property=\"og:url\" content=\"https:\/\/www.revistarambla.com\/en\/un-limite-para-los-mossos\/\" \/>\n<meta property=\"og:site_name\" content=\"Revista Rambla\" \/>\n<meta property=\"article:publisher\" content=\"https:\/\/www.facebook.com\/revistarambla\/\" \/>\n<meta property=\"article:author\" content=\"https:\/\/www.facebook.com\/revistarambla\" \/>\n<meta property=\"article:published_time\" content=\"2013-11-10T09:40:56+00:00\" \/>\n<meta property=\"article:modified_time\" content=\"2024-05-11T18:42:36+00:00\" \/>\n<meta property=\"og:image\" content=\"https:\/\/www.revistarambla.com\/wp-content\/uploads\/2013\/11\/mossos_rambla_12.jpg\" \/>\n\t<meta property=\"og:image:width\" content=\"700\" \/>\n\t<meta property=\"og:image:height\" content=\"450\" \/>\n\t<meta property=\"og:image:type\" content=\"image\/jpeg\" \/>\n<meta name=\"author\" content=\"R@mbla\" \/>\n<meta name=\"twitter:card\" content=\"summary_large_image\" \/>\n<meta name=\"twitter:creator\" content=\"@revistarambla\" \/>\n<meta name=\"twitter:site\" content=\"@revistarambla\" \/>\n<meta name=\"twitter:label1\" content=\"Written by\" \/>\n\t<meta name=\"twitter:data1\" content=\"R@mbla\" \/>\n\t<meta name=\"twitter:label2\" content=\"Estimated reading time\" \/>\n\t<meta name=\"twitter:data2\" content=\"5 minutes\" \/>\n<script type=\"application\/ld+json\" class=\"yoast-schema-graph\">{\"@context\":\"https:\\\/\\\/schema.org\",\"@graph\":[{\"@type\":\"Article\",\"@id\":\"https:\\\/\\\/www.revistarambla.com\\\/un-limite-para-los-mossos\\\/#article\",\"isPartOf\":{\"@id\":\"https:\\\/\\\/www.revistarambla.com\\\/un-limite-para-los-mossos\\\/\"},\"author\":{\"name\":\"R@mbla\",\"@id\":\"https:\\\/\\\/www.revistarambla.com\\\/#\\\/schema\\\/person\\\/a146a5a2550b94981a75131180e1bd9c\"},\"headline\":\"Un l\u00edmite para los abusos de los Mossos d&#8217;Esquadra\",\"datePublished\":\"2013-11-10T09:40:56+00:00\",\"dateModified\":\"2024-05-11T18:42:36+00:00\",\"mainEntityOfPage\":{\"@id\":\"https:\\\/\\\/www.revistarambla.com\\\/un-limite-para-los-mossos\\\/\"},\"wordCount\":1100,\"commentCount\":1,\"publisher\":{\"@id\":\"https:\\\/\\\/www.revistarambla.com\\\/#organization\"},\"image\":{\"@id\":\"https:\\\/\\\/www.revistarambla.com\\\/un-limite-para-los-mossos\\\/#primaryimage\"},\"thumbnailUrl\":\"https:\\\/\\\/www.revistarambla.com\\\/wp-content\\\/uploads\\\/2013\\\/11\\\/mossos_rambla_12.jpg\",\"articleSection\":[\"Barcelona\"],\"inLanguage\":\"en-GB\",\"potentialAction\":[{\"@type\":\"CommentAction\",\"name\":\"Comment\",\"target\":[\"https:\\\/\\\/www.revistarambla.com\\\/un-limite-para-los-mossos\\\/#respond\"]}]},{\"@type\":\"WebPage\",\"@id\":\"https:\\\/\\\/www.revistarambla.com\\\/un-limite-para-los-mossos\\\/\",\"url\":\"https:\\\/\\\/www.revistarambla.com\\\/un-limite-para-los-mossos\\\/\",\"name\":\"Un l\u00edmite para los abusos de los Mossos d'Esquadra - Revista Rambla\",\"isPartOf\":{\"@id\":\"https:\\\/\\\/www.revistarambla.com\\\/#website\"},\"primaryImageOfPage\":{\"@id\":\"https:\\\/\\\/www.revistarambla.com\\\/un-limite-para-los-mossos\\\/#primaryimage\"},\"image\":{\"@id\":\"https:\\\/\\\/www.revistarambla.com\\\/un-limite-para-los-mossos\\\/#primaryimage\"},\"thumbnailUrl\":\"https:\\\/\\\/www.revistarambla.com\\\/wp-content\\\/uploads\\\/2013\\\/11\\\/mossos_rambla_12.jpg\",\"datePublished\":\"2013-11-10T09:40:56+00:00\",\"dateModified\":\"2024-05-11T18:42:36+00:00\",\"description\":\"Movimientos sociales reclaman el fin de la impunidad en torno a los sucesivos abusos de los Mossos d'Esquadra que se viven en Barcelona.\",\"breadcrumb\":{\"@id\":\"https:\\\/\\\/www.revistarambla.com\\\/un-limite-para-los-mossos\\\/#breadcrumb\"},\"inLanguage\":\"en-GB\",\"potentialAction\":[{\"@type\":\"ReadAction\",\"target\":[\"https:\\\/\\\/www.revistarambla.com\\\/un-limite-para-los-mossos\\\/\"]}]},{\"@type\":\"ImageObject\",\"inLanguage\":\"en-GB\",\"@id\":\"https:\\\/\\\/www.revistarambla.com\\\/un-limite-para-los-mossos\\\/#primaryimage\",\"url\":\"https:\\\/\\\/www.revistarambla.com\\\/wp-content\\\/uploads\\\/2013\\\/11\\\/mossos_rambla_12.jpg\",\"contentUrl\":\"https:\\\/\\\/www.revistarambla.com\\\/wp-content\\\/uploads\\\/2013\\\/11\\\/mossos_rambla_12.jpg\",\"width\":700,\"height\":450,\"caption\":\"abusos Mossos d'Esquadra manifestaci\u00f3n detenci\u00f3n agentes polic\u00eda barcelona\"},{\"@type\":\"BreadcrumbList\",\"@id\":\"https:\\\/\\\/www.revistarambla.com\\\/un-limite-para-los-mossos\\\/#breadcrumb\",\"itemListElement\":[{\"@type\":\"ListItem\",\"position\":1,\"name\":\"Portada\",\"item\":\"https:\\\/\\\/www.revistarambla.com\\\/\"},{\"@type\":\"ListItem\",\"position\":2,\"name\":\"Un l\u00edmite para los abusos de los Mossos d&#8217;Esquadra\"}]},{\"@type\":\"WebSite\",\"@id\":\"https:\\\/\\\/www.revistarambla.com\\\/#website\",\"url\":\"https:\\\/\\\/www.revistarambla.com\\\/\",\"name\":\"Revista Rambla Barcelona\",\"description\":\"Periodismo independiente\",\"publisher\":{\"@id\":\"https:\\\/\\\/www.revistarambla.com\\\/#organization\"},\"potentialAction\":[{\"@type\":\"SearchAction\",\"target\":{\"@type\":\"EntryPoint\",\"urlTemplate\":\"https:\\\/\\\/www.revistarambla.com\\\/?s={search_term_string}\"},\"query-input\":{\"@type\":\"PropertyValueSpecification\",\"valueRequired\":true,\"valueName\":\"search_term_string\"}}],\"inLanguage\":\"en-GB\"},{\"@type\":\"Organization\",\"@id\":\"https:\\\/\\\/www.revistarambla.com\\\/#organization\",\"name\":\"Revista Rambla\",\"url\":\"https:\\\/\\\/www.revistarambla.com\\\/\",\"logo\":{\"@type\":\"ImageObject\",\"inLanguage\":\"en-GB\",\"@id\":\"https:\\\/\\\/www.revistarambla.com\\\/#\\\/schema\\\/logo\\\/image\\\/\",\"url\":\"https:\\\/\\\/www.revistarambla.com\\\/wp-content\\\/uploads\\\/2020\\\/09\\\/banner_rambla_1900x600_BB.png\",\"contentUrl\":\"https:\\\/\\\/www.revistarambla.com\\\/wp-content\\\/uploads\\\/2020\\\/09\\\/banner_rambla_1900x600_BB.png\",\"width\":1900,\"height\":600,\"caption\":\"Revista Rambla\"},\"image\":{\"@id\":\"https:\\\/\\\/www.revistarambla.com\\\/#\\\/schema\\\/logo\\\/image\\\/\"},\"sameAs\":[\"https:\\\/\\\/www.facebook.com\\\/revistarambla\\\/\",\"https:\\\/\\\/x.com\\\/revistarambla\",\"https:\\\/\\\/www.instagram.com\\\/revista_rambla\",\"https:\\\/\\\/es.linkedin.com\\\/company\\\/revista-rambla\"]},{\"@type\":\"Person\",\"@id\":\"https:\\\/\\\/www.revistarambla.com\\\/#\\\/schema\\\/person\\\/a146a5a2550b94981a75131180e1bd9c\",\"name\":\"R@mbla\",\"description\":\"Este art\u00edculo ha sido redactado y\\\/o validado por el equipo de redacci\u00f3n de Revista Rambla.\",\"sameAs\":[\"https:\\\/\\\/www.revistarambla.com\\\/\",\"https:\\\/\\\/www.facebook.com\\\/revistarambla\",\"https:\\\/\\\/x.com\\\/revistarambla\"]}]}<\/script>\n<!-- \/ Yoast SEO plugin. -->","yoast_head_json":{"title":"Un l\u00edmite para los abusos de los Mossos d'Esquadra - Revista Rambla","description":"Movimientos sociales reclaman el fin de la impunidad en torno a los sucesivos abusos de los Mossos d'Esquadra que se viven en Barcelona.","robots":{"index":"index","follow":"follow","max-snippet":"max-snippet:-1","max-image-preview":"max-image-preview:large","max-video-preview":"max-video-preview:-1"},"canonical":"https:\/\/www.revistarambla.com\/en\/un-limite-para-los-mossos\/","og_locale":"en_GB","og_type":"article","og_title":"Un l\u00edmite para los abusos de los Mossos d'Esquadra - Revista Rambla","og_description":"Movimientos sociales reclaman el fin de la impunidad en torno a los sucesivos abusos de los Mossos d'Esquadra que se viven en Barcelona.","og_url":"https:\/\/www.revistarambla.com\/en\/un-limite-para-los-mossos\/","og_site_name":"Revista Rambla","article_publisher":"https:\/\/www.facebook.com\/revistarambla\/","article_author":"https:\/\/www.facebook.com\/revistarambla","article_published_time":"2013-11-10T09:40:56+00:00","article_modified_time":"2024-05-11T18:42:36+00:00","og_image":[{"width":700,"height":450,"url":"https:\/\/www.revistarambla.com\/wp-content\/uploads\/2013\/11\/mossos_rambla_12.jpg","type":"image\/jpeg"}],"author":"R@mbla","twitter_card":"summary_large_image","twitter_creator":"@revistarambla","twitter_site":"@revistarambla","twitter_misc":{"Written by":"R@mbla","Estimated reading time":"5 minutes"},"schema":{"@context":"https:\/\/schema.org","@graph":[{"@type":"Article","@id":"https:\/\/www.revistarambla.com\/un-limite-para-los-mossos\/#article","isPartOf":{"@id":"https:\/\/www.revistarambla.com\/un-limite-para-los-mossos\/"},"author":{"name":"R@mbla","@id":"https:\/\/www.revistarambla.com\/#\/schema\/person\/a146a5a2550b94981a75131180e1bd9c"},"headline":"Un l\u00edmite para los abusos de los Mossos d&#8217;Esquadra","datePublished":"2013-11-10T09:40:56+00:00","dateModified":"2024-05-11T18:42:36+00:00","mainEntityOfPage":{"@id":"https:\/\/www.revistarambla.com\/un-limite-para-los-mossos\/"},"wordCount":1100,"commentCount":1,"publisher":{"@id":"https:\/\/www.revistarambla.com\/#organization"},"image":{"@id":"https:\/\/www.revistarambla.com\/un-limite-para-los-mossos\/#primaryimage"},"thumbnailUrl":"https:\/\/www.revistarambla.com\/wp-content\/uploads\/2013\/11\/mossos_rambla_12.jpg","articleSection":["Barcelona"],"inLanguage":"en-GB","potentialAction":[{"@type":"CommentAction","name":"Comment","target":["https:\/\/www.revistarambla.com\/un-limite-para-los-mossos\/#respond"]}]},{"@type":"WebPage","@id":"https:\/\/www.revistarambla.com\/un-limite-para-los-mossos\/","url":"https:\/\/www.revistarambla.com\/un-limite-para-los-mossos\/","name":"Un l\u00edmite para los abusos de los Mossos d'Esquadra - Revista Rambla","isPartOf":{"@id":"https:\/\/www.revistarambla.com\/#website"},"primaryImageOfPage":{"@id":"https:\/\/www.revistarambla.com\/un-limite-para-los-mossos\/#primaryimage"},"image":{"@id":"https:\/\/www.revistarambla.com\/un-limite-para-los-mossos\/#primaryimage"},"thumbnailUrl":"https:\/\/www.revistarambla.com\/wp-content\/uploads\/2013\/11\/mossos_rambla_12.jpg","datePublished":"2013-11-10T09:40:56+00:00","dateModified":"2024-05-11T18:42:36+00:00","description":"Movimientos sociales reclaman el fin de la impunidad en torno a los sucesivos abusos de los Mossos d'Esquadra que se viven en Barcelona.","breadcrumb":{"@id":"https:\/\/www.revistarambla.com\/un-limite-para-los-mossos\/#breadcrumb"},"inLanguage":"en-GB","potentialAction":[{"@type":"ReadAction","target":["https:\/\/www.revistarambla.com\/un-limite-para-los-mossos\/"]}]},{"@type":"ImageObject","inLanguage":"en-GB","@id":"https:\/\/www.revistarambla.com\/un-limite-para-los-mossos\/#primaryimage","url":"https:\/\/www.revistarambla.com\/wp-content\/uploads\/2013\/11\/mossos_rambla_12.jpg","contentUrl":"https:\/\/www.revistarambla.com\/wp-content\/uploads\/2013\/11\/mossos_rambla_12.jpg","width":700,"height":450,"caption":"abusos Mossos d'Esquadra manifestaci\u00f3n detenci\u00f3n agentes polic\u00eda barcelona"},{"@type":"BreadcrumbList","@id":"https:\/\/www.revistarambla.com\/un-limite-para-los-mossos\/#breadcrumb","itemListElement":[{"@type":"ListItem","position":1,"name":"Portada","item":"https:\/\/www.revistarambla.com\/"},{"@type":"ListItem","position":2,"name":"Un l\u00edmite para los abusos de los Mossos d&#8217;Esquadra"}]},{"@type":"WebSite","@id":"https:\/\/www.revistarambla.com\/#website","url":"https:\/\/www.revistarambla.com\/","name":"Revista Rambla Barcelona","description":"Periodismo independiente","publisher":{"@id":"https:\/\/www.revistarambla.com\/#organization"},"potentialAction":[{"@type":"SearchAction","target":{"@type":"EntryPoint","urlTemplate":"https:\/\/www.revistarambla.com\/?s={search_term_string}"},"query-input":{"@type":"PropertyValueSpecification","valueRequired":true,"valueName":"search_term_string"}}],"inLanguage":"en-GB"},{"@type":"Organization","@id":"https:\/\/www.revistarambla.com\/#organization","name":"Revista Rambla","url":"https:\/\/www.revistarambla.com\/","logo":{"@type":"ImageObject","inLanguage":"en-GB","@id":"https:\/\/www.revistarambla.com\/#\/schema\/logo\/image\/","url":"https:\/\/www.revistarambla.com\/wp-content\/uploads\/2020\/09\/banner_rambla_1900x600_BB.png","contentUrl":"https:\/\/www.revistarambla.com\/wp-content\/uploads\/2020\/09\/banner_rambla_1900x600_BB.png","width":1900,"height":600,"caption":"Revista Rambla"},"image":{"@id":"https:\/\/www.revistarambla.com\/#\/schema\/logo\/image\/"},"sameAs":["https:\/\/www.facebook.com\/revistarambla\/","https:\/\/x.com\/revistarambla","https:\/\/www.instagram.com\/revista_rambla","https:\/\/es.linkedin.com\/company\/revista-rambla"]},{"@type":"Person","@id":"https:\/\/www.revistarambla.com\/#\/schema\/person\/a146a5a2550b94981a75131180e1bd9c","name":"R@mbla","description":"Este art\u00edculo ha sido redactado y\/o validado por el equipo de redacci\u00f3n de Revista Rambla.","sameAs":["https:\/\/www.revistarambla.com\/","https:\/\/www.facebook.com\/revistarambla","https:\/\/x.com\/revistarambla"]}]}},"_links":{"self":[{"href":"https:\/\/www.revistarambla.com\/en\/wp-json\/wp\/v2\/posts\/4221","targetHints":{"allow":["GET"]}}],"collection":[{"href":"https:\/\/www.revistarambla.com\/en\/wp-json\/wp\/v2\/posts"}],"about":[{"href":"https:\/\/www.revistarambla.com\/en\/wp-json\/wp\/v2\/types\/post"}],"author":[{"embeddable":true,"href":"https:\/\/www.revistarambla.com\/en\/wp-json\/wp\/v2\/users\/3"}],"replies":[{"embeddable":true,"href":"https:\/\/www.revistarambla.com\/en\/wp-json\/wp\/v2\/comments?post=4221"}],"version-history":[{"count":2,"href":"https:\/\/www.revistarambla.com\/en\/wp-json\/wp\/v2\/posts\/4221\/revisions"}],"predecessor-version":[{"id":60192,"href":"https:\/\/www.revistarambla.com\/en\/wp-json\/wp\/v2\/posts\/4221\/revisions\/60192"}],"wp:featuredmedia":[{"embeddable":true,"href":"https:\/\/www.revistarambla.com\/en\/wp-json\/wp\/v2\/media\/4220"}],"wp:attachment":[{"href":"https:\/\/www.revistarambla.com\/en\/wp-json\/wp\/v2\/media?parent=4221"}],"wp:term":[{"taxonomy":"category","embeddable":true,"href":"https:\/\/www.revistarambla.com\/en\/wp-json\/wp\/v2\/categories?post=4221"},{"taxonomy":"post_tag","embeddable":true,"href":"https:\/\/www.revistarambla.com\/en\/wp-json\/wp\/v2\/tags?post=4221"}],"curies":[{"name":"wp","href":"https:\/\/api.w.org\/{rel}","templated":true}]}}