{"id":42175,"date":"2022-05-17T13:29:13","date_gmt":"2022-05-17T11:29:13","guid":{"rendered":"https:\/\/www.revistarambla.com\/?p=42175"},"modified":"2022-05-18T20:46:23","modified_gmt":"2022-05-18T18:46:23","slug":"pep-fornes-publica-dos-nuevas-obras-con-ediciones-rambla","status":"publish","type":"post","link":"https:\/\/www.revistarambla.com\/en\/pep-fornes-publica-dos-nuevas-obras-con-ediciones-rambla\/","title":{"rendered":"Pep Forn\u00e9s publica dos nuevas obras con Ediciones Rambla"},"content":{"rendered":"<p>La editorial independiente barcelonesa, Ediciones Rambla, ha publicado recientemente dos nuevas obras del antrop\u00f3logo y profesor universitario, Josep Forn\u00e9s Garcia. Se trata del poemario &#8216;Poemes de clam i de festa&#8217; y de una compilaci\u00f3n de cuentos \u00abcon mala leche\u00bb titulada &#8216;Contes cabrons&#8217;. Con anterioridad, Pep Forn\u00e9s ya hab\u00eda publicado bajo el mismo sello editorial, &#8216;Festa Major de la Vila de Gr\u00e0cia. La mem\u00f2ria compartida&#8217;, un libro que ha supuesto un \u00e9xito absoluto.<\/p>\n<h3>&#8216;Poemes de clam i de festa&#8217;<\/h3>\n<p><img decoding=\"async\" class=\"aligncenter wp-image-42176\" src=\"https:\/\/www.revistarambla.com\/wp-content\/uploads\/2022\/05\/OrigCoberta2Poemes1165x875-250x365.jpg\" alt=\"\" width=\"300\" height=\"438\" srcset=\"https:\/\/www.revistarambla.com\/wp-content\/uploads\/2022\/05\/OrigCoberta2Poemes1165x875-250x365.jpg 250w, https:\/\/www.revistarambla.com\/wp-content\/uploads\/2022\/05\/OrigCoberta2Poemes1165x875-575x840.jpg 575w, https:\/\/www.revistarambla.com\/wp-content\/uploads\/2022\/05\/OrigCoberta2Poemes1165x875-768x1121.jpg 768w, https:\/\/www.revistarambla.com\/wp-content\/uploads\/2022\/05\/OrigCoberta2Poemes1165x875-1052x1536.jpg 1052w, https:\/\/www.revistarambla.com\/wp-content\/uploads\/2022\/05\/OrigCoberta2Poemes1165x875-1403x2048.jpg 1403w, https:\/\/www.revistarambla.com\/wp-content\/uploads\/2022\/05\/OrigCoberta2Poemes1165x875-8x12.jpg 8w, https:\/\/www.revistarambla.com\/wp-content\/uploads\/2022\/05\/OrigCoberta2Poemes1165x875-scaled.jpg 1753w\" sizes=\"(max-width: 300px) 100vw, 300px\" \/><\/p>\n<p>Hay poemas que se leen, hay otros que se aprenden. Hay poemas que se recitan y hay que se cantan. En este nuevo libro de Pep Forn\u00e9s encontraremos la poes\u00eda de la vida cotidiana. Escucharemos la voz de los glosadores, el clamor que enerva, el verso que transforma las emociones en palabras. Leeremos los versos an\u00f3nimos de Carnaval enmascarados por la s\u00e1tira. Disfrutaremos con los poemas de fiesta que describen los sentimientos alegres. Conoceremos eleg\u00edas que apaciguan el dolor. Cuarenta poemas de &#8216;clam i de festa&#8217; escritos para compartir las emociones con los lectores.<\/p>\n<h3>&#8216;Contes cabrons&#8217;<\/h3>\n<p><img decoding=\"async\" class=\"aligncenter wp-image-42177\" src=\"https:\/\/www.revistarambla.com\/wp-content\/uploads\/2022\/05\/OrigCoberta2Contes1165x875-247x365.jpg\" alt=\"\" width=\"300\" height=\"444\" srcset=\"https:\/\/www.revistarambla.com\/wp-content\/uploads\/2022\/05\/OrigCoberta2Contes1165x875-247x365.jpg 247w, https:\/\/www.revistarambla.com\/wp-content\/uploads\/2022\/05\/OrigCoberta2Contes1165x875-568x840.jpg 568w, https:\/\/www.revistarambla.com\/wp-content\/uploads\/2022\/05\/OrigCoberta2Contes1165x875-768x1136.jpg 768w, https:\/\/www.revistarambla.com\/wp-content\/uploads\/2022\/05\/OrigCoberta2Contes1165x875-1038x1536.jpg 1038w, https:\/\/www.revistarambla.com\/wp-content\/uploads\/2022\/05\/OrigCoberta2Contes1165x875-1384x2048.jpg 1384w, https:\/\/www.revistarambla.com\/wp-content\/uploads\/2022\/05\/OrigCoberta2Contes1165x875-8x12.jpg 8w, https:\/\/www.revistarambla.com\/wp-content\/uploads\/2022\/05\/OrigCoberta2Contes1165x875-scaled.jpg 1730w\" sizes=\"(max-width: 300px) 100vw, 300px\" \/><\/p>\n<p>Una historia de sirenas que acaba en revuelta, el asesinato de una ni\u00f1a perseguida por jueces y gobernadores, un guerrillero vasc\u00f3n que abandona las armas para plantar habas en el camino a las estrellas, una vecina incordiada que contempla como arden los contenedores, una cacerolada a plena luz de la noche, una beata franquista que no se aguanta los pedos, un galardonado insomne, un baile m\u00e1gico en la noche de las almas, una tr\u00e1gica noche de San Juan al lado del mar, la soberbia de un emperador, la ambici\u00f3n de una candidata sectaria, la equidistancia de un tertuliano en horas bajas, la m\u00fasica suburbana en hora punta, un retorno m\u00e1gico a la Navidad del barrio, la boda de la hija de una progre de buena familia, una sedentaria crujida, un <em>caganer<\/em> confinado y el <em>Patufet<\/em> de un pa\u00eds donde nunca nieva ni llueve. He aqu\u00ed diecisiete cuentos con mala leche, pero tiernos, que Josep Forn\u00e9s ha ido creando cuando hab\u00eda que afilar la pluma en los momentos m\u00e1s cr\u00edticos: los cuentos cabrones.<\/p>\n<p>Ambas obras se pueden adquirir en Amazon en los siguientes enlaces:<\/p>\n<ul>\n<li><a href=\"https:\/\/www.amazon.es\/POEMES-CL-M-I-FESTA\/dp\/B09WQBHB73\">Poemes de clam i de festa<\/a><\/li>\n<li><a href=\"https:\/\/www.amazon.es\/CONTES-CABRONS-Josep-Forn%C3%A9s-Garcia\/dp\/B09WQDW5CY\">Contes cabrons<\/a><\/li>\n<\/ul>","protected":false},"excerpt":{"rendered":"<p>El poemario &#8216;Poemes de clam i de festa&#8217; y la compilaci\u00f3n de cuentos \u00abcon mala leche\u00bb, &#8216;Contes Cabrons&#8217;, ya est\u00e1n a la venta en Amazon<\/p>","protected":false},"author":3,"featured_media":16577,"comment_status":"closed","ping_status":"open","sticky":false,"template":"","format":"standard","meta":{"footnotes":""},"categories":[76],"tags":[],"class_list":["post-42175","post","type-post","status-publish","format-standard","has-post-thumbnail","hentry","category-barcelona"],"yoast_head":"<!-- This site is optimized with the Yoast SEO plugin v27.5 - https:\/\/yoast.com\/product\/yoast-seo-wordpress\/ -->\n<title>Pep Forn\u00e9s publica dos nuevas obras con Ediciones Rambla - Revista Rambla<\/title>\n<meta name=\"robots\" content=\"index, follow, max-snippet:-1, max-image-preview:large, max-video-preview:-1\" \/>\n<link rel=\"canonical\" href=\"https:\/\/www.revistarambla.com\/en\/pep-fornes-publica-dos-nuevas-obras-con-ediciones-rambla\/\" \/>\n<meta property=\"og:locale\" content=\"en_GB\" \/>\n<meta property=\"og:type\" content=\"article\" \/>\n<meta property=\"og:title\" content=\"Pep Forn\u00e9s publica dos nuevas obras con Ediciones Rambla - Revista Rambla\" \/>\n<meta property=\"og:description\" content=\"El poemario &#039;Poemes de clam i de festa&#039; y la compilaci\u00f3n de cuentos &quot;con mala leche&quot;, &#039;Contes Cabrons&#039;, ya est\u00e1n a la venta en Amazon\" \/>\n<meta property=\"og:url\" content=\"https:\/\/www.revistarambla.com\/en\/pep-fornes-publica-dos-nuevas-obras-con-ediciones-rambla\/\" \/>\n<meta property=\"og:site_name\" content=\"Revista Rambla\" \/>\n<meta property=\"article:publisher\" content=\"https:\/\/www.facebook.com\/revistarambla\/\" \/>\n<meta property=\"article:author\" content=\"https:\/\/www.facebook.com\/revistarambla\" \/>\n<meta property=\"article:published_time\" content=\"2022-05-17T11:29:13+00:00\" \/>\n<meta property=\"article:modified_time\" content=\"2022-05-18T18:46:23+00:00\" \/>\n<meta property=\"og:image\" content=\"https:\/\/www.revistarambla.com\/wp-content\/uploads\/2018\/09\/Josep-Fornes-01.jpg\" \/>\n\t<meta property=\"og:image:width\" content=\"950\" \/>\n\t<meta property=\"og:image:height\" content=\"632\" \/>\n\t<meta property=\"og:image:type\" content=\"image\/jpeg\" \/>\n<meta name=\"author\" content=\"R@mbla\" \/>\n<meta name=\"twitter:card\" content=\"summary_large_image\" \/>\n<meta name=\"twitter:creator\" content=\"@revistarambla\" \/>\n<meta name=\"twitter:site\" content=\"@revistarambla\" \/>\n<meta name=\"twitter:label1\" content=\"Written by\" \/>\n\t<meta name=\"twitter:data1\" content=\"R@mbla\" \/>\n\t<meta name=\"twitter:label2\" content=\"Estimated reading time\" \/>\n\t<meta name=\"twitter:data2\" content=\"3 minutes\" \/>\n<script type=\"application\/ld+json\" class=\"yoast-schema-graph\">{\"@context\":\"https:\\\/\\\/schema.org\",\"@graph\":[{\"@type\":\"Article\",\"@id\":\"https:\\\/\\\/www.revistarambla.com\\\/pep-fornes-publica-dos-nuevas-obras-con-ediciones-rambla\\\/#article\",\"isPartOf\":{\"@id\":\"https:\\\/\\\/www.revistarambla.com\\\/pep-fornes-publica-dos-nuevas-obras-con-ediciones-rambla\\\/\"},\"author\":{\"name\":\"R@mbla\",\"@id\":\"https:\\\/\\\/www.revistarambla.com\\\/#\\\/schema\\\/person\\\/a146a5a2550b94981a75131180e1bd9c\"},\"headline\":\"Pep Forn\u00e9s publica dos nuevas obras con Ediciones Rambla\",\"datePublished\":\"2022-05-17T11:29:13+00:00\",\"dateModified\":\"2022-05-18T18:46:23+00:00\",\"mainEntityOfPage\":{\"@id\":\"https:\\\/\\\/www.revistarambla.com\\\/pep-fornes-publica-dos-nuevas-obras-con-ediciones-rambla\\\/\"},\"wordCount\":399,\"publisher\":{\"@id\":\"https:\\\/\\\/www.revistarambla.com\\\/#organization\"},\"image\":{\"@id\":\"https:\\\/\\\/www.revistarambla.com\\\/pep-fornes-publica-dos-nuevas-obras-con-ediciones-rambla\\\/#primaryimage\"},\"thumbnailUrl\":\"https:\\\/\\\/www.revistarambla.com\\\/wp-content\\\/uploads\\\/2018\\\/09\\\/Josep-Fornes-01.jpg\",\"articleSection\":[\"Barcelona\"],\"inLanguage\":\"en-GB\"},{\"@type\":\"WebPage\",\"@id\":\"https:\\\/\\\/www.revistarambla.com\\\/pep-fornes-publica-dos-nuevas-obras-con-ediciones-rambla\\\/\",\"url\":\"https:\\\/\\\/www.revistarambla.com\\\/pep-fornes-publica-dos-nuevas-obras-con-ediciones-rambla\\\/\",\"name\":\"Pep Forn\u00e9s publica dos nuevas obras con Ediciones Rambla - Revista Rambla\",\"isPartOf\":{\"@id\":\"https:\\\/\\\/www.revistarambla.com\\\/#website\"},\"primaryImageOfPage\":{\"@id\":\"https:\\\/\\\/www.revistarambla.com\\\/pep-fornes-publica-dos-nuevas-obras-con-ediciones-rambla\\\/#primaryimage\"},\"image\":{\"@id\":\"https:\\\/\\\/www.revistarambla.com\\\/pep-fornes-publica-dos-nuevas-obras-con-ediciones-rambla\\\/#primaryimage\"},\"thumbnailUrl\":\"https:\\\/\\\/www.revistarambla.com\\\/wp-content\\\/uploads\\\/2018\\\/09\\\/Josep-Fornes-01.jpg\",\"datePublished\":\"2022-05-17T11:29:13+00:00\",\"dateModified\":\"2022-05-18T18:46:23+00:00\",\"breadcrumb\":{\"@id\":\"https:\\\/\\\/www.revistarambla.com\\\/pep-fornes-publica-dos-nuevas-obras-con-ediciones-rambla\\\/#breadcrumb\"},\"inLanguage\":\"en-GB\",\"potentialAction\":[{\"@type\":\"ReadAction\",\"target\":[\"https:\\\/\\\/www.revistarambla.com\\\/pep-fornes-publica-dos-nuevas-obras-con-ediciones-rambla\\\/\"]}]},{\"@type\":\"ImageObject\",\"inLanguage\":\"en-GB\",\"@id\":\"https:\\\/\\\/www.revistarambla.com\\\/pep-fornes-publica-dos-nuevas-obras-con-ediciones-rambla\\\/#primaryimage\",\"url\":\"https:\\\/\\\/www.revistarambla.com\\\/wp-content\\\/uploads\\\/2018\\\/09\\\/Josep-Fornes-01.jpg\",\"contentUrl\":\"https:\\\/\\\/www.revistarambla.com\\\/wp-content\\\/uploads\\\/2018\\\/09\\\/Josep-Fornes-01.jpg\",\"width\":950,\"height\":632},{\"@type\":\"BreadcrumbList\",\"@id\":\"https:\\\/\\\/www.revistarambla.com\\\/pep-fornes-publica-dos-nuevas-obras-con-ediciones-rambla\\\/#breadcrumb\",\"itemListElement\":[{\"@type\":\"ListItem\",\"position\":1,\"name\":\"Portada\",\"item\":\"https:\\\/\\\/www.revistarambla.com\\\/\"},{\"@type\":\"ListItem\",\"position\":2,\"name\":\"Pep Forn\u00e9s publica dos nuevas obras con Ediciones Rambla\"}]},{\"@type\":\"WebSite\",\"@id\":\"https:\\\/\\\/www.revistarambla.com\\\/#website\",\"url\":\"https:\\\/\\\/www.revistarambla.com\\\/\",\"name\":\"Revista Rambla Barcelona\",\"description\":\"Periodismo independiente\",\"publisher\":{\"@id\":\"https:\\\/\\\/www.revistarambla.com\\\/#organization\"},\"potentialAction\":[{\"@type\":\"SearchAction\",\"target\":{\"@type\":\"EntryPoint\",\"urlTemplate\":\"https:\\\/\\\/www.revistarambla.com\\\/?s={search_term_string}\"},\"query-input\":{\"@type\":\"PropertyValueSpecification\",\"valueRequired\":true,\"valueName\":\"search_term_string\"}}],\"inLanguage\":\"en-GB\"},{\"@type\":\"Organization\",\"@id\":\"https:\\\/\\\/www.revistarambla.com\\\/#organization\",\"name\":\"Revista Rambla\",\"url\":\"https:\\\/\\\/www.revistarambla.com\\\/\",\"logo\":{\"@type\":\"ImageObject\",\"inLanguage\":\"en-GB\",\"@id\":\"https:\\\/\\\/www.revistarambla.com\\\/#\\\/schema\\\/logo\\\/image\\\/\",\"url\":\"https:\\\/\\\/www.revistarambla.com\\\/wp-content\\\/uploads\\\/2020\\\/09\\\/banner_rambla_1900x600_BB.png\",\"contentUrl\":\"https:\\\/\\\/www.revistarambla.com\\\/wp-content\\\/uploads\\\/2020\\\/09\\\/banner_rambla_1900x600_BB.png\",\"width\":1900,\"height\":600,\"caption\":\"Revista Rambla\"},\"image\":{\"@id\":\"https:\\\/\\\/www.revistarambla.com\\\/#\\\/schema\\\/logo\\\/image\\\/\"},\"sameAs\":[\"https:\\\/\\\/www.facebook.com\\\/revistarambla\\\/\",\"https:\\\/\\\/x.com\\\/revistarambla\",\"https:\\\/\\\/www.instagram.com\\\/revista_rambla\",\"https:\\\/\\\/es.linkedin.com\\\/company\\\/revista-rambla\"]},{\"@type\":\"Person\",\"@id\":\"https:\\\/\\\/www.revistarambla.com\\\/#\\\/schema\\\/person\\\/a146a5a2550b94981a75131180e1bd9c\",\"name\":\"R@mbla\",\"description\":\"Este art\u00edculo ha sido redactado y\\\/o validado por el equipo de redacci\u00f3n de Revista Rambla.\",\"sameAs\":[\"https:\\\/\\\/www.revistarambla.com\\\/\",\"https:\\\/\\\/www.facebook.com\\\/revistarambla\",\"https:\\\/\\\/x.com\\\/revistarambla\"]}]}<\/script>\n<!-- \/ Yoast SEO plugin. -->","yoast_head_json":{"title":"Pep Forn\u00e9s publica dos nuevas obras con Ediciones Rambla - Revista Rambla","robots":{"index":"index","follow":"follow","max-snippet":"max-snippet:-1","max-image-preview":"max-image-preview:large","max-video-preview":"max-video-preview:-1"},"canonical":"https:\/\/www.revistarambla.com\/en\/pep-fornes-publica-dos-nuevas-obras-con-ediciones-rambla\/","og_locale":"en_GB","og_type":"article","og_title":"Pep Forn\u00e9s publica dos nuevas obras con Ediciones Rambla - Revista Rambla","og_description":"El poemario 'Poemes de clam i de festa' y la compilaci\u00f3n de cuentos \"con mala leche\", 'Contes Cabrons', ya est\u00e1n a la venta en Amazon","og_url":"https:\/\/www.revistarambla.com\/en\/pep-fornes-publica-dos-nuevas-obras-con-ediciones-rambla\/","og_site_name":"Revista Rambla","article_publisher":"https:\/\/www.facebook.com\/revistarambla\/","article_author":"https:\/\/www.facebook.com\/revistarambla","article_published_time":"2022-05-17T11:29:13+00:00","article_modified_time":"2022-05-18T18:46:23+00:00","og_image":[{"width":950,"height":632,"url":"https:\/\/www.revistarambla.com\/wp-content\/uploads\/2018\/09\/Josep-Fornes-01.jpg","type":"image\/jpeg"}],"author":"R@mbla","twitter_card":"summary_large_image","twitter_creator":"@revistarambla","twitter_site":"@revistarambla","twitter_misc":{"Written by":"R@mbla","Estimated reading time":"3 minutes"},"schema":{"@context":"https:\/\/schema.org","@graph":[{"@type":"Article","@id":"https:\/\/www.revistarambla.com\/pep-fornes-publica-dos-nuevas-obras-con-ediciones-rambla\/#article","isPartOf":{"@id":"https:\/\/www.revistarambla.com\/pep-fornes-publica-dos-nuevas-obras-con-ediciones-rambla\/"},"author":{"name":"R@mbla","@id":"https:\/\/www.revistarambla.com\/#\/schema\/person\/a146a5a2550b94981a75131180e1bd9c"},"headline":"Pep Forn\u00e9s publica dos nuevas obras con Ediciones Rambla","datePublished":"2022-05-17T11:29:13+00:00","dateModified":"2022-05-18T18:46:23+00:00","mainEntityOfPage":{"@id":"https:\/\/www.revistarambla.com\/pep-fornes-publica-dos-nuevas-obras-con-ediciones-rambla\/"},"wordCount":399,"publisher":{"@id":"https:\/\/www.revistarambla.com\/#organization"},"image":{"@id":"https:\/\/www.revistarambla.com\/pep-fornes-publica-dos-nuevas-obras-con-ediciones-rambla\/#primaryimage"},"thumbnailUrl":"https:\/\/www.revistarambla.com\/wp-content\/uploads\/2018\/09\/Josep-Fornes-01.jpg","articleSection":["Barcelona"],"inLanguage":"en-GB"},{"@type":"WebPage","@id":"https:\/\/www.revistarambla.com\/pep-fornes-publica-dos-nuevas-obras-con-ediciones-rambla\/","url":"https:\/\/www.revistarambla.com\/pep-fornes-publica-dos-nuevas-obras-con-ediciones-rambla\/","name":"Pep Forn\u00e9s publica dos nuevas obras con Ediciones Rambla - Revista Rambla","isPartOf":{"@id":"https:\/\/www.revistarambla.com\/#website"},"primaryImageOfPage":{"@id":"https:\/\/www.revistarambla.com\/pep-fornes-publica-dos-nuevas-obras-con-ediciones-rambla\/#primaryimage"},"image":{"@id":"https:\/\/www.revistarambla.com\/pep-fornes-publica-dos-nuevas-obras-con-ediciones-rambla\/#primaryimage"},"thumbnailUrl":"https:\/\/www.revistarambla.com\/wp-content\/uploads\/2018\/09\/Josep-Fornes-01.jpg","datePublished":"2022-05-17T11:29:13+00:00","dateModified":"2022-05-18T18:46:23+00:00","breadcrumb":{"@id":"https:\/\/www.revistarambla.com\/pep-fornes-publica-dos-nuevas-obras-con-ediciones-rambla\/#breadcrumb"},"inLanguage":"en-GB","potentialAction":[{"@type":"ReadAction","target":["https:\/\/www.revistarambla.com\/pep-fornes-publica-dos-nuevas-obras-con-ediciones-rambla\/"]}]},{"@type":"ImageObject","inLanguage":"en-GB","@id":"https:\/\/www.revistarambla.com\/pep-fornes-publica-dos-nuevas-obras-con-ediciones-rambla\/#primaryimage","url":"https:\/\/www.revistarambla.com\/wp-content\/uploads\/2018\/09\/Josep-Fornes-01.jpg","contentUrl":"https:\/\/www.revistarambla.com\/wp-content\/uploads\/2018\/09\/Josep-Fornes-01.jpg","width":950,"height":632},{"@type":"BreadcrumbList","@id":"https:\/\/www.revistarambla.com\/pep-fornes-publica-dos-nuevas-obras-con-ediciones-rambla\/#breadcrumb","itemListElement":[{"@type":"ListItem","position":1,"name":"Portada","item":"https:\/\/www.revistarambla.com\/"},{"@type":"ListItem","position":2,"name":"Pep Forn\u00e9s publica dos nuevas obras con Ediciones Rambla"}]},{"@type":"WebSite","@id":"https:\/\/www.revistarambla.com\/#website","url":"https:\/\/www.revistarambla.com\/","name":"Revista Rambla Barcelona","description":"Periodismo independiente","publisher":{"@id":"https:\/\/www.revistarambla.com\/#organization"},"potentialAction":[{"@type":"SearchAction","target":{"@type":"EntryPoint","urlTemplate":"https:\/\/www.revistarambla.com\/?s={search_term_string}"},"query-input":{"@type":"PropertyValueSpecification","valueRequired":true,"valueName":"search_term_string"}}],"inLanguage":"en-GB"},{"@type":"Organization","@id":"https:\/\/www.revistarambla.com\/#organization","name":"Revista Rambla","url":"https:\/\/www.revistarambla.com\/","logo":{"@type":"ImageObject","inLanguage":"en-GB","@id":"https:\/\/www.revistarambla.com\/#\/schema\/logo\/image\/","url":"https:\/\/www.revistarambla.com\/wp-content\/uploads\/2020\/09\/banner_rambla_1900x600_BB.png","contentUrl":"https:\/\/www.revistarambla.com\/wp-content\/uploads\/2020\/09\/banner_rambla_1900x600_BB.png","width":1900,"height":600,"caption":"Revista Rambla"},"image":{"@id":"https:\/\/www.revistarambla.com\/#\/schema\/logo\/image\/"},"sameAs":["https:\/\/www.facebook.com\/revistarambla\/","https:\/\/x.com\/revistarambla","https:\/\/www.instagram.com\/revista_rambla","https:\/\/es.linkedin.com\/company\/revista-rambla"]},{"@type":"Person","@id":"https:\/\/www.revistarambla.com\/#\/schema\/person\/a146a5a2550b94981a75131180e1bd9c","name":"R@mbla","description":"Este art\u00edculo ha sido redactado y\/o validado por el equipo de redacci\u00f3n de Revista Rambla.","sameAs":["https:\/\/www.revistarambla.com\/","https:\/\/www.facebook.com\/revistarambla","https:\/\/x.com\/revistarambla"]}]}},"_links":{"self":[{"href":"https:\/\/www.revistarambla.com\/en\/wp-json\/wp\/v2\/posts\/42175","targetHints":{"allow":["GET"]}}],"collection":[{"href":"https:\/\/www.revistarambla.com\/en\/wp-json\/wp\/v2\/posts"}],"about":[{"href":"https:\/\/www.revistarambla.com\/en\/wp-json\/wp\/v2\/types\/post"}],"author":[{"embeddable":true,"href":"https:\/\/www.revistarambla.com\/en\/wp-json\/wp\/v2\/users\/3"}],"replies":[{"embeddable":true,"href":"https:\/\/www.revistarambla.com\/en\/wp-json\/wp\/v2\/comments?post=42175"}],"version-history":[{"count":0,"href":"https:\/\/www.revistarambla.com\/en\/wp-json\/wp\/v2\/posts\/42175\/revisions"}],"wp:featuredmedia":[{"embeddable":true,"href":"https:\/\/www.revistarambla.com\/en\/wp-json\/wp\/v2\/media\/16577"}],"wp:attachment":[{"href":"https:\/\/www.revistarambla.com\/en\/wp-json\/wp\/v2\/media?parent=42175"}],"wp:term":[{"taxonomy":"category","embeddable":true,"href":"https:\/\/www.revistarambla.com\/en\/wp-json\/wp\/v2\/categories?post=42175"},{"taxonomy":"post_tag","embeddable":true,"href":"https:\/\/www.revistarambla.com\/en\/wp-json\/wp\/v2\/tags?post=42175"}],"curies":[{"name":"wp","href":"https:\/\/api.w.org\/{rel}","templated":true}]}}