{"id":4211,"date":"2013-11-08T09:34:41","date_gmt":"2013-11-08T09:34:41","guid":{"rendered":"https:\/\/www.revistarambla.com\/las-cuentas-de-una-coalicion-que-no-es-pro-impuestos\/"},"modified":"2024-05-11T21:21:22","modified_gmt":"2024-05-11T19:21:22","slug":"presupuestos-catalunya-2014","status":"publish","type":"post","link":"https:\/\/www.revistarambla.com\/en\/presupuestos-catalunya-2014\/","title":{"rendered":"Presupuestos Catalunya 2014: una coalici\u00f3n que no es \u00abpro-impuestos\u00bb"},"content":{"rendered":"<p>No habr\u00e1 nuevos tijeretazos, pero se mantienen los antiguos y todav\u00eda vigentes. \u00c9ste es el lema econ\u00f3mico que la Generalitat de se ha esforzado en difundir en la presentaci\u00f3n de los presupuestos de Catalunya para el 2014. El d\u00e9ficit del 1% impuesto por el Estado (el efecto domin\u00f3 de las exigencias europeas), la creaci\u00f3n y reforma de nuevas figuras impositivas y la sombra de privatizaciones no concretada caracterizan las cuentas catalanas, cuya aprobaci\u00f3n est\u00e1 fijada inicialmente para el 19 de diciembre.<\/p>\n<p>En el apartado de ingresos se prev\u00e9 recaudar 864 millones de euros de la venda de activos (ya se hizo en el 2012) y 1.450 procedentes de nuevas concesiones, como por ejemplo las depuradoras, tal y como ha apuntado el conseller de Territori i Sostenibilitat Santi Vila. Como novedad, reaparece el impuesto de sucesiones, que debe reportar unos 100 millones de euros, y llega el de las nucleares (22 ME), mientras que el gravamen sobre los pisos vac\u00edos y los gases contaminantes de la industria y los aviones est\u00e1n pendientes de estudio. Adem\u00e1s, el Govern espera 44 millones de euros procedentes de nuevas tasas, 2,8 por emitir tarjetas sanitarias, 1 m\u00e1s para alquilar servicios de seguridad de los <a href=\"https:\/\/www.revistarambla.com\/en\/un-limite-para-los-mossos\/\">Mossos d&#8217;Esquadra<\/a> y m\u00e1s de medio mill\u00f3n para realizar informes de extranjer\u00eda.<\/p>\n<p>En cuanto a gasto, de cada euro destinado a todos los departamentos de la Generalitat, 0,71 c\u00e9ntimos ir\u00e1n a Ensenyament, Salut y Benestar Social. Las \u00fanicas partidas que registran un aumento son las de becas-comedor, ayudas a la pobreza infantil y a los desahuciados y el PIRMI (la renta m\u00ednima de inserci\u00f3n), que recibir\u00e1n 91 ME. Cerca de 10 MEUR se reservan para procesos electorales, 5 de los cuales para la consulta, y se establecen 6 m\u00e1s para la creaci\u00f3n de un cuerpo de treinta t\u00e9cnicos para activar la hacienda propia. El Govern anota una previsi\u00f3n de 0 euros para el impuesto de dep\u00f3sitos bancarios, el euro por receta, la tasa judicial y la reclamada disposici\u00f3n adicional tercera de l\u2019Estatut. \u201cEs un gasto bajo m\u00ednimos que en tres a\u00f1os se ha rebajado un 22%\u201d, admite el conseller d\u2019Economia <a href=\"https:\/\/www.revistarambla.com\/en\/mas-se-defiende-del-3\/\">Andreu Mas-Colell<\/a>.<\/p>\n<p>Por otro lado, se consolida la supresi\u00f3n de la paga extra a los funcionarios (500 ME), reversible si el Estado compensa el impuesto de dep\u00f3sitos bancarios. La cara m\u00e1s amarga de los n\u00fameros es la deuda de la Generalitat, que ya supera el 30% del PIB. Por si fuera poco, los intereses de esa deuda sobrepasan los 2.000 ME cada a\u00f1o y, si se constituyeran como un departamento propio, ser\u00edan el tercero m\u00e1s grande, s\u00f3lo superado por Salut y Ensenyament.<\/p>\n<p>Finalmente, Mas-Colell indica que las medidas para el est\u00edmulo de la econom\u00eda se centrar\u00e1n en el apoyo a R+D, m\u00e1s formaci\u00f3n profesional y programas de ocupaci\u00f3n e inversi\u00f3n.<\/p>\n<h2>Presupuestos Catalunya 2014: Culpas compartidas<\/h2>\n<p>La herencia del tripartito, la presi\u00f3n fiscal de Madrid y el contexto internacional de crisis no dan apenas margen de maniobra. \u201cLlevamos una mochila de deuda acumulada desde el 2011 \u00a0 que pesa mucho pero nuestro mayor castigo impositivo es que Catalunya, que est\u00e1 un 7% por encima de la media espa\u00f1ola en renta por c\u00e1pita, es un contribuyente neto muy importante en las finanzas p\u00fablicas espa\u00f1olas pero mucho dinero que pagan los catalanes como impuestos no vuelven en forma de servicios p\u00fablicos\u201d, asegura Mas-Colell en declaraciones a Rac-1. El conseller d\u2019Economia acusa el Estado de maltrato, no s\u00f3lo a <a href=\"https:\/\/www.revistarambla.com\/en\/actualidad\/catalunya\/\">Catalunya<\/a> sino tambi\u00e9n al resto de comunidades. \u201cVeo malas intenciones en los atrasos, en nuestro caso con la disposici\u00f3n adicional tercera del Estatut que ten\u00edamos que cobrar el 2011: figuraba en los presupuestos de Catalunya, estaba aprobado en comisi\u00f3n bilateral pero la se\u00f1ora Salgado decidi\u00f3 no enviar el dinero y el siguiente gobierno ya no quiso saber nada de esa obligaci\u00f3n. Pero yo siempre he dicho que en materia fiscal no discriminan s\u00f3lo a Catalunya sino a todos. Por ejemplo, han maltratado de la misma forma los farmac\u00e9uticos catalanes que los valencianos\u201d.<\/p>\n<p>Mas-Colell advierte que la disminuci\u00f3n de aportaciones del ejecutivo de Rajoy sea una represalia al proceso soberanista. \u201cNos han rebajado en 500 ME los ingresos que nos llegaban del plan de financiamiento y tenemos frentes pol\u00edticos abiertos con el gobierno central para conseguir recursos. Hemos preferido no poner en los presupuestos de Catalunya 2014 las l\u00edneas de conflicto evidentes\u201d. Y lamenta que la Generalitat tenga las manos atadas. \u201cTenemos la ambici\u00f3n de gobernar pero diariamente nos erosionan competencias y a nivel de tesorer\u00eda dependemos totalmente del Ministerio\u201d.<\/p>\n<p>Sobre los recortes, el conseller explica que la Generalitat ha aumentado un 0,2% el gasto departamental en lo que se refiere a las cuentas prorrogadas del 2013 y que no bajan el salario de los trabajadores p\u00fablicos por diversi\u00f3n. \u201cLo hacemos con un profundo disgusto, es una prueba evidente del tratamiento asim\u00e9trico: mientras en Madrid hablan de lo mucho que reducen, desde el 2010 las transferencias finalistas en Catalunya se han reducido m\u00e1s de un 60%\u201d.<\/p>\n<p>El mandam\u00e1s de la econom\u00eda catalana revela que al Govern de Mas le gustar\u00eda apartar la soga del cuello y no tener que subir impuestos. \u201cLo haremos hasta que sea necesario, hasta que generemos otras fuentes de ingreso, ya sea por evoluci\u00f3n natural de la econom\u00eda, por un cambio en el sistema de financiaci\u00f3n o en la configuraci\u00f3n pol\u00edtica general. CiU no es una coalici\u00f3n pro-impuestos, tan pronto como podamos propiciaremos una bajada de impuestos pero ahora no podemos porque hemos dado prioridad absoluta al mantenimiento del gasto y a no hacer nuevos recortes\u201d.<\/p>\n<p>En este sentido, la rebaja anunciada por la Comunidad de Madrid no puede servir de referente. \u201cTengo mis dudas de que se lo puedan permitir pero nosotros hemos calculado qu\u00e9 representar\u00eda para Catalunya coger todo el paquete de bonificaciones fiscales igual que ha hecho Madrid y perder\u00edamos 1.500 ME en ingresos. Catalunya est\u00e1 pagando 2.000 ME en intereses y Madrid menos de 1.000\u201d.<\/p>\n<h2>Capote de ERC<\/h2>\n<p>El socio del Govern ha optado por ver el vaso medio lleno y respaldar los convergentes. \u201cSe implantan nuevas v\u00edas tributarias para una fiscalidad m\u00e1s justa, salvar el estado del bienestar y medidas imaginativas con el poco margen que tenemos para reactivar la econom\u00eda\u201d, ha sentenciado la portavoz de ERC <a href=\"https:\/\/www.revistarambla.com\/en\/actualidad-politica-semanal-en-cataluna\/\">Marta Rovira<\/a>.<\/p>\n<p>Y seg\u00fan su portavoz econ\u00f3mico, Pere Aragon\u00e8s, las cuentas se han de interpretar bajo el prisma de una inminente independencia. \u201cTiene que ser el \u00faltimo presupuesto auton\u00f3mico de la Generalitat porque lo que necesitamos es un estado independiente\u201d. Aragon\u00e8s, que considera que el pastel \u201ccada vez es m\u00e1s peque\u00f1o y eso obliga a redistribuirlo mejor\u201d, ha hablado de un incremento de algunas partidas, \u201ccomo el PIRMI, que pasa de 130 millones de euros a 173, las becas-comedor, que pasan de 34ME a 43, la partida para el alquiler social, de 52ME a 59, m\u00e1s una nueva partida de 3 millones de euros en apoyo a las entidades del tercer sector que trabajan en el \u00e1mbito de la pobreza infantil\u201d. Tambi\u00e9n ha subrayado los 100 ME que el Institut Catal\u00e0 de Finances podr\u00e1 inyectar en la econom\u00eda en forma de cr\u00e9ditos.<\/p>\n<h2>Rechazo contundente de la oposici\u00f3n a los presupuestos Catalunya 2014<\/h2>\n<p>\u201cAlgunos grupos de la oposici\u00f3n dir\u00e1n que hay que gastar m\u00e1s, pondr\u00e1n obst\u00e1culos para impedir que aumenten los ingresos, dir\u00e1n que este d\u00e9ficit es inadmisible\u2026Si \u00e9sta es su actitud, ser\u00e1 irresponsable\u201d. Los temores Mas-Colell sobre la respuesta de la oposici\u00f3n se ajustan escrupulosamente a la realidad. Maurici Lucena (PSC) avisa que los presupuestos Catalunya 2014 \u201ccontienen una dosis de irrealidad notable y son muy antisociales\u201d mientras que el representante popular, Enric Millo, los califica de \u201ctrampa. No se podr\u00e1n cumplir, no sirven para reactivar la econom\u00eda ni para crear ocupaci\u00f3n e incluyen recortes ocultos\u201d.<\/p>\n<p>M\u00e1s dura ha sido la reacci\u00f3n de la CUP, que a trav\u00e9s de Quim Arrufat ha acusado el Govern de \u201cponer el pa\u00eds en venda a precio de saldo. Ahora entendemos el concepto de \u2018business friendly\u2019\u201d. Por su parte, Jordi Ca\u00f1as (Ciutadans) considera las cuentas \u201cun fraude al conjunto de la sociedad catalana, que deber\u00e1 pagar el coste de una estrategia pol\u00edtica que profundizar\u00e1 la crisis\u201d.<\/p>\n<p>Para la portavoz de ICV-EUiA, Dolors Camats, la previsi\u00f3n econ\u00f3mica para el 2014 demuestra que \u201clos recortes, que ten\u00edan que ser excepcionales, son estructurales y cr\u00f3nicos y han llegado para quedarse\u201d. Adem\u00e1s, aprecia cinismo en las palabras del conseller, al que recrimina que haga creer al ciudadano \u201clo que no es: no son los presupuestos m\u00e1s sociales de la historia porque la partida de salud ha pasado de 8.821 millones de euros el 2012 a 8.276 el 2014, educaci\u00f3n ha pasado de 5.470 ME a 4.850 y las partidas de servicios sociales de 1995 a 1.750\u201d. Camats coincide en se\u00f1alar que el objetivo del 1% de d\u00e9ficit es \u201cinjusto e ilegal\u201d y est\u00e1 dispuesto a apoyar al Govern si decide llevarlo a los Tribunales \u201cpero, mientras tanto, \u00bfqu\u00e9?\u201d. Camats ha anunciado que, con el fin de tramitar las enmiendas, su grupo crear\u00e1 la web www.jofaigpolitica.cat para que todo el mundo pueda enviar propuestas y alternativas.<\/p>","protected":false},"excerpt":{"rendered":"<p>El Govern de Mas mantiene pero no a\u00f1ade recortes para el 2014 en unos presupuestos que la oposici\u00f3n tilda de antisociales \u00a0<\/p>","protected":false},"author":3,"featured_media":4210,"comment_status":"open","ping_status":"open","sticky":false,"template":"","format":"standard","meta":{"footnotes":""},"categories":[59],"tags":[],"class_list":["post-4211","post","type-post","status-publish","format-standard","has-post-thumbnail","hentry","category-catalunya"],"yoast_head":"<!-- This site is optimized with the Yoast SEO plugin v27.5 - https:\/\/yoast.com\/product\/yoast-seo-wordpress\/ -->\n<title>Presupuestos Catalunya 2014: una coalici\u00f3n no \u00abpro-impuestos\u00bb<\/title>\n<meta name=\"description\" content=\"No habr\u00e1 nuevos tijeretazos, pero se mantienen los antiguos y todav\u00eda vigentes en los presupuestos de Catalunya para el 2014.\" \/>\n<meta name=\"robots\" content=\"index, follow, max-snippet:-1, max-image-preview:large, max-video-preview:-1\" \/>\n<link rel=\"canonical\" href=\"https:\/\/www.revistarambla.com\/en\/presupuestos-catalunya-2014\/\" \/>\n<meta property=\"og:locale\" content=\"en_GB\" \/>\n<meta property=\"og:type\" content=\"article\" \/>\n<meta property=\"og:title\" content=\"Presupuestos Catalunya 2014: una coalici\u00f3n no \u00abpro-impuestos\u00bb\" \/>\n<meta property=\"og:description\" content=\"No habr\u00e1 nuevos tijeretazos, pero se mantienen los antiguos y todav\u00eda vigentes en los presupuestos de Catalunya para el 2014.\" \/>\n<meta property=\"og:url\" content=\"https:\/\/www.revistarambla.com\/en\/presupuestos-catalunya-2014\/\" \/>\n<meta property=\"og:site_name\" content=\"Revista Rambla\" \/>\n<meta property=\"article:publisher\" content=\"https:\/\/www.facebook.com\/revistarambla\/\" \/>\n<meta property=\"article:author\" content=\"https:\/\/www.facebook.com\/revistarambla\" \/>\n<meta property=\"article:published_time\" content=\"2013-11-08T09:34:41+00:00\" \/>\n<meta property=\"article:modified_time\" content=\"2024-05-11T19:21:22+00:00\" \/>\n<meta property=\"og:image\" content=\"https:\/\/www.revistarambla.com\/wp-content\/uploads\/2013\/11\/Andreu-Mas-Colell_rambla_02.jpg\" \/>\n\t<meta property=\"og:image:width\" content=\"700\" \/>\n\t<meta property=\"og:image:height\" content=\"469\" \/>\n\t<meta property=\"og:image:type\" content=\"image\/jpeg\" \/>\n<meta name=\"author\" content=\"R@mbla\" \/>\n<meta name=\"twitter:card\" content=\"summary_large_image\" \/>\n<meta name=\"twitter:creator\" content=\"@revistarambla\" \/>\n<meta name=\"twitter:site\" content=\"@revistarambla\" \/>\n<meta name=\"twitter:label1\" content=\"Written by\" \/>\n\t<meta name=\"twitter:data1\" content=\"R@mbla\" \/>\n\t<meta name=\"twitter:label2\" content=\"Estimated reading time\" \/>\n\t<meta name=\"twitter:data2\" content=\"8 minutes\" \/>\n<script type=\"application\/ld+json\" class=\"yoast-schema-graph\">{\"@context\":\"https:\\\/\\\/schema.org\",\"@graph\":[{\"@type\":\"Article\",\"@id\":\"https:\\\/\\\/www.revistarambla.com\\\/presupuestos-catalunya-2014\\\/#article\",\"isPartOf\":{\"@id\":\"https:\\\/\\\/www.revistarambla.com\\\/presupuestos-catalunya-2014\\\/\"},\"author\":{\"name\":\"R@mbla\",\"@id\":\"https:\\\/\\\/www.revistarambla.com\\\/#\\\/schema\\\/person\\\/a146a5a2550b94981a75131180e1bd9c\"},\"headline\":\"Presupuestos Catalunya 2014: una coalici\u00f3n que no es \u00abpro-impuestos\u00bb\",\"datePublished\":\"2013-11-08T09:34:41+00:00\",\"dateModified\":\"2024-05-11T19:21:22+00:00\",\"mainEntityOfPage\":{\"@id\":\"https:\\\/\\\/www.revistarambla.com\\\/presupuestos-catalunya-2014\\\/\"},\"wordCount\":1577,\"commentCount\":0,\"publisher\":{\"@id\":\"https:\\\/\\\/www.revistarambla.com\\\/#organization\"},\"image\":{\"@id\":\"https:\\\/\\\/www.revistarambla.com\\\/presupuestos-catalunya-2014\\\/#primaryimage\"},\"thumbnailUrl\":\"https:\\\/\\\/www.revistarambla.com\\\/wp-content\\\/uploads\\\/2013\\\/11\\\/Andreu-Mas-Colell_rambla_02.jpg\",\"articleSection\":[\"Catalunya\"],\"inLanguage\":\"en-GB\",\"potentialAction\":[{\"@type\":\"CommentAction\",\"name\":\"Comment\",\"target\":[\"https:\\\/\\\/www.revistarambla.com\\\/presupuestos-catalunya-2014\\\/#respond\"]}]},{\"@type\":\"WebPage\",\"@id\":\"https:\\\/\\\/www.revistarambla.com\\\/presupuestos-catalunya-2014\\\/\",\"url\":\"https:\\\/\\\/www.revistarambla.com\\\/presupuestos-catalunya-2014\\\/\",\"name\":\"Presupuestos Catalunya 2014: una coalici\u00f3n no \u00abpro-impuestos\u00bb\",\"isPartOf\":{\"@id\":\"https:\\\/\\\/www.revistarambla.com\\\/#website\"},\"primaryImageOfPage\":{\"@id\":\"https:\\\/\\\/www.revistarambla.com\\\/presupuestos-catalunya-2014\\\/#primaryimage\"},\"image\":{\"@id\":\"https:\\\/\\\/www.revistarambla.com\\\/presupuestos-catalunya-2014\\\/#primaryimage\"},\"thumbnailUrl\":\"https:\\\/\\\/www.revistarambla.com\\\/wp-content\\\/uploads\\\/2013\\\/11\\\/Andreu-Mas-Colell_rambla_02.jpg\",\"datePublished\":\"2013-11-08T09:34:41+00:00\",\"dateModified\":\"2024-05-11T19:21:22+00:00\",\"description\":\"No habr\u00e1 nuevos tijeretazos, pero se mantienen los antiguos y todav\u00eda vigentes en los presupuestos de Catalunya para el 2014.\",\"breadcrumb\":{\"@id\":\"https:\\\/\\\/www.revistarambla.com\\\/presupuestos-catalunya-2014\\\/#breadcrumb\"},\"inLanguage\":\"en-GB\",\"potentialAction\":[{\"@type\":\"ReadAction\",\"target\":[\"https:\\\/\\\/www.revistarambla.com\\\/presupuestos-catalunya-2014\\\/\"]}]},{\"@type\":\"ImageObject\",\"inLanguage\":\"en-GB\",\"@id\":\"https:\\\/\\\/www.revistarambla.com\\\/presupuestos-catalunya-2014\\\/#primaryimage\",\"url\":\"https:\\\/\\\/www.revistarambla.com\\\/wp-content\\\/uploads\\\/2013\\\/11\\\/Andreu-Mas-Colell_rambla_02.jpg\",\"contentUrl\":\"https:\\\/\\\/www.revistarambla.com\\\/wp-content\\\/uploads\\\/2013\\\/11\\\/Andreu-Mas-Colell_rambla_02.jpg\",\"width\":700,\"height\":469,\"caption\":\"Andreu Mas-Colell presupuestos catalunya 2014\"},{\"@type\":\"BreadcrumbList\",\"@id\":\"https:\\\/\\\/www.revistarambla.com\\\/presupuestos-catalunya-2014\\\/#breadcrumb\",\"itemListElement\":[{\"@type\":\"ListItem\",\"position\":1,\"name\":\"Portada\",\"item\":\"https:\\\/\\\/www.revistarambla.com\\\/\"},{\"@type\":\"ListItem\",\"position\":2,\"name\":\"Presupuestos Catalunya 2014: una coalici\u00f3n que no es &#8220;pro-impuestos&#8221;\"}]},{\"@type\":\"WebSite\",\"@id\":\"https:\\\/\\\/www.revistarambla.com\\\/#website\",\"url\":\"https:\\\/\\\/www.revistarambla.com\\\/\",\"name\":\"Revista Rambla Barcelona\",\"description\":\"Periodismo independiente\",\"publisher\":{\"@id\":\"https:\\\/\\\/www.revistarambla.com\\\/#organization\"},\"potentialAction\":[{\"@type\":\"SearchAction\",\"target\":{\"@type\":\"EntryPoint\",\"urlTemplate\":\"https:\\\/\\\/www.revistarambla.com\\\/?s={search_term_string}\"},\"query-input\":{\"@type\":\"PropertyValueSpecification\",\"valueRequired\":true,\"valueName\":\"search_term_string\"}}],\"inLanguage\":\"en-GB\"},{\"@type\":\"Organization\",\"@id\":\"https:\\\/\\\/www.revistarambla.com\\\/#organization\",\"name\":\"Revista Rambla\",\"url\":\"https:\\\/\\\/www.revistarambla.com\\\/\",\"logo\":{\"@type\":\"ImageObject\",\"inLanguage\":\"en-GB\",\"@id\":\"https:\\\/\\\/www.revistarambla.com\\\/#\\\/schema\\\/logo\\\/image\\\/\",\"url\":\"https:\\\/\\\/www.revistarambla.com\\\/wp-content\\\/uploads\\\/2020\\\/09\\\/banner_rambla_1900x600_BB.png\",\"contentUrl\":\"https:\\\/\\\/www.revistarambla.com\\\/wp-content\\\/uploads\\\/2020\\\/09\\\/banner_rambla_1900x600_BB.png\",\"width\":1900,\"height\":600,\"caption\":\"Revista Rambla\"},\"image\":{\"@id\":\"https:\\\/\\\/www.revistarambla.com\\\/#\\\/schema\\\/logo\\\/image\\\/\"},\"sameAs\":[\"https:\\\/\\\/www.facebook.com\\\/revistarambla\\\/\",\"https:\\\/\\\/x.com\\\/revistarambla\",\"https:\\\/\\\/www.instagram.com\\\/revista_rambla\",\"https:\\\/\\\/es.linkedin.com\\\/company\\\/revista-rambla\"]},{\"@type\":\"Person\",\"@id\":\"https:\\\/\\\/www.revistarambla.com\\\/#\\\/schema\\\/person\\\/a146a5a2550b94981a75131180e1bd9c\",\"name\":\"R@mbla\",\"description\":\"Este art\u00edculo ha sido redactado y\\\/o validado por el equipo de redacci\u00f3n de Revista Rambla.\",\"sameAs\":[\"https:\\\/\\\/www.revistarambla.com\\\/\",\"https:\\\/\\\/www.facebook.com\\\/revistarambla\",\"https:\\\/\\\/x.com\\\/revistarambla\"]}]}<\/script>\n<!-- \/ Yoast SEO plugin. -->","yoast_head_json":{"title":"Presupuestos Catalunya 2014: una coalici\u00f3n no \u00abpro-impuestos\u00bb","description":"No habr\u00e1 nuevos tijeretazos, pero se mantienen los antiguos y todav\u00eda vigentes en los presupuestos de Catalunya para el 2014.","robots":{"index":"index","follow":"follow","max-snippet":"max-snippet:-1","max-image-preview":"max-image-preview:large","max-video-preview":"max-video-preview:-1"},"canonical":"https:\/\/www.revistarambla.com\/en\/presupuestos-catalunya-2014\/","og_locale":"en_GB","og_type":"article","og_title":"Presupuestos Catalunya 2014: una coalici\u00f3n no \u00abpro-impuestos\u00bb","og_description":"No habr\u00e1 nuevos tijeretazos, pero se mantienen los antiguos y todav\u00eda vigentes en los presupuestos de Catalunya para el 2014.","og_url":"https:\/\/www.revistarambla.com\/en\/presupuestos-catalunya-2014\/","og_site_name":"Revista Rambla","article_publisher":"https:\/\/www.facebook.com\/revistarambla\/","article_author":"https:\/\/www.facebook.com\/revistarambla","article_published_time":"2013-11-08T09:34:41+00:00","article_modified_time":"2024-05-11T19:21:22+00:00","og_image":[{"width":700,"height":469,"url":"https:\/\/www.revistarambla.com\/wp-content\/uploads\/2013\/11\/Andreu-Mas-Colell_rambla_02.jpg","type":"image\/jpeg"}],"author":"R@mbla","twitter_card":"summary_large_image","twitter_creator":"@revistarambla","twitter_site":"@revistarambla","twitter_misc":{"Written by":"R@mbla","Estimated reading time":"8 minutes"},"schema":{"@context":"https:\/\/schema.org","@graph":[{"@type":"Article","@id":"https:\/\/www.revistarambla.com\/presupuestos-catalunya-2014\/#article","isPartOf":{"@id":"https:\/\/www.revistarambla.com\/presupuestos-catalunya-2014\/"},"author":{"name":"R@mbla","@id":"https:\/\/www.revistarambla.com\/#\/schema\/person\/a146a5a2550b94981a75131180e1bd9c"},"headline":"Presupuestos Catalunya 2014: una coalici\u00f3n que no es \u00abpro-impuestos\u00bb","datePublished":"2013-11-08T09:34:41+00:00","dateModified":"2024-05-11T19:21:22+00:00","mainEntityOfPage":{"@id":"https:\/\/www.revistarambla.com\/presupuestos-catalunya-2014\/"},"wordCount":1577,"commentCount":0,"publisher":{"@id":"https:\/\/www.revistarambla.com\/#organization"},"image":{"@id":"https:\/\/www.revistarambla.com\/presupuestos-catalunya-2014\/#primaryimage"},"thumbnailUrl":"https:\/\/www.revistarambla.com\/wp-content\/uploads\/2013\/11\/Andreu-Mas-Colell_rambla_02.jpg","articleSection":["Catalunya"],"inLanguage":"en-GB","potentialAction":[{"@type":"CommentAction","name":"Comment","target":["https:\/\/www.revistarambla.com\/presupuestos-catalunya-2014\/#respond"]}]},{"@type":"WebPage","@id":"https:\/\/www.revistarambla.com\/presupuestos-catalunya-2014\/","url":"https:\/\/www.revistarambla.com\/presupuestos-catalunya-2014\/","name":"Presupuestos Catalunya 2014: una coalici\u00f3n no \u00abpro-impuestos\u00bb","isPartOf":{"@id":"https:\/\/www.revistarambla.com\/#website"},"primaryImageOfPage":{"@id":"https:\/\/www.revistarambla.com\/presupuestos-catalunya-2014\/#primaryimage"},"image":{"@id":"https:\/\/www.revistarambla.com\/presupuestos-catalunya-2014\/#primaryimage"},"thumbnailUrl":"https:\/\/www.revistarambla.com\/wp-content\/uploads\/2013\/11\/Andreu-Mas-Colell_rambla_02.jpg","datePublished":"2013-11-08T09:34:41+00:00","dateModified":"2024-05-11T19:21:22+00:00","description":"No habr\u00e1 nuevos tijeretazos, pero se mantienen los antiguos y todav\u00eda vigentes en los presupuestos de Catalunya para el 2014.","breadcrumb":{"@id":"https:\/\/www.revistarambla.com\/presupuestos-catalunya-2014\/#breadcrumb"},"inLanguage":"en-GB","potentialAction":[{"@type":"ReadAction","target":["https:\/\/www.revistarambla.com\/presupuestos-catalunya-2014\/"]}]},{"@type":"ImageObject","inLanguage":"en-GB","@id":"https:\/\/www.revistarambla.com\/presupuestos-catalunya-2014\/#primaryimage","url":"https:\/\/www.revistarambla.com\/wp-content\/uploads\/2013\/11\/Andreu-Mas-Colell_rambla_02.jpg","contentUrl":"https:\/\/www.revistarambla.com\/wp-content\/uploads\/2013\/11\/Andreu-Mas-Colell_rambla_02.jpg","width":700,"height":469,"caption":"Andreu Mas-Colell presupuestos catalunya 2014"},{"@type":"BreadcrumbList","@id":"https:\/\/www.revistarambla.com\/presupuestos-catalunya-2014\/#breadcrumb","itemListElement":[{"@type":"ListItem","position":1,"name":"Portada","item":"https:\/\/www.revistarambla.com\/"},{"@type":"ListItem","position":2,"name":"Presupuestos Catalunya 2014: una coalici\u00f3n que no es &#8220;pro-impuestos&#8221;"}]},{"@type":"WebSite","@id":"https:\/\/www.revistarambla.com\/#website","url":"https:\/\/www.revistarambla.com\/","name":"Revista Rambla Barcelona","description":"Periodismo independiente","publisher":{"@id":"https:\/\/www.revistarambla.com\/#organization"},"potentialAction":[{"@type":"SearchAction","target":{"@type":"EntryPoint","urlTemplate":"https:\/\/www.revistarambla.com\/?s={search_term_string}"},"query-input":{"@type":"PropertyValueSpecification","valueRequired":true,"valueName":"search_term_string"}}],"inLanguage":"en-GB"},{"@type":"Organization","@id":"https:\/\/www.revistarambla.com\/#organization","name":"Revista Rambla","url":"https:\/\/www.revistarambla.com\/","logo":{"@type":"ImageObject","inLanguage":"en-GB","@id":"https:\/\/www.revistarambla.com\/#\/schema\/logo\/image\/","url":"https:\/\/www.revistarambla.com\/wp-content\/uploads\/2020\/09\/banner_rambla_1900x600_BB.png","contentUrl":"https:\/\/www.revistarambla.com\/wp-content\/uploads\/2020\/09\/banner_rambla_1900x600_BB.png","width":1900,"height":600,"caption":"Revista Rambla"},"image":{"@id":"https:\/\/www.revistarambla.com\/#\/schema\/logo\/image\/"},"sameAs":["https:\/\/www.facebook.com\/revistarambla\/","https:\/\/x.com\/revistarambla","https:\/\/www.instagram.com\/revista_rambla","https:\/\/es.linkedin.com\/company\/revista-rambla"]},{"@type":"Person","@id":"https:\/\/www.revistarambla.com\/#\/schema\/person\/a146a5a2550b94981a75131180e1bd9c","name":"R@mbla","description":"Este art\u00edculo ha sido redactado y\/o validado por el equipo de redacci\u00f3n de Revista Rambla.","sameAs":["https:\/\/www.revistarambla.com\/","https:\/\/www.facebook.com\/revistarambla","https:\/\/x.com\/revistarambla"]}]}},"_links":{"self":[{"href":"https:\/\/www.revistarambla.com\/en\/wp-json\/wp\/v2\/posts\/4211","targetHints":{"allow":["GET"]}}],"collection":[{"href":"https:\/\/www.revistarambla.com\/en\/wp-json\/wp\/v2\/posts"}],"about":[{"href":"https:\/\/www.revistarambla.com\/en\/wp-json\/wp\/v2\/types\/post"}],"author":[{"embeddable":true,"href":"https:\/\/www.revistarambla.com\/en\/wp-json\/wp\/v2\/users\/3"}],"replies":[{"embeddable":true,"href":"https:\/\/www.revistarambla.com\/en\/wp-json\/wp\/v2\/comments?post=4211"}],"version-history":[{"count":3,"href":"https:\/\/www.revistarambla.com\/en\/wp-json\/wp\/v2\/posts\/4211\/revisions"}],"predecessor-version":[{"id":60197,"href":"https:\/\/www.revistarambla.com\/en\/wp-json\/wp\/v2\/posts\/4211\/revisions\/60197"}],"wp:featuredmedia":[{"embeddable":true,"href":"https:\/\/www.revistarambla.com\/en\/wp-json\/wp\/v2\/media\/4210"}],"wp:attachment":[{"href":"https:\/\/www.revistarambla.com\/en\/wp-json\/wp\/v2\/media?parent=4211"}],"wp:term":[{"taxonomy":"category","embeddable":true,"href":"https:\/\/www.revistarambla.com\/en\/wp-json\/wp\/v2\/categories?post=4211"},{"taxonomy":"post_tag","embeddable":true,"href":"https:\/\/www.revistarambla.com\/en\/wp-json\/wp\/v2\/tags?post=4211"}],"curies":[{"name":"wp","href":"https:\/\/api.w.org\/{rel}","templated":true}]}}