{"id":420,"date":"2010-10-07T08:46:06","date_gmt":"2010-10-07T06:46:06","guid":{"rendered":"https:\/\/www.revistarambla.com\/desigualdades-entre-mundos\/"},"modified":"2021-12-08T20:38:19","modified_gmt":"2021-12-08T19:38:19","slug":"arcadi-oliveres-desigualdades-entre-mundos","status":"publish","type":"post","link":"https:\/\/www.revistarambla.com\/en\/arcadi-oliveres-desigualdades-entre-mundos\/","title":{"rendered":"Arcadi Oliveres: desigualdades entre mundos"},"content":{"rendered":"<p><img decoding=\"async\" class=\"alignright\" src=\"https:\/\/www.revistarambla.com\/wp-content\/uploads\/2010\/10\/arcadi%20oliveres2.jpg\" alt=\"alt\" width=\"355\" height=\"208\" \/><\/p>\n<p style=\"text-align: left;\">Cada siete segundos, un ni\u00f1o muere de hambre en \u00c1frica. Ahora mismo, justo en este preciso momento. Es una realidad que todos conocemos, el pan de cada d\u00eda de los pa\u00edses subdesarrollados, sumidos en la miseria desde tiempos inmemoriales. Los l\u00edderes mundiales se hacen los despistados, no se esfuerzan en sacar al continente de la pobreza. Para calmar su conciencia y limpiar su imagen, cada equis tiempo prometen ayudas, pero \u00e9stas \u00a0llegan en cuenta gotas o directamente se extrav\u00edan a medio camino. El mundo de los ricos hace o\u00eddos sordos, no quiere escuchar las peticiones de los pobres, que piden ayuda a gritos. Por suerte, existen muchas organizaciones que luchan para cambiar la tragedia del Tercer Mundo. <a href=\"https:\/\/www.justiciaipau.org\/es\/\">Justicia y Paz<\/a>, asociaci\u00f3n cristiana sin \u00e1nimo de lucro presente en todo el estado, es una de ellas. <strong>Arcadi Oliveres<\/strong>, presidente de la sede de la entidad perteneciente a la di\u00f3cesis de Barcelona, nos explica su visi\u00f3n de las desigualdades entre mundos.<\/p>\n<p style=\"text-align: left;\"><strong>Justicia y Paz es una entidad cristiana que lucha por la defensa de los derechos humanos, la justicia social, la paz, la solidaridad&#8230; En este sentido, impuls\u00e1is propuestas concretas de sensibilizaci\u00f3n para cambiar ciertas realidades. La campa\u00f1a \u201cJusticia para \u00c1frica\u201d es una de ellas. Desde vuestro punto de vista, \u00bfen qu\u00e9 t\u00e9rminos el mundo es injusto con \u00c1frica y, en general, con lo que denominamos el Tercer Mundo?<\/strong><\/p>\n<p style=\"text-align: left;\"><strong>Arcadi Oliveres-.<\/strong> En much\u00edsimos aspectos. El m\u00e1s grave de todos es el que no permite la subsistencia de los seres humanos. Si consideramos los datos de la FAO, Organizaci\u00f3n de las Naciones Unidas para la Agricultura y la Alimentaci\u00f3n, diariamente mueren alrededor de 60.000 personas de hambre en el mundo, especialmente en \u00c1frica, cuando habr\u00eda recursos m\u00e1s que suficientes para que no tuvieran que morir.<\/p>\n<p style=\"text-align: left;\">Hace dos a\u00f1os, la FAO hizo una demanda de urgencia a los pa\u00edses ricos del mundo pidi\u00e9ndoles la creaci\u00f3n de un fondo de emergencia que deber\u00eda ser dotado con 50.000 millones de d\u00f3lares al a\u00f1o. Este fondo servir\u00eda para instalar regad\u00edos, construir caminos rurales, llevar a cabo formaci\u00f3n profesional agraria\u2026 Y, seg\u00fan la FAO, evitar\u00eda con mucha facilidad el hambre en el mundo. Los pa\u00edses ricos contestaron que sus presupuestos eran muy limitados. Tres meses m\u00e1s tarde, empezaba la crisis financiera y los gobiernos proporcionaban una inyecci\u00f3n financiera a los bancos. El dinero entregado a los bancos hasta ahora es de dos billones setecientos mil millones de d\u00f3lares. Se les ha dado cincuenta y cuatro veces m\u00e1s de lo que servir\u00eda para erradicar el hambre en el mundo. \u00c9ste es un mundo completamente injusto.<\/p>\n<p style=\"text-align: left;\"><strong><img decoding=\"async\" class=\"size-full wp-image-414 aligncenter\" style=\"width: 550px; height: 271px;\" src=\"https:\/\/www.revistarambla.com\/wp-content\/uploads\/2010\/10\/africa1.jpg\" alt=\"alt\" width=\"550\" height=\"271\" srcset=\"https:\/\/www.revistarambla.com\/wp-content\/uploads\/2010\/10\/africa1.jpg 550w, https:\/\/www.revistarambla.com\/wp-content\/uploads\/2010\/10\/africa1-300x148.jpg 300w, https:\/\/www.revistarambla.com\/wp-content\/uploads\/2010\/10\/africa1-500x246.jpg 500w\" sizes=\"(max-width: 550px) 100vw, 550px\" \/><\/strong><\/p>\n<p style=\"text-align: left;\"><strong>Los pa\u00edses que pasan hambre, cuando ven este apoyo a los bancos, \u00bfno opinan que tenemos una doble moral?<\/strong><\/p>\n<p style=\"text-align: left;\"><strong>Arcadi Oliveres-. <\/strong>Naturalmente, pero no tienen ning\u00fan altavoz que reproduzca sus palabras aqu\u00ed. Adem\u00e1s, los que pueden decir algo en nombre del Tercer Mundo son sus responsables pol\u00edticos y, por lo general, \u00e9stos son t\u00edteres al servicio de los pa\u00edses del norte, con lo cual\u2026 (<em>niega con la cabeza<\/em>)<\/p>\n<p style=\"text-align: left;\"><strong>Desde Justicia y Paz, \u00bfen qu\u00e9 actividades y medidas concretas se traduce vuestra contribuci\u00f3n a cambiar realidades como la desigualdad entre los pa\u00edses desarrollados y los no desarrollados o en v\u00edas de desarrollo?<\/strong><\/p>\n<p style=\"text-align: left;\"><strong>Arcadi Oliveres-. <\/strong>Bien. Hemos tenido distintas etapas. Justicia y Paz empezamos pronto en Espa\u00f1a. Nuestra primera campa\u00f1a fue en 1981, cuando aqu\u00ed todav\u00eda se hablaba muy poco de los problemas de los pa\u00edses no desarrollados. Y en aquel momento insistimos para que el Gobierno Espa\u00f1ol viera en los presupuestos del estado la posibilidad de entregar como cooperaci\u00f3n al Tercer Mundo el famoso 0,7% del PIB.<\/p>\n<p style=\"text-align: left;\"><strong><img decoding=\"async\" class=\"size-full wp-image-415 aligncenter\" style=\"width: 550px; height: 366px;\" src=\"https:\/\/www.revistarambla.com\/wp-content\/uploads\/2010\/10\/africa2.jpg\" alt=\"alt\" width=\"550\" height=\"366\" srcset=\"https:\/\/www.revistarambla.com\/wp-content\/uploads\/2010\/10\/africa2.jpg 550w, https:\/\/www.revistarambla.com\/wp-content\/uploads\/2010\/10\/africa2-300x200.jpg 300w, https:\/\/www.revistarambla.com\/wp-content\/uploads\/2010\/10\/africa2-500x333.jpg 500w\" sizes=\"(max-width: 550px) 100vw, 550px\" \/><\/strong><\/p>\n<p style=\"text-align: left;\"><strong>Que no se ha llegado a dar nunca\u2026<\/strong><\/p>\n<p style=\"text-align: left;\"><strong>Arcadi Oliveres-. <\/strong>No. En aquel momento, cuando empezamos la campa\u00f1a, no est\u00e1bamos en el 0,7%. Est\u00e1bamos en el 0,07%, en la d\u00e9cima parte de lo que se ten\u00eda que estar. Y ahora, veintinueve a\u00f1os despu\u00e9s de esta campa\u00f1a, resulta \u00a0que estamos en el 0,34%, la mitad del 0,7%. Adem\u00e1s, con un agravante, que el 0,7% ten\u00eda su raz\u00f3n de ser hace treinta a\u00f1os, cuando la distancia entre el norte y el sur era m\u00e1s peque\u00f1a que actualmente. Durante estos treinta a\u00f1os, la distancia ha aumentado tanto que aunque ahora se diera el 0,7%, ya no servir\u00eda de nada.<\/p>\n<p style=\"text-align: left;\">Ahora podr\u00edamos estar perfectamente en el 6 o 7% de necesidad. Y, en lugar de ello, no hemos llegado ni al 0,7%. Un verdadero desastre. Ninguna voluntad de cooperar.<\/p>\n<p style=\"text-align: left;\"><strong>\u00bfY la medida que ahora proponen los Gobiernos espa\u00f1ol y franc\u00e9s de crear un impuesto para ayudar al Tercer Mundo? \u00bfEs viable?<\/strong><\/p>\n<p style=\"text-align: left;\"><strong>Arcadi Oliveres-. <\/strong>Bueno, no estar\u00eda mal pero no la van a hacer. Esta propuesta ya la hizo un premio nobel de econom\u00eda llamado James Tobin en 1971 y nadie le hizo caso. La volvi\u00f3 a plantear en 1990 y tampoco le hicieron caso. Y a finales del a\u00f1o pasado, el que entonces a\u00fan era Primer Ministro de Gran Breta\u00f1a, el se\u00f1or Gordon Brown, dijo que pensaba que esta propuesta\u00a0 hecha veinte a\u00f1os atr\u00e1s podr\u00eda ser \u00fatil ahora, en momentos de crisis. Al d\u00eda siguiente de sus declaraciones, el Ministro de Econom\u00eda del se\u00f1or Barack Obama vol\u00f3 con urgencia de Washington a Londres para quitarle de la cabeza esa perniciosa idea al se\u00f1or Gordon Brown, diciendo que iba a perjudicar a la econom\u00eda norteamericana.<\/p>\n<p style=\"text-align: left;\">En la pol\u00edtica, la moral no existe. Estamos en manos de poderes econ\u00f3micos y pol\u00edticos que no son otra cosa que representantes de la delincuencia.<\/p>\n<p style=\"text-align: left;\"><strong><img decoding=\"async\" class=\"size-full wp-image-416 aligncenter\" style=\"width: 550px; height: 324px;\" src=\"https:\/\/www.revistarambla.com\/wp-content\/uploads\/2010\/10\/africa6.jpg\" alt=\"alt\" width=\"550\" height=\"324\" srcset=\"https:\/\/www.revistarambla.com\/wp-content\/uploads\/2010\/10\/africa6.jpg 550w, https:\/\/www.revistarambla.com\/wp-content\/uploads\/2010\/10\/africa6-300x177.jpg 300w, https:\/\/www.revistarambla.com\/wp-content\/uploads\/2010\/10\/africa6-500x295.jpg 500w\" sizes=\"(max-width: 550px) 100vw, 550px\" \/><\/strong><\/p>\n<p style=\"text-align: left;\"><strong>Hablando de la crisis econ\u00f3mica, desde 2008 el mundo se encuentra sumergido en ella y parece que seguir\u00e1 as\u00ed durante un tiempo. Se origin\u00f3 en los pa\u00edses ricos, pero \u00bfc\u00f3mo afecta a los pobres?<\/strong><\/p>\n<p style=\"text-align: left;\"><strong>Arcadi Oliveres-. <\/strong>\u00c9sta es fundamentalmente una crisis de ricos pero, naturalmente, afecta a los pa\u00edses pobres. En primer lugar, por las restricciones de la actividad comercial. Si los pa\u00edses ricos est\u00e1n en una mala situaci\u00f3n, evidentemente compran menos, con lo cual los mercados de los pa\u00edses pobres se encuentran con menos posibilidades de poder acudir a estos pa\u00edses.<\/p>\n<p style=\"text-align: left;\">En segundo lugar, y lo hemos visto aqu\u00ed en Espa\u00f1a, autom\u00e1ticamente se cierra el grifo de la ayuda al desarrollo. Recientemente, se impuls\u00f3 el plan Zapatero del mes de mayo que, si no me falla la memoria, restringi\u00f3 600.000.000 de euros a la cooperaci\u00f3n de un modo inmediato.<\/p>\n<p style=\"text-align: left;\">Finalmente, cabe destacar un tercer elemento, que es b\u00e1sico. Y es que se cierran las puertas a la inmigraci\u00f3n. La v\u00e1lvula de escape que para muchos pa\u00edses suponen las remesas de inmigrantes se va cerrando autom\u00e1ticamente. Menos comercio, menos remesas, menos ayuda.<\/p>\n<p style=\"text-align: left;\"><strong>Precisamente en 2008 los pa\u00edses del G-20 celebraron una cumbre en Washington para debatir c\u00f3mo reformar el sistema financiero mundial para poder enfrentarse a la crisis. La pr\u00e1ctica totalidad de los pa\u00edses africanos no forman parte del grupo y, por tanto, no fueron invitados. \u00bfQu\u00e9 lectura puede hacerse de este hecho?<\/strong><\/p>\n<p style=\"text-align: left;\"><strong>Arcadi Oliveres-. <\/strong>Bueno, el G-20 es una instituci\u00f3n antidemocr\u00e1tica por definici\u00f3n. Veinte pa\u00edses m\u00e1s o menos privilegiados pretenden resolver una crisis que es global. Todas las decisiones que hasta ahora han tomado han sido para proteger los intereses de los especuladores de los banqueros y han ido siempre en contra de los de la poblaci\u00f3n. Es una instituci\u00f3n perversa que debe ser disuelta de forma inminente.<\/p>\n<p style=\"text-align: left;\">En relaci\u00f3n con esto, quiero poner sobre la mesa una an\u00e9cdota de la que se habl\u00f3 poco. El a\u00f1o pasado, presid\u00eda la asamblea general de la ONU un nicarag\u00fcense que se llama Miguel d\u2019Escoto. Este se\u00f1or lleg\u00f3 a la conclusi\u00f3n l\u00f3gica de que la crisis era mundial y de que no eran veinte pa\u00edses los que ten\u00edan que resolverla sino un grupo de 192, el de los 192 miembros de Naciones Unidas. Hizo una convocatoria para que asistieran a una reuni\u00f3n en Nueva York para intentar resolver la crisis. S\u00f3lo respondi\u00f3 un jefe de estado. Un se\u00f1or que se llama Rafael Correa al cual los golpistas quer\u00edan sacar de Ecuador la semana pasada. Ya vemos c\u00f3mo est\u00e1 el mundo.<\/p>\n<p style=\"text-align: left;\"><strong><img decoding=\"async\" class=\"alignright size-full wp-image-417\" style=\"width: 250px; height: 167px; margin-left: 8px; margin-right: 8px; float: right;\" src=\"https:\/\/www.revistarambla.com\/wp-content\/uploads\/2010\/10\/arcadi%20oliveres1.jpg\" alt=\"alt\" width=\"250\" height=\"167\" \/>\u00bfSe podr\u00eda decir que los pa\u00edses desarrollados, unidos en el G-20, no quisieron escuchar la voz de los no desarrollados, aunque estos conforman el 80% del planeta?<\/strong><\/p>\n<p style=\"text-align: left;\"><strong>Arcadi Oliveres-. <\/strong>Claro. No la quieren escuchar nunca. Pero llegar\u00e1 un momento en que la tendr\u00e1n que escuchar, cuando el planeta quede destruido, el d\u00eda en que los bosques ya no existan, el agua escasee y no tengamos petr\u00f3leo. Aquel d\u00eda quiz\u00e1s empezaremos a pensar que hay que tratar el planeta de otra manera. Pero, de momento, la opini\u00f3n p\u00fablica no est\u00e1 por la labor sino por la <em>imbecilizaci\u00f3n<\/em> colectiva que da la televisi\u00f3n.<\/p>\n<p style=\"text-align: left;\"><strong>Entonces, vosotros como entidad, \u00bfqu\u00e9 posici\u00f3n adoptasteis respecto a la cumbre de Washington y las sucesivas?<\/strong><\/p>\n<p style=\"text-align: left;\"><strong>Arcadi Oliveres-. <\/strong>Bueno, nosotros nos hemos quejado de todas. De la cumbre de Washington, de la de Londres, de la de Pittsburgh y de la \u00faltima, en Toronto. Nos hemos quejado una vez tras otra de la falta de democracia. Hacemos una cr\u00edtica severa de lo que se est\u00e1 haciendo.<\/p>\n<p style=\"text-align: left;\"><strong>A pesar de centrarse en debatir la situaci\u00f3n de los mercados financieros, la cumbre de Washington tambi\u00e9n concluy\u00f3 que era necesario ayudar a los pa\u00edses emergentes y en desarrollo a conseguir acceso a la financiaci\u00f3n en las dif\u00edciles condiciones financieras actuales, incluyendo instrumentos de liquidez y programas de apoyo. En la pr\u00e1ctica, \u00bfse tiene en cuenta este acuerdo?<\/strong><\/p>\n<p style=\"text-align: left;\"><strong>Arcadi Oliveres-. <\/strong>Bueno, despu\u00e9s de tomar las decisiones, al final siempre dicen un par de palabras simp\u00e1ticas para quedar bien con la opini\u00f3n p\u00fablica, sin la menor voluntad de hacer nada. Lo \u00fanico que hacen es salvar sus intereses, y me atrever\u00eda a decir que ni eso, porque si esta crisis afecta al norte tiene una ra\u00edz clara y es la especulaci\u00f3n financiera. Bueno, pues me he le\u00eddo los resultados de estas cuatro cumbres celebradas por el G-20, y en ninguna de ellas se ha tomado ni una sola decisi\u00f3n para frenarla. Se han tomado decisiones para blindar a los bancos, para los para\u00edsos fiscales, para los sueldos de los directivos bancarios\u2026 pero para frenar esta perversidad enorme que se llama especulaci\u00f3n financiera ni una.<\/p>\n<p style=\"text-align: left;\"><strong><img decoding=\"async\" class=\"size-full wp-image-418 aligncenter\" style=\"width: 550px; height: 366px;\" src=\"https:\/\/www.revistarambla.com\/wp-content\/uploads\/2010\/10\/africa4.jpg\" alt=\"alt\" width=\"550\" height=\"366\" srcset=\"https:\/\/www.revistarambla.com\/wp-content\/uploads\/2010\/10\/africa4.jpg 550w, https:\/\/www.revistarambla.com\/wp-content\/uploads\/2010\/10\/africa4-300x200.jpg 300w, https:\/\/www.revistarambla.com\/wp-content\/uploads\/2010\/10\/africa4-500x333.jpg 500w\" sizes=\"(max-width: 550px) 100vw, 550px\" \/><\/strong><\/p>\n<p style=\"text-align: left;\"><strong>Existe la teor\u00eda de que no se debe intervenir en la evoluci\u00f3n de un pa\u00eds, que ha de ser \u00e9ste el que se desarrolle. Algunos consideran que con las intervenciones se amortigua el desarrollo aut\u00f3nomo de las regiones para fomentar su dependencia externa. \u00bfQu\u00e9 opina al respecto?<\/strong><\/p>\n<p style=\"text-align: left;\"><strong>Arcadi Oliveres-. <\/strong>Es cierto, lo que pasa es que hoy en d\u00eda es inevitable. Un pa\u00eds que produce caf\u00e9, por decirte alguna cosa, o lo exporta al mercado internacional o no tira hacia adelante. \u00bfQue lo mejor ser\u00eda que un pa\u00eds no dependiera del exterior? no hay ninguna duda. Pero va a depender.<\/p>\n<p style=\"text-align: left;\">El aislamiento, aquello que antes se llamaba la autarqu\u00eda, es muy dif\u00edcil de conseguir a d\u00eda de hoy. Hay una interacci\u00f3n, lo que conocemos como la globalizaci\u00f3n econ\u00f3mica mundial, que impide que esta autarqu\u00eda se produzca. Por tanto, habida cuenta de que estas relaciones existir\u00e1n, por lo menos hay que lograr que sean justas.<\/p>\n<p style=\"text-align: left;\"><strong>En cuanto a la citada globalizaci\u00f3n, \u00bfayuda o perjudica?<\/strong><\/p>\n<p style=\"text-align: left;\"><strong>Arcadi Oliveres-. <\/strong>Depende de las condiciones en que se produzca. La globalizaci\u00f3n es un hecho completamente inapelable. No la podemos evitar. Nosotros tambi\u00e9n estamos globalizados. Por la ma\u00f1ana, tocamos un despertador que viene de Hong Kong y nos duchamos con agua caliente de Kuwait, tomamos un caf\u00e9 de Colombia, etc. etc.<\/p>\n<p style=\"text-align: left;\">\u00bfQui\u00e9n vende el caf\u00e9? Pues el campesino colombiano. \u00bfQui\u00e9n compra el caf\u00e9? Nestl\u00e9. \u00bfQui\u00e9n tiene m\u00e1s poder? Por supuesto, Nestl\u00e9. Han de vigilarse estas condiciones.<\/p>\n<p style=\"text-align: left;\"><strong><img decoding=\"async\" class=\"alignleft size-full wp-image-419\" style=\"width: 270px; height: 366px; margin-left: 7px; margin-right: 7px; float: left;\" src=\"https:\/\/www.revistarambla.com\/wp-content\/uploads\/2010\/10\/africa3.jpg\" alt=\"alt\" width=\"480\" height=\"653\" srcset=\"https:\/\/www.revistarambla.com\/wp-content\/uploads\/2010\/10\/africa3.jpg 480w, https:\/\/www.revistarambla.com\/wp-content\/uploads\/2010\/10\/africa3-221x300.jpg 221w\" sizes=\"(max-width: 480px) 100vw, 480px\" \/>Hace diez a\u00f1os, los l\u00edderes mundiales establecieron en la ONU unos objetivos que era necesario cumplir. Erradicar la pobreza y el hambre extrema, fomentar una alianza mundial para el desarrollo y conseguir la ense\u00f1anza primaria universal eran algunos de ellos. Se fij\u00f3 el 2015 como fecha l\u00edmite para cumplir la mayor\u00eda de estos prop\u00f3sitos. Vista la situaci\u00f3n actual, \u00bfser\u00e1 posible? <\/strong><\/p>\n<p style=\"text-align: left;\"><strong>Arcadi Oliveres-. <\/strong>No. En la conferencia que se celebr\u00f3 hace unas tres semanas para evaluar c\u00f3mo iba en el 2010, en los dos tercios del per\u00edodo, el cumplimiento de los objetivos del milenio, ya todo el mundo constat\u00f3 que esto era imposible. A ver, no ser\u00eda imposible si hubiera voluntad pol\u00edtica, pero como no la ha habido durante estos diez a\u00f1os y no parece que la vaya a haber en los pr\u00f3ximos cinco, no se alcanzar\u00e1n. \u00bfSe ha podido mejorar en algunos aspectos? Pues parece que s\u00ed. Por ejemplo, ahora mueren menos mujeres que antes al dar a luz, la mortalidad infantil se ha reducido\u2026 Algunas peque\u00f1as cosas se van consiguiendo, pero el grueso de las peticiones \u2013la pobreza, la alianza mundial para el desarrollo, la reducci\u00f3n del SIDA&#8230;- no se van a conseguir.<\/p>\n<p style=\"text-align: left;\"><strong>\u00bfC\u00f3mo cree que \u00c1frica podr\u00eda salir de ese agujero negro en el que se encuentra? <\/strong><\/p>\n<p style=\"text-align: left;\"><strong>Arcadi Oliveres-. <\/strong>Pues separ\u00e1ndose de Europa, de Asia y de todos los pa\u00edses. Explicar\u00e9 una an\u00e9cdota que siempre me ha parecido muy instructiva. Uno de los pa\u00edses m\u00e1s pobres de \u00c1frica es Tanzania. Tanzania firm\u00f3 la independencia hacia el a\u00f1o sesenta y pico, y tuvo un magn\u00edfico presidente, de los pocos que merecen el aplauso general, <em>Julius<\/em><em>Nyerere<\/em>. Este se\u00f1or, a principios de los a\u00f1os 70, recibi\u00f3 a una comisi\u00f3n de ONGs brit\u00e1nicas que hab\u00edan recaudado fondos para ayudar al desarrollo de Tanzania y que entregaron un cheque a Nyerere. \u00c9ste se lo devolvi\u00f3 al momento y les dijo: \u201cAhora es Tanzania la que les hace un donativo a ustedes. Con este cheque les ruego que regresen a Londres y que hagan el favor de gast\u00e1rselo explicando a los brit\u00e1nicos que el precio al que pagan el t\u00e9 que nosotros les mandamos es irrisorio, y dici\u00e9ndoles que no vengan a dejar todos sus residuos de b\u00fankeres a la costa de nuestro pa\u00eds y que paguen bien los minerales que les suministramos, etc., etc., etc.\u201d. Entonces Nyerere a\u00f1adi\u00f3: \u201cSi ustedes consiguen, con el dinero que les acabo de dar, que los ciudadanos ingleses cambien de actitud, para nosotros ser\u00e1 mucho m\u00e1s positivo que las dos escuelas u hospitales que yo pueda construir con ese dinero\u201d.<\/p>\n<p style=\"text-align: left;\"><strong>Entonces, a grandes rasgos, \u00bfque deber\u00eda cambiar a nivel mundial para que se hiciera justicia?<\/strong><\/p>\n<p style=\"text-align: left;\"><strong>Arcadi Oliveres-. <\/strong>La voluntad. Pero la voluntad depende del pensamiento de cada uno. As\u00ed que yo dir\u00eda que, en primer lugar, lo que hace falta es crear una opini\u00f3n p\u00fablica muy sensible y capaz de presionar tanto a gobernantes como a poderes econ\u00f3micos para que las cosas cambien. Mi gran preocupaci\u00f3n es que hoy en d\u00eda estamos frente a unos medios de comunicaci\u00f3n que lo que intentan es que la opini\u00f3n p\u00fablica se calle y no vea la realidad de las cosas. Para m\u00ed, lo m\u00e1s importante para que cambie la situaci\u00f3n es que la poblaci\u00f3n deje de estar atontada y confundida. Con los medios en este plan, poco conseguiremos.<\/p>","protected":false},"excerpt":{"rendered":"<p>Cada siete segundos, un ni\u00f1o muere de hambre en \u00c1frica. Ahora mismo, justo en este preciso momento. Es una realidad que todos conocemos, el pan de cada d\u00eda de los pa\u00edses subdesarrollados, sumidos en la miseria desde tiempos inmemoriales. Los l\u00edderes mundiales se hacen los despistados, no se esfuerzan en [&hellip;]<\/p>\n","protected":false},"author":39,"featured_media":0,"comment_status":"open","ping_status":"open","sticky":false,"template":"","format":"standard","meta":{"footnotes":""},"categories":[3,59],"tags":[],"class_list":["post-420","post","type-post","status-publish","format-standard","hentry","category-actualidad","category-catalunya"],"yoast_head":"<!-- This site is optimized with the Yoast SEO plugin v27.5 - https:\/\/yoast.com\/product\/yoast-seo-wordpress\/ -->\n<title>Arcadi Oliveres: desigualdades entre mundos - Revista Rambla<\/title>\n<meta name=\"description\" content=\"Arcadi Oliveres, presidente de la sede de la entidad perteneciente a la di\u00f3cesis de Barcelona, nos explica su visi\u00f3n de las desigualdades entre mundos.\" \/>\n<meta name=\"robots\" content=\"index, follow, max-snippet:-1, max-image-preview:large, max-video-preview:-1\" \/>\n<link rel=\"canonical\" href=\"https:\/\/www.revistarambla.com\/en\/arcadi-oliveres-desigualdades-entre-mundos\/\" \/>\n<meta property=\"og:locale\" content=\"en_GB\" \/>\n<meta property=\"og:type\" content=\"article\" \/>\n<meta property=\"og:title\" content=\"Arcadi Oliveres: desigualdades entre mundos - Revista Rambla\" \/>\n<meta property=\"og:description\" content=\"Arcadi Oliveres, presidente de la sede de la entidad perteneciente a la di\u00f3cesis de Barcelona, nos explica su visi\u00f3n de las desigualdades entre mundos.\" \/>\n<meta property=\"og:url\" content=\"https:\/\/www.revistarambla.com\/en\/arcadi-oliveres-desigualdades-entre-mundos\/\" \/>\n<meta property=\"og:site_name\" content=\"Revista Rambla\" \/>\n<meta property=\"article:publisher\" content=\"https:\/\/www.facebook.com\/revistarambla\/\" \/>\n<meta property=\"article:published_time\" content=\"2010-10-07T06:46:06+00:00\" \/>\n<meta property=\"article:modified_time\" content=\"2021-12-08T19:38:19+00:00\" \/>\n<meta property=\"og:image\" content=\"https:\/\/www.revistarambla.com\/wp-content\/uploads\/2010\/10\/africa5.jpg\" \/>\n\t<meta property=\"og:image:width\" content=\"250\" \/>\n\t<meta property=\"og:image:height\" content=\"166\" \/>\n\t<meta property=\"og:image:type\" content=\"image\/jpeg\" \/>\n<meta name=\"author\" content=\"Blanca Mendiguren Gomila\" \/>\n<meta name=\"twitter:card\" content=\"summary_large_image\" \/>\n<meta name=\"twitter:creator\" content=\"@BlancaGomila\" \/>\n<meta name=\"twitter:site\" content=\"@revistarambla\" \/>\n<meta name=\"twitter:label1\" content=\"Written by\" \/>\n\t<meta name=\"twitter:data1\" content=\"Blanca Mendiguren Gomila\" \/>\n\t<meta name=\"twitter:label2\" content=\"Estimated reading time\" \/>\n\t<meta name=\"twitter:data2\" content=\"13 minutes\" \/>\n<script type=\"application\/ld+json\" class=\"yoast-schema-graph\">{\"@context\":\"https:\\\/\\\/schema.org\",\"@graph\":[{\"@type\":\"Article\",\"@id\":\"https:\\\/\\\/www.revistarambla.com\\\/arcadi-oliveres-desigualdades-entre-mundos\\\/#article\",\"isPartOf\":{\"@id\":\"https:\\\/\\\/www.revistarambla.com\\\/arcadi-oliveres-desigualdades-entre-mundos\\\/\"},\"author\":{\"name\":\"Blanca Mendiguren Gomila\",\"@id\":\"https:\\\/\\\/www.revistarambla.com\\\/#\\\/schema\\\/person\\\/ef3b07dd258f83e19609a57611e756c9\"},\"headline\":\"Arcadi Oliveres: desigualdades entre mundos\",\"datePublished\":\"2010-10-07T06:46:06+00:00\",\"dateModified\":\"2021-12-08T19:38:19+00:00\",\"mainEntityOfPage\":{\"@id\":\"https:\\\/\\\/www.revistarambla.com\\\/arcadi-oliveres-desigualdades-entre-mundos\\\/\"},\"wordCount\":2670,\"commentCount\":0,\"publisher\":{\"@id\":\"https:\\\/\\\/www.revistarambla.com\\\/#organization\"},\"image\":{\"@id\":\"https:\\\/\\\/www.revistarambla.com\\\/arcadi-oliveres-desigualdades-entre-mundos\\\/#primaryimage\"},\"thumbnailUrl\":\"https:\\\/\\\/www.revistarambla.com\\\/wp-content\\\/uploads\\\/2010\\\/10\\\/arcadi%20oliveres2.jpg\",\"articleSection\":[\"Actualidad\",\"Catalunya\"],\"inLanguage\":\"en-GB\",\"potentialAction\":[{\"@type\":\"CommentAction\",\"name\":\"Comment\",\"target\":[\"https:\\\/\\\/www.revistarambla.com\\\/arcadi-oliveres-desigualdades-entre-mundos\\\/#respond\"]}]},{\"@type\":\"WebPage\",\"@id\":\"https:\\\/\\\/www.revistarambla.com\\\/arcadi-oliveres-desigualdades-entre-mundos\\\/\",\"url\":\"https:\\\/\\\/www.revistarambla.com\\\/arcadi-oliveres-desigualdades-entre-mundos\\\/\",\"name\":\"Arcadi Oliveres: desigualdades entre mundos - Revista Rambla\",\"isPartOf\":{\"@id\":\"https:\\\/\\\/www.revistarambla.com\\\/#website\"},\"primaryImageOfPage\":{\"@id\":\"https:\\\/\\\/www.revistarambla.com\\\/arcadi-oliveres-desigualdades-entre-mundos\\\/#primaryimage\"},\"image\":{\"@id\":\"https:\\\/\\\/www.revistarambla.com\\\/arcadi-oliveres-desigualdades-entre-mundos\\\/#primaryimage\"},\"thumbnailUrl\":\"https:\\\/\\\/www.revistarambla.com\\\/wp-content\\\/uploads\\\/2010\\\/10\\\/arcadi%20oliveres2.jpg\",\"datePublished\":\"2010-10-07T06:46:06+00:00\",\"dateModified\":\"2021-12-08T19:38:19+00:00\",\"description\":\"Arcadi Oliveres, presidente de la sede de la entidad perteneciente a la di\u00f3cesis de Barcelona, nos explica su visi\u00f3n de las desigualdades entre mundos.\",\"breadcrumb\":{\"@id\":\"https:\\\/\\\/www.revistarambla.com\\\/arcadi-oliveres-desigualdades-entre-mundos\\\/#breadcrumb\"},\"inLanguage\":\"en-GB\",\"potentialAction\":[{\"@type\":\"ReadAction\",\"target\":[\"https:\\\/\\\/www.revistarambla.com\\\/arcadi-oliveres-desigualdades-entre-mundos\\\/\"]}]},{\"@type\":\"ImageObject\",\"inLanguage\":\"en-GB\",\"@id\":\"https:\\\/\\\/www.revistarambla.com\\\/arcadi-oliveres-desigualdades-entre-mundos\\\/#primaryimage\",\"url\":\"https:\\\/\\\/www.revistarambla.com\\\/wp-content\\\/uploads\\\/2010\\\/10\\\/arcadi%20oliveres2.jpg\",\"contentUrl\":\"https:\\\/\\\/www.revistarambla.com\\\/wp-content\\\/uploads\\\/2010\\\/10\\\/arcadi%20oliveres2.jpg\"},{\"@type\":\"BreadcrumbList\",\"@id\":\"https:\\\/\\\/www.revistarambla.com\\\/arcadi-oliveres-desigualdades-entre-mundos\\\/#breadcrumb\",\"itemListElement\":[{\"@type\":\"ListItem\",\"position\":1,\"name\":\"Portada\",\"item\":\"https:\\\/\\\/www.revistarambla.com\\\/\"},{\"@type\":\"ListItem\",\"position\":2,\"name\":\"Arcadi Oliveres: desigualdades entre mundos\"}]},{\"@type\":\"WebSite\",\"@id\":\"https:\\\/\\\/www.revistarambla.com\\\/#website\",\"url\":\"https:\\\/\\\/www.revistarambla.com\\\/\",\"name\":\"Revista Rambla Barcelona\",\"description\":\"Periodismo independiente\",\"publisher\":{\"@id\":\"https:\\\/\\\/www.revistarambla.com\\\/#organization\"},\"potentialAction\":[{\"@type\":\"SearchAction\",\"target\":{\"@type\":\"EntryPoint\",\"urlTemplate\":\"https:\\\/\\\/www.revistarambla.com\\\/?s={search_term_string}\"},\"query-input\":{\"@type\":\"PropertyValueSpecification\",\"valueRequired\":true,\"valueName\":\"search_term_string\"}}],\"inLanguage\":\"en-GB\"},{\"@type\":\"Organization\",\"@id\":\"https:\\\/\\\/www.revistarambla.com\\\/#organization\",\"name\":\"Revista Rambla\",\"url\":\"https:\\\/\\\/www.revistarambla.com\\\/\",\"logo\":{\"@type\":\"ImageObject\",\"inLanguage\":\"en-GB\",\"@id\":\"https:\\\/\\\/www.revistarambla.com\\\/#\\\/schema\\\/logo\\\/image\\\/\",\"url\":\"https:\\\/\\\/www.revistarambla.com\\\/wp-content\\\/uploads\\\/2020\\\/09\\\/banner_rambla_1900x600_BB.png\",\"contentUrl\":\"https:\\\/\\\/www.revistarambla.com\\\/wp-content\\\/uploads\\\/2020\\\/09\\\/banner_rambla_1900x600_BB.png\",\"width\":1900,\"height\":600,\"caption\":\"Revista Rambla\"},\"image\":{\"@id\":\"https:\\\/\\\/www.revistarambla.com\\\/#\\\/schema\\\/logo\\\/image\\\/\"},\"sameAs\":[\"https:\\\/\\\/www.facebook.com\\\/revistarambla\\\/\",\"https:\\\/\\\/x.com\\\/revistarambla\",\"https:\\\/\\\/www.instagram.com\\\/revista_rambla\",\"https:\\\/\\\/es.linkedin.com\\\/company\\\/revista-rambla\"]},{\"@type\":\"Person\",\"@id\":\"https:\\\/\\\/www.revistarambla.com\\\/#\\\/schema\\\/person\\\/ef3b07dd258f83e19609a57611e756c9\",\"name\":\"Blanca Mendiguren Gomila\",\"description\":\"Periodista.\",\"sameAs\":[\"https:\\\/\\\/x.com\\\/BlancaGomila\"]}]}<\/script>\n<!-- \/ Yoast SEO plugin. -->","yoast_head_json":{"title":"Arcadi Oliveres: desigualdades entre mundos - Revista Rambla","description":"Arcadi Oliveres, presidente de la sede de la entidad perteneciente a la di\u00f3cesis de Barcelona, nos explica su visi\u00f3n de las desigualdades entre mundos.","robots":{"index":"index","follow":"follow","max-snippet":"max-snippet:-1","max-image-preview":"max-image-preview:large","max-video-preview":"max-video-preview:-1"},"canonical":"https:\/\/www.revistarambla.com\/en\/arcadi-oliveres-desigualdades-entre-mundos\/","og_locale":"en_GB","og_type":"article","og_title":"Arcadi Oliveres: desigualdades entre mundos - Revista Rambla","og_description":"Arcadi Oliveres, presidente de la sede de la entidad perteneciente a la di\u00f3cesis de Barcelona, nos explica su visi\u00f3n de las desigualdades entre mundos.","og_url":"https:\/\/www.revistarambla.com\/en\/arcadi-oliveres-desigualdades-entre-mundos\/","og_site_name":"Revista Rambla","article_publisher":"https:\/\/www.facebook.com\/revistarambla\/","article_published_time":"2010-10-07T06:46:06+00:00","article_modified_time":"2021-12-08T19:38:19+00:00","og_image":[{"width":250,"height":166,"url":"https:\/\/www.revistarambla.com\/wp-content\/uploads\/2010\/10\/africa5.jpg","type":"image\/jpeg"}],"author":"Blanca Mendiguren Gomila","twitter_card":"summary_large_image","twitter_creator":"@BlancaGomila","twitter_site":"@revistarambla","twitter_misc":{"Written by":"Blanca Mendiguren Gomila","Estimated reading time":"13 minutes"},"schema":{"@context":"https:\/\/schema.org","@graph":[{"@type":"Article","@id":"https:\/\/www.revistarambla.com\/arcadi-oliveres-desigualdades-entre-mundos\/#article","isPartOf":{"@id":"https:\/\/www.revistarambla.com\/arcadi-oliveres-desigualdades-entre-mundos\/"},"author":{"name":"Blanca Mendiguren Gomila","@id":"https:\/\/www.revistarambla.com\/#\/schema\/person\/ef3b07dd258f83e19609a57611e756c9"},"headline":"Arcadi Oliveres: desigualdades entre mundos","datePublished":"2010-10-07T06:46:06+00:00","dateModified":"2021-12-08T19:38:19+00:00","mainEntityOfPage":{"@id":"https:\/\/www.revistarambla.com\/arcadi-oliveres-desigualdades-entre-mundos\/"},"wordCount":2670,"commentCount":0,"publisher":{"@id":"https:\/\/www.revistarambla.com\/#organization"},"image":{"@id":"https:\/\/www.revistarambla.com\/arcadi-oliveres-desigualdades-entre-mundos\/#primaryimage"},"thumbnailUrl":"https:\/\/www.revistarambla.com\/wp-content\/uploads\/2010\/10\/arcadi%20oliveres2.jpg","articleSection":["Actualidad","Catalunya"],"inLanguage":"en-GB","potentialAction":[{"@type":"CommentAction","name":"Comment","target":["https:\/\/www.revistarambla.com\/arcadi-oliveres-desigualdades-entre-mundos\/#respond"]}]},{"@type":"WebPage","@id":"https:\/\/www.revistarambla.com\/arcadi-oliveres-desigualdades-entre-mundos\/","url":"https:\/\/www.revistarambla.com\/arcadi-oliveres-desigualdades-entre-mundos\/","name":"Arcadi Oliveres: desigualdades entre mundos - Revista Rambla","isPartOf":{"@id":"https:\/\/www.revistarambla.com\/#website"},"primaryImageOfPage":{"@id":"https:\/\/www.revistarambla.com\/arcadi-oliveres-desigualdades-entre-mundos\/#primaryimage"},"image":{"@id":"https:\/\/www.revistarambla.com\/arcadi-oliveres-desigualdades-entre-mundos\/#primaryimage"},"thumbnailUrl":"https:\/\/www.revistarambla.com\/wp-content\/uploads\/2010\/10\/arcadi%20oliveres2.jpg","datePublished":"2010-10-07T06:46:06+00:00","dateModified":"2021-12-08T19:38:19+00:00","description":"Arcadi Oliveres, presidente de la sede de la entidad perteneciente a la di\u00f3cesis de Barcelona, nos explica su visi\u00f3n de las desigualdades entre mundos.","breadcrumb":{"@id":"https:\/\/www.revistarambla.com\/arcadi-oliveres-desigualdades-entre-mundos\/#breadcrumb"},"inLanguage":"en-GB","potentialAction":[{"@type":"ReadAction","target":["https:\/\/www.revistarambla.com\/arcadi-oliveres-desigualdades-entre-mundos\/"]}]},{"@type":"ImageObject","inLanguage":"en-GB","@id":"https:\/\/www.revistarambla.com\/arcadi-oliveres-desigualdades-entre-mundos\/#primaryimage","url":"https:\/\/www.revistarambla.com\/wp-content\/uploads\/2010\/10\/arcadi%20oliveres2.jpg","contentUrl":"https:\/\/www.revistarambla.com\/wp-content\/uploads\/2010\/10\/arcadi%20oliveres2.jpg"},{"@type":"BreadcrumbList","@id":"https:\/\/www.revistarambla.com\/arcadi-oliveres-desigualdades-entre-mundos\/#breadcrumb","itemListElement":[{"@type":"ListItem","position":1,"name":"Portada","item":"https:\/\/www.revistarambla.com\/"},{"@type":"ListItem","position":2,"name":"Arcadi Oliveres: desigualdades entre mundos"}]},{"@type":"WebSite","@id":"https:\/\/www.revistarambla.com\/#website","url":"https:\/\/www.revistarambla.com\/","name":"Revista Rambla Barcelona","description":"Periodismo independiente","publisher":{"@id":"https:\/\/www.revistarambla.com\/#organization"},"potentialAction":[{"@type":"SearchAction","target":{"@type":"EntryPoint","urlTemplate":"https:\/\/www.revistarambla.com\/?s={search_term_string}"},"query-input":{"@type":"PropertyValueSpecification","valueRequired":true,"valueName":"search_term_string"}}],"inLanguage":"en-GB"},{"@type":"Organization","@id":"https:\/\/www.revistarambla.com\/#organization","name":"Revista Rambla","url":"https:\/\/www.revistarambla.com\/","logo":{"@type":"ImageObject","inLanguage":"en-GB","@id":"https:\/\/www.revistarambla.com\/#\/schema\/logo\/image\/","url":"https:\/\/www.revistarambla.com\/wp-content\/uploads\/2020\/09\/banner_rambla_1900x600_BB.png","contentUrl":"https:\/\/www.revistarambla.com\/wp-content\/uploads\/2020\/09\/banner_rambla_1900x600_BB.png","width":1900,"height":600,"caption":"Revista Rambla"},"image":{"@id":"https:\/\/www.revistarambla.com\/#\/schema\/logo\/image\/"},"sameAs":["https:\/\/www.facebook.com\/revistarambla\/","https:\/\/x.com\/revistarambla","https:\/\/www.instagram.com\/revista_rambla","https:\/\/es.linkedin.com\/company\/revista-rambla"]},{"@type":"Person","@id":"https:\/\/www.revistarambla.com\/#\/schema\/person\/ef3b07dd258f83e19609a57611e756c9","name":"Blanca Mendiguren Gomila","description":"Periodista.","sameAs":["https:\/\/x.com\/BlancaGomila"]}]}},"_links":{"self":[{"href":"https:\/\/www.revistarambla.com\/en\/wp-json\/wp\/v2\/posts\/420","targetHints":{"allow":["GET"]}}],"collection":[{"href":"https:\/\/www.revistarambla.com\/en\/wp-json\/wp\/v2\/posts"}],"about":[{"href":"https:\/\/www.revistarambla.com\/en\/wp-json\/wp\/v2\/types\/post"}],"author":[{"embeddable":true,"href":"https:\/\/www.revistarambla.com\/en\/wp-json\/wp\/v2\/users\/39"}],"replies":[{"embeddable":true,"href":"https:\/\/www.revistarambla.com\/en\/wp-json\/wp\/v2\/comments?post=420"}],"version-history":[{"count":0,"href":"https:\/\/www.revistarambla.com\/en\/wp-json\/wp\/v2\/posts\/420\/revisions"}],"wp:attachment":[{"href":"https:\/\/www.revistarambla.com\/en\/wp-json\/wp\/v2\/media?parent=420"}],"wp:term":[{"taxonomy":"category","embeddable":true,"href":"https:\/\/www.revistarambla.com\/en\/wp-json\/wp\/v2\/categories?post=420"},{"taxonomy":"post_tag","embeddable":true,"href":"https:\/\/www.revistarambla.com\/en\/wp-json\/wp\/v2\/tags?post=420"}],"curies":[{"name":"wp","href":"https:\/\/api.w.org\/{rel}","templated":true}]}}