{"id":41720,"date":"2022-04-29T19:14:04","date_gmt":"2022-04-29T17:14:04","guid":{"rendered":"https:\/\/www.revistarambla.com\/?p=41720"},"modified":"2022-11-17T12:42:54","modified_gmt":"2022-11-17T11:42:54","slug":"1-maig-2022-ni-ens-faran-creure-ni-ens-faran-callar","status":"publish","type":"post","link":"https:\/\/www.revistarambla.com\/en\/1-maig-2022-ni-ens-faran-creure-ni-ens-faran-callar\/","title":{"rendered":"1 maig 2022: Ni ens faran creure, ni ens faran callar"},"content":{"rendered":"<p class=\"x_-711061856MsoNoSpacing\"><span lang=\"CA\">El darrer any hem vist com <b>les condicions de vida de la classe treballadora continuen empitjorant<\/b>. Estem assistint a una nova crisi que \u00e9s la continuaci\u00f3 de la de 2008. Ara l\u2019explicaci\u00f3 s\u00f3n les conseq\u00fc\u00e8ncies del coronavirus i de nou tot el pes d\u2019aquesta recau, com sempre, en la classe treballadora. La situaci\u00f3 econ\u00f2mica no millora i el cost de la vida no deixa de pujar sense que les rendes de la classe treballadora creixin al mateix ritme. A m\u00e9s, quan tot just hem comen\u00e7at a pagar les conseq\u00fc\u00e8ncies de la Covid-19 s\u2019acosten les de la guerra d\u2019Ucra\u00efna. <\/span><\/p>\n<p class=\"x_-711061856MsoNoSpacing\"><strong><span lang=\"CA\">El sistema capitalista ha posat a funcionar la seva maquin\u00e0ria perqu\u00e8 de nou siguem les treballadores i treballadors els qui assumim els sacrificis amb el nou Pacte de rendes signat pel govern de l\u2019Estat amb la complicitat dels sindicats majoritaris. El <\/span><\/strong><span lang=\"CA\">Pacte de Rendes congela els salaris provocant\u00a0 p\u00e8rdua de poder adquisitiu, per\u00f2 no controla els beneficis de les grans corporacions empresarials, ratificant l\u2019augment de la pobresa i de les desigualtats: l\u2019IPC disparat al 9% mentre que els sous, pugen amb sort un 2%.<strong> Ni els salaris ni les rendes b\u00e0siques tenen una actualitzaci\u00f3 que s\u2019equipari a l\u2019encariment del cost de la vida<\/strong>. A tots els fronts podem observar el mateix: pensions que no es revaloren, convenis que es queden congelats\u2026<\/span><\/p>\n<p class=\"x_-711061856MsoNoSpacing\"><span lang=\"CA\">La nova reforma laboral que s\u2019havia prom\u00e8s com la soluci\u00f3 als problemes de la classe treballadora no ha suposat res m\u00e9s que una nova decepci\u00f3 i enorme frac\u00e0s.\u00a0 Representa la definitiva legitimaci\u00f3, per part de l\u2019autodenominat govern m\u00e9s progressista de la hist\u00f2ria, dels aspectes m\u00e9s lesius de les reformes laborals de 2010 (govern Zapatero) i 2012 (govern Rajoy):<\/span><\/p>\n<ul>\n<li class=\"x_-711061856MsoNoSpacing\"><span lang=\"CA\">Continuen els mecanismes que facilitaven els acomiadaments (<b>no es recuperen indemnitzacions ni els salaris de tramitaci\u00f3<\/b>).<\/span><\/li>\n<li class=\"x_-711061856MsoNoSpacing\"><span lang=\"CA\">Es queden les raons intangibles de les previsions econ\u00f2miques (<b>p\u00e8rdues previstes o futures<\/b>) <b>per poder dur a terme acomiadaments col\u00b7lectius o la no-intervenci\u00f3 de l\u2019autoritat laboral als ERO<\/b>. -Dels convenis d\u2019empresa <b>nom\u00e9s es garanteix la igualtat salarial<\/b>, per\u00f2 no la resta. <\/span><\/li>\n<li class=\"x_-711061856MsoNoSpacing\"><span lang=\"CA\">En mat\u00e8ria de subcontractaci\u00f3 caldr\u00e0 lluitar-la als jutjats, ja que no es dona una soluci\u00f3 clara <strong>als que fan la mateixa feina; no obstant aix\u00f2, no reben el mateix salari<\/strong>.<\/span><\/li>\n<\/ul>\n<p class=\"x_-711061856MsoNoSpacing\"><strong><span lang=\"CA\">A la CGT ni la faran creure ni la faran callar<\/span><\/strong><span lang=\"CA\">, per m\u00e9s operacions propagand\u00edstiques que duguin a terme el que prometien assaltar el cel. <b>Les conquestes socials<\/b> <strong>s\u2019aconsegueixen al carrer i no a les urnes<\/strong>. Les veritables conquestes socials, les que suposen una veritable transformaci\u00f3 no han sorgit mai d\u2019un pacte entre ni amb les oligarquies.<\/span><\/p>\n<h3 class=\"x_-711061856MsoNoSpacing\" style=\"text-align: center;\"><span lang=\"CA\">Els drets es conquisten lluitant!<\/span><\/h3>\n<ul>\n<li>Manifestaci\u00f3 de la CGT a Barcelona 11\u202fh Jardinets de Gr\u00e0cia<\/li>\n<li>Parlaments de lluites sindicals i socials Pla\u00e7a Joanic<\/li>\n<li>Pica-pica als locals de CGT Barcelona amb m\u00fasica de Silvia Tom\u00e1s i El sobrino del diablo<\/li>\n<\/ul>\n<p><img decoding=\"async\" class=\"aligncenter wp-image-41724 size-full\" src=\"https:\/\/www.revistarambla.com\/wp-content\/uploads\/2022\/04\/Cartell-1r-maig-2022-catalan-actes-Barcelona-xxss.png\" alt=\"\" width=\"430\" height=\"608\" srcset=\"https:\/\/www.revistarambla.com\/wp-content\/uploads\/2022\/04\/Cartell-1r-maig-2022-catalan-actes-Barcelona-xxss.png 430w, https:\/\/www.revistarambla.com\/wp-content\/uploads\/2022\/04\/Cartell-1r-maig-2022-catalan-actes-Barcelona-xxss-258x365.png 258w, https:\/\/www.revistarambla.com\/wp-content\/uploads\/2022\/04\/Cartell-1r-maig-2022-catalan-actes-Barcelona-xxss-8x12.png 8w\" sizes=\"(max-width: 430px) 100vw, 430px\" \/><\/p>","protected":false},"excerpt":{"rendered":"<p>Un any m\u00e9s la CGT sortim als carrers l\u20191 de maig amb el car\u00e0cter reivindicatiu que mantenim al llarg de tot l\u2019any i no nom\u00e9s en ocasi\u00f3 d\u2019aquest dia.<\/p>","protected":false},"author":327,"featured_media":41721,"comment_status":"closed","ping_status":"open","sticky":false,"template":"","format":"standard","meta":{"footnotes":""},"categories":[72],"tags":[],"class_list":["post-41720","post","type-post","status-publish","format-standard","has-post-thumbnail","hentry","category-opinion"],"yoast_head":"<!-- This site is optimized with the Yoast SEO plugin v27.5 - https:\/\/yoast.com\/product\/yoast-seo-wordpress\/ -->\n<title>1 maig 2022: Ni ens faran creure, ni ens faran callar - Revista Rambla<\/title>\n<meta name=\"robots\" content=\"index, follow, max-snippet:-1, max-image-preview:large, max-video-preview:-1\" \/>\n<link rel=\"canonical\" href=\"https:\/\/www.revistarambla.com\/en\/1-maig-2022-ni-ens-faran-creure-ni-ens-faran-callar\/\" \/>\n<meta property=\"og:locale\" content=\"en_GB\" \/>\n<meta property=\"og:type\" content=\"article\" \/>\n<meta property=\"og:title\" content=\"1 maig 2022: Ni ens faran creure, ni ens faran callar - Revista Rambla\" \/>\n<meta property=\"og:description\" content=\"Un any m\u00e9s la CGT sortim als carrers l\u20191 de maig amb el car\u00e0cter reivindicatiu que mantenim al llarg de tot l\u2019any i no nom\u00e9s en ocasi\u00f3 d\u2019aquest dia.\" \/>\n<meta property=\"og:url\" content=\"https:\/\/www.revistarambla.com\/en\/1-maig-2022-ni-ens-faran-creure-ni-ens-faran-callar\/\" \/>\n<meta property=\"og:site_name\" content=\"Revista Rambla\" \/>\n<meta property=\"article:publisher\" content=\"https:\/\/www.facebook.com\/revistarambla\/\" \/>\n<meta property=\"article:author\" content=\"https:\/\/www.facebook.com\/barcelona.cgt\" \/>\n<meta property=\"article:published_time\" content=\"2022-04-29T17:14:04+00:00\" \/>\n<meta property=\"article:modified_time\" content=\"2022-11-17T11:42:54+00:00\" \/>\n<meta property=\"og:image\" content=\"https:\/\/www.revistarambla.com\/wp-content\/uploads\/2022\/04\/cgt-barcelona-manifestacion.jpg\" \/>\n\t<meta property=\"og:image:width\" content=\"1024\" \/>\n\t<meta property=\"og:image:height\" content=\"768\" \/>\n\t<meta property=\"og:image:type\" content=\"image\/jpeg\" \/>\n<meta name=\"author\" content=\"CGT Barcelona\" \/>\n<meta name=\"twitter:card\" content=\"summary_large_image\" \/>\n<meta name=\"twitter:creator\" content=\"@CGTBarcelona\" \/>\n<meta name=\"twitter:site\" content=\"@revistarambla\" \/>\n<meta name=\"twitter:label1\" content=\"Written by\" \/>\n\t<meta name=\"twitter:data1\" content=\"CGT Barcelona\" \/>\n\t<meta name=\"twitter:label2\" content=\"Estimated reading time\" \/>\n\t<meta name=\"twitter:data2\" content=\"3 minutes\" \/>\n<script type=\"application\/ld+json\" class=\"yoast-schema-graph\">{\"@context\":\"https:\\\/\\\/schema.org\",\"@graph\":[{\"@type\":\"Article\",\"@id\":\"https:\\\/\\\/www.revistarambla.com\\\/1-maig-2022-ni-ens-faran-creure-ni-ens-faran-callar\\\/#article\",\"isPartOf\":{\"@id\":\"https:\\\/\\\/www.revistarambla.com\\\/1-maig-2022-ni-ens-faran-creure-ni-ens-faran-callar\\\/\"},\"author\":{\"name\":\"CGT Barcelona\",\"@id\":\"https:\\\/\\\/www.revistarambla.com\\\/#\\\/schema\\\/person\\\/50127bec5551cbc1206e826637f48e65\"},\"headline\":\"1 maig 2022: Ni ens faran creure, ni ens faran callar\",\"datePublished\":\"2022-04-29T17:14:04+00:00\",\"dateModified\":\"2022-11-17T11:42:54+00:00\",\"mainEntityOfPage\":{\"@id\":\"https:\\\/\\\/www.revistarambla.com\\\/1-maig-2022-ni-ens-faran-creure-ni-ens-faran-callar\\\/\"},\"wordCount\":506,\"publisher\":{\"@id\":\"https:\\\/\\\/www.revistarambla.com\\\/#organization\"},\"image\":{\"@id\":\"https:\\\/\\\/www.revistarambla.com\\\/1-maig-2022-ni-ens-faran-creure-ni-ens-faran-callar\\\/#primaryimage\"},\"thumbnailUrl\":\"https:\\\/\\\/www.revistarambla.com\\\/wp-content\\\/uploads\\\/2022\\\/04\\\/cgt-barcelona-manifestacion.jpg\",\"articleSection\":[\"Opiniones\"],\"inLanguage\":\"en-GB\"},{\"@type\":\"WebPage\",\"@id\":\"https:\\\/\\\/www.revistarambla.com\\\/1-maig-2022-ni-ens-faran-creure-ni-ens-faran-callar\\\/\",\"url\":\"https:\\\/\\\/www.revistarambla.com\\\/1-maig-2022-ni-ens-faran-creure-ni-ens-faran-callar\\\/\",\"name\":\"1 maig 2022: Ni ens faran creure, ni ens faran callar - Revista Rambla\",\"isPartOf\":{\"@id\":\"https:\\\/\\\/www.revistarambla.com\\\/#website\"},\"primaryImageOfPage\":{\"@id\":\"https:\\\/\\\/www.revistarambla.com\\\/1-maig-2022-ni-ens-faran-creure-ni-ens-faran-callar\\\/#primaryimage\"},\"image\":{\"@id\":\"https:\\\/\\\/www.revistarambla.com\\\/1-maig-2022-ni-ens-faran-creure-ni-ens-faran-callar\\\/#primaryimage\"},\"thumbnailUrl\":\"https:\\\/\\\/www.revistarambla.com\\\/wp-content\\\/uploads\\\/2022\\\/04\\\/cgt-barcelona-manifestacion.jpg\",\"datePublished\":\"2022-04-29T17:14:04+00:00\",\"dateModified\":\"2022-11-17T11:42:54+00:00\",\"breadcrumb\":{\"@id\":\"https:\\\/\\\/www.revistarambla.com\\\/1-maig-2022-ni-ens-faran-creure-ni-ens-faran-callar\\\/#breadcrumb\"},\"inLanguage\":\"en-GB\",\"potentialAction\":[{\"@type\":\"ReadAction\",\"target\":[\"https:\\\/\\\/www.revistarambla.com\\\/1-maig-2022-ni-ens-faran-creure-ni-ens-faran-callar\\\/\"]}]},{\"@type\":\"ImageObject\",\"inLanguage\":\"en-GB\",\"@id\":\"https:\\\/\\\/www.revistarambla.com\\\/1-maig-2022-ni-ens-faran-creure-ni-ens-faran-callar\\\/#primaryimage\",\"url\":\"https:\\\/\\\/www.revistarambla.com\\\/wp-content\\\/uploads\\\/2022\\\/04\\\/cgt-barcelona-manifestacion.jpg\",\"contentUrl\":\"https:\\\/\\\/www.revistarambla.com\\\/wp-content\\\/uploads\\\/2022\\\/04\\\/cgt-barcelona-manifestacion.jpg\",\"width\":1024,\"height\":768},{\"@type\":\"BreadcrumbList\",\"@id\":\"https:\\\/\\\/www.revistarambla.com\\\/1-maig-2022-ni-ens-faran-creure-ni-ens-faran-callar\\\/#breadcrumb\",\"itemListElement\":[{\"@type\":\"ListItem\",\"position\":1,\"name\":\"Portada\",\"item\":\"https:\\\/\\\/www.revistarambla.com\\\/\"},{\"@type\":\"ListItem\",\"position\":2,\"name\":\"1 maig 2022: Ni ens faran creure, ni ens faran callar\"}]},{\"@type\":\"WebSite\",\"@id\":\"https:\\\/\\\/www.revistarambla.com\\\/#website\",\"url\":\"https:\\\/\\\/www.revistarambla.com\\\/\",\"name\":\"Revista Rambla Barcelona\",\"description\":\"Periodismo independiente\",\"publisher\":{\"@id\":\"https:\\\/\\\/www.revistarambla.com\\\/#organization\"},\"potentialAction\":[{\"@type\":\"SearchAction\",\"target\":{\"@type\":\"EntryPoint\",\"urlTemplate\":\"https:\\\/\\\/www.revistarambla.com\\\/?s={search_term_string}\"},\"query-input\":{\"@type\":\"PropertyValueSpecification\",\"valueRequired\":true,\"valueName\":\"search_term_string\"}}],\"inLanguage\":\"en-GB\"},{\"@type\":\"Organization\",\"@id\":\"https:\\\/\\\/www.revistarambla.com\\\/#organization\",\"name\":\"Revista Rambla\",\"url\":\"https:\\\/\\\/www.revistarambla.com\\\/\",\"logo\":{\"@type\":\"ImageObject\",\"inLanguage\":\"en-GB\",\"@id\":\"https:\\\/\\\/www.revistarambla.com\\\/#\\\/schema\\\/logo\\\/image\\\/\",\"url\":\"https:\\\/\\\/www.revistarambla.com\\\/wp-content\\\/uploads\\\/2020\\\/09\\\/banner_rambla_1900x600_BB.png\",\"contentUrl\":\"https:\\\/\\\/www.revistarambla.com\\\/wp-content\\\/uploads\\\/2020\\\/09\\\/banner_rambla_1900x600_BB.png\",\"width\":1900,\"height\":600,\"caption\":\"Revista Rambla\"},\"image\":{\"@id\":\"https:\\\/\\\/www.revistarambla.com\\\/#\\\/schema\\\/logo\\\/image\\\/\"},\"sameAs\":[\"https:\\\/\\\/www.facebook.com\\\/revistarambla\\\/\",\"https:\\\/\\\/x.com\\\/revistarambla\",\"https:\\\/\\\/www.instagram.com\\\/revista_rambla\",\"https:\\\/\\\/es.linkedin.com\\\/company\\\/revista-rambla\"]},{\"@type\":\"Person\",\"@id\":\"https:\\\/\\\/www.revistarambla.com\\\/#\\\/schema\\\/person\\\/50127bec5551cbc1206e826637f48e65\",\"name\":\"CGT Barcelona\",\"description\":\"Federaci\u00f3n Local de Sindicatos de Barcelona. Organizaci\u00f3n anarcosindicalista: de clase, aut\u00f3noma, autogestionaria, federalista, internacionalista y libertaria.\",\"sameAs\":[\"https:\\\/\\\/www.cgtbarcelona.org\\\/\",\"https:\\\/\\\/www.facebook.com\\\/barcelona.cgt\",\"https:\\\/\\\/www.instagram.com\\\/cgtbarcelona\\\/\",\"https:\\\/\\\/x.com\\\/CGTBarcelona\"]}]}<\/script>\n<!-- \/ Yoast SEO plugin. -->","yoast_head_json":{"title":"1 maig 2022: Ni ens faran creure, ni ens faran callar - Revista Rambla","robots":{"index":"index","follow":"follow","max-snippet":"max-snippet:-1","max-image-preview":"max-image-preview:large","max-video-preview":"max-video-preview:-1"},"canonical":"https:\/\/www.revistarambla.com\/en\/1-maig-2022-ni-ens-faran-creure-ni-ens-faran-callar\/","og_locale":"en_GB","og_type":"article","og_title":"1 maig 2022: Ni ens faran creure, ni ens faran callar - Revista Rambla","og_description":"Un any m\u00e9s la CGT sortim als carrers l\u20191 de maig amb el car\u00e0cter reivindicatiu que mantenim al llarg de tot l\u2019any i no nom\u00e9s en ocasi\u00f3 d\u2019aquest dia.","og_url":"https:\/\/www.revistarambla.com\/en\/1-maig-2022-ni-ens-faran-creure-ni-ens-faran-callar\/","og_site_name":"Revista Rambla","article_publisher":"https:\/\/www.facebook.com\/revistarambla\/","article_author":"https:\/\/www.facebook.com\/barcelona.cgt","article_published_time":"2022-04-29T17:14:04+00:00","article_modified_time":"2022-11-17T11:42:54+00:00","og_image":[{"width":1024,"height":768,"url":"https:\/\/www.revistarambla.com\/wp-content\/uploads\/2022\/04\/cgt-barcelona-manifestacion.jpg","type":"image\/jpeg"}],"author":"CGT Barcelona","twitter_card":"summary_large_image","twitter_creator":"@CGTBarcelona","twitter_site":"@revistarambla","twitter_misc":{"Written by":"CGT Barcelona","Estimated reading time":"3 minutes"},"schema":{"@context":"https:\/\/schema.org","@graph":[{"@type":"Article","@id":"https:\/\/www.revistarambla.com\/1-maig-2022-ni-ens-faran-creure-ni-ens-faran-callar\/#article","isPartOf":{"@id":"https:\/\/www.revistarambla.com\/1-maig-2022-ni-ens-faran-creure-ni-ens-faran-callar\/"},"author":{"name":"CGT Barcelona","@id":"https:\/\/www.revistarambla.com\/#\/schema\/person\/50127bec5551cbc1206e826637f48e65"},"headline":"1 maig 2022: Ni ens faran creure, ni ens faran callar","datePublished":"2022-04-29T17:14:04+00:00","dateModified":"2022-11-17T11:42:54+00:00","mainEntityOfPage":{"@id":"https:\/\/www.revistarambla.com\/1-maig-2022-ni-ens-faran-creure-ni-ens-faran-callar\/"},"wordCount":506,"publisher":{"@id":"https:\/\/www.revistarambla.com\/#organization"},"image":{"@id":"https:\/\/www.revistarambla.com\/1-maig-2022-ni-ens-faran-creure-ni-ens-faran-callar\/#primaryimage"},"thumbnailUrl":"https:\/\/www.revistarambla.com\/wp-content\/uploads\/2022\/04\/cgt-barcelona-manifestacion.jpg","articleSection":["Opiniones"],"inLanguage":"en-GB"},{"@type":"WebPage","@id":"https:\/\/www.revistarambla.com\/1-maig-2022-ni-ens-faran-creure-ni-ens-faran-callar\/","url":"https:\/\/www.revistarambla.com\/1-maig-2022-ni-ens-faran-creure-ni-ens-faran-callar\/","name":"1 maig 2022: Ni ens faran creure, ni ens faran callar - Revista Rambla","isPartOf":{"@id":"https:\/\/www.revistarambla.com\/#website"},"primaryImageOfPage":{"@id":"https:\/\/www.revistarambla.com\/1-maig-2022-ni-ens-faran-creure-ni-ens-faran-callar\/#primaryimage"},"image":{"@id":"https:\/\/www.revistarambla.com\/1-maig-2022-ni-ens-faran-creure-ni-ens-faran-callar\/#primaryimage"},"thumbnailUrl":"https:\/\/www.revistarambla.com\/wp-content\/uploads\/2022\/04\/cgt-barcelona-manifestacion.jpg","datePublished":"2022-04-29T17:14:04+00:00","dateModified":"2022-11-17T11:42:54+00:00","breadcrumb":{"@id":"https:\/\/www.revistarambla.com\/1-maig-2022-ni-ens-faran-creure-ni-ens-faran-callar\/#breadcrumb"},"inLanguage":"en-GB","potentialAction":[{"@type":"ReadAction","target":["https:\/\/www.revistarambla.com\/1-maig-2022-ni-ens-faran-creure-ni-ens-faran-callar\/"]}]},{"@type":"ImageObject","inLanguage":"en-GB","@id":"https:\/\/www.revistarambla.com\/1-maig-2022-ni-ens-faran-creure-ni-ens-faran-callar\/#primaryimage","url":"https:\/\/www.revistarambla.com\/wp-content\/uploads\/2022\/04\/cgt-barcelona-manifestacion.jpg","contentUrl":"https:\/\/www.revistarambla.com\/wp-content\/uploads\/2022\/04\/cgt-barcelona-manifestacion.jpg","width":1024,"height":768},{"@type":"BreadcrumbList","@id":"https:\/\/www.revistarambla.com\/1-maig-2022-ni-ens-faran-creure-ni-ens-faran-callar\/#breadcrumb","itemListElement":[{"@type":"ListItem","position":1,"name":"Portada","item":"https:\/\/www.revistarambla.com\/"},{"@type":"ListItem","position":2,"name":"1 maig 2022: Ni ens faran creure, ni ens faran callar"}]},{"@type":"WebSite","@id":"https:\/\/www.revistarambla.com\/#website","url":"https:\/\/www.revistarambla.com\/","name":"Revista Rambla Barcelona","description":"Periodismo independiente","publisher":{"@id":"https:\/\/www.revistarambla.com\/#organization"},"potentialAction":[{"@type":"SearchAction","target":{"@type":"EntryPoint","urlTemplate":"https:\/\/www.revistarambla.com\/?s={search_term_string}"},"query-input":{"@type":"PropertyValueSpecification","valueRequired":true,"valueName":"search_term_string"}}],"inLanguage":"en-GB"},{"@type":"Organization","@id":"https:\/\/www.revistarambla.com\/#organization","name":"Revista Rambla","url":"https:\/\/www.revistarambla.com\/","logo":{"@type":"ImageObject","inLanguage":"en-GB","@id":"https:\/\/www.revistarambla.com\/#\/schema\/logo\/image\/","url":"https:\/\/www.revistarambla.com\/wp-content\/uploads\/2020\/09\/banner_rambla_1900x600_BB.png","contentUrl":"https:\/\/www.revistarambla.com\/wp-content\/uploads\/2020\/09\/banner_rambla_1900x600_BB.png","width":1900,"height":600,"caption":"Revista Rambla"},"image":{"@id":"https:\/\/www.revistarambla.com\/#\/schema\/logo\/image\/"},"sameAs":["https:\/\/www.facebook.com\/revistarambla\/","https:\/\/x.com\/revistarambla","https:\/\/www.instagram.com\/revista_rambla","https:\/\/es.linkedin.com\/company\/revista-rambla"]},{"@type":"Person","@id":"https:\/\/www.revistarambla.com\/#\/schema\/person\/50127bec5551cbc1206e826637f48e65","name":"CGT Barcelona","description":"Federaci\u00f3n Local de Sindicatos de Barcelona. Organizaci\u00f3n anarcosindicalista: de clase, aut\u00f3noma, autogestionaria, federalista, internacionalista y libertaria.","sameAs":["https:\/\/www.cgtbarcelona.org\/","https:\/\/www.facebook.com\/barcelona.cgt","https:\/\/www.instagram.com\/cgtbarcelona\/","https:\/\/x.com\/CGTBarcelona"]}]}},"_links":{"self":[{"href":"https:\/\/www.revistarambla.com\/en\/wp-json\/wp\/v2\/posts\/41720","targetHints":{"allow":["GET"]}}],"collection":[{"href":"https:\/\/www.revistarambla.com\/en\/wp-json\/wp\/v2\/posts"}],"about":[{"href":"https:\/\/www.revistarambla.com\/en\/wp-json\/wp\/v2\/types\/post"}],"author":[{"embeddable":true,"href":"https:\/\/www.revistarambla.com\/en\/wp-json\/wp\/v2\/users\/327"}],"replies":[{"embeddable":true,"href":"https:\/\/www.revistarambla.com\/en\/wp-json\/wp\/v2\/comments?post=41720"}],"version-history":[{"count":1,"href":"https:\/\/www.revistarambla.com\/en\/wp-json\/wp\/v2\/posts\/41720\/revisions"}],"predecessor-version":[{"id":50896,"href":"https:\/\/www.revistarambla.com\/en\/wp-json\/wp\/v2\/posts\/41720\/revisions\/50896"}],"wp:featuredmedia":[{"embeddable":true,"href":"https:\/\/www.revistarambla.com\/en\/wp-json\/wp\/v2\/media\/41721"}],"wp:attachment":[{"href":"https:\/\/www.revistarambla.com\/en\/wp-json\/wp\/v2\/media?parent=41720"}],"wp:term":[{"taxonomy":"category","embeddable":true,"href":"https:\/\/www.revistarambla.com\/en\/wp-json\/wp\/v2\/categories?post=41720"},{"taxonomy":"post_tag","embeddable":true,"href":"https:\/\/www.revistarambla.com\/en\/wp-json\/wp\/v2\/tags?post=41720"}],"curies":[{"name":"wp","href":"https:\/\/api.w.org\/{rel}","templated":true}]}}