{"id":4145,"date":"2013-10-28T09:29:55","date_gmt":"2013-10-28T09:29:55","guid":{"rendered":"https:\/\/www.revistarambla.com\/la-tropa-paraliza-la-justicia-catalana\/"},"modified":"2024-05-04T17:40:51","modified_gmt":"2024-05-04T15:40:51","slug":"la-tropa-paraliza-la-justicia-catalana","status":"publish","type":"post","link":"https:\/\/www.revistarambla.com\/en\/la-tropa-paraliza-la-justicia-catalana\/","title":{"rendered":"&#8216;La Tropa&#8217; de los funcionarios de Justicia en Catalunya"},"content":{"rendered":"<p>\u201cSomos el chivo expiatorio, nos han sacrificado. Es un servicio p\u00fablico esencial como la sanidad o la educaci\u00f3n y se lo est\u00e1n cargando. Est\u00e1n produciendo indefensi\u00f3n pero la sociedad no sabe qu\u00e9 pasa\u201d. Con esta resignada contundencia se expresa Vicente Navarro, miembro del comit\u00e9 de huelga del STAJ, ante la situaci\u00f3n de los funcionarios de la administraci\u00f3n de justicia de Catalunya.<\/p>\n<p>\u00c9ste y cuatro sindicatos m\u00e1s (UGT, CCOO, CSIF y Justicia y Progreso) han convocado una huelga indefinida y poco medi\u00e1tica que empez\u00f3 en <a href=\"https:\/\/www.revistarambla.com\/en\/actualidad\/barcelona\/\">Barcelona<\/a> (absorbe el 25% de los casos de toda la justicia catalana), que de momento se ha extendido a Terrassa, al Registro Civil de Matar\u00f3 y a la secci\u00f3n mercantil de refuerzo de Tarragona, entre otros.<\/p>\n<h2>Funcionarios de Justicia en Catalunya: La Tropa<\/h2>\n<p>Los funcionarios de Justicia en Catalunya, conocidos coloquialmente como la tropa, son gestores, tramitadores y auxilios judiciales en pie de guerra contra unos recortes que no afectan ni a jueces ni a secretarios judiciales\u2026ni tampoco a sus colegas de otros territorios del <a href=\"https:\/\/www.revistarambla.com\/en\/actualidad\/estado-espanol\/\">Estado espa\u00f1ol<\/a>. Acusan al Govern de perpetrar \u201cuna triqui\u00f1uela ilegal\u201d: descontarles de la n\u00f3mina mensual una parte proporcional equivalente a una paga extraordinaria. La Generalitat, que tiene transferida la gesti\u00f3n de los medios personales, establece un complemento espec\u00edfico transitorio pero, org\u00e1nicamente, el colectivo depende del Ministerio de Justicia, por lo que su retribuci\u00f3n est\u00e1 fijada por la Ley Org\u00e1nica del Poder Judicial (LOPJ). El tijeretazo ha sido del 7% de su sueldo bruto mensual (una horquilla de entre 1.800 a 2.500 euros), en funci\u00f3n de la categor\u00eda y antig\u00fcedad de cada trabajador. \u201cAunque pueda parecer aberrante en el contexto de crisis actual, la cuesti\u00f3n econ\u00f3mica es el motivo principal de la huelga porque nos parece injusto que se aplique este recorte\u201d.<\/p>\n<p>Navarro considera que la negociaci\u00f3n no ha avanzado por el temor del Departament de Just\u00edcia de un efecto domin\u00f3 en otros pilares ya heridos de muerte. \u201cComprenden nuestra postura pero cuando tienen que trasladarla a Funci\u00f3n P\u00fablica y Econom\u00eda, chocan con un muro inexpugnable. Tienen miedo a que los maestros y los m\u00e9dicos tambi\u00e9n reclamen\u201d. \u00a0Tampoco entiende por qu\u00e9 el Departament se niega a negociar ning\u00fan punto econ\u00f3mico, teniendo en cuenta que en otras comunidades como la valenciana ya han firmado con la Mesa General de Funci\u00f3n P\u00fablica un acuerdo para abonar la paga de verano de 2014, entre otros complementos retributivos.<\/p>\n<p>S\u00f3lo en la ciudad de Barcelona, su decisi\u00f3n ha paralizado aproximadamente 5.500 demandas y 20.000 escritos, que ya no suben a los juzgados y se amontonan en pilas en el Juzgado Decano de Barcelona. Todo lo que, seg\u00fan la ley, no sea urgente, no se tramita: demandas civiles y mercantiles, escritos de procedimientos\u2026Por el contrario, se garantizan los servicios m\u00ednimos y la protecci\u00f3n de los derechos fundamentales: s\u00ed entran medidas cautelares, demandas de divorcio, violencia de g\u00e9nero, detenidos y escritos de t\u00e9rmino, como por ejemplo el recurso de apelaci\u00f3n a una sentencia.<\/p>\n<p>Sin embargo, el Departament vulnera el derecho fundamental a la huelga ya que se establecieron unos servicios m\u00ednimos pactados con el comit\u00e9 de huelga de un 30% del personal por centro de trabajo. Posteriormente, de forma unilateral desde del Departament lo cambiaron al 60% del personal por \u201cfunciones\u201d, y no por centro de trabajo. De ah\u00ed que se interpusiera recurso ante el TSJ de <a href=\"https:\/\/www.revistarambla.com\/en\/actualidad\/catalunya\/\">Catalunya<\/a>, el cual entendi\u00f3 que se vulneraba el derecho fundamental de huelga, retrotrayendo a los servicios iniciales. A la semana, nuevamente, acord\u00f3 el Departament la ampliaci\u00f3n de los servicios m\u00ednimos al 70%, una decisi\u00f3n que este viernes suspendida provisionalmente por el TSJC.<\/p>\n<h2>Funcionarios de Justicia en Catalunya en la era anal\u00f3gica<\/h2>\n<p>Otro quebradero de cabeza para los funcionarios de Justicia en Catalunya es el proceso de digitalizaci\u00f3n. \u201cEl cambio permanente de los sistemas inform\u00e1ticos hacen que al final optes por hacer un exhorto a la antigua. Lo digital coexiste con el papel y al final trabajas el doble\u201d. Navarro sospecha que la digitalizaci\u00f3n no sirva para homogeneizar los tr\u00e1mites sino para \u201creducir personal mediante la amortizaci\u00f3n y privatizar los servicios, que en vez de que en cada localidad haya un edificio judicial con sus juzgados, o sea, la justicia de proximidad, que haya un \u00fanico centro provincial. Como consecuencia, un se\u00f1or de Berga a lo mejor tendr\u00e1 que bajar a Barcelona\u201d, lamenta Navarro. \u201cSer\u00e1 como una cadena de producci\u00f3n, habr\u00e1 funcionarios que se dediquen s\u00f3lo a hacer admisiones de demanda, otros s\u00f3lo a hacer c\u00e9dulas de citaci\u00f3n, todo el mundo intervendr\u00e1 en el procedimiento y ser\u00e1 m\u00e1s lento\u201d, apunta otra interina.<\/p>\n<p>Navarro tambi\u00e9n avisa de trato discriminatorio respecto a otros funcionarios (como los de penitenciar\u00eda) en aspectos como el r\u00e9gimen disciplinario, el de incompatibilidades, la peligrosidad o la especial dificultad t\u00e9cnica. En la comparaci\u00f3n con sus hom\u00f3nimos del resto del Estado tambi\u00e9n salen perdiendo, por ejemplo en lo relativo al tratamiento de enfermedades cr\u00f3nicas o las minusval\u00edas superiores al 33%. \u201cLa comisi\u00f3n de expertos de la Generalitat dice que es muy dif\u00edcil establecer cu\u00e1les pueden ser las enfermedades cr\u00f3nicas\u201d.<\/p>\n<h2>Funcionarios sin papel ni bol\u00edgrafos<\/h2>\n<p>Las quejas de los funcionarios de Justicia en Catalunya tambi\u00e9n se extienden al trabajo del d\u00eda a d\u00eda. La falta de medios derivada de una \u201cpol\u00edtica personal y de gesti\u00f3n nefasta: retrasos de cuatro o cinco meses en el cobro de dinero que adelantan para hacer actos de comunicaci\u00f3n, sitios en los que no llegan ni los bol\u00edgrafos ni las grapas, hay dos impresoras para dos juzgados mientras cada secretario judicial y magistrado juez tienen la suya propia\u2026\u201d. Los funcionarios del departamento de justicia no reciben material de oficina desde junio. \u201cDecidieron usar papel reciclado pero claro, el procedimiento es un documento oficial y debe tener su membrete\u201d, indica una funcionaria interina que trabaja en violencia de g\u00e9nero.<\/p>\n<p>El gigantesco edificio de la Ciutat de la Just\u00edcia en Barcelona y L\u2019Hospitalet de Llobregat tampoco se libra de las cr\u00edticas: seg\u00fan una trabajadora de lo social, mantenerlo supone un gasto de 60 millones de euros y la semana pasada uno de los ascensores se desplom\u00f3 cuatro plantas. El accidente se volvi\u00f3 a repetir pero no caus\u00f3 da\u00f1os.<\/p>\n<p>Como colof\u00f3n, la mala fama de baja productividad que se empe\u00f1an en desmentir. \u201cSe piensa que tenemos una predisposici\u00f3n a no trabajar cuando hay un control mec\u00e1nico horario. S\u00f3lo pedimos flexibilidad para conciliar la vida laboral con la familiar\u201d, insiste el miembro del comit\u00e9 de huelga del STAJ. Adem\u00e1s, recalca que el colectivo tiene un horario sometido a las necesidades \u00a0propias del servicio que incluye todo tipo de imprevistos. \u201cUn juicio no se puede suspender si viene un detenido y sale a las dos de la madrugada, o a veces hay que hacer un embargo en una discoteca. Y hacemos las guardias, se hacen horas por un tubo\u201d. En ocasiones, no existe proporcionalidad entre el esfuerzo y la recompensa, como cuando la tropa realiza los mandamientos de pago por delegaci\u00f3n de los secretarios judiciales, y sin embargo son los secretarios los \u00fanicos que cobran por realizarlo.<\/p>\n<h2>Procuradores y desahucios<\/h2>\n<p>El ejecutivo de Rajoy y, concretamente, la hoja de ruta de Gallard\u00f3n tambi\u00e9n les preocupa doblemente: por un lado, con la nueva reforma que plantea el Ministerio de Justicia, \u201clos fiscales ser\u00e1n los que instruyan las denuncias, no los jueces, siendo los fiscales los m\u00e1s politizados ya que su estatuto depende del gobierno, y es jerarquizado\u201d; por el otro, temen que los procuradores invadan sus competencias y pisoteen la reserva de funci\u00f3n. \u201cHay temas en los que s\u00f3lo podemos intervenir los funcionarios de la administraci\u00f3n de justicia y cuando reformen las leyes procesales el procurador podr\u00e1 embargar y desahuciar\u201d. Teniendo en cuenta que el procurador no es independiente como lo es un funcionario judicial, dado que representa a la parte que interpone la demanda, su imparcialidad es m\u00e1s que discutible.<\/p>\n<p>De hecho, ya existen procuradores que piden realizar los actos de comunicaci\u00f3n (requerimiento, citaci\u00f3n y traslado de demanda) y eso \u201cva a favorecer a la parte demandante y la parte m\u00e1s desprotegida estar\u00e1 a merced del procurador. Por ejemplo, si ahora en los desahucios, el procurador, para hacer el acto de comunicaci\u00f3n, requiere de dos testigos que firmen dicho acto, con la reforma no ser\u00e1n necesarios\u201d, alerta una interina. \u00bfQu\u00e9 fiabilidad tiene un acto de comunicaci\u00f3n practicado por el procurador de una de las partes interesadas en el procedimiento? En una ejecuci\u00f3n hipotecaria, ser\u00e1 el procurador del banco el que realice la notificaci\u00f3n del auto, despachando ejecuci\u00f3n previa al desahucio de la vivienda.<\/p>\n<p>Otro funcionario avisa que en los casos de citaci\u00f3n a un juicio \u201cser\u00e1 legal que el procurador vaya a citar a la parte contraria y puede ser que ni vaya. Debe intentarse la citaci\u00f3n varias veces al d\u00eda en diferente horario hasta que encuentre a los afectados\u201d.<\/p>\n<h2>\u00bfUn problema pol\u00edtico?<\/h2>\n<p>Navarro atribuye las dificultades del sector a la cerraz\u00f3n pol\u00edtica y a su doble vara de medir. \u201cNunca han querido que la justicia se solucione, mientras haya algo en el saco donde meter todos los males\u2026F\u00edjate lo que tardan en los casos Millet o Urdangar\u00edn, algunos de estos delitos ya han prescrito\u201d. Este miembro del comit\u00e9 de huelga del sindicato de STAJ califica de \u201cabsurda\u201d la te\u00f3rica independencia del poder judicial. Como ejemplo, explica que uno de los ponentes que ha de estudiar la demanda sindical contra el recorte de la Generalitat fue director general del Departament de Just\u00edcia. \u201cVa a ser dif\u00edcil que la ganemos porque no se va a entrar en el fondo de la cuesti\u00f3n y puede haber presiones\u201d.<\/p>\n<p>Mientras tanto, apurar\u00e1n al m\u00e1ximo la huelga a pesar de la escasa repercusi\u00f3n medi\u00e1tica, conscientes que en el contexto econ\u00f3mico actual \u201cno se puede aguantar m\u00e1s de cinco d\u00edas\u201d y que cada d\u00eda pierden parte del sueldo en el ejercicio de este derecho.<\/p>\n<p>Demasiados obst\u00e1culos para combatir un mundo cada vez m\u00e1s sofisticado. \u201cCon Internet y las bandas organizadas los delitos han cambiado mucho, ahora ya no se trata s\u00f3lo del chorizo que tira del bolso. No tenemos medios personales ni materiales para garantizar la imparcialidad\u201d, concluye.<\/p>","protected":false},"excerpt":{"rendered":"<p>\u201cSomos el chivo expiatorio, nos han sacrificado. Es un servicio p\u00fablico esencial como la sanidad o la educaci\u00f3n y se lo est\u00e1n cargando. Est\u00e1n produciendo indefensi\u00f3n pero la sociedad no sabe qu\u00e9 pasa\u201d. Con esta resignada contundencia se expresa Vicente Navarro, miembro del comit\u00e9 de huelga del STAJ, ante la [&hellip;]<\/p>\n","protected":false},"author":3,"featured_media":4144,"comment_status":"open","ping_status":"open","sticky":false,"template":"","format":"standard","meta":{"footnotes":""},"categories":[76],"tags":[],"class_list":["post-4145","post","type-post","status-publish","format-standard","has-post-thumbnail","hentry","category-barcelona"],"yoast_head":"<!-- This site is optimized with the Yoast SEO plugin v27.5 - https:\/\/yoast.com\/product\/yoast-seo-wordpress\/ -->\n<title>&#039;La Tropa&#039; de los funcionarios de Justicia en Catalunya - Revista Rambla<\/title>\n<meta name=\"description\" content=\"Los funcionarios de Justicia en Catalunya, conocidos como La Tropa, son gestores, tramitadores y auxilios judiciales en pie de guerra.\" \/>\n<meta name=\"robots\" content=\"index, follow, max-snippet:-1, max-image-preview:large, max-video-preview:-1\" \/>\n<link rel=\"canonical\" href=\"https:\/\/www.revistarambla.com\/en\/la-tropa-paraliza-la-justicia-catalana\/\" \/>\n<meta property=\"og:locale\" content=\"en_GB\" \/>\n<meta property=\"og:type\" content=\"article\" \/>\n<meta property=\"og:title\" content=\"&#039;La Tropa&#039; de los funcionarios de Justicia en Catalunya - Revista Rambla\" \/>\n<meta property=\"og:description\" content=\"Los funcionarios de Justicia en Catalunya, conocidos como La Tropa, son gestores, tramitadores y auxilios judiciales en pie de guerra.\" \/>\n<meta property=\"og:url\" content=\"https:\/\/www.revistarambla.com\/en\/la-tropa-paraliza-la-justicia-catalana\/\" \/>\n<meta property=\"og:site_name\" content=\"Revista Rambla\" \/>\n<meta property=\"article:publisher\" content=\"https:\/\/www.facebook.com\/revistarambla\/\" \/>\n<meta property=\"article:author\" content=\"https:\/\/www.facebook.com\/revistarambla\" \/>\n<meta property=\"article:published_time\" content=\"2013-10-28T09:29:55+00:00\" \/>\n<meta property=\"article:modified_time\" content=\"2024-05-04T15:40:51+00:00\" \/>\n<meta property=\"og:image\" content=\"https:\/\/www.revistarambla.com\/wp-content\/uploads\/2013\/10\/justicia_revistarambla_001.jpg\" \/>\n\t<meta property=\"og:image:width\" content=\"700\" \/>\n\t<meta property=\"og:image:height\" content=\"414\" \/>\n\t<meta property=\"og:image:type\" content=\"image\/jpeg\" \/>\n<meta name=\"author\" content=\"R@mbla\" \/>\n<meta name=\"twitter:card\" content=\"summary_large_image\" \/>\n<meta name=\"twitter:creator\" content=\"@revistarambla\" \/>\n<meta name=\"twitter:site\" content=\"@revistarambla\" \/>\n<meta name=\"twitter:label1\" content=\"Written by\" \/>\n\t<meta name=\"twitter:data1\" content=\"R@mbla\" \/>\n\t<meta name=\"twitter:label2\" content=\"Estimated reading time\" \/>\n\t<meta name=\"twitter:data2\" content=\"8 minutes\" \/>\n<script type=\"application\/ld+json\" class=\"yoast-schema-graph\">{\"@context\":\"https:\\\/\\\/schema.org\",\"@graph\":[{\"@type\":\"Article\",\"@id\":\"https:\\\/\\\/www.revistarambla.com\\\/la-tropa-paraliza-la-justicia-catalana\\\/#article\",\"isPartOf\":{\"@id\":\"https:\\\/\\\/www.revistarambla.com\\\/la-tropa-paraliza-la-justicia-catalana\\\/\"},\"author\":{\"name\":\"R@mbla\",\"@id\":\"https:\\\/\\\/www.revistarambla.com\\\/#\\\/schema\\\/person\\\/a146a5a2550b94981a75131180e1bd9c\"},\"headline\":\"&#8216;La Tropa&#8217; de los funcionarios de Justicia en Catalunya\",\"datePublished\":\"2013-10-28T09:29:55+00:00\",\"dateModified\":\"2024-05-04T15:40:51+00:00\",\"mainEntityOfPage\":{\"@id\":\"https:\\\/\\\/www.revistarambla.com\\\/la-tropa-paraliza-la-justicia-catalana\\\/\"},\"wordCount\":1792,\"commentCount\":0,\"publisher\":{\"@id\":\"https:\\\/\\\/www.revistarambla.com\\\/#organization\"},\"image\":{\"@id\":\"https:\\\/\\\/www.revistarambla.com\\\/la-tropa-paraliza-la-justicia-catalana\\\/#primaryimage\"},\"thumbnailUrl\":\"https:\\\/\\\/www.revistarambla.com\\\/wp-content\\\/uploads\\\/2013\\\/10\\\/justicia_revistarambla_001.jpg\",\"articleSection\":[\"Barcelona\"],\"inLanguage\":\"en-GB\",\"potentialAction\":[{\"@type\":\"CommentAction\",\"name\":\"Comment\",\"target\":[\"https:\\\/\\\/www.revistarambla.com\\\/la-tropa-paraliza-la-justicia-catalana\\\/#respond\"]}]},{\"@type\":\"WebPage\",\"@id\":\"https:\\\/\\\/www.revistarambla.com\\\/la-tropa-paraliza-la-justicia-catalana\\\/\",\"url\":\"https:\\\/\\\/www.revistarambla.com\\\/la-tropa-paraliza-la-justicia-catalana\\\/\",\"name\":\"'La Tropa' de los funcionarios de Justicia en Catalunya - Revista Rambla\",\"isPartOf\":{\"@id\":\"https:\\\/\\\/www.revistarambla.com\\\/#website\"},\"primaryImageOfPage\":{\"@id\":\"https:\\\/\\\/www.revistarambla.com\\\/la-tropa-paraliza-la-justicia-catalana\\\/#primaryimage\"},\"image\":{\"@id\":\"https:\\\/\\\/www.revistarambla.com\\\/la-tropa-paraliza-la-justicia-catalana\\\/#primaryimage\"},\"thumbnailUrl\":\"https:\\\/\\\/www.revistarambla.com\\\/wp-content\\\/uploads\\\/2013\\\/10\\\/justicia_revistarambla_001.jpg\",\"datePublished\":\"2013-10-28T09:29:55+00:00\",\"dateModified\":\"2024-05-04T15:40:51+00:00\",\"description\":\"Los funcionarios de Justicia en Catalunya, conocidos como La Tropa, son gestores, tramitadores y auxilios judiciales en pie de guerra.\",\"breadcrumb\":{\"@id\":\"https:\\\/\\\/www.revistarambla.com\\\/la-tropa-paraliza-la-justicia-catalana\\\/#breadcrumb\"},\"inLanguage\":\"en-GB\",\"potentialAction\":[{\"@type\":\"ReadAction\",\"target\":[\"https:\\\/\\\/www.revistarambla.com\\\/la-tropa-paraliza-la-justicia-catalana\\\/\"]}]},{\"@type\":\"ImageObject\",\"inLanguage\":\"en-GB\",\"@id\":\"https:\\\/\\\/www.revistarambla.com\\\/la-tropa-paraliza-la-justicia-catalana\\\/#primaryimage\",\"url\":\"https:\\\/\\\/www.revistarambla.com\\\/wp-content\\\/uploads\\\/2013\\\/10\\\/justicia_revistarambla_001.jpg\",\"contentUrl\":\"https:\\\/\\\/www.revistarambla.com\\\/wp-content\\\/uploads\\\/2013\\\/10\\\/justicia_revistarambla_001.jpg\",\"width\":700,\"height\":414,\"caption\":\"manifestaci\u00f3n funcionarios Justicia Catalunya\"},{\"@type\":\"BreadcrumbList\",\"@id\":\"https:\\\/\\\/www.revistarambla.com\\\/la-tropa-paraliza-la-justicia-catalana\\\/#breadcrumb\",\"itemListElement\":[{\"@type\":\"ListItem\",\"position\":1,\"name\":\"Portada\",\"item\":\"https:\\\/\\\/www.revistarambla.com\\\/\"},{\"@type\":\"ListItem\",\"position\":2,\"name\":\"&#8216;La Tropa&#8217; de los funcionarios de Justicia en Catalunya\"}]},{\"@type\":\"WebSite\",\"@id\":\"https:\\\/\\\/www.revistarambla.com\\\/#website\",\"url\":\"https:\\\/\\\/www.revistarambla.com\\\/\",\"name\":\"Revista Rambla Barcelona\",\"description\":\"Periodismo independiente\",\"publisher\":{\"@id\":\"https:\\\/\\\/www.revistarambla.com\\\/#organization\"},\"potentialAction\":[{\"@type\":\"SearchAction\",\"target\":{\"@type\":\"EntryPoint\",\"urlTemplate\":\"https:\\\/\\\/www.revistarambla.com\\\/?s={search_term_string}\"},\"query-input\":{\"@type\":\"PropertyValueSpecification\",\"valueRequired\":true,\"valueName\":\"search_term_string\"}}],\"inLanguage\":\"en-GB\"},{\"@type\":\"Organization\",\"@id\":\"https:\\\/\\\/www.revistarambla.com\\\/#organization\",\"name\":\"Revista Rambla\",\"url\":\"https:\\\/\\\/www.revistarambla.com\\\/\",\"logo\":{\"@type\":\"ImageObject\",\"inLanguage\":\"en-GB\",\"@id\":\"https:\\\/\\\/www.revistarambla.com\\\/#\\\/schema\\\/logo\\\/image\\\/\",\"url\":\"https:\\\/\\\/www.revistarambla.com\\\/wp-content\\\/uploads\\\/2020\\\/09\\\/banner_rambla_1900x600_BB.png\",\"contentUrl\":\"https:\\\/\\\/www.revistarambla.com\\\/wp-content\\\/uploads\\\/2020\\\/09\\\/banner_rambla_1900x600_BB.png\",\"width\":1900,\"height\":600,\"caption\":\"Revista Rambla\"},\"image\":{\"@id\":\"https:\\\/\\\/www.revistarambla.com\\\/#\\\/schema\\\/logo\\\/image\\\/\"},\"sameAs\":[\"https:\\\/\\\/www.facebook.com\\\/revistarambla\\\/\",\"https:\\\/\\\/x.com\\\/revistarambla\",\"https:\\\/\\\/www.instagram.com\\\/revista_rambla\",\"https:\\\/\\\/es.linkedin.com\\\/company\\\/revista-rambla\"]},{\"@type\":\"Person\",\"@id\":\"https:\\\/\\\/www.revistarambla.com\\\/#\\\/schema\\\/person\\\/a146a5a2550b94981a75131180e1bd9c\",\"name\":\"R@mbla\",\"description\":\"Este art\u00edculo ha sido redactado y\\\/o validado por el equipo de redacci\u00f3n de Revista Rambla.\",\"sameAs\":[\"https:\\\/\\\/www.revistarambla.com\\\/\",\"https:\\\/\\\/www.facebook.com\\\/revistarambla\",\"https:\\\/\\\/x.com\\\/revistarambla\"]}]}<\/script>\n<!-- \/ Yoast SEO plugin. -->","yoast_head_json":{"title":"'La Tropa' de los funcionarios de Justicia en Catalunya - Revista Rambla","description":"Los funcionarios de Justicia en Catalunya, conocidos como La Tropa, son gestores, tramitadores y auxilios judiciales en pie de guerra.","robots":{"index":"index","follow":"follow","max-snippet":"max-snippet:-1","max-image-preview":"max-image-preview:large","max-video-preview":"max-video-preview:-1"},"canonical":"https:\/\/www.revistarambla.com\/en\/la-tropa-paraliza-la-justicia-catalana\/","og_locale":"en_GB","og_type":"article","og_title":"'La Tropa' de los funcionarios de Justicia en Catalunya - Revista Rambla","og_description":"Los funcionarios de Justicia en Catalunya, conocidos como La Tropa, son gestores, tramitadores y auxilios judiciales en pie de guerra.","og_url":"https:\/\/www.revistarambla.com\/en\/la-tropa-paraliza-la-justicia-catalana\/","og_site_name":"Revista Rambla","article_publisher":"https:\/\/www.facebook.com\/revistarambla\/","article_author":"https:\/\/www.facebook.com\/revistarambla","article_published_time":"2013-10-28T09:29:55+00:00","article_modified_time":"2024-05-04T15:40:51+00:00","og_image":[{"width":700,"height":414,"url":"https:\/\/www.revistarambla.com\/wp-content\/uploads\/2013\/10\/justicia_revistarambla_001.jpg","type":"image\/jpeg"}],"author":"R@mbla","twitter_card":"summary_large_image","twitter_creator":"@revistarambla","twitter_site":"@revistarambla","twitter_misc":{"Written by":"R@mbla","Estimated reading time":"8 minutes"},"schema":{"@context":"https:\/\/schema.org","@graph":[{"@type":"Article","@id":"https:\/\/www.revistarambla.com\/la-tropa-paraliza-la-justicia-catalana\/#article","isPartOf":{"@id":"https:\/\/www.revistarambla.com\/la-tropa-paraliza-la-justicia-catalana\/"},"author":{"name":"R@mbla","@id":"https:\/\/www.revistarambla.com\/#\/schema\/person\/a146a5a2550b94981a75131180e1bd9c"},"headline":"&#8216;La Tropa&#8217; de los funcionarios de Justicia en Catalunya","datePublished":"2013-10-28T09:29:55+00:00","dateModified":"2024-05-04T15:40:51+00:00","mainEntityOfPage":{"@id":"https:\/\/www.revistarambla.com\/la-tropa-paraliza-la-justicia-catalana\/"},"wordCount":1792,"commentCount":0,"publisher":{"@id":"https:\/\/www.revistarambla.com\/#organization"},"image":{"@id":"https:\/\/www.revistarambla.com\/la-tropa-paraliza-la-justicia-catalana\/#primaryimage"},"thumbnailUrl":"https:\/\/www.revistarambla.com\/wp-content\/uploads\/2013\/10\/justicia_revistarambla_001.jpg","articleSection":["Barcelona"],"inLanguage":"en-GB","potentialAction":[{"@type":"CommentAction","name":"Comment","target":["https:\/\/www.revistarambla.com\/la-tropa-paraliza-la-justicia-catalana\/#respond"]}]},{"@type":"WebPage","@id":"https:\/\/www.revistarambla.com\/la-tropa-paraliza-la-justicia-catalana\/","url":"https:\/\/www.revistarambla.com\/la-tropa-paraliza-la-justicia-catalana\/","name":"'La Tropa' de los funcionarios de Justicia en Catalunya - Revista Rambla","isPartOf":{"@id":"https:\/\/www.revistarambla.com\/#website"},"primaryImageOfPage":{"@id":"https:\/\/www.revistarambla.com\/la-tropa-paraliza-la-justicia-catalana\/#primaryimage"},"image":{"@id":"https:\/\/www.revistarambla.com\/la-tropa-paraliza-la-justicia-catalana\/#primaryimage"},"thumbnailUrl":"https:\/\/www.revistarambla.com\/wp-content\/uploads\/2013\/10\/justicia_revistarambla_001.jpg","datePublished":"2013-10-28T09:29:55+00:00","dateModified":"2024-05-04T15:40:51+00:00","description":"Los funcionarios de Justicia en Catalunya, conocidos como La Tropa, son gestores, tramitadores y auxilios judiciales en pie de guerra.","breadcrumb":{"@id":"https:\/\/www.revistarambla.com\/la-tropa-paraliza-la-justicia-catalana\/#breadcrumb"},"inLanguage":"en-GB","potentialAction":[{"@type":"ReadAction","target":["https:\/\/www.revistarambla.com\/la-tropa-paraliza-la-justicia-catalana\/"]}]},{"@type":"ImageObject","inLanguage":"en-GB","@id":"https:\/\/www.revistarambla.com\/la-tropa-paraliza-la-justicia-catalana\/#primaryimage","url":"https:\/\/www.revistarambla.com\/wp-content\/uploads\/2013\/10\/justicia_revistarambla_001.jpg","contentUrl":"https:\/\/www.revistarambla.com\/wp-content\/uploads\/2013\/10\/justicia_revistarambla_001.jpg","width":700,"height":414,"caption":"manifestaci\u00f3n funcionarios Justicia Catalunya"},{"@type":"BreadcrumbList","@id":"https:\/\/www.revistarambla.com\/la-tropa-paraliza-la-justicia-catalana\/#breadcrumb","itemListElement":[{"@type":"ListItem","position":1,"name":"Portada","item":"https:\/\/www.revistarambla.com\/"},{"@type":"ListItem","position":2,"name":"&#8216;La Tropa&#8217; de los funcionarios de Justicia en Catalunya"}]},{"@type":"WebSite","@id":"https:\/\/www.revistarambla.com\/#website","url":"https:\/\/www.revistarambla.com\/","name":"Revista Rambla Barcelona","description":"Periodismo independiente","publisher":{"@id":"https:\/\/www.revistarambla.com\/#organization"},"potentialAction":[{"@type":"SearchAction","target":{"@type":"EntryPoint","urlTemplate":"https:\/\/www.revistarambla.com\/?s={search_term_string}"},"query-input":{"@type":"PropertyValueSpecification","valueRequired":true,"valueName":"search_term_string"}}],"inLanguage":"en-GB"},{"@type":"Organization","@id":"https:\/\/www.revistarambla.com\/#organization","name":"Revista Rambla","url":"https:\/\/www.revistarambla.com\/","logo":{"@type":"ImageObject","inLanguage":"en-GB","@id":"https:\/\/www.revistarambla.com\/#\/schema\/logo\/image\/","url":"https:\/\/www.revistarambla.com\/wp-content\/uploads\/2020\/09\/banner_rambla_1900x600_BB.png","contentUrl":"https:\/\/www.revistarambla.com\/wp-content\/uploads\/2020\/09\/banner_rambla_1900x600_BB.png","width":1900,"height":600,"caption":"Revista Rambla"},"image":{"@id":"https:\/\/www.revistarambla.com\/#\/schema\/logo\/image\/"},"sameAs":["https:\/\/www.facebook.com\/revistarambla\/","https:\/\/x.com\/revistarambla","https:\/\/www.instagram.com\/revista_rambla","https:\/\/es.linkedin.com\/company\/revista-rambla"]},{"@type":"Person","@id":"https:\/\/www.revistarambla.com\/#\/schema\/person\/a146a5a2550b94981a75131180e1bd9c","name":"R@mbla","description":"Este art\u00edculo ha sido redactado y\/o validado por el equipo de redacci\u00f3n de Revista Rambla.","sameAs":["https:\/\/www.revistarambla.com\/","https:\/\/www.facebook.com\/revistarambla","https:\/\/x.com\/revistarambla"]}]}},"_links":{"self":[{"href":"https:\/\/www.revistarambla.com\/en\/wp-json\/wp\/v2\/posts\/4145","targetHints":{"allow":["GET"]}}],"collection":[{"href":"https:\/\/www.revistarambla.com\/en\/wp-json\/wp\/v2\/posts"}],"about":[{"href":"https:\/\/www.revistarambla.com\/en\/wp-json\/wp\/v2\/types\/post"}],"author":[{"embeddable":true,"href":"https:\/\/www.revistarambla.com\/en\/wp-json\/wp\/v2\/users\/3"}],"replies":[{"embeddable":true,"href":"https:\/\/www.revistarambla.com\/en\/wp-json\/wp\/v2\/comments?post=4145"}],"version-history":[{"count":2,"href":"https:\/\/www.revistarambla.com\/en\/wp-json\/wp\/v2\/posts\/4145\/revisions"}],"predecessor-version":[{"id":59950,"href":"https:\/\/www.revistarambla.com\/en\/wp-json\/wp\/v2\/posts\/4145\/revisions\/59950"}],"wp:featuredmedia":[{"embeddable":true,"href":"https:\/\/www.revistarambla.com\/en\/wp-json\/wp\/v2\/media\/4144"}],"wp:attachment":[{"href":"https:\/\/www.revistarambla.com\/en\/wp-json\/wp\/v2\/media?parent=4145"}],"wp:term":[{"taxonomy":"category","embeddable":true,"href":"https:\/\/www.revistarambla.com\/en\/wp-json\/wp\/v2\/categories?post=4145"},{"taxonomy":"post_tag","embeddable":true,"href":"https:\/\/www.revistarambla.com\/en\/wp-json\/wp\/v2\/tags?post=4145"}],"curies":[{"name":"wp","href":"https:\/\/api.w.org\/{rel}","templated":true}]}}