{"id":4136,"date":"2013-10-28T05:35:56","date_gmt":"2013-10-28T05:35:56","guid":{"rendered":"https:\/\/www.revistarambla.com\/rajoy-pasa-a-la-ofensiva-en-todos-los-terrenos-tambien-en-el-del-lproblema-catalanr\/"},"modified":"2024-05-04T16:59:37","modified_gmt":"2024-05-04T14:59:37","slug":"rajoy-pasa-a-la-ofensiva-en-todos-los-terrenos-tambien-en-el-del-lproblema-catalanr","status":"publish","type":"post","link":"https:\/\/www.revistarambla.com\/en\/rajoy-pasa-a-la-ofensiva-en-todos-los-terrenos-tambien-en-el-del-lproblema-catalanr\/","title":{"rendered":"Rajoy pasa a la ofensiva contra \u00abel problema catal\u00e1n\u00bb"},"content":{"rendered":"<p>Como desarrollamos en p\u00e1ginas centrales, las pensiones, la reforma de la ley del aborto, la del C\u00f3digo Penal\u2026 son algunas de las puntas de lanza de la actual ofensiva del gobierno de Rajoy. Aqu\u00ed vamos a analizar otra: la de la unidad del <a href=\"https:\/\/www.revistarambla.com\/en\/actualidad\/estado-espanol\/\">Estado espa\u00f1ol<\/a> alrededor de la campa\u00f1a contra \u00abel problema catal\u00e1n\u00bb.<\/p>\n<h2>El problema catal\u00e1n<\/h2>\n<p>Del silencio, como si no pasara nada en <a href=\"https:\/\/www.revistarambla.com\/en\/actualidad\/catalunya\/\">Catalunya<\/a>, Rajoy ha decidido pasar a la ofensiva en lo que se refiere al \u00abproblema catal\u00e1n\u00bb: no s\u00f3lo no va a haber consulta \u2013afirma-, sino ni siquiera un acuerdo de financiaci\u00f3n mejorado, como le ped\u00eda el PP catal\u00e1n, anticipando la revisi\u00f3n del sistema.<\/p>\n<p>Rajoy quiere resolver el partido por goleada, sin ceder a un nuevo acuerdo que frene el proceso abierto de recentralizaci\u00f3n del estado. \u00a1O ahora aprovechando la presi\u00f3n de la crisis o nunca! Parece su divisa. Esa posici\u00f3n deja en evidencia al propio PP en Catalunya, pero Rajoy espera que ese sacrificio sea compensado en votos en otros lugares del estado y para ello convierte su pol\u00edtica en una nueva cruzada, sembrando m\u00e1s anticatalanismo.<\/p>\n<p>La patronal catalana es la fiel aliada del estado. Siempre ha sido as\u00ed. La burgues\u00eda catalana primero es burgues\u00eda y luego \u2013si queda espacio y le puede sacar alg\u00fan rendimiento- es catalana. Una vez m\u00e1s la patronal de Foment del Treball, encabeza el frente contra el derecho a decidir, aunque de momento su expresi\u00f3n es contra la independencia y por que se llegue a un acuerdo negociado (es decir, imposible) sobre la consulta. Su expresi\u00f3n pol\u00edtica es Dur\u00e1n i Lleida. Tambi\u00e9n esa pol\u00edtica tiene un alto precio pol\u00edtico: la divisi\u00f3n cada vez m\u00e1s profunda en CiU, que al precio de una grave crisis interna, muy probablemente precipite la crisis del gobierno catal\u00e1n antes de final de a\u00f1o.<\/p>\n<p>La realidad en la calle deja poco margen de maniobra a Mas, tras tres a\u00f1os consecutivos en que m\u00e1s de un mill\u00f3n de catalanes salieran a exigir <a href=\"https:\/\/www.revistarambla.com\/en\/el-reclamo-de-la-independencia-abraza-catalunya\/\">autodeterminaci\u00f3n e independencia<\/a>. El sentimiento no s\u00f3lo no pasa, sino que se alimenta de las decisiones del Gobierno central. Mas tiene que elegir entre traicionar el compromiso sobre la consulta y el derecho a decidir y liquidar electoralmente CiU o seguir con el compromiso desestabilizando Gobierno y relaciones estatales. Poco nos equivocaremos al decir que la burgues\u00eda catalana tiene el s\u00edndrome de Camb\u00f3 y la Lliga Regionalista que acabaron apoyando el golpe de Primo de Rivera y fueron electoralmente liquidados despu\u00e9s. Las encuestas ya dan a ERC como primera fuerza pol\u00edtica, mientras CiU sigue cayendo.<\/p>\n<p>De otro lado, el 12 de octubre se reuni\u00f3 en Barcelona una concentraci\u00f3n con miles de manifestantes en defensa de la unidad de Espa\u00f1a. El fracaso de la <a href=\"https:\/\/www.revistarambla.com\/en\/marcha-fascista-en-barcelona\/\">manifestaci\u00f3n fascista<\/a> (unos 300) demuestra que el referente para los autocares \u2013tambi\u00e9n de extrema derecha- era la manifestaci\u00f3n del PP y Ciutadans. \u00c9ste, como un nuevo lerrouxismo, empieza a vertebrar esta reacci\u00f3n contra \u00abel problema catal\u00e1n\u00bb. Pero como su hom\u00f3logo de los a\u00f1os treinta empez\u00f3 su espa\u00f1olismo con un discurso radical e izquierdista para acabar formando parte de la Espa\u00f1a clerical y reaccionaria en el bienio negro.<\/p>\n<p>Sin embargo ese proceso de construcci\u00f3n es a\u00fan muy incipiente, es cierto que un sector de la clase obrera catalana, que fue inmigrante en los 50 y 60, no ve la independencia, pero tambi\u00e9n desconf\u00eda con raz\u00f3n de los que el 12 de octubre se manifestaron en la Plaza Catalunya de Barcelona. La responsabilidad de la izquierda catalana es establecer un di\u00e1logo con estos sectores alrededor de la defensa del derecho de autodeterminaci\u00f3n, alrededor de la lucha por la mejora de las condiciones laborales y sociales.<\/p>\n<p>Por la pol\u00edtica del PSOE y tambi\u00e9n de IU un sector de los trabajadores del estado es empujado directamente a la defensa del estado y su constituci\u00f3n mon\u00e1rquica contra el derecho de autodeterminaci\u00f3n catal\u00e1n, pero otro sector lo mira de lejos como si se tratara de una disputa entre dos sectores burgueses.<\/p>\n<p>Pero hay m\u00e1s que eso. Marx y Engels llamaban a los trabajadores ingleses a hacer suya la lucha de Irlanda porque el mantenimiento de la opresi\u00f3n brit\u00e1nica reforzaba la explotaci\u00f3n de la clase obrera brit\u00e1nica. Por esto la defensa del derecho de autodeterminaci\u00f3n de Catalunya interesa y mucho a la clase obrera del resto del estado que tambi\u00e9n sufren la Monarqu\u00eda. Una victoria del centralismo del estado ser\u00e1 inmediatamente utilizada para combatir la resistencia obrera o joven en Madrid o Extremadura.<\/p>\n<p>Por ello es imprescindible que esa batalla en defensa del derecho de los pueblos a la autodeterminaci\u00f3n que niega el estado sea tomada por un frente de organizaciones de la izquierda, un frente que deber\u00eda tener su expresi\u00f3n en las pr\u00f3ximas elecciones al parlamento europeo. Un frente que uniera ese problema democr\u00e1tico con el de la respuesta a la crisis en ruptura con los mercados y el marco europeo. Hemos venido insistiendo en que ese frente tiene un antecedente que reivindicamos, el de Iniciativa Internacionalista, que hoy debiera actualizarse alrededor de la CUT-BAI, la izquierda abertzale, la CUP-AE y sumar a organizaciones anticapitalistas. No es f\u00e1cil, pero a m\u00e1s sigue la ofensiva, m\u00e1s necesaria es para los y las trabajadoras y los pueblos.<\/p>","protected":false},"excerpt":{"rendered":"<p>Como desarrollamos en p\u00e1ginas centrales, las pensiones, la reforma de la ley del aborto, la del C\u00f3digo Penal\u2026 son algunas de las puntas de lanza de la actual ofensiva del gobierno de Rajoy. Aqu\u00ed vamos a analizar otra: la de la unidad del Estado espa\u00f1ol alrededor de la campa\u00f1a contra [&hellip;]<\/p>\n","protected":false},"author":3,"featured_media":4135,"comment_status":"open","ping_status":"open","sticky":false,"template":"","format":"standard","meta":{"footnotes":""},"categories":[72],"tags":[],"class_list":["post-4136","post","type-post","status-publish","format-standard","has-post-thumbnail","hentry","category-opinion"],"yoast_head":"<!-- This site is optimized with the Yoast SEO plugin v27.5 - https:\/\/yoast.com\/product\/yoast-seo-wordpress\/ -->\n<title>Rajoy pasa a la ofensiva contra &quot;el problema catal\u00e1n&quot; - Revista Rambla<\/title>\n<meta name=\"description\" content=\"Rajoy ha decidido pasar a la ofensiva en lo que se refiere al \u00abproblema catal\u00e1n\u00bb: no va a haber consulta ni acuerdo de financiaci\u00f3n mejorado.\" \/>\n<meta name=\"robots\" content=\"index, follow, max-snippet:-1, max-image-preview:large, max-video-preview:-1\" \/>\n<link rel=\"canonical\" href=\"https:\/\/www.revistarambla.com\/en\/rajoy-pasa-a-la-ofensiva-en-todos-los-terrenos-tambien-en-el-del-lproblema-catalanr\/\" \/>\n<meta property=\"og:locale\" content=\"en_GB\" \/>\n<meta property=\"og:type\" content=\"article\" \/>\n<meta property=\"og:title\" content=\"Rajoy pasa a la ofensiva contra &quot;el problema catal\u00e1n&quot; - Revista Rambla\" \/>\n<meta property=\"og:description\" content=\"Rajoy ha decidido pasar a la ofensiva en lo que se refiere al \u00abproblema catal\u00e1n\u00bb: no va a haber consulta ni acuerdo de financiaci\u00f3n mejorado.\" \/>\n<meta property=\"og:url\" content=\"https:\/\/www.revistarambla.com\/en\/rajoy-pasa-a-la-ofensiva-en-todos-los-terrenos-tambien-en-el-del-lproblema-catalanr\/\" \/>\n<meta property=\"og:site_name\" content=\"Revista Rambla\" \/>\n<meta property=\"article:publisher\" content=\"https:\/\/www.facebook.com\/revistarambla\/\" \/>\n<meta property=\"article:author\" content=\"https:\/\/www.facebook.com\/revistarambla\" \/>\n<meta property=\"article:published_time\" content=\"2013-10-28T05:35:56+00:00\" \/>\n<meta property=\"article:modified_time\" content=\"2024-05-04T14:59:37+00:00\" \/>\n<meta property=\"og:image\" content=\"https:\/\/www.revistarambla.com\/wp-content\/uploads\/2013\/10\/Rajoy_rambla_02.jpg\" \/>\n\t<meta property=\"og:image:width\" content=\"700\" \/>\n\t<meta property=\"og:image:height\" content=\"467\" \/>\n\t<meta property=\"og:image:type\" content=\"image\/jpeg\" \/>\n<meta name=\"author\" content=\"R@mbla\" \/>\n<meta name=\"twitter:card\" content=\"summary_large_image\" \/>\n<meta name=\"twitter:creator\" content=\"@revistarambla\" \/>\n<meta name=\"twitter:site\" content=\"@revistarambla\" \/>\n<meta name=\"twitter:label1\" content=\"Written by\" \/>\n\t<meta name=\"twitter:data1\" content=\"R@mbla\" \/>\n\t<meta name=\"twitter:label2\" content=\"Estimated reading time\" \/>\n\t<meta name=\"twitter:data2\" content=\"5 minutes\" \/>\n<script type=\"application\/ld+json\" class=\"yoast-schema-graph\">{\"@context\":\"https:\\\/\\\/schema.org\",\"@graph\":[{\"@type\":\"Article\",\"@id\":\"https:\\\/\\\/www.revistarambla.com\\\/rajoy-pasa-a-la-ofensiva-en-todos-los-terrenos-tambien-en-el-del-lproblema-catalanr\\\/#article\",\"isPartOf\":{\"@id\":\"https:\\\/\\\/www.revistarambla.com\\\/rajoy-pasa-a-la-ofensiva-en-todos-los-terrenos-tambien-en-el-del-lproblema-catalanr\\\/\"},\"author\":{\"name\":\"R@mbla\",\"@id\":\"https:\\\/\\\/www.revistarambla.com\\\/#\\\/schema\\\/person\\\/a146a5a2550b94981a75131180e1bd9c\"},\"headline\":\"Rajoy pasa a la ofensiva contra \u00abel problema catal\u00e1n\u00bb\",\"datePublished\":\"2013-10-28T05:35:56+00:00\",\"dateModified\":\"2024-05-04T14:59:37+00:00\",\"mainEntityOfPage\":{\"@id\":\"https:\\\/\\\/www.revistarambla.com\\\/rajoy-pasa-a-la-ofensiva-en-todos-los-terrenos-tambien-en-el-del-lproblema-catalanr\\\/\"},\"wordCount\":942,\"commentCount\":0,\"publisher\":{\"@id\":\"https:\\\/\\\/www.revistarambla.com\\\/#organization\"},\"image\":{\"@id\":\"https:\\\/\\\/www.revistarambla.com\\\/rajoy-pasa-a-la-ofensiva-en-todos-los-terrenos-tambien-en-el-del-lproblema-catalanr\\\/#primaryimage\"},\"thumbnailUrl\":\"https:\\\/\\\/www.revistarambla.com\\\/wp-content\\\/uploads\\\/2013\\\/10\\\/Rajoy_rambla_02.jpg\",\"articleSection\":[\"Opiniones\"],\"inLanguage\":\"en-GB\",\"potentialAction\":[{\"@type\":\"CommentAction\",\"name\":\"Comment\",\"target\":[\"https:\\\/\\\/www.revistarambla.com\\\/rajoy-pasa-a-la-ofensiva-en-todos-los-terrenos-tambien-en-el-del-lproblema-catalanr\\\/#respond\"]}]},{\"@type\":\"WebPage\",\"@id\":\"https:\\\/\\\/www.revistarambla.com\\\/rajoy-pasa-a-la-ofensiva-en-todos-los-terrenos-tambien-en-el-del-lproblema-catalanr\\\/\",\"url\":\"https:\\\/\\\/www.revistarambla.com\\\/rajoy-pasa-a-la-ofensiva-en-todos-los-terrenos-tambien-en-el-del-lproblema-catalanr\\\/\",\"name\":\"Rajoy pasa a la ofensiva contra \\\"el problema catal\u00e1n\\\" - Revista Rambla\",\"isPartOf\":{\"@id\":\"https:\\\/\\\/www.revistarambla.com\\\/#website\"},\"primaryImageOfPage\":{\"@id\":\"https:\\\/\\\/www.revistarambla.com\\\/rajoy-pasa-a-la-ofensiva-en-todos-los-terrenos-tambien-en-el-del-lproblema-catalanr\\\/#primaryimage\"},\"image\":{\"@id\":\"https:\\\/\\\/www.revistarambla.com\\\/rajoy-pasa-a-la-ofensiva-en-todos-los-terrenos-tambien-en-el-del-lproblema-catalanr\\\/#primaryimage\"},\"thumbnailUrl\":\"https:\\\/\\\/www.revistarambla.com\\\/wp-content\\\/uploads\\\/2013\\\/10\\\/Rajoy_rambla_02.jpg\",\"datePublished\":\"2013-10-28T05:35:56+00:00\",\"dateModified\":\"2024-05-04T14:59:37+00:00\",\"description\":\"Rajoy ha decidido pasar a la ofensiva en lo que se refiere al \u00abproblema catal\u00e1n\u00bb: no va a haber consulta ni acuerdo de financiaci\u00f3n mejorado.\",\"breadcrumb\":{\"@id\":\"https:\\\/\\\/www.revistarambla.com\\\/rajoy-pasa-a-la-ofensiva-en-todos-los-terrenos-tambien-en-el-del-lproblema-catalanr\\\/#breadcrumb\"},\"inLanguage\":\"en-GB\",\"potentialAction\":[{\"@type\":\"ReadAction\",\"target\":[\"https:\\\/\\\/www.revistarambla.com\\\/rajoy-pasa-a-la-ofensiva-en-todos-los-terrenos-tambien-en-el-del-lproblema-catalanr\\\/\"]}]},{\"@type\":\"ImageObject\",\"inLanguage\":\"en-GB\",\"@id\":\"https:\\\/\\\/www.revistarambla.com\\\/rajoy-pasa-a-la-ofensiva-en-todos-los-terrenos-tambien-en-el-del-lproblema-catalanr\\\/#primaryimage\",\"url\":\"https:\\\/\\\/www.revistarambla.com\\\/wp-content\\\/uploads\\\/2013\\\/10\\\/Rajoy_rambla_02.jpg\",\"contentUrl\":\"https:\\\/\\\/www.revistarambla.com\\\/wp-content\\\/uploads\\\/2013\\\/10\\\/Rajoy_rambla_02.jpg\",\"width\":700,\"height\":467,\"caption\":\"problema catal\u00e1n rajoy pp\"},{\"@type\":\"BreadcrumbList\",\"@id\":\"https:\\\/\\\/www.revistarambla.com\\\/rajoy-pasa-a-la-ofensiva-en-todos-los-terrenos-tambien-en-el-del-lproblema-catalanr\\\/#breadcrumb\",\"itemListElement\":[{\"@type\":\"ListItem\",\"position\":1,\"name\":\"Portada\",\"item\":\"https:\\\/\\\/www.revistarambla.com\\\/\"},{\"@type\":\"ListItem\",\"position\":2,\"name\":\"Rajoy pasa a la ofensiva contra &#8220;el problema catal\u00e1n&#8221;\"}]},{\"@type\":\"WebSite\",\"@id\":\"https:\\\/\\\/www.revistarambla.com\\\/#website\",\"url\":\"https:\\\/\\\/www.revistarambla.com\\\/\",\"name\":\"Revista Rambla Barcelona\",\"description\":\"Periodismo independiente\",\"publisher\":{\"@id\":\"https:\\\/\\\/www.revistarambla.com\\\/#organization\"},\"potentialAction\":[{\"@type\":\"SearchAction\",\"target\":{\"@type\":\"EntryPoint\",\"urlTemplate\":\"https:\\\/\\\/www.revistarambla.com\\\/?s={search_term_string}\"},\"query-input\":{\"@type\":\"PropertyValueSpecification\",\"valueRequired\":true,\"valueName\":\"search_term_string\"}}],\"inLanguage\":\"en-GB\"},{\"@type\":\"Organization\",\"@id\":\"https:\\\/\\\/www.revistarambla.com\\\/#organization\",\"name\":\"Revista Rambla\",\"url\":\"https:\\\/\\\/www.revistarambla.com\\\/\",\"logo\":{\"@type\":\"ImageObject\",\"inLanguage\":\"en-GB\",\"@id\":\"https:\\\/\\\/www.revistarambla.com\\\/#\\\/schema\\\/logo\\\/image\\\/\",\"url\":\"https:\\\/\\\/www.revistarambla.com\\\/wp-content\\\/uploads\\\/2020\\\/09\\\/banner_rambla_1900x600_BB.png\",\"contentUrl\":\"https:\\\/\\\/www.revistarambla.com\\\/wp-content\\\/uploads\\\/2020\\\/09\\\/banner_rambla_1900x600_BB.png\",\"width\":1900,\"height\":600,\"caption\":\"Revista Rambla\"},\"image\":{\"@id\":\"https:\\\/\\\/www.revistarambla.com\\\/#\\\/schema\\\/logo\\\/image\\\/\"},\"sameAs\":[\"https:\\\/\\\/www.facebook.com\\\/revistarambla\\\/\",\"https:\\\/\\\/x.com\\\/revistarambla\",\"https:\\\/\\\/www.instagram.com\\\/revista_rambla\",\"https:\\\/\\\/es.linkedin.com\\\/company\\\/revista-rambla\"]},{\"@type\":\"Person\",\"@id\":\"https:\\\/\\\/www.revistarambla.com\\\/#\\\/schema\\\/person\\\/a146a5a2550b94981a75131180e1bd9c\",\"name\":\"R@mbla\",\"description\":\"Este art\u00edculo ha sido redactado y\\\/o validado por el equipo de redacci\u00f3n de Revista Rambla.\",\"sameAs\":[\"https:\\\/\\\/www.revistarambla.com\\\/\",\"https:\\\/\\\/www.facebook.com\\\/revistarambla\",\"https:\\\/\\\/x.com\\\/revistarambla\"]}]}<\/script>\n<!-- \/ Yoast SEO plugin. -->","yoast_head_json":{"title":"Rajoy pasa a la ofensiva contra \"el problema catal\u00e1n\" - Revista Rambla","description":"Rajoy ha decidido pasar a la ofensiva en lo que se refiere al \u00abproblema catal\u00e1n\u00bb: no va a haber consulta ni acuerdo de financiaci\u00f3n mejorado.","robots":{"index":"index","follow":"follow","max-snippet":"max-snippet:-1","max-image-preview":"max-image-preview:large","max-video-preview":"max-video-preview:-1"},"canonical":"https:\/\/www.revistarambla.com\/en\/rajoy-pasa-a-la-ofensiva-en-todos-los-terrenos-tambien-en-el-del-lproblema-catalanr\/","og_locale":"en_GB","og_type":"article","og_title":"Rajoy pasa a la ofensiva contra \"el problema catal\u00e1n\" - Revista Rambla","og_description":"Rajoy ha decidido pasar a la ofensiva en lo que se refiere al \u00abproblema catal\u00e1n\u00bb: no va a haber consulta ni acuerdo de financiaci\u00f3n mejorado.","og_url":"https:\/\/www.revistarambla.com\/en\/rajoy-pasa-a-la-ofensiva-en-todos-los-terrenos-tambien-en-el-del-lproblema-catalanr\/","og_site_name":"Revista Rambla","article_publisher":"https:\/\/www.facebook.com\/revistarambla\/","article_author":"https:\/\/www.facebook.com\/revistarambla","article_published_time":"2013-10-28T05:35:56+00:00","article_modified_time":"2024-05-04T14:59:37+00:00","og_image":[{"width":700,"height":467,"url":"https:\/\/www.revistarambla.com\/wp-content\/uploads\/2013\/10\/Rajoy_rambla_02.jpg","type":"image\/jpeg"}],"author":"R@mbla","twitter_card":"summary_large_image","twitter_creator":"@revistarambla","twitter_site":"@revistarambla","twitter_misc":{"Written by":"R@mbla","Estimated reading time":"5 minutes"},"schema":{"@context":"https:\/\/schema.org","@graph":[{"@type":"Article","@id":"https:\/\/www.revistarambla.com\/rajoy-pasa-a-la-ofensiva-en-todos-los-terrenos-tambien-en-el-del-lproblema-catalanr\/#article","isPartOf":{"@id":"https:\/\/www.revistarambla.com\/rajoy-pasa-a-la-ofensiva-en-todos-los-terrenos-tambien-en-el-del-lproblema-catalanr\/"},"author":{"name":"R@mbla","@id":"https:\/\/www.revistarambla.com\/#\/schema\/person\/a146a5a2550b94981a75131180e1bd9c"},"headline":"Rajoy pasa a la ofensiva contra \u00abel problema catal\u00e1n\u00bb","datePublished":"2013-10-28T05:35:56+00:00","dateModified":"2024-05-04T14:59:37+00:00","mainEntityOfPage":{"@id":"https:\/\/www.revistarambla.com\/rajoy-pasa-a-la-ofensiva-en-todos-los-terrenos-tambien-en-el-del-lproblema-catalanr\/"},"wordCount":942,"commentCount":0,"publisher":{"@id":"https:\/\/www.revistarambla.com\/#organization"},"image":{"@id":"https:\/\/www.revistarambla.com\/rajoy-pasa-a-la-ofensiva-en-todos-los-terrenos-tambien-en-el-del-lproblema-catalanr\/#primaryimage"},"thumbnailUrl":"https:\/\/www.revistarambla.com\/wp-content\/uploads\/2013\/10\/Rajoy_rambla_02.jpg","articleSection":["Opiniones"],"inLanguage":"en-GB","potentialAction":[{"@type":"CommentAction","name":"Comment","target":["https:\/\/www.revistarambla.com\/rajoy-pasa-a-la-ofensiva-en-todos-los-terrenos-tambien-en-el-del-lproblema-catalanr\/#respond"]}]},{"@type":"WebPage","@id":"https:\/\/www.revistarambla.com\/rajoy-pasa-a-la-ofensiva-en-todos-los-terrenos-tambien-en-el-del-lproblema-catalanr\/","url":"https:\/\/www.revistarambla.com\/rajoy-pasa-a-la-ofensiva-en-todos-los-terrenos-tambien-en-el-del-lproblema-catalanr\/","name":"Rajoy pasa a la ofensiva contra \"el problema catal\u00e1n\" - Revista Rambla","isPartOf":{"@id":"https:\/\/www.revistarambla.com\/#website"},"primaryImageOfPage":{"@id":"https:\/\/www.revistarambla.com\/rajoy-pasa-a-la-ofensiva-en-todos-los-terrenos-tambien-en-el-del-lproblema-catalanr\/#primaryimage"},"image":{"@id":"https:\/\/www.revistarambla.com\/rajoy-pasa-a-la-ofensiva-en-todos-los-terrenos-tambien-en-el-del-lproblema-catalanr\/#primaryimage"},"thumbnailUrl":"https:\/\/www.revistarambla.com\/wp-content\/uploads\/2013\/10\/Rajoy_rambla_02.jpg","datePublished":"2013-10-28T05:35:56+00:00","dateModified":"2024-05-04T14:59:37+00:00","description":"Rajoy ha decidido pasar a la ofensiva en lo que se refiere al \u00abproblema catal\u00e1n\u00bb: no va a haber consulta ni acuerdo de financiaci\u00f3n mejorado.","breadcrumb":{"@id":"https:\/\/www.revistarambla.com\/rajoy-pasa-a-la-ofensiva-en-todos-los-terrenos-tambien-en-el-del-lproblema-catalanr\/#breadcrumb"},"inLanguage":"en-GB","potentialAction":[{"@type":"ReadAction","target":["https:\/\/www.revistarambla.com\/rajoy-pasa-a-la-ofensiva-en-todos-los-terrenos-tambien-en-el-del-lproblema-catalanr\/"]}]},{"@type":"ImageObject","inLanguage":"en-GB","@id":"https:\/\/www.revistarambla.com\/rajoy-pasa-a-la-ofensiva-en-todos-los-terrenos-tambien-en-el-del-lproblema-catalanr\/#primaryimage","url":"https:\/\/www.revistarambla.com\/wp-content\/uploads\/2013\/10\/Rajoy_rambla_02.jpg","contentUrl":"https:\/\/www.revistarambla.com\/wp-content\/uploads\/2013\/10\/Rajoy_rambla_02.jpg","width":700,"height":467,"caption":"problema catal\u00e1n rajoy pp"},{"@type":"BreadcrumbList","@id":"https:\/\/www.revistarambla.com\/rajoy-pasa-a-la-ofensiva-en-todos-los-terrenos-tambien-en-el-del-lproblema-catalanr\/#breadcrumb","itemListElement":[{"@type":"ListItem","position":1,"name":"Portada","item":"https:\/\/www.revistarambla.com\/"},{"@type":"ListItem","position":2,"name":"Rajoy pasa a la ofensiva contra &#8220;el problema catal\u00e1n&#8221;"}]},{"@type":"WebSite","@id":"https:\/\/www.revistarambla.com\/#website","url":"https:\/\/www.revistarambla.com\/","name":"Revista Rambla Barcelona","description":"Periodismo independiente","publisher":{"@id":"https:\/\/www.revistarambla.com\/#organization"},"potentialAction":[{"@type":"SearchAction","target":{"@type":"EntryPoint","urlTemplate":"https:\/\/www.revistarambla.com\/?s={search_term_string}"},"query-input":{"@type":"PropertyValueSpecification","valueRequired":true,"valueName":"search_term_string"}}],"inLanguage":"en-GB"},{"@type":"Organization","@id":"https:\/\/www.revistarambla.com\/#organization","name":"Revista Rambla","url":"https:\/\/www.revistarambla.com\/","logo":{"@type":"ImageObject","inLanguage":"en-GB","@id":"https:\/\/www.revistarambla.com\/#\/schema\/logo\/image\/","url":"https:\/\/www.revistarambla.com\/wp-content\/uploads\/2020\/09\/banner_rambla_1900x600_BB.png","contentUrl":"https:\/\/www.revistarambla.com\/wp-content\/uploads\/2020\/09\/banner_rambla_1900x600_BB.png","width":1900,"height":600,"caption":"Revista Rambla"},"image":{"@id":"https:\/\/www.revistarambla.com\/#\/schema\/logo\/image\/"},"sameAs":["https:\/\/www.facebook.com\/revistarambla\/","https:\/\/x.com\/revistarambla","https:\/\/www.instagram.com\/revista_rambla","https:\/\/es.linkedin.com\/company\/revista-rambla"]},{"@type":"Person","@id":"https:\/\/www.revistarambla.com\/#\/schema\/person\/a146a5a2550b94981a75131180e1bd9c","name":"R@mbla","description":"Este art\u00edculo ha sido redactado y\/o validado por el equipo de redacci\u00f3n de Revista Rambla.","sameAs":["https:\/\/www.revistarambla.com\/","https:\/\/www.facebook.com\/revistarambla","https:\/\/x.com\/revistarambla"]}]}},"_links":{"self":[{"href":"https:\/\/www.revistarambla.com\/en\/wp-json\/wp\/v2\/posts\/4136","targetHints":{"allow":["GET"]}}],"collection":[{"href":"https:\/\/www.revistarambla.com\/en\/wp-json\/wp\/v2\/posts"}],"about":[{"href":"https:\/\/www.revistarambla.com\/en\/wp-json\/wp\/v2\/types\/post"}],"author":[{"embeddable":true,"href":"https:\/\/www.revistarambla.com\/en\/wp-json\/wp\/v2\/users\/3"}],"replies":[{"embeddable":true,"href":"https:\/\/www.revistarambla.com\/en\/wp-json\/wp\/v2\/comments?post=4136"}],"version-history":[{"count":2,"href":"https:\/\/www.revistarambla.com\/en\/wp-json\/wp\/v2\/posts\/4136\/revisions"}],"predecessor-version":[{"id":59947,"href":"https:\/\/www.revistarambla.com\/en\/wp-json\/wp\/v2\/posts\/4136\/revisions\/59947"}],"wp:featuredmedia":[{"embeddable":true,"href":"https:\/\/www.revistarambla.com\/en\/wp-json\/wp\/v2\/media\/4135"}],"wp:attachment":[{"href":"https:\/\/www.revistarambla.com\/en\/wp-json\/wp\/v2\/media?parent=4136"}],"wp:term":[{"taxonomy":"category","embeddable":true,"href":"https:\/\/www.revistarambla.com\/en\/wp-json\/wp\/v2\/categories?post=4136"},{"taxonomy":"post_tag","embeddable":true,"href":"https:\/\/www.revistarambla.com\/en\/wp-json\/wp\/v2\/tags?post=4136"}],"curies":[{"name":"wp","href":"https:\/\/api.w.org\/{rel}","templated":true}]}}