{"id":4132,"date":"2013-10-26T20:34:26","date_gmt":"2013-10-26T20:34:26","guid":{"rendered":"https:\/\/www.revistarambla.com\/yo-tambien-quisiera-indignarme\/"},"modified":"2024-04-20T21:00:10","modified_gmt":"2024-04-20T19:00:10","slug":"yo-tambien-quisiera-indignarme","status":"publish","type":"post","link":"https:\/\/www.revistarambla.com\/en\/yo-tambien-quisiera-indignarme\/","title":{"rendered":"Yo tambi\u00e9n quisiera indignarme"},"content":{"rendered":"<p>Miles de espa\u00f1oles y espa\u00f1olas desear\u00edan poder indignarse porque la sentencia de la Corte Europea de Derechos Humanos deja libres a los asesinos ETA de sus seres queridos despu\u00e9s de haber cumplido una condena legal. Pero no pueden. De hecho, miles de espa\u00f1oles y espa\u00f1olas se conformar\u00edan con haber visto juzgados alguna vez a los verdugos de sus padres, t\u00edos o abuelos, pero nunca los vieron. Incluso algunos se conformar\u00edan con que los criminales admitieran su drama y pidieran perd\u00f3n. O, m\u00e1s a\u00fan, miles de espa\u00f1oles y espa\u00f1olas se conformar\u00edan con saber d\u00f3nde est\u00e1n enterradas sus madres, t\u00edas o abuelas. Pero no lo saben o no pueden buscarlas.<\/p>\n<p>No pueden porque aquellos asesinos, que empezaron a matar en 1936 y no dejaron de hacerlo de forma oficial hasta 1975 (y extraoficialmente algunos a\u00f1os m\u00e1s tarde), nunca fueron condenados, ni juzgados, ni pidieron perd\u00f3n, ni identificaron los lugares donde yacen sus millares de v\u00edctimas con el rostro desencajado por el tiro de gracia. Tragarse todo ese dolor, despu\u00e9s de haber soportado todo aquel terror, fue el sacrificio m\u00e1ximo que se exigi\u00f3 a esos millares de espa\u00f1oles y espa\u00f1olas en nombre de una concordia c\u00edvica sobre la que levantar una escu\u00e1lida y amn\u00e9sica democracia.<\/p>\n<p><img decoding=\"async\" class=\"aligncenter wp-image-4131 size-full\" src=\"https:\/\/www.revistarambla.com\/wp-content\/uploads\/2013\/10\/Indignarme1_revRambla_02.jpg\" alt=\"asesinos eta\" width=\"700\" height=\"252\" srcset=\"https:\/\/www.revistarambla.com\/wp-content\/uploads\/2013\/10\/Indignarme1_revRambla_02.jpg 700w, https:\/\/www.revistarambla.com\/wp-content\/uploads\/2013\/10\/Indignarme1_revRambla_02-300x108.jpg 300w, https:\/\/www.revistarambla.com\/wp-content\/uploads\/2013\/10\/Indignarme1_revRambla_02-500x180.jpg 500w\" sizes=\"(max-width: 700px) 100vw, 700px\" \/><\/p>\n<p>Parad\u00f3jicamente, los mismos que calificaron de mod\u00e9lica transici\u00f3n aquella abnegaci\u00f3n de los perdedores de la guerra civil y de todas las v\u00edctimas del franquismo, los mismos que se niegan a condenar la dictadura, con una altaner\u00eda que en Italia o Alemania podr\u00eda acabar en los tribunales, se encargan hoy de azuzar el resentimiento a prop\u00f3sito de la sentencia que anula la doctrina Parot. Poco importa para ellos que los asesinos hayan sido juzgados y hayan cumplido con creces su condena legal, ni que ETA haya entrado en la irreversible senda de la desaparici\u00f3n, ni que la izquierda abertzale reafirme d\u00eda a d\u00eda su apuesta por la v\u00eda pol\u00edtica, ni que <a href=\"https:\/\/www.revistarambla.com\/en\/piensa-dimitir-arnaldo-otegi\/\">Arnaldo Otegi<\/a> \u2013encarcelado sin haber cometido un solo delito de sangre y dirigente clave en el cambio de rumbo del entorno abertzale- haya pedido perd\u00f3n a la v\u00edctimas.<\/p>\n<p>En realidad poco importan para algunos, ni tan siquiera, las v\u00edctimas. Ellas, como las v\u00edctimas del franquismo, o las de los GAL, el 11M o las del crimen de Alcacer, tienen todo el derecho individual a sentir rabia, indignaci\u00f3n, resentimiento e, incluso, odio en sus entra\u00f1as. Pero cuando esos sentimientos, humanamente comprensibles, se convierten en material prefabricado para carnaza en el rio revuelto de los pescadores oportunistas, el resultado es nauseabundo. Y es que lamentablemente para la derecha espa\u00f1ola, pol\u00edtica y medi\u00e1tica, las v\u00edctimas de ETA se han convertido en el salvavidas democr\u00e1tico al que aferrarse y ocultar su, en el mejor de los casos, ambigua relaci\u00f3n con cuarenta a\u00f1os de dictadura. Peor a\u00fan, la violencia de ETA les ha permitido durante estos a\u00f1os legitimar las contradicciones mezquinas de la propia transici\u00f3n al proyectar y equiparar \u00e9ticamente como \u201cvictimas del terrorismo\u201d a Melit\u00f3n Manzanas, Carrero Blanco o Ricardo Sa\u00e9z de Ynestrillas con Miguel Angel Blanco, Manuel Broseta o Ernest Lluch. As\u00ed, unas veces como reclamo ideol\u00f3gico y otras como reclamo electoral, las v\u00edctimas pueden acabar, cegadas por su dolor, siendo v\u00edctimas de su victimismo.<\/p>\n<p>Hace ya casi cuarenta a\u00f1os miles de espa\u00f1oles y espa\u00f1olas tuvieron que aceptar una condena de olvido a cambio de un proyecto de convivencia en paz. Hoy no esperan ver juzgados a los asesinos de sus seres queridos, ni conf\u00edan en que el Gobierno del <a href=\"https:\/\/www.revistarambla.com\/en\/actualidad\/estado-espanol\/\">Estado espa\u00f1ol<\/a> extradite a los torturadores que reclama la justicia argentina. Solo aspiran a poder reivindicar con orgullo la memoria de sus muertos \u2013asesinados por defender o aspirar a construir un r\u00e9gimen democr\u00e1tico- y, si es posible, enterrar sus huesos en una tumba digna. Las llamadas v\u00edctimas del terrorismo nunca han sido olvidadas por el estado ni la mayor\u00eda de la sociedad democr\u00e1tica, han visto juzgados y sentenciados a los responsables de su duelo y nadie cuestiona su derecho a la memoria. De ellos depende si quieren aportar su dolor para, como ocurri\u00f3 entonces, construir esa nueva sociedad democr\u00e1tica que este pa\u00eds necesita con urgencia.<\/p>\n<p>Cuatro a\u00f1os sin m\u00e1s muertos y el adi\u00f3s a las armas definitivo de asesinos ETA supone una oportunidad irrenunciable para asentar las bases democr\u00e1ticas de un nuevo pa\u00eds integrador que todos los habitantes de estas tierras, viejas y castigadas, tanto necesitamos en estos tiempos de zozobra. En cualquier caso, ellos tienen derecho a no participar de este viaje que podemos iniciar colectivamente. Eso s\u00ed, a quienes no podremos perdonar nunca es a todos aquellos que pretenden utilizar su luto para frustrar nuestras esperanzas.<\/p>","protected":false},"excerpt":{"rendered":"<p>Miles de espa\u00f1oles y espa\u00f1olas desear\u00edan poder indignarse porque la sentencia de la Corte Europea de Derechos Humanos deja libres a los asesinos ETA de sus seres queridos despu\u00e9s de haber cumplido una condena legal. Pero no pueden. De hecho, miles de espa\u00f1oles y espa\u00f1olas se conformar\u00edan con haber visto [&hellip;]<\/p>\n","protected":false},"author":3,"featured_media":4131,"comment_status":"open","ping_status":"open","sticky":false,"template":"","format":"standard","meta":{"footnotes":""},"categories":[72],"tags":[],"class_list":["post-4132","post","type-post","status-publish","format-standard","has-post-thumbnail","hentry","category-opinion"],"yoast_head":"<!-- This site is optimized with the Yoast SEO plugin v27.5 - https:\/\/yoast.com\/product\/yoast-seo-wordpress\/ -->\n<title>Yo tambi\u00e9n quisiera indignarme - Revista Rambla<\/title>\n<meta name=\"description\" content=\"La violencia de asesinos ETA les ha permitido durante estos a\u00f1os legitimar las contradicciones mezquinas de la propia transici\u00f3n\" \/>\n<meta name=\"robots\" content=\"index, follow, max-snippet:-1, max-image-preview:large, max-video-preview:-1\" \/>\n<link rel=\"canonical\" href=\"https:\/\/www.revistarambla.com\/en\/yo-tambien-quisiera-indignarme\/\" \/>\n<meta property=\"og:locale\" content=\"en_GB\" \/>\n<meta property=\"og:type\" content=\"article\" \/>\n<meta property=\"og:title\" content=\"Yo tambi\u00e9n quisiera indignarme - Revista Rambla\" \/>\n<meta property=\"og:description\" content=\"La violencia de asesinos ETA les ha permitido durante estos a\u00f1os legitimar las contradicciones mezquinas de la propia transici\u00f3n\" \/>\n<meta property=\"og:url\" content=\"https:\/\/www.revistarambla.com\/en\/yo-tambien-quisiera-indignarme\/\" \/>\n<meta property=\"og:site_name\" content=\"Revista Rambla\" \/>\n<meta property=\"article:publisher\" content=\"https:\/\/www.facebook.com\/revistarambla\/\" \/>\n<meta property=\"article:author\" content=\"https:\/\/www.facebook.com\/revistarambla\" \/>\n<meta property=\"article:published_time\" content=\"2013-10-26T20:34:26+00:00\" \/>\n<meta property=\"article:modified_time\" content=\"2024-04-20T19:00:10+00:00\" \/>\n<meta property=\"og:image\" content=\"https:\/\/www.revistarambla.com\/wp-content\/uploads\/2013\/10\/Indignarme1_revRambla_02.jpg\" \/>\n\t<meta property=\"og:image:width\" content=\"700\" \/>\n\t<meta property=\"og:image:height\" content=\"252\" \/>\n\t<meta property=\"og:image:type\" content=\"image\/jpeg\" \/>\n<meta name=\"author\" content=\"R@mbla\" \/>\n<meta name=\"twitter:card\" content=\"summary_large_image\" \/>\n<meta name=\"twitter:creator\" content=\"@revistarambla\" \/>\n<meta name=\"twitter:site\" content=\"@revistarambla\" \/>\n<meta name=\"twitter:label1\" content=\"Written by\" \/>\n\t<meta name=\"twitter:data1\" content=\"R@mbla\" \/>\n\t<meta name=\"twitter:label2\" content=\"Estimated reading time\" \/>\n\t<meta name=\"twitter:data2\" content=\"4 minutes\" \/>\n<script type=\"application\/ld+json\" class=\"yoast-schema-graph\">{\"@context\":\"https:\\\/\\\/schema.org\",\"@graph\":[{\"@type\":\"Article\",\"@id\":\"https:\\\/\\\/www.revistarambla.com\\\/yo-tambien-quisiera-indignarme\\\/#article\",\"isPartOf\":{\"@id\":\"https:\\\/\\\/www.revistarambla.com\\\/yo-tambien-quisiera-indignarme\\\/\"},\"author\":{\"name\":\"R@mbla\",\"@id\":\"https:\\\/\\\/www.revistarambla.com\\\/#\\\/schema\\\/person\\\/a146a5a2550b94981a75131180e1bd9c\"},\"headline\":\"Yo tambi\u00e9n quisiera indignarme\",\"datePublished\":\"2013-10-26T20:34:26+00:00\",\"dateModified\":\"2024-04-20T19:00:10+00:00\",\"mainEntityOfPage\":{\"@id\":\"https:\\\/\\\/www.revistarambla.com\\\/yo-tambien-quisiera-indignarme\\\/\"},\"wordCount\":840,\"commentCount\":0,\"publisher\":{\"@id\":\"https:\\\/\\\/www.revistarambla.com\\\/#organization\"},\"image\":{\"@id\":\"https:\\\/\\\/www.revistarambla.com\\\/yo-tambien-quisiera-indignarme\\\/#primaryimage\"},\"thumbnailUrl\":\"https:\\\/\\\/www.revistarambla.com\\\/wp-content\\\/uploads\\\/2013\\\/10\\\/Indignarme1_revRambla_02.jpg\",\"articleSection\":[\"Opiniones\"],\"inLanguage\":\"en-GB\",\"potentialAction\":[{\"@type\":\"CommentAction\",\"name\":\"Comment\",\"target\":[\"https:\\\/\\\/www.revistarambla.com\\\/yo-tambien-quisiera-indignarme\\\/#respond\"]}]},{\"@type\":\"WebPage\",\"@id\":\"https:\\\/\\\/www.revistarambla.com\\\/yo-tambien-quisiera-indignarme\\\/\",\"url\":\"https:\\\/\\\/www.revistarambla.com\\\/yo-tambien-quisiera-indignarme\\\/\",\"name\":\"Yo tambi\u00e9n quisiera indignarme - Revista Rambla\",\"isPartOf\":{\"@id\":\"https:\\\/\\\/www.revistarambla.com\\\/#website\"},\"primaryImageOfPage\":{\"@id\":\"https:\\\/\\\/www.revistarambla.com\\\/yo-tambien-quisiera-indignarme\\\/#primaryimage\"},\"image\":{\"@id\":\"https:\\\/\\\/www.revistarambla.com\\\/yo-tambien-quisiera-indignarme\\\/#primaryimage\"},\"thumbnailUrl\":\"https:\\\/\\\/www.revistarambla.com\\\/wp-content\\\/uploads\\\/2013\\\/10\\\/Indignarme1_revRambla_02.jpg\",\"datePublished\":\"2013-10-26T20:34:26+00:00\",\"dateModified\":\"2024-04-20T19:00:10+00:00\",\"description\":\"La violencia de asesinos ETA les ha permitido durante estos a\u00f1os legitimar las contradicciones mezquinas de la propia transici\u00f3n\",\"breadcrumb\":{\"@id\":\"https:\\\/\\\/www.revistarambla.com\\\/yo-tambien-quisiera-indignarme\\\/#breadcrumb\"},\"inLanguage\":\"en-GB\",\"potentialAction\":[{\"@type\":\"ReadAction\",\"target\":[\"https:\\\/\\\/www.revistarambla.com\\\/yo-tambien-quisiera-indignarme\\\/\"]}]},{\"@type\":\"ImageObject\",\"inLanguage\":\"en-GB\",\"@id\":\"https:\\\/\\\/www.revistarambla.com\\\/yo-tambien-quisiera-indignarme\\\/#primaryimage\",\"url\":\"https:\\\/\\\/www.revistarambla.com\\\/wp-content\\\/uploads\\\/2013\\\/10\\\/Indignarme1_revRambla_02.jpg\",\"contentUrl\":\"https:\\\/\\\/www.revistarambla.com\\\/wp-content\\\/uploads\\\/2013\\\/10\\\/Indignarme1_revRambla_02.jpg\",\"width\":700,\"height\":252,\"caption\":\"asesinos eta\"},{\"@type\":\"BreadcrumbList\",\"@id\":\"https:\\\/\\\/www.revistarambla.com\\\/yo-tambien-quisiera-indignarme\\\/#breadcrumb\",\"itemListElement\":[{\"@type\":\"ListItem\",\"position\":1,\"name\":\"Portada\",\"item\":\"https:\\\/\\\/www.revistarambla.com\\\/\"},{\"@type\":\"ListItem\",\"position\":2,\"name\":\"Yo tambi\u00e9n quisiera indignarme\"}]},{\"@type\":\"WebSite\",\"@id\":\"https:\\\/\\\/www.revistarambla.com\\\/#website\",\"url\":\"https:\\\/\\\/www.revistarambla.com\\\/\",\"name\":\"Revista Rambla Barcelona\",\"description\":\"Periodismo independiente\",\"publisher\":{\"@id\":\"https:\\\/\\\/www.revistarambla.com\\\/#organization\"},\"potentialAction\":[{\"@type\":\"SearchAction\",\"target\":{\"@type\":\"EntryPoint\",\"urlTemplate\":\"https:\\\/\\\/www.revistarambla.com\\\/?s={search_term_string}\"},\"query-input\":{\"@type\":\"PropertyValueSpecification\",\"valueRequired\":true,\"valueName\":\"search_term_string\"}}],\"inLanguage\":\"en-GB\"},{\"@type\":\"Organization\",\"@id\":\"https:\\\/\\\/www.revistarambla.com\\\/#organization\",\"name\":\"Revista Rambla\",\"url\":\"https:\\\/\\\/www.revistarambla.com\\\/\",\"logo\":{\"@type\":\"ImageObject\",\"inLanguage\":\"en-GB\",\"@id\":\"https:\\\/\\\/www.revistarambla.com\\\/#\\\/schema\\\/logo\\\/image\\\/\",\"url\":\"https:\\\/\\\/www.revistarambla.com\\\/wp-content\\\/uploads\\\/2020\\\/09\\\/banner_rambla_1900x600_BB.png\",\"contentUrl\":\"https:\\\/\\\/www.revistarambla.com\\\/wp-content\\\/uploads\\\/2020\\\/09\\\/banner_rambla_1900x600_BB.png\",\"width\":1900,\"height\":600,\"caption\":\"Revista Rambla\"},\"image\":{\"@id\":\"https:\\\/\\\/www.revistarambla.com\\\/#\\\/schema\\\/logo\\\/image\\\/\"},\"sameAs\":[\"https:\\\/\\\/www.facebook.com\\\/revistarambla\\\/\",\"https:\\\/\\\/x.com\\\/revistarambla\",\"https:\\\/\\\/www.instagram.com\\\/revista_rambla\",\"https:\\\/\\\/es.linkedin.com\\\/company\\\/revista-rambla\"]},{\"@type\":\"Person\",\"@id\":\"https:\\\/\\\/www.revistarambla.com\\\/#\\\/schema\\\/person\\\/a146a5a2550b94981a75131180e1bd9c\",\"name\":\"R@mbla\",\"description\":\"Este art\u00edculo ha sido redactado y\\\/o validado por el equipo de redacci\u00f3n de Revista Rambla.\",\"sameAs\":[\"https:\\\/\\\/www.revistarambla.com\\\/\",\"https:\\\/\\\/www.facebook.com\\\/revistarambla\",\"https:\\\/\\\/x.com\\\/revistarambla\"]}]}<\/script>\n<!-- \/ Yoast SEO plugin. -->","yoast_head_json":{"title":"Yo tambi\u00e9n quisiera indignarme - Revista Rambla","description":"La violencia de asesinos ETA les ha permitido durante estos a\u00f1os legitimar las contradicciones mezquinas de la propia transici\u00f3n","robots":{"index":"index","follow":"follow","max-snippet":"max-snippet:-1","max-image-preview":"max-image-preview:large","max-video-preview":"max-video-preview:-1"},"canonical":"https:\/\/www.revistarambla.com\/en\/yo-tambien-quisiera-indignarme\/","og_locale":"en_GB","og_type":"article","og_title":"Yo tambi\u00e9n quisiera indignarme - Revista Rambla","og_description":"La violencia de asesinos ETA les ha permitido durante estos a\u00f1os legitimar las contradicciones mezquinas de la propia transici\u00f3n","og_url":"https:\/\/www.revistarambla.com\/en\/yo-tambien-quisiera-indignarme\/","og_site_name":"Revista Rambla","article_publisher":"https:\/\/www.facebook.com\/revistarambla\/","article_author":"https:\/\/www.facebook.com\/revistarambla","article_published_time":"2013-10-26T20:34:26+00:00","article_modified_time":"2024-04-20T19:00:10+00:00","og_image":[{"width":700,"height":252,"url":"https:\/\/www.revistarambla.com\/wp-content\/uploads\/2013\/10\/Indignarme1_revRambla_02.jpg","type":"image\/jpeg"}],"author":"R@mbla","twitter_card":"summary_large_image","twitter_creator":"@revistarambla","twitter_site":"@revistarambla","twitter_misc":{"Written by":"R@mbla","Estimated reading time":"4 minutes"},"schema":{"@context":"https:\/\/schema.org","@graph":[{"@type":"Article","@id":"https:\/\/www.revistarambla.com\/yo-tambien-quisiera-indignarme\/#article","isPartOf":{"@id":"https:\/\/www.revistarambla.com\/yo-tambien-quisiera-indignarme\/"},"author":{"name":"R@mbla","@id":"https:\/\/www.revistarambla.com\/#\/schema\/person\/a146a5a2550b94981a75131180e1bd9c"},"headline":"Yo tambi\u00e9n quisiera indignarme","datePublished":"2013-10-26T20:34:26+00:00","dateModified":"2024-04-20T19:00:10+00:00","mainEntityOfPage":{"@id":"https:\/\/www.revistarambla.com\/yo-tambien-quisiera-indignarme\/"},"wordCount":840,"commentCount":0,"publisher":{"@id":"https:\/\/www.revistarambla.com\/#organization"},"image":{"@id":"https:\/\/www.revistarambla.com\/yo-tambien-quisiera-indignarme\/#primaryimage"},"thumbnailUrl":"https:\/\/www.revistarambla.com\/wp-content\/uploads\/2013\/10\/Indignarme1_revRambla_02.jpg","articleSection":["Opiniones"],"inLanguage":"en-GB","potentialAction":[{"@type":"CommentAction","name":"Comment","target":["https:\/\/www.revistarambla.com\/yo-tambien-quisiera-indignarme\/#respond"]}]},{"@type":"WebPage","@id":"https:\/\/www.revistarambla.com\/yo-tambien-quisiera-indignarme\/","url":"https:\/\/www.revistarambla.com\/yo-tambien-quisiera-indignarme\/","name":"Yo tambi\u00e9n quisiera indignarme - Revista Rambla","isPartOf":{"@id":"https:\/\/www.revistarambla.com\/#website"},"primaryImageOfPage":{"@id":"https:\/\/www.revistarambla.com\/yo-tambien-quisiera-indignarme\/#primaryimage"},"image":{"@id":"https:\/\/www.revistarambla.com\/yo-tambien-quisiera-indignarme\/#primaryimage"},"thumbnailUrl":"https:\/\/www.revistarambla.com\/wp-content\/uploads\/2013\/10\/Indignarme1_revRambla_02.jpg","datePublished":"2013-10-26T20:34:26+00:00","dateModified":"2024-04-20T19:00:10+00:00","description":"La violencia de asesinos ETA les ha permitido durante estos a\u00f1os legitimar las contradicciones mezquinas de la propia transici\u00f3n","breadcrumb":{"@id":"https:\/\/www.revistarambla.com\/yo-tambien-quisiera-indignarme\/#breadcrumb"},"inLanguage":"en-GB","potentialAction":[{"@type":"ReadAction","target":["https:\/\/www.revistarambla.com\/yo-tambien-quisiera-indignarme\/"]}]},{"@type":"ImageObject","inLanguage":"en-GB","@id":"https:\/\/www.revistarambla.com\/yo-tambien-quisiera-indignarme\/#primaryimage","url":"https:\/\/www.revistarambla.com\/wp-content\/uploads\/2013\/10\/Indignarme1_revRambla_02.jpg","contentUrl":"https:\/\/www.revistarambla.com\/wp-content\/uploads\/2013\/10\/Indignarme1_revRambla_02.jpg","width":700,"height":252,"caption":"asesinos eta"},{"@type":"BreadcrumbList","@id":"https:\/\/www.revistarambla.com\/yo-tambien-quisiera-indignarme\/#breadcrumb","itemListElement":[{"@type":"ListItem","position":1,"name":"Portada","item":"https:\/\/www.revistarambla.com\/"},{"@type":"ListItem","position":2,"name":"Yo tambi\u00e9n quisiera indignarme"}]},{"@type":"WebSite","@id":"https:\/\/www.revistarambla.com\/#website","url":"https:\/\/www.revistarambla.com\/","name":"Revista Rambla Barcelona","description":"Periodismo independiente","publisher":{"@id":"https:\/\/www.revistarambla.com\/#organization"},"potentialAction":[{"@type":"SearchAction","target":{"@type":"EntryPoint","urlTemplate":"https:\/\/www.revistarambla.com\/?s={search_term_string}"},"query-input":{"@type":"PropertyValueSpecification","valueRequired":true,"valueName":"search_term_string"}}],"inLanguage":"en-GB"},{"@type":"Organization","@id":"https:\/\/www.revistarambla.com\/#organization","name":"Revista Rambla","url":"https:\/\/www.revistarambla.com\/","logo":{"@type":"ImageObject","inLanguage":"en-GB","@id":"https:\/\/www.revistarambla.com\/#\/schema\/logo\/image\/","url":"https:\/\/www.revistarambla.com\/wp-content\/uploads\/2020\/09\/banner_rambla_1900x600_BB.png","contentUrl":"https:\/\/www.revistarambla.com\/wp-content\/uploads\/2020\/09\/banner_rambla_1900x600_BB.png","width":1900,"height":600,"caption":"Revista Rambla"},"image":{"@id":"https:\/\/www.revistarambla.com\/#\/schema\/logo\/image\/"},"sameAs":["https:\/\/www.facebook.com\/revistarambla\/","https:\/\/x.com\/revistarambla","https:\/\/www.instagram.com\/revista_rambla","https:\/\/es.linkedin.com\/company\/revista-rambla"]},{"@type":"Person","@id":"https:\/\/www.revistarambla.com\/#\/schema\/person\/a146a5a2550b94981a75131180e1bd9c","name":"R@mbla","description":"Este art\u00edculo ha sido redactado y\/o validado por el equipo de redacci\u00f3n de Revista Rambla.","sameAs":["https:\/\/www.revistarambla.com\/","https:\/\/www.facebook.com\/revistarambla","https:\/\/x.com\/revistarambla"]}]}},"_links":{"self":[{"href":"https:\/\/www.revistarambla.com\/en\/wp-json\/wp\/v2\/posts\/4132","targetHints":{"allow":["GET"]}}],"collection":[{"href":"https:\/\/www.revistarambla.com\/en\/wp-json\/wp\/v2\/posts"}],"about":[{"href":"https:\/\/www.revistarambla.com\/en\/wp-json\/wp\/v2\/types\/post"}],"author":[{"embeddable":true,"href":"https:\/\/www.revistarambla.com\/en\/wp-json\/wp\/v2\/users\/3"}],"replies":[{"embeddable":true,"href":"https:\/\/www.revistarambla.com\/en\/wp-json\/wp\/v2\/comments?post=4132"}],"version-history":[{"count":2,"href":"https:\/\/www.revistarambla.com\/en\/wp-json\/wp\/v2\/posts\/4132\/revisions"}],"predecessor-version":[{"id":59526,"href":"https:\/\/www.revistarambla.com\/en\/wp-json\/wp\/v2\/posts\/4132\/revisions\/59526"}],"wp:featuredmedia":[{"embeddable":true,"href":"https:\/\/www.revistarambla.com\/en\/wp-json\/wp\/v2\/media\/4131"}],"wp:attachment":[{"href":"https:\/\/www.revistarambla.com\/en\/wp-json\/wp\/v2\/media?parent=4132"}],"wp:term":[{"taxonomy":"category","embeddable":true,"href":"https:\/\/www.revistarambla.com\/en\/wp-json\/wp\/v2\/categories?post=4132"},{"taxonomy":"post_tag","embeddable":true,"href":"https:\/\/www.revistarambla.com\/en\/wp-json\/wp\/v2\/tags?post=4132"}],"curies":[{"name":"wp","href":"https:\/\/api.w.org\/{rel}","templated":true}]}}