{"id":4128,"date":"2013-10-25T05:08:49","date_gmt":"2013-10-25T05:08:49","guid":{"rendered":"https:\/\/www.revistarambla.com\/barcelona-se-vuelca-contra-la-ley-wert-y-los-recortes-en-educacion\/"},"modified":"2024-05-04T16:48:47","modified_gmt":"2024-05-04T14:48:47","slug":"barcelona-se-vuelca-contra-la-ley-wert-y-los-recortes-en-educacion","status":"publish","type":"post","link":"https:\/\/www.revistarambla.com\/en\/barcelona-se-vuelca-contra-la-ley-wert-y-los-recortes-en-educacion\/","title":{"rendered":"Barcelona: contra la &#8216;Ley Wert&#8217; y los recortes en educaci\u00f3n"},"content":{"rendered":"<p>M\u00e1s de 170.000 estudiantes, profesores y padres han recorrido este mediod\u00eda las calles de <a href=\"https:\/\/www.revistarambla.com\/en\/actualidad\/barcelona\/\">Barcelona<\/a> para protestar por los recortes en educaci\u00f3n y pedir la retirada de la <a href=\"https:\/\/www.revistarambla.com\/en\/la-ley-wert-no-habla-de-pedagogia-es-puramente-ideologica\/\">Ley Wert<\/a> en una marcha de car\u00e1cter festivo y reivindicativo por la escuela p\u00fablica y de calidad, en el marco de la huelga convocada en todo el estado. La Guardia Urbana, por su parte, ha rebajado la cifra de participantes a unas 30.000 personas.<\/p>\n<h2>Manifestaci\u00f3n Barcelona Ley Wert<\/h2>\n<p>La manifestaci\u00f3n, en la que han participado numerosas familias, ha discurrido entre la Plaza Urquinaona y Pla de Palau y ha coloreado de amarillo el itinerario urbano con las camisetas de SOS Educaci\u00f3n P\u00fablica de Calidad. Pese a este car\u00e1cter festivo una decena de furgonetas de los Mossos d&#8217;Esquadra han controlado la cabecera de la manifestaci\u00f3n y ocho dotaciones m\u00e1s se han repartido entre la Jefatura de Polic\u00eda y la Secretar\u00eda de Universidades e Investigaci\u00f3n de la Generalitat, en la misma Via Laietana, donde se han instalado vallas protectoras.<\/p>\n<p>\u201cNi LOMCE, ni recortes. Detengamos la LEC\u201d y \u201cPara la educaci\u00f3n p\u00fablica, ning\u00fan recorte\u201d, eran las pancartas que encabezaban una protesta masiva en la que han participado todos los niveles del sector educativo en <a href=\"https:\/\/www.revistarambla.com\/en\/actualidad\/catalunya\/\">Catalunya<\/a>. La movilizaci\u00f3n ha servido para constatar el rechazo que generan los recortes en ense\u00f1anza y diversos aspectos de la Ley de Educaci\u00f3n de Catalunya (LEC), qu\u00e9 sindicatos y asociaciones de padres de alumnos consideran similares a los de la LOMCE. Otro caballo de batalla de la manifestaci\u00f3n era la nueva medida impuesta por la \u201cley Wert\u201d que fija el castellano como lengua vehicular en las escuelas y que, adem\u00e1s garantiza la escolarizaci\u00f3n en castellano a las familias que lo soliciten, recurriendo incluso a centros privados, con los gastos de matriculaci\u00f3n y mensualidades a cargo de la Generalitat.<\/p>\n<h2>Huelga recortes educaci\u00f3n<\/h2>\n<p>La tercera jornada de movilizaciones en educaci\u00f3n ha contado con un seguimiento de un 60%, seg\u00fan los organizadores, en los centros de ense\u00f1anza p\u00fablicos y de poco m\u00e1s de un 30% en los centros concertados, que se adher\u00edan asi a la huelga convocada en el sector.\u00a0 La federaci\u00f3n de Ense\u00f1anza de CC. OO. ha indicado que en las guarder\u00edas municipales de Barcelona, la incidencia del paro ha superado el 80%. Sin embargo, en la cuarentena de guarder\u00edas que dependen de la Generalitat apenas se ha seguido el paro, seg\u00fan el departamento d&#8217;Ensenyament. En cuanto a los centros universitarios, la Secretar\u00eda de Universidades comunic\u00f3 que los campus p\u00fablicos funcionan con\u00a0 \u201cnormalidad\u00bb y s\u00f3lo se han producido \u00abdificultades de acceso puntual\u201d en algunas facultades de la Universidad de Barcelona. Seg\u00fan las propias universidades, el seguimiento de la jornada ha sido irregular, pero con especial incidencia en la Aut\u00f3noma de Barcelona, en los campus de la Universitat Polit\u00e8cnica de Catalunya (Terrassa, Sant Cugat, Manresa y Castelldefels), en la Universitat Pompeu Fabra y en la Universitat de Lleida. Por su parte, la consejera de Educaci\u00f3n, Irene Rigau, interpret\u00f3 las cifras de la convocatoria como una protesta dirigida \u00fanicamente a la \u201cley Wert\u201d -\u201dla queja central de hoy es la LOMCE\u201d-. Rigau avanz\u00f3 que \u00aben la \u00faltima convocatoria de huelga de mayo pasado, el seguimiento en la concertada fue del 3,42% y ahora es del 15,4%, mientras que en la p\u00fablica fue del 15,51% y hoy del 17,06%. Por lo tanto, dos puntos de incremento en la p\u00fablica y doce en la concertada\u00bb.<\/p>\n<p>La portavoz de Ustec-Ste\u00b7s, Ana Elvira S\u00e1nchez, explic\u00f3 que la \u201cley Wert\u201d es \u00absegregadora y mercantilizadora\u00bb, y defendi\u00f3 un sistema educativo catal\u00e1n, laico y coeducador. Adem\u00e1s, S\u00e1nchez ha explicado que las organizaciones que se han sumado a la protesta rechazan tambi\u00e9n la Ley de Educaci\u00f3n de Catalunya (LEC)\u00a0 y los recortes impuestos en educaci\u00f3n por la Generalitat, as\u00ed como el aumento de ratios de alumnos, el cierre de colegios p\u00fablicos, la reducci\u00f3n de veladores para alumnos con necesidades educativas especiales (NEE) y la precariedad laboral de los sustitutos, entre otros.<br \/>\nEn este sentido, se ha expresado la secretaria general de la federaci\u00f3n de Ense\u00f1anza de CC.OO, Montse Ros, que calific\u00f3 la LOMCE de \u00abley regresiva que se carga la escuela catalana, y separa por lengua, sexo, religi\u00f3n y poder adquisitivo\u00bb, y celebr\u00f3 la amplia participaci\u00f3n en la jornada de huelga, tanto del profesorado como de los alumnos y sus familias. El secretario general de UGT Catalunya, Josep Maria \u00c1lvarez, se\u00f1al\u00f3, por su parte, que la LOMCE \u00abno aporta nada\u00bb y retorna a tiempos del pasado, y busca marginar el catal\u00e1n en la educaci\u00f3n.<\/p>\n<p>Aparte de la cuesti\u00f3n ling\u00fc\u00edstica, la movilizaci\u00f3n contra la Ley Org\u00e1nica de Mejora de la Calidad Educativa (LOMCE) y los recortes en la educaci\u00f3n p\u00fablica y concertada por parte del <a href=\"https:\/\/www.revistarambla.com\/en\/actualidad\/estado-espanol\/\">Estado espa\u00f1ol<\/a> y la Generalitat, otros elementos de la reforma recientemente aprobada por el Congreso de los Diputados generan especial controversia en Catalunya, como las rev\u00e1lidas al final de la educaci\u00f3n secundaria y del Bachillerato, y el mayor poder que tendr\u00e1 el ministerio de Educaci\u00f3n a la hora de fijar las materias y definir los itinerarios formativos. Unas medidas que desde la Generalitat se recurrir\u00e1n al Tribunal Constitucional.<\/p>\n<p>Antes de la manifestaci\u00f3n, convocada a las 12:30 horas, un grupo de estudiantes han quemado un mu\u00f1eco con la cara del ministro de Educaci\u00f3n, <a href=\"https:\/\/www.revistarambla.com\/en\/wert-al-ataque\/\">Jos\u00e9 Ignacio Wert<\/a>, mientras en la Universidad de Barcelona, las puertas de las facultades de Derecho y F\u00edsica fueron encadenadas. Cerca de un millar de universitarios del campus de la Diagonal -vigilados por 10 furgones de los Mossos d&#8217;Esquadra y numerosos efectivos de la Guardia Urbana-, han cortado la Avenida Diagonal en ambos sentidos rumbo a la plaza Universitat. La marcha, encabezada por los estudiantes que han permanecido en las facultades durante los d\u00edas de huelga, ha caminado hacia la manifestaci\u00f3n mientras recib\u00edan el apoyo de viandantes y conductores.<\/p>\n<p>La jornada se ha desarrollado sin apenas incidentes, exceptuando la detenci\u00f3n de cinco estudiantes en Lleida por impedir la entrada a un centro educativo de la capital del Segri\u00e0.<\/p>","protected":false},"excerpt":{"rendered":"<p>Decenas de miles de personas participan en una protesta masiva en defensa de la educaci\u00f3n p\u00fablica y de calidad \u00a0<\/p>","protected":false},"author":3,"featured_media":4127,"comment_status":"open","ping_status":"open","sticky":false,"template":"","format":"standard","meta":{"footnotes":""},"categories":[76],"tags":[],"class_list":["post-4128","post","type-post","status-publish","format-standard","has-post-thumbnail","hentry","category-barcelona"],"yoast_head":"<!-- This site is optimized with the Yoast SEO plugin v27.5 - https:\/\/yoast.com\/product\/yoast-seo-wordpress\/ -->\n<title>Barcelona: contra la &#039;Ley Wert&#039; y los recortes en educaci\u00f3n - Revista Rambla<\/title>\n<meta name=\"description\" content=\"Estudiantes, profesores y padres han recorrido las calles de Barcelona contra los recortes en educaci\u00f3n y por la retirada de la \u201cLey Wert\u201d.\" \/>\n<meta name=\"robots\" content=\"index, follow, max-snippet:-1, max-image-preview:large, max-video-preview:-1\" \/>\n<link rel=\"canonical\" href=\"https:\/\/www.revistarambla.com\/en\/barcelona-se-vuelca-contra-la-ley-wert-y-los-recortes-en-educacion\/\" \/>\n<meta property=\"og:locale\" content=\"en_GB\" \/>\n<meta property=\"og:type\" content=\"article\" \/>\n<meta property=\"og:title\" content=\"Barcelona: contra la &#039;Ley Wert&#039; y los recortes en educaci\u00f3n - Revista Rambla\" \/>\n<meta property=\"og:description\" content=\"Estudiantes, profesores y padres han recorrido las calles de Barcelona contra los recortes en educaci\u00f3n y por la retirada de la \u201cLey Wert\u201d.\" \/>\n<meta property=\"og:url\" content=\"https:\/\/www.revistarambla.com\/en\/barcelona-se-vuelca-contra-la-ley-wert-y-los-recortes-en-educacion\/\" \/>\n<meta property=\"og:site_name\" content=\"Revista Rambla\" \/>\n<meta property=\"article:publisher\" content=\"https:\/\/www.facebook.com\/revistarambla\/\" \/>\n<meta property=\"article:author\" content=\"https:\/\/www.facebook.com\/revistarambla\" \/>\n<meta property=\"article:published_time\" content=\"2013-10-25T05:08:49+00:00\" \/>\n<meta property=\"article:modified_time\" content=\"2024-05-04T14:48:47+00:00\" \/>\n<meta property=\"og:image\" content=\"https:\/\/www.revistarambla.com\/wp-content\/uploads\/2013\/10\/educacio_02.jpg\" \/>\n\t<meta property=\"og:image:width\" content=\"700\" \/>\n\t<meta property=\"og:image:height\" content=\"395\" \/>\n\t<meta property=\"og:image:type\" content=\"image\/jpeg\" \/>\n<meta name=\"author\" content=\"R@mbla\" \/>\n<meta name=\"twitter:card\" content=\"summary_large_image\" \/>\n<meta name=\"twitter:creator\" content=\"@revistarambla\" \/>\n<meta name=\"twitter:site\" content=\"@revistarambla\" \/>\n<meta name=\"twitter:label1\" content=\"Written by\" \/>\n\t<meta name=\"twitter:data1\" content=\"R@mbla\" \/>\n\t<meta name=\"twitter:label2\" content=\"Estimated reading time\" \/>\n\t<meta name=\"twitter:data2\" content=\"5 minutes\" \/>\n<script type=\"application\/ld+json\" class=\"yoast-schema-graph\">{\"@context\":\"https:\\\/\\\/schema.org\",\"@graph\":[{\"@type\":\"Article\",\"@id\":\"https:\\\/\\\/www.revistarambla.com\\\/barcelona-se-vuelca-contra-la-ley-wert-y-los-recortes-en-educacion\\\/#article\",\"isPartOf\":{\"@id\":\"https:\\\/\\\/www.revistarambla.com\\\/barcelona-se-vuelca-contra-la-ley-wert-y-los-recortes-en-educacion\\\/\"},\"author\":{\"name\":\"R@mbla\",\"@id\":\"https:\\\/\\\/www.revistarambla.com\\\/#\\\/schema\\\/person\\\/a146a5a2550b94981a75131180e1bd9c\"},\"headline\":\"Barcelona: contra la &#8216;Ley Wert&#8217; y los recortes en educaci\u00f3n\",\"datePublished\":\"2013-10-25T05:08:49+00:00\",\"dateModified\":\"2024-05-04T14:48:47+00:00\",\"mainEntityOfPage\":{\"@id\":\"https:\\\/\\\/www.revistarambla.com\\\/barcelona-se-vuelca-contra-la-ley-wert-y-los-recortes-en-educacion\\\/\"},\"wordCount\":1069,\"commentCount\":0,\"publisher\":{\"@id\":\"https:\\\/\\\/www.revistarambla.com\\\/#organization\"},\"image\":{\"@id\":\"https:\\\/\\\/www.revistarambla.com\\\/barcelona-se-vuelca-contra-la-ley-wert-y-los-recortes-en-educacion\\\/#primaryimage\"},\"thumbnailUrl\":\"https:\\\/\\\/www.revistarambla.com\\\/wp-content\\\/uploads\\\/2013\\\/10\\\/educacio_02.jpg\",\"articleSection\":[\"Barcelona\"],\"inLanguage\":\"en-GB\",\"potentialAction\":[{\"@type\":\"CommentAction\",\"name\":\"Comment\",\"target\":[\"https:\\\/\\\/www.revistarambla.com\\\/barcelona-se-vuelca-contra-la-ley-wert-y-los-recortes-en-educacion\\\/#respond\"]}]},{\"@type\":\"WebPage\",\"@id\":\"https:\\\/\\\/www.revistarambla.com\\\/barcelona-se-vuelca-contra-la-ley-wert-y-los-recortes-en-educacion\\\/\",\"url\":\"https:\\\/\\\/www.revistarambla.com\\\/barcelona-se-vuelca-contra-la-ley-wert-y-los-recortes-en-educacion\\\/\",\"name\":\"Barcelona: contra la 'Ley Wert' y los recortes en educaci\u00f3n - Revista Rambla\",\"isPartOf\":{\"@id\":\"https:\\\/\\\/www.revistarambla.com\\\/#website\"},\"primaryImageOfPage\":{\"@id\":\"https:\\\/\\\/www.revistarambla.com\\\/barcelona-se-vuelca-contra-la-ley-wert-y-los-recortes-en-educacion\\\/#primaryimage\"},\"image\":{\"@id\":\"https:\\\/\\\/www.revistarambla.com\\\/barcelona-se-vuelca-contra-la-ley-wert-y-los-recortes-en-educacion\\\/#primaryimage\"},\"thumbnailUrl\":\"https:\\\/\\\/www.revistarambla.com\\\/wp-content\\\/uploads\\\/2013\\\/10\\\/educacio_02.jpg\",\"datePublished\":\"2013-10-25T05:08:49+00:00\",\"dateModified\":\"2024-05-04T14:48:47+00:00\",\"description\":\"Estudiantes, profesores y padres han recorrido las calles de Barcelona contra los recortes en educaci\u00f3n y por la retirada de la \u201cLey Wert\u201d.\",\"breadcrumb\":{\"@id\":\"https:\\\/\\\/www.revistarambla.com\\\/barcelona-se-vuelca-contra-la-ley-wert-y-los-recortes-en-educacion\\\/#breadcrumb\"},\"inLanguage\":\"en-GB\",\"potentialAction\":[{\"@type\":\"ReadAction\",\"target\":[\"https:\\\/\\\/www.revistarambla.com\\\/barcelona-se-vuelca-contra-la-ley-wert-y-los-recortes-en-educacion\\\/\"]}]},{\"@type\":\"ImageObject\",\"inLanguage\":\"en-GB\",\"@id\":\"https:\\\/\\\/www.revistarambla.com\\\/barcelona-se-vuelca-contra-la-ley-wert-y-los-recortes-en-educacion\\\/#primaryimage\",\"url\":\"https:\\\/\\\/www.revistarambla.com\\\/wp-content\\\/uploads\\\/2013\\\/10\\\/educacio_02.jpg\",\"contentUrl\":\"https:\\\/\\\/www.revistarambla.com\\\/wp-content\\\/uploads\\\/2013\\\/10\\\/educacio_02.jpg\",\"width\":700,\"height\":395,\"caption\":\"recortes educaci\u00f3n ley wert manifestaci\u00f3n barcelona estudiantes profesores\"},{\"@type\":\"BreadcrumbList\",\"@id\":\"https:\\\/\\\/www.revistarambla.com\\\/barcelona-se-vuelca-contra-la-ley-wert-y-los-recortes-en-educacion\\\/#breadcrumb\",\"itemListElement\":[{\"@type\":\"ListItem\",\"position\":1,\"name\":\"Portada\",\"item\":\"https:\\\/\\\/www.revistarambla.com\\\/\"},{\"@type\":\"ListItem\",\"position\":2,\"name\":\"Barcelona: contra la &#8216;Ley Wert&#8217; y los recortes en educaci\u00f3n\"}]},{\"@type\":\"WebSite\",\"@id\":\"https:\\\/\\\/www.revistarambla.com\\\/#website\",\"url\":\"https:\\\/\\\/www.revistarambla.com\\\/\",\"name\":\"Revista Rambla Barcelona\",\"description\":\"Periodismo independiente\",\"publisher\":{\"@id\":\"https:\\\/\\\/www.revistarambla.com\\\/#organization\"},\"potentialAction\":[{\"@type\":\"SearchAction\",\"target\":{\"@type\":\"EntryPoint\",\"urlTemplate\":\"https:\\\/\\\/www.revistarambla.com\\\/?s={search_term_string}\"},\"query-input\":{\"@type\":\"PropertyValueSpecification\",\"valueRequired\":true,\"valueName\":\"search_term_string\"}}],\"inLanguage\":\"en-GB\"},{\"@type\":\"Organization\",\"@id\":\"https:\\\/\\\/www.revistarambla.com\\\/#organization\",\"name\":\"Revista Rambla\",\"url\":\"https:\\\/\\\/www.revistarambla.com\\\/\",\"logo\":{\"@type\":\"ImageObject\",\"inLanguage\":\"en-GB\",\"@id\":\"https:\\\/\\\/www.revistarambla.com\\\/#\\\/schema\\\/logo\\\/image\\\/\",\"url\":\"https:\\\/\\\/www.revistarambla.com\\\/wp-content\\\/uploads\\\/2020\\\/09\\\/banner_rambla_1900x600_BB.png\",\"contentUrl\":\"https:\\\/\\\/www.revistarambla.com\\\/wp-content\\\/uploads\\\/2020\\\/09\\\/banner_rambla_1900x600_BB.png\",\"width\":1900,\"height\":600,\"caption\":\"Revista Rambla\"},\"image\":{\"@id\":\"https:\\\/\\\/www.revistarambla.com\\\/#\\\/schema\\\/logo\\\/image\\\/\"},\"sameAs\":[\"https:\\\/\\\/www.facebook.com\\\/revistarambla\\\/\",\"https:\\\/\\\/x.com\\\/revistarambla\",\"https:\\\/\\\/www.instagram.com\\\/revista_rambla\",\"https:\\\/\\\/es.linkedin.com\\\/company\\\/revista-rambla\"]},{\"@type\":\"Person\",\"@id\":\"https:\\\/\\\/www.revistarambla.com\\\/#\\\/schema\\\/person\\\/a146a5a2550b94981a75131180e1bd9c\",\"name\":\"R@mbla\",\"description\":\"Este art\u00edculo ha sido redactado y\\\/o validado por el equipo de redacci\u00f3n de Revista Rambla.\",\"sameAs\":[\"https:\\\/\\\/www.revistarambla.com\\\/\",\"https:\\\/\\\/www.facebook.com\\\/revistarambla\",\"https:\\\/\\\/x.com\\\/revistarambla\"]}]}<\/script>\n<!-- \/ Yoast SEO plugin. -->","yoast_head_json":{"title":"Barcelona: contra la 'Ley Wert' y los recortes en educaci\u00f3n - Revista Rambla","description":"Estudiantes, profesores y padres han recorrido las calles de Barcelona contra los recortes en educaci\u00f3n y por la retirada de la \u201cLey Wert\u201d.","robots":{"index":"index","follow":"follow","max-snippet":"max-snippet:-1","max-image-preview":"max-image-preview:large","max-video-preview":"max-video-preview:-1"},"canonical":"https:\/\/www.revistarambla.com\/en\/barcelona-se-vuelca-contra-la-ley-wert-y-los-recortes-en-educacion\/","og_locale":"en_GB","og_type":"article","og_title":"Barcelona: contra la 'Ley Wert' y los recortes en educaci\u00f3n - Revista Rambla","og_description":"Estudiantes, profesores y padres han recorrido las calles de Barcelona contra los recortes en educaci\u00f3n y por la retirada de la \u201cLey Wert\u201d.","og_url":"https:\/\/www.revistarambla.com\/en\/barcelona-se-vuelca-contra-la-ley-wert-y-los-recortes-en-educacion\/","og_site_name":"Revista Rambla","article_publisher":"https:\/\/www.facebook.com\/revistarambla\/","article_author":"https:\/\/www.facebook.com\/revistarambla","article_published_time":"2013-10-25T05:08:49+00:00","article_modified_time":"2024-05-04T14:48:47+00:00","og_image":[{"width":700,"height":395,"url":"https:\/\/www.revistarambla.com\/wp-content\/uploads\/2013\/10\/educacio_02.jpg","type":"image\/jpeg"}],"author":"R@mbla","twitter_card":"summary_large_image","twitter_creator":"@revistarambla","twitter_site":"@revistarambla","twitter_misc":{"Written by":"R@mbla","Estimated reading time":"5 minutes"},"schema":{"@context":"https:\/\/schema.org","@graph":[{"@type":"Article","@id":"https:\/\/www.revistarambla.com\/barcelona-se-vuelca-contra-la-ley-wert-y-los-recortes-en-educacion\/#article","isPartOf":{"@id":"https:\/\/www.revistarambla.com\/barcelona-se-vuelca-contra-la-ley-wert-y-los-recortes-en-educacion\/"},"author":{"name":"R@mbla","@id":"https:\/\/www.revistarambla.com\/#\/schema\/person\/a146a5a2550b94981a75131180e1bd9c"},"headline":"Barcelona: contra la &#8216;Ley Wert&#8217; y los recortes en educaci\u00f3n","datePublished":"2013-10-25T05:08:49+00:00","dateModified":"2024-05-04T14:48:47+00:00","mainEntityOfPage":{"@id":"https:\/\/www.revistarambla.com\/barcelona-se-vuelca-contra-la-ley-wert-y-los-recortes-en-educacion\/"},"wordCount":1069,"commentCount":0,"publisher":{"@id":"https:\/\/www.revistarambla.com\/#organization"},"image":{"@id":"https:\/\/www.revistarambla.com\/barcelona-se-vuelca-contra-la-ley-wert-y-los-recortes-en-educacion\/#primaryimage"},"thumbnailUrl":"https:\/\/www.revistarambla.com\/wp-content\/uploads\/2013\/10\/educacio_02.jpg","articleSection":["Barcelona"],"inLanguage":"en-GB","potentialAction":[{"@type":"CommentAction","name":"Comment","target":["https:\/\/www.revistarambla.com\/barcelona-se-vuelca-contra-la-ley-wert-y-los-recortes-en-educacion\/#respond"]}]},{"@type":"WebPage","@id":"https:\/\/www.revistarambla.com\/barcelona-se-vuelca-contra-la-ley-wert-y-los-recortes-en-educacion\/","url":"https:\/\/www.revistarambla.com\/barcelona-se-vuelca-contra-la-ley-wert-y-los-recortes-en-educacion\/","name":"Barcelona: contra la 'Ley Wert' y los recortes en educaci\u00f3n - Revista Rambla","isPartOf":{"@id":"https:\/\/www.revistarambla.com\/#website"},"primaryImageOfPage":{"@id":"https:\/\/www.revistarambla.com\/barcelona-se-vuelca-contra-la-ley-wert-y-los-recortes-en-educacion\/#primaryimage"},"image":{"@id":"https:\/\/www.revistarambla.com\/barcelona-se-vuelca-contra-la-ley-wert-y-los-recortes-en-educacion\/#primaryimage"},"thumbnailUrl":"https:\/\/www.revistarambla.com\/wp-content\/uploads\/2013\/10\/educacio_02.jpg","datePublished":"2013-10-25T05:08:49+00:00","dateModified":"2024-05-04T14:48:47+00:00","description":"Estudiantes, profesores y padres han recorrido las calles de Barcelona contra los recortes en educaci\u00f3n y por la retirada de la \u201cLey Wert\u201d.","breadcrumb":{"@id":"https:\/\/www.revistarambla.com\/barcelona-se-vuelca-contra-la-ley-wert-y-los-recortes-en-educacion\/#breadcrumb"},"inLanguage":"en-GB","potentialAction":[{"@type":"ReadAction","target":["https:\/\/www.revistarambla.com\/barcelona-se-vuelca-contra-la-ley-wert-y-los-recortes-en-educacion\/"]}]},{"@type":"ImageObject","inLanguage":"en-GB","@id":"https:\/\/www.revistarambla.com\/barcelona-se-vuelca-contra-la-ley-wert-y-los-recortes-en-educacion\/#primaryimage","url":"https:\/\/www.revistarambla.com\/wp-content\/uploads\/2013\/10\/educacio_02.jpg","contentUrl":"https:\/\/www.revistarambla.com\/wp-content\/uploads\/2013\/10\/educacio_02.jpg","width":700,"height":395,"caption":"recortes educaci\u00f3n ley wert manifestaci\u00f3n barcelona estudiantes profesores"},{"@type":"BreadcrumbList","@id":"https:\/\/www.revistarambla.com\/barcelona-se-vuelca-contra-la-ley-wert-y-los-recortes-en-educacion\/#breadcrumb","itemListElement":[{"@type":"ListItem","position":1,"name":"Portada","item":"https:\/\/www.revistarambla.com\/"},{"@type":"ListItem","position":2,"name":"Barcelona: contra la &#8216;Ley Wert&#8217; y los recortes en educaci\u00f3n"}]},{"@type":"WebSite","@id":"https:\/\/www.revistarambla.com\/#website","url":"https:\/\/www.revistarambla.com\/","name":"Revista Rambla Barcelona","description":"Periodismo independiente","publisher":{"@id":"https:\/\/www.revistarambla.com\/#organization"},"potentialAction":[{"@type":"SearchAction","target":{"@type":"EntryPoint","urlTemplate":"https:\/\/www.revistarambla.com\/?s={search_term_string}"},"query-input":{"@type":"PropertyValueSpecification","valueRequired":true,"valueName":"search_term_string"}}],"inLanguage":"en-GB"},{"@type":"Organization","@id":"https:\/\/www.revistarambla.com\/#organization","name":"Revista Rambla","url":"https:\/\/www.revistarambla.com\/","logo":{"@type":"ImageObject","inLanguage":"en-GB","@id":"https:\/\/www.revistarambla.com\/#\/schema\/logo\/image\/","url":"https:\/\/www.revistarambla.com\/wp-content\/uploads\/2020\/09\/banner_rambla_1900x600_BB.png","contentUrl":"https:\/\/www.revistarambla.com\/wp-content\/uploads\/2020\/09\/banner_rambla_1900x600_BB.png","width":1900,"height":600,"caption":"Revista Rambla"},"image":{"@id":"https:\/\/www.revistarambla.com\/#\/schema\/logo\/image\/"},"sameAs":["https:\/\/www.facebook.com\/revistarambla\/","https:\/\/x.com\/revistarambla","https:\/\/www.instagram.com\/revista_rambla","https:\/\/es.linkedin.com\/company\/revista-rambla"]},{"@type":"Person","@id":"https:\/\/www.revistarambla.com\/#\/schema\/person\/a146a5a2550b94981a75131180e1bd9c","name":"R@mbla","description":"Este art\u00edculo ha sido redactado y\/o validado por el equipo de redacci\u00f3n de Revista Rambla.","sameAs":["https:\/\/www.revistarambla.com\/","https:\/\/www.facebook.com\/revistarambla","https:\/\/x.com\/revistarambla"]}]}},"_links":{"self":[{"href":"https:\/\/www.revistarambla.com\/en\/wp-json\/wp\/v2\/posts\/4128","targetHints":{"allow":["GET"]}}],"collection":[{"href":"https:\/\/www.revistarambla.com\/en\/wp-json\/wp\/v2\/posts"}],"about":[{"href":"https:\/\/www.revistarambla.com\/en\/wp-json\/wp\/v2\/types\/post"}],"author":[{"embeddable":true,"href":"https:\/\/www.revistarambla.com\/en\/wp-json\/wp\/v2\/users\/3"}],"replies":[{"embeddable":true,"href":"https:\/\/www.revistarambla.com\/en\/wp-json\/wp\/v2\/comments?post=4128"}],"version-history":[{"count":2,"href":"https:\/\/www.revistarambla.com\/en\/wp-json\/wp\/v2\/posts\/4128\/revisions"}],"predecessor-version":[{"id":59946,"href":"https:\/\/www.revistarambla.com\/en\/wp-json\/wp\/v2\/posts\/4128\/revisions\/59946"}],"wp:featuredmedia":[{"embeddable":true,"href":"https:\/\/www.revistarambla.com\/en\/wp-json\/wp\/v2\/media\/4127"}],"wp:attachment":[{"href":"https:\/\/www.revistarambla.com\/en\/wp-json\/wp\/v2\/media?parent=4128"}],"wp:term":[{"taxonomy":"category","embeddable":true,"href":"https:\/\/www.revistarambla.com\/en\/wp-json\/wp\/v2\/categories?post=4128"},{"taxonomy":"post_tag","embeddable":true,"href":"https:\/\/www.revistarambla.com\/en\/wp-json\/wp\/v2\/tags?post=4128"}],"curies":[{"name":"wp","href":"https:\/\/api.w.org\/{rel}","templated":true}]}}