{"id":4124,"date":"2013-10-24T07:53:45","date_gmt":"2013-10-24T07:53:45","guid":{"rendered":"https:\/\/www.revistarambla.com\/la-querella-se-universaliza\/"},"modified":"2024-05-03T19:53:01","modified_gmt":"2024-05-03T17:53:01","slug":"la-querella-se-universaliza","status":"publish","type":"post","link":"https:\/\/www.revistarambla.com\/en\/la-querella-se-universaliza\/","title":{"rendered":"Franquismo: querella universal"},"content":{"rendered":"<p>El 20 de septiembre de 2013, la canciller\u00eda argentina instruy\u00f3 a todas las Representaciones argentinas en el exterior para que recibieran denuncias relativas a la llamada Querella Argentina contra el franquismo. Concretamente, para \u00abrecibir denuncias sobre la comisi\u00f3n de hechos de genocidio y\/o lesa humanidad, entre los que se cuentan torturas, asesinatos, desapariciones forzadas de personas, y sustracci\u00f3n de menores, cometidos en <a href=\"https:\/\/www.revistarambla.com\/en\/actualidad\/estado-espanol\/\">Espa\u00f1a<\/a> en el periodo comprendido entre el 17 de julio de 1936 y el 15 de junio de 1977, que habr\u00edan sido cometidos por grupos de oficiales militares alzados, la falange espa\u00f1ola y\/u otras organizaciones afines de apoyo a la insurrecci\u00f3n, las protocolicen y remitan al Juzgado N.\u00ba 1 de Buenos Aires, aplic\u00e1ndose a los denunciantes el beneficio de exenci\u00f3n de tasas consulares\u00bb.<\/p>\n<p>Presentar una denuncia se convierte as\u00ed en un tr\u00e1mite sencillo al que pueden sumarse todos aquellos cuyos familiares hayan sido objeto de los cr\u00edmenes, los hayan sufrido en forma directa o hayan sido testigos de su comisi\u00f3n. Basta con que se dirijan a cualquier consulado argentino en cualquier ciudad del mundo y e interpongan querella contra el franquismo.<\/p>\n<p>\u00abPor ello, desde la <a href=\"https:\/\/www.revistarambla.com\/en\/valoracion-de-ceaqua-ante-la-no-extradicion-de-gonzalez-pacheco-billy-el-nino\/\">CEAQUA<\/a> vamos a estar muy activos los pr\u00f3ximos meses, para dar a conocer esta posibilidad a los cientos de miles de afectados por el franquismo, invitando a todos los que deseen presentar una denuncia relativa a los hechos mencionados que se sumen a la Causa 4591\/10 con sus testimonios\u00bb, explican desde la entidad querellante.<\/p>","protected":false},"excerpt":{"rendered":"<p>Todos, en cualquier lugar del mundo, pueden sumar su denuncia a la querella argentina contra los cr\u00edmenes del franquismo<\/p>","protected":false},"author":3,"featured_media":4123,"comment_status":"open","ping_status":"open","sticky":false,"template":"","format":"standard","meta":{"footnotes":""},"categories":[58],"tags":[],"class_list":["post-4124","post","type-post","status-publish","format-standard","has-post-thumbnail","hentry","category-estado-espanol"],"yoast_head":"<!-- This site is optimized with the Yoast SEO plugin v27.5 - https:\/\/yoast.com\/product\/yoast-seo-wordpress\/ -->\n<title>Franquismo: querella universal - Revista Rambla<\/title>\n<meta name=\"description\" content=\"Anunciar la posibilidad a los cientos de miles de afectados de interponer una querella contra el franquismo por cr\u00edmenes contra la humanidad.\" \/>\n<meta name=\"robots\" content=\"index, follow, max-snippet:-1, max-image-preview:large, max-video-preview:-1\" \/>\n<link rel=\"canonical\" href=\"https:\/\/www.revistarambla.com\/en\/la-querella-se-universaliza\/\" \/>\n<meta property=\"og:locale\" content=\"en_GB\" \/>\n<meta property=\"og:type\" content=\"article\" \/>\n<meta property=\"og:title\" content=\"Franquismo: querella universal - Revista Rambla\" \/>\n<meta property=\"og:description\" content=\"Anunciar la posibilidad a los cientos de miles de afectados de interponer una querella contra el franquismo por cr\u00edmenes contra la humanidad.\" \/>\n<meta property=\"og:url\" content=\"https:\/\/www.revistarambla.com\/en\/la-querella-se-universaliza\/\" \/>\n<meta property=\"og:site_name\" content=\"Revista Rambla\" \/>\n<meta property=\"article:publisher\" content=\"https:\/\/www.facebook.com\/revistarambla\/\" \/>\n<meta property=\"article:author\" content=\"https:\/\/www.facebook.com\/revistarambla\" \/>\n<meta property=\"article:published_time\" content=\"2013-10-24T07:53:45+00:00\" \/>\n<meta property=\"article:modified_time\" content=\"2024-05-03T17:53:01+00:00\" \/>\n<meta property=\"og:image\" content=\"https:\/\/www.revistarambla.com\/wp-content\/uploads\/2013\/10\/franquismo_rambla_02.jpg\" \/>\n\t<meta property=\"og:image:width\" content=\"700\" \/>\n\t<meta property=\"og:image:height\" content=\"510\" \/>\n\t<meta property=\"og:image:type\" content=\"image\/jpeg\" \/>\n<meta name=\"author\" content=\"R@mbla\" \/>\n<meta name=\"twitter:card\" content=\"summary_large_image\" \/>\n<meta name=\"twitter:creator\" content=\"@revistarambla\" \/>\n<meta name=\"twitter:site\" content=\"@revistarambla\" \/>\n<meta name=\"twitter:label1\" content=\"Written by\" \/>\n\t<meta name=\"twitter:data1\" content=\"R@mbla\" \/>\n\t<meta name=\"twitter:label2\" content=\"Estimated reading time\" \/>\n\t<meta name=\"twitter:data2\" content=\"2 minutes\" \/>\n<script type=\"application\/ld+json\" class=\"yoast-schema-graph\">{\"@context\":\"https:\\\/\\\/schema.org\",\"@graph\":[{\"@type\":\"Article\",\"@id\":\"https:\\\/\\\/www.revistarambla.com\\\/la-querella-se-universaliza\\\/#article\",\"isPartOf\":{\"@id\":\"https:\\\/\\\/www.revistarambla.com\\\/la-querella-se-universaliza\\\/\"},\"author\":{\"name\":\"R@mbla\",\"@id\":\"https:\\\/\\\/www.revistarambla.com\\\/#\\\/schema\\\/person\\\/a146a5a2550b94981a75131180e1bd9c\"},\"headline\":\"Franquismo: querella universal\",\"datePublished\":\"2013-10-24T07:53:45+00:00\",\"dateModified\":\"2024-05-03T17:53:01+00:00\",\"mainEntityOfPage\":{\"@id\":\"https:\\\/\\\/www.revistarambla.com\\\/la-querella-se-universaliza\\\/\"},\"wordCount\":251,\"commentCount\":0,\"publisher\":{\"@id\":\"https:\\\/\\\/www.revistarambla.com\\\/#organization\"},\"image\":{\"@id\":\"https:\\\/\\\/www.revistarambla.com\\\/la-querella-se-universaliza\\\/#primaryimage\"},\"thumbnailUrl\":\"https:\\\/\\\/www.revistarambla.com\\\/wp-content\\\/uploads\\\/2013\\\/10\\\/franquismo_rambla_02.jpg\",\"articleSection\":[\"Estado Espa\u00f1ol\"],\"inLanguage\":\"en-GB\",\"potentialAction\":[{\"@type\":\"CommentAction\",\"name\":\"Comment\",\"target\":[\"https:\\\/\\\/www.revistarambla.com\\\/la-querella-se-universaliza\\\/#respond\"]}]},{\"@type\":\"WebPage\",\"@id\":\"https:\\\/\\\/www.revistarambla.com\\\/la-querella-se-universaliza\\\/\",\"url\":\"https:\\\/\\\/www.revistarambla.com\\\/la-querella-se-universaliza\\\/\",\"name\":\"Franquismo: querella universal - Revista Rambla\",\"isPartOf\":{\"@id\":\"https:\\\/\\\/www.revistarambla.com\\\/#website\"},\"primaryImageOfPage\":{\"@id\":\"https:\\\/\\\/www.revistarambla.com\\\/la-querella-se-universaliza\\\/#primaryimage\"},\"image\":{\"@id\":\"https:\\\/\\\/www.revistarambla.com\\\/la-querella-se-universaliza\\\/#primaryimage\"},\"thumbnailUrl\":\"https:\\\/\\\/www.revistarambla.com\\\/wp-content\\\/uploads\\\/2013\\\/10\\\/franquismo_rambla_02.jpg\",\"datePublished\":\"2013-10-24T07:53:45+00:00\",\"dateModified\":\"2024-05-03T17:53:01+00:00\",\"description\":\"Anunciar la posibilidad a los cientos de miles de afectados de interponer una querella contra el franquismo por cr\u00edmenes contra la humanidad.\",\"breadcrumb\":{\"@id\":\"https:\\\/\\\/www.revistarambla.com\\\/la-querella-se-universaliza\\\/#breadcrumb\"},\"inLanguage\":\"en-GB\",\"potentialAction\":[{\"@type\":\"ReadAction\",\"target\":[\"https:\\\/\\\/www.revistarambla.com\\\/la-querella-se-universaliza\\\/\"]}]},{\"@type\":\"ImageObject\",\"inLanguage\":\"en-GB\",\"@id\":\"https:\\\/\\\/www.revistarambla.com\\\/la-querella-se-universaliza\\\/#primaryimage\",\"url\":\"https:\\\/\\\/www.revistarambla.com\\\/wp-content\\\/uploads\\\/2013\\\/10\\\/franquismo_rambla_02.jpg\",\"contentUrl\":\"https:\\\/\\\/www.revistarambla.com\\\/wp-content\\\/uploads\\\/2013\\\/10\\\/franquismo_rambla_02.jpg\",\"width\":700,\"height\":510,\"caption\":\"franquismo querella campo concentraci\u00f3n represaliados prisioneros\"},{\"@type\":\"BreadcrumbList\",\"@id\":\"https:\\\/\\\/www.revistarambla.com\\\/la-querella-se-universaliza\\\/#breadcrumb\",\"itemListElement\":[{\"@type\":\"ListItem\",\"position\":1,\"name\":\"Portada\",\"item\":\"https:\\\/\\\/www.revistarambla.com\\\/\"},{\"@type\":\"ListItem\",\"position\":2,\"name\":\"Franquismo: querella universal\"}]},{\"@type\":\"WebSite\",\"@id\":\"https:\\\/\\\/www.revistarambla.com\\\/#website\",\"url\":\"https:\\\/\\\/www.revistarambla.com\\\/\",\"name\":\"Revista Rambla Barcelona\",\"description\":\"Periodismo independiente\",\"publisher\":{\"@id\":\"https:\\\/\\\/www.revistarambla.com\\\/#organization\"},\"potentialAction\":[{\"@type\":\"SearchAction\",\"target\":{\"@type\":\"EntryPoint\",\"urlTemplate\":\"https:\\\/\\\/www.revistarambla.com\\\/?s={search_term_string}\"},\"query-input\":{\"@type\":\"PropertyValueSpecification\",\"valueRequired\":true,\"valueName\":\"search_term_string\"}}],\"inLanguage\":\"en-GB\"},{\"@type\":\"Organization\",\"@id\":\"https:\\\/\\\/www.revistarambla.com\\\/#organization\",\"name\":\"Revista Rambla\",\"url\":\"https:\\\/\\\/www.revistarambla.com\\\/\",\"logo\":{\"@type\":\"ImageObject\",\"inLanguage\":\"en-GB\",\"@id\":\"https:\\\/\\\/www.revistarambla.com\\\/#\\\/schema\\\/logo\\\/image\\\/\",\"url\":\"https:\\\/\\\/www.revistarambla.com\\\/wp-content\\\/uploads\\\/2020\\\/09\\\/banner_rambla_1900x600_BB.png\",\"contentUrl\":\"https:\\\/\\\/www.revistarambla.com\\\/wp-content\\\/uploads\\\/2020\\\/09\\\/banner_rambla_1900x600_BB.png\",\"width\":1900,\"height\":600,\"caption\":\"Revista Rambla\"},\"image\":{\"@id\":\"https:\\\/\\\/www.revistarambla.com\\\/#\\\/schema\\\/logo\\\/image\\\/\"},\"sameAs\":[\"https:\\\/\\\/www.facebook.com\\\/revistarambla\\\/\",\"https:\\\/\\\/x.com\\\/revistarambla\",\"https:\\\/\\\/www.instagram.com\\\/revista_rambla\",\"https:\\\/\\\/es.linkedin.com\\\/company\\\/revista-rambla\"]},{\"@type\":\"Person\",\"@id\":\"https:\\\/\\\/www.revistarambla.com\\\/#\\\/schema\\\/person\\\/a146a5a2550b94981a75131180e1bd9c\",\"name\":\"R@mbla\",\"description\":\"Este art\u00edculo ha sido redactado y\\\/o validado por el equipo de redacci\u00f3n de Revista Rambla.\",\"sameAs\":[\"https:\\\/\\\/www.revistarambla.com\\\/\",\"https:\\\/\\\/www.facebook.com\\\/revistarambla\",\"https:\\\/\\\/x.com\\\/revistarambla\"]}]}<\/script>\n<!-- \/ Yoast SEO plugin. -->","yoast_head_json":{"title":"Franquismo: querella universal - Revista Rambla","description":"Anunciar la posibilidad a los cientos de miles de afectados de interponer una querella contra el franquismo por cr\u00edmenes contra la humanidad.","robots":{"index":"index","follow":"follow","max-snippet":"max-snippet:-1","max-image-preview":"max-image-preview:large","max-video-preview":"max-video-preview:-1"},"canonical":"https:\/\/www.revistarambla.com\/en\/la-querella-se-universaliza\/","og_locale":"en_GB","og_type":"article","og_title":"Franquismo: querella universal - Revista Rambla","og_description":"Anunciar la posibilidad a los cientos de miles de afectados de interponer una querella contra el franquismo por cr\u00edmenes contra la humanidad.","og_url":"https:\/\/www.revistarambla.com\/en\/la-querella-se-universaliza\/","og_site_name":"Revista Rambla","article_publisher":"https:\/\/www.facebook.com\/revistarambla\/","article_author":"https:\/\/www.facebook.com\/revistarambla","article_published_time":"2013-10-24T07:53:45+00:00","article_modified_time":"2024-05-03T17:53:01+00:00","og_image":[{"width":700,"height":510,"url":"https:\/\/www.revistarambla.com\/wp-content\/uploads\/2013\/10\/franquismo_rambla_02.jpg","type":"image\/jpeg"}],"author":"R@mbla","twitter_card":"summary_large_image","twitter_creator":"@revistarambla","twitter_site":"@revistarambla","twitter_misc":{"Written by":"R@mbla","Estimated reading time":"2 minutes"},"schema":{"@context":"https:\/\/schema.org","@graph":[{"@type":"Article","@id":"https:\/\/www.revistarambla.com\/la-querella-se-universaliza\/#article","isPartOf":{"@id":"https:\/\/www.revistarambla.com\/la-querella-se-universaliza\/"},"author":{"name":"R@mbla","@id":"https:\/\/www.revistarambla.com\/#\/schema\/person\/a146a5a2550b94981a75131180e1bd9c"},"headline":"Franquismo: querella universal","datePublished":"2013-10-24T07:53:45+00:00","dateModified":"2024-05-03T17:53:01+00:00","mainEntityOfPage":{"@id":"https:\/\/www.revistarambla.com\/la-querella-se-universaliza\/"},"wordCount":251,"commentCount":0,"publisher":{"@id":"https:\/\/www.revistarambla.com\/#organization"},"image":{"@id":"https:\/\/www.revistarambla.com\/la-querella-se-universaliza\/#primaryimage"},"thumbnailUrl":"https:\/\/www.revistarambla.com\/wp-content\/uploads\/2013\/10\/franquismo_rambla_02.jpg","articleSection":["Estado Espa\u00f1ol"],"inLanguage":"en-GB","potentialAction":[{"@type":"CommentAction","name":"Comment","target":["https:\/\/www.revistarambla.com\/la-querella-se-universaliza\/#respond"]}]},{"@type":"WebPage","@id":"https:\/\/www.revistarambla.com\/la-querella-se-universaliza\/","url":"https:\/\/www.revistarambla.com\/la-querella-se-universaliza\/","name":"Franquismo: querella universal - Revista Rambla","isPartOf":{"@id":"https:\/\/www.revistarambla.com\/#website"},"primaryImageOfPage":{"@id":"https:\/\/www.revistarambla.com\/la-querella-se-universaliza\/#primaryimage"},"image":{"@id":"https:\/\/www.revistarambla.com\/la-querella-se-universaliza\/#primaryimage"},"thumbnailUrl":"https:\/\/www.revistarambla.com\/wp-content\/uploads\/2013\/10\/franquismo_rambla_02.jpg","datePublished":"2013-10-24T07:53:45+00:00","dateModified":"2024-05-03T17:53:01+00:00","description":"Anunciar la posibilidad a los cientos de miles de afectados de interponer una querella contra el franquismo por cr\u00edmenes contra la humanidad.","breadcrumb":{"@id":"https:\/\/www.revistarambla.com\/la-querella-se-universaliza\/#breadcrumb"},"inLanguage":"en-GB","potentialAction":[{"@type":"ReadAction","target":["https:\/\/www.revistarambla.com\/la-querella-se-universaliza\/"]}]},{"@type":"ImageObject","inLanguage":"en-GB","@id":"https:\/\/www.revistarambla.com\/la-querella-se-universaliza\/#primaryimage","url":"https:\/\/www.revistarambla.com\/wp-content\/uploads\/2013\/10\/franquismo_rambla_02.jpg","contentUrl":"https:\/\/www.revistarambla.com\/wp-content\/uploads\/2013\/10\/franquismo_rambla_02.jpg","width":700,"height":510,"caption":"franquismo querella campo concentraci\u00f3n represaliados prisioneros"},{"@type":"BreadcrumbList","@id":"https:\/\/www.revistarambla.com\/la-querella-se-universaliza\/#breadcrumb","itemListElement":[{"@type":"ListItem","position":1,"name":"Portada","item":"https:\/\/www.revistarambla.com\/"},{"@type":"ListItem","position":2,"name":"Franquismo: querella universal"}]},{"@type":"WebSite","@id":"https:\/\/www.revistarambla.com\/#website","url":"https:\/\/www.revistarambla.com\/","name":"Revista Rambla Barcelona","description":"Periodismo independiente","publisher":{"@id":"https:\/\/www.revistarambla.com\/#organization"},"potentialAction":[{"@type":"SearchAction","target":{"@type":"EntryPoint","urlTemplate":"https:\/\/www.revistarambla.com\/?s={search_term_string}"},"query-input":{"@type":"PropertyValueSpecification","valueRequired":true,"valueName":"search_term_string"}}],"inLanguage":"en-GB"},{"@type":"Organization","@id":"https:\/\/www.revistarambla.com\/#organization","name":"Revista Rambla","url":"https:\/\/www.revistarambla.com\/","logo":{"@type":"ImageObject","inLanguage":"en-GB","@id":"https:\/\/www.revistarambla.com\/#\/schema\/logo\/image\/","url":"https:\/\/www.revistarambla.com\/wp-content\/uploads\/2020\/09\/banner_rambla_1900x600_BB.png","contentUrl":"https:\/\/www.revistarambla.com\/wp-content\/uploads\/2020\/09\/banner_rambla_1900x600_BB.png","width":1900,"height":600,"caption":"Revista Rambla"},"image":{"@id":"https:\/\/www.revistarambla.com\/#\/schema\/logo\/image\/"},"sameAs":["https:\/\/www.facebook.com\/revistarambla\/","https:\/\/x.com\/revistarambla","https:\/\/www.instagram.com\/revista_rambla","https:\/\/es.linkedin.com\/company\/revista-rambla"]},{"@type":"Person","@id":"https:\/\/www.revistarambla.com\/#\/schema\/person\/a146a5a2550b94981a75131180e1bd9c","name":"R@mbla","description":"Este art\u00edculo ha sido redactado y\/o validado por el equipo de redacci\u00f3n de Revista Rambla.","sameAs":["https:\/\/www.revistarambla.com\/","https:\/\/www.facebook.com\/revistarambla","https:\/\/x.com\/revistarambla"]}]}},"_links":{"self":[{"href":"https:\/\/www.revistarambla.com\/en\/wp-json\/wp\/v2\/posts\/4124","targetHints":{"allow":["GET"]}}],"collection":[{"href":"https:\/\/www.revistarambla.com\/en\/wp-json\/wp\/v2\/posts"}],"about":[{"href":"https:\/\/www.revistarambla.com\/en\/wp-json\/wp\/v2\/types\/post"}],"author":[{"embeddable":true,"href":"https:\/\/www.revistarambla.com\/en\/wp-json\/wp\/v2\/users\/3"}],"replies":[{"embeddable":true,"href":"https:\/\/www.revistarambla.com\/en\/wp-json\/wp\/v2\/comments?post=4124"}],"version-history":[{"count":2,"href":"https:\/\/www.revistarambla.com\/en\/wp-json\/wp\/v2\/posts\/4124\/revisions"}],"predecessor-version":[{"id":59930,"href":"https:\/\/www.revistarambla.com\/en\/wp-json\/wp\/v2\/posts\/4124\/revisions\/59930"}],"wp:featuredmedia":[{"embeddable":true,"href":"https:\/\/www.revistarambla.com\/en\/wp-json\/wp\/v2\/media\/4123"}],"wp:attachment":[{"href":"https:\/\/www.revistarambla.com\/en\/wp-json\/wp\/v2\/media?parent=4124"}],"wp:term":[{"taxonomy":"category","embeddable":true,"href":"https:\/\/www.revistarambla.com\/en\/wp-json\/wp\/v2\/categories?post=4124"},{"taxonomy":"post_tag","embeddable":true,"href":"https:\/\/www.revistarambla.com\/en\/wp-json\/wp\/v2\/tags?post=4124"}],"curies":[{"name":"wp","href":"https:\/\/api.w.org\/{rel}","templated":true}]}}