{"id":4116,"date":"2013-10-23T14:06:05","date_gmt":"2013-10-23T14:06:05","guid":{"rendered":"https:\/\/www.revistarambla.com\/barcelona-negra\/"},"modified":"2024-05-03T19:41:42","modified_gmt":"2024-05-03T17:41:42","slug":"barcelona-negra","status":"publish","type":"post","link":"https:\/\/www.revistarambla.com\/en\/barcelona-negra\/","title":{"rendered":"Barcelona Negra"},"content":{"rendered":"<p>Barcelona Negra es una antolog\u00eda de catorce relatos policiales de otros tantos autores que tienen como escenario los barrios de <a href=\"https:\/\/www.revistarambla.com\/en\/actualidad\/barcelona\/\">Barcelona<\/a>. Publicada originalmente en ingl\u00e9s por la editorial Akashikc Books, la edici\u00f3n en castellano corre a cargo de la editorial Edhasa, con Adriana V. L\u00f3pez y Carmen Ospina como encargadas de dicha edici\u00f3n. Este es el primer volumen de una colecci\u00f3n de <a href=\"https:\/\/www.revistarambla.com\/en\/cultura\/libros\/\">libros<\/a> que estar\u00e1 dedicada a deambular por los territorios m\u00e1s s\u00f3rdidos y criminales de otras capitales del mundo, de la mano de los autores del g\u00e9nero de cada ciudad elegida.<\/p>\n<p>La historia, las tem\u00e1ticas cl\u00e1sicas del g\u00e9nero como las drogas, el asesinato, la <a href=\"https:\/\/www.revistarambla.com\/en\/prostitution\/\">prostituci\u00f3n<\/a> y la corrupci\u00f3n de toda \u00edndole, se mezclan con los problemas surgidos de la crisis del capitalismo salvaje que estamos viviendo, con la <a href=\"https:\/\/www.revistarambla.com\/en\/actualidad\/global\/\">globalizaci\u00f3n<\/a>, la inmigraci\u00f3n, los choques culturales y los cambios sociales debidos al retroceso en los derechos civiles y conquistas sociales. Pero sin faltar los relatos de alto contenido er\u00f3tico, surrealistas o incluso fant\u00e1sticos, menos comunes en el g\u00e9nero. Una cosa interesante es que algunos de los autores no proceden del relato negro, por lo que las formas narrativas y las miradas sobre la ciudad son diferentes.<\/p>\n<h2>Barcelona Negra: autores<\/h2>\n<p>El maestro Andreu Mart\u00edn nos presenta un relato hist\u00f3rico basado en un hecho real que nos lleva a la zona del barrio del Poblenou, hoy conocida como Villa Ol\u00edmpica. \u201cLey de fugas\u201d nos remite a esa treta \u201clegal\u201d que encubr\u00eda las ejecuciones extrajudiciales y que Eduardo Dato, como Presidente del Consejo de Ministros, firm\u00f3 en enero de 1921. Un a\u00f1o despu\u00e9s transcurre la historia de Mart\u00edn, en la Barcelona del pistolerismo, donde un taxista se ver\u00e1 involucrado en una acci\u00f3n armada con tr\u00e1gicas consecuencias. En \u201cLa ofrenda\u201d, de Teresa Solana, nos trasladamos el barrio de Sant Antoni, y m\u00e1s concretamente al Hospital Cl\u00ednic. Un m\u00e9dico forense recibe un lac\u00f3nico mensaje en su correo electr\u00f3nico donde una compa\u00f1era de trabajo, a la que apenas ha tratado, le pide que sea \u00e9l, y no otro, quien le haga la autopsia\u2026 Un estupendo relato con tintes macabros que nos habla de la belleza, pero de una extra\u00f1a belleza interior que es capaz de enloquecer al que la mira. Cristina Fallar\u00e1s nos lleva al luchador <a href=\"https:\/\/www.revistarambla.com\/en\/en-nou-barris-somos-como-el-hierro-nos-podran-por-la-fuerza-pero-no-por-la-fuerza-de-la-razon-que-la-tenemos-nosotros\/\">Nou Barris<\/a> con su \u201cHistoria de una cicatriz\u201d, donde una detective embarazada busca la mano cercenada de un guitarrista roquero. En la presentaci\u00f3n que se hizo en librer\u00eda Negra y Criminal, Cristina nos cont\u00f3 que este cuento, escrito en 2009, es el germen de su premiada novela \u201cLas ni\u00f1as perdidas\u201d. \u201cHoy -nos dijo- lo escribir\u00eda con m\u00e1s rabia, con la rabia que atesoro, alimento y riego cada noche. Este relato parece violento y no tiene nada de violencia. Es literatura y tiene la frivolidad de la literatura que cre\u00edmos, entonces, que era social\u201d.<\/p>\n<p><img decoding=\"async\" class=\"aligncenter wp-image-4115 size-full\" src=\"https:\/\/www.revistarambla.com\/wp-content\/uploads\/2013\/10\/negra_revistarambla_03 copia.jpg\" alt=\"Barcelona Negra\" width=\"695\" height=\"403\" srcset=\"https:\/\/www.revistarambla.com\/wp-content\/uploads\/2013\/10\/negra_revistarambla_03%20copia.jpg 695w, https:\/\/www.revistarambla.com\/wp-content\/uploads\/2013\/10\/negra_revistarambla_03%20copia-300x174.jpg 300w, https:\/\/www.revistarambla.com\/wp-content\/uploads\/2013\/10\/negra_revistarambla_03%20copia-500x290.jpg 500w\" sizes=\"(max-width: 695px) 100vw, 695px\" \/><\/p>\n<p>El volumen se completa con relatos de Ra\u00fal Argem\u00ed, David Barba, Lolita Bosch, Antonia Cortijos, Isabel Franc, Valerie Miles, Imma Mons\u00f3, Santiago Roncagliolo, Jordi Sierra i Fabra, Eric Taylor-Arag\u00f3n y dejo para el final al admirado <a href=\"https:\/\/www.revistarambla.com\/en\/alberto-valle-palop-homenaje-los-escritores-cimentaron-la-literatura-popular\/\">Silver Kane<\/a>, que ahora se esconde tras el nombre de Francisco Gonz\u00e1lez Ledesma, al que deseamos fuerza y salud para seguir impartiendo su magisterio.<\/p>","protected":false},"excerpt":{"rendered":"<p>Barcelona Negra es una antolog\u00eda de catorce relatos policiales de otros tantos autores que tienen como escenario los barrios de Barcelona. Publicada originalmente en ingl\u00e9s por la editorial Akashikc Books, la edici\u00f3n en castellano corre a cargo de la editorial Edhasa, con Adriana V. L\u00f3pez y Carmen Ospina como encargadas [&hellip;]<\/p>\n","protected":false},"author":3,"featured_media":4114,"comment_status":"open","ping_status":"open","sticky":false,"template":"","format":"standard","meta":{"footnotes":""},"categories":[60],"tags":[],"class_list":["post-4116","post","type-post","status-publish","format-standard","has-post-thumbnail","hentry","category-libros"],"yoast_head":"<!-- This site is optimized with the Yoast SEO plugin v27.5 - https:\/\/yoast.com\/product\/yoast-seo-wordpress\/ -->\n<title>Barcelona Negra - Revista Rambla<\/title>\n<meta name=\"description\" content=\"Barcelona Negra es una antolog\u00eda de catorce relatos policiales de otros tantos autores que tienen como escenario los barrios de Barcelona.\" \/>\n<meta name=\"robots\" content=\"index, follow, max-snippet:-1, max-image-preview:large, max-video-preview:-1\" \/>\n<link rel=\"canonical\" href=\"https:\/\/www.revistarambla.com\/en\/barcelona-negra\/\" \/>\n<meta property=\"og:locale\" content=\"en_GB\" \/>\n<meta property=\"og:type\" content=\"article\" \/>\n<meta property=\"og:title\" content=\"Barcelona Negra - Revista Rambla\" \/>\n<meta property=\"og:description\" content=\"Barcelona Negra es una antolog\u00eda de catorce relatos policiales de otros tantos autores que tienen como escenario los barrios de Barcelona.\" \/>\n<meta property=\"og:url\" content=\"https:\/\/www.revistarambla.com\/en\/barcelona-negra\/\" \/>\n<meta property=\"og:site_name\" content=\"Revista Rambla\" \/>\n<meta property=\"article:publisher\" content=\"https:\/\/www.facebook.com\/revistarambla\/\" \/>\n<meta property=\"article:author\" content=\"https:\/\/www.facebook.com\/revistarambla\" \/>\n<meta property=\"article:published_time\" content=\"2013-10-23T14:06:05+00:00\" \/>\n<meta property=\"article:modified_time\" content=\"2024-05-03T17:41:42+00:00\" \/>\n<meta property=\"og:image\" content=\"https:\/\/www.revistarambla.com\/wp-content\/uploads\/2013\/10\/negra_revistarambla_02.jpg\" \/>\n\t<meta property=\"og:image:width\" content=\"700\" \/>\n\t<meta property=\"og:image:height\" content=\"386\" \/>\n\t<meta property=\"og:image:type\" content=\"image\/jpeg\" \/>\n<meta name=\"author\" content=\"R@mbla\" \/>\n<meta name=\"twitter:card\" content=\"summary_large_image\" \/>\n<meta name=\"twitter:creator\" content=\"@revistarambla\" \/>\n<meta name=\"twitter:site\" content=\"@revistarambla\" \/>\n<meta name=\"twitter:label1\" content=\"Written by\" \/>\n\t<meta name=\"twitter:data1\" content=\"R@mbla\" \/>\n\t<meta name=\"twitter:label2\" content=\"Estimated reading time\" \/>\n\t<meta name=\"twitter:data2\" content=\"3 minutes\" \/>\n<script type=\"application\/ld+json\" class=\"yoast-schema-graph\">{\"@context\":\"https:\\\/\\\/schema.org\",\"@graph\":[{\"@type\":\"Article\",\"@id\":\"https:\\\/\\\/www.revistarambla.com\\\/barcelona-negra\\\/#article\",\"isPartOf\":{\"@id\":\"https:\\\/\\\/www.revistarambla.com\\\/barcelona-negra\\\/\"},\"author\":{\"name\":\"R@mbla\",\"@id\":\"https:\\\/\\\/www.revistarambla.com\\\/#\\\/schema\\\/person\\\/a146a5a2550b94981a75131180e1bd9c\"},\"headline\":\"Barcelona Negra\",\"datePublished\":\"2013-10-23T14:06:05+00:00\",\"dateModified\":\"2024-05-03T17:41:42+00:00\",\"mainEntityOfPage\":{\"@id\":\"https:\\\/\\\/www.revistarambla.com\\\/barcelona-negra\\\/\"},\"wordCount\":567,\"commentCount\":0,\"publisher\":{\"@id\":\"https:\\\/\\\/www.revistarambla.com\\\/#organization\"},\"image\":{\"@id\":\"https:\\\/\\\/www.revistarambla.com\\\/barcelona-negra\\\/#primaryimage\"},\"thumbnailUrl\":\"https:\\\/\\\/www.revistarambla.com\\\/wp-content\\\/uploads\\\/2013\\\/10\\\/negra_revistarambla_02.jpg\",\"articleSection\":[\"Libros\"],\"inLanguage\":\"en-GB\",\"potentialAction\":[{\"@type\":\"CommentAction\",\"name\":\"Comment\",\"target\":[\"https:\\\/\\\/www.revistarambla.com\\\/barcelona-negra\\\/#respond\"]}]},{\"@type\":\"WebPage\",\"@id\":\"https:\\\/\\\/www.revistarambla.com\\\/barcelona-negra\\\/\",\"url\":\"https:\\\/\\\/www.revistarambla.com\\\/barcelona-negra\\\/\",\"name\":\"Barcelona Negra - Revista Rambla\",\"isPartOf\":{\"@id\":\"https:\\\/\\\/www.revistarambla.com\\\/#website\"},\"primaryImageOfPage\":{\"@id\":\"https:\\\/\\\/www.revistarambla.com\\\/barcelona-negra\\\/#primaryimage\"},\"image\":{\"@id\":\"https:\\\/\\\/www.revistarambla.com\\\/barcelona-negra\\\/#primaryimage\"},\"thumbnailUrl\":\"https:\\\/\\\/www.revistarambla.com\\\/wp-content\\\/uploads\\\/2013\\\/10\\\/negra_revistarambla_02.jpg\",\"datePublished\":\"2013-10-23T14:06:05+00:00\",\"dateModified\":\"2024-05-03T17:41:42+00:00\",\"description\":\"Barcelona Negra es una antolog\u00eda de catorce relatos policiales de otros tantos autores que tienen como escenario los barrios de Barcelona.\",\"breadcrumb\":{\"@id\":\"https:\\\/\\\/www.revistarambla.com\\\/barcelona-negra\\\/#breadcrumb\"},\"inLanguage\":\"en-GB\",\"potentialAction\":[{\"@type\":\"ReadAction\",\"target\":[\"https:\\\/\\\/www.revistarambla.com\\\/barcelona-negra\\\/\"]}]},{\"@type\":\"ImageObject\",\"inLanguage\":\"en-GB\",\"@id\":\"https:\\\/\\\/www.revistarambla.com\\\/barcelona-negra\\\/#primaryimage\",\"url\":\"https:\\\/\\\/www.revistarambla.com\\\/wp-content\\\/uploads\\\/2013\\\/10\\\/negra_revistarambla_02.jpg\",\"contentUrl\":\"https:\\\/\\\/www.revistarambla.com\\\/wp-content\\\/uploads\\\/2013\\\/10\\\/negra_revistarambla_02.jpg\",\"width\":700,\"height\":386,\"caption\":\"Barcelona Negra\"},{\"@type\":\"BreadcrumbList\",\"@id\":\"https:\\\/\\\/www.revistarambla.com\\\/barcelona-negra\\\/#breadcrumb\",\"itemListElement\":[{\"@type\":\"ListItem\",\"position\":1,\"name\":\"Portada\",\"item\":\"https:\\\/\\\/www.revistarambla.com\\\/\"},{\"@type\":\"ListItem\",\"position\":2,\"name\":\"Barcelona Negra\"}]},{\"@type\":\"WebSite\",\"@id\":\"https:\\\/\\\/www.revistarambla.com\\\/#website\",\"url\":\"https:\\\/\\\/www.revistarambla.com\\\/\",\"name\":\"Revista Rambla Barcelona\",\"description\":\"Periodismo independiente\",\"publisher\":{\"@id\":\"https:\\\/\\\/www.revistarambla.com\\\/#organization\"},\"potentialAction\":[{\"@type\":\"SearchAction\",\"target\":{\"@type\":\"EntryPoint\",\"urlTemplate\":\"https:\\\/\\\/www.revistarambla.com\\\/?s={search_term_string}\"},\"query-input\":{\"@type\":\"PropertyValueSpecification\",\"valueRequired\":true,\"valueName\":\"search_term_string\"}}],\"inLanguage\":\"en-GB\"},{\"@type\":\"Organization\",\"@id\":\"https:\\\/\\\/www.revistarambla.com\\\/#organization\",\"name\":\"Revista Rambla\",\"url\":\"https:\\\/\\\/www.revistarambla.com\\\/\",\"logo\":{\"@type\":\"ImageObject\",\"inLanguage\":\"en-GB\",\"@id\":\"https:\\\/\\\/www.revistarambla.com\\\/#\\\/schema\\\/logo\\\/image\\\/\",\"url\":\"https:\\\/\\\/www.revistarambla.com\\\/wp-content\\\/uploads\\\/2020\\\/09\\\/banner_rambla_1900x600_BB.png\",\"contentUrl\":\"https:\\\/\\\/www.revistarambla.com\\\/wp-content\\\/uploads\\\/2020\\\/09\\\/banner_rambla_1900x600_BB.png\",\"width\":1900,\"height\":600,\"caption\":\"Revista Rambla\"},\"image\":{\"@id\":\"https:\\\/\\\/www.revistarambla.com\\\/#\\\/schema\\\/logo\\\/image\\\/\"},\"sameAs\":[\"https:\\\/\\\/www.facebook.com\\\/revistarambla\\\/\",\"https:\\\/\\\/x.com\\\/revistarambla\",\"https:\\\/\\\/www.instagram.com\\\/revista_rambla\",\"https:\\\/\\\/es.linkedin.com\\\/company\\\/revista-rambla\"]},{\"@type\":\"Person\",\"@id\":\"https:\\\/\\\/www.revistarambla.com\\\/#\\\/schema\\\/person\\\/a146a5a2550b94981a75131180e1bd9c\",\"name\":\"R@mbla\",\"description\":\"Este art\u00edculo ha sido redactado y\\\/o validado por el equipo de redacci\u00f3n de Revista Rambla.\",\"sameAs\":[\"https:\\\/\\\/www.revistarambla.com\\\/\",\"https:\\\/\\\/www.facebook.com\\\/revistarambla\",\"https:\\\/\\\/x.com\\\/revistarambla\"]}]}<\/script>\n<!-- \/ Yoast SEO plugin. -->","yoast_head_json":{"title":"Barcelona Negra - Revista Rambla","description":"Barcelona Negra es una antolog\u00eda de catorce relatos policiales de otros tantos autores que tienen como escenario los barrios de Barcelona.","robots":{"index":"index","follow":"follow","max-snippet":"max-snippet:-1","max-image-preview":"max-image-preview:large","max-video-preview":"max-video-preview:-1"},"canonical":"https:\/\/www.revistarambla.com\/en\/barcelona-negra\/","og_locale":"en_GB","og_type":"article","og_title":"Barcelona Negra - Revista Rambla","og_description":"Barcelona Negra es una antolog\u00eda de catorce relatos policiales de otros tantos autores que tienen como escenario los barrios de Barcelona.","og_url":"https:\/\/www.revistarambla.com\/en\/barcelona-negra\/","og_site_name":"Revista Rambla","article_publisher":"https:\/\/www.facebook.com\/revistarambla\/","article_author":"https:\/\/www.facebook.com\/revistarambla","article_published_time":"2013-10-23T14:06:05+00:00","article_modified_time":"2024-05-03T17:41:42+00:00","og_image":[{"width":700,"height":386,"url":"https:\/\/www.revistarambla.com\/wp-content\/uploads\/2013\/10\/negra_revistarambla_02.jpg","type":"image\/jpeg"}],"author":"R@mbla","twitter_card":"summary_large_image","twitter_creator":"@revistarambla","twitter_site":"@revistarambla","twitter_misc":{"Written by":"R@mbla","Estimated reading time":"3 minutes"},"schema":{"@context":"https:\/\/schema.org","@graph":[{"@type":"Article","@id":"https:\/\/www.revistarambla.com\/barcelona-negra\/#article","isPartOf":{"@id":"https:\/\/www.revistarambla.com\/barcelona-negra\/"},"author":{"name":"R@mbla","@id":"https:\/\/www.revistarambla.com\/#\/schema\/person\/a146a5a2550b94981a75131180e1bd9c"},"headline":"Barcelona Negra","datePublished":"2013-10-23T14:06:05+00:00","dateModified":"2024-05-03T17:41:42+00:00","mainEntityOfPage":{"@id":"https:\/\/www.revistarambla.com\/barcelona-negra\/"},"wordCount":567,"commentCount":0,"publisher":{"@id":"https:\/\/www.revistarambla.com\/#organization"},"image":{"@id":"https:\/\/www.revistarambla.com\/barcelona-negra\/#primaryimage"},"thumbnailUrl":"https:\/\/www.revistarambla.com\/wp-content\/uploads\/2013\/10\/negra_revistarambla_02.jpg","articleSection":["Libros"],"inLanguage":"en-GB","potentialAction":[{"@type":"CommentAction","name":"Comment","target":["https:\/\/www.revistarambla.com\/barcelona-negra\/#respond"]}]},{"@type":"WebPage","@id":"https:\/\/www.revistarambla.com\/barcelona-negra\/","url":"https:\/\/www.revistarambla.com\/barcelona-negra\/","name":"Barcelona Negra - Revista Rambla","isPartOf":{"@id":"https:\/\/www.revistarambla.com\/#website"},"primaryImageOfPage":{"@id":"https:\/\/www.revistarambla.com\/barcelona-negra\/#primaryimage"},"image":{"@id":"https:\/\/www.revistarambla.com\/barcelona-negra\/#primaryimage"},"thumbnailUrl":"https:\/\/www.revistarambla.com\/wp-content\/uploads\/2013\/10\/negra_revistarambla_02.jpg","datePublished":"2013-10-23T14:06:05+00:00","dateModified":"2024-05-03T17:41:42+00:00","description":"Barcelona Negra es una antolog\u00eda de catorce relatos policiales de otros tantos autores que tienen como escenario los barrios de Barcelona.","breadcrumb":{"@id":"https:\/\/www.revistarambla.com\/barcelona-negra\/#breadcrumb"},"inLanguage":"en-GB","potentialAction":[{"@type":"ReadAction","target":["https:\/\/www.revistarambla.com\/barcelona-negra\/"]}]},{"@type":"ImageObject","inLanguage":"en-GB","@id":"https:\/\/www.revistarambla.com\/barcelona-negra\/#primaryimage","url":"https:\/\/www.revistarambla.com\/wp-content\/uploads\/2013\/10\/negra_revistarambla_02.jpg","contentUrl":"https:\/\/www.revistarambla.com\/wp-content\/uploads\/2013\/10\/negra_revistarambla_02.jpg","width":700,"height":386,"caption":"Barcelona Negra"},{"@type":"BreadcrumbList","@id":"https:\/\/www.revistarambla.com\/barcelona-negra\/#breadcrumb","itemListElement":[{"@type":"ListItem","position":1,"name":"Portada","item":"https:\/\/www.revistarambla.com\/"},{"@type":"ListItem","position":2,"name":"Barcelona Negra"}]},{"@type":"WebSite","@id":"https:\/\/www.revistarambla.com\/#website","url":"https:\/\/www.revistarambla.com\/","name":"Revista Rambla Barcelona","description":"Periodismo independiente","publisher":{"@id":"https:\/\/www.revistarambla.com\/#organization"},"potentialAction":[{"@type":"SearchAction","target":{"@type":"EntryPoint","urlTemplate":"https:\/\/www.revistarambla.com\/?s={search_term_string}"},"query-input":{"@type":"PropertyValueSpecification","valueRequired":true,"valueName":"search_term_string"}}],"inLanguage":"en-GB"},{"@type":"Organization","@id":"https:\/\/www.revistarambla.com\/#organization","name":"Revista Rambla","url":"https:\/\/www.revistarambla.com\/","logo":{"@type":"ImageObject","inLanguage":"en-GB","@id":"https:\/\/www.revistarambla.com\/#\/schema\/logo\/image\/","url":"https:\/\/www.revistarambla.com\/wp-content\/uploads\/2020\/09\/banner_rambla_1900x600_BB.png","contentUrl":"https:\/\/www.revistarambla.com\/wp-content\/uploads\/2020\/09\/banner_rambla_1900x600_BB.png","width":1900,"height":600,"caption":"Revista Rambla"},"image":{"@id":"https:\/\/www.revistarambla.com\/#\/schema\/logo\/image\/"},"sameAs":["https:\/\/www.facebook.com\/revistarambla\/","https:\/\/x.com\/revistarambla","https:\/\/www.instagram.com\/revista_rambla","https:\/\/es.linkedin.com\/company\/revista-rambla"]},{"@type":"Person","@id":"https:\/\/www.revistarambla.com\/#\/schema\/person\/a146a5a2550b94981a75131180e1bd9c","name":"R@mbla","description":"Este art\u00edculo ha sido redactado y\/o validado por el equipo de redacci\u00f3n de Revista Rambla.","sameAs":["https:\/\/www.revistarambla.com\/","https:\/\/www.facebook.com\/revistarambla","https:\/\/x.com\/revistarambla"]}]}},"_links":{"self":[{"href":"https:\/\/www.revistarambla.com\/en\/wp-json\/wp\/v2\/posts\/4116","targetHints":{"allow":["GET"]}}],"collection":[{"href":"https:\/\/www.revistarambla.com\/en\/wp-json\/wp\/v2\/posts"}],"about":[{"href":"https:\/\/www.revistarambla.com\/en\/wp-json\/wp\/v2\/types\/post"}],"author":[{"embeddable":true,"href":"https:\/\/www.revistarambla.com\/en\/wp-json\/wp\/v2\/users\/3"}],"replies":[{"embeddable":true,"href":"https:\/\/www.revistarambla.com\/en\/wp-json\/wp\/v2\/comments?post=4116"}],"version-history":[{"count":3,"href":"https:\/\/www.revistarambla.com\/en\/wp-json\/wp\/v2\/posts\/4116\/revisions"}],"predecessor-version":[{"id":59928,"href":"https:\/\/www.revistarambla.com\/en\/wp-json\/wp\/v2\/posts\/4116\/revisions\/59928"}],"wp:featuredmedia":[{"embeddable":true,"href":"https:\/\/www.revistarambla.com\/en\/wp-json\/wp\/v2\/media\/4114"}],"wp:attachment":[{"href":"https:\/\/www.revistarambla.com\/en\/wp-json\/wp\/v2\/media?parent=4116"}],"wp:term":[{"taxonomy":"category","embeddable":true,"href":"https:\/\/www.revistarambla.com\/en\/wp-json\/wp\/v2\/categories?post=4116"},{"taxonomy":"post_tag","embeddable":true,"href":"https:\/\/www.revistarambla.com\/en\/wp-json\/wp\/v2\/tags?post=4116"}],"curies":[{"name":"wp","href":"https:\/\/api.w.org\/{rel}","templated":true}]}}