{"id":41142,"date":"2022-04-11T20:00:29","date_gmt":"2022-04-11T18:00:29","guid":{"rendered":"https:\/\/www.revistarambla.com\/?p=41142"},"modified":"2025-01-23T21:40:34","modified_gmt":"2025-01-23T20:40:34","slug":"pedro-sanchez-psicopata-yonqui-del-poder","status":"publish","type":"post","link":"https:\/\/www.revistarambla.com\/en\/pedro-sanchez-psicopata-yonqui-del-poder\/","title":{"rendered":"\u00bfPedro S\u00e1nchez, psic\u00f3pata yonqui del poder?"},"content":{"rendered":"<p style=\"text-align: left;\" align=\"JUSTIFY\">Al observar la vida pol\u00edtica internacional o nacional, la realidad que contemplamos es verdaderamente decepcionante, preocupante, desoladora y no augura nada bueno. Y, entonces, a uno le asalta la duda y se pregunta si estamos en manos de una casta pol\u00edtica incompetente y compuesta mayoritariamente por psic\u00f3patas yonquis del poder; es decir, en rom\u00e1n paladino, por desequilibrados mentales. Por sus actos los conoceremos y lo sabremos. Veamos.<\/p>\n<p style=\"text-align: left;\" align=\"JUSTIFY\">Si analizamos la situaci\u00f3n internacional de hoy, el pan nuestro de cada d\u00eda es el enfrentamiento multipolar, claro o soterrado, desencadenado por la <a href=\"https:\/\/honrad.blogspot.com\/2022\/03\/nos-han-dejado-solos-se-quejan-los.html\">invasi\u00f3n de Ucrania por la Rusia de Putin<\/a>, que est\u00e1 provocando una ristra de consecuencias lesivas para todos. Por sus consecuencias y en la pr\u00e1ctica, parece que estemos ya en el preludio de la III\u00aa Guerra Mundial: muerte de contendientes, masacre de civiles ucranianos, destrucci\u00f3n de ciudades, de infraestructuras y de tejido productivo, desplazamientos masivos de poblaci\u00f3n, tanto exteriores como interiores, problem\u00e1tica acogida de la misma en los pa\u00edses amigos,\u2026; y problemas pol\u00edticos, econ\u00f3micos y comerciales, sin cuento, a nivel mundial. Y, por lo visto, esto no ha hecho m\u00e1s que empezar. Y, seg\u00fan m\u00e1s de uno, esto puede ir o va a ir de mal en peor.<\/p>\n<p style=\"text-align: left;\" align=\"JUSTIFY\">Y, si examinamos la realidad de Espa\u00f1a, los momentos que estamos viviendo son tambi\u00e9n muy cr\u00edticos por los nefastos efectos pol\u00edticos, econ\u00f3micos, comerciales, laborales, sociales, educativos,\u2026 de la gesti\u00f3n de la malhadada casta pol\u00edtica espa\u00f1ola. Estos efectos aciagos est\u00e1n agravados tanto por la agresi\u00f3n de Rusia a Ucrania como por la desastrosa gesti\u00f3n de la pandemia del coronavirus y de la consecuente crisis econ\u00f3mica. No est\u00e1 de m\u00e1s recordar, aunque s\u00f3lo sea sucintamente, algunos de los efectos m\u00e1s preocupantes.<\/p>\n<p style=\"text-align: left;\" align=\"JUSTIFY\">Por un lado, es obligado citar la subida descontrolada del precio de la energ\u00eda (gas, luz y otros combustibles), que dificulta o hace imposible cualquier actividad econ\u00f3mica y que complica sobremanera la vida dom\u00e9stica de las familias. Esto ha provocado protestas, paros y\/o huelgas en cadena en sectores productivos fundamentales (agricultura, pesca, industria, transporte), que han agravado la situaci\u00f3n y que amenazan con paralizar toda actividad econ\u00f3mica y conducir a un desabastecimiento generalizado de productos b\u00e1sicos. Los agricultores, los pescadores y los transportistas no pueden trabajar por debajo de los costes de producci\u00f3n o sin tener unos m\u00ednimos beneficios, denuncian todos ellos.<\/p>\n<p style=\"text-align: left;\" align=\"JUSTIFY\">Por otro lado, este clima t\u00f3xico ya est\u00e1 provocando cierres temporales o definitivos de empresas. Y esto est\u00e1 destejiendo, como Pen\u00e9lope, el tejido productivo, que tanto esfuerzo, dedicaci\u00f3n y tiempo han exigido y costado. Por eso, las variables econ\u00f3micas fundamentales est\u00e1n fuera de control. Es el caso de la inflaci\u00f3n, que casi supera ya, en marzo de 2022, los dos d\u00edgitos (9,8); de la deuda p\u00fablica, que representaba ya, en diciembre de 2021, el 118,4 del PIB; y del d\u00e9ficit, que ha llegado, en diciembre de 2021, al 6,76 del PIB. Todos estos datos denotan que las constantes vitales de la econom\u00eda espa\u00f1ola est\u00e1n fuera de control y s\u00f3lo dejan presagiar un desenlace muy doloroso y fatal. Y lo peor de todo es que los cimientos del Estado del Bienestar (sanidad, educci\u00f3n y servicios sociales) se est\u00e1n degradando a marchas forzadas y, si no se toman medidas pertinentes, se desmoronar\u00e1n irremediablemente.<\/p>\n<p style=\"text-align: left;\" align=\"JUSTIFY\">Ahora bien, \u00bfc\u00f3mo y por qu\u00e9 hemos llegado a esta situaci\u00f3n internacional y nacional? Aunque la respuesta a esta pregunta vale para otros pa\u00edses y l\u00edderes, nos vamos a centrar s\u00f3lo en Espa\u00f1a y en Pedro S\u00e1nchez. El Gobierno de Espa\u00f1a, presidido por \u00e9l, tiene a su disposici\u00f3n todos los medios materiales (instituciones, presupuestos, BOE,\u2026) y humanos (miles de asesores en todos los campos) para gestionar el presente y prever-planificar el futuro (i.e. gobernar) con br\u00fajula y tim\u00f3n eficaces, para no quedar a la deriva y para que no nos coja el toro. Ahora bien, por los resultados apuntados, todo parece indicar que Pedro S\u00e1nchez es un incompetente y\/o s\u00f3lo piensa en satisfacer su patol\u00f3gico apetito de poder y no en gestionar, como lo har\u00eda un responsable padre de familia, la \u201cres p\u00fablica\u201d.<\/p>\n<p style=\"text-align: left;\" align=\"JUSTIFY\">Ante su comportamiento verbal y no-verbal (i.e. su hacer pol\u00edtico), demasiados s\u00edntomas parecen indicar que Pedro S\u00e1nchez, como muchos l\u00edderes mundiales, es v\u00edctima del \u201cs\u00edndrome de Hybris\u201d. Este s\u00edndrome no es nada nuevo. En la Grecia cl\u00e1sica, se detect\u00f3 en los poderosos que, ebrios de \u00e9xito y de poder, empezaron a comportarse como tiranos, vejando, despreciando y abusando de aquellos que estaban por debajo de ellos (cr\u00edticos, colaboradores, ciudadanos). Ahora bien, para luchar contra los pol\u00edticos dominados por este s\u00edndrome, los griegos inventaron y aplicaron un ant\u00eddoto muy eficaz y radical: <a href=\"https:\/\/honrad.blogspot.com\/2014\/05\/condenados-ostracismo.html\">la condena al ostracismo<\/a>.<\/p>\n<p style=\"text-align: left;\" align=\"JUSTIFY\">En nuestros d\u00edas, David Owen, neur\u00f3logo y pol\u00edtico brit\u00e1nico, describi\u00f3 y analiz\u00f3 esta patolog\u00eda, que empieza por una \u201cmegaloman\u00eda\u201d (delirio de grandeza) y termina en una \u201cparanoia\u201d (perturbaci\u00f3n mental), y cuyos s\u00edntomas permiten dibujar, de forma fidedigna, el retrato de la personalidad del presidente P. S\u00e1nchez. Seg\u00fan D. Owen, el poder no es ostentado, en la mayor\u00eda de los casos, por aquellos que est\u00e1n mejor preparados y son m\u00e1s capaces. Sin embargo, el que lo ostenta se cree el m\u00e1s listo de la clase y termina comport\u00e1ndose como un narcisista y prepotente, dispuesto a cualquier cosa para conservarlo y ampliarlo.<\/p>\n<p style=\"text-align: left;\" align=\"JUSTIFY\">En efecto, los que padecen el \u201cs\u00edndrome de Hybris\u201d, borrachos de poder, como Pedro S\u00e1nchez, tienen el ego subido: se consideran los m\u00e1s guapos, los m\u00e1s inteligentes, infalibles, insustituibles y omnipotentes. Adem\u00e1s, confunden la realidad con la fantas\u00eda (\u201cs\u00edndrome de la Moncloa\u201d) y son prepotentes, irracionales, insensatos e <a href=\"https:\/\/honrad.blogspot.com\/2020\/06\/pedro-sanchez-dr-cum-fraude.html\">hip\u00f3critas<\/a>. Y para ello, llevan la mentira, el enga\u00f1o, la manipulaci\u00f3n, la contradicci\u00f3n permanente, la utilizaci\u00f3n instrumental de los dem\u00e1s\u2026 \u201cQue sais-je encore?\u201d por bandera. Y, en su camino hacia el poder, el fin justifica cualquier medio. Y, por eso, no dudan en despojarse de los principios y valores intemporales y en sembrar el camino de cad\u00e1veres.<\/p>\n<p style=\"text-align: left;\" align=\"JUSTIFY\">Con bueyes as\u00ed, uncidos al poder con el \u201cs\u00edndrome de Hybris\u201d, no se puede arar. No son m\u00e1s que \u201croitelets\u201d, que pretenden, como dicen los franceses, \u201cp\u00e9ter plus haut que leur cul\u201d. El sabio Jos\u00e9 Saramago \u2014que transform\u00f3 la \u201cinformaci\u00f3n\u201d en \u201cconocimiento\u201d y \u00e9ste en \u201csabidur\u00eda\u201d; y que no es sospechoso de ser un reaccionario de derechas\u2014 participaba de esta opini\u00f3n cuando dej\u00f3 para la posteridad la cita que reza as\u00ed: \u201cla sociedad no puede funcionar sin pol\u00edtica. El problema es que la pol\u00edtica est\u00e1 en manos de los pol\u00edticos\u201d. Y a\u00f1ado yo: pol\u00edticos psic\u00f3patas, yonquis del poder, cuya \u201caxiolog\u00eda es la del p\u00edcaro (\u2026): m\u00e1s que principios, ostentan ma\u00f1as\u201d, Amando de Miguel dixit. La paz y el bienestar del mundo, en general, y de Espa\u00f1a y de los espa\u00f1oles, en particular, se est\u00e1 jugando a la ruleta rusa, nunca mejor dicho: V. Putin, P. S\u00e1nchez y \u201cgli altri\u201d han cargado ya el revolver. Si no les cortamos las alas y los condenamos al ostracismo, lo inevitable puede o va a suceder.<\/p>","protected":false},"excerpt":{"rendered":"<p>Al observar la vida pol\u00edtica internacional o nacional, la realidad que contemplamos es verdaderamente decepcionante, preocupante, desoladora y no augura nada bueno. Y, entonces, a uno le asalta la duda y se pregunta si estamos en manos de una casta pol\u00edtica incompetente y compuesta mayoritariamente por psic\u00f3patas yonquis del poder; [&hellip;]<\/p>\n","protected":false},"author":17,"featured_media":41143,"comment_status":"closed","ping_status":"open","sticky":false,"template":"","format":"standard","meta":{"footnotes":""},"categories":[4114],"tags":[],"class_list":["post-41142","post","type-post","status-publish","format-standard","has-post-thumbnail","hentry","category-cantando-las-verdades"],"yoast_head":"<!-- This site is optimized with the Yoast SEO plugin v27.5 - https:\/\/yoast.com\/product\/yoast-seo-wordpress\/ -->\n<title>\u00bfPedro S\u00e1nchez, psic\u00f3pata yonqui del poder? - Revista Rambla<\/title>\n<meta name=\"robots\" content=\"index, follow, max-snippet:-1, max-image-preview:large, max-video-preview:-1\" \/>\n<link rel=\"canonical\" href=\"https:\/\/www.revistarambla.com\/en\/pedro-sanchez-psicopata-yonqui-del-poder\/\" \/>\n<meta property=\"og:locale\" content=\"en_GB\" \/>\n<meta property=\"og:type\" content=\"article\" \/>\n<meta property=\"og:title\" content=\"\u00bfPedro S\u00e1nchez, psic\u00f3pata yonqui del poder? - Revista Rambla\" \/>\n<meta property=\"og:description\" content=\"Al observar la vida pol\u00edtica internacional o nacional, la realidad que contemplamos es verdaderamente decepcionante, preocupante, desoladora y no augura nada bueno. Y, entonces, a uno le asalta la duda y se pregunta si estamos en manos de una casta pol\u00edtica incompetente y compuesta mayoritariamente por psic\u00f3patas yonquis del poder; [&hellip;]\" \/>\n<meta property=\"og:url\" content=\"https:\/\/www.revistarambla.com\/en\/pedro-sanchez-psicopata-yonqui-del-poder\/\" \/>\n<meta property=\"og:site_name\" content=\"Revista Rambla\" \/>\n<meta property=\"article:publisher\" content=\"https:\/\/www.facebook.com\/revistarambla\/\" \/>\n<meta property=\"article:author\" content=\"https:\/\/www.facebook.com\/manuelignacio.cabezasgonzalez\" \/>\n<meta property=\"article:published_time\" content=\"2022-04-11T18:00:29+00:00\" \/>\n<meta property=\"article:modified_time\" content=\"2025-01-23T20:40:34+00:00\" \/>\n<meta property=\"og:image\" content=\"https:\/\/www.revistarambla.com\/wp-content\/uploads\/2022\/04\/sanchez-enfado-investidura.jpg\" \/>\n\t<meta property=\"og:image:width\" content=\"770\" \/>\n\t<meta property=\"og:image:height\" content=\"420\" \/>\n\t<meta property=\"og:image:type\" content=\"image\/jpeg\" \/>\n<meta name=\"author\" content=\"Manuel Ignacio Cabezas Gonz\u00e1lez\" \/>\n<meta name=\"twitter:card\" content=\"summary_large_image\" \/>\n<meta name=\"twitter:creator\" content=\"@ManuelICabezas\" \/>\n<meta name=\"twitter:site\" content=\"@revistarambla\" \/>\n<meta name=\"twitter:label1\" content=\"Written by\" \/>\n\t<meta name=\"twitter:data1\" content=\"Manuel Ignacio Cabezas Gonz\u00e1lez\" \/>\n\t<meta name=\"twitter:label2\" content=\"Estimated reading time\" \/>\n\t<meta name=\"twitter:data2\" content=\"6 minutes\" \/>\n<script type=\"application\/ld+json\" class=\"yoast-schema-graph\">{\"@context\":\"https:\\\/\\\/schema.org\",\"@graph\":[{\"@type\":\"Article\",\"@id\":\"https:\\\/\\\/www.revistarambla.com\\\/pedro-sanchez-psicopata-yonqui-del-poder\\\/#article\",\"isPartOf\":{\"@id\":\"https:\\\/\\\/www.revistarambla.com\\\/pedro-sanchez-psicopata-yonqui-del-poder\\\/\"},\"author\":{\"name\":\"Manuel Ignacio Cabezas Gonz\u00e1lez\",\"@id\":\"https:\\\/\\\/www.revistarambla.com\\\/#\\\/schema\\\/person\\\/3d71c575842522757de7f4f9c9b40215\"},\"headline\":\"\u00bfPedro S\u00e1nchez, psic\u00f3pata yonqui del poder?\",\"datePublished\":\"2022-04-11T18:00:29+00:00\",\"dateModified\":\"2025-01-23T20:40:34+00:00\",\"mainEntityOfPage\":{\"@id\":\"https:\\\/\\\/www.revistarambla.com\\\/pedro-sanchez-psicopata-yonqui-del-poder\\\/\"},\"wordCount\":1272,\"publisher\":{\"@id\":\"https:\\\/\\\/www.revistarambla.com\\\/#organization\"},\"image\":{\"@id\":\"https:\\\/\\\/www.revistarambla.com\\\/pedro-sanchez-psicopata-yonqui-del-poder\\\/#primaryimage\"},\"thumbnailUrl\":\"https:\\\/\\\/www.revistarambla.com\\\/wp-content\\\/uploads\\\/2022\\\/04\\\/sanchez-enfado-investidura.jpg\",\"articleSection\":[\"Cantando las verdades\"],\"inLanguage\":\"en-GB\"},{\"@type\":\"WebPage\",\"@id\":\"https:\\\/\\\/www.revistarambla.com\\\/pedro-sanchez-psicopata-yonqui-del-poder\\\/\",\"url\":\"https:\\\/\\\/www.revistarambla.com\\\/pedro-sanchez-psicopata-yonqui-del-poder\\\/\",\"name\":\"\u00bfPedro S\u00e1nchez, psic\u00f3pata yonqui del poder? - Revista Rambla\",\"isPartOf\":{\"@id\":\"https:\\\/\\\/www.revistarambla.com\\\/#website\"},\"primaryImageOfPage\":{\"@id\":\"https:\\\/\\\/www.revistarambla.com\\\/pedro-sanchez-psicopata-yonqui-del-poder\\\/#primaryimage\"},\"image\":{\"@id\":\"https:\\\/\\\/www.revistarambla.com\\\/pedro-sanchez-psicopata-yonqui-del-poder\\\/#primaryimage\"},\"thumbnailUrl\":\"https:\\\/\\\/www.revistarambla.com\\\/wp-content\\\/uploads\\\/2022\\\/04\\\/sanchez-enfado-investidura.jpg\",\"datePublished\":\"2022-04-11T18:00:29+00:00\",\"dateModified\":\"2025-01-23T20:40:34+00:00\",\"breadcrumb\":{\"@id\":\"https:\\\/\\\/www.revistarambla.com\\\/pedro-sanchez-psicopata-yonqui-del-poder\\\/#breadcrumb\"},\"inLanguage\":\"en-GB\",\"potentialAction\":[{\"@type\":\"ReadAction\",\"target\":[\"https:\\\/\\\/www.revistarambla.com\\\/pedro-sanchez-psicopata-yonqui-del-poder\\\/\"]}]},{\"@type\":\"ImageObject\",\"inLanguage\":\"en-GB\",\"@id\":\"https:\\\/\\\/www.revistarambla.com\\\/pedro-sanchez-psicopata-yonqui-del-poder\\\/#primaryimage\",\"url\":\"https:\\\/\\\/www.revistarambla.com\\\/wp-content\\\/uploads\\\/2022\\\/04\\\/sanchez-enfado-investidura.jpg\",\"contentUrl\":\"https:\\\/\\\/www.revistarambla.com\\\/wp-content\\\/uploads\\\/2022\\\/04\\\/sanchez-enfado-investidura.jpg\",\"width\":770,\"height\":420,\"caption\":\"pedro sanchez psicopata\"},{\"@type\":\"BreadcrumbList\",\"@id\":\"https:\\\/\\\/www.revistarambla.com\\\/pedro-sanchez-psicopata-yonqui-del-poder\\\/#breadcrumb\",\"itemListElement\":[{\"@type\":\"ListItem\",\"position\":1,\"name\":\"Portada\",\"item\":\"https:\\\/\\\/www.revistarambla.com\\\/\"},{\"@type\":\"ListItem\",\"position\":2,\"name\":\"\u00bfPedro S\u00e1nchez, psic\u00f3pata yonqui del poder?\"}]},{\"@type\":\"WebSite\",\"@id\":\"https:\\\/\\\/www.revistarambla.com\\\/#website\",\"url\":\"https:\\\/\\\/www.revistarambla.com\\\/\",\"name\":\"Revista Rambla Barcelona\",\"description\":\"Periodismo independiente\",\"publisher\":{\"@id\":\"https:\\\/\\\/www.revistarambla.com\\\/#organization\"},\"potentialAction\":[{\"@type\":\"SearchAction\",\"target\":{\"@type\":\"EntryPoint\",\"urlTemplate\":\"https:\\\/\\\/www.revistarambla.com\\\/?s={search_term_string}\"},\"query-input\":{\"@type\":\"PropertyValueSpecification\",\"valueRequired\":true,\"valueName\":\"search_term_string\"}}],\"inLanguage\":\"en-GB\"},{\"@type\":\"Organization\",\"@id\":\"https:\\\/\\\/www.revistarambla.com\\\/#organization\",\"name\":\"Revista Rambla\",\"url\":\"https:\\\/\\\/www.revistarambla.com\\\/\",\"logo\":{\"@type\":\"ImageObject\",\"inLanguage\":\"en-GB\",\"@id\":\"https:\\\/\\\/www.revistarambla.com\\\/#\\\/schema\\\/logo\\\/image\\\/\",\"url\":\"https:\\\/\\\/www.revistarambla.com\\\/wp-content\\\/uploads\\\/2020\\\/09\\\/banner_rambla_1900x600_BB.png\",\"contentUrl\":\"https:\\\/\\\/www.revistarambla.com\\\/wp-content\\\/uploads\\\/2020\\\/09\\\/banner_rambla_1900x600_BB.png\",\"width\":1900,\"height\":600,\"caption\":\"Revista Rambla\"},\"image\":{\"@id\":\"https:\\\/\\\/www.revistarambla.com\\\/#\\\/schema\\\/logo\\\/image\\\/\"},\"sameAs\":[\"https:\\\/\\\/www.facebook.com\\\/revistarambla\\\/\",\"https:\\\/\\\/x.com\\\/revistarambla\",\"https:\\\/\\\/www.instagram.com\\\/revista_rambla\",\"https:\\\/\\\/es.linkedin.com\\\/company\\\/revista-rambla\"]},{\"@type\":\"Person\",\"@id\":\"https:\\\/\\\/www.revistarambla.com\\\/#\\\/schema\\\/person\\\/3d71c575842522757de7f4f9c9b40215\",\"name\":\"Manuel Ignacio Cabezas Gonz\u00e1lez\",\"description\":\"Doctor en Didactolog\u00eda de las Lenguas y de las Culturas. Profesor Titular de Ling\u00fc\u00edstica y de Ling\u00fc\u00edstica Aplicada. Departamento de Filolog\u00eda Francesa y Rom\u00e1nica (UAB).\",\"sameAs\":[\"http:\\\/\\\/honrad.blogspot.com\\\/\",\"https:\\\/\\\/www.facebook.com\\\/manuelignacio.cabezasgonzalez\",\"https:\\\/\\\/x.com\\\/ManuelICabezas\"]}]}<\/script>\n<!-- \/ Yoast SEO plugin. -->","yoast_head_json":{"title":"\u00bfPedro S\u00e1nchez, psic\u00f3pata yonqui del poder? - Revista Rambla","robots":{"index":"index","follow":"follow","max-snippet":"max-snippet:-1","max-image-preview":"max-image-preview:large","max-video-preview":"max-video-preview:-1"},"canonical":"https:\/\/www.revistarambla.com\/en\/pedro-sanchez-psicopata-yonqui-del-poder\/","og_locale":"en_GB","og_type":"article","og_title":"\u00bfPedro S\u00e1nchez, psic\u00f3pata yonqui del poder? - Revista Rambla","og_description":"Al observar la vida pol\u00edtica internacional o nacional, la realidad que contemplamos es verdaderamente decepcionante, preocupante, desoladora y no augura nada bueno. Y, entonces, a uno le asalta la duda y se pregunta si estamos en manos de una casta pol\u00edtica incompetente y compuesta mayoritariamente por psic\u00f3patas yonquis del poder; [&hellip;]","og_url":"https:\/\/www.revistarambla.com\/en\/pedro-sanchez-psicopata-yonqui-del-poder\/","og_site_name":"Revista Rambla","article_publisher":"https:\/\/www.facebook.com\/revistarambla\/","article_author":"https:\/\/www.facebook.com\/manuelignacio.cabezasgonzalez","article_published_time":"2022-04-11T18:00:29+00:00","article_modified_time":"2025-01-23T20:40:34+00:00","og_image":[{"width":770,"height":420,"url":"https:\/\/www.revistarambla.com\/wp-content\/uploads\/2022\/04\/sanchez-enfado-investidura.jpg","type":"image\/jpeg"}],"author":"Manuel Ignacio Cabezas Gonz\u00e1lez","twitter_card":"summary_large_image","twitter_creator":"@ManuelICabezas","twitter_site":"@revistarambla","twitter_misc":{"Written by":"Manuel Ignacio Cabezas Gonz\u00e1lez","Estimated reading time":"6 minutes"},"schema":{"@context":"https:\/\/schema.org","@graph":[{"@type":"Article","@id":"https:\/\/www.revistarambla.com\/pedro-sanchez-psicopata-yonqui-del-poder\/#article","isPartOf":{"@id":"https:\/\/www.revistarambla.com\/pedro-sanchez-psicopata-yonqui-del-poder\/"},"author":{"name":"Manuel Ignacio Cabezas Gonz\u00e1lez","@id":"https:\/\/www.revistarambla.com\/#\/schema\/person\/3d71c575842522757de7f4f9c9b40215"},"headline":"\u00bfPedro S\u00e1nchez, psic\u00f3pata yonqui del poder?","datePublished":"2022-04-11T18:00:29+00:00","dateModified":"2025-01-23T20:40:34+00:00","mainEntityOfPage":{"@id":"https:\/\/www.revistarambla.com\/pedro-sanchez-psicopata-yonqui-del-poder\/"},"wordCount":1272,"publisher":{"@id":"https:\/\/www.revistarambla.com\/#organization"},"image":{"@id":"https:\/\/www.revistarambla.com\/pedro-sanchez-psicopata-yonqui-del-poder\/#primaryimage"},"thumbnailUrl":"https:\/\/www.revistarambla.com\/wp-content\/uploads\/2022\/04\/sanchez-enfado-investidura.jpg","articleSection":["Cantando las verdades"],"inLanguage":"en-GB"},{"@type":"WebPage","@id":"https:\/\/www.revistarambla.com\/pedro-sanchez-psicopata-yonqui-del-poder\/","url":"https:\/\/www.revistarambla.com\/pedro-sanchez-psicopata-yonqui-del-poder\/","name":"\u00bfPedro S\u00e1nchez, psic\u00f3pata yonqui del poder? - Revista Rambla","isPartOf":{"@id":"https:\/\/www.revistarambla.com\/#website"},"primaryImageOfPage":{"@id":"https:\/\/www.revistarambla.com\/pedro-sanchez-psicopata-yonqui-del-poder\/#primaryimage"},"image":{"@id":"https:\/\/www.revistarambla.com\/pedro-sanchez-psicopata-yonqui-del-poder\/#primaryimage"},"thumbnailUrl":"https:\/\/www.revistarambla.com\/wp-content\/uploads\/2022\/04\/sanchez-enfado-investidura.jpg","datePublished":"2022-04-11T18:00:29+00:00","dateModified":"2025-01-23T20:40:34+00:00","breadcrumb":{"@id":"https:\/\/www.revistarambla.com\/pedro-sanchez-psicopata-yonqui-del-poder\/#breadcrumb"},"inLanguage":"en-GB","potentialAction":[{"@type":"ReadAction","target":["https:\/\/www.revistarambla.com\/pedro-sanchez-psicopata-yonqui-del-poder\/"]}]},{"@type":"ImageObject","inLanguage":"en-GB","@id":"https:\/\/www.revistarambla.com\/pedro-sanchez-psicopata-yonqui-del-poder\/#primaryimage","url":"https:\/\/www.revistarambla.com\/wp-content\/uploads\/2022\/04\/sanchez-enfado-investidura.jpg","contentUrl":"https:\/\/www.revistarambla.com\/wp-content\/uploads\/2022\/04\/sanchez-enfado-investidura.jpg","width":770,"height":420,"caption":"pedro sanchez psicopata"},{"@type":"BreadcrumbList","@id":"https:\/\/www.revistarambla.com\/pedro-sanchez-psicopata-yonqui-del-poder\/#breadcrumb","itemListElement":[{"@type":"ListItem","position":1,"name":"Portada","item":"https:\/\/www.revistarambla.com\/"},{"@type":"ListItem","position":2,"name":"\u00bfPedro S\u00e1nchez, psic\u00f3pata yonqui del poder?"}]},{"@type":"WebSite","@id":"https:\/\/www.revistarambla.com\/#website","url":"https:\/\/www.revistarambla.com\/","name":"Revista Rambla Barcelona","description":"Periodismo independiente","publisher":{"@id":"https:\/\/www.revistarambla.com\/#organization"},"potentialAction":[{"@type":"SearchAction","target":{"@type":"EntryPoint","urlTemplate":"https:\/\/www.revistarambla.com\/?s={search_term_string}"},"query-input":{"@type":"PropertyValueSpecification","valueRequired":true,"valueName":"search_term_string"}}],"inLanguage":"en-GB"},{"@type":"Organization","@id":"https:\/\/www.revistarambla.com\/#organization","name":"Revista Rambla","url":"https:\/\/www.revistarambla.com\/","logo":{"@type":"ImageObject","inLanguage":"en-GB","@id":"https:\/\/www.revistarambla.com\/#\/schema\/logo\/image\/","url":"https:\/\/www.revistarambla.com\/wp-content\/uploads\/2020\/09\/banner_rambla_1900x600_BB.png","contentUrl":"https:\/\/www.revistarambla.com\/wp-content\/uploads\/2020\/09\/banner_rambla_1900x600_BB.png","width":1900,"height":600,"caption":"Revista Rambla"},"image":{"@id":"https:\/\/www.revistarambla.com\/#\/schema\/logo\/image\/"},"sameAs":["https:\/\/www.facebook.com\/revistarambla\/","https:\/\/x.com\/revistarambla","https:\/\/www.instagram.com\/revista_rambla","https:\/\/es.linkedin.com\/company\/revista-rambla"]},{"@type":"Person","@id":"https:\/\/www.revistarambla.com\/#\/schema\/person\/3d71c575842522757de7f4f9c9b40215","name":"Manuel Ignacio Cabezas Gonz\u00e1lez","description":"Doctor en Didactolog\u00eda de las Lenguas y de las Culturas. Profesor Titular de Ling\u00fc\u00edstica y de Ling\u00fc\u00edstica Aplicada. Departamento de Filolog\u00eda Francesa y Rom\u00e1nica (UAB).","sameAs":["http:\/\/honrad.blogspot.com\/","https:\/\/www.facebook.com\/manuelignacio.cabezasgonzalez","https:\/\/x.com\/ManuelICabezas"]}]}},"_links":{"self":[{"href":"https:\/\/www.revistarambla.com\/en\/wp-json\/wp\/v2\/posts\/41142","targetHints":{"allow":["GET"]}}],"collection":[{"href":"https:\/\/www.revistarambla.com\/en\/wp-json\/wp\/v2\/posts"}],"about":[{"href":"https:\/\/www.revistarambla.com\/en\/wp-json\/wp\/v2\/types\/post"}],"author":[{"embeddable":true,"href":"https:\/\/www.revistarambla.com\/en\/wp-json\/wp\/v2\/users\/17"}],"replies":[{"embeddable":true,"href":"https:\/\/www.revistarambla.com\/en\/wp-json\/wp\/v2\/comments?post=41142"}],"version-history":[{"count":1,"href":"https:\/\/www.revistarambla.com\/en\/wp-json\/wp\/v2\/posts\/41142\/revisions"}],"predecessor-version":[{"id":64086,"href":"https:\/\/www.revistarambla.com\/en\/wp-json\/wp\/v2\/posts\/41142\/revisions\/64086"}],"wp:featuredmedia":[{"embeddable":true,"href":"https:\/\/www.revistarambla.com\/en\/wp-json\/wp\/v2\/media\/41143"}],"wp:attachment":[{"href":"https:\/\/www.revistarambla.com\/en\/wp-json\/wp\/v2\/media?parent=41142"}],"wp:term":[{"taxonomy":"category","embeddable":true,"href":"https:\/\/www.revistarambla.com\/en\/wp-json\/wp\/v2\/categories?post=41142"},{"taxonomy":"post_tag","embeddable":true,"href":"https:\/\/www.revistarambla.com\/en\/wp-json\/wp\/v2\/tags?post=41142"}],"curies":[{"name":"wp","href":"https:\/\/api.w.org\/{rel}","templated":true}]}}