{"id":4103,"date":"2013-10-21T06:44:21","date_gmt":"2013-10-21T06:44:21","guid":{"rendered":"https:\/\/www.revistarambla.com\/un-ano-de-exclusion-sanitaria\/"},"modified":"2024-05-02T21:38:51","modified_gmt":"2024-05-02T19:38:51","slug":"un-ano-de-exclusion-sanitaria","status":"publish","type":"post","link":"https:\/\/www.revistarambla.com\/en\/un-ano-de-exclusion-sanitaria\/","title":{"rendered":"Un a\u00f1o de exclusi\u00f3n sanitaria"},"content":{"rendered":"<p>La plataforma Yo s\u00ed, Sanidad Universal, creada para la defensa y promoci\u00f3n de la sanidad p\u00fablica universal, celebr\u00f3 este 19 de octubre en Madrid una asamblea general. Se celebr\u00f3 apenas un mes despu\u00e9s que se cumpliese el primer aniversario de la entrada en vigor del RDL 16\/2012, que regula la retirada de la tarjeta sanitaria a los inmigrantes irregulares, una cifra que podr\u00eda alcanzar las 875.000 personas. La plataforma pide desobedecer el decreto ante los \u00abcientos de casos de exclusi\u00f3n sanitaria\u00bb que ya ha provocado su aplicaci\u00f3n en todo el <a href=\"https:\/\/www.revistarambla.com\/en\/actualidad\/estado-espanol\/\">Estado espa\u00f1ol<\/a>.<\/p>\n<p>Una reforma del sistema sanitario que ha ocasionado importantes cambios en la legislaci\u00f3n y que ha provocado que, desde el pasado a\u00f1o, miles de inmigrantes irregulares tengan \u00fanicamente derecho a la atenci\u00f3n en urgencias. El gobierno del Partido Popular avanz\u00f3 adem\u00e1s la propuesta de que los inmigrantes contratasen p\u00f3lizas de sanidad, con un coste aproximado de 60 euros al mes para los menores de 65 a\u00f1os y 157 euros para los que superasen ese l\u00edmite de edad. Un coste poco asumible para la mayor\u00eda de las personas en situaci\u00f3n irregular, seg\u00fan han venido se\u00f1alando profesionales, colegios profesionales y sindicatos del sector sanitario.<\/p>\n<p>La organizaci\u00f3n, surgida del movimiento 15M, est\u00e1 realizando una amplia movilizaci\u00f3n en todo el estado para que la cuesti\u00f3n de la exclusi\u00f3n sanitaria deje de ser \u00abinvisible\u00bb para la sociedad, en un caso similar a la actividad realizada por la Plataforma de Afectados por la Hipoteca (PAH). En esta movilizaci\u00f3n, una parte importante de la actividad de la Plataforma la realizan los grupos de acompa\u00f1amiento que son los encargados de guiar a los inmigrantes sin papeles para que reciban asistencia sanitaria. Cada\u00a0 uno de estos grupos -en Barcelona, funcionan siete, en Valencia, tres y en Madrid, 20, aunque existen en m\u00e1s ciudades- funciona de modo aut\u00f3nomo, con una asamblea semanal y un n\u00famero de tel\u00e9fono para atender consultas. En su actividad contra esta reforma en la atenci\u00f3n sanitaria, Yo s\u00ed, indica que ha analizado la nueva legislaci\u00f3n y las normativas auton\u00f3micas, y ha encontrado los resquicios por los que se puede conseguir la atenci\u00f3n m\u00e9dica, el seguimiento y los f\u00e1rmacos financiados. Una situaci\u00f3n que la mayor\u00eda de profesionales del sector desconocen, como tambi\u00e9n que existen mecanismos para solicitar medicaci\u00f3n por escrito a la Administraci\u00f3n para las personas sin tarjeta sanitaria. De esta forma, la plataforma organiza reuniones y talleres con profesionales del sector sanitario, adem\u00e1s de elaborar manuales de desobediencia al real decreto.<\/p>\n<h2>Campa\u00f1a contra la exclusi\u00f3n sanitaria<\/h2>\n<p>A la campa\u00f1a de concienciaci\u00f3n desarrollada mediante carteles y tarjetas sanitarias falsas con la palabra \u00abexcluida\u00bb y los nombres de los dos inmigrantes ilegales &#8211;Alpha Pam y Soledad Torrico&#8211; fallecidos desde la entrada en vigor del decreto, se ha sumado tambi\u00e9n un manifiesto de defensa del modelo de sanidad p\u00fablica en el cual afirman que el decreto aprobado por el gobierno del Partido Popular ha \u00abfulminado\u00bb el modelo de sanidad universal para \u00absumirse en un modelo de aseguramiento, excluyente e injusto. Desde hace un a\u00f1o, miles de fronteras se han levantado en nuestros barrios. Podemos asegurar que los centros de salud y hospitales han pasado a ser lugares accesibles solo para algunas personas y el derecho a la salud se est\u00e1 convirtiendo en un negocio para los de siempre\u00bb, contin\u00faa una plataforma que se muestra convencida que con las medidas impuestas por el gobierno Rajoy \u00abquien tenga dinero tendr\u00e1 sanidad, quien no, deber\u00e1 (sobre)vivir con la enfermedad\u00bb, y defiende que la poblaci\u00f3n se merece \u00abuna Salud P\u00fablica de todas y para todas\u00bb.<\/p>\n<p>\u201cEl nuevo sistema de aseguramiento va en detrimento de la universalidad y nos condena a vivir en una sociedad m\u00e1s enferma, con mayor exclusi\u00f3n y desigualdad\u201d, denuncian desde Yo s\u00ed, que inciden en que miles de inmigrantes han perdido su derecho de asistencia m\u00e9dica, con consecuencias potencialmente graves al dejar de recibir tratamientos y medicaci\u00f3n. \u201cLa poblaci\u00f3n inmigrante sin papeles en regla vive una situaci\u00f3n de desamparo. Los largos tr\u00e1mites burocr\u00e1ticos a los que se enfrentan para recibir atenci\u00f3n m\u00e9dica, junto con su miedo a ser exportados acent\u00faan la exclusi\u00f3n sanitaria provocada por el sistema\u201d, insisten desde la organizaci\u00f3n de defensa de la atenci\u00f3n sanitaria universal.<\/p>\n<h2>Mantener la atenci\u00f3n sanitaria universal<\/h2>\n<p>La plataforma, que cuenta con redes de apoyo que funcionan ya por todo el pa\u00eds, afirma que no se puede consentir \u00abuna pol\u00edtica que mata y miente\u00bb sobre la \u00abconsecuencias reales\u00bb del decreto y llama a la \u00abdesobediencia ciudadana\u00bb.\u00a0 Adem\u00e1s, se\u00f1ala que el discurso oficial del gobierno central y del Partido Popular marcan a los inmigrantes irregulares como los culpables del \u201cderroche y despilfarro de la sanidad p\u00fablica\u201d, con lemas repetidos de forma insistente como \u201cabusan de la sanidad\u201d, \u201cno contribuyen a mantener el sistema\u201d, \u201creciben m\u00e1s beneficios sociales\u201d, \u201crestringir su acceso a la sanidad supondr\u00e1 un gran ahorro\u201d. En este sentido, desde Yo S\u00ed, advierten que \u201cellos hablan de cifras, de falsos ahorros, nosotras hablamos de derechos fundamentales. Ellos hacen las leyes, a nosotras nos toca enfermar y pagar, o morirnos en casa. Pues bien, no vamos a consentirlo, vamos a seguir luchando juntas por recuperar nuestro derecho a la salud, a la vida, a la buena vida. Hay gente enferma, f\u00e1cilmente curable, sufriendo en soledad en sus casas, excluidas del derecho a la atenci\u00f3n sanitaria\u00bb, finalizan en un manifiesto que contin\u00faa en su l\u00ednea de trabajo para derogar la reforma del sistema sanitario y mantener la atenci\u00f3n sanitaria universal.<\/p>","protected":false},"excerpt":{"rendered":"<p>La plataforma Yo s\u00ed, Sanidad Universal, creada para la defensa y promoci\u00f3n de la sanidad p\u00fablica universal, celebr\u00f3 este 19 de octubre en Madrid una asamblea general. Se celebr\u00f3 apenas un mes despu\u00e9s que se cumpliese el primer aniversario de la entrada en vigor del RDL 16\/2012, que regula la [&hellip;]<\/p>\n","protected":false},"author":3,"featured_media":38925,"comment_status":"open","ping_status":"open","sticky":false,"template":"","format":"standard","meta":{"footnotes":""},"categories":[58],"tags":[],"class_list":["post-4103","post","type-post","status-publish","format-standard","has-post-thumbnail","hentry","category-estado-espanol"],"yoast_head":"<!-- This site is optimized with the Yoast SEO plugin v27.5 - https:\/\/yoast.com\/product\/yoast-seo-wordpress\/ -->\n<title>Un a\u00f1o de exclusi\u00f3n sanitaria - Revista Rambla<\/title>\n<meta name=\"description\" content=\"La plataforma pide desobedecer el decreto ante los \u00abcientos de casos de exclusi\u00f3n sanitaria\u00bb que ya ha provocado la nueva ley.\" \/>\n<meta name=\"robots\" content=\"index, follow, max-snippet:-1, max-image-preview:large, max-video-preview:-1\" \/>\n<link rel=\"canonical\" href=\"https:\/\/www.revistarambla.com\/en\/un-ano-de-exclusion-sanitaria\/\" \/>\n<meta property=\"og:locale\" content=\"en_GB\" \/>\n<meta property=\"og:type\" content=\"article\" \/>\n<meta property=\"og:title\" content=\"Un a\u00f1o de exclusi\u00f3n sanitaria - Revista Rambla\" \/>\n<meta property=\"og:description\" content=\"La plataforma pide desobedecer el decreto ante los \u00abcientos de casos de exclusi\u00f3n sanitaria\u00bb que ya ha provocado la nueva ley.\" \/>\n<meta property=\"og:url\" content=\"https:\/\/www.revistarambla.com\/en\/un-ano-de-exclusion-sanitaria\/\" \/>\n<meta property=\"og:site_name\" content=\"Revista Rambla\" \/>\n<meta property=\"article:publisher\" content=\"https:\/\/www.facebook.com\/revistarambla\/\" \/>\n<meta property=\"article:author\" content=\"https:\/\/www.facebook.com\/revistarambla\" \/>\n<meta property=\"article:published_time\" content=\"2013-10-21T06:44:21+00:00\" \/>\n<meta property=\"article:modified_time\" content=\"2024-05-02T19:38:51+00:00\" \/>\n<meta property=\"og:image\" content=\"https:\/\/www.revistarambla.com\/wp-content\/uploads\/2022\/02\/MEDICOS-MADRID2.jpg\" \/>\n\t<meta property=\"og:image:width\" content=\"1170\" \/>\n\t<meta property=\"og:image:height\" content=\"657\" \/>\n\t<meta property=\"og:image:type\" content=\"image\/jpeg\" \/>\n<meta name=\"author\" content=\"R@mbla\" \/>\n<meta name=\"twitter:card\" content=\"summary_large_image\" \/>\n<meta name=\"twitter:creator\" content=\"@revistarambla\" \/>\n<meta name=\"twitter:site\" content=\"@revistarambla\" \/>\n<meta name=\"twitter:label1\" content=\"Written by\" \/>\n\t<meta name=\"twitter:data1\" content=\"R@mbla\" \/>\n\t<meta name=\"twitter:label2\" content=\"Estimated reading time\" \/>\n\t<meta name=\"twitter:data2\" content=\"5 minutes\" \/>\n<script type=\"application\/ld+json\" class=\"yoast-schema-graph\">{\"@context\":\"https:\\\/\\\/schema.org\",\"@graph\":[{\"@type\":\"Article\",\"@id\":\"https:\\\/\\\/www.revistarambla.com\\\/un-ano-de-exclusion-sanitaria\\\/#article\",\"isPartOf\":{\"@id\":\"https:\\\/\\\/www.revistarambla.com\\\/un-ano-de-exclusion-sanitaria\\\/\"},\"author\":{\"name\":\"R@mbla\",\"@id\":\"https:\\\/\\\/www.revistarambla.com\\\/#\\\/schema\\\/person\\\/a146a5a2550b94981a75131180e1bd9c\"},\"headline\":\"Un a\u00f1o de exclusi\u00f3n sanitaria\",\"datePublished\":\"2013-10-21T06:44:21+00:00\",\"dateModified\":\"2024-05-02T19:38:51+00:00\",\"mainEntityOfPage\":{\"@id\":\"https:\\\/\\\/www.revistarambla.com\\\/un-ano-de-exclusion-sanitaria\\\/\"},\"wordCount\":973,\"commentCount\":0,\"publisher\":{\"@id\":\"https:\\\/\\\/www.revistarambla.com\\\/#organization\"},\"image\":{\"@id\":\"https:\\\/\\\/www.revistarambla.com\\\/un-ano-de-exclusion-sanitaria\\\/#primaryimage\"},\"thumbnailUrl\":\"https:\\\/\\\/www.revistarambla.com\\\/wp-content\\\/uploads\\\/2022\\\/02\\\/MEDICOS-MADRID2.jpg\",\"articleSection\":[\"Estado Espa\u00f1ol\"],\"inLanguage\":\"en-GB\",\"potentialAction\":[{\"@type\":\"CommentAction\",\"name\":\"Comment\",\"target\":[\"https:\\\/\\\/www.revistarambla.com\\\/un-ano-de-exclusion-sanitaria\\\/#respond\"]}]},{\"@type\":\"WebPage\",\"@id\":\"https:\\\/\\\/www.revistarambla.com\\\/un-ano-de-exclusion-sanitaria\\\/\",\"url\":\"https:\\\/\\\/www.revistarambla.com\\\/un-ano-de-exclusion-sanitaria\\\/\",\"name\":\"Un a\u00f1o de exclusi\u00f3n sanitaria - Revista Rambla\",\"isPartOf\":{\"@id\":\"https:\\\/\\\/www.revistarambla.com\\\/#website\"},\"primaryImageOfPage\":{\"@id\":\"https:\\\/\\\/www.revistarambla.com\\\/un-ano-de-exclusion-sanitaria\\\/#primaryimage\"},\"image\":{\"@id\":\"https:\\\/\\\/www.revistarambla.com\\\/un-ano-de-exclusion-sanitaria\\\/#primaryimage\"},\"thumbnailUrl\":\"https:\\\/\\\/www.revistarambla.com\\\/wp-content\\\/uploads\\\/2022\\\/02\\\/MEDICOS-MADRID2.jpg\",\"datePublished\":\"2013-10-21T06:44:21+00:00\",\"dateModified\":\"2024-05-02T19:38:51+00:00\",\"description\":\"La plataforma pide desobedecer el decreto ante los \u00abcientos de casos de exclusi\u00f3n sanitaria\u00bb que ya ha provocado la nueva ley.\",\"breadcrumb\":{\"@id\":\"https:\\\/\\\/www.revistarambla.com\\\/un-ano-de-exclusion-sanitaria\\\/#breadcrumb\"},\"inLanguage\":\"en-GB\",\"potentialAction\":[{\"@type\":\"ReadAction\",\"target\":[\"https:\\\/\\\/www.revistarambla.com\\\/un-ano-de-exclusion-sanitaria\\\/\"]}]},{\"@type\":\"ImageObject\",\"inLanguage\":\"en-GB\",\"@id\":\"https:\\\/\\\/www.revistarambla.com\\\/un-ano-de-exclusion-sanitaria\\\/#primaryimage\",\"url\":\"https:\\\/\\\/www.revistarambla.com\\\/wp-content\\\/uploads\\\/2022\\\/02\\\/MEDICOS-MADRID2.jpg\",\"contentUrl\":\"https:\\\/\\\/www.revistarambla.com\\\/wp-content\\\/uploads\\\/2022\\\/02\\\/MEDICOS-MADRID2.jpg\",\"width\":1170,\"height\":657,\"caption\":\"medicos sanidad madrid exclusi\u00f3n sanitaria\"},{\"@type\":\"BreadcrumbList\",\"@id\":\"https:\\\/\\\/www.revistarambla.com\\\/un-ano-de-exclusion-sanitaria\\\/#breadcrumb\",\"itemListElement\":[{\"@type\":\"ListItem\",\"position\":1,\"name\":\"Portada\",\"item\":\"https:\\\/\\\/www.revistarambla.com\\\/\"},{\"@type\":\"ListItem\",\"position\":2,\"name\":\"Un a\u00f1o de exclusi\u00f3n sanitaria\"}]},{\"@type\":\"WebSite\",\"@id\":\"https:\\\/\\\/www.revistarambla.com\\\/#website\",\"url\":\"https:\\\/\\\/www.revistarambla.com\\\/\",\"name\":\"Revista Rambla Barcelona\",\"description\":\"Periodismo independiente\",\"publisher\":{\"@id\":\"https:\\\/\\\/www.revistarambla.com\\\/#organization\"},\"potentialAction\":[{\"@type\":\"SearchAction\",\"target\":{\"@type\":\"EntryPoint\",\"urlTemplate\":\"https:\\\/\\\/www.revistarambla.com\\\/?s={search_term_string}\"},\"query-input\":{\"@type\":\"PropertyValueSpecification\",\"valueRequired\":true,\"valueName\":\"search_term_string\"}}],\"inLanguage\":\"en-GB\"},{\"@type\":\"Organization\",\"@id\":\"https:\\\/\\\/www.revistarambla.com\\\/#organization\",\"name\":\"Revista Rambla\",\"url\":\"https:\\\/\\\/www.revistarambla.com\\\/\",\"logo\":{\"@type\":\"ImageObject\",\"inLanguage\":\"en-GB\",\"@id\":\"https:\\\/\\\/www.revistarambla.com\\\/#\\\/schema\\\/logo\\\/image\\\/\",\"url\":\"https:\\\/\\\/www.revistarambla.com\\\/wp-content\\\/uploads\\\/2020\\\/09\\\/banner_rambla_1900x600_BB.png\",\"contentUrl\":\"https:\\\/\\\/www.revistarambla.com\\\/wp-content\\\/uploads\\\/2020\\\/09\\\/banner_rambla_1900x600_BB.png\",\"width\":1900,\"height\":600,\"caption\":\"Revista Rambla\"},\"image\":{\"@id\":\"https:\\\/\\\/www.revistarambla.com\\\/#\\\/schema\\\/logo\\\/image\\\/\"},\"sameAs\":[\"https:\\\/\\\/www.facebook.com\\\/revistarambla\\\/\",\"https:\\\/\\\/x.com\\\/revistarambla\",\"https:\\\/\\\/www.instagram.com\\\/revista_rambla\",\"https:\\\/\\\/es.linkedin.com\\\/company\\\/revista-rambla\"]},{\"@type\":\"Person\",\"@id\":\"https:\\\/\\\/www.revistarambla.com\\\/#\\\/schema\\\/person\\\/a146a5a2550b94981a75131180e1bd9c\",\"name\":\"R@mbla\",\"description\":\"Este art\u00edculo ha sido redactado y\\\/o validado por el equipo de redacci\u00f3n de Revista Rambla.\",\"sameAs\":[\"https:\\\/\\\/www.revistarambla.com\\\/\",\"https:\\\/\\\/www.facebook.com\\\/revistarambla\",\"https:\\\/\\\/x.com\\\/revistarambla\"]}]}<\/script>\n<!-- \/ Yoast SEO plugin. -->","yoast_head_json":{"title":"Un a\u00f1o de exclusi\u00f3n sanitaria - Revista Rambla","description":"La plataforma pide desobedecer el decreto ante los \u00abcientos de casos de exclusi\u00f3n sanitaria\u00bb que ya ha provocado la nueva ley.","robots":{"index":"index","follow":"follow","max-snippet":"max-snippet:-1","max-image-preview":"max-image-preview:large","max-video-preview":"max-video-preview:-1"},"canonical":"https:\/\/www.revistarambla.com\/en\/un-ano-de-exclusion-sanitaria\/","og_locale":"en_GB","og_type":"article","og_title":"Un a\u00f1o de exclusi\u00f3n sanitaria - Revista Rambla","og_description":"La plataforma pide desobedecer el decreto ante los \u00abcientos de casos de exclusi\u00f3n sanitaria\u00bb que ya ha provocado la nueva ley.","og_url":"https:\/\/www.revistarambla.com\/en\/un-ano-de-exclusion-sanitaria\/","og_site_name":"Revista Rambla","article_publisher":"https:\/\/www.facebook.com\/revistarambla\/","article_author":"https:\/\/www.facebook.com\/revistarambla","article_published_time":"2013-10-21T06:44:21+00:00","article_modified_time":"2024-05-02T19:38:51+00:00","og_image":[{"width":1170,"height":657,"url":"https:\/\/www.revistarambla.com\/wp-content\/uploads\/2022\/02\/MEDICOS-MADRID2.jpg","type":"image\/jpeg"}],"author":"R@mbla","twitter_card":"summary_large_image","twitter_creator":"@revistarambla","twitter_site":"@revistarambla","twitter_misc":{"Written by":"R@mbla","Estimated reading time":"5 minutes"},"schema":{"@context":"https:\/\/schema.org","@graph":[{"@type":"Article","@id":"https:\/\/www.revistarambla.com\/un-ano-de-exclusion-sanitaria\/#article","isPartOf":{"@id":"https:\/\/www.revistarambla.com\/un-ano-de-exclusion-sanitaria\/"},"author":{"name":"R@mbla","@id":"https:\/\/www.revistarambla.com\/#\/schema\/person\/a146a5a2550b94981a75131180e1bd9c"},"headline":"Un a\u00f1o de exclusi\u00f3n sanitaria","datePublished":"2013-10-21T06:44:21+00:00","dateModified":"2024-05-02T19:38:51+00:00","mainEntityOfPage":{"@id":"https:\/\/www.revistarambla.com\/un-ano-de-exclusion-sanitaria\/"},"wordCount":973,"commentCount":0,"publisher":{"@id":"https:\/\/www.revistarambla.com\/#organization"},"image":{"@id":"https:\/\/www.revistarambla.com\/un-ano-de-exclusion-sanitaria\/#primaryimage"},"thumbnailUrl":"https:\/\/www.revistarambla.com\/wp-content\/uploads\/2022\/02\/MEDICOS-MADRID2.jpg","articleSection":["Estado Espa\u00f1ol"],"inLanguage":"en-GB","potentialAction":[{"@type":"CommentAction","name":"Comment","target":["https:\/\/www.revistarambla.com\/un-ano-de-exclusion-sanitaria\/#respond"]}]},{"@type":"WebPage","@id":"https:\/\/www.revistarambla.com\/un-ano-de-exclusion-sanitaria\/","url":"https:\/\/www.revistarambla.com\/un-ano-de-exclusion-sanitaria\/","name":"Un a\u00f1o de exclusi\u00f3n sanitaria - Revista Rambla","isPartOf":{"@id":"https:\/\/www.revistarambla.com\/#website"},"primaryImageOfPage":{"@id":"https:\/\/www.revistarambla.com\/un-ano-de-exclusion-sanitaria\/#primaryimage"},"image":{"@id":"https:\/\/www.revistarambla.com\/un-ano-de-exclusion-sanitaria\/#primaryimage"},"thumbnailUrl":"https:\/\/www.revistarambla.com\/wp-content\/uploads\/2022\/02\/MEDICOS-MADRID2.jpg","datePublished":"2013-10-21T06:44:21+00:00","dateModified":"2024-05-02T19:38:51+00:00","description":"La plataforma pide desobedecer el decreto ante los \u00abcientos de casos de exclusi\u00f3n sanitaria\u00bb que ya ha provocado la nueva ley.","breadcrumb":{"@id":"https:\/\/www.revistarambla.com\/un-ano-de-exclusion-sanitaria\/#breadcrumb"},"inLanguage":"en-GB","potentialAction":[{"@type":"ReadAction","target":["https:\/\/www.revistarambla.com\/un-ano-de-exclusion-sanitaria\/"]}]},{"@type":"ImageObject","inLanguage":"en-GB","@id":"https:\/\/www.revistarambla.com\/un-ano-de-exclusion-sanitaria\/#primaryimage","url":"https:\/\/www.revistarambla.com\/wp-content\/uploads\/2022\/02\/MEDICOS-MADRID2.jpg","contentUrl":"https:\/\/www.revistarambla.com\/wp-content\/uploads\/2022\/02\/MEDICOS-MADRID2.jpg","width":1170,"height":657,"caption":"medicos sanidad madrid exclusi\u00f3n sanitaria"},{"@type":"BreadcrumbList","@id":"https:\/\/www.revistarambla.com\/un-ano-de-exclusion-sanitaria\/#breadcrumb","itemListElement":[{"@type":"ListItem","position":1,"name":"Portada","item":"https:\/\/www.revistarambla.com\/"},{"@type":"ListItem","position":2,"name":"Un a\u00f1o de exclusi\u00f3n sanitaria"}]},{"@type":"WebSite","@id":"https:\/\/www.revistarambla.com\/#website","url":"https:\/\/www.revistarambla.com\/","name":"Revista Rambla Barcelona","description":"Periodismo independiente","publisher":{"@id":"https:\/\/www.revistarambla.com\/#organization"},"potentialAction":[{"@type":"SearchAction","target":{"@type":"EntryPoint","urlTemplate":"https:\/\/www.revistarambla.com\/?s={search_term_string}"},"query-input":{"@type":"PropertyValueSpecification","valueRequired":true,"valueName":"search_term_string"}}],"inLanguage":"en-GB"},{"@type":"Organization","@id":"https:\/\/www.revistarambla.com\/#organization","name":"Revista Rambla","url":"https:\/\/www.revistarambla.com\/","logo":{"@type":"ImageObject","inLanguage":"en-GB","@id":"https:\/\/www.revistarambla.com\/#\/schema\/logo\/image\/","url":"https:\/\/www.revistarambla.com\/wp-content\/uploads\/2020\/09\/banner_rambla_1900x600_BB.png","contentUrl":"https:\/\/www.revistarambla.com\/wp-content\/uploads\/2020\/09\/banner_rambla_1900x600_BB.png","width":1900,"height":600,"caption":"Revista Rambla"},"image":{"@id":"https:\/\/www.revistarambla.com\/#\/schema\/logo\/image\/"},"sameAs":["https:\/\/www.facebook.com\/revistarambla\/","https:\/\/x.com\/revistarambla","https:\/\/www.instagram.com\/revista_rambla","https:\/\/es.linkedin.com\/company\/revista-rambla"]},{"@type":"Person","@id":"https:\/\/www.revistarambla.com\/#\/schema\/person\/a146a5a2550b94981a75131180e1bd9c","name":"R@mbla","description":"Este art\u00edculo ha sido redactado y\/o validado por el equipo de redacci\u00f3n de Revista Rambla.","sameAs":["https:\/\/www.revistarambla.com\/","https:\/\/www.facebook.com\/revistarambla","https:\/\/x.com\/revistarambla"]}]}},"_links":{"self":[{"href":"https:\/\/www.revistarambla.com\/en\/wp-json\/wp\/v2\/posts\/4103","targetHints":{"allow":["GET"]}}],"collection":[{"href":"https:\/\/www.revistarambla.com\/en\/wp-json\/wp\/v2\/posts"}],"about":[{"href":"https:\/\/www.revistarambla.com\/en\/wp-json\/wp\/v2\/types\/post"}],"author":[{"embeddable":true,"href":"https:\/\/www.revistarambla.com\/en\/wp-json\/wp\/v2\/users\/3"}],"replies":[{"embeddable":true,"href":"https:\/\/www.revistarambla.com\/en\/wp-json\/wp\/v2\/comments?post=4103"}],"version-history":[{"count":2,"href":"https:\/\/www.revistarambla.com\/en\/wp-json\/wp\/v2\/posts\/4103\/revisions"}],"predecessor-version":[{"id":59922,"href":"https:\/\/www.revistarambla.com\/en\/wp-json\/wp\/v2\/posts\/4103\/revisions\/59922"}],"wp:featuredmedia":[{"embeddable":true,"href":"https:\/\/www.revistarambla.com\/en\/wp-json\/wp\/v2\/media\/38925"}],"wp:attachment":[{"href":"https:\/\/www.revistarambla.com\/en\/wp-json\/wp\/v2\/media?parent=4103"}],"wp:term":[{"taxonomy":"category","embeddable":true,"href":"https:\/\/www.revistarambla.com\/en\/wp-json\/wp\/v2\/categories?post=4103"},{"taxonomy":"post_tag","embeddable":true,"href":"https:\/\/www.revistarambla.com\/en\/wp-json\/wp\/v2\/tags?post=4103"}],"curies":[{"name":"wp","href":"https:\/\/api.w.org\/{rel}","templated":true}]}}