{"id":4102,"date":"2013-10-21T06:33:55","date_gmt":"2013-10-21T06:33:55","guid":{"rendered":"https:\/\/www.revistarambla.com\/la-isla-de-bowen-premio-literatura-juvenil\/"},"modified":"2024-05-02T21:29:42","modified_gmt":"2024-05-02T19:29:42","slug":"la-isla-de-bowen-premio-literatura-juvenil","status":"publish","type":"post","link":"https:\/\/www.revistarambla.com\/en\/la-isla-de-bowen-premio-literatura-juvenil\/","title":{"rendered":"\u00abLa Isla de Bowen\u00bb: Premio Literatura Juvenil"},"content":{"rendered":"<p>C\u00e9sar Mallorqu\u00ed (<a href=\"https:\/\/www.revistarambla.com\/en\/actualidad\/barcelona\/\">Barcelona<\/a>, 1953) obtuvo el Premio Nacional de Literatura Infantil y Juvenil con la novela \u201cLa isla de Bowen\u201d. Un homenaje a las novelas de aventuras en general y a las de <a href=\"https:\/\/www.revistarambla.com\/en\/jules-verne-en-casa-su-propia-narracion-de-su-vida-y-obra\/\">Julio Verne<\/a> en particular, donde las referencias al escritor galo son claras, como el nombre del velero, Saint-Michel, con el que Verne hizo dos traves\u00edas por el Mediterr\u00e1neo que le llevaron a visitar Vigo y C\u00e1diz.<\/p>\n<p>C\u00e9sar, como ya sabr\u00e1n los letraheridos, es hijo del m\u00e1s luminoso de los escritores de literatura popular que hemos tenido en Espa\u00f1a, Jos\u00e9 Mallorqu\u00ed, el padre de \u201cEl Coyote\u201d. C\u00e9sar ha declarado que esta novela la ha escrito para \u00e9l, para su disfrute, la mejor forma para que los lectores tambi\u00e9n disfrutemos, y con \u201cLa isla de Bowen\u201d lo estamos haciendo.<\/p>\n<p><img decoding=\"async\" class=\"aligncenter wp-image-4101 size-full\" src=\"https:\/\/www.revistarambla.com\/wp-content\/uploads\/2013\/10\/isla_revistarambla_02.jpg\" alt=\"literatura juvenil\" width=\"236\" height=\"372\" srcset=\"https:\/\/www.revistarambla.com\/wp-content\/uploads\/2013\/10\/isla_revistarambla_02.jpg 236w, https:\/\/www.revistarambla.com\/wp-content\/uploads\/2013\/10\/isla_revistarambla_02-190x300.jpg 190w\" sizes=\"(max-width: 236px) 100vw, 236px\" \/><\/p>\n<h2>Sinopsis libro literatura juvenil<\/h2>\n<p>Estamos en 1920. Todo comienza con el asesinato del marinero ingl\u00e9s Jeremiah Perkins en Havoysund, un peque\u00f1o puerto noruego situado en el \u00c1rtico, y con el misterioso paquete que, antes de morir, Perkins envi\u00f3 a Lady Elisabeth Faraday. O quiz\u00e1 la historia empezara antes, cuando se descubrieron unas extra\u00f1as reliquias en el interior de una viej\u00edsima cripta medieval, pues fue precisamente una de esas reliquias imposibles la causa de que el malhumorado profesor Ulises Zarco, director de la sociedad geogr\u00e1fica SIGMA, se embarcara en una aventura inimaginable a bordo del Saint-Michel.<\/p>\n<p>Tanto Zarco como su ayudante, Adri\u00e1n Cairo, han recorrido el mundo enfrent\u00e1ndose a toda clase de peligros, igual que el capit\u00e1n Verne y su tripulaci\u00f3n, o el joven fot\u00f3grafo Samuel Durango, e incluso las dos damas inglesas que les han solicitado ayuda; pero ninguno de ellos estaba preparado para afrontar el temible misterio que envuelve a la isla de Bowen, m\u00e1s all\u00e1 del c\u00edrculo polar \u00e1rtico\u2026<\/p>","protected":false},"excerpt":{"rendered":"<p>C\u00e9sar Mallorqu\u00ed (Barcelona, 1953) obtuvo el Premio Nacional de Literatura Infantil y Juvenil con la novela \u201cLa isla de Bowen\u201d. Un homenaje a las novelas de aventuras en general y a las de Julio Verne en particular, donde las referencias al escritor galo son claras, como el nombre del velero, [&hellip;]<\/p>\n","protected":false},"author":3,"featured_media":4101,"comment_status":"open","ping_status":"open","sticky":false,"template":"","format":"standard","meta":{"footnotes":""},"categories":[60],"tags":[],"class_list":["post-4102","post","type-post","status-publish","format-standard","has-post-thumbnail","hentry","category-libros"],"yoast_head":"<!-- This site is optimized with the Yoast SEO plugin v27.5 - https:\/\/yoast.com\/product\/yoast-seo-wordpress\/ -->\n<title>&quot;La Isla de Bowen&quot;: Premio Literatura Juvenil - Revista Rambla<\/title>\n<meta name=\"description\" content=\"C\u00e9sar Mallorqu\u00ed (Barcelona, 1953) obtuvo el Premio Nacional de Literatura Infantil y Juvenil con la novela \u201cLa isla de Bowen\u201d.\" \/>\n<meta name=\"robots\" content=\"index, follow, max-snippet:-1, max-image-preview:large, max-video-preview:-1\" \/>\n<link rel=\"canonical\" href=\"https:\/\/www.revistarambla.com\/en\/la-isla-de-bowen-premio-literatura-juvenil\/\" \/>\n<meta property=\"og:locale\" content=\"en_GB\" \/>\n<meta property=\"og:type\" content=\"article\" \/>\n<meta property=\"og:title\" content=\"&quot;La Isla de Bowen&quot;: Premio Literatura Juvenil - Revista Rambla\" \/>\n<meta property=\"og:description\" content=\"C\u00e9sar Mallorqu\u00ed (Barcelona, 1953) obtuvo el Premio Nacional de Literatura Infantil y Juvenil con la novela \u201cLa isla de Bowen\u201d.\" \/>\n<meta property=\"og:url\" content=\"https:\/\/www.revistarambla.com\/en\/la-isla-de-bowen-premio-literatura-juvenil\/\" \/>\n<meta property=\"og:site_name\" content=\"Revista Rambla\" \/>\n<meta property=\"article:publisher\" content=\"https:\/\/www.facebook.com\/revistarambla\/\" \/>\n<meta property=\"article:author\" content=\"https:\/\/www.facebook.com\/revistarambla\" \/>\n<meta property=\"article:published_time\" content=\"2013-10-21T06:33:55+00:00\" \/>\n<meta property=\"article:modified_time\" content=\"2024-05-02T19:29:42+00:00\" \/>\n<meta property=\"og:image\" content=\"https:\/\/www.revistarambla.com\/wp-content\/uploads\/2013\/10\/isla_revistarambla_02.jpg\" \/>\n\t<meta property=\"og:image:width\" content=\"236\" \/>\n\t<meta property=\"og:image:height\" content=\"372\" \/>\n\t<meta property=\"og:image:type\" content=\"image\/jpeg\" \/>\n<meta name=\"author\" content=\"R@mbla\" \/>\n<meta name=\"twitter:card\" content=\"summary_large_image\" \/>\n<meta name=\"twitter:creator\" content=\"@revistarambla\" \/>\n<meta name=\"twitter:site\" content=\"@revistarambla\" \/>\n<meta name=\"twitter:label1\" content=\"Written by\" \/>\n\t<meta name=\"twitter:data1\" content=\"R@mbla\" \/>\n\t<meta name=\"twitter:label2\" content=\"Estimated reading time\" \/>\n\t<meta name=\"twitter:data2\" content=\"2 minutes\" \/>\n<script type=\"application\/ld+json\" class=\"yoast-schema-graph\">{\"@context\":\"https:\\\/\\\/schema.org\",\"@graph\":[{\"@type\":\"Article\",\"@id\":\"https:\\\/\\\/www.revistarambla.com\\\/la-isla-de-bowen-premio-literatura-juvenil\\\/#article\",\"isPartOf\":{\"@id\":\"https:\\\/\\\/www.revistarambla.com\\\/la-isla-de-bowen-premio-literatura-juvenil\\\/\"},\"author\":{\"name\":\"R@mbla\",\"@id\":\"https:\\\/\\\/www.revistarambla.com\\\/#\\\/schema\\\/person\\\/a146a5a2550b94981a75131180e1bd9c\"},\"headline\":\"\u00abLa Isla de Bowen\u00bb: Premio Literatura Juvenil\",\"datePublished\":\"2013-10-21T06:33:55+00:00\",\"dateModified\":\"2024-05-02T19:29:42+00:00\",\"mainEntityOfPage\":{\"@id\":\"https:\\\/\\\/www.revistarambla.com\\\/la-isla-de-bowen-premio-literatura-juvenil\\\/\"},\"wordCount\":318,\"commentCount\":0,\"publisher\":{\"@id\":\"https:\\\/\\\/www.revistarambla.com\\\/#organization\"},\"image\":{\"@id\":\"https:\\\/\\\/www.revistarambla.com\\\/la-isla-de-bowen-premio-literatura-juvenil\\\/#primaryimage\"},\"thumbnailUrl\":\"https:\\\/\\\/www.revistarambla.com\\\/wp-content\\\/uploads\\\/2013\\\/10\\\/isla_revistarambla_02.jpg\",\"articleSection\":[\"Libros\"],\"inLanguage\":\"en-GB\",\"potentialAction\":[{\"@type\":\"CommentAction\",\"name\":\"Comment\",\"target\":[\"https:\\\/\\\/www.revistarambla.com\\\/la-isla-de-bowen-premio-literatura-juvenil\\\/#respond\"]}]},{\"@type\":\"WebPage\",\"@id\":\"https:\\\/\\\/www.revistarambla.com\\\/la-isla-de-bowen-premio-literatura-juvenil\\\/\",\"url\":\"https:\\\/\\\/www.revistarambla.com\\\/la-isla-de-bowen-premio-literatura-juvenil\\\/\",\"name\":\"\\\"La Isla de Bowen\\\": Premio Literatura Juvenil - Revista Rambla\",\"isPartOf\":{\"@id\":\"https:\\\/\\\/www.revistarambla.com\\\/#website\"},\"primaryImageOfPage\":{\"@id\":\"https:\\\/\\\/www.revistarambla.com\\\/la-isla-de-bowen-premio-literatura-juvenil\\\/#primaryimage\"},\"image\":{\"@id\":\"https:\\\/\\\/www.revistarambla.com\\\/la-isla-de-bowen-premio-literatura-juvenil\\\/#primaryimage\"},\"thumbnailUrl\":\"https:\\\/\\\/www.revistarambla.com\\\/wp-content\\\/uploads\\\/2013\\\/10\\\/isla_revistarambla_02.jpg\",\"datePublished\":\"2013-10-21T06:33:55+00:00\",\"dateModified\":\"2024-05-02T19:29:42+00:00\",\"description\":\"C\u00e9sar Mallorqu\u00ed (Barcelona, 1953) obtuvo el Premio Nacional de Literatura Infantil y Juvenil con la novela \u201cLa isla de Bowen\u201d.\",\"breadcrumb\":{\"@id\":\"https:\\\/\\\/www.revistarambla.com\\\/la-isla-de-bowen-premio-literatura-juvenil\\\/#breadcrumb\"},\"inLanguage\":\"en-GB\",\"potentialAction\":[{\"@type\":\"ReadAction\",\"target\":[\"https:\\\/\\\/www.revistarambla.com\\\/la-isla-de-bowen-premio-literatura-juvenil\\\/\"]}]},{\"@type\":\"ImageObject\",\"inLanguage\":\"en-GB\",\"@id\":\"https:\\\/\\\/www.revistarambla.com\\\/la-isla-de-bowen-premio-literatura-juvenil\\\/#primaryimage\",\"url\":\"https:\\\/\\\/www.revistarambla.com\\\/wp-content\\\/uploads\\\/2013\\\/10\\\/isla_revistarambla_02.jpg\",\"contentUrl\":\"https:\\\/\\\/www.revistarambla.com\\\/wp-content\\\/uploads\\\/2013\\\/10\\\/isla_revistarambla_02.jpg\",\"width\":236,\"height\":372,\"caption\":\"literatura juvenil\"},{\"@type\":\"BreadcrumbList\",\"@id\":\"https:\\\/\\\/www.revistarambla.com\\\/la-isla-de-bowen-premio-literatura-juvenil\\\/#breadcrumb\",\"itemListElement\":[{\"@type\":\"ListItem\",\"position\":1,\"name\":\"Portada\",\"item\":\"https:\\\/\\\/www.revistarambla.com\\\/\"},{\"@type\":\"ListItem\",\"position\":2,\"name\":\"&#8220;La Isla de Bowen&#8221;: Premio Literatura Juvenil\"}]},{\"@type\":\"WebSite\",\"@id\":\"https:\\\/\\\/www.revistarambla.com\\\/#website\",\"url\":\"https:\\\/\\\/www.revistarambla.com\\\/\",\"name\":\"Revista Rambla Barcelona\",\"description\":\"Periodismo independiente\",\"publisher\":{\"@id\":\"https:\\\/\\\/www.revistarambla.com\\\/#organization\"},\"potentialAction\":[{\"@type\":\"SearchAction\",\"target\":{\"@type\":\"EntryPoint\",\"urlTemplate\":\"https:\\\/\\\/www.revistarambla.com\\\/?s={search_term_string}\"},\"query-input\":{\"@type\":\"PropertyValueSpecification\",\"valueRequired\":true,\"valueName\":\"search_term_string\"}}],\"inLanguage\":\"en-GB\"},{\"@type\":\"Organization\",\"@id\":\"https:\\\/\\\/www.revistarambla.com\\\/#organization\",\"name\":\"Revista Rambla\",\"url\":\"https:\\\/\\\/www.revistarambla.com\\\/\",\"logo\":{\"@type\":\"ImageObject\",\"inLanguage\":\"en-GB\",\"@id\":\"https:\\\/\\\/www.revistarambla.com\\\/#\\\/schema\\\/logo\\\/image\\\/\",\"url\":\"https:\\\/\\\/www.revistarambla.com\\\/wp-content\\\/uploads\\\/2020\\\/09\\\/banner_rambla_1900x600_BB.png\",\"contentUrl\":\"https:\\\/\\\/www.revistarambla.com\\\/wp-content\\\/uploads\\\/2020\\\/09\\\/banner_rambla_1900x600_BB.png\",\"width\":1900,\"height\":600,\"caption\":\"Revista Rambla\"},\"image\":{\"@id\":\"https:\\\/\\\/www.revistarambla.com\\\/#\\\/schema\\\/logo\\\/image\\\/\"},\"sameAs\":[\"https:\\\/\\\/www.facebook.com\\\/revistarambla\\\/\",\"https:\\\/\\\/x.com\\\/revistarambla\",\"https:\\\/\\\/www.instagram.com\\\/revista_rambla\",\"https:\\\/\\\/es.linkedin.com\\\/company\\\/revista-rambla\"]},{\"@type\":\"Person\",\"@id\":\"https:\\\/\\\/www.revistarambla.com\\\/#\\\/schema\\\/person\\\/a146a5a2550b94981a75131180e1bd9c\",\"name\":\"R@mbla\",\"description\":\"Este art\u00edculo ha sido redactado y\\\/o validado por el equipo de redacci\u00f3n de Revista Rambla.\",\"sameAs\":[\"https:\\\/\\\/www.revistarambla.com\\\/\",\"https:\\\/\\\/www.facebook.com\\\/revistarambla\",\"https:\\\/\\\/x.com\\\/revistarambla\"]}]}<\/script>\n<!-- \/ Yoast SEO plugin. -->","yoast_head_json":{"title":"\"La Isla de Bowen\": Premio Literatura Juvenil - Revista Rambla","description":"C\u00e9sar Mallorqu\u00ed (Barcelona, 1953) obtuvo el Premio Nacional de Literatura Infantil y Juvenil con la novela \u201cLa isla de Bowen\u201d.","robots":{"index":"index","follow":"follow","max-snippet":"max-snippet:-1","max-image-preview":"max-image-preview:large","max-video-preview":"max-video-preview:-1"},"canonical":"https:\/\/www.revistarambla.com\/en\/la-isla-de-bowen-premio-literatura-juvenil\/","og_locale":"en_GB","og_type":"article","og_title":"\"La Isla de Bowen\": Premio Literatura Juvenil - Revista Rambla","og_description":"C\u00e9sar Mallorqu\u00ed (Barcelona, 1953) obtuvo el Premio Nacional de Literatura Infantil y Juvenil con la novela \u201cLa isla de Bowen\u201d.","og_url":"https:\/\/www.revistarambla.com\/en\/la-isla-de-bowen-premio-literatura-juvenil\/","og_site_name":"Revista Rambla","article_publisher":"https:\/\/www.facebook.com\/revistarambla\/","article_author":"https:\/\/www.facebook.com\/revistarambla","article_published_time":"2013-10-21T06:33:55+00:00","article_modified_time":"2024-05-02T19:29:42+00:00","og_image":[{"width":236,"height":372,"url":"https:\/\/www.revistarambla.com\/wp-content\/uploads\/2013\/10\/isla_revistarambla_02.jpg","type":"image\/jpeg"}],"author":"R@mbla","twitter_card":"summary_large_image","twitter_creator":"@revistarambla","twitter_site":"@revistarambla","twitter_misc":{"Written by":"R@mbla","Estimated reading time":"2 minutes"},"schema":{"@context":"https:\/\/schema.org","@graph":[{"@type":"Article","@id":"https:\/\/www.revistarambla.com\/la-isla-de-bowen-premio-literatura-juvenil\/#article","isPartOf":{"@id":"https:\/\/www.revistarambla.com\/la-isla-de-bowen-premio-literatura-juvenil\/"},"author":{"name":"R@mbla","@id":"https:\/\/www.revistarambla.com\/#\/schema\/person\/a146a5a2550b94981a75131180e1bd9c"},"headline":"\u00abLa Isla de Bowen\u00bb: Premio Literatura Juvenil","datePublished":"2013-10-21T06:33:55+00:00","dateModified":"2024-05-02T19:29:42+00:00","mainEntityOfPage":{"@id":"https:\/\/www.revistarambla.com\/la-isla-de-bowen-premio-literatura-juvenil\/"},"wordCount":318,"commentCount":0,"publisher":{"@id":"https:\/\/www.revistarambla.com\/#organization"},"image":{"@id":"https:\/\/www.revistarambla.com\/la-isla-de-bowen-premio-literatura-juvenil\/#primaryimage"},"thumbnailUrl":"https:\/\/www.revistarambla.com\/wp-content\/uploads\/2013\/10\/isla_revistarambla_02.jpg","articleSection":["Libros"],"inLanguage":"en-GB","potentialAction":[{"@type":"CommentAction","name":"Comment","target":["https:\/\/www.revistarambla.com\/la-isla-de-bowen-premio-literatura-juvenil\/#respond"]}]},{"@type":"WebPage","@id":"https:\/\/www.revistarambla.com\/la-isla-de-bowen-premio-literatura-juvenil\/","url":"https:\/\/www.revistarambla.com\/la-isla-de-bowen-premio-literatura-juvenil\/","name":"\"La Isla de Bowen\": Premio Literatura Juvenil - Revista Rambla","isPartOf":{"@id":"https:\/\/www.revistarambla.com\/#website"},"primaryImageOfPage":{"@id":"https:\/\/www.revistarambla.com\/la-isla-de-bowen-premio-literatura-juvenil\/#primaryimage"},"image":{"@id":"https:\/\/www.revistarambla.com\/la-isla-de-bowen-premio-literatura-juvenil\/#primaryimage"},"thumbnailUrl":"https:\/\/www.revistarambla.com\/wp-content\/uploads\/2013\/10\/isla_revistarambla_02.jpg","datePublished":"2013-10-21T06:33:55+00:00","dateModified":"2024-05-02T19:29:42+00:00","description":"C\u00e9sar Mallorqu\u00ed (Barcelona, 1953) obtuvo el Premio Nacional de Literatura Infantil y Juvenil con la novela \u201cLa isla de Bowen\u201d.","breadcrumb":{"@id":"https:\/\/www.revistarambla.com\/la-isla-de-bowen-premio-literatura-juvenil\/#breadcrumb"},"inLanguage":"en-GB","potentialAction":[{"@type":"ReadAction","target":["https:\/\/www.revistarambla.com\/la-isla-de-bowen-premio-literatura-juvenil\/"]}]},{"@type":"ImageObject","inLanguage":"en-GB","@id":"https:\/\/www.revistarambla.com\/la-isla-de-bowen-premio-literatura-juvenil\/#primaryimage","url":"https:\/\/www.revistarambla.com\/wp-content\/uploads\/2013\/10\/isla_revistarambla_02.jpg","contentUrl":"https:\/\/www.revistarambla.com\/wp-content\/uploads\/2013\/10\/isla_revistarambla_02.jpg","width":236,"height":372,"caption":"literatura juvenil"},{"@type":"BreadcrumbList","@id":"https:\/\/www.revistarambla.com\/la-isla-de-bowen-premio-literatura-juvenil\/#breadcrumb","itemListElement":[{"@type":"ListItem","position":1,"name":"Portada","item":"https:\/\/www.revistarambla.com\/"},{"@type":"ListItem","position":2,"name":"&#8220;La Isla de Bowen&#8221;: Premio Literatura Juvenil"}]},{"@type":"WebSite","@id":"https:\/\/www.revistarambla.com\/#website","url":"https:\/\/www.revistarambla.com\/","name":"Revista Rambla Barcelona","description":"Periodismo independiente","publisher":{"@id":"https:\/\/www.revistarambla.com\/#organization"},"potentialAction":[{"@type":"SearchAction","target":{"@type":"EntryPoint","urlTemplate":"https:\/\/www.revistarambla.com\/?s={search_term_string}"},"query-input":{"@type":"PropertyValueSpecification","valueRequired":true,"valueName":"search_term_string"}}],"inLanguage":"en-GB"},{"@type":"Organization","@id":"https:\/\/www.revistarambla.com\/#organization","name":"Revista Rambla","url":"https:\/\/www.revistarambla.com\/","logo":{"@type":"ImageObject","inLanguage":"en-GB","@id":"https:\/\/www.revistarambla.com\/#\/schema\/logo\/image\/","url":"https:\/\/www.revistarambla.com\/wp-content\/uploads\/2020\/09\/banner_rambla_1900x600_BB.png","contentUrl":"https:\/\/www.revistarambla.com\/wp-content\/uploads\/2020\/09\/banner_rambla_1900x600_BB.png","width":1900,"height":600,"caption":"Revista Rambla"},"image":{"@id":"https:\/\/www.revistarambla.com\/#\/schema\/logo\/image\/"},"sameAs":["https:\/\/www.facebook.com\/revistarambla\/","https:\/\/x.com\/revistarambla","https:\/\/www.instagram.com\/revista_rambla","https:\/\/es.linkedin.com\/company\/revista-rambla"]},{"@type":"Person","@id":"https:\/\/www.revistarambla.com\/#\/schema\/person\/a146a5a2550b94981a75131180e1bd9c","name":"R@mbla","description":"Este art\u00edculo ha sido redactado y\/o validado por el equipo de redacci\u00f3n de Revista Rambla.","sameAs":["https:\/\/www.revistarambla.com\/","https:\/\/www.facebook.com\/revistarambla","https:\/\/x.com\/revistarambla"]}]}},"_links":{"self":[{"href":"https:\/\/www.revistarambla.com\/en\/wp-json\/wp\/v2\/posts\/4102","targetHints":{"allow":["GET"]}}],"collection":[{"href":"https:\/\/www.revistarambla.com\/en\/wp-json\/wp\/v2\/posts"}],"about":[{"href":"https:\/\/www.revistarambla.com\/en\/wp-json\/wp\/v2\/types\/post"}],"author":[{"embeddable":true,"href":"https:\/\/www.revistarambla.com\/en\/wp-json\/wp\/v2\/users\/3"}],"replies":[{"embeddable":true,"href":"https:\/\/www.revistarambla.com\/en\/wp-json\/wp\/v2\/comments?post=4102"}],"version-history":[{"count":2,"href":"https:\/\/www.revistarambla.com\/en\/wp-json\/wp\/v2\/posts\/4102\/revisions"}],"predecessor-version":[{"id":59920,"href":"https:\/\/www.revistarambla.com\/en\/wp-json\/wp\/v2\/posts\/4102\/revisions\/59920"}],"wp:featuredmedia":[{"embeddable":true,"href":"https:\/\/www.revistarambla.com\/en\/wp-json\/wp\/v2\/media\/4101"}],"wp:attachment":[{"href":"https:\/\/www.revistarambla.com\/en\/wp-json\/wp\/v2\/media?parent=4102"}],"wp:term":[{"taxonomy":"category","embeddable":true,"href":"https:\/\/www.revistarambla.com\/en\/wp-json\/wp\/v2\/categories?post=4102"},{"taxonomy":"post_tag","embeddable":true,"href":"https:\/\/www.revistarambla.com\/en\/wp-json\/wp\/v2\/tags?post=4102"}],"curies":[{"name":"wp","href":"https:\/\/api.w.org\/{rel}","templated":true}]}}