{"id":4098,"date":"2013-10-20T22:28:09","date_gmt":"2013-10-20T22:28:09","guid":{"rendered":"https:\/\/www.revistarambla.com\/los-munones\/"},"modified":"2021-06-02T20:58:26","modified_gmt":"2021-06-02T18:58:26","slug":"los-munones","status":"publish","type":"post","link":"https:\/\/www.revistarambla.com\/en\/los-munones\/","title":{"rendered":"Los mu\u00f1ones"},"content":{"rendered":"<p>Hay visiones que nos dejan sumidos en la repulsi\u00f3n, la angustia, el miedo. Resulta dif\u00edcil evitar estas at\u00e1vicas reacciones cuando nuestra mirada tropieza, por ejemplo, con la deformaci\u00f3n de los cuerpos o la amputada ausencia de un mu\u00f1\u00f3n. Deformaciones y mu\u00f1ones como los que experimentan cada d\u00eda en carne propia las m\u00e1s de 180 v\u00edctimas de la talidomida que, tras medio siglo de espera, est\u00e1n pendientes de la sentencia que un juzgado de Madrid debe dictaminar en los pr\u00f3ximos d\u00edas sobre su denuncia contra la farmac\u00e9utica Gr\u00fcnental como fabricante del producto.<\/p>\n<p><img decoding=\"async\" class=\"aligncenter wp-image-33248 size-full\" src=\"https:\/\/www.revistarambla.com\/wp-content\/uploads\/2013\/10\/Imagen-de-Luciana-Christante-con-Licencia-CCBY-NC-ND-2.0.jpg\" alt=\"\" width=\"500\" height=\"250\" srcset=\"https:\/\/www.revistarambla.com\/wp-content\/uploads\/2013\/10\/Imagen-de-Luciana-Christante-con-Licencia-CCBY-NC-ND-2.0.jpg 500w, https:\/\/www.revistarambla.com\/wp-content\/uploads\/2013\/10\/Imagen-de-Luciana-Christante-con-Licencia-CCBY-NC-ND-2.0-300x150.jpg 300w\" sizes=\"(max-width: 500px) 100vw, 500px\" \/><\/p>\n<p>La talidomina se administr\u00f3 a mujeres durante los a\u00f1os 50 y 60 del siglo para paliar sus n\u00e1useas durante el embarazo. Sin embargo, para miles de ellas el precio a pagar por aliviar aquellas angustias pasajeras fue el espanto de ver nacer a sus hijos con mu\u00f1ones en lugar de miembros, con brazos y piernas malformados, ciegos, sordos o con irreversibles da\u00f1os cerebrales. Desde 1961 el tratamiento fue retirado para embarazadas ante el riesgo evidente que supon\u00eda, aunque en Espa\u00f1a su prohibici\u00f3n no se aplic\u00f3 hasta varios a\u00f1os m\u00e1s tarde.<\/p>\n<p>Tampoco llegaron para las v\u00edctimas espa\u00f1olas las indemnizaciones que Gr\u00fcnental pag\u00f3 a los afectados de otros pa\u00edses. De hecho, ah\u00ed siguen pendientes de lo que dictamine el juzgado para ser reconocidos como damnificados por la firma alemana que sigue rechazando que se cuantifiquen econ\u00f3micamente sus responsabilidades en Espa\u00f1a y considera prescritos los hechos. Eso s\u00ed, la empresa farmac\u00e9utica no tiene reparos en mostrar toda su solidaridad para con los afectados del mundo a quienes, incluso, dedic\u00f3 como homenaje la estatua en bronce de una ni\u00f1a sin brazos y piernas deformada que desde 2012 est\u00e1 instalada en Stolberg.<\/p>\n<p>Posiblemente, una de las cuestiones que m\u00e1s sobrecogen de la historia de estos hombres y mujeres deformados es pensar que el origen de sus deformaciones se esconde en as\u00e9pticas recetas con los que paliar el malestar de una futura madre. La bata blanca de Josef Mengele se recubre as\u00ed con un aura c\u00e1ndida de filantrop\u00eda, al tiempo que la obsesi\u00f3n eugen\u00e9sica del \u00c1ngel de la Muerte deja paso a la fr\u00eda obcecaci\u00f3n por el balance de resultados de la empresa. En cualquier caso, el resultado \u00faltimo se asemeja: el mu\u00f1\u00f3n se exhibe como presencia, como biograf\u00eda impuesta a una v\u00edctima ignorada que hoy, medio siglo m\u00e1s tarde, todav\u00eda sigue esperando en los tribunales su derecho a ser reconocida como tal.<\/p>\n<p>Claro que Espa\u00f1a es tierra propicia para desesperanzadas esperas de las v\u00edctimas. Por eso no sorprende que estos d\u00edas, en paralelo al juicio por la talidomida, hayamos podido ver la alegr\u00eda mostrada por el ministro de Econom\u00eda Luis de Guindos, el vicepresidente de Asuntos Econ\u00f3micos de la Uni\u00f3n Europea Olli Rehn o el presidente del Eurogrupo Jeroen Dijsselbloem a prop\u00f3sito de los buenos resultados del rescate de la banca espa\u00f1ola. Todos se han apresurado en alabar el tratamiento de choque que ha permitido obrar el milagro de salvar a los banqueros de la crisis, al tiempo que omiten las contraindicaciones y los efectos secundarios de unas recetas que nos est\u00e1n condenanda de por vida a los mu\u00f1ones sociales que arrastramos.<\/p>\n<p>Lo peor de todo es que, pese a las evidencias, los expertos insisten en seguir suministr\u00e1ndonos nuevas dosis de esta talidomida neoliberal, con medidas como la reforma local que env\u00eda al limbo de las incertidumbres m\u00e1s de 3.000 millones de gasto social, o imponiendo nuevos ajustes en los presupuestos de 2013. Frente a ello el caso de Gr\u00fcnental nos deja como consuelo la posibilidad, de alg\u00fan d\u00eda, poder ver en el banquillo a los responsables de nuestros males, aunque para ello tengamos que esperar m\u00e1s de medio siglo. Hasta puede que podamos so\u00f1ar con una condena.<\/p>\n<p>Claro que tambi\u00e9n es posible, qui\u00e9n sabe, que todo se solucione con una escueta disculpa: Un buen d\u00eda nos digan que lo sienten y quiz\u00e1s hasta dediquen una estatua a nuestras tullidas desgracias.<\/p>","protected":false},"excerpt":{"rendered":"<p>Hay visiones que nos dejan sumidos en la repulsi\u00f3n, la angustia, el miedo. Resulta dif\u00edcil evitar estas at\u00e1vicas reacciones cuando nuestra mirada tropieza, por ejemplo, con la deformaci\u00f3n de los cuerpos o la amputada ausencia de un mu\u00f1\u00f3n. Deformaciones y mu\u00f1ones como los que experimentan cada d\u00eda en carne propia [&hellip;]<\/p>\n","protected":false},"author":3,"featured_media":33248,"comment_status":"open","ping_status":"open","sticky":false,"template":"","format":"standard","meta":{"footnotes":""},"categories":[72],"tags":[],"class_list":["post-4098","post","type-post","status-publish","format-standard","has-post-thumbnail","hentry","category-opinion"],"yoast_head":"<!-- This site is optimized with the Yoast SEO plugin v27.5 - https:\/\/yoast.com\/product\/yoast-seo-wordpress\/ -->\n<title>Los mu\u00f1ones - Revista Rambla<\/title>\n<meta name=\"robots\" content=\"index, follow, max-snippet:-1, max-image-preview:large, max-video-preview:-1\" \/>\n<link rel=\"canonical\" href=\"https:\/\/www.revistarambla.com\/en\/los-munones\/\" \/>\n<meta property=\"og:locale\" content=\"en_GB\" \/>\n<meta property=\"og:type\" content=\"article\" \/>\n<meta property=\"og:title\" content=\"Los mu\u00f1ones - Revista Rambla\" \/>\n<meta property=\"og:description\" content=\"Hay visiones que nos dejan sumidos en la repulsi\u00f3n, la angustia, el miedo. Resulta dif\u00edcil evitar estas at\u00e1vicas reacciones cuando nuestra mirada tropieza, por ejemplo, con la deformaci\u00f3n de los cuerpos o la amputada ausencia de un mu\u00f1\u00f3n. Deformaciones y mu\u00f1ones como los que experimentan cada d\u00eda en carne propia [&hellip;]\" \/>\n<meta property=\"og:url\" content=\"https:\/\/www.revistarambla.com\/en\/los-munones\/\" \/>\n<meta property=\"og:site_name\" content=\"Revista Rambla\" \/>\n<meta property=\"article:publisher\" content=\"https:\/\/www.facebook.com\/revistarambla\/\" \/>\n<meta property=\"article:author\" content=\"https:\/\/www.facebook.com\/revistarambla\" \/>\n<meta property=\"article:published_time\" content=\"2013-10-20T22:28:09+00:00\" \/>\n<meta property=\"article:modified_time\" content=\"2021-06-02T18:58:26+00:00\" \/>\n<meta property=\"og:image\" content=\"https:\/\/i1.wp.com\/www.revistarambla.com\/wp-content\/uploads\/2013\/10\/Imagen-de-Luciana-Christante-con-Licencia-CCBY-NC-ND-2.0.jpg?fit=500%2C250&ssl=1\" \/>\n\t<meta property=\"og:image:width\" content=\"500\" \/>\n\t<meta property=\"og:image:height\" content=\"250\" \/>\n\t<meta property=\"og:image:type\" content=\"image\/jpeg\" \/>\n<meta name=\"author\" content=\"R@mbla\" \/>\n<meta name=\"twitter:card\" content=\"summary_large_image\" \/>\n<meta name=\"twitter:creator\" content=\"@revistarambla\" \/>\n<meta name=\"twitter:site\" content=\"@revistarambla\" \/>\n<meta name=\"twitter:label1\" content=\"Written by\" \/>\n\t<meta name=\"twitter:data1\" content=\"R@mbla\" \/>\n\t<meta name=\"twitter:label2\" content=\"Estimated reading time\" \/>\n\t<meta name=\"twitter:data2\" content=\"4 minutes\" \/>\n<script type=\"application\/ld+json\" class=\"yoast-schema-graph\">{\"@context\":\"https:\\\/\\\/schema.org\",\"@graph\":[{\"@type\":\"Article\",\"@id\":\"https:\\\/\\\/www.revistarambla.com\\\/los-munones\\\/#article\",\"isPartOf\":{\"@id\":\"https:\\\/\\\/www.revistarambla.com\\\/los-munones\\\/\"},\"author\":{\"name\":\"R@mbla\",\"@id\":\"https:\\\/\\\/www.revistarambla.com\\\/#\\\/schema\\\/person\\\/a146a5a2550b94981a75131180e1bd9c\"},\"headline\":\"Los mu\u00f1ones\",\"datePublished\":\"2013-10-20T22:28:09+00:00\",\"dateModified\":\"2021-06-02T18:58:26+00:00\",\"mainEntityOfPage\":{\"@id\":\"https:\\\/\\\/www.revistarambla.com\\\/los-munones\\\/\"},\"wordCount\":710,\"commentCount\":0,\"publisher\":{\"@id\":\"https:\\\/\\\/www.revistarambla.com\\\/#organization\"},\"image\":{\"@id\":\"https:\\\/\\\/www.revistarambla.com\\\/los-munones\\\/#primaryimage\"},\"thumbnailUrl\":\"https:\\\/\\\/www.revistarambla.com\\\/wp-content\\\/uploads\\\/2013\\\/10\\\/Imagen-de-Luciana-Christante-con-Licencia-CCBY-NC-ND-2.0.jpg\",\"articleSection\":[\"Opiniones\"],\"inLanguage\":\"en-GB\",\"potentialAction\":[{\"@type\":\"CommentAction\",\"name\":\"Comment\",\"target\":[\"https:\\\/\\\/www.revistarambla.com\\\/los-munones\\\/#respond\"]}]},{\"@type\":\"WebPage\",\"@id\":\"https:\\\/\\\/www.revistarambla.com\\\/los-munones\\\/\",\"url\":\"https:\\\/\\\/www.revistarambla.com\\\/los-munones\\\/\",\"name\":\"Los mu\u00f1ones - Revista Rambla\",\"isPartOf\":{\"@id\":\"https:\\\/\\\/www.revistarambla.com\\\/#website\"},\"primaryImageOfPage\":{\"@id\":\"https:\\\/\\\/www.revistarambla.com\\\/los-munones\\\/#primaryimage\"},\"image\":{\"@id\":\"https:\\\/\\\/www.revistarambla.com\\\/los-munones\\\/#primaryimage\"},\"thumbnailUrl\":\"https:\\\/\\\/www.revistarambla.com\\\/wp-content\\\/uploads\\\/2013\\\/10\\\/Imagen-de-Luciana-Christante-con-Licencia-CCBY-NC-ND-2.0.jpg\",\"datePublished\":\"2013-10-20T22:28:09+00:00\",\"dateModified\":\"2021-06-02T18:58:26+00:00\",\"breadcrumb\":{\"@id\":\"https:\\\/\\\/www.revistarambla.com\\\/los-munones\\\/#breadcrumb\"},\"inLanguage\":\"en-GB\",\"potentialAction\":[{\"@type\":\"ReadAction\",\"target\":[\"https:\\\/\\\/www.revistarambla.com\\\/los-munones\\\/\"]}]},{\"@type\":\"ImageObject\",\"inLanguage\":\"en-GB\",\"@id\":\"https:\\\/\\\/www.revistarambla.com\\\/los-munones\\\/#primaryimage\",\"url\":\"https:\\\/\\\/www.revistarambla.com\\\/wp-content\\\/uploads\\\/2013\\\/10\\\/Imagen-de-Luciana-Christante-con-Licencia-CCBY-NC-ND-2.0.jpg\",\"contentUrl\":\"https:\\\/\\\/www.revistarambla.com\\\/wp-content\\\/uploads\\\/2013\\\/10\\\/Imagen-de-Luciana-Christante-con-Licencia-CCBY-NC-ND-2.0.jpg\",\"width\":500,\"height\":250},{\"@type\":\"BreadcrumbList\",\"@id\":\"https:\\\/\\\/www.revistarambla.com\\\/los-munones\\\/#breadcrumb\",\"itemListElement\":[{\"@type\":\"ListItem\",\"position\":1,\"name\":\"Portada\",\"item\":\"https:\\\/\\\/www.revistarambla.com\\\/\"},{\"@type\":\"ListItem\",\"position\":2,\"name\":\"Los mu\u00f1ones\"}]},{\"@type\":\"WebSite\",\"@id\":\"https:\\\/\\\/www.revistarambla.com\\\/#website\",\"url\":\"https:\\\/\\\/www.revistarambla.com\\\/\",\"name\":\"Revista Rambla Barcelona\",\"description\":\"Periodismo independiente\",\"publisher\":{\"@id\":\"https:\\\/\\\/www.revistarambla.com\\\/#organization\"},\"potentialAction\":[{\"@type\":\"SearchAction\",\"target\":{\"@type\":\"EntryPoint\",\"urlTemplate\":\"https:\\\/\\\/www.revistarambla.com\\\/?s={search_term_string}\"},\"query-input\":{\"@type\":\"PropertyValueSpecification\",\"valueRequired\":true,\"valueName\":\"search_term_string\"}}],\"inLanguage\":\"en-GB\"},{\"@type\":\"Organization\",\"@id\":\"https:\\\/\\\/www.revistarambla.com\\\/#organization\",\"name\":\"Revista Rambla\",\"url\":\"https:\\\/\\\/www.revistarambla.com\\\/\",\"logo\":{\"@type\":\"ImageObject\",\"inLanguage\":\"en-GB\",\"@id\":\"https:\\\/\\\/www.revistarambla.com\\\/#\\\/schema\\\/logo\\\/image\\\/\",\"url\":\"https:\\\/\\\/www.revistarambla.com\\\/wp-content\\\/uploads\\\/2020\\\/09\\\/banner_rambla_1900x600_BB.png\",\"contentUrl\":\"https:\\\/\\\/www.revistarambla.com\\\/wp-content\\\/uploads\\\/2020\\\/09\\\/banner_rambla_1900x600_BB.png\",\"width\":1900,\"height\":600,\"caption\":\"Revista Rambla\"},\"image\":{\"@id\":\"https:\\\/\\\/www.revistarambla.com\\\/#\\\/schema\\\/logo\\\/image\\\/\"},\"sameAs\":[\"https:\\\/\\\/www.facebook.com\\\/revistarambla\\\/\",\"https:\\\/\\\/x.com\\\/revistarambla\",\"https:\\\/\\\/www.instagram.com\\\/revista_rambla\",\"https:\\\/\\\/es.linkedin.com\\\/company\\\/revista-rambla\"]},{\"@type\":\"Person\",\"@id\":\"https:\\\/\\\/www.revistarambla.com\\\/#\\\/schema\\\/person\\\/a146a5a2550b94981a75131180e1bd9c\",\"name\":\"R@mbla\",\"description\":\"Este art\u00edculo ha sido redactado y\\\/o validado por el equipo de redacci\u00f3n de Revista Rambla.\",\"sameAs\":[\"https:\\\/\\\/www.revistarambla.com\\\/\",\"https:\\\/\\\/www.facebook.com\\\/revistarambla\",\"https:\\\/\\\/x.com\\\/revistarambla\"]}]}<\/script>\n<!-- \/ Yoast SEO plugin. -->","yoast_head_json":{"title":"Los mu\u00f1ones - Revista Rambla","robots":{"index":"index","follow":"follow","max-snippet":"max-snippet:-1","max-image-preview":"max-image-preview:large","max-video-preview":"max-video-preview:-1"},"canonical":"https:\/\/www.revistarambla.com\/en\/los-munones\/","og_locale":"en_GB","og_type":"article","og_title":"Los mu\u00f1ones - Revista Rambla","og_description":"Hay visiones que nos dejan sumidos en la repulsi\u00f3n, la angustia, el miedo. Resulta dif\u00edcil evitar estas at\u00e1vicas reacciones cuando nuestra mirada tropieza, por ejemplo, con la deformaci\u00f3n de los cuerpos o la amputada ausencia de un mu\u00f1\u00f3n. Deformaciones y mu\u00f1ones como los que experimentan cada d\u00eda en carne propia [&hellip;]","og_url":"https:\/\/www.revistarambla.com\/en\/los-munones\/","og_site_name":"Revista Rambla","article_publisher":"https:\/\/www.facebook.com\/revistarambla\/","article_author":"https:\/\/www.facebook.com\/revistarambla","article_published_time":"2013-10-20T22:28:09+00:00","article_modified_time":"2021-06-02T18:58:26+00:00","og_image":[{"width":500,"height":250,"url":"https:\/\/i1.wp.com\/www.revistarambla.com\/wp-content\/uploads\/2013\/10\/Imagen-de-Luciana-Christante-con-Licencia-CCBY-NC-ND-2.0.jpg?fit=500%2C250&ssl=1","type":"image\/jpeg"}],"author":"R@mbla","twitter_card":"summary_large_image","twitter_creator":"@revistarambla","twitter_site":"@revistarambla","twitter_misc":{"Written by":"R@mbla","Estimated reading time":"4 minutes"},"schema":{"@context":"https:\/\/schema.org","@graph":[{"@type":"Article","@id":"https:\/\/www.revistarambla.com\/los-munones\/#article","isPartOf":{"@id":"https:\/\/www.revistarambla.com\/los-munones\/"},"author":{"name":"R@mbla","@id":"https:\/\/www.revistarambla.com\/#\/schema\/person\/a146a5a2550b94981a75131180e1bd9c"},"headline":"Los mu\u00f1ones","datePublished":"2013-10-20T22:28:09+00:00","dateModified":"2021-06-02T18:58:26+00:00","mainEntityOfPage":{"@id":"https:\/\/www.revistarambla.com\/los-munones\/"},"wordCount":710,"commentCount":0,"publisher":{"@id":"https:\/\/www.revistarambla.com\/#organization"},"image":{"@id":"https:\/\/www.revistarambla.com\/los-munones\/#primaryimage"},"thumbnailUrl":"https:\/\/www.revistarambla.com\/wp-content\/uploads\/2013\/10\/Imagen-de-Luciana-Christante-con-Licencia-CCBY-NC-ND-2.0.jpg","articleSection":["Opiniones"],"inLanguage":"en-GB","potentialAction":[{"@type":"CommentAction","name":"Comment","target":["https:\/\/www.revistarambla.com\/los-munones\/#respond"]}]},{"@type":"WebPage","@id":"https:\/\/www.revistarambla.com\/los-munones\/","url":"https:\/\/www.revistarambla.com\/los-munones\/","name":"Los mu\u00f1ones - Revista Rambla","isPartOf":{"@id":"https:\/\/www.revistarambla.com\/#website"},"primaryImageOfPage":{"@id":"https:\/\/www.revistarambla.com\/los-munones\/#primaryimage"},"image":{"@id":"https:\/\/www.revistarambla.com\/los-munones\/#primaryimage"},"thumbnailUrl":"https:\/\/www.revistarambla.com\/wp-content\/uploads\/2013\/10\/Imagen-de-Luciana-Christante-con-Licencia-CCBY-NC-ND-2.0.jpg","datePublished":"2013-10-20T22:28:09+00:00","dateModified":"2021-06-02T18:58:26+00:00","breadcrumb":{"@id":"https:\/\/www.revistarambla.com\/los-munones\/#breadcrumb"},"inLanguage":"en-GB","potentialAction":[{"@type":"ReadAction","target":["https:\/\/www.revistarambla.com\/los-munones\/"]}]},{"@type":"ImageObject","inLanguage":"en-GB","@id":"https:\/\/www.revistarambla.com\/los-munones\/#primaryimage","url":"https:\/\/www.revistarambla.com\/wp-content\/uploads\/2013\/10\/Imagen-de-Luciana-Christante-con-Licencia-CCBY-NC-ND-2.0.jpg","contentUrl":"https:\/\/www.revistarambla.com\/wp-content\/uploads\/2013\/10\/Imagen-de-Luciana-Christante-con-Licencia-CCBY-NC-ND-2.0.jpg","width":500,"height":250},{"@type":"BreadcrumbList","@id":"https:\/\/www.revistarambla.com\/los-munones\/#breadcrumb","itemListElement":[{"@type":"ListItem","position":1,"name":"Portada","item":"https:\/\/www.revistarambla.com\/"},{"@type":"ListItem","position":2,"name":"Los mu\u00f1ones"}]},{"@type":"WebSite","@id":"https:\/\/www.revistarambla.com\/#website","url":"https:\/\/www.revistarambla.com\/","name":"Revista Rambla Barcelona","description":"Periodismo independiente","publisher":{"@id":"https:\/\/www.revistarambla.com\/#organization"},"potentialAction":[{"@type":"SearchAction","target":{"@type":"EntryPoint","urlTemplate":"https:\/\/www.revistarambla.com\/?s={search_term_string}"},"query-input":{"@type":"PropertyValueSpecification","valueRequired":true,"valueName":"search_term_string"}}],"inLanguage":"en-GB"},{"@type":"Organization","@id":"https:\/\/www.revistarambla.com\/#organization","name":"Revista Rambla","url":"https:\/\/www.revistarambla.com\/","logo":{"@type":"ImageObject","inLanguage":"en-GB","@id":"https:\/\/www.revistarambla.com\/#\/schema\/logo\/image\/","url":"https:\/\/www.revistarambla.com\/wp-content\/uploads\/2020\/09\/banner_rambla_1900x600_BB.png","contentUrl":"https:\/\/www.revistarambla.com\/wp-content\/uploads\/2020\/09\/banner_rambla_1900x600_BB.png","width":1900,"height":600,"caption":"Revista Rambla"},"image":{"@id":"https:\/\/www.revistarambla.com\/#\/schema\/logo\/image\/"},"sameAs":["https:\/\/www.facebook.com\/revistarambla\/","https:\/\/x.com\/revistarambla","https:\/\/www.instagram.com\/revista_rambla","https:\/\/es.linkedin.com\/company\/revista-rambla"]},{"@type":"Person","@id":"https:\/\/www.revistarambla.com\/#\/schema\/person\/a146a5a2550b94981a75131180e1bd9c","name":"R@mbla","description":"Este art\u00edculo ha sido redactado y\/o validado por el equipo de redacci\u00f3n de Revista Rambla.","sameAs":["https:\/\/www.revistarambla.com\/","https:\/\/www.facebook.com\/revistarambla","https:\/\/x.com\/revistarambla"]}]}},"_links":{"self":[{"href":"https:\/\/www.revistarambla.com\/en\/wp-json\/wp\/v2\/posts\/4098","targetHints":{"allow":["GET"]}}],"collection":[{"href":"https:\/\/www.revistarambla.com\/en\/wp-json\/wp\/v2\/posts"}],"about":[{"href":"https:\/\/www.revistarambla.com\/en\/wp-json\/wp\/v2\/types\/post"}],"author":[{"embeddable":true,"href":"https:\/\/www.revistarambla.com\/en\/wp-json\/wp\/v2\/users\/3"}],"replies":[{"embeddable":true,"href":"https:\/\/www.revistarambla.com\/en\/wp-json\/wp\/v2\/comments?post=4098"}],"version-history":[{"count":0,"href":"https:\/\/www.revistarambla.com\/en\/wp-json\/wp\/v2\/posts\/4098\/revisions"}],"wp:featuredmedia":[{"embeddable":true,"href":"https:\/\/www.revistarambla.com\/en\/wp-json\/wp\/v2\/media\/33248"}],"wp:attachment":[{"href":"https:\/\/www.revistarambla.com\/en\/wp-json\/wp\/v2\/media?parent=4098"}],"wp:term":[{"taxonomy":"category","embeddable":true,"href":"https:\/\/www.revistarambla.com\/en\/wp-json\/wp\/v2\/categories?post=4098"},{"taxonomy":"post_tag","embeddable":true,"href":"https:\/\/www.revistarambla.com\/en\/wp-json\/wp\/v2\/tags?post=4098"}],"curies":[{"name":"wp","href":"https:\/\/api.w.org\/{rel}","templated":true}]}}