{"id":40933,"date":"2022-04-06T13:35:08","date_gmt":"2022-04-06T11:35:08","guid":{"rendered":"https:\/\/www.revistarambla.com\/?p=40933"},"modified":"2022-04-06T13:38:32","modified_gmt":"2022-04-06T11:38:32","slug":"el-nuevo-virus-patogeno-de-la-economia-mundial","status":"publish","type":"post","link":"https:\/\/www.revistarambla.com\/en\/el-nuevo-virus-patogeno-de-la-economia-mundial\/","title":{"rendered":"El nuevo virus pat\u00f3geno de la econom\u00eda mundial"},"content":{"rendered":"<p>Tras una etapa econ\u00f3mica dulce impulsada por favorables vientos de cola, la irrupci\u00f3n de una borrasca pand\u00e9mica procedente de Ucrania provocar\u00e1 vientos huracanados de direcci\u00f3n ca\u00f3tica que podr\u00edan tambalear los cimientos de la econom\u00eda mundial.<\/p>\n<p>As\u00ed, tras la guerra de Ucrania asistiremos a la aparici\u00f3n de un nuevo pat\u00f3geno, (el DDD) que podr\u00eda acabar arrasando todo rastro de brotes verdes en la econom\u00eda mundial al poseer un ADN dotado de la triple enzima D (Deuda P\u00fablica desorbitante, Desbocada inflaci\u00f3n y Desempleo end\u00e9mico) y que podr\u00eda generar un estancamiento secular (<em>secular stagnation<\/em>).<\/p>\n<p>As\u00ed, el recalentamiento de la econom\u00eda estadounidense podr\u00eda acelerar la subida de tipos del D\u00f3lar y la retirada de ayudas de la Fed (<em>tapering<\/em>) podr\u00eda acabar lastrando la incipiente y fr\u00e1gil recuperaci\u00f3n econ\u00f3mica mundial, ya que el fen\u00f3meno de la globalizaci\u00f3n econ\u00f3mica ha conseguido que todos los elementos racionales de la econom\u00eda est\u00e9n interrelacionados entre s\u00ed debido a la consolidaci\u00f3n de los oligopolios, la convergencia tecnol\u00f3gica y los acuerdos t\u00e1citos corporativos.<\/p>\n<p>As\u00ed, la desbocada inflaci\u00f3n en EEUU triplicar\u00e1 la subida de tipos de inter\u00e9s del d\u00f3lar en el 2022, haciendo que los inversionistas se distancien de los activos de renta variable y que los bajistas se alcen con el tim\u00f3n de la nave burs\u00e1til mundial, derivando en una psicosis vendedora que podr\u00eda desencadenar el estallido de la actual burbuja burs\u00e1til.<\/p>\n<p>Una inflaci\u00f3n desbocada conlleva la p\u00e9rdida de poder adquisitivo de trabajadores y funcionarios, la contracci\u00f3n del consumo interno, as\u00ed como la desincentivaci\u00f3n del ahorro y b\u00fasqueda de rentas fuera de las actividades productivas. Asimismo, podr\u00eda provocar en un futuro mediato una desertizaci\u00f3n productiva que fuera incapaz de satisfacer la demanda de productos b\u00e1sicos y la posterior estanflaci\u00f3n.<\/p>\n<p>Dicho t\u00e9rmino supone la combinaci\u00f3n de una inflaci\u00f3n desbocada y un escenario de recesi\u00f3n econ\u00f3mica (una econom\u00eda entra en recesi\u00f3n t\u00e9cnica despu\u00e9s de dos trimestres de ca\u00eddas consecutivas del PIB nacional seg\u00fan el FMI) y es un t\u00e9rmino acu\u00f1ado en 1965 por el entonces ministro de Finanzas brit\u00e1nico, Ian McLeod que utiliz\u00f3 la palabra <em>stagflation <\/em>en un discurso ante el parlamento Brit\u00e1nico.<\/p>\n<p>Se trata de una de las m\u00e1s peligrosas combinaciones para la econom\u00eda, ya que ambos elementos distorsionan el mercado y la terapia de choque para combatir el estancamiento econ\u00f3mico tiene como efecto secundario el incremento de la inflaci\u00f3n.<\/p>\n<p>As\u00ed, para incentivar el consumo y salir de la recesi\u00f3n se requieren terapias basadas en la expansi\u00f3n fiscal y monetaria, medidas que a su vez generan m\u00e1s inflaci\u00f3n, lo que al final deviene en un c\u00edrculo explosivo, pues conlleva incrementos del precio del dinero por parte de los Bancos Centrales que provocar\u00e1n la asfixia econ\u00f3mica de incontables pa\u00edses con una Deuda P\u00fablica estratosf\u00e9rica.<\/p>\n<p>Dicha Deuda ser\u00eda fruto de la sustituci\u00f3n de la doctrina econ\u00f3mica de Equilibrio presupuestario de los Estados por la del D\u00e9ficit end\u00e9mico, (pr\u00e1ctica que por mimetismo adoptaron las econom\u00edas dom\u00e9sticas y las empresas y organismos p\u00fablicos y privados), y que han contribuido a la desaparici\u00f3n de la cultura del ahorro, al endeudamiento cr\u00f3nico y a la excesiva dependencia de la Financiaci\u00f3n Exterior.<\/p>\n<p>Ello, aunado con el crecimiento estratosf\u00e9rico de los precios del crudo y energ\u00e9ticos, forzar\u00e1 a los pa\u00edses a adoptar pol\u00edticas de decrecimiento con la subsiguiente contracci\u00f3n del comercio mundial y que provocar\u00e1n el finiquito de la globalizaci\u00f3n econ\u00f3mica, teniendo como efectos colaterales el fin del turismo de masas, el retorno de las empresas deslocalizadas, la entronizaci\u00f3n de la econom\u00eda circular y de los productos de etiqueta ECO que terminar\u00e1n por perfilar el retorno a los compartimentos econ\u00f3micos estancos en el horizonte del pr\u00f3ximo quinquenio.<\/p>","protected":false},"excerpt":{"rendered":"<p>Una inflaci\u00f3n desbocada conlleva la p\u00e9rdida de poder adquisitivo de trabajadores y funcionarios, la contracci\u00f3n del consumo interno, as\u00ed como la desincentivaci\u00f3n del ahorro y b\u00fasqueda de rentas fuera de las actividades productivas<\/p>","protected":false},"author":16,"featured_media":40934,"comment_status":"closed","ping_status":"open","sticky":false,"template":"","format":"standard","meta":{"footnotes":""},"categories":[72],"tags":[],"class_list":["post-40933","post","type-post","status-publish","format-standard","has-post-thumbnail","hentry","category-opinion"],"yoast_head":"<!-- This site is optimized with the Yoast SEO plugin v27.5 - https:\/\/yoast.com\/product\/yoast-seo-wordpress\/ -->\n<title>El nuevo virus pat\u00f3geno de la econom\u00eda mundial - Revista Rambla<\/title>\n<meta name=\"robots\" content=\"index, follow, max-snippet:-1, max-image-preview:large, max-video-preview:-1\" \/>\n<link rel=\"canonical\" href=\"https:\/\/www.revistarambla.com\/en\/el-nuevo-virus-patogeno-de-la-economia-mundial\/\" \/>\n<meta property=\"og:locale\" content=\"en_GB\" \/>\n<meta property=\"og:type\" content=\"article\" \/>\n<meta property=\"og:title\" content=\"El nuevo virus pat\u00f3geno de la econom\u00eda mundial - Revista Rambla\" \/>\n<meta property=\"og:description\" content=\"Una inflaci\u00f3n desbocada conlleva la p\u00e9rdida de poder adquisitivo de trabajadores y funcionarios, la contracci\u00f3n del consumo interno, as\u00ed como la desincentivaci\u00f3n del ahorro y b\u00fasqueda de rentas fuera de las actividades productivas\" \/>\n<meta property=\"og:url\" content=\"https:\/\/www.revistarambla.com\/en\/el-nuevo-virus-patogeno-de-la-economia-mundial\/\" \/>\n<meta property=\"og:site_name\" content=\"Revista Rambla\" \/>\n<meta property=\"article:publisher\" content=\"https:\/\/www.facebook.com\/revistarambla\/\" \/>\n<meta property=\"article:published_time\" content=\"2022-04-06T11:35:08+00:00\" \/>\n<meta property=\"article:modified_time\" content=\"2022-04-06T11:38:32+00:00\" \/>\n<meta property=\"og:image\" content=\"https:\/\/www.revistarambla.com\/wp-content\/uploads\/2022\/04\/piqsels.com-id-ojcmp-scaled.jpg\" \/>\n\t<meta property=\"og:image:width\" content=\"2560\" \/>\n\t<meta property=\"og:image:height\" content=\"1829\" \/>\n\t<meta property=\"og:image:type\" content=\"image\/jpeg\" \/>\n<meta name=\"author\" content=\"Germ\u00e1n Gorraiz L\u00f3pez\" \/>\n<meta name=\"twitter:card\" content=\"summary_large_image\" \/>\n<meta name=\"twitter:creator\" content=\"@revistarambla\" \/>\n<meta name=\"twitter:site\" content=\"@revistarambla\" \/>\n<meta name=\"twitter:label1\" content=\"Written by\" \/>\n\t<meta name=\"twitter:data1\" content=\"Germ\u00e1n Gorraiz L\u00f3pez\" \/>\n\t<meta name=\"twitter:label2\" content=\"Estimated reading time\" \/>\n\t<meta name=\"twitter:data2\" content=\"3 minutes\" \/>\n<script type=\"application\/ld+json\" class=\"yoast-schema-graph\">{\"@context\":\"https:\\\/\\\/schema.org\",\"@graph\":[{\"@type\":\"Article\",\"@id\":\"https:\\\/\\\/www.revistarambla.com\\\/el-nuevo-virus-patogeno-de-la-economia-mundial\\\/#article\",\"isPartOf\":{\"@id\":\"https:\\\/\\\/www.revistarambla.com\\\/el-nuevo-virus-patogeno-de-la-economia-mundial\\\/\"},\"author\":{\"name\":\"Germ\u00e1n Gorraiz L\u00f3pez\",\"@id\":\"https:\\\/\\\/www.revistarambla.com\\\/#\\\/schema\\\/person\\\/23a7868ff10cd88f8fdb045c7b7e4a4d\"},\"headline\":\"El nuevo virus pat\u00f3geno de la econom\u00eda mundial\",\"datePublished\":\"2022-04-06T11:35:08+00:00\",\"dateModified\":\"2022-04-06T11:38:32+00:00\",\"mainEntityOfPage\":{\"@id\":\"https:\\\/\\\/www.revistarambla.com\\\/el-nuevo-virus-patogeno-de-la-economia-mundial\\\/\"},\"wordCount\":695,\"publisher\":{\"@id\":\"https:\\\/\\\/www.revistarambla.com\\\/#organization\"},\"image\":{\"@id\":\"https:\\\/\\\/www.revistarambla.com\\\/el-nuevo-virus-patogeno-de-la-economia-mundial\\\/#primaryimage\"},\"thumbnailUrl\":\"https:\\\/\\\/www.revistarambla.com\\\/wp-content\\\/uploads\\\/2022\\\/04\\\/piqsels.com-id-ojcmp-scaled.jpg\",\"articleSection\":[\"Opiniones\"],\"inLanguage\":\"en-GB\"},{\"@type\":\"WebPage\",\"@id\":\"https:\\\/\\\/www.revistarambla.com\\\/el-nuevo-virus-patogeno-de-la-economia-mundial\\\/\",\"url\":\"https:\\\/\\\/www.revistarambla.com\\\/el-nuevo-virus-patogeno-de-la-economia-mundial\\\/\",\"name\":\"El nuevo virus pat\u00f3geno de la econom\u00eda mundial - Revista Rambla\",\"isPartOf\":{\"@id\":\"https:\\\/\\\/www.revistarambla.com\\\/#website\"},\"primaryImageOfPage\":{\"@id\":\"https:\\\/\\\/www.revistarambla.com\\\/el-nuevo-virus-patogeno-de-la-economia-mundial\\\/#primaryimage\"},\"image\":{\"@id\":\"https:\\\/\\\/www.revistarambla.com\\\/el-nuevo-virus-patogeno-de-la-economia-mundial\\\/#primaryimage\"},\"thumbnailUrl\":\"https:\\\/\\\/www.revistarambla.com\\\/wp-content\\\/uploads\\\/2022\\\/04\\\/piqsels.com-id-ojcmp-scaled.jpg\",\"datePublished\":\"2022-04-06T11:35:08+00:00\",\"dateModified\":\"2022-04-06T11:38:32+00:00\",\"breadcrumb\":{\"@id\":\"https:\\\/\\\/www.revistarambla.com\\\/el-nuevo-virus-patogeno-de-la-economia-mundial\\\/#breadcrumb\"},\"inLanguage\":\"en-GB\",\"potentialAction\":[{\"@type\":\"ReadAction\",\"target\":[\"https:\\\/\\\/www.revistarambla.com\\\/el-nuevo-virus-patogeno-de-la-economia-mundial\\\/\"]}]},{\"@type\":\"ImageObject\",\"inLanguage\":\"en-GB\",\"@id\":\"https:\\\/\\\/www.revistarambla.com\\\/el-nuevo-virus-patogeno-de-la-economia-mundial\\\/#primaryimage\",\"url\":\"https:\\\/\\\/www.revistarambla.com\\\/wp-content\\\/uploads\\\/2022\\\/04\\\/piqsels.com-id-ojcmp-scaled.jpg\",\"contentUrl\":\"https:\\\/\\\/www.revistarambla.com\\\/wp-content\\\/uploads\\\/2022\\\/04\\\/piqsels.com-id-ojcmp-scaled.jpg\",\"width\":2560,\"height\":1829,\"caption\":\"Barcelona, barrio g\u00f3tico, Espa\u00f1a, sin hogar, mendigo, fotograf\u00eda callejera, grupo de personas, gente real\"},{\"@type\":\"BreadcrumbList\",\"@id\":\"https:\\\/\\\/www.revistarambla.com\\\/el-nuevo-virus-patogeno-de-la-economia-mundial\\\/#breadcrumb\",\"itemListElement\":[{\"@type\":\"ListItem\",\"position\":1,\"name\":\"Portada\",\"item\":\"https:\\\/\\\/www.revistarambla.com\\\/\"},{\"@type\":\"ListItem\",\"position\":2,\"name\":\"El nuevo virus pat\u00f3geno de la econom\u00eda mundial\"}]},{\"@type\":\"WebSite\",\"@id\":\"https:\\\/\\\/www.revistarambla.com\\\/#website\",\"url\":\"https:\\\/\\\/www.revistarambla.com\\\/\",\"name\":\"Revista Rambla Barcelona\",\"description\":\"Periodismo independiente\",\"publisher\":{\"@id\":\"https:\\\/\\\/www.revistarambla.com\\\/#organization\"},\"potentialAction\":[{\"@type\":\"SearchAction\",\"target\":{\"@type\":\"EntryPoint\",\"urlTemplate\":\"https:\\\/\\\/www.revistarambla.com\\\/?s={search_term_string}\"},\"query-input\":{\"@type\":\"PropertyValueSpecification\",\"valueRequired\":true,\"valueName\":\"search_term_string\"}}],\"inLanguage\":\"en-GB\"},{\"@type\":\"Organization\",\"@id\":\"https:\\\/\\\/www.revistarambla.com\\\/#organization\",\"name\":\"Revista Rambla\",\"url\":\"https:\\\/\\\/www.revistarambla.com\\\/\",\"logo\":{\"@type\":\"ImageObject\",\"inLanguage\":\"en-GB\",\"@id\":\"https:\\\/\\\/www.revistarambla.com\\\/#\\\/schema\\\/logo\\\/image\\\/\",\"url\":\"https:\\\/\\\/www.revistarambla.com\\\/wp-content\\\/uploads\\\/2020\\\/09\\\/banner_rambla_1900x600_BB.png\",\"contentUrl\":\"https:\\\/\\\/www.revistarambla.com\\\/wp-content\\\/uploads\\\/2020\\\/09\\\/banner_rambla_1900x600_BB.png\",\"width\":1900,\"height\":600,\"caption\":\"Revista Rambla\"},\"image\":{\"@id\":\"https:\\\/\\\/www.revistarambla.com\\\/#\\\/schema\\\/logo\\\/image\\\/\"},\"sameAs\":[\"https:\\\/\\\/www.facebook.com\\\/revistarambla\\\/\",\"https:\\\/\\\/x.com\\\/revistarambla\",\"https:\\\/\\\/www.instagram.com\\\/revista_rambla\",\"https:\\\/\\\/es.linkedin.com\\\/company\\\/revista-rambla\"]},{\"@type\":\"Person\",\"@id\":\"https:\\\/\\\/www.revistarambla.com\\\/#\\\/schema\\\/person\\\/23a7868ff10cd88f8fdb045c7b7e4a4d\",\"name\":\"Germ\u00e1n Gorraiz L\u00f3pez\",\"description\":\"Nacido en Navarra en 1957. Escribe an\u00e1lisis sobre temas econ\u00f3micos y geopol\u00edticos. Es miembro de Attac-Navarra. Colabora habitualmente en varios medios digitales e impresos espa\u00f1oles y latinoamericanos.\"}]}<\/script>\n<!-- \/ Yoast SEO plugin. -->","yoast_head_json":{"title":"El nuevo virus pat\u00f3geno de la econom\u00eda mundial - Revista Rambla","robots":{"index":"index","follow":"follow","max-snippet":"max-snippet:-1","max-image-preview":"max-image-preview:large","max-video-preview":"max-video-preview:-1"},"canonical":"https:\/\/www.revistarambla.com\/en\/el-nuevo-virus-patogeno-de-la-economia-mundial\/","og_locale":"en_GB","og_type":"article","og_title":"El nuevo virus pat\u00f3geno de la econom\u00eda mundial - Revista Rambla","og_description":"Una inflaci\u00f3n desbocada conlleva la p\u00e9rdida de poder adquisitivo de trabajadores y funcionarios, la contracci\u00f3n del consumo interno, as\u00ed como la desincentivaci\u00f3n del ahorro y b\u00fasqueda de rentas fuera de las actividades productivas","og_url":"https:\/\/www.revistarambla.com\/en\/el-nuevo-virus-patogeno-de-la-economia-mundial\/","og_site_name":"Revista Rambla","article_publisher":"https:\/\/www.facebook.com\/revistarambla\/","article_published_time":"2022-04-06T11:35:08+00:00","article_modified_time":"2022-04-06T11:38:32+00:00","og_image":[{"width":2560,"height":1829,"url":"https:\/\/www.revistarambla.com\/wp-content\/uploads\/2022\/04\/piqsels.com-id-ojcmp-scaled.jpg","type":"image\/jpeg"}],"author":"Germ\u00e1n Gorraiz L\u00f3pez","twitter_card":"summary_large_image","twitter_creator":"@revistarambla","twitter_site":"@revistarambla","twitter_misc":{"Written by":"Germ\u00e1n Gorraiz L\u00f3pez","Estimated reading time":"3 minutes"},"schema":{"@context":"https:\/\/schema.org","@graph":[{"@type":"Article","@id":"https:\/\/www.revistarambla.com\/el-nuevo-virus-patogeno-de-la-economia-mundial\/#article","isPartOf":{"@id":"https:\/\/www.revistarambla.com\/el-nuevo-virus-patogeno-de-la-economia-mundial\/"},"author":{"name":"Germ\u00e1n Gorraiz L\u00f3pez","@id":"https:\/\/www.revistarambla.com\/#\/schema\/person\/23a7868ff10cd88f8fdb045c7b7e4a4d"},"headline":"El nuevo virus pat\u00f3geno de la econom\u00eda mundial","datePublished":"2022-04-06T11:35:08+00:00","dateModified":"2022-04-06T11:38:32+00:00","mainEntityOfPage":{"@id":"https:\/\/www.revistarambla.com\/el-nuevo-virus-patogeno-de-la-economia-mundial\/"},"wordCount":695,"publisher":{"@id":"https:\/\/www.revistarambla.com\/#organization"},"image":{"@id":"https:\/\/www.revistarambla.com\/el-nuevo-virus-patogeno-de-la-economia-mundial\/#primaryimage"},"thumbnailUrl":"https:\/\/www.revistarambla.com\/wp-content\/uploads\/2022\/04\/piqsels.com-id-ojcmp-scaled.jpg","articleSection":["Opiniones"],"inLanguage":"en-GB"},{"@type":"WebPage","@id":"https:\/\/www.revistarambla.com\/el-nuevo-virus-patogeno-de-la-economia-mundial\/","url":"https:\/\/www.revistarambla.com\/el-nuevo-virus-patogeno-de-la-economia-mundial\/","name":"El nuevo virus pat\u00f3geno de la econom\u00eda mundial - Revista Rambla","isPartOf":{"@id":"https:\/\/www.revistarambla.com\/#website"},"primaryImageOfPage":{"@id":"https:\/\/www.revistarambla.com\/el-nuevo-virus-patogeno-de-la-economia-mundial\/#primaryimage"},"image":{"@id":"https:\/\/www.revistarambla.com\/el-nuevo-virus-patogeno-de-la-economia-mundial\/#primaryimage"},"thumbnailUrl":"https:\/\/www.revistarambla.com\/wp-content\/uploads\/2022\/04\/piqsels.com-id-ojcmp-scaled.jpg","datePublished":"2022-04-06T11:35:08+00:00","dateModified":"2022-04-06T11:38:32+00:00","breadcrumb":{"@id":"https:\/\/www.revistarambla.com\/el-nuevo-virus-patogeno-de-la-economia-mundial\/#breadcrumb"},"inLanguage":"en-GB","potentialAction":[{"@type":"ReadAction","target":["https:\/\/www.revistarambla.com\/el-nuevo-virus-patogeno-de-la-economia-mundial\/"]}]},{"@type":"ImageObject","inLanguage":"en-GB","@id":"https:\/\/www.revistarambla.com\/el-nuevo-virus-patogeno-de-la-economia-mundial\/#primaryimage","url":"https:\/\/www.revistarambla.com\/wp-content\/uploads\/2022\/04\/piqsels.com-id-ojcmp-scaled.jpg","contentUrl":"https:\/\/www.revistarambla.com\/wp-content\/uploads\/2022\/04\/piqsels.com-id-ojcmp-scaled.jpg","width":2560,"height":1829,"caption":"Barcelona, barrio g\u00f3tico, Espa\u00f1a, sin hogar, mendigo, fotograf\u00eda callejera, grupo de personas, gente real"},{"@type":"BreadcrumbList","@id":"https:\/\/www.revistarambla.com\/el-nuevo-virus-patogeno-de-la-economia-mundial\/#breadcrumb","itemListElement":[{"@type":"ListItem","position":1,"name":"Portada","item":"https:\/\/www.revistarambla.com\/"},{"@type":"ListItem","position":2,"name":"El nuevo virus pat\u00f3geno de la econom\u00eda mundial"}]},{"@type":"WebSite","@id":"https:\/\/www.revistarambla.com\/#website","url":"https:\/\/www.revistarambla.com\/","name":"Revista Rambla Barcelona","description":"Periodismo independiente","publisher":{"@id":"https:\/\/www.revistarambla.com\/#organization"},"potentialAction":[{"@type":"SearchAction","target":{"@type":"EntryPoint","urlTemplate":"https:\/\/www.revistarambla.com\/?s={search_term_string}"},"query-input":{"@type":"PropertyValueSpecification","valueRequired":true,"valueName":"search_term_string"}}],"inLanguage":"en-GB"},{"@type":"Organization","@id":"https:\/\/www.revistarambla.com\/#organization","name":"Revista Rambla","url":"https:\/\/www.revistarambla.com\/","logo":{"@type":"ImageObject","inLanguage":"en-GB","@id":"https:\/\/www.revistarambla.com\/#\/schema\/logo\/image\/","url":"https:\/\/www.revistarambla.com\/wp-content\/uploads\/2020\/09\/banner_rambla_1900x600_BB.png","contentUrl":"https:\/\/www.revistarambla.com\/wp-content\/uploads\/2020\/09\/banner_rambla_1900x600_BB.png","width":1900,"height":600,"caption":"Revista Rambla"},"image":{"@id":"https:\/\/www.revistarambla.com\/#\/schema\/logo\/image\/"},"sameAs":["https:\/\/www.facebook.com\/revistarambla\/","https:\/\/x.com\/revistarambla","https:\/\/www.instagram.com\/revista_rambla","https:\/\/es.linkedin.com\/company\/revista-rambla"]},{"@type":"Person","@id":"https:\/\/www.revistarambla.com\/#\/schema\/person\/23a7868ff10cd88f8fdb045c7b7e4a4d","name":"Germ\u00e1n Gorraiz L\u00f3pez","description":"Nacido en Navarra en 1957. Escribe an\u00e1lisis sobre temas econ\u00f3micos y geopol\u00edticos. Es miembro de Attac-Navarra. Colabora habitualmente en varios medios digitales e impresos espa\u00f1oles y latinoamericanos."}]}},"_links":{"self":[{"href":"https:\/\/www.revistarambla.com\/en\/wp-json\/wp\/v2\/posts\/40933","targetHints":{"allow":["GET"]}}],"collection":[{"href":"https:\/\/www.revistarambla.com\/en\/wp-json\/wp\/v2\/posts"}],"about":[{"href":"https:\/\/www.revistarambla.com\/en\/wp-json\/wp\/v2\/types\/post"}],"author":[{"embeddable":true,"href":"https:\/\/www.revistarambla.com\/en\/wp-json\/wp\/v2\/users\/16"}],"replies":[{"embeddable":true,"href":"https:\/\/www.revistarambla.com\/en\/wp-json\/wp\/v2\/comments?post=40933"}],"version-history":[{"count":0,"href":"https:\/\/www.revistarambla.com\/en\/wp-json\/wp\/v2\/posts\/40933\/revisions"}],"wp:featuredmedia":[{"embeddable":true,"href":"https:\/\/www.revistarambla.com\/en\/wp-json\/wp\/v2\/media\/40934"}],"wp:attachment":[{"href":"https:\/\/www.revistarambla.com\/en\/wp-json\/wp\/v2\/media?parent=40933"}],"wp:term":[{"taxonomy":"category","embeddable":true,"href":"https:\/\/www.revistarambla.com\/en\/wp-json\/wp\/v2\/categories?post=40933"},{"taxonomy":"post_tag","embeddable":true,"href":"https:\/\/www.revistarambla.com\/en\/wp-json\/wp\/v2\/tags?post=40933"}],"curies":[{"name":"wp","href":"https:\/\/api.w.org\/{rel}","templated":true}]}}