{"id":4057,"date":"2013-10-14T16:13:48","date_gmt":"2013-10-14T16:13:48","guid":{"rendered":"https:\/\/www.revistarambla.com\/unas-500-personas-participan-en-la-marcha-fascista-de-barcelona-alex-gil-lara\/"},"modified":"2024-05-01T14:02:12","modified_gmt":"2024-05-01T12:02:12","slug":"marcha-fascista-en-barcelona","status":"publish","type":"post","link":"https:\/\/www.revistarambla.com\/en\/marcha-fascista-en-barcelona\/","title":{"rendered":"Unas 500 personas participan de la marcha fascista en Barcelona"},"content":{"rendered":"<p>Cerca de 500 ultraderechistas se han concentrado esta ma\u00f1ana en la Plaza de Sant Jordi de <a href=\"https:\/\/www.revistarambla.com\/en\/actualidad\/barcelona\/\">Barcelona<\/a> para reivindicar la \u201cespa\u00f1olidad\u201d de <a href=\"https:\/\/www.revistarambla.com\/en\/actualidad\/catalunya\/\">Catalu\u00f1a<\/a> y la \u201cunidad nacional\u201d con motivo de la celebraci\u00f3n del <a href=\"https:\/\/www.revistarambla.com\/en\/el-antisoberanismo-celebra-a-lo-grande-la-hispanidad-en-barcelona\/\">D\u00eda de la Hispanidad<\/a> en una marcha fascista en Barcelona.<\/p>\n<p>Los manifestantes, rodeados por un fuerte cord\u00f3n de seguridad organizado por los antidisturbios de los Mossos d&#8217;Esquadra, han exhibido abundante simbolog\u00eda fascista y banderas preconstitucionales y se han dedicado a lanzar consignas contra la clase pol\u00edtica, en especial contra el presidente del Gobierno, Mariano Rajoy, y el de la Generalitat, Artur Mas, adem\u00e1s de increpar a los medios de comunicaci\u00f3n que cubr\u00edan la concentraci\u00f3n con gritos de \u201cterroristas\u201d y \u201cA la prensa, juicio y castigo\u201d.<\/p>\n<h2>Marcha fascista en Barcelona<\/h2>\n<p>La marcha convocada por la plataforma de extrema derecha \u201cLa Espa\u00f1a en Marcha\u201d, que aglutina diversas organizaciones de ultraderecha como Falange, Nudo Patriota Espa\u00f1ol, Alianza Nacional, Movimiento Cat\u00f3lico Espa\u00f1ol y Democracia Nacional, concentr\u00f3 inicialmente un centenar de personas en la Plaza de Espa\u00f1a, tras una pancarta con el lema: \u201cSiempre unionistas. <a href=\"https:\/\/www.revistarambla.com\/en\/actualidad\/estado-espanol\/\">Espa\u00f1a<\/a>. Juventud. Revoluci\u00f3n\u201d. A este grupo se unieron cerca del mediod\u00eda, un numeroso grupo de activistas llegados en autocar desde distintos puntos de Espa\u00f1a y que fueron escoltados por la polic\u00eda catalana hasta el lugar fijado para la concentraci\u00f3n tras la prohibici\u00f3n de la marcha inicialmente prevista por la extrema derecha. La Conselleria de Interior limit\u00f3 finalmente la marcha ultra\u00a0a un recorrido entre la Plaza Espanya y Montjuic, despu\u00e9s de las condenas a esta convocatoria por parte del Ajuntament de Barcelona.<\/p>\n<h2>Casal Tramuntana<\/h2>\n<p>Los ultraderechistas, la mayor\u00eda j\u00f3venes y con presencia del local <a href=\"https:\/\/www.revistarambla.com\/en\/crecimiento-de-la-ultra-derecha-en-el-estado-espanol\/\">Casal Tramuntana<\/a>, m\u00e1s los habituales nost\u00e1lgicos del franquismo, han reclamado la ilegalizaci\u00f3n de Converg\u00e8ncia i Uni\u00f3 y Esquerra Republicana al grito de: \u00abSeparatistas terroristas\u00bb y el uso de la fuerza y la violencia para frenar las aspiraciones independentistas con consignas como \u00abEsta es nuestra tierra y hay que defenderla\u00bb. Durante la marcha desde la Plaza Espa\u00f1a hasta la Plaza Sant Jordi, en Montjuic, fuertemente vigilada por un dispositivo policial con m\u00e1s de una treintena de furgones de los Mossos d&#8217;Esquadra,\u00a0 los participantes han usado numerosos botes de humo de color amarillo y rojo para formar la bandera espa\u00f1ola, adem\u00e1s de quemar una bandera catalana. La convocatoria ultraderechista ha finalizado poco despu\u00e9s de la una del mediod\u00eda con la lectura de un manifiesto por la \u201cunidad de la patria\u201d en el que han acusado a los \u201cconstitucionalistas\u201d de realizar \u201cnumerosas concesiones a los separatistas\u201d que ha desembocado en la situaci\u00f3n actual, adem\u00e1s de pedir el \u201cencarcelamiento\u201d de Artur Mas y, en la pr\u00e1ctica, de todo el Parlament de Catalunya. Adem\u00e1s, en los discursos realizados por representantes\u00a0 de las organizaciones convocantes, el portavoz de la Falange ha avisado que \u201cllegaremos hasta donde la defensa de la patria lo requiera\u201d.<\/p>\n<h2>Antifascistas<\/h2>\n<p>Mientras la marcha fascista recorr\u00eda el trayecto hacia Montjuic, unos trescientos antifascistas se han reunido en la Plaza de Sants para protestar contra la concentraci\u00f3n ultraderechista con motivo del 12 de octubre. Los antifascistas, entre los que se encontraba el diputado de la CUP, <a href=\"https:\/\/www.revistarambla.com\/en\/david-fernandez-estamos-en-un-pais-donde-la-virgen-es-negra-el-gorila-blanco-y-el-heroe-nacional-un-defraudador-fiscal\/\">David Fern\u00e0ndez<\/a>, han colgado tambi\u00e9n una pancarta en la calle de Sants con el lema &#8217;12-O. Frenemos el fascismo. Junt@s contra el fascismo&#8217;.<\/p>","protected":false},"excerpt":{"rendered":"<p>Los manifestantes han reclamado el uso de la fuerza contra el independentismo<\/p>","protected":false},"author":3,"featured_media":4056,"comment_status":"open","ping_status":"open","sticky":false,"template":"","format":"standard","meta":{"footnotes":""},"categories":[76],"tags":[],"class_list":["post-4057","post","type-post","status-publish","format-standard","has-post-thumbnail","hentry","category-barcelona"],"yoast_head":"<!-- This site is optimized with the Yoast SEO plugin v27.5 - https:\/\/yoast.com\/product\/yoast-seo-wordpress\/ -->\n<title>Unas 500 personas participan de la marcha fascista en Barcelona - Revista Rambla<\/title>\n<meta name=\"description\" content=\"Cerca de 500 ultraderechistas se han concentrado esta ma\u00f1ana en la Plaza de Sant Jordi en una marcha fascista en Barcelona.\" \/>\n<meta name=\"robots\" content=\"index, follow, max-snippet:-1, max-image-preview:large, max-video-preview:-1\" \/>\n<link rel=\"canonical\" href=\"https:\/\/www.revistarambla.com\/en\/marcha-fascista-en-barcelona\/\" \/>\n<meta property=\"og:locale\" content=\"en_GB\" \/>\n<meta property=\"og:type\" content=\"article\" \/>\n<meta property=\"og:title\" content=\"Unas 500 personas participan de la marcha fascista en Barcelona - Revista Rambla\" \/>\n<meta property=\"og:description\" content=\"Cerca de 500 ultraderechistas se han concentrado esta ma\u00f1ana en la Plaza de Sant Jordi en una marcha fascista en Barcelona.\" \/>\n<meta property=\"og:url\" content=\"https:\/\/www.revistarambla.com\/en\/marcha-fascista-en-barcelona\/\" \/>\n<meta property=\"og:site_name\" content=\"Revista Rambla\" \/>\n<meta property=\"article:publisher\" content=\"https:\/\/www.facebook.com\/revistarambla\/\" \/>\n<meta property=\"article:author\" content=\"https:\/\/www.facebook.com\/revistarambla\" \/>\n<meta property=\"article:published_time\" content=\"2013-10-14T16:13:48+00:00\" \/>\n<meta property=\"article:modified_time\" content=\"2024-05-01T12:02:12+00:00\" \/>\n<meta property=\"og:image\" content=\"https:\/\/www.revistarambla.com\/wp-content\/uploads\/2013\/10\/revistarambla_pp_05.jpg\" \/>\n\t<meta property=\"og:image:width\" content=\"700\" \/>\n\t<meta property=\"og:image:height\" content=\"347\" \/>\n\t<meta property=\"og:image:type\" content=\"image\/jpeg\" \/>\n<meta name=\"author\" content=\"R@mbla\" \/>\n<meta name=\"twitter:card\" content=\"summary_large_image\" \/>\n<meta name=\"twitter:creator\" content=\"@revistarambla\" \/>\n<meta name=\"twitter:site\" content=\"@revistarambla\" \/>\n<meta name=\"twitter:label1\" content=\"Written by\" \/>\n\t<meta name=\"twitter:data1\" content=\"R@mbla\" \/>\n\t<meta name=\"twitter:label2\" content=\"Estimated reading time\" \/>\n\t<meta name=\"twitter:data2\" content=\"3 minutes\" \/>\n<script type=\"application\/ld+json\" class=\"yoast-schema-graph\">{\"@context\":\"https:\\\/\\\/schema.org\",\"@graph\":[{\"@type\":\"Article\",\"@id\":\"https:\\\/\\\/www.revistarambla.com\\\/marcha-fascista-en-barcelona\\\/#article\",\"isPartOf\":{\"@id\":\"https:\\\/\\\/www.revistarambla.com\\\/marcha-fascista-en-barcelona\\\/\"},\"author\":{\"name\":\"R@mbla\",\"@id\":\"https:\\\/\\\/www.revistarambla.com\\\/#\\\/schema\\\/person\\\/a146a5a2550b94981a75131180e1bd9c\"},\"headline\":\"Unas 500 personas participan de la marcha fascista en Barcelona\",\"datePublished\":\"2013-10-14T16:13:48+00:00\",\"dateModified\":\"2024-05-01T12:02:12+00:00\",\"mainEntityOfPage\":{\"@id\":\"https:\\\/\\\/www.revistarambla.com\\\/marcha-fascista-en-barcelona\\\/\"},\"wordCount\":587,\"commentCount\":0,\"publisher\":{\"@id\":\"https:\\\/\\\/www.revistarambla.com\\\/#organization\"},\"image\":{\"@id\":\"https:\\\/\\\/www.revistarambla.com\\\/marcha-fascista-en-barcelona\\\/#primaryimage\"},\"thumbnailUrl\":\"https:\\\/\\\/www.revistarambla.com\\\/wp-content\\\/uploads\\\/2013\\\/10\\\/revistarambla_pp_05.jpg\",\"articleSection\":[\"Barcelona\"],\"inLanguage\":\"en-GB\",\"potentialAction\":[{\"@type\":\"CommentAction\",\"name\":\"Comment\",\"target\":[\"https:\\\/\\\/www.revistarambla.com\\\/marcha-fascista-en-barcelona\\\/#respond\"]}]},{\"@type\":\"WebPage\",\"@id\":\"https:\\\/\\\/www.revistarambla.com\\\/marcha-fascista-en-barcelona\\\/\",\"url\":\"https:\\\/\\\/www.revistarambla.com\\\/marcha-fascista-en-barcelona\\\/\",\"name\":\"Unas 500 personas participan de la marcha fascista en Barcelona - Revista Rambla\",\"isPartOf\":{\"@id\":\"https:\\\/\\\/www.revistarambla.com\\\/#website\"},\"primaryImageOfPage\":{\"@id\":\"https:\\\/\\\/www.revistarambla.com\\\/marcha-fascista-en-barcelona\\\/#primaryimage\"},\"image\":{\"@id\":\"https:\\\/\\\/www.revistarambla.com\\\/marcha-fascista-en-barcelona\\\/#primaryimage\"},\"thumbnailUrl\":\"https:\\\/\\\/www.revistarambla.com\\\/wp-content\\\/uploads\\\/2013\\\/10\\\/revistarambla_pp_05.jpg\",\"datePublished\":\"2013-10-14T16:13:48+00:00\",\"dateModified\":\"2024-05-01T12:02:12+00:00\",\"description\":\"Cerca de 500 ultraderechistas se han concentrado esta ma\u00f1ana en la Plaza de Sant Jordi en una marcha fascista en Barcelona.\",\"breadcrumb\":{\"@id\":\"https:\\\/\\\/www.revistarambla.com\\\/marcha-fascista-en-barcelona\\\/#breadcrumb\"},\"inLanguage\":\"en-GB\",\"potentialAction\":[{\"@type\":\"ReadAction\",\"target\":[\"https:\\\/\\\/www.revistarambla.com\\\/marcha-fascista-en-barcelona\\\/\"]}]},{\"@type\":\"ImageObject\",\"inLanguage\":\"en-GB\",\"@id\":\"https:\\\/\\\/www.revistarambla.com\\\/marcha-fascista-en-barcelona\\\/#primaryimage\",\"url\":\"https:\\\/\\\/www.revistarambla.com\\\/wp-content\\\/uploads\\\/2013\\\/10\\\/revistarambla_pp_05.jpg\",\"contentUrl\":\"https:\\\/\\\/www.revistarambla.com\\\/wp-content\\\/uploads\\\/2013\\\/10\\\/revistarambla_pp_05.jpg\",\"width\":700,\"height\":347,\"caption\":\"marcha fascista en barcelona\"},{\"@type\":\"BreadcrumbList\",\"@id\":\"https:\\\/\\\/www.revistarambla.com\\\/marcha-fascista-en-barcelona\\\/#breadcrumb\",\"itemListElement\":[{\"@type\":\"ListItem\",\"position\":1,\"name\":\"Portada\",\"item\":\"https:\\\/\\\/www.revistarambla.com\\\/\"},{\"@type\":\"ListItem\",\"position\":2,\"name\":\"Unas 500 personas participan de la marcha fascista en Barcelona\"}]},{\"@type\":\"WebSite\",\"@id\":\"https:\\\/\\\/www.revistarambla.com\\\/#website\",\"url\":\"https:\\\/\\\/www.revistarambla.com\\\/\",\"name\":\"Revista Rambla Barcelona\",\"description\":\"Periodismo independiente\",\"publisher\":{\"@id\":\"https:\\\/\\\/www.revistarambla.com\\\/#organization\"},\"potentialAction\":[{\"@type\":\"SearchAction\",\"target\":{\"@type\":\"EntryPoint\",\"urlTemplate\":\"https:\\\/\\\/www.revistarambla.com\\\/?s={search_term_string}\"},\"query-input\":{\"@type\":\"PropertyValueSpecification\",\"valueRequired\":true,\"valueName\":\"search_term_string\"}}],\"inLanguage\":\"en-GB\"},{\"@type\":\"Organization\",\"@id\":\"https:\\\/\\\/www.revistarambla.com\\\/#organization\",\"name\":\"Revista Rambla\",\"url\":\"https:\\\/\\\/www.revistarambla.com\\\/\",\"logo\":{\"@type\":\"ImageObject\",\"inLanguage\":\"en-GB\",\"@id\":\"https:\\\/\\\/www.revistarambla.com\\\/#\\\/schema\\\/logo\\\/image\\\/\",\"url\":\"https:\\\/\\\/www.revistarambla.com\\\/wp-content\\\/uploads\\\/2020\\\/09\\\/banner_rambla_1900x600_BB.png\",\"contentUrl\":\"https:\\\/\\\/www.revistarambla.com\\\/wp-content\\\/uploads\\\/2020\\\/09\\\/banner_rambla_1900x600_BB.png\",\"width\":1900,\"height\":600,\"caption\":\"Revista Rambla\"},\"image\":{\"@id\":\"https:\\\/\\\/www.revistarambla.com\\\/#\\\/schema\\\/logo\\\/image\\\/\"},\"sameAs\":[\"https:\\\/\\\/www.facebook.com\\\/revistarambla\\\/\",\"https:\\\/\\\/x.com\\\/revistarambla\",\"https:\\\/\\\/www.instagram.com\\\/revista_rambla\",\"https:\\\/\\\/es.linkedin.com\\\/company\\\/revista-rambla\"]},{\"@type\":\"Person\",\"@id\":\"https:\\\/\\\/www.revistarambla.com\\\/#\\\/schema\\\/person\\\/a146a5a2550b94981a75131180e1bd9c\",\"name\":\"R@mbla\",\"description\":\"Este art\u00edculo ha sido redactado y\\\/o validado por el equipo de redacci\u00f3n de Revista Rambla.\",\"sameAs\":[\"https:\\\/\\\/www.revistarambla.com\\\/\",\"https:\\\/\\\/www.facebook.com\\\/revistarambla\",\"https:\\\/\\\/x.com\\\/revistarambla\"]}]}<\/script>\n<!-- \/ Yoast SEO plugin. -->","yoast_head_json":{"title":"Unas 500 personas participan de la marcha fascista en Barcelona - Revista Rambla","description":"Cerca de 500 ultraderechistas se han concentrado esta ma\u00f1ana en la Plaza de Sant Jordi en una marcha fascista en Barcelona.","robots":{"index":"index","follow":"follow","max-snippet":"max-snippet:-1","max-image-preview":"max-image-preview:large","max-video-preview":"max-video-preview:-1"},"canonical":"https:\/\/www.revistarambla.com\/en\/marcha-fascista-en-barcelona\/","og_locale":"en_GB","og_type":"article","og_title":"Unas 500 personas participan de la marcha fascista en Barcelona - Revista Rambla","og_description":"Cerca de 500 ultraderechistas se han concentrado esta ma\u00f1ana en la Plaza de Sant Jordi en una marcha fascista en Barcelona.","og_url":"https:\/\/www.revistarambla.com\/en\/marcha-fascista-en-barcelona\/","og_site_name":"Revista Rambla","article_publisher":"https:\/\/www.facebook.com\/revistarambla\/","article_author":"https:\/\/www.facebook.com\/revistarambla","article_published_time":"2013-10-14T16:13:48+00:00","article_modified_time":"2024-05-01T12:02:12+00:00","og_image":[{"width":700,"height":347,"url":"https:\/\/www.revistarambla.com\/wp-content\/uploads\/2013\/10\/revistarambla_pp_05.jpg","type":"image\/jpeg"}],"author":"R@mbla","twitter_card":"summary_large_image","twitter_creator":"@revistarambla","twitter_site":"@revistarambla","twitter_misc":{"Written by":"R@mbla","Estimated reading time":"3 minutes"},"schema":{"@context":"https:\/\/schema.org","@graph":[{"@type":"Article","@id":"https:\/\/www.revistarambla.com\/marcha-fascista-en-barcelona\/#article","isPartOf":{"@id":"https:\/\/www.revistarambla.com\/marcha-fascista-en-barcelona\/"},"author":{"name":"R@mbla","@id":"https:\/\/www.revistarambla.com\/#\/schema\/person\/a146a5a2550b94981a75131180e1bd9c"},"headline":"Unas 500 personas participan de la marcha fascista en Barcelona","datePublished":"2013-10-14T16:13:48+00:00","dateModified":"2024-05-01T12:02:12+00:00","mainEntityOfPage":{"@id":"https:\/\/www.revistarambla.com\/marcha-fascista-en-barcelona\/"},"wordCount":587,"commentCount":0,"publisher":{"@id":"https:\/\/www.revistarambla.com\/#organization"},"image":{"@id":"https:\/\/www.revistarambla.com\/marcha-fascista-en-barcelona\/#primaryimage"},"thumbnailUrl":"https:\/\/www.revistarambla.com\/wp-content\/uploads\/2013\/10\/revistarambla_pp_05.jpg","articleSection":["Barcelona"],"inLanguage":"en-GB","potentialAction":[{"@type":"CommentAction","name":"Comment","target":["https:\/\/www.revistarambla.com\/marcha-fascista-en-barcelona\/#respond"]}]},{"@type":"WebPage","@id":"https:\/\/www.revistarambla.com\/marcha-fascista-en-barcelona\/","url":"https:\/\/www.revistarambla.com\/marcha-fascista-en-barcelona\/","name":"Unas 500 personas participan de la marcha fascista en Barcelona - Revista Rambla","isPartOf":{"@id":"https:\/\/www.revistarambla.com\/#website"},"primaryImageOfPage":{"@id":"https:\/\/www.revistarambla.com\/marcha-fascista-en-barcelona\/#primaryimage"},"image":{"@id":"https:\/\/www.revistarambla.com\/marcha-fascista-en-barcelona\/#primaryimage"},"thumbnailUrl":"https:\/\/www.revistarambla.com\/wp-content\/uploads\/2013\/10\/revistarambla_pp_05.jpg","datePublished":"2013-10-14T16:13:48+00:00","dateModified":"2024-05-01T12:02:12+00:00","description":"Cerca de 500 ultraderechistas se han concentrado esta ma\u00f1ana en la Plaza de Sant Jordi en una marcha fascista en Barcelona.","breadcrumb":{"@id":"https:\/\/www.revistarambla.com\/marcha-fascista-en-barcelona\/#breadcrumb"},"inLanguage":"en-GB","potentialAction":[{"@type":"ReadAction","target":["https:\/\/www.revistarambla.com\/marcha-fascista-en-barcelona\/"]}]},{"@type":"ImageObject","inLanguage":"en-GB","@id":"https:\/\/www.revistarambla.com\/marcha-fascista-en-barcelona\/#primaryimage","url":"https:\/\/www.revistarambla.com\/wp-content\/uploads\/2013\/10\/revistarambla_pp_05.jpg","contentUrl":"https:\/\/www.revistarambla.com\/wp-content\/uploads\/2013\/10\/revistarambla_pp_05.jpg","width":700,"height":347,"caption":"marcha fascista en barcelona"},{"@type":"BreadcrumbList","@id":"https:\/\/www.revistarambla.com\/marcha-fascista-en-barcelona\/#breadcrumb","itemListElement":[{"@type":"ListItem","position":1,"name":"Portada","item":"https:\/\/www.revistarambla.com\/"},{"@type":"ListItem","position":2,"name":"Unas 500 personas participan de la marcha fascista en Barcelona"}]},{"@type":"WebSite","@id":"https:\/\/www.revistarambla.com\/#website","url":"https:\/\/www.revistarambla.com\/","name":"Revista Rambla Barcelona","description":"Periodismo independiente","publisher":{"@id":"https:\/\/www.revistarambla.com\/#organization"},"potentialAction":[{"@type":"SearchAction","target":{"@type":"EntryPoint","urlTemplate":"https:\/\/www.revistarambla.com\/?s={search_term_string}"},"query-input":{"@type":"PropertyValueSpecification","valueRequired":true,"valueName":"search_term_string"}}],"inLanguage":"en-GB"},{"@type":"Organization","@id":"https:\/\/www.revistarambla.com\/#organization","name":"Revista Rambla","url":"https:\/\/www.revistarambla.com\/","logo":{"@type":"ImageObject","inLanguage":"en-GB","@id":"https:\/\/www.revistarambla.com\/#\/schema\/logo\/image\/","url":"https:\/\/www.revistarambla.com\/wp-content\/uploads\/2020\/09\/banner_rambla_1900x600_BB.png","contentUrl":"https:\/\/www.revistarambla.com\/wp-content\/uploads\/2020\/09\/banner_rambla_1900x600_BB.png","width":1900,"height":600,"caption":"Revista Rambla"},"image":{"@id":"https:\/\/www.revistarambla.com\/#\/schema\/logo\/image\/"},"sameAs":["https:\/\/www.facebook.com\/revistarambla\/","https:\/\/x.com\/revistarambla","https:\/\/www.instagram.com\/revista_rambla","https:\/\/es.linkedin.com\/company\/revista-rambla"]},{"@type":"Person","@id":"https:\/\/www.revistarambla.com\/#\/schema\/person\/a146a5a2550b94981a75131180e1bd9c","name":"R@mbla","description":"Este art\u00edculo ha sido redactado y\/o validado por el equipo de redacci\u00f3n de Revista Rambla.","sameAs":["https:\/\/www.revistarambla.com\/","https:\/\/www.facebook.com\/revistarambla","https:\/\/x.com\/revistarambla"]}]}},"_links":{"self":[{"href":"https:\/\/www.revistarambla.com\/en\/wp-json\/wp\/v2\/posts\/4057","targetHints":{"allow":["GET"]}}],"collection":[{"href":"https:\/\/www.revistarambla.com\/en\/wp-json\/wp\/v2\/posts"}],"about":[{"href":"https:\/\/www.revistarambla.com\/en\/wp-json\/wp\/v2\/types\/post"}],"author":[{"embeddable":true,"href":"https:\/\/www.revistarambla.com\/en\/wp-json\/wp\/v2\/users\/3"}],"replies":[{"embeddable":true,"href":"https:\/\/www.revistarambla.com\/en\/wp-json\/wp\/v2\/comments?post=4057"}],"version-history":[{"count":3,"href":"https:\/\/www.revistarambla.com\/en\/wp-json\/wp\/v2\/posts\/4057\/revisions"}],"predecessor-version":[{"id":59875,"href":"https:\/\/www.revistarambla.com\/en\/wp-json\/wp\/v2\/posts\/4057\/revisions\/59875"}],"wp:featuredmedia":[{"embeddable":true,"href":"https:\/\/www.revistarambla.com\/en\/wp-json\/wp\/v2\/media\/4056"}],"wp:attachment":[{"href":"https:\/\/www.revistarambla.com\/en\/wp-json\/wp\/v2\/media?parent=4057"}],"wp:term":[{"taxonomy":"category","embeddable":true,"href":"https:\/\/www.revistarambla.com\/en\/wp-json\/wp\/v2\/categories?post=4057"},{"taxonomy":"post_tag","embeddable":true,"href":"https:\/\/www.revistarambla.com\/en\/wp-json\/wp\/v2\/tags?post=4057"}],"curies":[{"name":"wp","href":"https:\/\/api.w.org\/{rel}","templated":true}]}}