{"id":4053,"date":"2013-10-14T15:59:31","date_gmt":"2013-10-14T15:59:31","guid":{"rendered":"https:\/\/www.revistarambla.com\/varios-miles-de-personas-reivindican-en-barcelona-una-catalunya-dentro-de-espana\/"},"modified":"2024-04-29T17:25:08","modified_gmt":"2024-04-29T15:25:08","slug":"varios-miles-de-personas-reivindican-en-barcelona-una-catalunya-dentro-de-espana","status":"publish","type":"post","link":"https:\/\/www.revistarambla.com\/en\/varios-miles-de-personas-reivindican-en-barcelona-una-catalunya-dentro-de-espana\/","title":{"rendered":"Miles de personas reivindican en Barcelona la unidad de Espa\u00f1a"},"content":{"rendered":"<p>Miles de personas han participado este mediod\u00eda en la plaza de Catalunya de <a href=\"https:\/\/www.revistarambla.com\/en\/actualidad\/barcelona\/\">Barcelona<\/a> en una concentraci\u00f3n de car\u00e1cter festivo a favor de la unidad de Espa\u00f1a y en contra del proceso independentista. Reunidos bajo el lema \u201cSom Catalunya, somos <a href=\"https:\/\/www.revistarambla.com\/en\/actualidad\/estado-espanol\/\">Espa\u00f1a<\/a>\u201d, los manifestantes han llenado la Plaza de Catalunya de banderas catalanas y espa\u00f1olas, con especial preponderancia de estas \u00faltimas.\u00a0 El acto ha finalizado con la lectura de un manifiesto por parte de los atletas ol\u00edmpicos Ander Mirambell y Jes\u00fas Garc\u00eda Bragado, que han defendido, en un texto le\u00eddo en catal\u00e1n, castellano e ingl\u00e9s, la unidad de Espa\u00f1a y la inconveniencia de una hip\u00f3tetica secesi\u00f3n de <a href=\"https:\/\/www.revistarambla.com\/en\/actualidad\/catalunya\/\">Catalunya<\/a>.<\/p>\n<p>La movilizaci\u00f3n, convocada por la plataforma \u201cSom Catalunya, somos Espa\u00f1a\u201d, ha reunido una nutrida representaci\u00f3n del PP de Catalunya y de Ciutadans para defender una Catalunya dentro del marco constitucional e incluida en el Estado espa\u00f1ol. Los organizadores han desplegado al inicio del acto una gran bandera hispano-catalana de 100 metros de largo y 15 de ancho, que simbolizaba la convivencia y el sentimiento espa\u00f1ol en Catalunya y por la unidad de Espa\u00f1a.<\/p>\n<p>La concentraci\u00f3n ha finalizado con la habitual guerra de cifras entre organizadores y la Guardia Urbana de Barcelona, con el a\u00f1adido de la delegaci\u00f3n del Gobierno.\u00a0 Los organizadores han asegurado a primera hora de la tarde que el total de asistentes superaba los 160.000. La delegaci\u00f3n del Gobierno sit\u00faa la cifra en 100.000. Mientras, la Guardia Urbana ha contabilizado 30.000 asistentes. En todo caso, este a\u00f1o la asistencia a la concentraci\u00f3n del 12 de octubre ha superado con creces la del a\u00f1o anterior y ha llenado por completo la Plaza de Catalunya, obligando a cerrar los laterales de la plaza al Paseo de Gr\u00e0cia, la Ronda de Sant Pere y la Rambla de Catalunya.<\/p>\n<p>Para la presidenta del PP catal\u00e1n, Alicia S\u00e1nchez-Camacho, la manifestaci\u00f3n es una muestra de que \u00abla Catalunya silenciosa empieza a tener voz y rompe su silencio\u00bb y ha advertido al PSC y a Uni\u00f3 Democr\u00e0tica del \u00aberror hist\u00f3rico\u00bb que supondr\u00e1 no haber apoyado esta convocatoria, aunque el l\u00edder de los socialistas catalanes, Pere Navarro, hab\u00eda autorizado a los militantes de su formaci\u00f3n a sumarse al acto de forma individual. La dirigente de los populares catalanes, desautorizada esta semana por su partido tras su propuesta de financiaci\u00f3n para Catalunya, ha ahondado en la utilizaci\u00f3n de este acto como r\u00e9plica al independentismo al declarar que \u201cla V\u00eda Catalana no es la \u00fanica imagen de Catalunya\u201d y ha alertado contra \u201cla ruptura de la convivencia y la fractura de la sociedad\u201d que, en su opini\u00f3n, lleva aparejado el derecho a decidir.<\/p>\n<p>Por su parte, Albert Rivera, l\u00edder de Ciutadans,\u00a0 ha expresado que la manifestaci\u00f3n de esta ma\u00f1ana en la Plaza de Catalunya \u201ces la imagen de Catalunya plural y unida, dentro de una Espa\u00f1a plural y unida\u00bb. Rivera ha coincidido con S\u00e1nchez-Camacho en que \u00abel tiempo de silencio se ha acabado\u00bb y ha aprovechado para repartir m\u00e1s estopa a los socialistas por no unirse al acto, y les conminaba a acudir, al menos, a los actos previstos para el D\u00eda de la Constituci\u00f3n. Mientras, el portavoz de la plataforma organizadora de la concentraci\u00f3n, Jos\u00e9 Domingo, reivindic\u00f3 que la concentraci\u00f3n hab\u00eda servido para \u00abdemostrar una obviedad: que muchos catalanes nos sentimos espa\u00f1oles y que queremos seguir si\u00e9ndolo\u00bb. Domingo ha asegurado que la participaci\u00f3n pod\u00eda haber sido mucho mayor y reclam\u00f3 a \u00absocialistas, simpatizantes de Uni\u00f3 y a quienes defienden el actual marco a hacer una reflexi\u00f3n\u00bb sobre la actual situaci\u00f3n pol\u00edtica.<\/p>\n<p>La concentraci\u00f3n ha contado con el visible apoyo de la organizaci\u00f3n del Partido Popular,\u00a0 evidente en los numerosos asistentes con camisetas azules con el lema Som 47 milions, y llegados en los m\u00e1s de 60 autocares fletados por el PP. Junto a S\u00e1nchez-Camacho, han acudido al acto todos los diputados y ediles populares catalanes, entre ellos el alcalde de Badalona -tercera ciudad catalana-, Xavier Garc\u00eda-Albiol, y el l\u00edder del PP en el Ayuntamiento de Barcelona, Alberto Fern\u00e1ndez D\u00edaz. A la representaci\u00f3n popular se sum\u00f3 tambi\u00e9n el secretario general del PP Vasco, Ignacio Oyarzabal. En el acto, las pancartas de diversos tama\u00f1os han proliferado entre los asistentes con lemas como \u00abEstrellados, no gracias\u00bb, \u00abTenemos un solo coraz\u00f3n\u00bb, \u00abAislarse es empobrecerse\u00bb, \u00abSilencio, nunca m\u00e1s\u00bb\u00a0 o las habituales referencias deportivas y a la selecci\u00f3n de f\u00fatbol.<\/p>\n<p>La cercana marcha fascista ha acabado provocando algunos problemas a la organizaci\u00f3n de la convocatoria que han invitado a varios manifestantes a abandonar la concentraci\u00f3n al ondear banderas preconstitucionales. La plataforma organizadora, recibida esta pasada semana por el president de la Generalitat, hab\u00eda insistido que el acto del D\u00eda de la Hispanidad deb\u00eda ser pac\u00edfico y democr\u00e1tico, y que la ultraderecha no ten\u00eda cabida. De todas formas, miembros de la Falange y del barcelon\u00e9s Casal Tramuntana -inspirado en la organizaci\u00f3n fascista italiana Casa Pound-, han intentado participar en la convocatoria tras una pancarta con el lema \u201cLa Espa\u00f1a catalana en lucha por la tierra\u201d. Durante la lectura final del manifiesto c\u00edvico por la unidad espa\u00f1ola de Garc\u00eda Bragado y Mirambell, <a href=\"https:\/\/www.revistarambla.com\/en\/boixos-nois-lo-de-menos-es-el-futbol\/\">los ultras<\/a> han repetido la consigna \u201c\u00a1No nos enga\u00f1an, Catalu\u00f1a es Espa\u00f1a!\u201d, lanzada durante el<a href=\"https:\/\/www.revistarambla.com\/en\/el-asesino-de-guillem-agullo-una-trayectoria-de-impunidad-en-la-ultraderecha-espanola\/\"> asalto fascista a la delegaci\u00f3n de la Generalitat en Madrid<\/a> el pasado 11 de septiembre, sin repercusi\u00f3n alguna entre los miles de asistentes al acto. En la manifestaci\u00f3n, tambi\u00e9n ha estado presente una representaci\u00f3n del\u00a0 Sindicato Unificado de Polic\u00eda (SUP) y, como curiosidad, un pu\u00f1ado de asistentes portaban banderas y ense\u00f1as carlistas, entre ellas la boina roja.<\/p>","protected":false},"excerpt":{"rendered":"<p>Miles de personas han participado este mediod\u00eda en la plaza de Catalunya de Barcelona en una concentraci\u00f3n de car\u00e1cter festivo a favor de la unidad de Espa\u00f1a y en contra del proceso independentista. Reunidos bajo el lema \u201cSom Catalunya, somos Espa\u00f1a\u201d, los manifestantes han llenado la Plaza de Catalunya de [&hellip;]<\/p>\n","protected":false},"author":3,"featured_media":4052,"comment_status":"open","ping_status":"open","sticky":false,"template":"","format":"standard","meta":{"footnotes":""},"categories":[76],"tags":[],"class_list":["post-4053","post","type-post","status-publish","format-standard","has-post-thumbnail","hentry","category-barcelona"],"yoast_head":"<!-- This site is optimized with the Yoast SEO plugin v27.5 - https:\/\/yoast.com\/product\/yoast-seo-wordpress\/ -->\n<title>Miles de personas reivindican en Barcelona la unidad de Espa\u00f1a - Revista Rambla<\/title>\n<meta name=\"description\" content=\"En la plaza de Catalunya de Barcelona, en una concentraci\u00f3n a favor de la unidad de Espa\u00f1a y en contra del proceso independentista.\" \/>\n<meta name=\"robots\" content=\"index, follow, max-snippet:-1, max-image-preview:large, max-video-preview:-1\" \/>\n<link rel=\"canonical\" href=\"https:\/\/www.revistarambla.com\/en\/varios-miles-de-personas-reivindican-en-barcelona-una-catalunya-dentro-de-espana\/\" \/>\n<meta property=\"og:locale\" content=\"en_GB\" \/>\n<meta property=\"og:type\" content=\"article\" \/>\n<meta property=\"og:title\" content=\"Miles de personas reivindican en Barcelona la unidad de Espa\u00f1a - Revista Rambla\" \/>\n<meta property=\"og:description\" content=\"En la plaza de Catalunya de Barcelona, en una concentraci\u00f3n a favor de la unidad de Espa\u00f1a y en contra del proceso independentista.\" \/>\n<meta property=\"og:url\" content=\"https:\/\/www.revistarambla.com\/en\/varios-miles-de-personas-reivindican-en-barcelona-una-catalunya-dentro-de-espana\/\" \/>\n<meta property=\"og:site_name\" content=\"Revista Rambla\" \/>\n<meta property=\"article:publisher\" content=\"https:\/\/www.facebook.com\/revistarambla\/\" \/>\n<meta property=\"article:author\" content=\"https:\/\/www.facebook.com\/revistarambla\" \/>\n<meta property=\"article:published_time\" content=\"2013-10-14T15:59:31+00:00\" \/>\n<meta property=\"article:modified_time\" content=\"2024-04-29T15:25:08+00:00\" \/>\n<meta property=\"og:image\" content=\"https:\/\/www.revistarambla.com\/wp-content\/uploads\/2013\/10\/revistarambla_pp_02.jpg\" \/>\n\t<meta property=\"og:image:width\" content=\"700\" \/>\n\t<meta property=\"og:image:height\" content=\"392\" \/>\n\t<meta property=\"og:image:type\" content=\"image\/jpeg\" \/>\n<meta name=\"author\" content=\"R@mbla\" \/>\n<meta name=\"twitter:card\" content=\"summary_large_image\" \/>\n<meta name=\"twitter:creator\" content=\"@revistarambla\" \/>\n<meta name=\"twitter:site\" content=\"@revistarambla\" \/>\n<meta name=\"twitter:label1\" content=\"Written by\" \/>\n\t<meta name=\"twitter:data1\" content=\"R@mbla\" \/>\n\t<meta name=\"twitter:label2\" content=\"Estimated reading time\" \/>\n\t<meta name=\"twitter:data2\" content=\"5 minutes\" \/>\n<script type=\"application\/ld+json\" class=\"yoast-schema-graph\">{\"@context\":\"https:\\\/\\\/schema.org\",\"@graph\":[{\"@type\":\"Article\",\"@id\":\"https:\\\/\\\/www.revistarambla.com\\\/varios-miles-de-personas-reivindican-en-barcelona-una-catalunya-dentro-de-espana\\\/#article\",\"isPartOf\":{\"@id\":\"https:\\\/\\\/www.revistarambla.com\\\/varios-miles-de-personas-reivindican-en-barcelona-una-catalunya-dentro-de-espana\\\/\"},\"author\":{\"name\":\"R@mbla\",\"@id\":\"https:\\\/\\\/www.revistarambla.com\\\/#\\\/schema\\\/person\\\/a146a5a2550b94981a75131180e1bd9c\"},\"headline\":\"Miles de personas reivindican en Barcelona la unidad de Espa\u00f1a\",\"datePublished\":\"2013-10-14T15:59:31+00:00\",\"dateModified\":\"2024-04-29T15:25:08+00:00\",\"mainEntityOfPage\":{\"@id\":\"https:\\\/\\\/www.revistarambla.com\\\/varios-miles-de-personas-reivindican-en-barcelona-una-catalunya-dentro-de-espana\\\/\"},\"wordCount\":1009,\"commentCount\":0,\"publisher\":{\"@id\":\"https:\\\/\\\/www.revistarambla.com\\\/#organization\"},\"image\":{\"@id\":\"https:\\\/\\\/www.revistarambla.com\\\/varios-miles-de-personas-reivindican-en-barcelona-una-catalunya-dentro-de-espana\\\/#primaryimage\"},\"thumbnailUrl\":\"https:\\\/\\\/www.revistarambla.com\\\/wp-content\\\/uploads\\\/2013\\\/10\\\/revistarambla_pp_02.jpg\",\"articleSection\":[\"Barcelona\"],\"inLanguage\":\"en-GB\",\"potentialAction\":[{\"@type\":\"CommentAction\",\"name\":\"Comment\",\"target\":[\"https:\\\/\\\/www.revistarambla.com\\\/varios-miles-de-personas-reivindican-en-barcelona-una-catalunya-dentro-de-espana\\\/#respond\"]}]},{\"@type\":\"WebPage\",\"@id\":\"https:\\\/\\\/www.revistarambla.com\\\/varios-miles-de-personas-reivindican-en-barcelona-una-catalunya-dentro-de-espana\\\/\",\"url\":\"https:\\\/\\\/www.revistarambla.com\\\/varios-miles-de-personas-reivindican-en-barcelona-una-catalunya-dentro-de-espana\\\/\",\"name\":\"Miles de personas reivindican en Barcelona la unidad de Espa\u00f1a - Revista Rambla\",\"isPartOf\":{\"@id\":\"https:\\\/\\\/www.revistarambla.com\\\/#website\"},\"primaryImageOfPage\":{\"@id\":\"https:\\\/\\\/www.revistarambla.com\\\/varios-miles-de-personas-reivindican-en-barcelona-una-catalunya-dentro-de-espana\\\/#primaryimage\"},\"image\":{\"@id\":\"https:\\\/\\\/www.revistarambla.com\\\/varios-miles-de-personas-reivindican-en-barcelona-una-catalunya-dentro-de-espana\\\/#primaryimage\"},\"thumbnailUrl\":\"https:\\\/\\\/www.revistarambla.com\\\/wp-content\\\/uploads\\\/2013\\\/10\\\/revistarambla_pp_02.jpg\",\"datePublished\":\"2013-10-14T15:59:31+00:00\",\"dateModified\":\"2024-04-29T15:25:08+00:00\",\"description\":\"En la plaza de Catalunya de Barcelona, en una concentraci\u00f3n a favor de la unidad de Espa\u00f1a y en contra del proceso independentista.\",\"breadcrumb\":{\"@id\":\"https:\\\/\\\/www.revistarambla.com\\\/varios-miles-de-personas-reivindican-en-barcelona-una-catalunya-dentro-de-espana\\\/#breadcrumb\"},\"inLanguage\":\"en-GB\",\"potentialAction\":[{\"@type\":\"ReadAction\",\"target\":[\"https:\\\/\\\/www.revistarambla.com\\\/varios-miles-de-personas-reivindican-en-barcelona-una-catalunya-dentro-de-espana\\\/\"]}]},{\"@type\":\"ImageObject\",\"inLanguage\":\"en-GB\",\"@id\":\"https:\\\/\\\/www.revistarambla.com\\\/varios-miles-de-personas-reivindican-en-barcelona-una-catalunya-dentro-de-espana\\\/#primaryimage\",\"url\":\"https:\\\/\\\/www.revistarambla.com\\\/wp-content\\\/uploads\\\/2013\\\/10\\\/revistarambla_pp_02.jpg\",\"contentUrl\":\"https:\\\/\\\/www.revistarambla.com\\\/wp-content\\\/uploads\\\/2013\\\/10\\\/revistarambla_pp_02.jpg\",\"width\":700,\"height\":392,\"caption\":\"unidad de espa\u00f1a barcelona concentraci\u00f3n manifestaci\u00f3n\"},{\"@type\":\"BreadcrumbList\",\"@id\":\"https:\\\/\\\/www.revistarambla.com\\\/varios-miles-de-personas-reivindican-en-barcelona-una-catalunya-dentro-de-espana\\\/#breadcrumb\",\"itemListElement\":[{\"@type\":\"ListItem\",\"position\":1,\"name\":\"Portada\",\"item\":\"https:\\\/\\\/www.revistarambla.com\\\/\"},{\"@type\":\"ListItem\",\"position\":2,\"name\":\"Miles de personas reivindican en Barcelona la unidad de Espa\u00f1a\"}]},{\"@type\":\"WebSite\",\"@id\":\"https:\\\/\\\/www.revistarambla.com\\\/#website\",\"url\":\"https:\\\/\\\/www.revistarambla.com\\\/\",\"name\":\"Revista Rambla Barcelona\",\"description\":\"Periodismo independiente\",\"publisher\":{\"@id\":\"https:\\\/\\\/www.revistarambla.com\\\/#organization\"},\"potentialAction\":[{\"@type\":\"SearchAction\",\"target\":{\"@type\":\"EntryPoint\",\"urlTemplate\":\"https:\\\/\\\/www.revistarambla.com\\\/?s={search_term_string}\"},\"query-input\":{\"@type\":\"PropertyValueSpecification\",\"valueRequired\":true,\"valueName\":\"search_term_string\"}}],\"inLanguage\":\"en-GB\"},{\"@type\":\"Organization\",\"@id\":\"https:\\\/\\\/www.revistarambla.com\\\/#organization\",\"name\":\"Revista Rambla\",\"url\":\"https:\\\/\\\/www.revistarambla.com\\\/\",\"logo\":{\"@type\":\"ImageObject\",\"inLanguage\":\"en-GB\",\"@id\":\"https:\\\/\\\/www.revistarambla.com\\\/#\\\/schema\\\/logo\\\/image\\\/\",\"url\":\"https:\\\/\\\/www.revistarambla.com\\\/wp-content\\\/uploads\\\/2020\\\/09\\\/banner_rambla_1900x600_BB.png\",\"contentUrl\":\"https:\\\/\\\/www.revistarambla.com\\\/wp-content\\\/uploads\\\/2020\\\/09\\\/banner_rambla_1900x600_BB.png\",\"width\":1900,\"height\":600,\"caption\":\"Revista Rambla\"},\"image\":{\"@id\":\"https:\\\/\\\/www.revistarambla.com\\\/#\\\/schema\\\/logo\\\/image\\\/\"},\"sameAs\":[\"https:\\\/\\\/www.facebook.com\\\/revistarambla\\\/\",\"https:\\\/\\\/x.com\\\/revistarambla\",\"https:\\\/\\\/www.instagram.com\\\/revista_rambla\",\"https:\\\/\\\/es.linkedin.com\\\/company\\\/revista-rambla\"]},{\"@type\":\"Person\",\"@id\":\"https:\\\/\\\/www.revistarambla.com\\\/#\\\/schema\\\/person\\\/a146a5a2550b94981a75131180e1bd9c\",\"name\":\"R@mbla\",\"description\":\"Este art\u00edculo ha sido redactado y\\\/o validado por el equipo de redacci\u00f3n de Revista Rambla.\",\"sameAs\":[\"https:\\\/\\\/www.revistarambla.com\\\/\",\"https:\\\/\\\/www.facebook.com\\\/revistarambla\",\"https:\\\/\\\/x.com\\\/revistarambla\"]}]}<\/script>\n<!-- \/ Yoast SEO plugin. -->","yoast_head_json":{"title":"Miles de personas reivindican en Barcelona la unidad de Espa\u00f1a - Revista Rambla","description":"En la plaza de Catalunya de Barcelona, en una concentraci\u00f3n a favor de la unidad de Espa\u00f1a y en contra del proceso independentista.","robots":{"index":"index","follow":"follow","max-snippet":"max-snippet:-1","max-image-preview":"max-image-preview:large","max-video-preview":"max-video-preview:-1"},"canonical":"https:\/\/www.revistarambla.com\/en\/varios-miles-de-personas-reivindican-en-barcelona-una-catalunya-dentro-de-espana\/","og_locale":"en_GB","og_type":"article","og_title":"Miles de personas reivindican en Barcelona la unidad de Espa\u00f1a - Revista Rambla","og_description":"En la plaza de Catalunya de Barcelona, en una concentraci\u00f3n a favor de la unidad de Espa\u00f1a y en contra del proceso independentista.","og_url":"https:\/\/www.revistarambla.com\/en\/varios-miles-de-personas-reivindican-en-barcelona-una-catalunya-dentro-de-espana\/","og_site_name":"Revista Rambla","article_publisher":"https:\/\/www.facebook.com\/revistarambla\/","article_author":"https:\/\/www.facebook.com\/revistarambla","article_published_time":"2013-10-14T15:59:31+00:00","article_modified_time":"2024-04-29T15:25:08+00:00","og_image":[{"width":700,"height":392,"url":"https:\/\/www.revistarambla.com\/wp-content\/uploads\/2013\/10\/revistarambla_pp_02.jpg","type":"image\/jpeg"}],"author":"R@mbla","twitter_card":"summary_large_image","twitter_creator":"@revistarambla","twitter_site":"@revistarambla","twitter_misc":{"Written by":"R@mbla","Estimated reading time":"5 minutes"},"schema":{"@context":"https:\/\/schema.org","@graph":[{"@type":"Article","@id":"https:\/\/www.revistarambla.com\/varios-miles-de-personas-reivindican-en-barcelona-una-catalunya-dentro-de-espana\/#article","isPartOf":{"@id":"https:\/\/www.revistarambla.com\/varios-miles-de-personas-reivindican-en-barcelona-una-catalunya-dentro-de-espana\/"},"author":{"name":"R@mbla","@id":"https:\/\/www.revistarambla.com\/#\/schema\/person\/a146a5a2550b94981a75131180e1bd9c"},"headline":"Miles de personas reivindican en Barcelona la unidad de Espa\u00f1a","datePublished":"2013-10-14T15:59:31+00:00","dateModified":"2024-04-29T15:25:08+00:00","mainEntityOfPage":{"@id":"https:\/\/www.revistarambla.com\/varios-miles-de-personas-reivindican-en-barcelona-una-catalunya-dentro-de-espana\/"},"wordCount":1009,"commentCount":0,"publisher":{"@id":"https:\/\/www.revistarambla.com\/#organization"},"image":{"@id":"https:\/\/www.revistarambla.com\/varios-miles-de-personas-reivindican-en-barcelona-una-catalunya-dentro-de-espana\/#primaryimage"},"thumbnailUrl":"https:\/\/www.revistarambla.com\/wp-content\/uploads\/2013\/10\/revistarambla_pp_02.jpg","articleSection":["Barcelona"],"inLanguage":"en-GB","potentialAction":[{"@type":"CommentAction","name":"Comment","target":["https:\/\/www.revistarambla.com\/varios-miles-de-personas-reivindican-en-barcelona-una-catalunya-dentro-de-espana\/#respond"]}]},{"@type":"WebPage","@id":"https:\/\/www.revistarambla.com\/varios-miles-de-personas-reivindican-en-barcelona-una-catalunya-dentro-de-espana\/","url":"https:\/\/www.revistarambla.com\/varios-miles-de-personas-reivindican-en-barcelona-una-catalunya-dentro-de-espana\/","name":"Miles de personas reivindican en Barcelona la unidad de Espa\u00f1a - Revista Rambla","isPartOf":{"@id":"https:\/\/www.revistarambla.com\/#website"},"primaryImageOfPage":{"@id":"https:\/\/www.revistarambla.com\/varios-miles-de-personas-reivindican-en-barcelona-una-catalunya-dentro-de-espana\/#primaryimage"},"image":{"@id":"https:\/\/www.revistarambla.com\/varios-miles-de-personas-reivindican-en-barcelona-una-catalunya-dentro-de-espana\/#primaryimage"},"thumbnailUrl":"https:\/\/www.revistarambla.com\/wp-content\/uploads\/2013\/10\/revistarambla_pp_02.jpg","datePublished":"2013-10-14T15:59:31+00:00","dateModified":"2024-04-29T15:25:08+00:00","description":"En la plaza de Catalunya de Barcelona, en una concentraci\u00f3n a favor de la unidad de Espa\u00f1a y en contra del proceso independentista.","breadcrumb":{"@id":"https:\/\/www.revistarambla.com\/varios-miles-de-personas-reivindican-en-barcelona-una-catalunya-dentro-de-espana\/#breadcrumb"},"inLanguage":"en-GB","potentialAction":[{"@type":"ReadAction","target":["https:\/\/www.revistarambla.com\/varios-miles-de-personas-reivindican-en-barcelona-una-catalunya-dentro-de-espana\/"]}]},{"@type":"ImageObject","inLanguage":"en-GB","@id":"https:\/\/www.revistarambla.com\/varios-miles-de-personas-reivindican-en-barcelona-una-catalunya-dentro-de-espana\/#primaryimage","url":"https:\/\/www.revistarambla.com\/wp-content\/uploads\/2013\/10\/revistarambla_pp_02.jpg","contentUrl":"https:\/\/www.revistarambla.com\/wp-content\/uploads\/2013\/10\/revistarambla_pp_02.jpg","width":700,"height":392,"caption":"unidad de espa\u00f1a barcelona concentraci\u00f3n manifestaci\u00f3n"},{"@type":"BreadcrumbList","@id":"https:\/\/www.revistarambla.com\/varios-miles-de-personas-reivindican-en-barcelona-una-catalunya-dentro-de-espana\/#breadcrumb","itemListElement":[{"@type":"ListItem","position":1,"name":"Portada","item":"https:\/\/www.revistarambla.com\/"},{"@type":"ListItem","position":2,"name":"Miles de personas reivindican en Barcelona la unidad de Espa\u00f1a"}]},{"@type":"WebSite","@id":"https:\/\/www.revistarambla.com\/#website","url":"https:\/\/www.revistarambla.com\/","name":"Revista Rambla Barcelona","description":"Periodismo independiente","publisher":{"@id":"https:\/\/www.revistarambla.com\/#organization"},"potentialAction":[{"@type":"SearchAction","target":{"@type":"EntryPoint","urlTemplate":"https:\/\/www.revistarambla.com\/?s={search_term_string}"},"query-input":{"@type":"PropertyValueSpecification","valueRequired":true,"valueName":"search_term_string"}}],"inLanguage":"en-GB"},{"@type":"Organization","@id":"https:\/\/www.revistarambla.com\/#organization","name":"Revista Rambla","url":"https:\/\/www.revistarambla.com\/","logo":{"@type":"ImageObject","inLanguage":"en-GB","@id":"https:\/\/www.revistarambla.com\/#\/schema\/logo\/image\/","url":"https:\/\/www.revistarambla.com\/wp-content\/uploads\/2020\/09\/banner_rambla_1900x600_BB.png","contentUrl":"https:\/\/www.revistarambla.com\/wp-content\/uploads\/2020\/09\/banner_rambla_1900x600_BB.png","width":1900,"height":600,"caption":"Revista Rambla"},"image":{"@id":"https:\/\/www.revistarambla.com\/#\/schema\/logo\/image\/"},"sameAs":["https:\/\/www.facebook.com\/revistarambla\/","https:\/\/x.com\/revistarambla","https:\/\/www.instagram.com\/revista_rambla","https:\/\/es.linkedin.com\/company\/revista-rambla"]},{"@type":"Person","@id":"https:\/\/www.revistarambla.com\/#\/schema\/person\/a146a5a2550b94981a75131180e1bd9c","name":"R@mbla","description":"Este art\u00edculo ha sido redactado y\/o validado por el equipo de redacci\u00f3n de Revista Rambla.","sameAs":["https:\/\/www.revistarambla.com\/","https:\/\/www.facebook.com\/revistarambla","https:\/\/x.com\/revistarambla"]}]}},"_links":{"self":[{"href":"https:\/\/www.revistarambla.com\/en\/wp-json\/wp\/v2\/posts\/4053","targetHints":{"allow":["GET"]}}],"collection":[{"href":"https:\/\/www.revistarambla.com\/en\/wp-json\/wp\/v2\/posts"}],"about":[{"href":"https:\/\/www.revistarambla.com\/en\/wp-json\/wp\/v2\/types\/post"}],"author":[{"embeddable":true,"href":"https:\/\/www.revistarambla.com\/en\/wp-json\/wp\/v2\/users\/3"}],"replies":[{"embeddable":true,"href":"https:\/\/www.revistarambla.com\/en\/wp-json\/wp\/v2\/comments?post=4053"}],"version-history":[{"count":2,"href":"https:\/\/www.revistarambla.com\/en\/wp-json\/wp\/v2\/posts\/4053\/revisions"}],"predecessor-version":[{"id":59849,"href":"https:\/\/www.revistarambla.com\/en\/wp-json\/wp\/v2\/posts\/4053\/revisions\/59849"}],"wp:featuredmedia":[{"embeddable":true,"href":"https:\/\/www.revistarambla.com\/en\/wp-json\/wp\/v2\/media\/4052"}],"wp:attachment":[{"href":"https:\/\/www.revistarambla.com\/en\/wp-json\/wp\/v2\/media?parent=4053"}],"wp:term":[{"taxonomy":"category","embeddable":true,"href":"https:\/\/www.revistarambla.com\/en\/wp-json\/wp\/v2\/categories?post=4053"},{"taxonomy":"post_tag","embeddable":true,"href":"https:\/\/www.revistarambla.com\/en\/wp-json\/wp\/v2\/tags?post=4053"}],"curies":[{"name":"wp","href":"https:\/\/api.w.org\/{rel}","templated":true}]}}