{"id":4049,"date":"2013-10-14T14:17:06","date_gmt":"2013-10-14T14:17:06","guid":{"rendered":"https:\/\/www.revistarambla.com\/trampas-de-alambre-de-pua\/"},"modified":"2021-06-02T21:01:06","modified_gmt":"2021-06-02T19:01:06","slug":"trampas-de-alambre-de-pua","status":"publish","type":"post","link":"https:\/\/www.revistarambla.com\/en\/trampas-de-alambre-de-pua\/","title":{"rendered":"Trampas de alambre de p\u00faa"},"content":{"rendered":"<figure style=\"width: 700px\" class=\"wp-caption aligncenter\"><img decoding=\"async\" src=\"https:\/\/www.revistarambla.com\/wp-content\/uploads\/2013\/10\/Lampedusa_revistarambla_02.jpg\" alt=\"alt\" width=\"700\" height=\"252\" \/><figcaption class=\"wp-caption-text\">Ilustra Evelio G\u00f3mez.<\/figcaption><\/figure>\n<p>Naufraga un barquito con refugiados en el Mediterr\u00e1neo y mueren alrededor de 130 personas. As\u00ed se ve la noticia desde Italia: 3 pesqueros no se detuvieron por miedo a la ley Bossi-Fini, a ver si me explico Umberto Bossi es el l\u00edder del carrocio, perd\u00f3n por la familiaridad pero conozco bien a estos de Lega Nord. Son \u00a0esa cosa que pretende hermanarse con Catalunya y sus demandas independentistas y Gianfranco Fini es el l\u00edder de la derech\u00edsima Aleanza Nazionale. Es decir que la derecha separatista\/nacionalista padana se ali\u00f3 con la derecha nacionalista paraestatal para redactar una ley xen\u00f3foba y racista \u00a0que multa muy duramente a los que dan asilo a los inmigrantes. Ley que hoy est\u00e1 vigente en Italy. Y que viola su Constituci\u00f3n:<\/p>\n<p>\u201cEl Fiscal de Florencia recientemente ha afirmado que la Ley viola en concreto los art\u00edculos 2, 3 y 27 de la Constituci\u00f3n Italiana. El concreto el art\u00edculo 2 reconoce los derechos inviolables del hombre y prev\u00e9 el principio de solidaridad pol\u00edtica, econ\u00f3mica y social debida no s\u00f3lo \u00a0a los ciudadanos sino a favor de cualquier persona, por lo que tambi\u00e9n se extiende a los extranjeros que se encuentran presentes en el territorio nacional y que no tienen ning\u00fan tipo de documentaci\u00f3n y por lo tanto una identidad determinada por una serie de motivos pol\u00edticos o econ\u00f3micos dram\u00e1ticos que se han producido en sus respectivos pa\u00edses.\u201d(1)<\/p>\n<p>\u00bfPor qu\u00e9 digo Italy? porque es un pa\u00eds de emigrantes, y lo de Italy \u00a0suena como m\u00e1s international. Uruguay, Argentina, Brasil, USA, Australia&#8230; all\u00ed todos acaban comiendo pizza, pero Italia no quiere comer cous cuos aunque \u00a0ya lo preparen bien los napolitanos. Nuestros paisillos mediterr\u00e1neos est\u00e1n formados por inmigrantes, no hay un s\u00f3lo pueblo ba\u00f1adito por el mar que no haya nacido y crecido acunado por las diversas nanas interculturales y por supuesto entre el nacer y el crecer se come comida mestiza. Pero hoy damos por hecho que somos lo que somos porque somos culturalmente \u201cpuros\u201d y que nos hemos reproducidos como una zeta en una tiesto.<\/p>\n<p>Es de destacar la falta absoluta de memoria hist\u00f3rica de los italianos cuando en el 2002 votaron a favor de la reforma de Ley inmigraci\u00f3n, convirtiendo la ley Turco Napolitano (1998), de \u00edndole progresista, en un panfleto xen\u00f3fobo. Quiz\u00e1s sea m\u00e1s correcto decir que Italia tiene memoria selectiva, a\u00f1ora a sus emigrantes y repudia a sus inmigrantes. No recuerda su legado, cultural y humano, venido de los barcos hace cientos de a\u00f1os. De la Edad Media y el Renacimiento los italianos no se acuerdan si no es por Assassin&#8217;s creed y porque est\u00e1n llenos de museos a los que no van. Como van a recordar que su antepasados viv\u00edan una amalgama de culturas, a veces a los palos, pero no tanto como la historia tradicional nos quiere ense\u00f1ar.<\/p>\n<p>Esta barbarie que se comete a diario, con refugiados e inmigrantes, demuestra que no somos capaces de rescatar el pasado para preparar un futuro mejor. Y ya escribo en primera persona del plural, porque en nuestra pen\u00ednsula pasa lo mismo. Para muestra bastan las leyes antinmigrantes sobre la sanidad, la residencia o la solidaridad. Ahora, como en los albores de la segunda guerra, Alemania y Europa, vota a los racistas y deja morir a miles en agua bendita del Mediterr\u00e1neo, hoy ese mar \u00a0es una tumba. Desde el Estado espa\u00f1ol no s\u00f3lo nos miramos el obligo cuando se trata de gentes del sur del mundo, si no que ni siquiera nos paramos a mirar que pasa en Grecia o en Italia, y as\u00ed, sin aprender, ni recordar, en el sur de Europa cerramos \u00a0universidades (2) y abrimos Centros de Internamiento para Inmigrantes. Dicen que cuarenta d\u00edas pasaron mis tatarabuelos en un centro portuario cuando bajaron del barco en Buenos Aires, con fiebre, hambre y muy poca dignidad, todos hacemos lo mismo y razonamos con la cabeza peque\u00f1a: mi casa es mi propiedad, por lo tanto no quiero un extraloqesea dentro de ella.<\/p>\n<p>Nadie que vote, apoye, o sea simplemente condescendiente con personajillos como Bossi, Fini, Anglada, Blamakis, Pe\u00f1a, D\u00edez o cualquier otro fascista europeo, est\u00e9 o no dentro del \u00e1mbito democr\u00e1tico; nadie, incluso la buena gente que repudia a los fascismos pero luego justifica Leyes migratorias vejatorias, se pone a pensar de modo emp\u00e1tico. Si llega gente en plena crisis es porque el mundo del sur \u00a0la est\u00e1 pasando mucho peor que nosotros, y por culpa de los mismos que nos montaron aqu\u00ed la crisis. Pensar en ellos y ellas preocupa, entristece, pone en conflicto todo aquello que cre\u00edamos inmutable, Dios, Patria y Familia.<\/p>\n<p>No voy a discernir aqu\u00ed si las personas del barco de Lampedusa eran refugiados o emigrantes, qu\u00e9 m\u00e1s da \u00bfQu\u00e9 diferencia hab\u00eda hace tiempo entre emigrantes de posguerra, exiliados pol\u00edticos o deportados \u00a0del nacismo?<\/p>\n<p>Es cierto, si, la crisis trae la sinraz\u00f3n del odio, la clausura de fronteras y la usurpaci\u00f3n de la solidaridad. Cualquier manifestaci\u00f3n xen\u00f3foba vecinal, local, de esas cotidianas, \u00a0son la puntita del iceberg de lo que se nos viene encima. Con encarcelar a los malos de Alba Dorada no hacemos mucha cosa.<\/p>\n<p>Hoy Catalunya quiere ser Estado: \u00bfQu\u00e9 tipo de Rep\u00fablica pretendemos que sea? Ser\u00e1 un pa\u00eds peque\u00f1o, con recursos limitados y con la necesidad de emprender nuevas pol\u00edticas migratorias \u00bfSeremos capaces de dejar a PxC y sus ac\u00f3litos fuera del nuevo Estado? \u00bfAcabar\u00e1 siendo nuestro mar una tumba y nuestras fronteras trampas de alambres de p\u00faa?<\/p>","protected":false},"excerpt":{"rendered":"<p>Naufraga un barquito con refugiados en el Mediterr\u00e1neo y mueren alrededor de 130 personas. As\u00ed se ve la noticia desde Italia: 3 pesqueros no se detuvieron por miedo a la ley Bossi-Fini, a ver si me explico Umberto Bossi es el l\u00edder del carrocio, perd\u00f3n por la familiaridad pero conozco [&hellip;]<\/p>\n","protected":false},"author":3,"featured_media":0,"comment_status":"open","ping_status":"open","sticky":false,"template":"","format":"standard","meta":{"footnotes":""},"categories":[72],"tags":[],"class_list":["post-4049","post","type-post","status-publish","format-standard","hentry","category-opinion"],"yoast_head":"<!-- This site is optimized with the Yoast SEO plugin v27.5 - https:\/\/yoast.com\/product\/yoast-seo-wordpress\/ -->\n<title>Trampas de alambre de p\u00faa - Revista Rambla<\/title>\n<meta name=\"robots\" content=\"index, follow, max-snippet:-1, max-image-preview:large, max-video-preview:-1\" \/>\n<link rel=\"canonical\" href=\"https:\/\/www.revistarambla.com\/en\/trampas-de-alambre-de-pua\/\" \/>\n<meta property=\"og:locale\" content=\"en_GB\" \/>\n<meta property=\"og:type\" content=\"article\" \/>\n<meta property=\"og:title\" content=\"Trampas de alambre de p\u00faa - Revista Rambla\" \/>\n<meta property=\"og:description\" content=\"Naufraga un barquito con refugiados en el Mediterr\u00e1neo y mueren alrededor de 130 personas. As\u00ed se ve la noticia desde Italia: 3 pesqueros no se detuvieron por miedo a la ley Bossi-Fini, a ver si me explico Umberto Bossi es el l\u00edder del carrocio, perd\u00f3n por la familiaridad pero conozco [&hellip;]\" \/>\n<meta property=\"og:url\" content=\"https:\/\/www.revistarambla.com\/en\/trampas-de-alambre-de-pua\/\" \/>\n<meta property=\"og:site_name\" content=\"Revista Rambla\" \/>\n<meta property=\"article:publisher\" content=\"https:\/\/www.facebook.com\/revistarambla\/\" \/>\n<meta property=\"article:author\" content=\"https:\/\/www.facebook.com\/revistarambla\" \/>\n<meta property=\"article:published_time\" content=\"2013-10-14T14:17:06+00:00\" \/>\n<meta property=\"article:modified_time\" content=\"2021-06-02T19:01:06+00:00\" \/>\n<meta property=\"og:image\" content=\"https:\/\/i0.wp.com\/www.revistarambla.com\/wp-content\/uploads\/2013\/10\/Lampedusa_revistarambla_01.jpg?fit=682%2C450&ssl=1\" \/>\n\t<meta property=\"og:image:width\" content=\"682\" \/>\n\t<meta property=\"og:image:height\" content=\"450\" \/>\n\t<meta property=\"og:image:type\" content=\"image\/jpeg\" \/>\n<meta name=\"author\" content=\"R@mbla\" \/>\n<meta name=\"twitter:card\" content=\"summary_large_image\" \/>\n<meta name=\"twitter:creator\" content=\"@revistarambla\" \/>\n<meta name=\"twitter:site\" content=\"@revistarambla\" \/>\n<meta name=\"twitter:label1\" content=\"Written by\" \/>\n\t<meta name=\"twitter:data1\" content=\"R@mbla\" \/>\n\t<meta name=\"twitter:label2\" content=\"Estimated reading time\" \/>\n\t<meta name=\"twitter:data2\" content=\"5 minutes\" \/>\n<script type=\"application\/ld+json\" class=\"yoast-schema-graph\">{\"@context\":\"https:\\\/\\\/schema.org\",\"@graph\":[{\"@type\":\"Article\",\"@id\":\"https:\\\/\\\/www.revistarambla.com\\\/trampas-de-alambre-de-pua\\\/#article\",\"isPartOf\":{\"@id\":\"https:\\\/\\\/www.revistarambla.com\\\/trampas-de-alambre-de-pua\\\/\"},\"author\":{\"name\":\"R@mbla\",\"@id\":\"https:\\\/\\\/www.revistarambla.com\\\/#\\\/schema\\\/person\\\/a146a5a2550b94981a75131180e1bd9c\"},\"headline\":\"Trampas de alambre de p\u00faa\",\"datePublished\":\"2013-10-14T14:17:06+00:00\",\"dateModified\":\"2021-06-02T19:01:06+00:00\",\"mainEntityOfPage\":{\"@id\":\"https:\\\/\\\/www.revistarambla.com\\\/trampas-de-alambre-de-pua\\\/\"},\"wordCount\":969,\"commentCount\":0,\"publisher\":{\"@id\":\"https:\\\/\\\/www.revistarambla.com\\\/#organization\"},\"image\":{\"@id\":\"https:\\\/\\\/www.revistarambla.com\\\/trampas-de-alambre-de-pua\\\/#primaryimage\"},\"thumbnailUrl\":\"https:\\\/\\\/www.revistarambla.com\\\/wp-content\\\/uploads\\\/2013\\\/10\\\/Lampedusa_revistarambla_02.jpg\",\"articleSection\":[\"Opiniones\"],\"inLanguage\":\"en-GB\",\"potentialAction\":[{\"@type\":\"CommentAction\",\"name\":\"Comment\",\"target\":[\"https:\\\/\\\/www.revistarambla.com\\\/trampas-de-alambre-de-pua\\\/#respond\"]}]},{\"@type\":\"WebPage\",\"@id\":\"https:\\\/\\\/www.revistarambla.com\\\/trampas-de-alambre-de-pua\\\/\",\"url\":\"https:\\\/\\\/www.revistarambla.com\\\/trampas-de-alambre-de-pua\\\/\",\"name\":\"Trampas de alambre de p\u00faa - Revista Rambla\",\"isPartOf\":{\"@id\":\"https:\\\/\\\/www.revistarambla.com\\\/#website\"},\"primaryImageOfPage\":{\"@id\":\"https:\\\/\\\/www.revistarambla.com\\\/trampas-de-alambre-de-pua\\\/#primaryimage\"},\"image\":{\"@id\":\"https:\\\/\\\/www.revistarambla.com\\\/trampas-de-alambre-de-pua\\\/#primaryimage\"},\"thumbnailUrl\":\"https:\\\/\\\/www.revistarambla.com\\\/wp-content\\\/uploads\\\/2013\\\/10\\\/Lampedusa_revistarambla_02.jpg\",\"datePublished\":\"2013-10-14T14:17:06+00:00\",\"dateModified\":\"2021-06-02T19:01:06+00:00\",\"breadcrumb\":{\"@id\":\"https:\\\/\\\/www.revistarambla.com\\\/trampas-de-alambre-de-pua\\\/#breadcrumb\"},\"inLanguage\":\"en-GB\",\"potentialAction\":[{\"@type\":\"ReadAction\",\"target\":[\"https:\\\/\\\/www.revistarambla.com\\\/trampas-de-alambre-de-pua\\\/\"]}]},{\"@type\":\"ImageObject\",\"inLanguage\":\"en-GB\",\"@id\":\"https:\\\/\\\/www.revistarambla.com\\\/trampas-de-alambre-de-pua\\\/#primaryimage\",\"url\":\"https:\\\/\\\/www.revistarambla.com\\\/wp-content\\\/uploads\\\/2013\\\/10\\\/Lampedusa_revistarambla_02.jpg\",\"contentUrl\":\"https:\\\/\\\/www.revistarambla.com\\\/wp-content\\\/uploads\\\/2013\\\/10\\\/Lampedusa_revistarambla_02.jpg\"},{\"@type\":\"BreadcrumbList\",\"@id\":\"https:\\\/\\\/www.revistarambla.com\\\/trampas-de-alambre-de-pua\\\/#breadcrumb\",\"itemListElement\":[{\"@type\":\"ListItem\",\"position\":1,\"name\":\"Portada\",\"item\":\"https:\\\/\\\/www.revistarambla.com\\\/\"},{\"@type\":\"ListItem\",\"position\":2,\"name\":\"Trampas de alambre de p\u00faa\"}]},{\"@type\":\"WebSite\",\"@id\":\"https:\\\/\\\/www.revistarambla.com\\\/#website\",\"url\":\"https:\\\/\\\/www.revistarambla.com\\\/\",\"name\":\"Revista Rambla Barcelona\",\"description\":\"Periodismo independiente\",\"publisher\":{\"@id\":\"https:\\\/\\\/www.revistarambla.com\\\/#organization\"},\"potentialAction\":[{\"@type\":\"SearchAction\",\"target\":{\"@type\":\"EntryPoint\",\"urlTemplate\":\"https:\\\/\\\/www.revistarambla.com\\\/?s={search_term_string}\"},\"query-input\":{\"@type\":\"PropertyValueSpecification\",\"valueRequired\":true,\"valueName\":\"search_term_string\"}}],\"inLanguage\":\"en-GB\"},{\"@type\":\"Organization\",\"@id\":\"https:\\\/\\\/www.revistarambla.com\\\/#organization\",\"name\":\"Revista Rambla\",\"url\":\"https:\\\/\\\/www.revistarambla.com\\\/\",\"logo\":{\"@type\":\"ImageObject\",\"inLanguage\":\"en-GB\",\"@id\":\"https:\\\/\\\/www.revistarambla.com\\\/#\\\/schema\\\/logo\\\/image\\\/\",\"url\":\"https:\\\/\\\/www.revistarambla.com\\\/wp-content\\\/uploads\\\/2020\\\/09\\\/banner_rambla_1900x600_BB.png\",\"contentUrl\":\"https:\\\/\\\/www.revistarambla.com\\\/wp-content\\\/uploads\\\/2020\\\/09\\\/banner_rambla_1900x600_BB.png\",\"width\":1900,\"height\":600,\"caption\":\"Revista Rambla\"},\"image\":{\"@id\":\"https:\\\/\\\/www.revistarambla.com\\\/#\\\/schema\\\/logo\\\/image\\\/\"},\"sameAs\":[\"https:\\\/\\\/www.facebook.com\\\/revistarambla\\\/\",\"https:\\\/\\\/x.com\\\/revistarambla\",\"https:\\\/\\\/www.instagram.com\\\/revista_rambla\",\"https:\\\/\\\/es.linkedin.com\\\/company\\\/revista-rambla\"]},{\"@type\":\"Person\",\"@id\":\"https:\\\/\\\/www.revistarambla.com\\\/#\\\/schema\\\/person\\\/a146a5a2550b94981a75131180e1bd9c\",\"name\":\"R@mbla\",\"description\":\"Este art\u00edculo ha sido redactado y\\\/o validado por el equipo de redacci\u00f3n de Revista Rambla.\",\"sameAs\":[\"https:\\\/\\\/www.revistarambla.com\\\/\",\"https:\\\/\\\/www.facebook.com\\\/revistarambla\",\"https:\\\/\\\/x.com\\\/revistarambla\"]}]}<\/script>\n<!-- \/ Yoast SEO plugin. -->","yoast_head_json":{"title":"Trampas de alambre de p\u00faa - Revista Rambla","robots":{"index":"index","follow":"follow","max-snippet":"max-snippet:-1","max-image-preview":"max-image-preview:large","max-video-preview":"max-video-preview:-1"},"canonical":"https:\/\/www.revistarambla.com\/en\/trampas-de-alambre-de-pua\/","og_locale":"en_GB","og_type":"article","og_title":"Trampas de alambre de p\u00faa - Revista Rambla","og_description":"Naufraga un barquito con refugiados en el Mediterr\u00e1neo y mueren alrededor de 130 personas. As\u00ed se ve la noticia desde Italia: 3 pesqueros no se detuvieron por miedo a la ley Bossi-Fini, a ver si me explico Umberto Bossi es el l\u00edder del carrocio, perd\u00f3n por la familiaridad pero conozco [&hellip;]","og_url":"https:\/\/www.revistarambla.com\/en\/trampas-de-alambre-de-pua\/","og_site_name":"Revista Rambla","article_publisher":"https:\/\/www.facebook.com\/revistarambla\/","article_author":"https:\/\/www.facebook.com\/revistarambla","article_published_time":"2013-10-14T14:17:06+00:00","article_modified_time":"2021-06-02T19:01:06+00:00","og_image":[{"width":682,"height":450,"url":"https:\/\/i0.wp.com\/www.revistarambla.com\/wp-content\/uploads\/2013\/10\/Lampedusa_revistarambla_01.jpg?fit=682%2C450&ssl=1","type":"image\/jpeg"}],"author":"R@mbla","twitter_card":"summary_large_image","twitter_creator":"@revistarambla","twitter_site":"@revistarambla","twitter_misc":{"Written by":"R@mbla","Estimated reading time":"5 minutes"},"schema":{"@context":"https:\/\/schema.org","@graph":[{"@type":"Article","@id":"https:\/\/www.revistarambla.com\/trampas-de-alambre-de-pua\/#article","isPartOf":{"@id":"https:\/\/www.revistarambla.com\/trampas-de-alambre-de-pua\/"},"author":{"name":"R@mbla","@id":"https:\/\/www.revistarambla.com\/#\/schema\/person\/a146a5a2550b94981a75131180e1bd9c"},"headline":"Trampas de alambre de p\u00faa","datePublished":"2013-10-14T14:17:06+00:00","dateModified":"2021-06-02T19:01:06+00:00","mainEntityOfPage":{"@id":"https:\/\/www.revistarambla.com\/trampas-de-alambre-de-pua\/"},"wordCount":969,"commentCount":0,"publisher":{"@id":"https:\/\/www.revistarambla.com\/#organization"},"image":{"@id":"https:\/\/www.revistarambla.com\/trampas-de-alambre-de-pua\/#primaryimage"},"thumbnailUrl":"https:\/\/www.revistarambla.com\/wp-content\/uploads\/2013\/10\/Lampedusa_revistarambla_02.jpg","articleSection":["Opiniones"],"inLanguage":"en-GB","potentialAction":[{"@type":"CommentAction","name":"Comment","target":["https:\/\/www.revistarambla.com\/trampas-de-alambre-de-pua\/#respond"]}]},{"@type":"WebPage","@id":"https:\/\/www.revistarambla.com\/trampas-de-alambre-de-pua\/","url":"https:\/\/www.revistarambla.com\/trampas-de-alambre-de-pua\/","name":"Trampas de alambre de p\u00faa - Revista Rambla","isPartOf":{"@id":"https:\/\/www.revistarambla.com\/#website"},"primaryImageOfPage":{"@id":"https:\/\/www.revistarambla.com\/trampas-de-alambre-de-pua\/#primaryimage"},"image":{"@id":"https:\/\/www.revistarambla.com\/trampas-de-alambre-de-pua\/#primaryimage"},"thumbnailUrl":"https:\/\/www.revistarambla.com\/wp-content\/uploads\/2013\/10\/Lampedusa_revistarambla_02.jpg","datePublished":"2013-10-14T14:17:06+00:00","dateModified":"2021-06-02T19:01:06+00:00","breadcrumb":{"@id":"https:\/\/www.revistarambla.com\/trampas-de-alambre-de-pua\/#breadcrumb"},"inLanguage":"en-GB","potentialAction":[{"@type":"ReadAction","target":["https:\/\/www.revistarambla.com\/trampas-de-alambre-de-pua\/"]}]},{"@type":"ImageObject","inLanguage":"en-GB","@id":"https:\/\/www.revistarambla.com\/trampas-de-alambre-de-pua\/#primaryimage","url":"https:\/\/www.revistarambla.com\/wp-content\/uploads\/2013\/10\/Lampedusa_revistarambla_02.jpg","contentUrl":"https:\/\/www.revistarambla.com\/wp-content\/uploads\/2013\/10\/Lampedusa_revistarambla_02.jpg"},{"@type":"BreadcrumbList","@id":"https:\/\/www.revistarambla.com\/trampas-de-alambre-de-pua\/#breadcrumb","itemListElement":[{"@type":"ListItem","position":1,"name":"Portada","item":"https:\/\/www.revistarambla.com\/"},{"@type":"ListItem","position":2,"name":"Trampas de alambre de p\u00faa"}]},{"@type":"WebSite","@id":"https:\/\/www.revistarambla.com\/#website","url":"https:\/\/www.revistarambla.com\/","name":"Revista Rambla Barcelona","description":"Periodismo independiente","publisher":{"@id":"https:\/\/www.revistarambla.com\/#organization"},"potentialAction":[{"@type":"SearchAction","target":{"@type":"EntryPoint","urlTemplate":"https:\/\/www.revistarambla.com\/?s={search_term_string}"},"query-input":{"@type":"PropertyValueSpecification","valueRequired":true,"valueName":"search_term_string"}}],"inLanguage":"en-GB"},{"@type":"Organization","@id":"https:\/\/www.revistarambla.com\/#organization","name":"Revista Rambla","url":"https:\/\/www.revistarambla.com\/","logo":{"@type":"ImageObject","inLanguage":"en-GB","@id":"https:\/\/www.revistarambla.com\/#\/schema\/logo\/image\/","url":"https:\/\/www.revistarambla.com\/wp-content\/uploads\/2020\/09\/banner_rambla_1900x600_BB.png","contentUrl":"https:\/\/www.revistarambla.com\/wp-content\/uploads\/2020\/09\/banner_rambla_1900x600_BB.png","width":1900,"height":600,"caption":"Revista Rambla"},"image":{"@id":"https:\/\/www.revistarambla.com\/#\/schema\/logo\/image\/"},"sameAs":["https:\/\/www.facebook.com\/revistarambla\/","https:\/\/x.com\/revistarambla","https:\/\/www.instagram.com\/revista_rambla","https:\/\/es.linkedin.com\/company\/revista-rambla"]},{"@type":"Person","@id":"https:\/\/www.revistarambla.com\/#\/schema\/person\/a146a5a2550b94981a75131180e1bd9c","name":"R@mbla","description":"Este art\u00edculo ha sido redactado y\/o validado por el equipo de redacci\u00f3n de Revista Rambla.","sameAs":["https:\/\/www.revistarambla.com\/","https:\/\/www.facebook.com\/revistarambla","https:\/\/x.com\/revistarambla"]}]}},"_links":{"self":[{"href":"https:\/\/www.revistarambla.com\/en\/wp-json\/wp\/v2\/posts\/4049","targetHints":{"allow":["GET"]}}],"collection":[{"href":"https:\/\/www.revistarambla.com\/en\/wp-json\/wp\/v2\/posts"}],"about":[{"href":"https:\/\/www.revistarambla.com\/en\/wp-json\/wp\/v2\/types\/post"}],"author":[{"embeddable":true,"href":"https:\/\/www.revistarambla.com\/en\/wp-json\/wp\/v2\/users\/3"}],"replies":[{"embeddable":true,"href":"https:\/\/www.revistarambla.com\/en\/wp-json\/wp\/v2\/comments?post=4049"}],"version-history":[{"count":0,"href":"https:\/\/www.revistarambla.com\/en\/wp-json\/wp\/v2\/posts\/4049\/revisions"}],"wp:attachment":[{"href":"https:\/\/www.revistarambla.com\/en\/wp-json\/wp\/v2\/media?parent=4049"}],"wp:term":[{"taxonomy":"category","embeddable":true,"href":"https:\/\/www.revistarambla.com\/en\/wp-json\/wp\/v2\/categories?post=4049"},{"taxonomy":"post_tag","embeddable":true,"href":"https:\/\/www.revistarambla.com\/en\/wp-json\/wp\/v2\/tags?post=4049"}],"curies":[{"name":"wp","href":"https:\/\/api.w.org\/{rel}","templated":true}]}}