{"id":40096,"date":"2022-03-17T11:44:06","date_gmt":"2022-03-17T10:44:06","guid":{"rendered":"https:\/\/www.revistarambla.com\/?p=40096"},"modified":"2022-03-17T11:44:06","modified_gmt":"2022-03-17T10:44:06","slug":"la-agencia-de-marketing-comunicare-se-convierte-en-agente-digitalizador","status":"publish","type":"post","link":"https:\/\/www.revistarambla.com\/en\/la-agencia-de-marketing-comunicare-se-convierte-en-agente-digitalizador\/","title":{"rendered":"La agencia de marketing Comunicare se convierte en Agente Digitalizador"},"content":{"rendered":"<p>Mineco ha publicado el cat\u00e1logo de los primeros 3.000 Agentes Digitalizadores del programa Kit Digital. La empresa de marketing online Comunicare ha sido una de las organizaciones incluidas dentro de este cat\u00e1logo<\/p>\n<p>Mineco, empresa adscrita al Ministerio de Asuntos Econ\u00f3micos y Transformaci\u00f3n Digital, public\u00f3 el pasado viernes 11 de marzo a trav\u00e9s del portal Red los primeros <b>3.000 Agentes Digitalizadores adheridos al programa Kit Digital<\/b>, del que ya forma parte la agencia <a href=\"https:\/\/www.comunicare.es\/\" rel=\"nofollow\"><b>Comunicare<\/b><\/a>, especializada en ofrecer los mejores servicios de marketing y publicidad online desde 2009.<\/p>\n<p>El programa Kit Digital pertenece a \u201cNext Generation EU\u201d y nace con el principal objetivo de apoyar e impulsar la digitalizaci\u00f3n de un mill\u00f3n de pymes y aut\u00f3nomos del territorio espa\u00f1ol con la finalidad de que puedan acceder a nuevos mercados y as\u00ed desarrollar todo su potencial.<\/p>\n<p>Como agencia digitalizadora, Comunicare ofrece a pymes y aut\u00f3nomos los siguientes servicios:<\/p>\n<ul>\n<li aria-level=\"1\"><b>Apoyo a la hora de gestionar los tr\u00e1mites de solicitud del bono Kit Digital. <\/b>Para ello, la empresa o aut\u00f3nomo debe autorizar a Comunicare para ser su representante voluntario a la hora de realizar todo el procedimiento.<\/li>\n<li aria-level=\"1\"><b>Elegir las soluciones que m\u00e1s valor aporten a su negocio<\/b>, como comercio electr\u00f3nico, gesti\u00f3n de redes sociales, gesti\u00f3n de clientes o sitio web y presencia en internet. Los servicios podr\u00e1n est\u00e1n subvencionados hasta el 100% durante los primeros 12 meses, siendo un a gran oportunidad para digitalizar un negocio.<\/li>\n<\/ul>\n<p>Se pueden beneficiar del programa Kit Digital los aut\u00f3nomos y pymes de entre 1 y 49 trabajadores que cumplan con los requisitos marcados por el gobierno y se clasifican en tres segmentos:<\/p>\n<ul>\n<li aria-level=\"1\">Empresas de entre 10 y 49 empleados con ayudas de <b>hasta 12.000 euros<\/b> (Segmento I).<\/li>\n<li aria-level=\"1\">Empresas de entre 3 y 9 empleados con ayudas de <b>hasta 6.000 euros<\/b> (Segmento II).<\/li>\n<li aria-level=\"1\">Empresas de 1 a 2 empleados y aut\u00f3nomos con ayudas de <b>hasta 2.000 euros<\/b> (Segmento III).<\/li>\n<\/ul>\n<p>Para conseguir su Kit Digital, toda pyme o aut\u00f3nomo debe seguir el siguiente proceso:<\/p>\n<ol>\n<li aria-level=\"1\"><b>Registrarse <\/b>en el \u00e1rea privada de AceleraPyme con su empresa o negocio.<\/li>\n<li aria-level=\"1\"><b>Completar<\/b> el test de diagn\u00f3stico digital.<\/li>\n<li aria-level=\"1\"><b>Consultar <\/b>toda la informaci\u00f3n disponible de las soluciones de digitalizaci\u00f3n que pondr\u00e1 a tu disposici\u00f3n el propio programa de Kit Digital.<\/li>\n<li aria-level=\"1\"><b>Acceder<\/b> a los tr\u00e1mites para solicitar el bono Kit Digital a trav\u00e9s de un agente digitalizador.<\/li>\n<li aria-level=\"1\"><b>Escoger <\/b>la empresa que deseas como agente digitalizadora. Si deseas elegir a Comunicare, b\u00fascala en el cat\u00e1logo de clientes de AceleraPyme como SAFE Marketing Online S.L.<\/li>\n<\/ol>\n<p><b>La primera ronda de solicitudes<\/b> lleva abierta para todas las empresas del Segmento I (pymes de entre 10 y 49 empleados) desde el 15 de marzo. Si eres un negocio que desea digitalizarse y adaptarse a los nuevos tiempos, el programa Kit Digital es la oportunidad perfecta para ello y contar con una agencia como Comunicare te ayudar\u00e1 a cumplir con todos tus objetivos.<\/p>","protected":false},"excerpt":{"rendered":"<p>Mineco ha publicado el cat\u00e1logo de los primeros 3.000 Agentes Digitalizadores del programa Kit Digital. La empresa de marketing online Comunicare ha sido una de las organizaciones incluidas dentro de este cat\u00e1logo Mineco, empresa adscrita al Ministerio de Asuntos Econ\u00f3micos y Transformaci\u00f3n Digital, public\u00f3 el pasado viernes 11 de marzo [&hellip;]<\/p>\n","protected":false},"author":3,"featured_media":40097,"comment_status":"closed","ping_status":"open","sticky":false,"template":"","format":"standard","meta":{"footnotes":""},"categories":[350],"tags":[],"class_list":["post-40096","post","type-post","status-publish","format-standard","has-post-thumbnail","hentry","category-miscelanea"],"yoast_head":"<!-- This site is optimized with the Yoast SEO plugin v27.5 - https:\/\/yoast.com\/product\/yoast-seo-wordpress\/ -->\n<title>La agencia de marketing Comunicare se convierte en Agente Digitalizador - Revista Rambla<\/title>\n<meta name=\"robots\" content=\"index, follow, max-snippet:-1, max-image-preview:large, max-video-preview:-1\" \/>\n<link rel=\"canonical\" href=\"https:\/\/www.revistarambla.com\/en\/la-agencia-de-marketing-comunicare-se-convierte-en-agente-digitalizador\/\" \/>\n<meta property=\"og:locale\" content=\"en_GB\" \/>\n<meta property=\"og:type\" content=\"article\" \/>\n<meta property=\"og:title\" content=\"La agencia de marketing Comunicare se convierte en Agente Digitalizador - Revista Rambla\" \/>\n<meta property=\"og:description\" content=\"Mineco ha publicado el cat\u00e1logo de los primeros 3.000 Agentes Digitalizadores del programa Kit Digital. La empresa de marketing online Comunicare ha sido una de las organizaciones incluidas dentro de este cat\u00e1logo Mineco, empresa adscrita al Ministerio de Asuntos Econ\u00f3micos y Transformaci\u00f3n Digital, public\u00f3 el pasado viernes 11 de marzo [&hellip;]\" \/>\n<meta property=\"og:url\" content=\"https:\/\/www.revistarambla.com\/en\/la-agencia-de-marketing-comunicare-se-convierte-en-agente-digitalizador\/\" \/>\n<meta property=\"og:site_name\" content=\"Revista Rambla\" \/>\n<meta property=\"article:publisher\" content=\"https:\/\/www.facebook.com\/revistarambla\/\" \/>\n<meta property=\"article:author\" content=\"https:\/\/www.facebook.com\/revistarambla\" \/>\n<meta property=\"article:published_time\" content=\"2022-03-17T10:44:06+00:00\" \/>\n<meta property=\"og:image\" content=\"https:\/\/www.revistarambla.com\/wp-content\/uploads\/2022\/03\/phpoHIjlJ6232ee466ff2e.jpg\" \/>\n\t<meta property=\"og:image:width\" content=\"640\" \/>\n\t<meta property=\"og:image:height\" content=\"427\" \/>\n\t<meta property=\"og:image:type\" content=\"image\/jpeg\" \/>\n<meta name=\"author\" content=\"R@mbla\" \/>\n<meta name=\"twitter:card\" content=\"summary_large_image\" \/>\n<meta name=\"twitter:creator\" content=\"@revistarambla\" \/>\n<meta name=\"twitter:site\" content=\"@revistarambla\" \/>\n<meta name=\"twitter:label1\" content=\"Written by\" \/>\n\t<meta name=\"twitter:data1\" content=\"R@mbla\" \/>\n\t<meta name=\"twitter:label2\" content=\"Estimated reading time\" \/>\n\t<meta name=\"twitter:data2\" content=\"3 minutes\" \/>\n<script type=\"application\/ld+json\" class=\"yoast-schema-graph\">{\"@context\":\"https:\\\/\\\/schema.org\",\"@graph\":[{\"@type\":\"Article\",\"@id\":\"https:\\\/\\\/www.revistarambla.com\\\/la-agencia-de-marketing-comunicare-se-convierte-en-agente-digitalizador\\\/#article\",\"isPartOf\":{\"@id\":\"https:\\\/\\\/www.revistarambla.com\\\/la-agencia-de-marketing-comunicare-se-convierte-en-agente-digitalizador\\\/\"},\"author\":{\"name\":\"R@mbla\",\"@id\":\"https:\\\/\\\/www.revistarambla.com\\\/#\\\/schema\\\/person\\\/a146a5a2550b94981a75131180e1bd9c\"},\"headline\":\"La agencia de marketing Comunicare se convierte en Agente Digitalizador\",\"datePublished\":\"2022-03-17T10:44:06+00:00\",\"mainEntityOfPage\":{\"@id\":\"https:\\\/\\\/www.revistarambla.com\\\/la-agencia-de-marketing-comunicare-se-convierte-en-agente-digitalizador\\\/\"},\"wordCount\":488,\"publisher\":{\"@id\":\"https:\\\/\\\/www.revistarambla.com\\\/#organization\"},\"image\":{\"@id\":\"https:\\\/\\\/www.revistarambla.com\\\/la-agencia-de-marketing-comunicare-se-convierte-en-agente-digitalizador\\\/#primaryimage\"},\"thumbnailUrl\":\"https:\\\/\\\/www.revistarambla.com\\\/wp-content\\\/uploads\\\/2022\\\/03\\\/phpoHIjlJ6232ee466ff2e.jpg\",\"articleSection\":[\"Noticias de la vida\"],\"inLanguage\":\"en-GB\"},{\"@type\":\"WebPage\",\"@id\":\"https:\\\/\\\/www.revistarambla.com\\\/la-agencia-de-marketing-comunicare-se-convierte-en-agente-digitalizador\\\/\",\"url\":\"https:\\\/\\\/www.revistarambla.com\\\/la-agencia-de-marketing-comunicare-se-convierte-en-agente-digitalizador\\\/\",\"name\":\"La agencia de marketing Comunicare se convierte en Agente Digitalizador - Revista Rambla\",\"isPartOf\":{\"@id\":\"https:\\\/\\\/www.revistarambla.com\\\/#website\"},\"primaryImageOfPage\":{\"@id\":\"https:\\\/\\\/www.revistarambla.com\\\/la-agencia-de-marketing-comunicare-se-convierte-en-agente-digitalizador\\\/#primaryimage\"},\"image\":{\"@id\":\"https:\\\/\\\/www.revistarambla.com\\\/la-agencia-de-marketing-comunicare-se-convierte-en-agente-digitalizador\\\/#primaryimage\"},\"thumbnailUrl\":\"https:\\\/\\\/www.revistarambla.com\\\/wp-content\\\/uploads\\\/2022\\\/03\\\/phpoHIjlJ6232ee466ff2e.jpg\",\"datePublished\":\"2022-03-17T10:44:06+00:00\",\"breadcrumb\":{\"@id\":\"https:\\\/\\\/www.revistarambla.com\\\/la-agencia-de-marketing-comunicare-se-convierte-en-agente-digitalizador\\\/#breadcrumb\"},\"inLanguage\":\"en-GB\",\"potentialAction\":[{\"@type\":\"ReadAction\",\"target\":[\"https:\\\/\\\/www.revistarambla.com\\\/la-agencia-de-marketing-comunicare-se-convierte-en-agente-digitalizador\\\/\"]}]},{\"@type\":\"ImageObject\",\"inLanguage\":\"en-GB\",\"@id\":\"https:\\\/\\\/www.revistarambla.com\\\/la-agencia-de-marketing-comunicare-se-convierte-en-agente-digitalizador\\\/#primaryimage\",\"url\":\"https:\\\/\\\/www.revistarambla.com\\\/wp-content\\\/uploads\\\/2022\\\/03\\\/phpoHIjlJ6232ee466ff2e.jpg\",\"contentUrl\":\"https:\\\/\\\/www.revistarambla.com\\\/wp-content\\\/uploads\\\/2022\\\/03\\\/phpoHIjlJ6232ee466ff2e.jpg\",\"width\":640,\"height\":427},{\"@type\":\"BreadcrumbList\",\"@id\":\"https:\\\/\\\/www.revistarambla.com\\\/la-agencia-de-marketing-comunicare-se-convierte-en-agente-digitalizador\\\/#breadcrumb\",\"itemListElement\":[{\"@type\":\"ListItem\",\"position\":1,\"name\":\"Portada\",\"item\":\"https:\\\/\\\/www.revistarambla.com\\\/\"},{\"@type\":\"ListItem\",\"position\":2,\"name\":\"La agencia de marketing Comunicare se convierte en Agente Digitalizador\"}]},{\"@type\":\"WebSite\",\"@id\":\"https:\\\/\\\/www.revistarambla.com\\\/#website\",\"url\":\"https:\\\/\\\/www.revistarambla.com\\\/\",\"name\":\"Revista Rambla Barcelona\",\"description\":\"Periodismo independiente\",\"publisher\":{\"@id\":\"https:\\\/\\\/www.revistarambla.com\\\/#organization\"},\"potentialAction\":[{\"@type\":\"SearchAction\",\"target\":{\"@type\":\"EntryPoint\",\"urlTemplate\":\"https:\\\/\\\/www.revistarambla.com\\\/?s={search_term_string}\"},\"query-input\":{\"@type\":\"PropertyValueSpecification\",\"valueRequired\":true,\"valueName\":\"search_term_string\"}}],\"inLanguage\":\"en-GB\"},{\"@type\":\"Organization\",\"@id\":\"https:\\\/\\\/www.revistarambla.com\\\/#organization\",\"name\":\"Revista Rambla\",\"url\":\"https:\\\/\\\/www.revistarambla.com\\\/\",\"logo\":{\"@type\":\"ImageObject\",\"inLanguage\":\"en-GB\",\"@id\":\"https:\\\/\\\/www.revistarambla.com\\\/#\\\/schema\\\/logo\\\/image\\\/\",\"url\":\"https:\\\/\\\/www.revistarambla.com\\\/wp-content\\\/uploads\\\/2020\\\/09\\\/banner_rambla_1900x600_BB.png\",\"contentUrl\":\"https:\\\/\\\/www.revistarambla.com\\\/wp-content\\\/uploads\\\/2020\\\/09\\\/banner_rambla_1900x600_BB.png\",\"width\":1900,\"height\":600,\"caption\":\"Revista Rambla\"},\"image\":{\"@id\":\"https:\\\/\\\/www.revistarambla.com\\\/#\\\/schema\\\/logo\\\/image\\\/\"},\"sameAs\":[\"https:\\\/\\\/www.facebook.com\\\/revistarambla\\\/\",\"https:\\\/\\\/x.com\\\/revistarambla\",\"https:\\\/\\\/www.instagram.com\\\/revista_rambla\",\"https:\\\/\\\/es.linkedin.com\\\/company\\\/revista-rambla\"]},{\"@type\":\"Person\",\"@id\":\"https:\\\/\\\/www.revistarambla.com\\\/#\\\/schema\\\/person\\\/a146a5a2550b94981a75131180e1bd9c\",\"name\":\"R@mbla\",\"description\":\"Este art\u00edculo ha sido redactado y\\\/o validado por el equipo de redacci\u00f3n de Revista Rambla.\",\"sameAs\":[\"https:\\\/\\\/www.revistarambla.com\\\/\",\"https:\\\/\\\/www.facebook.com\\\/revistarambla\",\"https:\\\/\\\/x.com\\\/revistarambla\"]}]}<\/script>\n<!-- \/ Yoast SEO plugin. -->","yoast_head_json":{"title":"La agencia de marketing Comunicare se convierte en Agente Digitalizador - Revista Rambla","robots":{"index":"index","follow":"follow","max-snippet":"max-snippet:-1","max-image-preview":"max-image-preview:large","max-video-preview":"max-video-preview:-1"},"canonical":"https:\/\/www.revistarambla.com\/en\/la-agencia-de-marketing-comunicare-se-convierte-en-agente-digitalizador\/","og_locale":"en_GB","og_type":"article","og_title":"La agencia de marketing Comunicare se convierte en Agente Digitalizador - Revista Rambla","og_description":"Mineco ha publicado el cat\u00e1logo de los primeros 3.000 Agentes Digitalizadores del programa Kit Digital. La empresa de marketing online Comunicare ha sido una de las organizaciones incluidas dentro de este cat\u00e1logo Mineco, empresa adscrita al Ministerio de Asuntos Econ\u00f3micos y Transformaci\u00f3n Digital, public\u00f3 el pasado viernes 11 de marzo [&hellip;]","og_url":"https:\/\/www.revistarambla.com\/en\/la-agencia-de-marketing-comunicare-se-convierte-en-agente-digitalizador\/","og_site_name":"Revista Rambla","article_publisher":"https:\/\/www.facebook.com\/revistarambla\/","article_author":"https:\/\/www.facebook.com\/revistarambla","article_published_time":"2022-03-17T10:44:06+00:00","og_image":[{"width":640,"height":427,"url":"https:\/\/www.revistarambla.com\/wp-content\/uploads\/2022\/03\/phpoHIjlJ6232ee466ff2e.jpg","type":"image\/jpeg"}],"author":"R@mbla","twitter_card":"summary_large_image","twitter_creator":"@revistarambla","twitter_site":"@revistarambla","twitter_misc":{"Written by":"R@mbla","Estimated reading time":"3 minutes"},"schema":{"@context":"https:\/\/schema.org","@graph":[{"@type":"Article","@id":"https:\/\/www.revistarambla.com\/la-agencia-de-marketing-comunicare-se-convierte-en-agente-digitalizador\/#article","isPartOf":{"@id":"https:\/\/www.revistarambla.com\/la-agencia-de-marketing-comunicare-se-convierte-en-agente-digitalizador\/"},"author":{"name":"R@mbla","@id":"https:\/\/www.revistarambla.com\/#\/schema\/person\/a146a5a2550b94981a75131180e1bd9c"},"headline":"La agencia de marketing Comunicare se convierte en Agente Digitalizador","datePublished":"2022-03-17T10:44:06+00:00","mainEntityOfPage":{"@id":"https:\/\/www.revistarambla.com\/la-agencia-de-marketing-comunicare-se-convierte-en-agente-digitalizador\/"},"wordCount":488,"publisher":{"@id":"https:\/\/www.revistarambla.com\/#organization"},"image":{"@id":"https:\/\/www.revistarambla.com\/la-agencia-de-marketing-comunicare-se-convierte-en-agente-digitalizador\/#primaryimage"},"thumbnailUrl":"https:\/\/www.revistarambla.com\/wp-content\/uploads\/2022\/03\/phpoHIjlJ6232ee466ff2e.jpg","articleSection":["Noticias de la vida"],"inLanguage":"en-GB"},{"@type":"WebPage","@id":"https:\/\/www.revistarambla.com\/la-agencia-de-marketing-comunicare-se-convierte-en-agente-digitalizador\/","url":"https:\/\/www.revistarambla.com\/la-agencia-de-marketing-comunicare-se-convierte-en-agente-digitalizador\/","name":"La agencia de marketing Comunicare se convierte en Agente Digitalizador - Revista Rambla","isPartOf":{"@id":"https:\/\/www.revistarambla.com\/#website"},"primaryImageOfPage":{"@id":"https:\/\/www.revistarambla.com\/la-agencia-de-marketing-comunicare-se-convierte-en-agente-digitalizador\/#primaryimage"},"image":{"@id":"https:\/\/www.revistarambla.com\/la-agencia-de-marketing-comunicare-se-convierte-en-agente-digitalizador\/#primaryimage"},"thumbnailUrl":"https:\/\/www.revistarambla.com\/wp-content\/uploads\/2022\/03\/phpoHIjlJ6232ee466ff2e.jpg","datePublished":"2022-03-17T10:44:06+00:00","breadcrumb":{"@id":"https:\/\/www.revistarambla.com\/la-agencia-de-marketing-comunicare-se-convierte-en-agente-digitalizador\/#breadcrumb"},"inLanguage":"en-GB","potentialAction":[{"@type":"ReadAction","target":["https:\/\/www.revistarambla.com\/la-agencia-de-marketing-comunicare-se-convierte-en-agente-digitalizador\/"]}]},{"@type":"ImageObject","inLanguage":"en-GB","@id":"https:\/\/www.revistarambla.com\/la-agencia-de-marketing-comunicare-se-convierte-en-agente-digitalizador\/#primaryimage","url":"https:\/\/www.revistarambla.com\/wp-content\/uploads\/2022\/03\/phpoHIjlJ6232ee466ff2e.jpg","contentUrl":"https:\/\/www.revistarambla.com\/wp-content\/uploads\/2022\/03\/phpoHIjlJ6232ee466ff2e.jpg","width":640,"height":427},{"@type":"BreadcrumbList","@id":"https:\/\/www.revistarambla.com\/la-agencia-de-marketing-comunicare-se-convierte-en-agente-digitalizador\/#breadcrumb","itemListElement":[{"@type":"ListItem","position":1,"name":"Portada","item":"https:\/\/www.revistarambla.com\/"},{"@type":"ListItem","position":2,"name":"La agencia de marketing Comunicare se convierte en Agente Digitalizador"}]},{"@type":"WebSite","@id":"https:\/\/www.revistarambla.com\/#website","url":"https:\/\/www.revistarambla.com\/","name":"Revista Rambla Barcelona","description":"Periodismo independiente","publisher":{"@id":"https:\/\/www.revistarambla.com\/#organization"},"potentialAction":[{"@type":"SearchAction","target":{"@type":"EntryPoint","urlTemplate":"https:\/\/www.revistarambla.com\/?s={search_term_string}"},"query-input":{"@type":"PropertyValueSpecification","valueRequired":true,"valueName":"search_term_string"}}],"inLanguage":"en-GB"},{"@type":"Organization","@id":"https:\/\/www.revistarambla.com\/#organization","name":"Revista Rambla","url":"https:\/\/www.revistarambla.com\/","logo":{"@type":"ImageObject","inLanguage":"en-GB","@id":"https:\/\/www.revistarambla.com\/#\/schema\/logo\/image\/","url":"https:\/\/www.revistarambla.com\/wp-content\/uploads\/2020\/09\/banner_rambla_1900x600_BB.png","contentUrl":"https:\/\/www.revistarambla.com\/wp-content\/uploads\/2020\/09\/banner_rambla_1900x600_BB.png","width":1900,"height":600,"caption":"Revista Rambla"},"image":{"@id":"https:\/\/www.revistarambla.com\/#\/schema\/logo\/image\/"},"sameAs":["https:\/\/www.facebook.com\/revistarambla\/","https:\/\/x.com\/revistarambla","https:\/\/www.instagram.com\/revista_rambla","https:\/\/es.linkedin.com\/company\/revista-rambla"]},{"@type":"Person","@id":"https:\/\/www.revistarambla.com\/#\/schema\/person\/a146a5a2550b94981a75131180e1bd9c","name":"R@mbla","description":"Este art\u00edculo ha sido redactado y\/o validado por el equipo de redacci\u00f3n de Revista Rambla.","sameAs":["https:\/\/www.revistarambla.com\/","https:\/\/www.facebook.com\/revistarambla","https:\/\/x.com\/revistarambla"]}]}},"_links":{"self":[{"href":"https:\/\/www.revistarambla.com\/en\/wp-json\/wp\/v2\/posts\/40096","targetHints":{"allow":["GET"]}}],"collection":[{"href":"https:\/\/www.revistarambla.com\/en\/wp-json\/wp\/v2\/posts"}],"about":[{"href":"https:\/\/www.revistarambla.com\/en\/wp-json\/wp\/v2\/types\/post"}],"author":[{"embeddable":true,"href":"https:\/\/www.revistarambla.com\/en\/wp-json\/wp\/v2\/users\/3"}],"replies":[{"embeddable":true,"href":"https:\/\/www.revistarambla.com\/en\/wp-json\/wp\/v2\/comments?post=40096"}],"version-history":[{"count":0,"href":"https:\/\/www.revistarambla.com\/en\/wp-json\/wp\/v2\/posts\/40096\/revisions"}],"wp:featuredmedia":[{"embeddable":true,"href":"https:\/\/www.revistarambla.com\/en\/wp-json\/wp\/v2\/media\/40097"}],"wp:attachment":[{"href":"https:\/\/www.revistarambla.com\/en\/wp-json\/wp\/v2\/media?parent=40096"}],"wp:term":[{"taxonomy":"category","embeddable":true,"href":"https:\/\/www.revistarambla.com\/en\/wp-json\/wp\/v2\/categories?post=40096"},{"taxonomy":"post_tag","embeddable":true,"href":"https:\/\/www.revistarambla.com\/en\/wp-json\/wp\/v2\/tags?post=40096"}],"curies":[{"name":"wp","href":"https:\/\/api.w.org\/{rel}","templated":true}]}}