{"id":3994,"date":"2013-09-25T03:13:53","date_gmt":"2013-09-25T03:13:53","guid":{"rendered":"https:\/\/www.revistarambla.com\/la-fiscalia-no-quiere-detener-a-los-torturadores\/"},"modified":"2024-04-29T10:23:07","modified_gmt":"2024-04-29T08:23:07","slug":"la-fiscalia-no-quiere-detener-a-los-torturadores","status":"publish","type":"post","link":"https:\/\/www.revistarambla.com\/en\/la-fiscalia-no-quiere-detener-a-los-torturadores\/","title":{"rendered":"La Fiscal\u00eda no quiere detener a los torturadores"},"content":{"rendered":"<p>Mientras los consulados de Argentina en el mundo abren sus puertas para que familiares y <a href=\"https:\/\/www.revistarambla.com\/en\/jueces-para-la-democracia-denuncian-la-falta-de-auxilio-judicial-a-las-victimas-del-franquismo\/\">v\u00edctimas del franquismo<\/a> puedan presentar sus testimonios y querellas, la Fiscal\u00eda espa\u00f1ola se niega a acatar la orden de detenci\u00f3n internacional contra cuatro polic\u00edas torturadores acusados de torturas durante la dictadura.<\/p>\n<p>Ya informamos en <a href=\"https:\/\/www.revistarambla.com\/en\/\">Rambla<\/a> cuando se solicitaron las <a href=\"https:\/\/www.revistarambla.com\/en\/la-justicia-sigue-protegiendo-los-torturadores-franquistas\/\">imputaciones de nueve franquistas<\/a>, que la juez argentina Mar\u00eda Servini de Cubr\u00eda hab\u00eda solicitado al Ministerio de Relaciones Exteriores de su pa\u00eds que abrieran las puestas de sus consulados en el mundo para que recogieran y tramitaran las denuncias y testimonios de las v\u00edctimas que est\u00e1n presenten, o quieran estarlo, en la llamada Querella argentina contra los cr\u00edmenes del franquismo.<\/p>\n<p>Despu\u00e9s de seis meses, el citado Ministerio ha habilitado sus sedes consulares en todo el mundo para recibir dichas denuncias, seg\u00fan fuentes judiciales argentinas consultadas por el diario El Pa\u00eds. Como ya informamos, son m\u00e1s de 300 los querellantes y cientos las organizaciones que conforman la Coordinadora Estatal de Apoyo a la Querella (CeAQUA). A las plataformas territoriales andaluzas, asturianas, catalanas, madrile\u00f1as y vascas, se las ha unido recientemente la plataforma argentina que el pasado d\u00eda 3 de septiembre se reuni\u00f3 en la Federaci\u00f3n Gallega de Buenos Aires.<\/p>\n<p>La orden internacional de detenci\u00f3n extradici\u00f3n contra torturadores del franquismo, tres polic\u00edas y un guardia civil, que la juez Servini emiti\u00f3 a la INTERPOL, se ha topado con el muro de la Fiscal\u00eda espa\u00f1ola, que lejos de cumplir su misi\u00f3n de auxilio a la justicia y de apoyo al deber de todo Estado de perseguir los cr\u00edmenes de lesa humanidad \u2013que no prescriben-, echa balones fuera aduciendo que las detenciones preventivas no son necesarias por la \u201cantig\u00fcedad\u201d de los hechos y la posible prescripci\u00f3n de los delitos.<\/p>\n<p>Tambi\u00e9n apuntan a la Ley de Amnist\u00eda de 1977, ley que consagr\u00f3 el silencio y la impunidad de torturadores y criminales, a cambio de sacar de las c\u00e1rceles a cientos de presos, que volvieron a sus casas con las heridas de la represi\u00f3n en sus carnes y con unos procesos, consejos de guerra y condenas injustas que nunca han sido suspendidas por el Tribunal Supremo. Y luego est\u00e1n los que nunca volvieron, los asesinados.<\/p>\n<p>El fiscal Carlos Bautista, con estas premisas en contra de acatar las \u00f3rdenes de detenci\u00f3n de los cuatro imputados \u2013hay dos que se cree que ya han fallecido-, ha pasado sus escritos al juez de guardia de la Audiencia Nacional, el juez Pablo Ruz, que tendr\u00e1 que tomar la decisi\u00f3n de la detenci\u00f3n o no de los imputados.<\/p>\n<p>Si en Argentina se procedi\u00f3 a la anulaci\u00f3n de la llamada Ley de Punto Final y de obediencia debida que permiti\u00f3 los procesos de Pinochet y Scilingo, aqu\u00ed se podr\u00eda anular la Ley de Amnist\u00eda. Aunque son muchos los que prefieren el silencio para las v\u00edctimas y la impunidad para los verdugos en aras de mantener los pactos de una transici\u00f3n que ahora se ve que se cerr\u00f3 en falso, los muros acribillados de las prisiones franquistas y las cunetas de nuestra geograf\u00eda piden justicia y reparaci\u00f3n para los verdaderos padres de nuestra d\u00e9bil y maltratada democracia.<\/p>","protected":false},"excerpt":{"rendered":"<p>Mientras los consulados de Argentina en el mundo abren sus puertas para que familiares y v\u00edctimas del franquismo puedan presentar sus testimonios y querellas, la Fiscal\u00eda espa\u00f1ola se niega a acatar la orden de detenci\u00f3n internacional contra cuatro polic\u00edas torturadores acusados de torturas durante la dictadura. Ya informamos en Rambla [&hellip;]<\/p>\n","protected":false},"author":3,"featured_media":3993,"comment_status":"open","ping_status":"open","sticky":false,"template":"","format":"standard","meta":{"footnotes":""},"categories":[58],"tags":[],"class_list":["post-3994","post","type-post","status-publish","format-standard","has-post-thumbnail","hentry","category-estado-espanol"],"yoast_head":"<!-- This site is optimized with the Yoast SEO plugin v27.5 - https:\/\/yoast.com\/product\/yoast-seo-wordpress\/ -->\n<title>La Fiscal\u00eda no quiere detener a los torturadores - Revista Rambla<\/title>\n<meta name=\"description\" content=\"La Fiscal\u00eda espa\u00f1ola se niega a acatar la orden de detenci\u00f3n internacional contra cuatro polic\u00edas torturadores\" \/>\n<meta name=\"robots\" content=\"index, follow, max-snippet:-1, max-image-preview:large, max-video-preview:-1\" \/>\n<link rel=\"canonical\" href=\"https:\/\/www.revistarambla.com\/en\/la-fiscalia-no-quiere-detener-a-los-torturadores\/\" \/>\n<meta property=\"og:locale\" content=\"en_GB\" \/>\n<meta property=\"og:type\" content=\"article\" \/>\n<meta property=\"og:title\" content=\"La Fiscal\u00eda no quiere detener a los torturadores - Revista Rambla\" \/>\n<meta property=\"og:description\" content=\"La Fiscal\u00eda espa\u00f1ola se niega a acatar la orden de detenci\u00f3n internacional contra cuatro polic\u00edas torturadores\" \/>\n<meta property=\"og:url\" content=\"https:\/\/www.revistarambla.com\/en\/la-fiscalia-no-quiere-detener-a-los-torturadores\/\" \/>\n<meta property=\"og:site_name\" content=\"Revista Rambla\" \/>\n<meta property=\"article:publisher\" content=\"https:\/\/www.facebook.com\/revistarambla\/\" \/>\n<meta property=\"article:author\" content=\"https:\/\/www.facebook.com\/revistarambla\" \/>\n<meta property=\"article:published_time\" content=\"2013-09-25T03:13:53+00:00\" \/>\n<meta property=\"article:modified_time\" content=\"2024-04-29T08:23:07+00:00\" \/>\n<meta property=\"og:image\" content=\"https:\/\/www.revistarambla.com\/wp-content\/uploads\/2013\/09\/franquismo-revistarambla_02.jpg\" \/>\n\t<meta property=\"og:image:width\" content=\"700\" \/>\n\t<meta property=\"og:image:height\" content=\"394\" \/>\n\t<meta property=\"og:image:type\" content=\"image\/jpeg\" \/>\n<meta name=\"author\" content=\"R@mbla\" \/>\n<meta name=\"twitter:card\" content=\"summary_large_image\" \/>\n<meta name=\"twitter:creator\" content=\"@revistarambla\" \/>\n<meta name=\"twitter:site\" content=\"@revistarambla\" \/>\n<meta name=\"twitter:label1\" content=\"Written by\" \/>\n\t<meta name=\"twitter:data1\" content=\"R@mbla\" \/>\n\t<meta name=\"twitter:label2\" content=\"Estimated reading time\" \/>\n\t<meta name=\"twitter:data2\" content=\"3 minutes\" \/>\n<script type=\"application\/ld+json\" class=\"yoast-schema-graph\">{\"@context\":\"https:\\\/\\\/schema.org\",\"@graph\":[{\"@type\":\"Article\",\"@id\":\"https:\\\/\\\/www.revistarambla.com\\\/la-fiscalia-no-quiere-detener-a-los-torturadores\\\/#article\",\"isPartOf\":{\"@id\":\"https:\\\/\\\/www.revistarambla.com\\\/la-fiscalia-no-quiere-detener-a-los-torturadores\\\/\"},\"author\":{\"name\":\"R@mbla\",\"@id\":\"https:\\\/\\\/www.revistarambla.com\\\/#\\\/schema\\\/person\\\/a146a5a2550b94981a75131180e1bd9c\"},\"headline\":\"La Fiscal\u00eda no quiere detener a los torturadores\",\"datePublished\":\"2013-09-25T03:13:53+00:00\",\"dateModified\":\"2024-04-29T08:23:07+00:00\",\"mainEntityOfPage\":{\"@id\":\"https:\\\/\\\/www.revistarambla.com\\\/la-fiscalia-no-quiere-detener-a-los-torturadores\\\/\"},\"wordCount\":568,\"commentCount\":0,\"publisher\":{\"@id\":\"https:\\\/\\\/www.revistarambla.com\\\/#organization\"},\"image\":{\"@id\":\"https:\\\/\\\/www.revistarambla.com\\\/la-fiscalia-no-quiere-detener-a-los-torturadores\\\/#primaryimage\"},\"thumbnailUrl\":\"https:\\\/\\\/www.revistarambla.com\\\/wp-content\\\/uploads\\\/2013\\\/09\\\/franquismo-revistarambla_02.jpg\",\"articleSection\":[\"Estado Espa\u00f1ol\"],\"inLanguage\":\"en-GB\",\"potentialAction\":[{\"@type\":\"CommentAction\",\"name\":\"Comment\",\"target\":[\"https:\\\/\\\/www.revistarambla.com\\\/la-fiscalia-no-quiere-detener-a-los-torturadores\\\/#respond\"]}]},{\"@type\":\"WebPage\",\"@id\":\"https:\\\/\\\/www.revistarambla.com\\\/la-fiscalia-no-quiere-detener-a-los-torturadores\\\/\",\"url\":\"https:\\\/\\\/www.revistarambla.com\\\/la-fiscalia-no-quiere-detener-a-los-torturadores\\\/\",\"name\":\"La Fiscal\u00eda no quiere detener a los torturadores - Revista Rambla\",\"isPartOf\":{\"@id\":\"https:\\\/\\\/www.revistarambla.com\\\/#website\"},\"primaryImageOfPage\":{\"@id\":\"https:\\\/\\\/www.revistarambla.com\\\/la-fiscalia-no-quiere-detener-a-los-torturadores\\\/#primaryimage\"},\"image\":{\"@id\":\"https:\\\/\\\/www.revistarambla.com\\\/la-fiscalia-no-quiere-detener-a-los-torturadores\\\/#primaryimage\"},\"thumbnailUrl\":\"https:\\\/\\\/www.revistarambla.com\\\/wp-content\\\/uploads\\\/2013\\\/09\\\/franquismo-revistarambla_02.jpg\",\"datePublished\":\"2013-09-25T03:13:53+00:00\",\"dateModified\":\"2024-04-29T08:23:07+00:00\",\"description\":\"La Fiscal\u00eda espa\u00f1ola se niega a acatar la orden de detenci\u00f3n internacional contra cuatro polic\u00edas torturadores\",\"breadcrumb\":{\"@id\":\"https:\\\/\\\/www.revistarambla.com\\\/la-fiscalia-no-quiere-detener-a-los-torturadores\\\/#breadcrumb\"},\"inLanguage\":\"en-GB\",\"potentialAction\":[{\"@type\":\"ReadAction\",\"target\":[\"https:\\\/\\\/www.revistarambla.com\\\/la-fiscalia-no-quiere-detener-a-los-torturadores\\\/\"]}]},{\"@type\":\"ImageObject\",\"inLanguage\":\"en-GB\",\"@id\":\"https:\\\/\\\/www.revistarambla.com\\\/la-fiscalia-no-quiere-detener-a-los-torturadores\\\/#primaryimage\",\"url\":\"https:\\\/\\\/www.revistarambla.com\\\/wp-content\\\/uploads\\\/2013\\\/09\\\/franquismo-revistarambla_02.jpg\",\"contentUrl\":\"https:\\\/\\\/www.revistarambla.com\\\/wp-content\\\/uploads\\\/2013\\\/09\\\/franquismo-revistarambla_02.jpg\",\"width\":700,\"height\":394,\"caption\":\"torturadores franquismo querella argentina\"},{\"@type\":\"BreadcrumbList\",\"@id\":\"https:\\\/\\\/www.revistarambla.com\\\/la-fiscalia-no-quiere-detener-a-los-torturadores\\\/#breadcrumb\",\"itemListElement\":[{\"@type\":\"ListItem\",\"position\":1,\"name\":\"Portada\",\"item\":\"https:\\\/\\\/www.revistarambla.com\\\/\"},{\"@type\":\"ListItem\",\"position\":2,\"name\":\"La Fiscal\u00eda no quiere detener a los torturadores\"}]},{\"@type\":\"WebSite\",\"@id\":\"https:\\\/\\\/www.revistarambla.com\\\/#website\",\"url\":\"https:\\\/\\\/www.revistarambla.com\\\/\",\"name\":\"Revista Rambla Barcelona\",\"description\":\"Periodismo independiente\",\"publisher\":{\"@id\":\"https:\\\/\\\/www.revistarambla.com\\\/#organization\"},\"potentialAction\":[{\"@type\":\"SearchAction\",\"target\":{\"@type\":\"EntryPoint\",\"urlTemplate\":\"https:\\\/\\\/www.revistarambla.com\\\/?s={search_term_string}\"},\"query-input\":{\"@type\":\"PropertyValueSpecification\",\"valueRequired\":true,\"valueName\":\"search_term_string\"}}],\"inLanguage\":\"en-GB\"},{\"@type\":\"Organization\",\"@id\":\"https:\\\/\\\/www.revistarambla.com\\\/#organization\",\"name\":\"Revista Rambla\",\"url\":\"https:\\\/\\\/www.revistarambla.com\\\/\",\"logo\":{\"@type\":\"ImageObject\",\"inLanguage\":\"en-GB\",\"@id\":\"https:\\\/\\\/www.revistarambla.com\\\/#\\\/schema\\\/logo\\\/image\\\/\",\"url\":\"https:\\\/\\\/www.revistarambla.com\\\/wp-content\\\/uploads\\\/2020\\\/09\\\/banner_rambla_1900x600_BB.png\",\"contentUrl\":\"https:\\\/\\\/www.revistarambla.com\\\/wp-content\\\/uploads\\\/2020\\\/09\\\/banner_rambla_1900x600_BB.png\",\"width\":1900,\"height\":600,\"caption\":\"Revista Rambla\"},\"image\":{\"@id\":\"https:\\\/\\\/www.revistarambla.com\\\/#\\\/schema\\\/logo\\\/image\\\/\"},\"sameAs\":[\"https:\\\/\\\/www.facebook.com\\\/revistarambla\\\/\",\"https:\\\/\\\/x.com\\\/revistarambla\",\"https:\\\/\\\/www.instagram.com\\\/revista_rambla\",\"https:\\\/\\\/es.linkedin.com\\\/company\\\/revista-rambla\"]},{\"@type\":\"Person\",\"@id\":\"https:\\\/\\\/www.revistarambla.com\\\/#\\\/schema\\\/person\\\/a146a5a2550b94981a75131180e1bd9c\",\"name\":\"R@mbla\",\"description\":\"Este art\u00edculo ha sido redactado y\\\/o validado por el equipo de redacci\u00f3n de Revista Rambla.\",\"sameAs\":[\"https:\\\/\\\/www.revistarambla.com\\\/\",\"https:\\\/\\\/www.facebook.com\\\/revistarambla\",\"https:\\\/\\\/x.com\\\/revistarambla\"]}]}<\/script>\n<!-- \/ Yoast SEO plugin. -->","yoast_head_json":{"title":"La Fiscal\u00eda no quiere detener a los torturadores - Revista Rambla","description":"La Fiscal\u00eda espa\u00f1ola se niega a acatar la orden de detenci\u00f3n internacional contra cuatro polic\u00edas torturadores","robots":{"index":"index","follow":"follow","max-snippet":"max-snippet:-1","max-image-preview":"max-image-preview:large","max-video-preview":"max-video-preview:-1"},"canonical":"https:\/\/www.revistarambla.com\/en\/la-fiscalia-no-quiere-detener-a-los-torturadores\/","og_locale":"en_GB","og_type":"article","og_title":"La Fiscal\u00eda no quiere detener a los torturadores - Revista Rambla","og_description":"La Fiscal\u00eda espa\u00f1ola se niega a acatar la orden de detenci\u00f3n internacional contra cuatro polic\u00edas torturadores","og_url":"https:\/\/www.revistarambla.com\/en\/la-fiscalia-no-quiere-detener-a-los-torturadores\/","og_site_name":"Revista Rambla","article_publisher":"https:\/\/www.facebook.com\/revistarambla\/","article_author":"https:\/\/www.facebook.com\/revistarambla","article_published_time":"2013-09-25T03:13:53+00:00","article_modified_time":"2024-04-29T08:23:07+00:00","og_image":[{"width":700,"height":394,"url":"https:\/\/www.revistarambla.com\/wp-content\/uploads\/2013\/09\/franquismo-revistarambla_02.jpg","type":"image\/jpeg"}],"author":"R@mbla","twitter_card":"summary_large_image","twitter_creator":"@revistarambla","twitter_site":"@revistarambla","twitter_misc":{"Written by":"R@mbla","Estimated reading time":"3 minutes"},"schema":{"@context":"https:\/\/schema.org","@graph":[{"@type":"Article","@id":"https:\/\/www.revistarambla.com\/la-fiscalia-no-quiere-detener-a-los-torturadores\/#article","isPartOf":{"@id":"https:\/\/www.revistarambla.com\/la-fiscalia-no-quiere-detener-a-los-torturadores\/"},"author":{"name":"R@mbla","@id":"https:\/\/www.revistarambla.com\/#\/schema\/person\/a146a5a2550b94981a75131180e1bd9c"},"headline":"La Fiscal\u00eda no quiere detener a los torturadores","datePublished":"2013-09-25T03:13:53+00:00","dateModified":"2024-04-29T08:23:07+00:00","mainEntityOfPage":{"@id":"https:\/\/www.revistarambla.com\/la-fiscalia-no-quiere-detener-a-los-torturadores\/"},"wordCount":568,"commentCount":0,"publisher":{"@id":"https:\/\/www.revistarambla.com\/#organization"},"image":{"@id":"https:\/\/www.revistarambla.com\/la-fiscalia-no-quiere-detener-a-los-torturadores\/#primaryimage"},"thumbnailUrl":"https:\/\/www.revistarambla.com\/wp-content\/uploads\/2013\/09\/franquismo-revistarambla_02.jpg","articleSection":["Estado Espa\u00f1ol"],"inLanguage":"en-GB","potentialAction":[{"@type":"CommentAction","name":"Comment","target":["https:\/\/www.revistarambla.com\/la-fiscalia-no-quiere-detener-a-los-torturadores\/#respond"]}]},{"@type":"WebPage","@id":"https:\/\/www.revistarambla.com\/la-fiscalia-no-quiere-detener-a-los-torturadores\/","url":"https:\/\/www.revistarambla.com\/la-fiscalia-no-quiere-detener-a-los-torturadores\/","name":"La Fiscal\u00eda no quiere detener a los torturadores - Revista Rambla","isPartOf":{"@id":"https:\/\/www.revistarambla.com\/#website"},"primaryImageOfPage":{"@id":"https:\/\/www.revistarambla.com\/la-fiscalia-no-quiere-detener-a-los-torturadores\/#primaryimage"},"image":{"@id":"https:\/\/www.revistarambla.com\/la-fiscalia-no-quiere-detener-a-los-torturadores\/#primaryimage"},"thumbnailUrl":"https:\/\/www.revistarambla.com\/wp-content\/uploads\/2013\/09\/franquismo-revistarambla_02.jpg","datePublished":"2013-09-25T03:13:53+00:00","dateModified":"2024-04-29T08:23:07+00:00","description":"La Fiscal\u00eda espa\u00f1ola se niega a acatar la orden de detenci\u00f3n internacional contra cuatro polic\u00edas torturadores","breadcrumb":{"@id":"https:\/\/www.revistarambla.com\/la-fiscalia-no-quiere-detener-a-los-torturadores\/#breadcrumb"},"inLanguage":"en-GB","potentialAction":[{"@type":"ReadAction","target":["https:\/\/www.revistarambla.com\/la-fiscalia-no-quiere-detener-a-los-torturadores\/"]}]},{"@type":"ImageObject","inLanguage":"en-GB","@id":"https:\/\/www.revistarambla.com\/la-fiscalia-no-quiere-detener-a-los-torturadores\/#primaryimage","url":"https:\/\/www.revistarambla.com\/wp-content\/uploads\/2013\/09\/franquismo-revistarambla_02.jpg","contentUrl":"https:\/\/www.revistarambla.com\/wp-content\/uploads\/2013\/09\/franquismo-revistarambla_02.jpg","width":700,"height":394,"caption":"torturadores franquismo querella argentina"},{"@type":"BreadcrumbList","@id":"https:\/\/www.revistarambla.com\/la-fiscalia-no-quiere-detener-a-los-torturadores\/#breadcrumb","itemListElement":[{"@type":"ListItem","position":1,"name":"Portada","item":"https:\/\/www.revistarambla.com\/"},{"@type":"ListItem","position":2,"name":"La Fiscal\u00eda no quiere detener a los torturadores"}]},{"@type":"WebSite","@id":"https:\/\/www.revistarambla.com\/#website","url":"https:\/\/www.revistarambla.com\/","name":"Revista Rambla Barcelona","description":"Periodismo independiente","publisher":{"@id":"https:\/\/www.revistarambla.com\/#organization"},"potentialAction":[{"@type":"SearchAction","target":{"@type":"EntryPoint","urlTemplate":"https:\/\/www.revistarambla.com\/?s={search_term_string}"},"query-input":{"@type":"PropertyValueSpecification","valueRequired":true,"valueName":"search_term_string"}}],"inLanguage":"en-GB"},{"@type":"Organization","@id":"https:\/\/www.revistarambla.com\/#organization","name":"Revista Rambla","url":"https:\/\/www.revistarambla.com\/","logo":{"@type":"ImageObject","inLanguage":"en-GB","@id":"https:\/\/www.revistarambla.com\/#\/schema\/logo\/image\/","url":"https:\/\/www.revistarambla.com\/wp-content\/uploads\/2020\/09\/banner_rambla_1900x600_BB.png","contentUrl":"https:\/\/www.revistarambla.com\/wp-content\/uploads\/2020\/09\/banner_rambla_1900x600_BB.png","width":1900,"height":600,"caption":"Revista Rambla"},"image":{"@id":"https:\/\/www.revistarambla.com\/#\/schema\/logo\/image\/"},"sameAs":["https:\/\/www.facebook.com\/revistarambla\/","https:\/\/x.com\/revistarambla","https:\/\/www.instagram.com\/revista_rambla","https:\/\/es.linkedin.com\/company\/revista-rambla"]},{"@type":"Person","@id":"https:\/\/www.revistarambla.com\/#\/schema\/person\/a146a5a2550b94981a75131180e1bd9c","name":"R@mbla","description":"Este art\u00edculo ha sido redactado y\/o validado por el equipo de redacci\u00f3n de Revista Rambla.","sameAs":["https:\/\/www.revistarambla.com\/","https:\/\/www.facebook.com\/revistarambla","https:\/\/x.com\/revistarambla"]}]}},"_links":{"self":[{"href":"https:\/\/www.revistarambla.com\/en\/wp-json\/wp\/v2\/posts\/3994","targetHints":{"allow":["GET"]}}],"collection":[{"href":"https:\/\/www.revistarambla.com\/en\/wp-json\/wp\/v2\/posts"}],"about":[{"href":"https:\/\/www.revistarambla.com\/en\/wp-json\/wp\/v2\/types\/post"}],"author":[{"embeddable":true,"href":"https:\/\/www.revistarambla.com\/en\/wp-json\/wp\/v2\/users\/3"}],"replies":[{"embeddable":true,"href":"https:\/\/www.revistarambla.com\/en\/wp-json\/wp\/v2\/comments?post=3994"}],"version-history":[{"count":2,"href":"https:\/\/www.revistarambla.com\/en\/wp-json\/wp\/v2\/posts\/3994\/revisions"}],"predecessor-version":[{"id":59819,"href":"https:\/\/www.revistarambla.com\/en\/wp-json\/wp\/v2\/posts\/3994\/revisions\/59819"}],"wp:featuredmedia":[{"embeddable":true,"href":"https:\/\/www.revistarambla.com\/en\/wp-json\/wp\/v2\/media\/3993"}],"wp:attachment":[{"href":"https:\/\/www.revistarambla.com\/en\/wp-json\/wp\/v2\/media?parent=3994"}],"wp:term":[{"taxonomy":"category","embeddable":true,"href":"https:\/\/www.revistarambla.com\/en\/wp-json\/wp\/v2\/categories?post=3994"},{"taxonomy":"post_tag","embeddable":true,"href":"https:\/\/www.revistarambla.com\/en\/wp-json\/wp\/v2\/tags?post=3994"}],"curies":[{"name":"wp","href":"https:\/\/api.w.org\/{rel}","templated":true}]}}