{"id":3990,"date":"2013-09-25T01:47:21","date_gmt":"2013-09-25T01:47:21","guid":{"rendered":"https:\/\/www.revistarambla.com\/iparar-los-recortes-no-pagar-la-deuda\/"},"modified":"2021-06-02T21:09:24","modified_gmt":"2021-06-02T19:09:24","slug":"iparar-los-recortes-no-pagar-la-deuda","status":"publish","type":"post","link":"https:\/\/www.revistarambla.com\/en\/iparar-los-recortes-no-pagar-la-deuda\/","title":{"rendered":"\u00a1Parar los recortes presupuestarios, no pagar la deuda!"},"content":{"rendered":"<p>El Gobierno de la Generalitat anuncia nuevos recortes presupuestarios para los \u00faltimos meses de 2013 para completar \u201cel ahorro\u201d de cerca de 2.500 que exige el 1\u201956% de d\u00e9ficit. Y con los presupuestos de 2014, que se empezar\u00e1n a tramitar este oto\u00f1o, todav\u00eda vendr\u00e1n m\u00e1s recortes presupuestarios. Pero \u00a0siendo importante, el d\u00e9ficit no es -ni de lejos- el gran problema de adonde va nuestro dinero. La deuda p\u00fablica de la Generalitat se traga cada vez m\u00e1s el dinero que tendr\u00eda que ir a parar a sanidad, educaci\u00f3n, salarios del trabajador p\u00fablico, trabajadores\/se precarios.<\/p>\n<p><img decoding=\"async\" class=\"alignright\" src=\"https:\/\/www.revistarambla.com\/wp-content\/uploads\/2013\/09\/recortes_revistarambla_01.jpg\" alt=\"recortes presupuestarios\" width=\"388\" height=\"262\" \/>Cada d\u00eda el Gobierno catal\u00e1n paga 5,8 millones de euros solamente \u00a0en intereses, que suman \u00a0un total de 2.140 millones para 2013. Y la deuda no es s\u00f3lo intereses, es tambi\u00e9n amortizaciones, de manera que el total de dinero que pagaremos a los bancos este a\u00f1o, mediante el Presupuesto catal\u00e1n, ser\u00e1 m\u00e1s de 16.000 millones (m\u00e1s de 40 millones diarios). \u00a1Y la partida para becas- comedor, seg\u00fan el informe sobre malnutrici\u00f3n infantil del <a href=\"http:\/\/www.sindic.cat\/es\/page.asp?id=1\">S\u00edndic de Greuges<\/a> (Defensor del Pueblo catal\u00e1n) es de 34 millones!<\/p>\n<p>Adem\u00e1s la deuda -a pesar de todo lo que pagamos- no deja de crecer: En 2006 era de 14.800 millones, en 2011 de \u00a041.778 millones, en 2012 subi\u00f3 a 50.948 millones y se prev\u00e9 que acabe este 2013 en los 65.000 millones. \u00a1Sube la deuda y suben todav\u00eda m\u00e1s los intereses! El 2009 pag\u00e1bamos 797 millones, el a\u00f1o pasado 1.743 y ahora 2.140. Y as\u00ed a\u00f1o tras a\u00f1o, como Grecia ahora o en Am\u00e9rica Latina hace tiempo, te lo van quitando todo y cada vez est\u00e1s peor.<\/p>\n<p>\u00a1As\u00ed pues, los banqueros se quedan con nuestro dinero! S\u00ed, y tambi\u00e9n los que \u201chan sido rescatados\u201d con dinero p\u00fablico. \u00a1Basta ya de todo esto!: es un robo a la clase trabajadora. Tambi\u00e9n queremos decidir el destino de nuestro dinero: para nosotros lo primero es la atenci\u00f3n de nuestros, la educaci\u00f3n y la sanidad, los salarios de los trabajadores p\u00fablicos, la atenci\u00f3n a los abuelos y los servicios sociales&#8230; No tiene que haber recortes presupuestarios. Los pr\u00f3ximos presupuestos de la Generalitat no deben ser aprobados. \u00a1Hace falta un frente de las \u00a0organizaciones pol\u00edticas de izquierda, de los sindicatos, de las asociaciones y de los diversos movimientos para pararlos!<\/p>\n<h3>\u00a1Mas ya empieza a aguar el compromiso de consulta para 2014!<\/h3>\n<p>Mas -a pesar de las tibias rectificaciones posteriores- declar\u00f3 que si \u201cel estado espa\u00f1ol impide con todos los medios legales\u201d la consulta, no har\u00e1 la consulta e intentar\u00e1 acabar la legislatura, y en 2016 \u00a1ya veremos! Pero \u00bfalguien duda de que Rajoy intentar\u00e1 impedir por todos los medios la consulta?<\/p>\n<p>Siempre hemos dicho que para la burgues\u00eda catalana, primero son sus negocios como burgues\u00eda y despu\u00e9s -si queda espacio- el ser catalana. Para CiU, referente de la patronal catalana, los derechos nacionales han sido una moneda de cambio al servicio de sus intereses. Empez\u00f3 la patronal de Fomento poniendo en entredicho el \u201cproceso soberanista\u201d, sigui\u00f3 Uni\u00f3n Democr\u00e1tica de Catalunya y las declaraciones de Duran-Lleida, ahora quien ya no lo ve tan claro es el propio presidente Artur Mas.<\/p>\n<p>El derecho a la autodeterminaci\u00f3n, el derecho de Catalunya a decidir libremente la relaci\u00f3n que mantiene con otros pueblos y estados, est\u00e1 expresamente negado por la Constituci\u00f3n borb\u00f3nica, que dice -blanco sobre negro- que se basa \u201cen la indisoluble unidad de la Naci\u00f3n espa\u00f1ola, patria com\u00fan e indivisible de todos los espa\u00f1oles\u201d(arte. 2). No habr\u00e1 un acuerdo con el estado porqu\u00e9 no est\u00e1 dispuesto a renunciar a un territorio que genera el 20% del PIB y porque ser\u00eda un precedente para otros pueblos que podr\u00edan seguir el mismo camino. La ruptura con una Monarqu\u00eda heredera del franquismo es imprescindible tanto para el pueblo catal\u00e1n como para el resto de los pueblos del estado espa\u00f1ol. \u00a1Basta ya de dilaciones: hay que exigir fecha para el refer\u00e9ndum! \u00a1Rep\u00fablica Catalana! Una Rep\u00fablica que se est\u00e9 al lado de la gente trabajadora, con un Gobierno que rompa con el capitalismo y con la Uni\u00f3n Europea.<\/p>\n<p>La ruptura de Catalu\u00f1a con el estado mon\u00e1rquico ser\u00e1 un paso adelante para todos los pueblos del estado. La soberan\u00eda de Catalu\u00f1a no es incompatible con la b\u00fasqueda de la m\u00e1s amplia unidad entre los trabajadores\/as y los pueblos. Esta unidad la buscamos como internacionalistas. No hay uni\u00f3n entre trabajadores\/as que no se fundamente en la libertad de los pueblos. Hay que romper con el estado mon\u00e1rquico para poder rehacer la relaci\u00f3n entre pueblos y naciones, en t\u00e9rminos de igualdad y solidaridad, que nosotros deseamos \u00a0lo m\u00e1s amplia posible: primero con los de habla catalana si as\u00ed lo deciden y m\u00e1s tarde, con los otros pueblos y naciones de la pen\u00ednsula y de Europea. Queremos una Rep\u00fablica Catalana y defendemos que libremente establezca relaciones con otros pueblos y naciones en una Federaci\u00f3n de Rep\u00fablicas Socialistas.<\/p>","protected":false},"excerpt":{"rendered":"<p>El Gobierno de la Generalitat anuncia nuevos recortes presupuestarios para los \u00faltimos meses de 2013 para completar \u201cel ahorro\u201d de cerca de 2.500 que exige el 1\u201956% de d\u00e9ficit. Y con los presupuestos de 2014, que se empezar\u00e1n a tramitar este oto\u00f1o, todav\u00eda vendr\u00e1n m\u00e1s recortes presupuestarios. Pero \u00a0siendo importante, [&hellip;]<\/p>\n","protected":false},"author":3,"featured_media":0,"comment_status":"open","ping_status":"open","sticky":false,"template":"","format":"standard","meta":{"footnotes":""},"categories":[72],"tags":[],"class_list":["post-3990","post","type-post","status-publish","format-standard","hentry","category-opinion"],"yoast_head":"<!-- This site is optimized with the Yoast SEO plugin v27.5 - https:\/\/yoast.com\/product\/yoast-seo-wordpress\/ -->\n<title>\u00a1Parar los recortes presupuestarios, no pagar la deuda! - Revista Rambla<\/title>\n<meta name=\"description\" content=\"El Gobierno de la Generalitat anuncia nuevos recortes presupuestarios para los \u00faltimos meses de 2013 para completar \u201cel ahorro\u201d de cerca de 2.500 que ex...\" \/>\n<meta name=\"robots\" content=\"index, follow, max-snippet:-1, max-image-preview:large, max-video-preview:-1\" \/>\n<link rel=\"canonical\" href=\"https:\/\/www.revistarambla.com\/en\/iparar-los-recortes-no-pagar-la-deuda\/\" \/>\n<meta property=\"og:locale\" content=\"en_GB\" \/>\n<meta property=\"og:type\" content=\"article\" \/>\n<meta property=\"og:title\" content=\"\u00a1Parar los recortes presupuestarios, no pagar la deuda! - Revista Rambla\" \/>\n<meta property=\"og:description\" content=\"El Gobierno de la Generalitat anuncia nuevos recortes presupuestarios para los \u00faltimos meses de 2013 para completar \u201cel ahorro\u201d de cerca de 2.500 que ex...\" \/>\n<meta property=\"og:url\" content=\"https:\/\/www.revistarambla.com\/en\/iparar-los-recortes-no-pagar-la-deuda\/\" \/>\n<meta property=\"og:site_name\" content=\"Revista Rambla\" \/>\n<meta property=\"article:publisher\" content=\"https:\/\/www.facebook.com\/revistarambla\/\" \/>\n<meta property=\"article:author\" content=\"https:\/\/www.facebook.com\/revistarambla\" \/>\n<meta property=\"article:published_time\" content=\"2013-09-25T01:47:21+00:00\" \/>\n<meta property=\"article:modified_time\" content=\"2021-06-02T19:09:24+00:00\" \/>\n<meta property=\"og:image\" content=\"https:\/\/i0.wp.com\/www.revistarambla.com\/wp-content\/uploads\/2013\/09\/recortes_revistarambla_01.jpg?fit=682%2C460&ssl=1\" \/>\n\t<meta property=\"og:image:width\" content=\"682\" \/>\n\t<meta property=\"og:image:height\" content=\"460\" \/>\n\t<meta property=\"og:image:type\" content=\"image\/jpeg\" \/>\n<meta name=\"author\" content=\"R@mbla\" \/>\n<meta name=\"twitter:card\" content=\"summary_large_image\" \/>\n<meta name=\"twitter:creator\" content=\"@revistarambla\" \/>\n<meta name=\"twitter:site\" content=\"@revistarambla\" \/>\n<meta name=\"twitter:label1\" content=\"Written by\" \/>\n\t<meta name=\"twitter:data1\" content=\"R@mbla\" \/>\n\t<meta name=\"twitter:label2\" content=\"Estimated reading time\" \/>\n\t<meta name=\"twitter:data2\" content=\"4 minutes\" \/>\n<script type=\"application\/ld+json\" class=\"yoast-schema-graph\">{\"@context\":\"https:\\\/\\\/schema.org\",\"@graph\":[{\"@type\":\"Article\",\"@id\":\"https:\\\/\\\/www.revistarambla.com\\\/iparar-los-recortes-no-pagar-la-deuda\\\/#article\",\"isPartOf\":{\"@id\":\"https:\\\/\\\/www.revistarambla.com\\\/iparar-los-recortes-no-pagar-la-deuda\\\/\"},\"author\":{\"name\":\"R@mbla\",\"@id\":\"https:\\\/\\\/www.revistarambla.com\\\/#\\\/schema\\\/person\\\/a146a5a2550b94981a75131180e1bd9c\"},\"headline\":\"\u00a1Parar los recortes presupuestarios, no pagar la deuda!\",\"datePublished\":\"2013-09-25T01:47:21+00:00\",\"dateModified\":\"2021-06-02T19:09:24+00:00\",\"mainEntityOfPage\":{\"@id\":\"https:\\\/\\\/www.revistarambla.com\\\/iparar-los-recortes-no-pagar-la-deuda\\\/\"},\"wordCount\":864,\"commentCount\":0,\"publisher\":{\"@id\":\"https:\\\/\\\/www.revistarambla.com\\\/#organization\"},\"image\":{\"@id\":\"https:\\\/\\\/www.revistarambla.com\\\/iparar-los-recortes-no-pagar-la-deuda\\\/#primaryimage\"},\"thumbnailUrl\":\"https:\\\/\\\/www.revistarambla.com\\\/wp-content\\\/uploads\\\/2013\\\/09\\\/recortes_revistarambla_01.jpg\",\"articleSection\":[\"Opiniones\"],\"inLanguage\":\"en-GB\",\"potentialAction\":[{\"@type\":\"CommentAction\",\"name\":\"Comment\",\"target\":[\"https:\\\/\\\/www.revistarambla.com\\\/iparar-los-recortes-no-pagar-la-deuda\\\/#respond\"]}]},{\"@type\":\"WebPage\",\"@id\":\"https:\\\/\\\/www.revistarambla.com\\\/iparar-los-recortes-no-pagar-la-deuda\\\/\",\"url\":\"https:\\\/\\\/www.revistarambla.com\\\/iparar-los-recortes-no-pagar-la-deuda\\\/\",\"name\":\"\u00a1Parar los recortes presupuestarios, no pagar la deuda! - Revista Rambla\",\"isPartOf\":{\"@id\":\"https:\\\/\\\/www.revistarambla.com\\\/#website\"},\"primaryImageOfPage\":{\"@id\":\"https:\\\/\\\/www.revistarambla.com\\\/iparar-los-recortes-no-pagar-la-deuda\\\/#primaryimage\"},\"image\":{\"@id\":\"https:\\\/\\\/www.revistarambla.com\\\/iparar-los-recortes-no-pagar-la-deuda\\\/#primaryimage\"},\"thumbnailUrl\":\"https:\\\/\\\/www.revistarambla.com\\\/wp-content\\\/uploads\\\/2013\\\/09\\\/recortes_revistarambla_01.jpg\",\"datePublished\":\"2013-09-25T01:47:21+00:00\",\"dateModified\":\"2021-06-02T19:09:24+00:00\",\"description\":\"El Gobierno de la Generalitat anuncia nuevos recortes presupuestarios para los \u00faltimos meses de 2013 para completar \u201cel ahorro\u201d de cerca de 2.500 que ex...\",\"breadcrumb\":{\"@id\":\"https:\\\/\\\/www.revistarambla.com\\\/iparar-los-recortes-no-pagar-la-deuda\\\/#breadcrumb\"},\"inLanguage\":\"en-GB\",\"potentialAction\":[{\"@type\":\"ReadAction\",\"target\":[\"https:\\\/\\\/www.revistarambla.com\\\/iparar-los-recortes-no-pagar-la-deuda\\\/\"]}]},{\"@type\":\"ImageObject\",\"inLanguage\":\"en-GB\",\"@id\":\"https:\\\/\\\/www.revistarambla.com\\\/iparar-los-recortes-no-pagar-la-deuda\\\/#primaryimage\",\"url\":\"https:\\\/\\\/www.revistarambla.com\\\/wp-content\\\/uploads\\\/2013\\\/09\\\/recortes_revistarambla_01.jpg\",\"contentUrl\":\"https:\\\/\\\/www.revistarambla.com\\\/wp-content\\\/uploads\\\/2013\\\/09\\\/recortes_revistarambla_01.jpg\"},{\"@type\":\"BreadcrumbList\",\"@id\":\"https:\\\/\\\/www.revistarambla.com\\\/iparar-los-recortes-no-pagar-la-deuda\\\/#breadcrumb\",\"itemListElement\":[{\"@type\":\"ListItem\",\"position\":1,\"name\":\"Portada\",\"item\":\"https:\\\/\\\/www.revistarambla.com\\\/\"},{\"@type\":\"ListItem\",\"position\":2,\"name\":\"\u00a1Parar los recortes presupuestarios, no pagar la deuda!\"}]},{\"@type\":\"WebSite\",\"@id\":\"https:\\\/\\\/www.revistarambla.com\\\/#website\",\"url\":\"https:\\\/\\\/www.revistarambla.com\\\/\",\"name\":\"Revista Rambla Barcelona\",\"description\":\"Periodismo independiente\",\"publisher\":{\"@id\":\"https:\\\/\\\/www.revistarambla.com\\\/#organization\"},\"potentialAction\":[{\"@type\":\"SearchAction\",\"target\":{\"@type\":\"EntryPoint\",\"urlTemplate\":\"https:\\\/\\\/www.revistarambla.com\\\/?s={search_term_string}\"},\"query-input\":{\"@type\":\"PropertyValueSpecification\",\"valueRequired\":true,\"valueName\":\"search_term_string\"}}],\"inLanguage\":\"en-GB\"},{\"@type\":\"Organization\",\"@id\":\"https:\\\/\\\/www.revistarambla.com\\\/#organization\",\"name\":\"Revista Rambla\",\"url\":\"https:\\\/\\\/www.revistarambla.com\\\/\",\"logo\":{\"@type\":\"ImageObject\",\"inLanguage\":\"en-GB\",\"@id\":\"https:\\\/\\\/www.revistarambla.com\\\/#\\\/schema\\\/logo\\\/image\\\/\",\"url\":\"https:\\\/\\\/www.revistarambla.com\\\/wp-content\\\/uploads\\\/2020\\\/09\\\/banner_rambla_1900x600_BB.png\",\"contentUrl\":\"https:\\\/\\\/www.revistarambla.com\\\/wp-content\\\/uploads\\\/2020\\\/09\\\/banner_rambla_1900x600_BB.png\",\"width\":1900,\"height\":600,\"caption\":\"Revista Rambla\"},\"image\":{\"@id\":\"https:\\\/\\\/www.revistarambla.com\\\/#\\\/schema\\\/logo\\\/image\\\/\"},\"sameAs\":[\"https:\\\/\\\/www.facebook.com\\\/revistarambla\\\/\",\"https:\\\/\\\/x.com\\\/revistarambla\",\"https:\\\/\\\/www.instagram.com\\\/revista_rambla\",\"https:\\\/\\\/es.linkedin.com\\\/company\\\/revista-rambla\"]},{\"@type\":\"Person\",\"@id\":\"https:\\\/\\\/www.revistarambla.com\\\/#\\\/schema\\\/person\\\/a146a5a2550b94981a75131180e1bd9c\",\"name\":\"R@mbla\",\"description\":\"Este art\u00edculo ha sido redactado y\\\/o validado por el equipo de redacci\u00f3n de Revista Rambla.\",\"sameAs\":[\"https:\\\/\\\/www.revistarambla.com\\\/\",\"https:\\\/\\\/www.facebook.com\\\/revistarambla\",\"https:\\\/\\\/x.com\\\/revistarambla\"]}]}<\/script>\n<!-- \/ Yoast SEO plugin. -->","yoast_head_json":{"title":"\u00a1Parar los recortes presupuestarios, no pagar la deuda! - Revista Rambla","description":"El Gobierno de la Generalitat anuncia nuevos recortes presupuestarios para los \u00faltimos meses de 2013 para completar \u201cel ahorro\u201d de cerca de 2.500 que ex...","robots":{"index":"index","follow":"follow","max-snippet":"max-snippet:-1","max-image-preview":"max-image-preview:large","max-video-preview":"max-video-preview:-1"},"canonical":"https:\/\/www.revistarambla.com\/en\/iparar-los-recortes-no-pagar-la-deuda\/","og_locale":"en_GB","og_type":"article","og_title":"\u00a1Parar los recortes presupuestarios, no pagar la deuda! - Revista Rambla","og_description":"El Gobierno de la Generalitat anuncia nuevos recortes presupuestarios para los \u00faltimos meses de 2013 para completar \u201cel ahorro\u201d de cerca de 2.500 que ex...","og_url":"https:\/\/www.revistarambla.com\/en\/iparar-los-recortes-no-pagar-la-deuda\/","og_site_name":"Revista Rambla","article_publisher":"https:\/\/www.facebook.com\/revistarambla\/","article_author":"https:\/\/www.facebook.com\/revistarambla","article_published_time":"2013-09-25T01:47:21+00:00","article_modified_time":"2021-06-02T19:09:24+00:00","og_image":[{"width":682,"height":460,"url":"https:\/\/i0.wp.com\/www.revistarambla.com\/wp-content\/uploads\/2013\/09\/recortes_revistarambla_01.jpg?fit=682%2C460&ssl=1","type":"image\/jpeg"}],"author":"R@mbla","twitter_card":"summary_large_image","twitter_creator":"@revistarambla","twitter_site":"@revistarambla","twitter_misc":{"Written by":"R@mbla","Estimated reading time":"4 minutes"},"schema":{"@context":"https:\/\/schema.org","@graph":[{"@type":"Article","@id":"https:\/\/www.revistarambla.com\/iparar-los-recortes-no-pagar-la-deuda\/#article","isPartOf":{"@id":"https:\/\/www.revistarambla.com\/iparar-los-recortes-no-pagar-la-deuda\/"},"author":{"name":"R@mbla","@id":"https:\/\/www.revistarambla.com\/#\/schema\/person\/a146a5a2550b94981a75131180e1bd9c"},"headline":"\u00a1Parar los recortes presupuestarios, no pagar la deuda!","datePublished":"2013-09-25T01:47:21+00:00","dateModified":"2021-06-02T19:09:24+00:00","mainEntityOfPage":{"@id":"https:\/\/www.revistarambla.com\/iparar-los-recortes-no-pagar-la-deuda\/"},"wordCount":864,"commentCount":0,"publisher":{"@id":"https:\/\/www.revistarambla.com\/#organization"},"image":{"@id":"https:\/\/www.revistarambla.com\/iparar-los-recortes-no-pagar-la-deuda\/#primaryimage"},"thumbnailUrl":"https:\/\/www.revistarambla.com\/wp-content\/uploads\/2013\/09\/recortes_revistarambla_01.jpg","articleSection":["Opiniones"],"inLanguage":"en-GB","potentialAction":[{"@type":"CommentAction","name":"Comment","target":["https:\/\/www.revistarambla.com\/iparar-los-recortes-no-pagar-la-deuda\/#respond"]}]},{"@type":"WebPage","@id":"https:\/\/www.revistarambla.com\/iparar-los-recortes-no-pagar-la-deuda\/","url":"https:\/\/www.revistarambla.com\/iparar-los-recortes-no-pagar-la-deuda\/","name":"\u00a1Parar los recortes presupuestarios, no pagar la deuda! - Revista Rambla","isPartOf":{"@id":"https:\/\/www.revistarambla.com\/#website"},"primaryImageOfPage":{"@id":"https:\/\/www.revistarambla.com\/iparar-los-recortes-no-pagar-la-deuda\/#primaryimage"},"image":{"@id":"https:\/\/www.revistarambla.com\/iparar-los-recortes-no-pagar-la-deuda\/#primaryimage"},"thumbnailUrl":"https:\/\/www.revistarambla.com\/wp-content\/uploads\/2013\/09\/recortes_revistarambla_01.jpg","datePublished":"2013-09-25T01:47:21+00:00","dateModified":"2021-06-02T19:09:24+00:00","description":"El Gobierno de la Generalitat anuncia nuevos recortes presupuestarios para los \u00faltimos meses de 2013 para completar \u201cel ahorro\u201d de cerca de 2.500 que ex...","breadcrumb":{"@id":"https:\/\/www.revistarambla.com\/iparar-los-recortes-no-pagar-la-deuda\/#breadcrumb"},"inLanguage":"en-GB","potentialAction":[{"@type":"ReadAction","target":["https:\/\/www.revistarambla.com\/iparar-los-recortes-no-pagar-la-deuda\/"]}]},{"@type":"ImageObject","inLanguage":"en-GB","@id":"https:\/\/www.revistarambla.com\/iparar-los-recortes-no-pagar-la-deuda\/#primaryimage","url":"https:\/\/www.revistarambla.com\/wp-content\/uploads\/2013\/09\/recortes_revistarambla_01.jpg","contentUrl":"https:\/\/www.revistarambla.com\/wp-content\/uploads\/2013\/09\/recortes_revistarambla_01.jpg"},{"@type":"BreadcrumbList","@id":"https:\/\/www.revistarambla.com\/iparar-los-recortes-no-pagar-la-deuda\/#breadcrumb","itemListElement":[{"@type":"ListItem","position":1,"name":"Portada","item":"https:\/\/www.revistarambla.com\/"},{"@type":"ListItem","position":2,"name":"\u00a1Parar los recortes presupuestarios, no pagar la deuda!"}]},{"@type":"WebSite","@id":"https:\/\/www.revistarambla.com\/#website","url":"https:\/\/www.revistarambla.com\/","name":"Revista Rambla Barcelona","description":"Periodismo independiente","publisher":{"@id":"https:\/\/www.revistarambla.com\/#organization"},"potentialAction":[{"@type":"SearchAction","target":{"@type":"EntryPoint","urlTemplate":"https:\/\/www.revistarambla.com\/?s={search_term_string}"},"query-input":{"@type":"PropertyValueSpecification","valueRequired":true,"valueName":"search_term_string"}}],"inLanguage":"en-GB"},{"@type":"Organization","@id":"https:\/\/www.revistarambla.com\/#organization","name":"Revista Rambla","url":"https:\/\/www.revistarambla.com\/","logo":{"@type":"ImageObject","inLanguage":"en-GB","@id":"https:\/\/www.revistarambla.com\/#\/schema\/logo\/image\/","url":"https:\/\/www.revistarambla.com\/wp-content\/uploads\/2020\/09\/banner_rambla_1900x600_BB.png","contentUrl":"https:\/\/www.revistarambla.com\/wp-content\/uploads\/2020\/09\/banner_rambla_1900x600_BB.png","width":1900,"height":600,"caption":"Revista Rambla"},"image":{"@id":"https:\/\/www.revistarambla.com\/#\/schema\/logo\/image\/"},"sameAs":["https:\/\/www.facebook.com\/revistarambla\/","https:\/\/x.com\/revistarambla","https:\/\/www.instagram.com\/revista_rambla","https:\/\/es.linkedin.com\/company\/revista-rambla"]},{"@type":"Person","@id":"https:\/\/www.revistarambla.com\/#\/schema\/person\/a146a5a2550b94981a75131180e1bd9c","name":"R@mbla","description":"Este art\u00edculo ha sido redactado y\/o validado por el equipo de redacci\u00f3n de Revista Rambla.","sameAs":["https:\/\/www.revistarambla.com\/","https:\/\/www.facebook.com\/revistarambla","https:\/\/x.com\/revistarambla"]}]}},"_links":{"self":[{"href":"https:\/\/www.revistarambla.com\/en\/wp-json\/wp\/v2\/posts\/3990","targetHints":{"allow":["GET"]}}],"collection":[{"href":"https:\/\/www.revistarambla.com\/en\/wp-json\/wp\/v2\/posts"}],"about":[{"href":"https:\/\/www.revistarambla.com\/en\/wp-json\/wp\/v2\/types\/post"}],"author":[{"embeddable":true,"href":"https:\/\/www.revistarambla.com\/en\/wp-json\/wp\/v2\/users\/3"}],"replies":[{"embeddable":true,"href":"https:\/\/www.revistarambla.com\/en\/wp-json\/wp\/v2\/comments?post=3990"}],"version-history":[{"count":0,"href":"https:\/\/www.revistarambla.com\/en\/wp-json\/wp\/v2\/posts\/3990\/revisions"}],"wp:attachment":[{"href":"https:\/\/www.revistarambla.com\/en\/wp-json\/wp\/v2\/media?parent=3990"}],"wp:term":[{"taxonomy":"category","embeddable":true,"href":"https:\/\/www.revistarambla.com\/en\/wp-json\/wp\/v2\/categories?post=3990"},{"taxonomy":"post_tag","embeddable":true,"href":"https:\/\/www.revistarambla.com\/en\/wp-json\/wp\/v2\/tags?post=3990"}],"curies":[{"name":"wp","href":"https:\/\/api.w.org\/{rel}","templated":true}]}}