{"id":3973,"date":"2013-09-19T09:08:35","date_gmt":"2013-09-19T09:08:35","guid":{"rendered":"https:\/\/www.revistarambla.com\/orden-de-detencion-contra-cuatro-torturadores-del-franquismo\/"},"modified":"2024-04-27T21:34:33","modified_gmt":"2024-04-27T19:34:33","slug":"orden-de-detencion-contra-cuatro-torturadores-del-franquismo","status":"publish","type":"post","link":"https:\/\/www.revistarambla.com\/en\/orden-de-detencion-contra-cuatro-torturadores-del-franquismo\/","title":{"rendered":"Orden de detenci\u00f3n contra cuatro torturadores del franquismo"},"content":{"rendered":"<p>La jueza argentina Mar\u00eda Servini de Cubr\u00eda ha pedido a la INTERPOL la extradici\u00f3n de tres polic\u00edas y un guardia civil que est\u00e1n imputados en la causa 4591\/10 por delitos de genocidio y\/o cr\u00edmenes de lesa humanidad. Los delitos fueron cometidos en Espa\u00f1a por la dictadura Franquista entre 17 de julio de 1936 y el 15 de junio de 1977, causa conocida como la <a href=\"https:\/\/www.revistarambla.com\/en\/la-querella-argentina-contra-el-franquismo-pisa-fuerte-en-barcelona\/\">Querella Argentina<\/a>. Se trata de cuatro torturadores del franquismo.<\/p>\n<figure id=\"attachment_16152\" aria-describedby=\"caption-attachment-16152\" style=\"width: 348px\" class=\"wp-caption aligncenter\"><img decoding=\"async\" class=\"wp-image-16152\" src=\"https:\/\/www.revistarambla.com\/wp-content\/uploads\/2018\/06\/Fiscalia-extradicion-Billy-Nino-Argentina_EDIIMA20140131_0384_5-174x300.jpg\" alt=\"torturadores del franquismo\" width=\"348\" height=\"600\" srcset=\"https:\/\/www.revistarambla.com\/wp-content\/uploads\/2018\/06\/Fiscalia-extradicion-Billy-Nino-Argentina_EDIIMA20140131_0384_5-174x300.jpg 174w, https:\/\/www.revistarambla.com\/wp-content\/uploads\/2018\/06\/Fiscalia-extradicion-Billy-Nino-Argentina_EDIIMA20140131_0384_5-594x1024.jpg 594w, https:\/\/www.revistarambla.com\/wp-content\/uploads\/2018\/06\/Fiscalia-extradicion-Billy-Nino-Argentina_EDIIMA20140131_0384_5-500x862.jpg 500w, https:\/\/www.revistarambla.com\/wp-content\/uploads\/2018\/06\/Fiscalia-extradicion-Billy-Nino-Argentina_EDIIMA20140131_0384_5-328x566.jpg 328w, https:\/\/www.revistarambla.com\/wp-content\/uploads\/2018\/06\/Fiscalia-extradicion-Billy-Nino-Argentina_EDIIMA20140131_0384_5-251x433.jpg 251w, https:\/\/www.revistarambla.com\/wp-content\/uploads\/2018\/06\/Fiscalia-extradicion-Billy-Nino-Argentina_EDIIMA20140131_0384_5-177x305.jpg 177w, https:\/\/www.revistarambla.com\/wp-content\/uploads\/2018\/06\/Fiscalia-extradicion-Billy-Nino-Argentina_EDIIMA20140131_0384_5-600x1035.jpg 600w, https:\/\/www.revistarambla.com\/wp-content\/uploads\/2018\/06\/Fiscalia-extradicion-Billy-Nino-Argentina_EDIIMA20140131_0384_5.jpg 643w\" sizes=\"(max-width: 348px) 100vw, 348px\" \/><figcaption id=\"caption-attachment-16152\" class=\"wp-caption-text\">Billy El Ni\u00f1o.<\/figcaption><\/figure>\n<h2>Torturadores del franquismo<\/h2>\n<p>La orden se dict\u00f3 el pasado 18 de septiembre contra:<\/p>\n<ul>\n<li>Los polic\u00edas Celso Galv\u00e1n, de 77 a\u00f1os, que fue escolta de Franco y despu\u00e9s en la Casa Real, acusado por varios querellantes como autor de torturas, adem\u00e1s de ser uno de los tres polic\u00edas que participaron en el asesinato del estudiante <a href=\"https:\/\/www.revistarambla.com\/en\/cipriano-martos-un-asesinato-olvidado\/\">Enrique Ruano<\/a>, en 1969.<\/li>\n<li>Contra el ex comisario Jos\u00e9 Ignacio Giralte Gonz\u00e1lez, de 71 a\u00f1os, miembro de la Brigada Pol\u00edtico Social (BPS) y posteriormente del Cuerpo Nacional de Polic\u00eda, sindicado tambi\u00e9n como torturador.<\/li>\n<li>Contra el siniestro Juan Antonio Gonz\u00e1lez Pacheco, de 67 a\u00f1os, conocido como <a href=\"https:\/\/www.revistarambla.com\/en\/no-era-solo-billy-el-nino\/\">Billy el Ni\u00f1o<\/a>, miembro destacado y condecorado de la BPS y que se hizo tristemente famoso por su sadismo en los interrogatorios.<\/li>\n<li>Y contra el ex guardia civil Jes\u00fas Mu\u00f1ecas Aguilar, de 74 a\u00f1os, acusado de torturas. Due\u00f1o del Centro H\u00edpico Valdemoro, donde en 1994 y junto a otros guardias civiles, rindieron homenaje al golpista Antonio Tejero.<\/li>\n<\/ul>\n<h2>Una lista extensa<\/h2>\n<p>Recordamos que entre los imputados por la jueza argentina, adem\u00e1s de los citados, est\u00e1n los exministros franquistas Rodolfo Mart\u00edn Villa y Jos\u00e9 Utrera Molina, suegro del actual Ministro de Justicia, Alberto Ruiz Gallard\u00f3n. As\u00ed como Fernando Su\u00e1rez Gonz\u00e1les, que fue Ministro de Trabajo en 1975, por lo que form\u00f3 parte del Consejo de Ministros que dio el \u201centerado\u201d a los fusilamientos del 27 de septiembre de 1975 que acabaron con la vida de cinco militantes antifascistas.<\/p>\n<h2>Depende de Rajoy<\/h2>\n<p>El gobierno de Mariano Rajoy tiene en sus manos el tramitar o no la petici\u00f3n de extradici\u00f3n, que deber\u00e1 estudiarse en Consejo de Ministros, seg\u00fan informan desde el ministerio de Justicia, llegado el caso de que la INTERPOL detuviera a estos individuos.<\/p>\n<p>El hecho que esta querella se est\u00e9 tramitando en Argentina, dado que las v\u00edctimas espa\u00f1olas no encontraron la justicia y la reparaci\u00f3n en su propio pa\u00eds, y sabido las trabas que el gobierno del PP ha puesto a todos los tr\u00e1mites de esta querella, como la interrupci\u00f3n de las primeras videoconferencias que los querellantes con la jueza, no nos hace albergar esperanzas sobre la colaboraci\u00f3n debida a la justicia y la petici\u00f3n que llega de Argentina.<\/p>\n<p>Si el gobierno del <a href=\"https:\/\/www.revistarambla.com\/en\/actualidad\/estado-espanol\/\">Estado espa\u00f1ol<\/a> diera el visto bueno a esta primera diligencia, el caso pasar\u00eda a la Audiencia Nacional, que con su negativa podr\u00eda parar todo el proceso, y si diera su consentimiento, Rajoy y su gobierno tendr\u00edan la \u00faltima palabra y negar la extradici\u00f3n, que adem\u00e1s podr\u00edan justificar con alguna triqui\u00f1uela legal, que haberlas haylas, dejando eso s\u00ed, a ciudadanos espa\u00f1oles indefensos y sin posibilidad de reparaci\u00f3n y justicia.<\/p>","protected":false},"excerpt":{"rendered":"<p>La jueza argentina Mar\u00eda Servini de Cubr\u00eda ha pedido a la INTERPOL la extradici\u00f3n de tres polic\u00edas y un guardia civil que est\u00e1n imputados en la causa 4591\/10 por delitos de genocidio y\/o cr\u00edmenes de lesa humanidad. Los delitos fueron cometidos en Espa\u00f1a por la dictadura Franquista entre 17 de [&hellip;]<\/p>\n","protected":false},"author":3,"featured_media":16079,"comment_status":"open","ping_status":"open","sticky":false,"template":"","format":"standard","meta":{"footnotes":""},"categories":[58],"tags":[],"class_list":["post-3973","post","type-post","status-publish","format-standard","has-post-thumbnail","hentry","category-estado-espanol"],"yoast_head":"<!-- This site is optimized with the Yoast SEO plugin v27.5 - https:\/\/yoast.com\/product\/yoast-seo-wordpress\/ -->\n<title>Orden de detenci\u00f3n contra cuatro torturadores del franquismo - Revista Rambla<\/title>\n<meta name=\"description\" content=\"Torturadores del franquismo: tres polic\u00edas y un guardia civil imputados por delitos de genocidio y\/o cr\u00edmenes de lesa humanidad.\" \/>\n<meta name=\"robots\" content=\"index, follow, max-snippet:-1, max-image-preview:large, max-video-preview:-1\" \/>\n<link rel=\"canonical\" href=\"https:\/\/www.revistarambla.com\/en\/orden-de-detencion-contra-cuatro-torturadores-del-franquismo\/\" \/>\n<meta property=\"og:locale\" content=\"en_GB\" \/>\n<meta property=\"og:type\" content=\"article\" \/>\n<meta property=\"og:title\" content=\"Orden de detenci\u00f3n contra cuatro torturadores del franquismo - Revista Rambla\" \/>\n<meta property=\"og:description\" content=\"Torturadores del franquismo: tres polic\u00edas y un guardia civil imputados por delitos de genocidio y\/o cr\u00edmenes de lesa humanidad.\" \/>\n<meta property=\"og:url\" content=\"https:\/\/www.revistarambla.com\/en\/orden-de-detencion-contra-cuatro-torturadores-del-franquismo\/\" \/>\n<meta property=\"og:site_name\" content=\"Revista Rambla\" \/>\n<meta property=\"article:publisher\" content=\"https:\/\/www.facebook.com\/revistarambla\/\" \/>\n<meta property=\"article:author\" content=\"https:\/\/www.facebook.com\/revistarambla\" \/>\n<meta property=\"article:published_time\" content=\"2013-09-19T09:08:35+00:00\" \/>\n<meta property=\"article:modified_time\" content=\"2024-04-27T19:34:33+00:00\" \/>\n<meta property=\"og:image\" content=\"https:\/\/www.revistarambla.com\/wp-content\/uploads\/2018\/06\/BillyelNi\u00f1o.jpg\" \/>\n\t<meta property=\"og:image:width\" content=\"927\" \/>\n\t<meta property=\"og:image:height\" content=\"1600\" \/>\n\t<meta property=\"og:image:type\" content=\"image\/jpeg\" \/>\n<meta name=\"author\" content=\"R@mbla\" \/>\n<meta name=\"twitter:card\" content=\"summary_large_image\" \/>\n<meta name=\"twitter:creator\" content=\"@revistarambla\" \/>\n<meta name=\"twitter:site\" content=\"@revistarambla\" \/>\n<meta name=\"twitter:label1\" content=\"Written by\" \/>\n\t<meta name=\"twitter:data1\" content=\"R@mbla\" \/>\n\t<meta name=\"twitter:label2\" content=\"Estimated reading time\" \/>\n\t<meta name=\"twitter:data2\" content=\"3 minutes\" \/>\n<script type=\"application\/ld+json\" class=\"yoast-schema-graph\">{\"@context\":\"https:\\\/\\\/schema.org\",\"@graph\":[{\"@type\":\"Article\",\"@id\":\"https:\\\/\\\/www.revistarambla.com\\\/orden-de-detencion-contra-cuatro-torturadores-del-franquismo\\\/#article\",\"isPartOf\":{\"@id\":\"https:\\\/\\\/www.revistarambla.com\\\/orden-de-detencion-contra-cuatro-torturadores-del-franquismo\\\/\"},\"author\":{\"name\":\"R@mbla\",\"@id\":\"https:\\\/\\\/www.revistarambla.com\\\/#\\\/schema\\\/person\\\/a146a5a2550b94981a75131180e1bd9c\"},\"headline\":\"Orden de detenci\u00f3n contra cuatro torturadores del franquismo\",\"datePublished\":\"2013-09-19T09:08:35+00:00\",\"dateModified\":\"2024-04-27T19:34:33+00:00\",\"mainEntityOfPage\":{\"@id\":\"https:\\\/\\\/www.revistarambla.com\\\/orden-de-detencion-contra-cuatro-torturadores-del-franquismo\\\/\"},\"wordCount\":560,\"commentCount\":0,\"publisher\":{\"@id\":\"https:\\\/\\\/www.revistarambla.com\\\/#organization\"},\"image\":{\"@id\":\"https:\\\/\\\/www.revistarambla.com\\\/orden-de-detencion-contra-cuatro-torturadores-del-franquismo\\\/#primaryimage\"},\"thumbnailUrl\":\"https:\\\/\\\/www.revistarambla.com\\\/wp-content\\\/uploads\\\/2018\\\/06\\\/BillyelNi\u00f1o.jpg\",\"articleSection\":[\"Estado Espa\u00f1ol\"],\"inLanguage\":\"en-GB\",\"potentialAction\":[{\"@type\":\"CommentAction\",\"name\":\"Comment\",\"target\":[\"https:\\\/\\\/www.revistarambla.com\\\/orden-de-detencion-contra-cuatro-torturadores-del-franquismo\\\/#respond\"]}]},{\"@type\":\"WebPage\",\"@id\":\"https:\\\/\\\/www.revistarambla.com\\\/orden-de-detencion-contra-cuatro-torturadores-del-franquismo\\\/\",\"url\":\"https:\\\/\\\/www.revistarambla.com\\\/orden-de-detencion-contra-cuatro-torturadores-del-franquismo\\\/\",\"name\":\"Orden de detenci\u00f3n contra cuatro torturadores del franquismo - Revista Rambla\",\"isPartOf\":{\"@id\":\"https:\\\/\\\/www.revistarambla.com\\\/#website\"},\"primaryImageOfPage\":{\"@id\":\"https:\\\/\\\/www.revistarambla.com\\\/orden-de-detencion-contra-cuatro-torturadores-del-franquismo\\\/#primaryimage\"},\"image\":{\"@id\":\"https:\\\/\\\/www.revistarambla.com\\\/orden-de-detencion-contra-cuatro-torturadores-del-franquismo\\\/#primaryimage\"},\"thumbnailUrl\":\"https:\\\/\\\/www.revistarambla.com\\\/wp-content\\\/uploads\\\/2018\\\/06\\\/BillyelNi\u00f1o.jpg\",\"datePublished\":\"2013-09-19T09:08:35+00:00\",\"dateModified\":\"2024-04-27T19:34:33+00:00\",\"description\":\"Torturadores del franquismo: tres polic\u00edas y un guardia civil imputados por delitos de genocidio y\\\/o cr\u00edmenes de lesa humanidad.\",\"breadcrumb\":{\"@id\":\"https:\\\/\\\/www.revistarambla.com\\\/orden-de-detencion-contra-cuatro-torturadores-del-franquismo\\\/#breadcrumb\"},\"inLanguage\":\"en-GB\",\"potentialAction\":[{\"@type\":\"ReadAction\",\"target\":[\"https:\\\/\\\/www.revistarambla.com\\\/orden-de-detencion-contra-cuatro-torturadores-del-franquismo\\\/\"]}]},{\"@type\":\"ImageObject\",\"inLanguage\":\"en-GB\",\"@id\":\"https:\\\/\\\/www.revistarambla.com\\\/orden-de-detencion-contra-cuatro-torturadores-del-franquismo\\\/#primaryimage\",\"url\":\"https:\\\/\\\/www.revistarambla.com\\\/wp-content\\\/uploads\\\/2018\\\/06\\\/BillyelNi\u00f1o.jpg\",\"contentUrl\":\"https:\\\/\\\/www.revistarambla.com\\\/wp-content\\\/uploads\\\/2018\\\/06\\\/BillyelNi\u00f1o.jpg\",\"width\":927,\"height\":1600,\"caption\":\"torturadores del franquismo\"},{\"@type\":\"BreadcrumbList\",\"@id\":\"https:\\\/\\\/www.revistarambla.com\\\/orden-de-detencion-contra-cuatro-torturadores-del-franquismo\\\/#breadcrumb\",\"itemListElement\":[{\"@type\":\"ListItem\",\"position\":1,\"name\":\"Portada\",\"item\":\"https:\\\/\\\/www.revistarambla.com\\\/\"},{\"@type\":\"ListItem\",\"position\":2,\"name\":\"Orden de detenci\u00f3n contra cuatro torturadores del franquismo\"}]},{\"@type\":\"WebSite\",\"@id\":\"https:\\\/\\\/www.revistarambla.com\\\/#website\",\"url\":\"https:\\\/\\\/www.revistarambla.com\\\/\",\"name\":\"Revista Rambla Barcelona\",\"description\":\"Periodismo independiente\",\"publisher\":{\"@id\":\"https:\\\/\\\/www.revistarambla.com\\\/#organization\"},\"potentialAction\":[{\"@type\":\"SearchAction\",\"target\":{\"@type\":\"EntryPoint\",\"urlTemplate\":\"https:\\\/\\\/www.revistarambla.com\\\/?s={search_term_string}\"},\"query-input\":{\"@type\":\"PropertyValueSpecification\",\"valueRequired\":true,\"valueName\":\"search_term_string\"}}],\"inLanguage\":\"en-GB\"},{\"@type\":\"Organization\",\"@id\":\"https:\\\/\\\/www.revistarambla.com\\\/#organization\",\"name\":\"Revista Rambla\",\"url\":\"https:\\\/\\\/www.revistarambla.com\\\/\",\"logo\":{\"@type\":\"ImageObject\",\"inLanguage\":\"en-GB\",\"@id\":\"https:\\\/\\\/www.revistarambla.com\\\/#\\\/schema\\\/logo\\\/image\\\/\",\"url\":\"https:\\\/\\\/www.revistarambla.com\\\/wp-content\\\/uploads\\\/2020\\\/09\\\/banner_rambla_1900x600_BB.png\",\"contentUrl\":\"https:\\\/\\\/www.revistarambla.com\\\/wp-content\\\/uploads\\\/2020\\\/09\\\/banner_rambla_1900x600_BB.png\",\"width\":1900,\"height\":600,\"caption\":\"Revista Rambla\"},\"image\":{\"@id\":\"https:\\\/\\\/www.revistarambla.com\\\/#\\\/schema\\\/logo\\\/image\\\/\"},\"sameAs\":[\"https:\\\/\\\/www.facebook.com\\\/revistarambla\\\/\",\"https:\\\/\\\/x.com\\\/revistarambla\",\"https:\\\/\\\/www.instagram.com\\\/revista_rambla\",\"https:\\\/\\\/es.linkedin.com\\\/company\\\/revista-rambla\"]},{\"@type\":\"Person\",\"@id\":\"https:\\\/\\\/www.revistarambla.com\\\/#\\\/schema\\\/person\\\/a146a5a2550b94981a75131180e1bd9c\",\"name\":\"R@mbla\",\"description\":\"Este art\u00edculo ha sido redactado y\\\/o validado por el equipo de redacci\u00f3n de Revista Rambla.\",\"sameAs\":[\"https:\\\/\\\/www.revistarambla.com\\\/\",\"https:\\\/\\\/www.facebook.com\\\/revistarambla\",\"https:\\\/\\\/x.com\\\/revistarambla\"]}]}<\/script>\n<!-- \/ Yoast SEO plugin. -->","yoast_head_json":{"title":"Orden de detenci\u00f3n contra cuatro torturadores del franquismo - Revista Rambla","description":"Torturadores del franquismo: tres polic\u00edas y un guardia civil imputados por delitos de genocidio y\/o cr\u00edmenes de lesa humanidad.","robots":{"index":"index","follow":"follow","max-snippet":"max-snippet:-1","max-image-preview":"max-image-preview:large","max-video-preview":"max-video-preview:-1"},"canonical":"https:\/\/www.revistarambla.com\/en\/orden-de-detencion-contra-cuatro-torturadores-del-franquismo\/","og_locale":"en_GB","og_type":"article","og_title":"Orden de detenci\u00f3n contra cuatro torturadores del franquismo - Revista Rambla","og_description":"Torturadores del franquismo: tres polic\u00edas y un guardia civil imputados por delitos de genocidio y\/o cr\u00edmenes de lesa humanidad.","og_url":"https:\/\/www.revistarambla.com\/en\/orden-de-detencion-contra-cuatro-torturadores-del-franquismo\/","og_site_name":"Revista Rambla","article_publisher":"https:\/\/www.facebook.com\/revistarambla\/","article_author":"https:\/\/www.facebook.com\/revistarambla","article_published_time":"2013-09-19T09:08:35+00:00","article_modified_time":"2024-04-27T19:34:33+00:00","og_image":[{"width":927,"height":1600,"url":"https:\/\/www.revistarambla.com\/wp-content\/uploads\/2018\/06\/BillyelNi\u00f1o.jpg","type":"image\/jpeg"}],"author":"R@mbla","twitter_card":"summary_large_image","twitter_creator":"@revistarambla","twitter_site":"@revistarambla","twitter_misc":{"Written by":"R@mbla","Estimated reading time":"3 minutes"},"schema":{"@context":"https:\/\/schema.org","@graph":[{"@type":"Article","@id":"https:\/\/www.revistarambla.com\/orden-de-detencion-contra-cuatro-torturadores-del-franquismo\/#article","isPartOf":{"@id":"https:\/\/www.revistarambla.com\/orden-de-detencion-contra-cuatro-torturadores-del-franquismo\/"},"author":{"name":"R@mbla","@id":"https:\/\/www.revistarambla.com\/#\/schema\/person\/a146a5a2550b94981a75131180e1bd9c"},"headline":"Orden de detenci\u00f3n contra cuatro torturadores del franquismo","datePublished":"2013-09-19T09:08:35+00:00","dateModified":"2024-04-27T19:34:33+00:00","mainEntityOfPage":{"@id":"https:\/\/www.revistarambla.com\/orden-de-detencion-contra-cuatro-torturadores-del-franquismo\/"},"wordCount":560,"commentCount":0,"publisher":{"@id":"https:\/\/www.revistarambla.com\/#organization"},"image":{"@id":"https:\/\/www.revistarambla.com\/orden-de-detencion-contra-cuatro-torturadores-del-franquismo\/#primaryimage"},"thumbnailUrl":"https:\/\/www.revistarambla.com\/wp-content\/uploads\/2018\/06\/BillyelNi\u00f1o.jpg","articleSection":["Estado Espa\u00f1ol"],"inLanguage":"en-GB","potentialAction":[{"@type":"CommentAction","name":"Comment","target":["https:\/\/www.revistarambla.com\/orden-de-detencion-contra-cuatro-torturadores-del-franquismo\/#respond"]}]},{"@type":"WebPage","@id":"https:\/\/www.revistarambla.com\/orden-de-detencion-contra-cuatro-torturadores-del-franquismo\/","url":"https:\/\/www.revistarambla.com\/orden-de-detencion-contra-cuatro-torturadores-del-franquismo\/","name":"Orden de detenci\u00f3n contra cuatro torturadores del franquismo - Revista Rambla","isPartOf":{"@id":"https:\/\/www.revistarambla.com\/#website"},"primaryImageOfPage":{"@id":"https:\/\/www.revistarambla.com\/orden-de-detencion-contra-cuatro-torturadores-del-franquismo\/#primaryimage"},"image":{"@id":"https:\/\/www.revistarambla.com\/orden-de-detencion-contra-cuatro-torturadores-del-franquismo\/#primaryimage"},"thumbnailUrl":"https:\/\/www.revistarambla.com\/wp-content\/uploads\/2018\/06\/BillyelNi\u00f1o.jpg","datePublished":"2013-09-19T09:08:35+00:00","dateModified":"2024-04-27T19:34:33+00:00","description":"Torturadores del franquismo: tres polic\u00edas y un guardia civil imputados por delitos de genocidio y\/o cr\u00edmenes de lesa humanidad.","breadcrumb":{"@id":"https:\/\/www.revistarambla.com\/orden-de-detencion-contra-cuatro-torturadores-del-franquismo\/#breadcrumb"},"inLanguage":"en-GB","potentialAction":[{"@type":"ReadAction","target":["https:\/\/www.revistarambla.com\/orden-de-detencion-contra-cuatro-torturadores-del-franquismo\/"]}]},{"@type":"ImageObject","inLanguage":"en-GB","@id":"https:\/\/www.revistarambla.com\/orden-de-detencion-contra-cuatro-torturadores-del-franquismo\/#primaryimage","url":"https:\/\/www.revistarambla.com\/wp-content\/uploads\/2018\/06\/BillyelNi\u00f1o.jpg","contentUrl":"https:\/\/www.revistarambla.com\/wp-content\/uploads\/2018\/06\/BillyelNi\u00f1o.jpg","width":927,"height":1600,"caption":"torturadores del franquismo"},{"@type":"BreadcrumbList","@id":"https:\/\/www.revistarambla.com\/orden-de-detencion-contra-cuatro-torturadores-del-franquismo\/#breadcrumb","itemListElement":[{"@type":"ListItem","position":1,"name":"Portada","item":"https:\/\/www.revistarambla.com\/"},{"@type":"ListItem","position":2,"name":"Orden de detenci\u00f3n contra cuatro torturadores del franquismo"}]},{"@type":"WebSite","@id":"https:\/\/www.revistarambla.com\/#website","url":"https:\/\/www.revistarambla.com\/","name":"Revista Rambla Barcelona","description":"Periodismo independiente","publisher":{"@id":"https:\/\/www.revistarambla.com\/#organization"},"potentialAction":[{"@type":"SearchAction","target":{"@type":"EntryPoint","urlTemplate":"https:\/\/www.revistarambla.com\/?s={search_term_string}"},"query-input":{"@type":"PropertyValueSpecification","valueRequired":true,"valueName":"search_term_string"}}],"inLanguage":"en-GB"},{"@type":"Organization","@id":"https:\/\/www.revistarambla.com\/#organization","name":"Revista Rambla","url":"https:\/\/www.revistarambla.com\/","logo":{"@type":"ImageObject","inLanguage":"en-GB","@id":"https:\/\/www.revistarambla.com\/#\/schema\/logo\/image\/","url":"https:\/\/www.revistarambla.com\/wp-content\/uploads\/2020\/09\/banner_rambla_1900x600_BB.png","contentUrl":"https:\/\/www.revistarambla.com\/wp-content\/uploads\/2020\/09\/banner_rambla_1900x600_BB.png","width":1900,"height":600,"caption":"Revista Rambla"},"image":{"@id":"https:\/\/www.revistarambla.com\/#\/schema\/logo\/image\/"},"sameAs":["https:\/\/www.facebook.com\/revistarambla\/","https:\/\/x.com\/revistarambla","https:\/\/www.instagram.com\/revista_rambla","https:\/\/es.linkedin.com\/company\/revista-rambla"]},{"@type":"Person","@id":"https:\/\/www.revistarambla.com\/#\/schema\/person\/a146a5a2550b94981a75131180e1bd9c","name":"R@mbla","description":"Este art\u00edculo ha sido redactado y\/o validado por el equipo de redacci\u00f3n de Revista Rambla.","sameAs":["https:\/\/www.revistarambla.com\/","https:\/\/www.facebook.com\/revistarambla","https:\/\/x.com\/revistarambla"]}]}},"_links":{"self":[{"href":"https:\/\/www.revistarambla.com\/en\/wp-json\/wp\/v2\/posts\/3973","targetHints":{"allow":["GET"]}}],"collection":[{"href":"https:\/\/www.revistarambla.com\/en\/wp-json\/wp\/v2\/posts"}],"about":[{"href":"https:\/\/www.revistarambla.com\/en\/wp-json\/wp\/v2\/types\/post"}],"author":[{"embeddable":true,"href":"https:\/\/www.revistarambla.com\/en\/wp-json\/wp\/v2\/users\/3"}],"replies":[{"embeddable":true,"href":"https:\/\/www.revistarambla.com\/en\/wp-json\/wp\/v2\/comments?post=3973"}],"version-history":[{"count":3,"href":"https:\/\/www.revistarambla.com\/en\/wp-json\/wp\/v2\/posts\/3973\/revisions"}],"predecessor-version":[{"id":59811,"href":"https:\/\/www.revistarambla.com\/en\/wp-json\/wp\/v2\/posts\/3973\/revisions\/59811"}],"wp:featuredmedia":[{"embeddable":true,"href":"https:\/\/www.revistarambla.com\/en\/wp-json\/wp\/v2\/media\/16079"}],"wp:attachment":[{"href":"https:\/\/www.revistarambla.com\/en\/wp-json\/wp\/v2\/media?parent=3973"}],"wp:term":[{"taxonomy":"category","embeddable":true,"href":"https:\/\/www.revistarambla.com\/en\/wp-json\/wp\/v2\/categories?post=3973"},{"taxonomy":"post_tag","embeddable":true,"href":"https:\/\/www.revistarambla.com\/en\/wp-json\/wp\/v2\/tags?post=3973"}],"curies":[{"name":"wp","href":"https:\/\/api.w.org\/{rel}","templated":true}]}}