{"id":39421,"date":"2022-02-24T19:15:01","date_gmt":"2022-02-24T18:15:01","guid":{"rendered":"https:\/\/www.revistarambla.com\/?p=39421"},"modified":"2023-01-19T13:03:53","modified_gmt":"2023-01-19T12:03:53","slug":"vive-este-verano-unas-vacaciones-increibles-a-bordo-de-una-autocaravana","status":"publish","type":"post","link":"https:\/\/www.revistarambla.com\/en\/vive-este-verano-unas-vacaciones-increibles-a-bordo-de-una-autocaravana\/","title":{"rendered":"Vive este verano unas vacaciones incre\u00edbles a bordo de una autocaravana"},"content":{"rendered":"<p>Viajar en autocaravana se ha convertido en una de las alternativas favoritas de los usuarios, tanto dentro como fuera de nuestras fronteras, a la hora de disfrutar de unas vacaciones mucho m\u00e1s originales, especiales y flexibles. Para conseguir los mejores resultados posibles en estos viajes, nada mejor que acudir a empresas de alquiler especializadas, como autocaravanadealquiler.com en Barcelona, para conseguir un servicio de calidad, seguro y adaptado a todas nuestras necesidades.<\/p>\n<p>La demanda de autocaravanas no ha hecho m\u00e1s que crecer en nuestro pa\u00eds en los \u00faltimos a\u00f1os, siendo una de las opciones preferidas cada vez de m\u00e1s usuarios a la hora de organizar sus pr\u00f3ximas vacaciones. Mientras que en pa\u00edses como EE. UU., este tipo de veh\u00edculos siempre han sido muy populares, lo cierto es que en Europa y en ciudades como Barcelona, se puede notar como poco a poco nos encontramos m\u00e1s con dichos veh\u00edculos en la carretera, debido a todas las ventajas que pueden llegar a aportar, sobre todo, en materia de comodidad, ahorro, flexibilidad y originalidad para vivir unas vacaciones de verano completamente diferentes.<\/p>\n<p>Para sumarnos a la ola del alquiler de autocaravanas y aprovechar al m\u00e1ximo todos sus beneficios, una de las decisiones m\u00e1s importantes que debemos tomar tiene que ver con tener claro a qu\u00e9 empresa recurrir para alquilar. Aqu\u00ed una gran idea puede ser confiar en empresas relevantes en el mercado, que cuentan con una amplia experiencia en el <span style=\"text-decoration: underline;\"><a href=\"https:\/\/autocaravanadealquiler.com\/\">alquiler de autocaravanas en Barcelona<\/a><\/span>, con unos servicios de primer nivel ubicados en la Ciudad Condal. \u00bfQuieres saber m\u00e1s acerca de sus alquileres y de todas las ventajas que pueden ofrecer a sus clientes? Entonces sigue leyendo al respecto.<\/p>\n<h2>Alquiler de autocaravanas<\/h2>\n<p>Para pasar unas vacaciones diferentes que poder recordar siempre, las autocaravanas pueden convertirse a d\u00eda de hoy en nuestras mejores aliadas. No hay m\u00e1s que ver el gran aumento de la demanda que existe en ciudades tan importantes como Barcelona, uno de los principales destinos tur\u00edsticos de los usuarios que buscan alquilar una autocaravana, tanto provenientes de nuestro pa\u00eds, como de fuera de nuestras fronteras.<\/p>\n<p>Pero para que en nuestro viaje todo fluya a la perfecci\u00f3n y tener la seguridad de que la autocaravana que hemos alquilado va a cumplir a la perfecci\u00f3n con todas nuestras expectativas, confiar en empresas especializadas en este \u00e1mbito como autocaravanadealquiler.com es una de las mejores decisiones que podemos tomar. Solo as\u00ed podremos disfrutar de todas las garant\u00edas necesarias en nuestros viajes por Barcelona a bordo de uno de estos veh\u00edculos.<\/p>\n<h2>Equipamiento y servicios<\/h2>\n<p>Son muchas las ventajas que se pueden obtener cuando se elige confiar en marcas profesionales de primer nivel a la hora de alquilar una autocaravana. En primer lugar, destacar que se trata de veh\u00edculos que se encuentran equipados con todo lujo de detalles para hacer la estancia de los usuarios lo m\u00e1s \u00f3ptima y funcional posible. Por ejemplo, podemos mencionar que cuentan con navegador GPS v\u00e1lido para toda Europa, Wifi, kilometraje ilimitado para poder ir all\u00e1 donde queramos con total flexibilidad, ropa de cama y toallas, menaje de cocina, mesas y sillas para el exterior, toldos para poder regular la luz cuando estamos aparcados, una bombona de gas propano para cocinar, etc.<\/p>\n<p>Adem\u00e1s del equipamiento que incluye, es importante tener en cuenta c\u00f3mo es el servicio de alquiler y cu\u00e1les son sus caracter\u00edsticas m\u00e1s importantes. Para empezar, todos los veh\u00edculos cuentan con un seguro a todo riesgo con franquicia, asistencia en ruta las 24 horas del d\u00eda y asistencia telef\u00f3nica, de forma que el cliente pueda tener en todo momento la seguridad de que ante cualquier tipo de imprevisto, accidente o aver\u00eda, va a poder tener el respaldo de la compa\u00f1\u00eda. Tambi\u00e9n cabe mencionar la posibilidad de entrega y recogida de la autocaravana en el aeropuerto, o la flexibilidad de horarios a la hora de recoger y entregar el veh\u00edculo sin ning\u00fan tipo de problema.<\/p>","protected":false},"excerpt":{"rendered":"<p>Viajar en autocaravana se ha convertido en una de las alternativas favoritas de los usuarios, tanto dentro como fuera de nuestras fronteras, a la hora de disfrutar de unas vacaciones mucho m\u00e1s originales, especiales y flexibles. Para conseguir los mejores resultados posibles en estos viajes, nada mejor que acudir a [&hellip;]<\/p>\n","protected":false},"author":3,"featured_media":52012,"comment_status":"closed","ping_status":"open","sticky":false,"template":"","format":"standard","meta":{"footnotes":""},"categories":[66],"tags":[],"class_list":["post-39421","post","type-post","status-publish","format-standard","has-post-thumbnail","hentry","category-viajes"],"yoast_head":"<!-- This site is optimized with the Yoast SEO plugin v27.5 - https:\/\/yoast.com\/product\/yoast-seo-wordpress\/ -->\n<title>Vive este verano unas vacaciones incre\u00edbles a bordo de una autocaravana - Revista Rambla<\/title>\n<meta name=\"robots\" content=\"index, follow, max-snippet:-1, max-image-preview:large, max-video-preview:-1\" \/>\n<link rel=\"canonical\" href=\"https:\/\/www.revistarambla.com\/en\/vive-este-verano-unas-vacaciones-increibles-a-bordo-de-una-autocaravana\/\" \/>\n<meta property=\"og:locale\" content=\"en_GB\" \/>\n<meta property=\"og:type\" content=\"article\" \/>\n<meta property=\"og:title\" content=\"Vive este verano unas vacaciones incre\u00edbles a bordo de una autocaravana - Revista Rambla\" \/>\n<meta property=\"og:description\" content=\"Viajar en autocaravana se ha convertido en una de las alternativas favoritas de los usuarios, tanto dentro como fuera de nuestras fronteras, a la hora de disfrutar de unas vacaciones mucho m\u00e1s originales, especiales y flexibles. Para conseguir los mejores resultados posibles en estos viajes, nada mejor que acudir a [&hellip;]\" \/>\n<meta property=\"og:url\" content=\"https:\/\/www.revistarambla.com\/en\/vive-este-verano-unas-vacaciones-increibles-a-bordo-de-una-autocaravana\/\" \/>\n<meta property=\"og:site_name\" content=\"Revista Rambla\" \/>\n<meta property=\"article:publisher\" content=\"https:\/\/www.facebook.com\/revistarambla\/\" \/>\n<meta property=\"article:author\" content=\"https:\/\/www.facebook.com\/revistarambla\" \/>\n<meta property=\"article:published_time\" content=\"2022-02-24T18:15:01+00:00\" \/>\n<meta property=\"article:modified_time\" content=\"2023-01-19T12:03:53+00:00\" \/>\n<meta property=\"og:image\" content=\"https:\/\/www.revistarambla.com\/wp-content\/uploads\/2022\/02\/epoca-del-ano-alquiler-autocaravana-1024x683-1.webp\" \/>\n\t<meta property=\"og:image:width\" content=\"1024\" \/>\n\t<meta property=\"og:image:height\" content=\"683\" \/>\n\t<meta property=\"og:image:type\" content=\"image\/webp\" \/>\n<meta name=\"author\" content=\"R@mbla\" \/>\n<meta name=\"twitter:card\" content=\"summary_large_image\" \/>\n<meta name=\"twitter:creator\" content=\"@revistarambla\" \/>\n<meta name=\"twitter:site\" content=\"@revistarambla\" \/>\n<meta name=\"twitter:label1\" content=\"Written by\" \/>\n\t<meta name=\"twitter:data1\" content=\"R@mbla\" \/>\n\t<meta name=\"twitter:label2\" content=\"Estimated reading time\" \/>\n\t<meta name=\"twitter:data2\" content=\"3 minutes\" \/>\n<script type=\"application\/ld+json\" class=\"yoast-schema-graph\">{\"@context\":\"https:\\\/\\\/schema.org\",\"@graph\":[{\"@type\":\"Article\",\"@id\":\"https:\\\/\\\/www.revistarambla.com\\\/vive-este-verano-unas-vacaciones-increibles-a-bordo-de-una-autocaravana\\\/#article\",\"isPartOf\":{\"@id\":\"https:\\\/\\\/www.revistarambla.com\\\/vive-este-verano-unas-vacaciones-increibles-a-bordo-de-una-autocaravana\\\/\"},\"author\":{\"name\":\"R@mbla\",\"@id\":\"https:\\\/\\\/www.revistarambla.com\\\/#\\\/schema\\\/person\\\/a146a5a2550b94981a75131180e1bd9c\"},\"headline\":\"Vive este verano unas vacaciones incre\u00edbles a bordo de una autocaravana\",\"datePublished\":\"2022-02-24T18:15:01+00:00\",\"dateModified\":\"2023-01-19T12:03:53+00:00\",\"mainEntityOfPage\":{\"@id\":\"https:\\\/\\\/www.revistarambla.com\\\/vive-este-verano-unas-vacaciones-increibles-a-bordo-de-una-autocaravana\\\/\"},\"wordCount\":692,\"publisher\":{\"@id\":\"https:\\\/\\\/www.revistarambla.com\\\/#organization\"},\"image\":{\"@id\":\"https:\\\/\\\/www.revistarambla.com\\\/vive-este-verano-unas-vacaciones-increibles-a-bordo-de-una-autocaravana\\\/#primaryimage\"},\"thumbnailUrl\":\"https:\\\/\\\/www.revistarambla.com\\\/wp-content\\\/uploads\\\/2022\\\/02\\\/epoca-del-ano-alquiler-autocaravana-1024x683-1.webp\",\"articleSection\":[\"Viajes\"],\"inLanguage\":\"en-GB\"},{\"@type\":\"WebPage\",\"@id\":\"https:\\\/\\\/www.revistarambla.com\\\/vive-este-verano-unas-vacaciones-increibles-a-bordo-de-una-autocaravana\\\/\",\"url\":\"https:\\\/\\\/www.revistarambla.com\\\/vive-este-verano-unas-vacaciones-increibles-a-bordo-de-una-autocaravana\\\/\",\"name\":\"Vive este verano unas vacaciones incre\u00edbles a bordo de una autocaravana - Revista Rambla\",\"isPartOf\":{\"@id\":\"https:\\\/\\\/www.revistarambla.com\\\/#website\"},\"primaryImageOfPage\":{\"@id\":\"https:\\\/\\\/www.revistarambla.com\\\/vive-este-verano-unas-vacaciones-increibles-a-bordo-de-una-autocaravana\\\/#primaryimage\"},\"image\":{\"@id\":\"https:\\\/\\\/www.revistarambla.com\\\/vive-este-verano-unas-vacaciones-increibles-a-bordo-de-una-autocaravana\\\/#primaryimage\"},\"thumbnailUrl\":\"https:\\\/\\\/www.revistarambla.com\\\/wp-content\\\/uploads\\\/2022\\\/02\\\/epoca-del-ano-alquiler-autocaravana-1024x683-1.webp\",\"datePublished\":\"2022-02-24T18:15:01+00:00\",\"dateModified\":\"2023-01-19T12:03:53+00:00\",\"breadcrumb\":{\"@id\":\"https:\\\/\\\/www.revistarambla.com\\\/vive-este-verano-unas-vacaciones-increibles-a-bordo-de-una-autocaravana\\\/#breadcrumb\"},\"inLanguage\":\"en-GB\",\"potentialAction\":[{\"@type\":\"ReadAction\",\"target\":[\"https:\\\/\\\/www.revistarambla.com\\\/vive-este-verano-unas-vacaciones-increibles-a-bordo-de-una-autocaravana\\\/\"]}]},{\"@type\":\"ImageObject\",\"inLanguage\":\"en-GB\",\"@id\":\"https:\\\/\\\/www.revistarambla.com\\\/vive-este-verano-unas-vacaciones-increibles-a-bordo-de-una-autocaravana\\\/#primaryimage\",\"url\":\"https:\\\/\\\/www.revistarambla.com\\\/wp-content\\\/uploads\\\/2022\\\/02\\\/epoca-del-ano-alquiler-autocaravana-1024x683-1.webp\",\"contentUrl\":\"https:\\\/\\\/www.revistarambla.com\\\/wp-content\\\/uploads\\\/2022\\\/02\\\/epoca-del-ano-alquiler-autocaravana-1024x683-1.webp\",\"width\":1024,\"height\":683},{\"@type\":\"BreadcrumbList\",\"@id\":\"https:\\\/\\\/www.revistarambla.com\\\/vive-este-verano-unas-vacaciones-increibles-a-bordo-de-una-autocaravana\\\/#breadcrumb\",\"itemListElement\":[{\"@type\":\"ListItem\",\"position\":1,\"name\":\"Portada\",\"item\":\"https:\\\/\\\/www.revistarambla.com\\\/\"},{\"@type\":\"ListItem\",\"position\":2,\"name\":\"Vive este verano unas vacaciones incre\u00edbles a bordo de una autocaravana\"}]},{\"@type\":\"WebSite\",\"@id\":\"https:\\\/\\\/www.revistarambla.com\\\/#website\",\"url\":\"https:\\\/\\\/www.revistarambla.com\\\/\",\"name\":\"Revista Rambla Barcelona\",\"description\":\"Periodismo independiente\",\"publisher\":{\"@id\":\"https:\\\/\\\/www.revistarambla.com\\\/#organization\"},\"potentialAction\":[{\"@type\":\"SearchAction\",\"target\":{\"@type\":\"EntryPoint\",\"urlTemplate\":\"https:\\\/\\\/www.revistarambla.com\\\/?s={search_term_string}\"},\"query-input\":{\"@type\":\"PropertyValueSpecification\",\"valueRequired\":true,\"valueName\":\"search_term_string\"}}],\"inLanguage\":\"en-GB\"},{\"@type\":\"Organization\",\"@id\":\"https:\\\/\\\/www.revistarambla.com\\\/#organization\",\"name\":\"Revista Rambla\",\"url\":\"https:\\\/\\\/www.revistarambla.com\\\/\",\"logo\":{\"@type\":\"ImageObject\",\"inLanguage\":\"en-GB\",\"@id\":\"https:\\\/\\\/www.revistarambla.com\\\/#\\\/schema\\\/logo\\\/image\\\/\",\"url\":\"https:\\\/\\\/www.revistarambla.com\\\/wp-content\\\/uploads\\\/2020\\\/09\\\/banner_rambla_1900x600_BB.png\",\"contentUrl\":\"https:\\\/\\\/www.revistarambla.com\\\/wp-content\\\/uploads\\\/2020\\\/09\\\/banner_rambla_1900x600_BB.png\",\"width\":1900,\"height\":600,\"caption\":\"Revista Rambla\"},\"image\":{\"@id\":\"https:\\\/\\\/www.revistarambla.com\\\/#\\\/schema\\\/logo\\\/image\\\/\"},\"sameAs\":[\"https:\\\/\\\/www.facebook.com\\\/revistarambla\\\/\",\"https:\\\/\\\/x.com\\\/revistarambla\",\"https:\\\/\\\/www.instagram.com\\\/revista_rambla\",\"https:\\\/\\\/es.linkedin.com\\\/company\\\/revista-rambla\"]},{\"@type\":\"Person\",\"@id\":\"https:\\\/\\\/www.revistarambla.com\\\/#\\\/schema\\\/person\\\/a146a5a2550b94981a75131180e1bd9c\",\"name\":\"R@mbla\",\"description\":\"Este art\u00edculo ha sido redactado y\\\/o validado por el equipo de redacci\u00f3n de Revista Rambla.\",\"sameAs\":[\"https:\\\/\\\/www.revistarambla.com\\\/\",\"https:\\\/\\\/www.facebook.com\\\/revistarambla\",\"https:\\\/\\\/x.com\\\/revistarambla\"]}]}<\/script>\n<!-- \/ Yoast SEO plugin. -->","yoast_head_json":{"title":"Vive este verano unas vacaciones incre\u00edbles a bordo de una autocaravana - Revista Rambla","robots":{"index":"index","follow":"follow","max-snippet":"max-snippet:-1","max-image-preview":"max-image-preview:large","max-video-preview":"max-video-preview:-1"},"canonical":"https:\/\/www.revistarambla.com\/en\/vive-este-verano-unas-vacaciones-increibles-a-bordo-de-una-autocaravana\/","og_locale":"en_GB","og_type":"article","og_title":"Vive este verano unas vacaciones incre\u00edbles a bordo de una autocaravana - Revista Rambla","og_description":"Viajar en autocaravana se ha convertido en una de las alternativas favoritas de los usuarios, tanto dentro como fuera de nuestras fronteras, a la hora de disfrutar de unas vacaciones mucho m\u00e1s originales, especiales y flexibles. Para conseguir los mejores resultados posibles en estos viajes, nada mejor que acudir a [&hellip;]","og_url":"https:\/\/www.revistarambla.com\/en\/vive-este-verano-unas-vacaciones-increibles-a-bordo-de-una-autocaravana\/","og_site_name":"Revista Rambla","article_publisher":"https:\/\/www.facebook.com\/revistarambla\/","article_author":"https:\/\/www.facebook.com\/revistarambla","article_published_time":"2022-02-24T18:15:01+00:00","article_modified_time":"2023-01-19T12:03:53+00:00","og_image":[{"width":1024,"height":683,"url":"https:\/\/www.revistarambla.com\/wp-content\/uploads\/2022\/02\/epoca-del-ano-alquiler-autocaravana-1024x683-1.webp","type":"image\/webp"}],"author":"R@mbla","twitter_card":"summary_large_image","twitter_creator":"@revistarambla","twitter_site":"@revistarambla","twitter_misc":{"Written by":"R@mbla","Estimated reading time":"3 minutes"},"schema":{"@context":"https:\/\/schema.org","@graph":[{"@type":"Article","@id":"https:\/\/www.revistarambla.com\/vive-este-verano-unas-vacaciones-increibles-a-bordo-de-una-autocaravana\/#article","isPartOf":{"@id":"https:\/\/www.revistarambla.com\/vive-este-verano-unas-vacaciones-increibles-a-bordo-de-una-autocaravana\/"},"author":{"name":"R@mbla","@id":"https:\/\/www.revistarambla.com\/#\/schema\/person\/a146a5a2550b94981a75131180e1bd9c"},"headline":"Vive este verano unas vacaciones incre\u00edbles a bordo de una autocaravana","datePublished":"2022-02-24T18:15:01+00:00","dateModified":"2023-01-19T12:03:53+00:00","mainEntityOfPage":{"@id":"https:\/\/www.revistarambla.com\/vive-este-verano-unas-vacaciones-increibles-a-bordo-de-una-autocaravana\/"},"wordCount":692,"publisher":{"@id":"https:\/\/www.revistarambla.com\/#organization"},"image":{"@id":"https:\/\/www.revistarambla.com\/vive-este-verano-unas-vacaciones-increibles-a-bordo-de-una-autocaravana\/#primaryimage"},"thumbnailUrl":"https:\/\/www.revistarambla.com\/wp-content\/uploads\/2022\/02\/epoca-del-ano-alquiler-autocaravana-1024x683-1.webp","articleSection":["Viajes"],"inLanguage":"en-GB"},{"@type":"WebPage","@id":"https:\/\/www.revistarambla.com\/vive-este-verano-unas-vacaciones-increibles-a-bordo-de-una-autocaravana\/","url":"https:\/\/www.revistarambla.com\/vive-este-verano-unas-vacaciones-increibles-a-bordo-de-una-autocaravana\/","name":"Vive este verano unas vacaciones incre\u00edbles a bordo de una autocaravana - Revista Rambla","isPartOf":{"@id":"https:\/\/www.revistarambla.com\/#website"},"primaryImageOfPage":{"@id":"https:\/\/www.revistarambla.com\/vive-este-verano-unas-vacaciones-increibles-a-bordo-de-una-autocaravana\/#primaryimage"},"image":{"@id":"https:\/\/www.revistarambla.com\/vive-este-verano-unas-vacaciones-increibles-a-bordo-de-una-autocaravana\/#primaryimage"},"thumbnailUrl":"https:\/\/www.revistarambla.com\/wp-content\/uploads\/2022\/02\/epoca-del-ano-alquiler-autocaravana-1024x683-1.webp","datePublished":"2022-02-24T18:15:01+00:00","dateModified":"2023-01-19T12:03:53+00:00","breadcrumb":{"@id":"https:\/\/www.revistarambla.com\/vive-este-verano-unas-vacaciones-increibles-a-bordo-de-una-autocaravana\/#breadcrumb"},"inLanguage":"en-GB","potentialAction":[{"@type":"ReadAction","target":["https:\/\/www.revistarambla.com\/vive-este-verano-unas-vacaciones-increibles-a-bordo-de-una-autocaravana\/"]}]},{"@type":"ImageObject","inLanguage":"en-GB","@id":"https:\/\/www.revistarambla.com\/vive-este-verano-unas-vacaciones-increibles-a-bordo-de-una-autocaravana\/#primaryimage","url":"https:\/\/www.revistarambla.com\/wp-content\/uploads\/2022\/02\/epoca-del-ano-alquiler-autocaravana-1024x683-1.webp","contentUrl":"https:\/\/www.revistarambla.com\/wp-content\/uploads\/2022\/02\/epoca-del-ano-alquiler-autocaravana-1024x683-1.webp","width":1024,"height":683},{"@type":"BreadcrumbList","@id":"https:\/\/www.revistarambla.com\/vive-este-verano-unas-vacaciones-increibles-a-bordo-de-una-autocaravana\/#breadcrumb","itemListElement":[{"@type":"ListItem","position":1,"name":"Portada","item":"https:\/\/www.revistarambla.com\/"},{"@type":"ListItem","position":2,"name":"Vive este verano unas vacaciones incre\u00edbles a bordo de una autocaravana"}]},{"@type":"WebSite","@id":"https:\/\/www.revistarambla.com\/#website","url":"https:\/\/www.revistarambla.com\/","name":"Revista Rambla Barcelona","description":"Periodismo independiente","publisher":{"@id":"https:\/\/www.revistarambla.com\/#organization"},"potentialAction":[{"@type":"SearchAction","target":{"@type":"EntryPoint","urlTemplate":"https:\/\/www.revistarambla.com\/?s={search_term_string}"},"query-input":{"@type":"PropertyValueSpecification","valueRequired":true,"valueName":"search_term_string"}}],"inLanguage":"en-GB"},{"@type":"Organization","@id":"https:\/\/www.revistarambla.com\/#organization","name":"Revista Rambla","url":"https:\/\/www.revistarambla.com\/","logo":{"@type":"ImageObject","inLanguage":"en-GB","@id":"https:\/\/www.revistarambla.com\/#\/schema\/logo\/image\/","url":"https:\/\/www.revistarambla.com\/wp-content\/uploads\/2020\/09\/banner_rambla_1900x600_BB.png","contentUrl":"https:\/\/www.revistarambla.com\/wp-content\/uploads\/2020\/09\/banner_rambla_1900x600_BB.png","width":1900,"height":600,"caption":"Revista Rambla"},"image":{"@id":"https:\/\/www.revistarambla.com\/#\/schema\/logo\/image\/"},"sameAs":["https:\/\/www.facebook.com\/revistarambla\/","https:\/\/x.com\/revistarambla","https:\/\/www.instagram.com\/revista_rambla","https:\/\/es.linkedin.com\/company\/revista-rambla"]},{"@type":"Person","@id":"https:\/\/www.revistarambla.com\/#\/schema\/person\/a146a5a2550b94981a75131180e1bd9c","name":"R@mbla","description":"Este art\u00edculo ha sido redactado y\/o validado por el equipo de redacci\u00f3n de Revista Rambla.","sameAs":["https:\/\/www.revistarambla.com\/","https:\/\/www.facebook.com\/revistarambla","https:\/\/x.com\/revistarambla"]}]}},"_links":{"self":[{"href":"https:\/\/www.revistarambla.com\/en\/wp-json\/wp\/v2\/posts\/39421","targetHints":{"allow":["GET"]}}],"collection":[{"href":"https:\/\/www.revistarambla.com\/en\/wp-json\/wp\/v2\/posts"}],"about":[{"href":"https:\/\/www.revistarambla.com\/en\/wp-json\/wp\/v2\/types\/post"}],"author":[{"embeddable":true,"href":"https:\/\/www.revistarambla.com\/en\/wp-json\/wp\/v2\/users\/3"}],"replies":[{"embeddable":true,"href":"https:\/\/www.revistarambla.com\/en\/wp-json\/wp\/v2\/comments?post=39421"}],"version-history":[{"count":3,"href":"https:\/\/www.revistarambla.com\/en\/wp-json\/wp\/v2\/posts\/39421\/revisions"}],"predecessor-version":[{"id":52011,"href":"https:\/\/www.revistarambla.com\/en\/wp-json\/wp\/v2\/posts\/39421\/revisions\/52011"}],"wp:featuredmedia":[{"embeddable":true,"href":"https:\/\/www.revistarambla.com\/en\/wp-json\/wp\/v2\/media\/52012"}],"wp:attachment":[{"href":"https:\/\/www.revistarambla.com\/en\/wp-json\/wp\/v2\/media?parent=39421"}],"wp:term":[{"taxonomy":"category","embeddable":true,"href":"https:\/\/www.revistarambla.com\/en\/wp-json\/wp\/v2\/categories?post=39421"},{"taxonomy":"post_tag","embeddable":true,"href":"https:\/\/www.revistarambla.com\/en\/wp-json\/wp\/v2\/tags?post=39421"}],"curies":[{"name":"wp","href":"https:\/\/api.w.org\/{rel}","templated":true}]}}