{"id":39348,"date":"2022-02-22T19:33:06","date_gmt":"2022-02-22T18:33:06","guid":{"rendered":"https:\/\/www.revistarambla.com\/?p=39348"},"modified":"2022-02-22T19:33:06","modified_gmt":"2022-02-22T18:33:06","slug":"constituida-en-barcelona-la-plataforma-por-la-paz-otan-no","status":"publish","type":"post","link":"https:\/\/www.revistarambla.com\/en\/constituida-en-barcelona-la-plataforma-por-la-paz-otan-no\/","title":{"rendered":"Constituida en Barcelona la &#8216;Plataforma por la Paz OTAN NO&#8217;"},"content":{"rendered":"<p>El pasado jueves 17 de febrero se reunieron en Barcelona representantes de treinta entidades sociales, c\u00edvicas pol\u00edticas, as\u00ed como destacados activistas de las movilizaciones contra la guerra de Irak, con el objetivo de organizar la respuesta ciudadana en defensa de la paz ante la cumbre de la OTAN que tendr\u00e1 lugar en Madrid el 29 y 30 de junio.<\/p>\n<p>Tras la presentaci\u00f3n y rueda de intervenciones se acord\u00f3 constituir en Catalunya la \u00abPlataforma por la PAZ OTAN NO\u00bb. Entre sus objetivos se reivindica la disoluci\u00f3n de la OTAN, la salida de Espa\u00f1a de la OTAN, el cierre de las bases militares de Estados Unidos en Espa\u00f1a, la reducci\u00f3n del gasto militar, y en lo inmediato, la retirada de las tropas, aviones, y nav\u00edos militares de Espa\u00f1a en los pa\u00edses del este de Europa y de la zona de conflicto entre Ucrania y Rusia.<\/p>\n<p>En un comunicado, la Plataforma por la PAZ OTAN NO de Catalunya expresa su voluntad de \u00abconstruir la m\u00e1s amplia unidad y coordinaci\u00f3n con todas aquellas plataformas y asambleas que compartan los mismos objetivos tanto en el \u00e1mbito de Catalunya, de Espa\u00f1a, como a nivel internacional\u00bb.<\/p>\n<p>\u00abLa defensa activa de la paz es m\u00e1s urgente que nunca ante la expansi\u00f3n belicista de la OTAN a nivel mundial y el conflicto entre Ucrania y Rusia\u00bb, sentencian en su escrito.<\/p>","protected":false},"excerpt":{"rendered":"<p>El pasado jueves 17 de febrero se reunieron en Barcelona representantes de treinta entidades sociales, c\u00edvicas pol\u00edticas, as\u00ed como destacados activistas de las movilizaciones contra la guerra de Irak, con el objetivo de organizar la respuesta ciudadana en defensa de la paz ante la cumbre de la OTAN que tendr\u00e1 [&hellip;]<\/p>\n","protected":false},"author":3,"featured_media":39349,"comment_status":"closed","ping_status":"open","sticky":false,"template":"","format":"standard","meta":{"footnotes":""},"categories":[76],"tags":[],"class_list":["post-39348","post","type-post","status-publish","format-standard","has-post-thumbnail","hentry","category-barcelona"],"yoast_head":"<!-- This site is optimized with the Yoast SEO plugin v27.5 - https:\/\/yoast.com\/product\/yoast-seo-wordpress\/ -->\n<title>Constituida en Barcelona la &#039;Plataforma por la Paz OTAN NO&#039; - Revista Rambla<\/title>\n<meta name=\"robots\" content=\"index, follow, max-snippet:-1, max-image-preview:large, max-video-preview:-1\" \/>\n<link rel=\"canonical\" href=\"https:\/\/www.revistarambla.com\/en\/constituida-en-barcelona-la-plataforma-por-la-paz-otan-no\/\" \/>\n<meta property=\"og:locale\" content=\"en_GB\" \/>\n<meta property=\"og:type\" content=\"article\" \/>\n<meta property=\"og:title\" content=\"Constituida en Barcelona la &#039;Plataforma por la Paz OTAN NO&#039; - Revista Rambla\" \/>\n<meta property=\"og:description\" content=\"El pasado jueves 17 de febrero se reunieron en Barcelona representantes de treinta entidades sociales, c\u00edvicas pol\u00edticas, as\u00ed como destacados activistas de las movilizaciones contra la guerra de Irak, con el objetivo de organizar la respuesta ciudadana en defensa de la paz ante la cumbre de la OTAN que tendr\u00e1 [&hellip;]\" \/>\n<meta property=\"og:url\" content=\"https:\/\/www.revistarambla.com\/en\/constituida-en-barcelona-la-plataforma-por-la-paz-otan-no\/\" \/>\n<meta property=\"og:site_name\" content=\"Revista Rambla\" \/>\n<meta property=\"article:publisher\" content=\"https:\/\/www.facebook.com\/revistarambla\/\" \/>\n<meta property=\"article:author\" content=\"https:\/\/www.facebook.com\/revistarambla\" \/>\n<meta property=\"article:published_time\" content=\"2022-02-22T18:33:06+00:00\" \/>\n<meta property=\"og:image\" content=\"https:\/\/www.revistarambla.com\/wp-content\/uploads\/2022\/02\/Ni-OTAN-ni-Bases.jpg\" \/>\n\t<meta property=\"og:image:width\" content=\"800\" \/>\n\t<meta property=\"og:image:height\" content=\"320\" \/>\n\t<meta property=\"og:image:type\" content=\"image\/jpeg\" \/>\n<meta name=\"author\" content=\"R@mbla\" \/>\n<meta name=\"twitter:card\" content=\"summary_large_image\" \/>\n<meta name=\"twitter:creator\" content=\"@revistarambla\" \/>\n<meta name=\"twitter:site\" content=\"@revistarambla\" \/>\n<meta name=\"twitter:label1\" content=\"Written by\" \/>\n\t<meta name=\"twitter:data1\" content=\"R@mbla\" \/>\n\t<meta name=\"twitter:label2\" content=\"Estimated reading time\" \/>\n\t<meta name=\"twitter:data2\" content=\"2 minutes\" \/>\n<script type=\"application\/ld+json\" class=\"yoast-schema-graph\">{\"@context\":\"https:\\\/\\\/schema.org\",\"@graph\":[{\"@type\":\"Article\",\"@id\":\"https:\\\/\\\/www.revistarambla.com\\\/constituida-en-barcelona-la-plataforma-por-la-paz-otan-no\\\/#article\",\"isPartOf\":{\"@id\":\"https:\\\/\\\/www.revistarambla.com\\\/constituida-en-barcelona-la-plataforma-por-la-paz-otan-no\\\/\"},\"author\":{\"name\":\"R@mbla\",\"@id\":\"https:\\\/\\\/www.revistarambla.com\\\/#\\\/schema\\\/person\\\/a146a5a2550b94981a75131180e1bd9c\"},\"headline\":\"Constituida en Barcelona la &#8216;Plataforma por la Paz OTAN NO&#8217;\",\"datePublished\":\"2022-02-22T18:33:06+00:00\",\"mainEntityOfPage\":{\"@id\":\"https:\\\/\\\/www.revistarambla.com\\\/constituida-en-barcelona-la-plataforma-por-la-paz-otan-no\\\/\"},\"wordCount\":243,\"publisher\":{\"@id\":\"https:\\\/\\\/www.revistarambla.com\\\/#organization\"},\"image\":{\"@id\":\"https:\\\/\\\/www.revistarambla.com\\\/constituida-en-barcelona-la-plataforma-por-la-paz-otan-no\\\/#primaryimage\"},\"thumbnailUrl\":\"https:\\\/\\\/www.revistarambla.com\\\/wp-content\\\/uploads\\\/2022\\\/02\\\/Ni-OTAN-ni-Bases.jpg\",\"articleSection\":[\"Barcelona\"],\"inLanguage\":\"en-GB\"},{\"@type\":\"WebPage\",\"@id\":\"https:\\\/\\\/www.revistarambla.com\\\/constituida-en-barcelona-la-plataforma-por-la-paz-otan-no\\\/\",\"url\":\"https:\\\/\\\/www.revistarambla.com\\\/constituida-en-barcelona-la-plataforma-por-la-paz-otan-no\\\/\",\"name\":\"Constituida en Barcelona la 'Plataforma por la Paz OTAN NO' - Revista Rambla\",\"isPartOf\":{\"@id\":\"https:\\\/\\\/www.revistarambla.com\\\/#website\"},\"primaryImageOfPage\":{\"@id\":\"https:\\\/\\\/www.revistarambla.com\\\/constituida-en-barcelona-la-plataforma-por-la-paz-otan-no\\\/#primaryimage\"},\"image\":{\"@id\":\"https:\\\/\\\/www.revistarambla.com\\\/constituida-en-barcelona-la-plataforma-por-la-paz-otan-no\\\/#primaryimage\"},\"thumbnailUrl\":\"https:\\\/\\\/www.revistarambla.com\\\/wp-content\\\/uploads\\\/2022\\\/02\\\/Ni-OTAN-ni-Bases.jpg\",\"datePublished\":\"2022-02-22T18:33:06+00:00\",\"breadcrumb\":{\"@id\":\"https:\\\/\\\/www.revistarambla.com\\\/constituida-en-barcelona-la-plataforma-por-la-paz-otan-no\\\/#breadcrumb\"},\"inLanguage\":\"en-GB\",\"potentialAction\":[{\"@type\":\"ReadAction\",\"target\":[\"https:\\\/\\\/www.revistarambla.com\\\/constituida-en-barcelona-la-plataforma-por-la-paz-otan-no\\\/\"]}]},{\"@type\":\"ImageObject\",\"inLanguage\":\"en-GB\",\"@id\":\"https:\\\/\\\/www.revistarambla.com\\\/constituida-en-barcelona-la-plataforma-por-la-paz-otan-no\\\/#primaryimage\",\"url\":\"https:\\\/\\\/www.revistarambla.com\\\/wp-content\\\/uploads\\\/2022\\\/02\\\/Ni-OTAN-ni-Bases.jpg\",\"contentUrl\":\"https:\\\/\\\/www.revistarambla.com\\\/wp-content\\\/uploads\\\/2022\\\/02\\\/Ni-OTAN-ni-Bases.jpg\",\"width\":800,\"height\":320},{\"@type\":\"BreadcrumbList\",\"@id\":\"https:\\\/\\\/www.revistarambla.com\\\/constituida-en-barcelona-la-plataforma-por-la-paz-otan-no\\\/#breadcrumb\",\"itemListElement\":[{\"@type\":\"ListItem\",\"position\":1,\"name\":\"Portada\",\"item\":\"https:\\\/\\\/www.revistarambla.com\\\/\"},{\"@type\":\"ListItem\",\"position\":2,\"name\":\"Constituida en Barcelona la &#8216;Plataforma por la Paz OTAN NO&#8217;\"}]},{\"@type\":\"WebSite\",\"@id\":\"https:\\\/\\\/www.revistarambla.com\\\/#website\",\"url\":\"https:\\\/\\\/www.revistarambla.com\\\/\",\"name\":\"Revista Rambla Barcelona\",\"description\":\"Periodismo independiente\",\"publisher\":{\"@id\":\"https:\\\/\\\/www.revistarambla.com\\\/#organization\"},\"potentialAction\":[{\"@type\":\"SearchAction\",\"target\":{\"@type\":\"EntryPoint\",\"urlTemplate\":\"https:\\\/\\\/www.revistarambla.com\\\/?s={search_term_string}\"},\"query-input\":{\"@type\":\"PropertyValueSpecification\",\"valueRequired\":true,\"valueName\":\"search_term_string\"}}],\"inLanguage\":\"en-GB\"},{\"@type\":\"Organization\",\"@id\":\"https:\\\/\\\/www.revistarambla.com\\\/#organization\",\"name\":\"Revista Rambla\",\"url\":\"https:\\\/\\\/www.revistarambla.com\\\/\",\"logo\":{\"@type\":\"ImageObject\",\"inLanguage\":\"en-GB\",\"@id\":\"https:\\\/\\\/www.revistarambla.com\\\/#\\\/schema\\\/logo\\\/image\\\/\",\"url\":\"https:\\\/\\\/www.revistarambla.com\\\/wp-content\\\/uploads\\\/2020\\\/09\\\/banner_rambla_1900x600_BB.png\",\"contentUrl\":\"https:\\\/\\\/www.revistarambla.com\\\/wp-content\\\/uploads\\\/2020\\\/09\\\/banner_rambla_1900x600_BB.png\",\"width\":1900,\"height\":600,\"caption\":\"Revista Rambla\"},\"image\":{\"@id\":\"https:\\\/\\\/www.revistarambla.com\\\/#\\\/schema\\\/logo\\\/image\\\/\"},\"sameAs\":[\"https:\\\/\\\/www.facebook.com\\\/revistarambla\\\/\",\"https:\\\/\\\/x.com\\\/revistarambla\",\"https:\\\/\\\/www.instagram.com\\\/revista_rambla\",\"https:\\\/\\\/es.linkedin.com\\\/company\\\/revista-rambla\"]},{\"@type\":\"Person\",\"@id\":\"https:\\\/\\\/www.revistarambla.com\\\/#\\\/schema\\\/person\\\/a146a5a2550b94981a75131180e1bd9c\",\"name\":\"R@mbla\",\"description\":\"Este art\u00edculo ha sido redactado y\\\/o validado por el equipo de redacci\u00f3n de Revista Rambla.\",\"sameAs\":[\"https:\\\/\\\/www.revistarambla.com\\\/\",\"https:\\\/\\\/www.facebook.com\\\/revistarambla\",\"https:\\\/\\\/x.com\\\/revistarambla\"]}]}<\/script>\n<!-- \/ Yoast SEO plugin. -->","yoast_head_json":{"title":"Constituida en Barcelona la 'Plataforma por la Paz OTAN NO' - Revista Rambla","robots":{"index":"index","follow":"follow","max-snippet":"max-snippet:-1","max-image-preview":"max-image-preview:large","max-video-preview":"max-video-preview:-1"},"canonical":"https:\/\/www.revistarambla.com\/en\/constituida-en-barcelona-la-plataforma-por-la-paz-otan-no\/","og_locale":"en_GB","og_type":"article","og_title":"Constituida en Barcelona la 'Plataforma por la Paz OTAN NO' - Revista Rambla","og_description":"El pasado jueves 17 de febrero se reunieron en Barcelona representantes de treinta entidades sociales, c\u00edvicas pol\u00edticas, as\u00ed como destacados activistas de las movilizaciones contra la guerra de Irak, con el objetivo de organizar la respuesta ciudadana en defensa de la paz ante la cumbre de la OTAN que tendr\u00e1 [&hellip;]","og_url":"https:\/\/www.revistarambla.com\/en\/constituida-en-barcelona-la-plataforma-por-la-paz-otan-no\/","og_site_name":"Revista Rambla","article_publisher":"https:\/\/www.facebook.com\/revistarambla\/","article_author":"https:\/\/www.facebook.com\/revistarambla","article_published_time":"2022-02-22T18:33:06+00:00","og_image":[{"width":800,"height":320,"url":"https:\/\/www.revistarambla.com\/wp-content\/uploads\/2022\/02\/Ni-OTAN-ni-Bases.jpg","type":"image\/jpeg"}],"author":"R@mbla","twitter_card":"summary_large_image","twitter_creator":"@revistarambla","twitter_site":"@revistarambla","twitter_misc":{"Written by":"R@mbla","Estimated reading time":"2 minutes"},"schema":{"@context":"https:\/\/schema.org","@graph":[{"@type":"Article","@id":"https:\/\/www.revistarambla.com\/constituida-en-barcelona-la-plataforma-por-la-paz-otan-no\/#article","isPartOf":{"@id":"https:\/\/www.revistarambla.com\/constituida-en-barcelona-la-plataforma-por-la-paz-otan-no\/"},"author":{"name":"R@mbla","@id":"https:\/\/www.revistarambla.com\/#\/schema\/person\/a146a5a2550b94981a75131180e1bd9c"},"headline":"Constituida en Barcelona la &#8216;Plataforma por la Paz OTAN NO&#8217;","datePublished":"2022-02-22T18:33:06+00:00","mainEntityOfPage":{"@id":"https:\/\/www.revistarambla.com\/constituida-en-barcelona-la-plataforma-por-la-paz-otan-no\/"},"wordCount":243,"publisher":{"@id":"https:\/\/www.revistarambla.com\/#organization"},"image":{"@id":"https:\/\/www.revistarambla.com\/constituida-en-barcelona-la-plataforma-por-la-paz-otan-no\/#primaryimage"},"thumbnailUrl":"https:\/\/www.revistarambla.com\/wp-content\/uploads\/2022\/02\/Ni-OTAN-ni-Bases.jpg","articleSection":["Barcelona"],"inLanguage":"en-GB"},{"@type":"WebPage","@id":"https:\/\/www.revistarambla.com\/constituida-en-barcelona-la-plataforma-por-la-paz-otan-no\/","url":"https:\/\/www.revistarambla.com\/constituida-en-barcelona-la-plataforma-por-la-paz-otan-no\/","name":"Constituida en Barcelona la 'Plataforma por la Paz OTAN NO' - Revista Rambla","isPartOf":{"@id":"https:\/\/www.revistarambla.com\/#website"},"primaryImageOfPage":{"@id":"https:\/\/www.revistarambla.com\/constituida-en-barcelona-la-plataforma-por-la-paz-otan-no\/#primaryimage"},"image":{"@id":"https:\/\/www.revistarambla.com\/constituida-en-barcelona-la-plataforma-por-la-paz-otan-no\/#primaryimage"},"thumbnailUrl":"https:\/\/www.revistarambla.com\/wp-content\/uploads\/2022\/02\/Ni-OTAN-ni-Bases.jpg","datePublished":"2022-02-22T18:33:06+00:00","breadcrumb":{"@id":"https:\/\/www.revistarambla.com\/constituida-en-barcelona-la-plataforma-por-la-paz-otan-no\/#breadcrumb"},"inLanguage":"en-GB","potentialAction":[{"@type":"ReadAction","target":["https:\/\/www.revistarambla.com\/constituida-en-barcelona-la-plataforma-por-la-paz-otan-no\/"]}]},{"@type":"ImageObject","inLanguage":"en-GB","@id":"https:\/\/www.revistarambla.com\/constituida-en-barcelona-la-plataforma-por-la-paz-otan-no\/#primaryimage","url":"https:\/\/www.revistarambla.com\/wp-content\/uploads\/2022\/02\/Ni-OTAN-ni-Bases.jpg","contentUrl":"https:\/\/www.revistarambla.com\/wp-content\/uploads\/2022\/02\/Ni-OTAN-ni-Bases.jpg","width":800,"height":320},{"@type":"BreadcrumbList","@id":"https:\/\/www.revistarambla.com\/constituida-en-barcelona-la-plataforma-por-la-paz-otan-no\/#breadcrumb","itemListElement":[{"@type":"ListItem","position":1,"name":"Portada","item":"https:\/\/www.revistarambla.com\/"},{"@type":"ListItem","position":2,"name":"Constituida en Barcelona la &#8216;Plataforma por la Paz OTAN NO&#8217;"}]},{"@type":"WebSite","@id":"https:\/\/www.revistarambla.com\/#website","url":"https:\/\/www.revistarambla.com\/","name":"Revista Rambla Barcelona","description":"Periodismo independiente","publisher":{"@id":"https:\/\/www.revistarambla.com\/#organization"},"potentialAction":[{"@type":"SearchAction","target":{"@type":"EntryPoint","urlTemplate":"https:\/\/www.revistarambla.com\/?s={search_term_string}"},"query-input":{"@type":"PropertyValueSpecification","valueRequired":true,"valueName":"search_term_string"}}],"inLanguage":"en-GB"},{"@type":"Organization","@id":"https:\/\/www.revistarambla.com\/#organization","name":"Revista Rambla","url":"https:\/\/www.revistarambla.com\/","logo":{"@type":"ImageObject","inLanguage":"en-GB","@id":"https:\/\/www.revistarambla.com\/#\/schema\/logo\/image\/","url":"https:\/\/www.revistarambla.com\/wp-content\/uploads\/2020\/09\/banner_rambla_1900x600_BB.png","contentUrl":"https:\/\/www.revistarambla.com\/wp-content\/uploads\/2020\/09\/banner_rambla_1900x600_BB.png","width":1900,"height":600,"caption":"Revista Rambla"},"image":{"@id":"https:\/\/www.revistarambla.com\/#\/schema\/logo\/image\/"},"sameAs":["https:\/\/www.facebook.com\/revistarambla\/","https:\/\/x.com\/revistarambla","https:\/\/www.instagram.com\/revista_rambla","https:\/\/es.linkedin.com\/company\/revista-rambla"]},{"@type":"Person","@id":"https:\/\/www.revistarambla.com\/#\/schema\/person\/a146a5a2550b94981a75131180e1bd9c","name":"R@mbla","description":"Este art\u00edculo ha sido redactado y\/o validado por el equipo de redacci\u00f3n de Revista Rambla.","sameAs":["https:\/\/www.revistarambla.com\/","https:\/\/www.facebook.com\/revistarambla","https:\/\/x.com\/revistarambla"]}]}},"_links":{"self":[{"href":"https:\/\/www.revistarambla.com\/en\/wp-json\/wp\/v2\/posts\/39348","targetHints":{"allow":["GET"]}}],"collection":[{"href":"https:\/\/www.revistarambla.com\/en\/wp-json\/wp\/v2\/posts"}],"about":[{"href":"https:\/\/www.revistarambla.com\/en\/wp-json\/wp\/v2\/types\/post"}],"author":[{"embeddable":true,"href":"https:\/\/www.revistarambla.com\/en\/wp-json\/wp\/v2\/users\/3"}],"replies":[{"embeddable":true,"href":"https:\/\/www.revistarambla.com\/en\/wp-json\/wp\/v2\/comments?post=39348"}],"version-history":[{"count":0,"href":"https:\/\/www.revistarambla.com\/en\/wp-json\/wp\/v2\/posts\/39348\/revisions"}],"wp:featuredmedia":[{"embeddable":true,"href":"https:\/\/www.revistarambla.com\/en\/wp-json\/wp\/v2\/media\/39349"}],"wp:attachment":[{"href":"https:\/\/www.revistarambla.com\/en\/wp-json\/wp\/v2\/media?parent=39348"}],"wp:term":[{"taxonomy":"category","embeddable":true,"href":"https:\/\/www.revistarambla.com\/en\/wp-json\/wp\/v2\/categories?post=39348"},{"taxonomy":"post_tag","embeddable":true,"href":"https:\/\/www.revistarambla.com\/en\/wp-json\/wp\/v2\/tags?post=39348"}],"curies":[{"name":"wp","href":"https:\/\/api.w.org\/{rel}","templated":true}]}}