{"id":39335,"date":"2022-02-22T13:17:23","date_gmt":"2022-02-22T12:17:23","guid":{"rendered":"https:\/\/www.revistarambla.com\/?p=39335"},"modified":"2024-05-12T19:53:12","modified_gmt":"2024-05-12T17:53:12","slug":"tomas-elias-gonzalez-benitez-mbappe-es-el-gran-sueno-para-el-real-madrid-tras-el-partido-de-champions-del-frances","status":"publish","type":"post","link":"https:\/\/www.revistarambla.com\/en\/tomas-elias-gonzalez-benitez-mbappe-es-el-gran-sueno-para-el-real-madrid-tras-el-partido-de-champions-del-frances\/","title":{"rendered":"Tom\u00e1s El\u00edas Gonz\u00e1lez Ben\u00edtez: \u00abMbapp\u00e9 es el gran sue\u00f1o para el Real Madrid tras el partido de Champions del franc\u00e9s\u00bb"},"content":{"rendered":"<p>El nuevo art\u00edculo, redactado por el periodista venezolano <a href=\"https:\/\/tomaseliasgonzalezbenitezvenezuela.com\/\" rel=\"nofollow\"><b>Tom\u00e1s El\u00edas Gonz\u00e1lez Ben\u00edtez<\/b><\/a><i>, <\/i>analiza el incierto futuro de Kylian Mbapp\u00e9, que duda entre permanecer en el <b>Paris Saint-Germain<\/b> (PSG) o llegar al Real Madrid.<\/p>\n<p>El fichaje de Mbapp\u00e9, por el Real <a href=\"https:\/\/www.revistarambla.com\/en\/cuevas-y-chabolas-en-madrid\/\">Madrid<\/a>, es un sue\u00f1o para el club blanco, sobre todo despu\u00e9s de la actuaci\u00f3n del franc\u00e9s en la Champions.<\/p>\n<h2>PSG-Real Madrid<\/h2>\n<p>El partido de Champions, disputado en el Parque de los Pr\u00edncipes, la pasada semana se convirti\u00f3 en la antesala al mercado de fichajes, con un protagonista: <b>Kylian Mbapp\u00e9<\/b>.<\/p>\n<p>Su encuentro frente al Real Madrid caus\u00f3 una gran expectaci\u00f3n no solo por la pol\u00e9mica, sino tambi\u00e9n por su gran estado de forma.<\/p>\n<p><i>\u201cSin duda, hoy en d\u00eda Kylian Mbapp\u00e9 es el mejor jugador del mundo\u201d, <\/i>indica <b>Tom\u00e1s El\u00edas Gonz\u00e1lez Ben\u00edtez<\/b>.<\/p>\n<p>Kylian Mbapp\u00e9 se mostr\u00f3 incontenible desde el inicio, metiendo por el medio el bal\u00f3n que luego desperdici\u00f3 Di Mar\u00eda en el 5&#8242;.<\/p>\n<p>Un jugador demoledor, capaz de buscar la acci\u00f3n personal y jugar con los compa\u00f1eros.<\/p>\n<p>Cada vez que el jugador se desmarcaba, sobre todo ante el s\u00f3lido Carvajal, se desencadenaba el p\u00e1nico.<\/p>\n<p>En la haza\u00f1a que ha decidido el PSG-Real hay de todo: medios f\u00edsicos fuera de lo com\u00fan, inteligencia y capacidad lectora.<\/p>\n<p>Y la frialdad en superar a un Courtois en una gran velada.<\/p>\n<p><i>\u201cMe desmarqu\u00e9 porque vi a dos hombres sobre Neymar, que entonces era muy bueno sirvi\u00e9ndome. Regate\u00e9 a V\u00e1zquez y Carvajal viendo que me entraban y vi el espacio justo, las piernas de Courtois\u201d, <\/i>declar\u00f3 Mbapp\u00e9, al finalizar el encuentro.<\/p>\n<h2>La rivalidad con Messi<\/h2>\n<p>Por su parte, <a href=\"https:\/\/www.revistarambla.com\/en\/el-planeta-futbol-se-rinde-a-messi\/\">Lionel Messi<\/a> estuvo desaparecido en el partido, incluso, fall\u00f3 un penalti ante Courtois.<\/p>\n<p><i>\u201cLa competencia Mbapp\u00e9 Messi se decanta ahora mismo del lado del franc\u00e9s\u201d, <\/i>opina <b>Tom\u00e1s El\u00edas Gonz\u00e1lez Ben\u00edtez.<\/b><\/p>\n<h2>Los halagos de Carlo Ancelotti a Kylian Mbapp\u00e9<\/h2>\n<p>Al finalizar el partido, Carlo Ancelotti, entrenador del Real Madrid, se deshizo en halagos sobre el jugador del PSG.<\/p>\n<p><i>\u201cAhora no hay nadie a su nivel en Europa, fue instrumental\u201d, <\/i>declar\u00f3 el entrenador italiano.<\/p>\n<h2>\u00bfD\u00f3nde jugar\u00e1 Kylian Mbapp\u00e9?<\/h2>\n<p>A Mbapp\u00e9 le importa muy poco que \u00e9l mismo pueda ser el hombre s\u00edmbolo del nuevo Real Madrid, dispuesto a volverse loco para llev\u00e1rselo a Espa\u00f1a.<\/p>\n<p><i>\u00abSon los partidos que a todo el mundo le gustar\u00eda jugar, al final no es tan dif\u00edcil porque solo hay que pensar en hacerlo bien, sin demasiados discursos. El PSG y la Real son dos grandes clubes, estoy feliz aqu\u00ed y ahora\u00bb, <\/i>apunt\u00f3 Mbapp\u00e9.<\/p>\n<p>Tras el partido de ida, queda la vuelta en el Bernab\u00e9u, donde Mbapp\u00e9 vivir\u00e1 la emoci\u00f3n del que puede ser su estadio la pr\u00f3xima temporada.<\/p>\n<p><i>\u201cComo gran profesional, es normal que piense en el ahora, pero, seguramente Mbapp\u00e9 quiera dar un salto de calidad en su carrera y marcharse al mejor club, a nivel hist\u00f3rico, el Real Madrid\u201d, <\/i>concluye <b>Tom\u00e1s El\u00edas Gonz\u00e1lez Ben\u00edtez<\/b>.<\/p>","protected":false},"excerpt":{"rendered":"<p>El nuevo art\u00edculo, redactado por el periodista venezolano Tom\u00e1s El\u00edas Gonz\u00e1lez Ben\u00edtez, analiza el incierto futuro de Kylian Mbapp\u00e9, que duda entre permanecer en el Paris Saint-Germain (PSG) o llegar al Real Madrid. El fichaje de Mbapp\u00e9, por el Real Madrid, es un sue\u00f1o para el club blanco, sobre todo [&hellip;]<\/p>\n","protected":false},"author":3,"featured_media":39336,"comment_status":"closed","ping_status":"open","sticky":false,"template":"","format":"standard","meta":{"footnotes":""},"categories":[3790],"tags":[],"class_list":["post-39335","post","type-post","status-publish","format-standard","has-post-thumbnail","hentry","category-otras-noticias"],"yoast_head":"<!-- This site is optimized with the Yoast SEO plugin v27.5 - https:\/\/yoast.com\/product\/yoast-seo-wordpress\/ -->\n<title>Kylian Mbapp\u00e9 es el gran sue\u00f1o para el Real Madrid<\/title>\n<meta name=\"description\" content=\"El fichaje de Kylian Mbapp\u00e9, por el Real Madrid, es un sue\u00f1o para el club, sobre todo despu\u00e9s de la actuaci\u00f3n del franc\u00e9s en la Champions.\" \/>\n<meta name=\"robots\" content=\"index, follow, max-snippet:-1, max-image-preview:large, max-video-preview:-1\" \/>\n<link rel=\"canonical\" href=\"https:\/\/www.revistarambla.com\/en\/tomas-elias-gonzalez-benitez-mbappe-es-el-gran-sueno-para-el-real-madrid-tras-el-partido-de-champions-del-frances\/\" \/>\n<meta property=\"og:locale\" content=\"en_GB\" \/>\n<meta property=\"og:type\" content=\"article\" \/>\n<meta property=\"og:title\" content=\"Kylian Mbapp\u00e9 es el gran sue\u00f1o para el Real Madrid\" \/>\n<meta property=\"og:description\" content=\"El fichaje de Kylian Mbapp\u00e9, por el Real Madrid, es un sue\u00f1o para el club, sobre todo despu\u00e9s de la actuaci\u00f3n del franc\u00e9s en la Champions.\" \/>\n<meta property=\"og:url\" content=\"https:\/\/www.revistarambla.com\/en\/tomas-elias-gonzalez-benitez-mbappe-es-el-gran-sueno-para-el-real-madrid-tras-el-partido-de-champions-del-frances\/\" \/>\n<meta property=\"og:site_name\" content=\"Revista Rambla\" \/>\n<meta property=\"article:publisher\" content=\"https:\/\/www.facebook.com\/revistarambla\/\" \/>\n<meta property=\"article:author\" content=\"https:\/\/www.facebook.com\/revistarambla\" \/>\n<meta property=\"article:published_time\" content=\"2022-02-22T12:17:23+00:00\" \/>\n<meta property=\"article:modified_time\" content=\"2024-05-12T17:53:12+00:00\" \/>\n<meta property=\"og:image\" content=\"https:\/\/www.revistarambla.com\/wp-content\/uploads\/2022\/02\/unnamed-2.jpg\" \/>\n\t<meta property=\"og:image:width\" content=\"512\" \/>\n\t<meta property=\"og:image:height\" content=\"341\" \/>\n\t<meta property=\"og:image:type\" content=\"image\/jpeg\" \/>\n<meta name=\"author\" content=\"R@mbla\" \/>\n<meta name=\"twitter:card\" content=\"summary_large_image\" \/>\n<meta name=\"twitter:creator\" content=\"@revistarambla\" \/>\n<meta name=\"twitter:site\" content=\"@revistarambla\" \/>\n<meta name=\"twitter:label1\" content=\"Written by\" \/>\n\t<meta name=\"twitter:data1\" content=\"R@mbla\" \/>\n\t<meta name=\"twitter:label2\" content=\"Estimated reading time\" \/>\n\t<meta name=\"twitter:data2\" content=\"3 minutes\" \/>\n<script type=\"application\/ld+json\" class=\"yoast-schema-graph\">{\"@context\":\"https:\\\/\\\/schema.org\",\"@graph\":[{\"@type\":\"Article\",\"@id\":\"https:\\\/\\\/www.revistarambla.com\\\/tomas-elias-gonzalez-benitez-mbappe-es-el-gran-sueno-para-el-real-madrid-tras-el-partido-de-champions-del-frances\\\/#article\",\"isPartOf\":{\"@id\":\"https:\\\/\\\/www.revistarambla.com\\\/tomas-elias-gonzalez-benitez-mbappe-es-el-gran-sueno-para-el-real-madrid-tras-el-partido-de-champions-del-frances\\\/\"},\"author\":{\"name\":\"R@mbla\",\"@id\":\"https:\\\/\\\/www.revistarambla.com\\\/#\\\/schema\\\/person\\\/a146a5a2550b94981a75131180e1bd9c\"},\"headline\":\"Tom\u00e1s El\u00edas Gonz\u00e1lez Ben\u00edtez: \u00abMbapp\u00e9 es el gran sue\u00f1o para el Real Madrid tras el partido de Champions del franc\u00e9s\u00bb\",\"datePublished\":\"2022-02-22T12:17:23+00:00\",\"dateModified\":\"2024-05-12T17:53:12+00:00\",\"mainEntityOfPage\":{\"@id\":\"https:\\\/\\\/www.revistarambla.com\\\/tomas-elias-gonzalez-benitez-mbappe-es-el-gran-sueno-para-el-real-madrid-tras-el-partido-de-champions-del-frances\\\/\"},\"wordCount\":544,\"publisher\":{\"@id\":\"https:\\\/\\\/www.revistarambla.com\\\/#organization\"},\"image\":{\"@id\":\"https:\\\/\\\/www.revistarambla.com\\\/tomas-elias-gonzalez-benitez-mbappe-es-el-gran-sueno-para-el-real-madrid-tras-el-partido-de-champions-del-frances\\\/#primaryimage\"},\"thumbnailUrl\":\"https:\\\/\\\/www.revistarambla.com\\\/wp-content\\\/uploads\\\/2022\\\/02\\\/unnamed-2.jpg\",\"articleSection\":[\"Otras Noticias\"],\"inLanguage\":\"en-GB\"},{\"@type\":\"WebPage\",\"@id\":\"https:\\\/\\\/www.revistarambla.com\\\/tomas-elias-gonzalez-benitez-mbappe-es-el-gran-sueno-para-el-real-madrid-tras-el-partido-de-champions-del-frances\\\/\",\"url\":\"https:\\\/\\\/www.revistarambla.com\\\/tomas-elias-gonzalez-benitez-mbappe-es-el-gran-sueno-para-el-real-madrid-tras-el-partido-de-champions-del-frances\\\/\",\"name\":\"Kylian Mbapp\u00e9 es el gran sue\u00f1o para el Real Madrid\",\"isPartOf\":{\"@id\":\"https:\\\/\\\/www.revistarambla.com\\\/#website\"},\"primaryImageOfPage\":{\"@id\":\"https:\\\/\\\/www.revistarambla.com\\\/tomas-elias-gonzalez-benitez-mbappe-es-el-gran-sueno-para-el-real-madrid-tras-el-partido-de-champions-del-frances\\\/#primaryimage\"},\"image\":{\"@id\":\"https:\\\/\\\/www.revistarambla.com\\\/tomas-elias-gonzalez-benitez-mbappe-es-el-gran-sueno-para-el-real-madrid-tras-el-partido-de-champions-del-frances\\\/#primaryimage\"},\"thumbnailUrl\":\"https:\\\/\\\/www.revistarambla.com\\\/wp-content\\\/uploads\\\/2022\\\/02\\\/unnamed-2.jpg\",\"datePublished\":\"2022-02-22T12:17:23+00:00\",\"dateModified\":\"2024-05-12T17:53:12+00:00\",\"description\":\"El fichaje de Kylian Mbapp\u00e9, por el Real Madrid, es un sue\u00f1o para el club, sobre todo despu\u00e9s de la actuaci\u00f3n del franc\u00e9s en la Champions.\",\"breadcrumb\":{\"@id\":\"https:\\\/\\\/www.revistarambla.com\\\/tomas-elias-gonzalez-benitez-mbappe-es-el-gran-sueno-para-el-real-madrid-tras-el-partido-de-champions-del-frances\\\/#breadcrumb\"},\"inLanguage\":\"en-GB\",\"potentialAction\":[{\"@type\":\"ReadAction\",\"target\":[\"https:\\\/\\\/www.revistarambla.com\\\/tomas-elias-gonzalez-benitez-mbappe-es-el-gran-sueno-para-el-real-madrid-tras-el-partido-de-champions-del-frances\\\/\"]}]},{\"@type\":\"ImageObject\",\"inLanguage\":\"en-GB\",\"@id\":\"https:\\\/\\\/www.revistarambla.com\\\/tomas-elias-gonzalez-benitez-mbappe-es-el-gran-sueno-para-el-real-madrid-tras-el-partido-de-champions-del-frances\\\/#primaryimage\",\"url\":\"https:\\\/\\\/www.revistarambla.com\\\/wp-content\\\/uploads\\\/2022\\\/02\\\/unnamed-2.jpg\",\"contentUrl\":\"https:\\\/\\\/www.revistarambla.com\\\/wp-content\\\/uploads\\\/2022\\\/02\\\/unnamed-2.jpg\",\"width\":512,\"height\":341,\"caption\":\"estadio futbol real madrid santiago bernabeu Kylian Mbapp\u00e9\"},{\"@type\":\"BreadcrumbList\",\"@id\":\"https:\\\/\\\/www.revistarambla.com\\\/tomas-elias-gonzalez-benitez-mbappe-es-el-gran-sueno-para-el-real-madrid-tras-el-partido-de-champions-del-frances\\\/#breadcrumb\",\"itemListElement\":[{\"@type\":\"ListItem\",\"position\":1,\"name\":\"Portada\",\"item\":\"https:\\\/\\\/www.revistarambla.com\\\/\"},{\"@type\":\"ListItem\",\"position\":2,\"name\":\"Tom\u00e1s El\u00edas Gonz\u00e1lez Ben\u00edtez: &#8220;Mbapp\u00e9 es el gran sue\u00f1o para el Real Madrid tras el partido de Champions del franc\u00e9s&#8221;\"}]},{\"@type\":\"WebSite\",\"@id\":\"https:\\\/\\\/www.revistarambla.com\\\/#website\",\"url\":\"https:\\\/\\\/www.revistarambla.com\\\/\",\"name\":\"Revista Rambla Barcelona\",\"description\":\"Periodismo independiente\",\"publisher\":{\"@id\":\"https:\\\/\\\/www.revistarambla.com\\\/#organization\"},\"potentialAction\":[{\"@type\":\"SearchAction\",\"target\":{\"@type\":\"EntryPoint\",\"urlTemplate\":\"https:\\\/\\\/www.revistarambla.com\\\/?s={search_term_string}\"},\"query-input\":{\"@type\":\"PropertyValueSpecification\",\"valueRequired\":true,\"valueName\":\"search_term_string\"}}],\"inLanguage\":\"en-GB\"},{\"@type\":\"Organization\",\"@id\":\"https:\\\/\\\/www.revistarambla.com\\\/#organization\",\"name\":\"Revista Rambla\",\"url\":\"https:\\\/\\\/www.revistarambla.com\\\/\",\"logo\":{\"@type\":\"ImageObject\",\"inLanguage\":\"en-GB\",\"@id\":\"https:\\\/\\\/www.revistarambla.com\\\/#\\\/schema\\\/logo\\\/image\\\/\",\"url\":\"https:\\\/\\\/www.revistarambla.com\\\/wp-content\\\/uploads\\\/2020\\\/09\\\/banner_rambla_1900x600_BB.png\",\"contentUrl\":\"https:\\\/\\\/www.revistarambla.com\\\/wp-content\\\/uploads\\\/2020\\\/09\\\/banner_rambla_1900x600_BB.png\",\"width\":1900,\"height\":600,\"caption\":\"Revista Rambla\"},\"image\":{\"@id\":\"https:\\\/\\\/www.revistarambla.com\\\/#\\\/schema\\\/logo\\\/image\\\/\"},\"sameAs\":[\"https:\\\/\\\/www.facebook.com\\\/revistarambla\\\/\",\"https:\\\/\\\/x.com\\\/revistarambla\",\"https:\\\/\\\/www.instagram.com\\\/revista_rambla\",\"https:\\\/\\\/es.linkedin.com\\\/company\\\/revista-rambla\"]},{\"@type\":\"Person\",\"@id\":\"https:\\\/\\\/www.revistarambla.com\\\/#\\\/schema\\\/person\\\/a146a5a2550b94981a75131180e1bd9c\",\"name\":\"R@mbla\",\"description\":\"Este art\u00edculo ha sido redactado y\\\/o validado por el equipo de redacci\u00f3n de Revista Rambla.\",\"sameAs\":[\"https:\\\/\\\/www.revistarambla.com\\\/\",\"https:\\\/\\\/www.facebook.com\\\/revistarambla\",\"https:\\\/\\\/x.com\\\/revistarambla\"]}]}<\/script>\n<!-- \/ Yoast SEO plugin. -->","yoast_head_json":{"title":"Kylian Mbapp\u00e9 es el gran sue\u00f1o para el Real Madrid","description":"El fichaje de Kylian Mbapp\u00e9, por el Real Madrid, es un sue\u00f1o para el club, sobre todo despu\u00e9s de la actuaci\u00f3n del franc\u00e9s en la Champions.","robots":{"index":"index","follow":"follow","max-snippet":"max-snippet:-1","max-image-preview":"max-image-preview:large","max-video-preview":"max-video-preview:-1"},"canonical":"https:\/\/www.revistarambla.com\/en\/tomas-elias-gonzalez-benitez-mbappe-es-el-gran-sueno-para-el-real-madrid-tras-el-partido-de-champions-del-frances\/","og_locale":"en_GB","og_type":"article","og_title":"Kylian Mbapp\u00e9 es el gran sue\u00f1o para el Real Madrid","og_description":"El fichaje de Kylian Mbapp\u00e9, por el Real Madrid, es un sue\u00f1o para el club, sobre todo despu\u00e9s de la actuaci\u00f3n del franc\u00e9s en la Champions.","og_url":"https:\/\/www.revistarambla.com\/en\/tomas-elias-gonzalez-benitez-mbappe-es-el-gran-sueno-para-el-real-madrid-tras-el-partido-de-champions-del-frances\/","og_site_name":"Revista Rambla","article_publisher":"https:\/\/www.facebook.com\/revistarambla\/","article_author":"https:\/\/www.facebook.com\/revistarambla","article_published_time":"2022-02-22T12:17:23+00:00","article_modified_time":"2024-05-12T17:53:12+00:00","og_image":[{"width":512,"height":341,"url":"https:\/\/www.revistarambla.com\/wp-content\/uploads\/2022\/02\/unnamed-2.jpg","type":"image\/jpeg"}],"author":"R@mbla","twitter_card":"summary_large_image","twitter_creator":"@revistarambla","twitter_site":"@revistarambla","twitter_misc":{"Written by":"R@mbla","Estimated reading time":"3 minutes"},"schema":{"@context":"https:\/\/schema.org","@graph":[{"@type":"Article","@id":"https:\/\/www.revistarambla.com\/tomas-elias-gonzalez-benitez-mbappe-es-el-gran-sueno-para-el-real-madrid-tras-el-partido-de-champions-del-frances\/#article","isPartOf":{"@id":"https:\/\/www.revistarambla.com\/tomas-elias-gonzalez-benitez-mbappe-es-el-gran-sueno-para-el-real-madrid-tras-el-partido-de-champions-del-frances\/"},"author":{"name":"R@mbla","@id":"https:\/\/www.revistarambla.com\/#\/schema\/person\/a146a5a2550b94981a75131180e1bd9c"},"headline":"Tom\u00e1s El\u00edas Gonz\u00e1lez Ben\u00edtez: \u00abMbapp\u00e9 es el gran sue\u00f1o para el Real Madrid tras el partido de Champions del franc\u00e9s\u00bb","datePublished":"2022-02-22T12:17:23+00:00","dateModified":"2024-05-12T17:53:12+00:00","mainEntityOfPage":{"@id":"https:\/\/www.revistarambla.com\/tomas-elias-gonzalez-benitez-mbappe-es-el-gran-sueno-para-el-real-madrid-tras-el-partido-de-champions-del-frances\/"},"wordCount":544,"publisher":{"@id":"https:\/\/www.revistarambla.com\/#organization"},"image":{"@id":"https:\/\/www.revistarambla.com\/tomas-elias-gonzalez-benitez-mbappe-es-el-gran-sueno-para-el-real-madrid-tras-el-partido-de-champions-del-frances\/#primaryimage"},"thumbnailUrl":"https:\/\/www.revistarambla.com\/wp-content\/uploads\/2022\/02\/unnamed-2.jpg","articleSection":["Otras Noticias"],"inLanguage":"en-GB"},{"@type":"WebPage","@id":"https:\/\/www.revistarambla.com\/tomas-elias-gonzalez-benitez-mbappe-es-el-gran-sueno-para-el-real-madrid-tras-el-partido-de-champions-del-frances\/","url":"https:\/\/www.revistarambla.com\/tomas-elias-gonzalez-benitez-mbappe-es-el-gran-sueno-para-el-real-madrid-tras-el-partido-de-champions-del-frances\/","name":"Kylian Mbapp\u00e9 es el gran sue\u00f1o para el Real Madrid","isPartOf":{"@id":"https:\/\/www.revistarambla.com\/#website"},"primaryImageOfPage":{"@id":"https:\/\/www.revistarambla.com\/tomas-elias-gonzalez-benitez-mbappe-es-el-gran-sueno-para-el-real-madrid-tras-el-partido-de-champions-del-frances\/#primaryimage"},"image":{"@id":"https:\/\/www.revistarambla.com\/tomas-elias-gonzalez-benitez-mbappe-es-el-gran-sueno-para-el-real-madrid-tras-el-partido-de-champions-del-frances\/#primaryimage"},"thumbnailUrl":"https:\/\/www.revistarambla.com\/wp-content\/uploads\/2022\/02\/unnamed-2.jpg","datePublished":"2022-02-22T12:17:23+00:00","dateModified":"2024-05-12T17:53:12+00:00","description":"El fichaje de Kylian Mbapp\u00e9, por el Real Madrid, es un sue\u00f1o para el club, sobre todo despu\u00e9s de la actuaci\u00f3n del franc\u00e9s en la Champions.","breadcrumb":{"@id":"https:\/\/www.revistarambla.com\/tomas-elias-gonzalez-benitez-mbappe-es-el-gran-sueno-para-el-real-madrid-tras-el-partido-de-champions-del-frances\/#breadcrumb"},"inLanguage":"en-GB","potentialAction":[{"@type":"ReadAction","target":["https:\/\/www.revistarambla.com\/tomas-elias-gonzalez-benitez-mbappe-es-el-gran-sueno-para-el-real-madrid-tras-el-partido-de-champions-del-frances\/"]}]},{"@type":"ImageObject","inLanguage":"en-GB","@id":"https:\/\/www.revistarambla.com\/tomas-elias-gonzalez-benitez-mbappe-es-el-gran-sueno-para-el-real-madrid-tras-el-partido-de-champions-del-frances\/#primaryimage","url":"https:\/\/www.revistarambla.com\/wp-content\/uploads\/2022\/02\/unnamed-2.jpg","contentUrl":"https:\/\/www.revistarambla.com\/wp-content\/uploads\/2022\/02\/unnamed-2.jpg","width":512,"height":341,"caption":"estadio futbol real madrid santiago bernabeu Kylian Mbapp\u00e9"},{"@type":"BreadcrumbList","@id":"https:\/\/www.revistarambla.com\/tomas-elias-gonzalez-benitez-mbappe-es-el-gran-sueno-para-el-real-madrid-tras-el-partido-de-champions-del-frances\/#breadcrumb","itemListElement":[{"@type":"ListItem","position":1,"name":"Portada","item":"https:\/\/www.revistarambla.com\/"},{"@type":"ListItem","position":2,"name":"Tom\u00e1s El\u00edas Gonz\u00e1lez Ben\u00edtez: &#8220;Mbapp\u00e9 es el gran sue\u00f1o para el Real Madrid tras el partido de Champions del franc\u00e9s&#8221;"}]},{"@type":"WebSite","@id":"https:\/\/www.revistarambla.com\/#website","url":"https:\/\/www.revistarambla.com\/","name":"Revista Rambla Barcelona","description":"Periodismo independiente","publisher":{"@id":"https:\/\/www.revistarambla.com\/#organization"},"potentialAction":[{"@type":"SearchAction","target":{"@type":"EntryPoint","urlTemplate":"https:\/\/www.revistarambla.com\/?s={search_term_string}"},"query-input":{"@type":"PropertyValueSpecification","valueRequired":true,"valueName":"search_term_string"}}],"inLanguage":"en-GB"},{"@type":"Organization","@id":"https:\/\/www.revistarambla.com\/#organization","name":"Revista Rambla","url":"https:\/\/www.revistarambla.com\/","logo":{"@type":"ImageObject","inLanguage":"en-GB","@id":"https:\/\/www.revistarambla.com\/#\/schema\/logo\/image\/","url":"https:\/\/www.revistarambla.com\/wp-content\/uploads\/2020\/09\/banner_rambla_1900x600_BB.png","contentUrl":"https:\/\/www.revistarambla.com\/wp-content\/uploads\/2020\/09\/banner_rambla_1900x600_BB.png","width":1900,"height":600,"caption":"Revista Rambla"},"image":{"@id":"https:\/\/www.revistarambla.com\/#\/schema\/logo\/image\/"},"sameAs":["https:\/\/www.facebook.com\/revistarambla\/","https:\/\/x.com\/revistarambla","https:\/\/www.instagram.com\/revista_rambla","https:\/\/es.linkedin.com\/company\/revista-rambla"]},{"@type":"Person","@id":"https:\/\/www.revistarambla.com\/#\/schema\/person\/a146a5a2550b94981a75131180e1bd9c","name":"R@mbla","description":"Este art\u00edculo ha sido redactado y\/o validado por el equipo de redacci\u00f3n de Revista Rambla.","sameAs":["https:\/\/www.revistarambla.com\/","https:\/\/www.facebook.com\/revistarambla","https:\/\/x.com\/revistarambla"]}]}},"_links":{"self":[{"href":"https:\/\/www.revistarambla.com\/en\/wp-json\/wp\/v2\/posts\/39335","targetHints":{"allow":["GET"]}}],"collection":[{"href":"https:\/\/www.revistarambla.com\/en\/wp-json\/wp\/v2\/posts"}],"about":[{"href":"https:\/\/www.revistarambla.com\/en\/wp-json\/wp\/v2\/types\/post"}],"author":[{"embeddable":true,"href":"https:\/\/www.revistarambla.com\/en\/wp-json\/wp\/v2\/users\/3"}],"replies":[{"embeddable":true,"href":"https:\/\/www.revistarambla.com\/en\/wp-json\/wp\/v2\/comments?post=39335"}],"version-history":[{"count":3,"href":"https:\/\/www.revistarambla.com\/en\/wp-json\/wp\/v2\/posts\/39335\/revisions"}],"predecessor-version":[{"id":60246,"href":"https:\/\/www.revistarambla.com\/en\/wp-json\/wp\/v2\/posts\/39335\/revisions\/60246"}],"wp:featuredmedia":[{"embeddable":true,"href":"https:\/\/www.revistarambla.com\/en\/wp-json\/wp\/v2\/media\/39336"}],"wp:attachment":[{"href":"https:\/\/www.revistarambla.com\/en\/wp-json\/wp\/v2\/media?parent=39335"}],"wp:term":[{"taxonomy":"category","embeddable":true,"href":"https:\/\/www.revistarambla.com\/en\/wp-json\/wp\/v2\/categories?post=39335"},{"taxonomy":"post_tag","embeddable":true,"href":"https:\/\/www.revistarambla.com\/en\/wp-json\/wp\/v2\/tags?post=39335"}],"curies":[{"name":"wp","href":"https:\/\/api.w.org\/{rel}","templated":true}]}}