{"id":3918,"date":"2013-09-06T16:04:06","date_gmt":"2013-09-06T16:04:06","guid":{"rendered":"https:\/\/www.revistarambla.com\/damasco-entre-ulises-y-el-lobo-feroz\/"},"modified":"2024-04-27T14:52:24","modified_gmt":"2024-04-27T12:52:24","slug":"damasco-entre-ulises-y-el-lobo-feroz","status":"publish","type":"post","link":"https:\/\/www.revistarambla.com\/en\/damasco-entre-ulises-y-el-lobo-feroz\/","title":{"rendered":"Damasco: entre Ulises y el lobo feroz"},"content":{"rendered":"<p>El relato tiene en las tradiciones orales el potente poder de la cohesi\u00f3n. Su desarrollo fortalece los lazos entre los individuos, refuerza las identidades y articula esa misteriosa cadena que nos conduce desde las oscuridades del ayer a las incertidumbres del ma\u00f1ana. Por eso, la fuerza del relato no puede descansar en la sorpresa, territorio de la inc\u00f3gnita y el desasosiego, sino en el \u00e1mbito tranquilizador de lo previsible, donde todo se repite con la misma exactitud, el mismo ritmo, la misma cadencia. Eso explica por qu\u00e9, aunque conozcamos todos los detalles, nunca nos defrauda volver a escuchar un mill\u00f3n de veces las mismas vicisitudes de Ulises en su regreso a Itaca o la habilidad con que el cazador destrip\u00f3 al lobo para rescatar a Caperucita. Es el caso de Damasco: entre Ulises y el lobo feroz.<\/p>\n<p>Estas reacciones no han quedado relegadas a los tiempos mitol\u00f3gicos, las ex\u00f3ticas geograf\u00edas tribales o los pl\u00e1cidos momentos de los cuentos infantiles para dormir. No. La bals\u00e1mica propiedad de los relatos tambi\u00e9n sabe adaptarse a estos tiempos l\u00edquidos de los mass media y los or\u00e1culos 2.0. Y as\u00ed hemos podido comprobarlo en la pol\u00e9mica que en las \u00faltimas semanas recorren las nuevas p\u00e1ginas virtuales de los peri\u00f3dicos y\u00a0las redes sociales, a prop\u00f3sito del ataque de Estados Unidos contra <a href=\"https:\/\/www.revistarambla.com\/en\/siria\/\">Bashar al-Asad<\/a>. Un ruido medi\u00e1tico y social que sorprende especialmente despu\u00e9s de tanto silencio frente a una carnicer\u00eda que comenz\u00f3 un remoto marzo de 2011 cuando unos adolescentes\u00a0escribieron \u201clibertad\u201d en una perdida pared de Daraa.<\/p>\n<p>Silencio frente a lo que se desconoce, se escapa de nuestras coordenadas ideol\u00f3gicas o, simplemente, se desprecia con la indiferencia. Un mutismo ensordecedor que contrasta con la vociferante agresividad con que hoy todos parecen acercarse al drama sirio en Damasco, con la recobrada seguridad de saberlo integrado en las certezas de los antiguos relatos. Es as\u00ed como los informativos vuelven a abrir con las historias tenebrosas de las armas de destrucci\u00f3n masiva, de los ataques qu\u00edmicos, como si hasta ahora los miles de cad\u00e1veres surgidos del golpe, el plomo o la metralla tuvieran el consuelo de una pretendida agon\u00eda limpia. Con el relato, John Kerry recupera la seguridad anhelada frente a un Oriente Medio que la invasi\u00f3n de <a href=\"https:\/\/www.revistarambla.com\/en\/biden-dice-que-su-hijo-perdio-la-vida-en-irak-aunque-en-realidad-murio-de-cancer\/\">Iraq<\/a> hace tiempo que hizo saltar por los aires y donde todos los protagonistas de la zona se empe\u00f1an en mover ficha por iniciativa propia para mayor perplejidad norteamericana: los teocr\u00e1ticos monarcas del Golfo, los teocr\u00e1ticos republicanos de Ir\u00e1n, los teocr\u00e1ticos socios de Tel Aviv, los emergentes turcos\u2026 y, para colmo de la desfachatez, hasta los propios pueblos \u00e1rabes.<\/p>\n<p>El otro relato tambi\u00e9n se viste con los elegantes ropajes, aunque en este caso los trazos est\u00e1n m\u00e1s cerca de la \u00e9pica realista de Deyneka que de Walt Disney. Tras a\u00f1os de mutismo, por fin, la amenaza de <a href=\"https:\/\/www.revistarambla.com\/en\/obama-es-el-que-mas-crudamente-ha-tratado-el-asunto-del-bloqueo-declara-la-doctora-cubana-tania-lizz-aguilar\/\">Obama<\/a> les permite lanzar a los cuatro vientos de ninguna parte el rotundo: \u00a1ya lo sab\u00eda yo! Y de nuevo no son pocos los que se aprestan a agarrarse al incandescente clavo de salvaci\u00f3n de la denuncia del complot imperialista, a loar la gesta del heroico pueblo que dirigido por Assad se sacrifica en la misi\u00f3n hist\u00f3rica de frenar el sionismo y construir el pretendido socialismo panarabista con el desinteresado apoyo de mandatarios progresistas como <a href=\"https:\/\/www.revistarambla.com\/en\/los-jovenes-que-no-caminaran-detras-de-putin-volumen-uno\/\">Vlad\u00edmir Putin<\/a> o Al\u00edJamenei. Y puestos a rescatar viejas narraciones, hasta se recupera sin sonrojo las sombras del troskismo que se proyectan hacia todo aquel que no comparta tan clarificador relato, convencidos como est\u00e1n de que -si a\u00fan viviera- <a href=\"https:\/\/www.revistarambla.com\/en\/homenaje-a-andreu-nin-en-el-parlament\/\">Andreu Nin<\/a> trabajar\u00eda para la CIA en <a href=\"https:\/\/www.revistarambla.com\/en\/24-cosas-sobre-isis-y-al-qaeda-que-no-quieren-que-sepas\/\">Al Qaeda<\/a>.<\/p>\n<p>Los viejos relatos rescatados, con sus estridencias e histrionismos, nos devuelven as\u00ed por las sendas ya transitadas de la realpolitk, esa que se pinta con las sencillas pinceladas del blanco o negro. M\u00e1s a\u00fan, si la leyenda de la democracia de ca\u00f1onera hace mucho tiempo que sobrepas\u00f3 los l\u00edmites del cinismo, el idealizado mito del antimperialismo tambi\u00e9n se nos presenta cargado de no pocas dosis de patetismo simplificador. En \u00faltima instancia, reaccionarios y conservadores suelen ser los pescadores que salen ganando en las revueltas aguas de estas dicotom\u00edas.<\/p>\n<p>Lucubraciones banales que a muchos, sean del bando que sean, les lleva a pensar que en el mundo \u00e1rabe s\u00f3lo cabe elegir entre la barbarie isl\u00e1mica y la decidida y\/o democr\u00e1tica mano dura, venga esta de la shabbiha, de los militares egipcios, de <a href=\"https:\/\/www.revistarambla.com\/en\/la-estirpe-del-asesino\/\">Netanyahu<\/a> o de los drones yanquis.<\/p>\n<p>Eso s\u00ed, mientras todos se muestran felices tras rescatar del ba\u00fal de los recuerdos los viejos cuentos, poco importan los millares de sirios muertos, torturados, desplazados, exiliados y acorralados en Damasco y en todo el pa\u00eds que aspiran a una historia propia, sin renunciar a ninguna gama de colores, incluso los tonos grises del fracaso. Pobres infelices que entre tanto desgarro han terminado por olvidar que su destino estaba definido en los episodios mil veces repetidos de un antiguo relato, como las desventuras de <a href=\"https:\/\/www.revistarambla.com\/en\/itaca-de-cavafis-ilustrado-por-federico-delicado\/\">Ulises<\/a> o el arrojo de Caperucita frente a un lamentable lobo feroz.<\/p>","protected":false},"excerpt":{"rendered":"<p>El relato tiene en las tradiciones orales el potente poder de la cohesi\u00f3n. Su desarrollo fortalece los lazos entre los individuos, refuerza las identidades y articula esa misteriosa cadena que nos conduce desde las oscuridades del ayer a las incertidumbres del ma\u00f1ana. Por eso, la fuerza del relato no puede [&hellip;]<\/p>\n","protected":false},"author":3,"featured_media":3917,"comment_status":"open","ping_status":"open","sticky":false,"template":"","format":"standard","meta":{"footnotes":""},"categories":[72],"tags":[],"class_list":["post-3918","post","type-post","status-publish","format-standard","has-post-thumbnail","hentry","category-opinion"],"yoast_head":"<!-- This site is optimized with the Yoast SEO plugin v27.5 - https:\/\/yoast.com\/product\/yoast-seo-wordpress\/ -->\n<title>Damasco: entre Ulises y el lobo feroz - Revista Rambla<\/title>\n<meta name=\"description\" content=\"Poco importan los millares de sirios muertos, torturados, desplazados, exiliados y acorralados en Damasco y en todo el pa\u00eds.\" \/>\n<meta name=\"robots\" content=\"index, follow, max-snippet:-1, max-image-preview:large, max-video-preview:-1\" \/>\n<link rel=\"canonical\" href=\"https:\/\/www.revistarambla.com\/en\/damasco-entre-ulises-y-el-lobo-feroz\/\" \/>\n<meta property=\"og:locale\" content=\"en_GB\" \/>\n<meta property=\"og:type\" content=\"article\" \/>\n<meta property=\"og:title\" content=\"Damasco: entre Ulises y el lobo feroz - Revista Rambla\" \/>\n<meta property=\"og:description\" content=\"Poco importan los millares de sirios muertos, torturados, desplazados, exiliados y acorralados en Damasco y en todo el pa\u00eds.\" \/>\n<meta property=\"og:url\" content=\"https:\/\/www.revistarambla.com\/en\/damasco-entre-ulises-y-el-lobo-feroz\/\" \/>\n<meta property=\"og:site_name\" content=\"Revista Rambla\" \/>\n<meta property=\"article:publisher\" content=\"https:\/\/www.facebook.com\/revistarambla\/\" \/>\n<meta property=\"article:author\" content=\"https:\/\/www.facebook.com\/revistarambla\" \/>\n<meta property=\"article:published_time\" content=\"2013-09-06T16:04:06+00:00\" \/>\n<meta property=\"article:modified_time\" content=\"2024-04-27T12:52:24+00:00\" \/>\n<meta property=\"og:image\" content=\"https:\/\/www.revistarambla.com\/wp-content\/uploads\/2013\/09\/siria_02.jpg\" \/>\n\t<meta property=\"og:image:width\" content=\"700\" \/>\n\t<meta property=\"og:image:height\" content=\"436\" \/>\n\t<meta property=\"og:image:type\" content=\"image\/jpeg\" \/>\n<meta name=\"author\" content=\"R@mbla\" \/>\n<meta name=\"twitter:card\" content=\"summary_large_image\" \/>\n<meta name=\"twitter:creator\" content=\"@revistarambla\" \/>\n<meta name=\"twitter:site\" content=\"@revistarambla\" \/>\n<meta name=\"twitter:label1\" content=\"Written by\" \/>\n\t<meta name=\"twitter:data1\" content=\"R@mbla\" \/>\n\t<meta name=\"twitter:label2\" content=\"Estimated reading time\" \/>\n\t<meta name=\"twitter:data2\" content=\"4 minutes\" \/>\n<script type=\"application\/ld+json\" class=\"yoast-schema-graph\">{\"@context\":\"https:\\\/\\\/schema.org\",\"@graph\":[{\"@type\":\"Article\",\"@id\":\"https:\\\/\\\/www.revistarambla.com\\\/damasco-entre-ulises-y-el-lobo-feroz\\\/#article\",\"isPartOf\":{\"@id\":\"https:\\\/\\\/www.revistarambla.com\\\/damasco-entre-ulises-y-el-lobo-feroz\\\/\"},\"author\":{\"name\":\"R@mbla\",\"@id\":\"https:\\\/\\\/www.revistarambla.com\\\/#\\\/schema\\\/person\\\/a146a5a2550b94981a75131180e1bd9c\"},\"headline\":\"Damasco: entre Ulises y el lobo feroz\",\"datePublished\":\"2013-09-06T16:04:06+00:00\",\"dateModified\":\"2024-04-27T12:52:24+00:00\",\"mainEntityOfPage\":{\"@id\":\"https:\\\/\\\/www.revistarambla.com\\\/damasco-entre-ulises-y-el-lobo-feroz\\\/\"},\"wordCount\":883,\"commentCount\":0,\"publisher\":{\"@id\":\"https:\\\/\\\/www.revistarambla.com\\\/#organization\"},\"image\":{\"@id\":\"https:\\\/\\\/www.revistarambla.com\\\/damasco-entre-ulises-y-el-lobo-feroz\\\/#primaryimage\"},\"thumbnailUrl\":\"https:\\\/\\\/www.revistarambla.com\\\/wp-content\\\/uploads\\\/2013\\\/09\\\/siria_02.jpg\",\"articleSection\":[\"Opiniones\"],\"inLanguage\":\"en-GB\",\"potentialAction\":[{\"@type\":\"CommentAction\",\"name\":\"Comment\",\"target\":[\"https:\\\/\\\/www.revistarambla.com\\\/damasco-entre-ulises-y-el-lobo-feroz\\\/#respond\"]}]},{\"@type\":\"WebPage\",\"@id\":\"https:\\\/\\\/www.revistarambla.com\\\/damasco-entre-ulises-y-el-lobo-feroz\\\/\",\"url\":\"https:\\\/\\\/www.revistarambla.com\\\/damasco-entre-ulises-y-el-lobo-feroz\\\/\",\"name\":\"Damasco: entre Ulises y el lobo feroz - Revista Rambla\",\"isPartOf\":{\"@id\":\"https:\\\/\\\/www.revistarambla.com\\\/#website\"},\"primaryImageOfPage\":{\"@id\":\"https:\\\/\\\/www.revistarambla.com\\\/damasco-entre-ulises-y-el-lobo-feroz\\\/#primaryimage\"},\"image\":{\"@id\":\"https:\\\/\\\/www.revistarambla.com\\\/damasco-entre-ulises-y-el-lobo-feroz\\\/#primaryimage\"},\"thumbnailUrl\":\"https:\\\/\\\/www.revistarambla.com\\\/wp-content\\\/uploads\\\/2013\\\/09\\\/siria_02.jpg\",\"datePublished\":\"2013-09-06T16:04:06+00:00\",\"dateModified\":\"2024-04-27T12:52:24+00:00\",\"description\":\"Poco importan los millares de sirios muertos, torturados, desplazados, exiliados y acorralados en Damasco y en todo el pa\u00eds.\",\"breadcrumb\":{\"@id\":\"https:\\\/\\\/www.revistarambla.com\\\/damasco-entre-ulises-y-el-lobo-feroz\\\/#breadcrumb\"},\"inLanguage\":\"en-GB\",\"potentialAction\":[{\"@type\":\"ReadAction\",\"target\":[\"https:\\\/\\\/www.revistarambla.com\\\/damasco-entre-ulises-y-el-lobo-feroz\\\/\"]}]},{\"@type\":\"ImageObject\",\"inLanguage\":\"en-GB\",\"@id\":\"https:\\\/\\\/www.revistarambla.com\\\/damasco-entre-ulises-y-el-lobo-feroz\\\/#primaryimage\",\"url\":\"https:\\\/\\\/www.revistarambla.com\\\/wp-content\\\/uploads\\\/2013\\\/09\\\/siria_02.jpg\",\"contentUrl\":\"https:\\\/\\\/www.revistarambla.com\\\/wp-content\\\/uploads\\\/2013\\\/09\\\/siria_02.jpg\",\"width\":700,\"height\":436,\"caption\":\"DAMASCO SIRIA PROTESTA CASA BLANCA EEUU\"},{\"@type\":\"BreadcrumbList\",\"@id\":\"https:\\\/\\\/www.revistarambla.com\\\/damasco-entre-ulises-y-el-lobo-feroz\\\/#breadcrumb\",\"itemListElement\":[{\"@type\":\"ListItem\",\"position\":1,\"name\":\"Portada\",\"item\":\"https:\\\/\\\/www.revistarambla.com\\\/\"},{\"@type\":\"ListItem\",\"position\":2,\"name\":\"Damasco: entre Ulises y el lobo feroz\"}]},{\"@type\":\"WebSite\",\"@id\":\"https:\\\/\\\/www.revistarambla.com\\\/#website\",\"url\":\"https:\\\/\\\/www.revistarambla.com\\\/\",\"name\":\"Revista Rambla Barcelona\",\"description\":\"Periodismo independiente\",\"publisher\":{\"@id\":\"https:\\\/\\\/www.revistarambla.com\\\/#organization\"},\"potentialAction\":[{\"@type\":\"SearchAction\",\"target\":{\"@type\":\"EntryPoint\",\"urlTemplate\":\"https:\\\/\\\/www.revistarambla.com\\\/?s={search_term_string}\"},\"query-input\":{\"@type\":\"PropertyValueSpecification\",\"valueRequired\":true,\"valueName\":\"search_term_string\"}}],\"inLanguage\":\"en-GB\"},{\"@type\":\"Organization\",\"@id\":\"https:\\\/\\\/www.revistarambla.com\\\/#organization\",\"name\":\"Revista Rambla\",\"url\":\"https:\\\/\\\/www.revistarambla.com\\\/\",\"logo\":{\"@type\":\"ImageObject\",\"inLanguage\":\"en-GB\",\"@id\":\"https:\\\/\\\/www.revistarambla.com\\\/#\\\/schema\\\/logo\\\/image\\\/\",\"url\":\"https:\\\/\\\/www.revistarambla.com\\\/wp-content\\\/uploads\\\/2020\\\/09\\\/banner_rambla_1900x600_BB.png\",\"contentUrl\":\"https:\\\/\\\/www.revistarambla.com\\\/wp-content\\\/uploads\\\/2020\\\/09\\\/banner_rambla_1900x600_BB.png\",\"width\":1900,\"height\":600,\"caption\":\"Revista Rambla\"},\"image\":{\"@id\":\"https:\\\/\\\/www.revistarambla.com\\\/#\\\/schema\\\/logo\\\/image\\\/\"},\"sameAs\":[\"https:\\\/\\\/www.facebook.com\\\/revistarambla\\\/\",\"https:\\\/\\\/x.com\\\/revistarambla\",\"https:\\\/\\\/www.instagram.com\\\/revista_rambla\",\"https:\\\/\\\/es.linkedin.com\\\/company\\\/revista-rambla\"]},{\"@type\":\"Person\",\"@id\":\"https:\\\/\\\/www.revistarambla.com\\\/#\\\/schema\\\/person\\\/a146a5a2550b94981a75131180e1bd9c\",\"name\":\"R@mbla\",\"description\":\"Este art\u00edculo ha sido redactado y\\\/o validado por el equipo de redacci\u00f3n de Revista Rambla.\",\"sameAs\":[\"https:\\\/\\\/www.revistarambla.com\\\/\",\"https:\\\/\\\/www.facebook.com\\\/revistarambla\",\"https:\\\/\\\/x.com\\\/revistarambla\"]}]}<\/script>\n<!-- \/ Yoast SEO plugin. -->","yoast_head_json":{"title":"Damasco: entre Ulises y el lobo feroz - Revista Rambla","description":"Poco importan los millares de sirios muertos, torturados, desplazados, exiliados y acorralados en Damasco y en todo el pa\u00eds.","robots":{"index":"index","follow":"follow","max-snippet":"max-snippet:-1","max-image-preview":"max-image-preview:large","max-video-preview":"max-video-preview:-1"},"canonical":"https:\/\/www.revistarambla.com\/en\/damasco-entre-ulises-y-el-lobo-feroz\/","og_locale":"en_GB","og_type":"article","og_title":"Damasco: entre Ulises y el lobo feroz - Revista Rambla","og_description":"Poco importan los millares de sirios muertos, torturados, desplazados, exiliados y acorralados en Damasco y en todo el pa\u00eds.","og_url":"https:\/\/www.revistarambla.com\/en\/damasco-entre-ulises-y-el-lobo-feroz\/","og_site_name":"Revista Rambla","article_publisher":"https:\/\/www.facebook.com\/revistarambla\/","article_author":"https:\/\/www.facebook.com\/revistarambla","article_published_time":"2013-09-06T16:04:06+00:00","article_modified_time":"2024-04-27T12:52:24+00:00","og_image":[{"width":700,"height":436,"url":"https:\/\/www.revistarambla.com\/wp-content\/uploads\/2013\/09\/siria_02.jpg","type":"image\/jpeg"}],"author":"R@mbla","twitter_card":"summary_large_image","twitter_creator":"@revistarambla","twitter_site":"@revistarambla","twitter_misc":{"Written by":"R@mbla","Estimated reading time":"4 minutes"},"schema":{"@context":"https:\/\/schema.org","@graph":[{"@type":"Article","@id":"https:\/\/www.revistarambla.com\/damasco-entre-ulises-y-el-lobo-feroz\/#article","isPartOf":{"@id":"https:\/\/www.revistarambla.com\/damasco-entre-ulises-y-el-lobo-feroz\/"},"author":{"name":"R@mbla","@id":"https:\/\/www.revistarambla.com\/#\/schema\/person\/a146a5a2550b94981a75131180e1bd9c"},"headline":"Damasco: entre Ulises y el lobo feroz","datePublished":"2013-09-06T16:04:06+00:00","dateModified":"2024-04-27T12:52:24+00:00","mainEntityOfPage":{"@id":"https:\/\/www.revistarambla.com\/damasco-entre-ulises-y-el-lobo-feroz\/"},"wordCount":883,"commentCount":0,"publisher":{"@id":"https:\/\/www.revistarambla.com\/#organization"},"image":{"@id":"https:\/\/www.revistarambla.com\/damasco-entre-ulises-y-el-lobo-feroz\/#primaryimage"},"thumbnailUrl":"https:\/\/www.revistarambla.com\/wp-content\/uploads\/2013\/09\/siria_02.jpg","articleSection":["Opiniones"],"inLanguage":"en-GB","potentialAction":[{"@type":"CommentAction","name":"Comment","target":["https:\/\/www.revistarambla.com\/damasco-entre-ulises-y-el-lobo-feroz\/#respond"]}]},{"@type":"WebPage","@id":"https:\/\/www.revistarambla.com\/damasco-entre-ulises-y-el-lobo-feroz\/","url":"https:\/\/www.revistarambla.com\/damasco-entre-ulises-y-el-lobo-feroz\/","name":"Damasco: entre Ulises y el lobo feroz - Revista Rambla","isPartOf":{"@id":"https:\/\/www.revistarambla.com\/#website"},"primaryImageOfPage":{"@id":"https:\/\/www.revistarambla.com\/damasco-entre-ulises-y-el-lobo-feroz\/#primaryimage"},"image":{"@id":"https:\/\/www.revistarambla.com\/damasco-entre-ulises-y-el-lobo-feroz\/#primaryimage"},"thumbnailUrl":"https:\/\/www.revistarambla.com\/wp-content\/uploads\/2013\/09\/siria_02.jpg","datePublished":"2013-09-06T16:04:06+00:00","dateModified":"2024-04-27T12:52:24+00:00","description":"Poco importan los millares de sirios muertos, torturados, desplazados, exiliados y acorralados en Damasco y en todo el pa\u00eds.","breadcrumb":{"@id":"https:\/\/www.revistarambla.com\/damasco-entre-ulises-y-el-lobo-feroz\/#breadcrumb"},"inLanguage":"en-GB","potentialAction":[{"@type":"ReadAction","target":["https:\/\/www.revistarambla.com\/damasco-entre-ulises-y-el-lobo-feroz\/"]}]},{"@type":"ImageObject","inLanguage":"en-GB","@id":"https:\/\/www.revistarambla.com\/damasco-entre-ulises-y-el-lobo-feroz\/#primaryimage","url":"https:\/\/www.revistarambla.com\/wp-content\/uploads\/2013\/09\/siria_02.jpg","contentUrl":"https:\/\/www.revistarambla.com\/wp-content\/uploads\/2013\/09\/siria_02.jpg","width":700,"height":436,"caption":"DAMASCO SIRIA PROTESTA CASA BLANCA EEUU"},{"@type":"BreadcrumbList","@id":"https:\/\/www.revistarambla.com\/damasco-entre-ulises-y-el-lobo-feroz\/#breadcrumb","itemListElement":[{"@type":"ListItem","position":1,"name":"Portada","item":"https:\/\/www.revistarambla.com\/"},{"@type":"ListItem","position":2,"name":"Damasco: entre Ulises y el lobo feroz"}]},{"@type":"WebSite","@id":"https:\/\/www.revistarambla.com\/#website","url":"https:\/\/www.revistarambla.com\/","name":"Revista Rambla Barcelona","description":"Periodismo independiente","publisher":{"@id":"https:\/\/www.revistarambla.com\/#organization"},"potentialAction":[{"@type":"SearchAction","target":{"@type":"EntryPoint","urlTemplate":"https:\/\/www.revistarambla.com\/?s={search_term_string}"},"query-input":{"@type":"PropertyValueSpecification","valueRequired":true,"valueName":"search_term_string"}}],"inLanguage":"en-GB"},{"@type":"Organization","@id":"https:\/\/www.revistarambla.com\/#organization","name":"Revista Rambla","url":"https:\/\/www.revistarambla.com\/","logo":{"@type":"ImageObject","inLanguage":"en-GB","@id":"https:\/\/www.revistarambla.com\/#\/schema\/logo\/image\/","url":"https:\/\/www.revistarambla.com\/wp-content\/uploads\/2020\/09\/banner_rambla_1900x600_BB.png","contentUrl":"https:\/\/www.revistarambla.com\/wp-content\/uploads\/2020\/09\/banner_rambla_1900x600_BB.png","width":1900,"height":600,"caption":"Revista Rambla"},"image":{"@id":"https:\/\/www.revistarambla.com\/#\/schema\/logo\/image\/"},"sameAs":["https:\/\/www.facebook.com\/revistarambla\/","https:\/\/x.com\/revistarambla","https:\/\/www.instagram.com\/revista_rambla","https:\/\/es.linkedin.com\/company\/revista-rambla"]},{"@type":"Person","@id":"https:\/\/www.revistarambla.com\/#\/schema\/person\/a146a5a2550b94981a75131180e1bd9c","name":"R@mbla","description":"Este art\u00edculo ha sido redactado y\/o validado por el equipo de redacci\u00f3n de Revista Rambla.","sameAs":["https:\/\/www.revistarambla.com\/","https:\/\/www.facebook.com\/revistarambla","https:\/\/x.com\/revistarambla"]}]}},"_links":{"self":[{"href":"https:\/\/www.revistarambla.com\/en\/wp-json\/wp\/v2\/posts\/3918","targetHints":{"allow":["GET"]}}],"collection":[{"href":"https:\/\/www.revistarambla.com\/en\/wp-json\/wp\/v2\/posts"}],"about":[{"href":"https:\/\/www.revistarambla.com\/en\/wp-json\/wp\/v2\/types\/post"}],"author":[{"embeddable":true,"href":"https:\/\/www.revistarambla.com\/en\/wp-json\/wp\/v2\/users\/3"}],"replies":[{"embeddable":true,"href":"https:\/\/www.revistarambla.com\/en\/wp-json\/wp\/v2\/comments?post=3918"}],"version-history":[{"count":2,"href":"https:\/\/www.revistarambla.com\/en\/wp-json\/wp\/v2\/posts\/3918\/revisions"}],"predecessor-version":[{"id":59775,"href":"https:\/\/www.revistarambla.com\/en\/wp-json\/wp\/v2\/posts\/3918\/revisions\/59775"}],"wp:featuredmedia":[{"embeddable":true,"href":"https:\/\/www.revistarambla.com\/en\/wp-json\/wp\/v2\/media\/3917"}],"wp:attachment":[{"href":"https:\/\/www.revistarambla.com\/en\/wp-json\/wp\/v2\/media?parent=3918"}],"wp:term":[{"taxonomy":"category","embeddable":true,"href":"https:\/\/www.revistarambla.com\/en\/wp-json\/wp\/v2\/categories?post=3918"},{"taxonomy":"post_tag","embeddable":true,"href":"https:\/\/www.revistarambla.com\/en\/wp-json\/wp\/v2\/tags?post=3918"}],"curies":[{"name":"wp","href":"https:\/\/api.w.org\/{rel}","templated":true}]}}