{"id":39161,"date":"2022-02-14T13:19:54","date_gmt":"2022-02-14T12:19:54","guid":{"rendered":"https:\/\/www.revistarambla.com\/?p=39161"},"modified":"2022-02-14T13:19:54","modified_gmt":"2022-02-14T12:19:54","slug":"consejos-para-organizar-la-primera-comunion","status":"publish","type":"post","link":"https:\/\/www.revistarambla.com\/en\/consejos-para-organizar-la-primera-comunion\/","title":{"rendered":"Consejos para organizar la primera comuni\u00f3n"},"content":{"rendered":"<p>La Primera Comuni\u00f3n es una celebraci\u00f3n <a href=\"https:\/\/www.conferenciaepiscopal.es\/\">cat\u00f3lica<\/a> en el que ni\u00f1o y ni\u00f1as reciben por primera vez el Sacramento de la Eucarist\u00eda. Es un d\u00eda que muchos ni\u00f1os y ni\u00f1as sue\u00f1an celebrar junto a sus familias y amigos.<\/p>\n<p>Para celebrar la <a href=\"https:\/\/www.holyart.es\/ocasiones-especiales\/primera-comunion\">Primera Comuni\u00f3n<\/a> hay que tener muchos aspectos en cuenta, desde el traje, el lugar del banquete, el men\u00fa, las actividades para los ni\u00f1os y un largo etc\u00e9tera. Por eso hoy, os traemos los <b>mejores consejos <\/b>para que empieces a organizar todos los detalles de la Primera Comuni\u00f3n de tu ni\u00f1a o ni\u00f1o.<\/p>\n<h2>Los ni\u00f1os<\/h2>\n<p>Se trata de una fiesta infantil por lo que es fundamental contar la m\u00e1xima participaci\u00f3n y con la opini\u00f3n del protagonista de la fiesta, es decir, el ni\u00f1o o la ni\u00f1a que va a comulgar. Tener en cuenta sus gustos y preferencias, atender sus necesidades, ofrecerle diversi\u00f3n, entre otros para que recuerden siempre su cumplea\u00f1os.<\/p>\n<p>Hacerle part\u00edcipe del proceso de su d\u00eda le har\u00e1 mucha ilusi\u00f3n. Por ello, es importane pensar en todo momento que va dedicado a \u00e9l o ella, pedirle su opini\u00f3n e invitarle a que tome decisiones y a que elija los elementos que quiere que est\u00e9n en su fiesta.<\/p>\n<p>Es recomendable que la fiesta se empiece a preparar con antelaci\u00f3n para resolver cualquier incidente o inconveniente con el m\u00e1ximo tiempo posible.<\/p>\n<h2>Elementos indispensables de la Primera Comuni\u00f3n<\/h2>\n<p>Antes de todo es importante organizar la fiesta con entusiasmo y alegr\u00eda, con una actitud positiva todo saldr\u00e1 mejor. Pero salvaguardando la parte emocional, estos son los ingredientes que no pueden faltar en ninguna celebraci\u00f3n de la Primera Comuni\u00f3n.<\/p>\n<h3>El vestuario<\/h3>\n<p>Es uno de los primeros pasos que debemos tomar. Elegir un <b>vestuario c\u00f3modo <\/b>y que le guste al protagonista es fundamental para que pueda disfrutar al m\u00e1ximo de su d\u00eda. Dejar para el \u00faltimo momento este d\u00eda puede traer consecuencias, ya que puede que no encontremos el traje adecuado y nos toque conformarnos con algo que no estamos convencidos.<\/p>\n<h3>El lugar de la celebraci\u00f3n<\/h3>\n<p>Primero debes saber qu\u00e9 <b>d\u00eda va a comulgar<\/b>, pues en funci\u00f3n del lugar puedes escogerlo o te es asignado, as\u00ed que habla con el p\u00e1rroco de tu Iglesia y confirma la fecha de la Primera Comuni\u00f3n de tu hija o hijo.<\/p>\n<p>Una vez tenemos claro el d\u00eda, acude al lugar donde deseas <b>celebrar el banquete<\/b>, en estas fechas suele estar concurrido de otras comuniones y bodas, as\u00ed que es recomendable escoger el d\u00eda con bastantes meses de antelaci\u00f3n.<\/p>\n<p>En cuanto a las <b>caracter\u00edsticas del lugar <\/b>debes tener en cuenta que el establecimiento cuente con jard\u00edn o con una gran zona, protegida de coches, donde los ni\u00f1os puedan jugar libremente.<\/p>\n<h3>Los accesorios religiosos<\/h3>\n<p>Es importante conseguir los <b>accesorios religiosos<\/b> que va a llevar tu hijo o hija durante este d\u00eda, adem\u00e1s de los peque\u00f1os regalos que vais a dar a los invitados en recuerdo de este d\u00eda. Si est\u00e1s buscando d\u00f3nde comprara <b>productos religiosos en Barcelona<\/b> como colgantes, joyas, portarosarios, orfebrer\u00eda y m\u00e1s art\u00edculos religiosos <a href=\"https:\/\/www.holyart.es\/\">Holyart<\/a> es tu sitio. Una tienda online especializada en todo tipo de <b>accesorios religiosos y liturgia<\/b> en la que podr\u00e1s comprar los regalos a los invitados y los accesorios para tu hijo en su Primera Comuni\u00f3n.<\/p>\n<p>Esta plataforma suministra <b>accesorios religiosos<\/b> a las principales iglesias de Italia, Francia y Espa\u00f1a, y ofrece un servicio online con <b>env\u00edos a domicilio <\/b>a toda Espa\u00f1a. Adem\u00e1s, cuidan mucho la fabricaci\u00f3n de sus art\u00edculos, ya que est\u00e1n realizados por artesanos italianos.<\/p>\n<h3>Un men\u00fa para todas las edades<\/h3>\n<p>Otro de los aspectos fundamentales es la elecci\u00f3n de un <b>men\u00fa <\/b>que se ajuste a todos los gustos. Aunque los protagonistas sean los ni\u00f1os es importante elaborar un men\u00fa que se ajuste a mayores y a ni\u00f1os. Por ello una buena opci\u00f3n es escoger un men\u00fa elaborado y con sabor, pero presentarlo a los m\u00e1s peque\u00f1os de forma divertida y atractiva.<\/p>\n<p>El postre es la parte del men\u00fa que m\u00e1s les gusta a los ni\u00f1os, as\u00ed que escoger una tarta con dibujos o un sabor cl\u00e1sico ser\u00e1 un acierto asegurado.<\/p>\n<h3>Actividades para los ni\u00f1os<\/h3>\n<p>Lo que m\u00e1s les gusta a los ni\u00f1os es jugar y divertirse, as\u00ed que no olvides contratar un <b>servicio de animaciones <\/b>o actividades para poner la guinda final al d\u00eda de la Primera Comuni\u00f3n. Bailes, gymkanas, pintacaras, cuentacuentos, magia, globoflexia o hinchables, son solo algunas de las actividades en los que ni\u00f1os pueden disfrutar y que seguro que les encanta.<\/p>\n<p>Existen servicios de profesionales que se encargan de vigilar a los peque\u00f1os durante toda la tarde mientras se divierten, as\u00ed los padres podr\u00e1n estar m\u00e1s tranquilo al saber que sus hijos est\u00e1n a buen recaudo.<\/p>\n<p>As\u00ed que si has tomado apuntes es hora de ponerse manos a la obra, porque ya quedan pocos meses para celebrar el D\u00eda de la Primera Comuni\u00f3n de tu hijo o hija.<\/p>","protected":false},"excerpt":{"rendered":"<p>La Primera Comuni\u00f3n es una celebraci\u00f3n cat\u00f3lica en el que ni\u00f1o y ni\u00f1as reciben por primera vez el Sacramento de la Eucarist\u00eda. Es un d\u00eda que muchos ni\u00f1os y ni\u00f1as sue\u00f1an celebrar junto a sus familias y amigos. Para celebrar la Primera Comuni\u00f3n hay que tener muchos aspectos en cuenta, [&hellip;]<\/p>\n","protected":false},"author":3,"featured_media":39162,"comment_status":"closed","ping_status":"open","sticky":false,"template":"","format":"standard","meta":{"footnotes":""},"categories":[350],"tags":[],"class_list":["post-39161","post","type-post","status-publish","format-standard","has-post-thumbnail","hentry","category-miscelanea"],"yoast_head":"<!-- This site is optimized with the Yoast SEO plugin v27.5 - https:\/\/yoast.com\/product\/yoast-seo-wordpress\/ -->\n<title>Consejos para organizar la primera comuni\u00f3n - Revista Rambla<\/title>\n<meta name=\"robots\" content=\"index, follow, max-snippet:-1, max-image-preview:large, max-video-preview:-1\" \/>\n<link rel=\"canonical\" href=\"https:\/\/www.revistarambla.com\/en\/consejos-para-organizar-la-primera-comunion\/\" \/>\n<meta property=\"og:locale\" content=\"en_GB\" \/>\n<meta property=\"og:type\" content=\"article\" \/>\n<meta property=\"og:title\" content=\"Consejos para organizar la primera comuni\u00f3n - Revista Rambla\" \/>\n<meta property=\"og:description\" content=\"La Primera Comuni\u00f3n es una celebraci\u00f3n cat\u00f3lica en el que ni\u00f1o y ni\u00f1as reciben por primera vez el Sacramento de la Eucarist\u00eda. Es un d\u00eda que muchos ni\u00f1os y ni\u00f1as sue\u00f1an celebrar junto a sus familias y amigos. Para celebrar la Primera Comuni\u00f3n hay que tener muchos aspectos en cuenta, [&hellip;]\" \/>\n<meta property=\"og:url\" content=\"https:\/\/www.revistarambla.com\/en\/consejos-para-organizar-la-primera-comunion\/\" \/>\n<meta property=\"og:site_name\" content=\"Revista Rambla\" \/>\n<meta property=\"article:publisher\" content=\"https:\/\/www.facebook.com\/revistarambla\/\" \/>\n<meta property=\"article:author\" content=\"https:\/\/www.facebook.com\/revistarambla\" \/>\n<meta property=\"article:published_time\" content=\"2022-02-14T12:19:54+00:00\" \/>\n<meta property=\"og:image\" content=\"https:\/\/www.revistarambla.com\/wp-content\/uploads\/2022\/02\/phpGKlALp620a2348096be.jpg\" \/>\n\t<meta property=\"og:image:width\" content=\"870\" \/>\n\t<meta property=\"og:image:height\" content=\"580\" \/>\n\t<meta property=\"og:image:type\" content=\"image\/jpeg\" \/>\n<meta name=\"author\" content=\"R@mbla\" \/>\n<meta name=\"twitter:card\" content=\"summary_large_image\" \/>\n<meta name=\"twitter:creator\" content=\"@revistarambla\" \/>\n<meta name=\"twitter:site\" content=\"@revistarambla\" \/>\n<meta name=\"twitter:label1\" content=\"Written by\" \/>\n\t<meta name=\"twitter:data1\" content=\"R@mbla\" \/>\n\t<meta name=\"twitter:label2\" content=\"Estimated reading time\" \/>\n\t<meta name=\"twitter:data2\" content=\"4 minutes\" \/>\n<script type=\"application\/ld+json\" class=\"yoast-schema-graph\">{\"@context\":\"https:\\\/\\\/schema.org\",\"@graph\":[{\"@type\":\"Article\",\"@id\":\"https:\\\/\\\/www.revistarambla.com\\\/consejos-para-organizar-la-primera-comunion\\\/#article\",\"isPartOf\":{\"@id\":\"https:\\\/\\\/www.revistarambla.com\\\/consejos-para-organizar-la-primera-comunion\\\/\"},\"author\":{\"name\":\"R@mbla\",\"@id\":\"https:\\\/\\\/www.revistarambla.com\\\/#\\\/schema\\\/person\\\/a146a5a2550b94981a75131180e1bd9c\"},\"headline\":\"Consejos para organizar la primera comuni\u00f3n\",\"datePublished\":\"2022-02-14T12:19:54+00:00\",\"mainEntityOfPage\":{\"@id\":\"https:\\\/\\\/www.revistarambla.com\\\/consejos-para-organizar-la-primera-comunion\\\/\"},\"wordCount\":895,\"publisher\":{\"@id\":\"https:\\\/\\\/www.revistarambla.com\\\/#organization\"},\"image\":{\"@id\":\"https:\\\/\\\/www.revistarambla.com\\\/consejos-para-organizar-la-primera-comunion\\\/#primaryimage\"},\"thumbnailUrl\":\"https:\\\/\\\/www.revistarambla.com\\\/wp-content\\\/uploads\\\/2022\\\/02\\\/phpGKlALp620a2348096be.jpg\",\"articleSection\":[\"Noticias de la vida\"],\"inLanguage\":\"en-GB\"},{\"@type\":\"WebPage\",\"@id\":\"https:\\\/\\\/www.revistarambla.com\\\/consejos-para-organizar-la-primera-comunion\\\/\",\"url\":\"https:\\\/\\\/www.revistarambla.com\\\/consejos-para-organizar-la-primera-comunion\\\/\",\"name\":\"Consejos para organizar la primera comuni\u00f3n - Revista Rambla\",\"isPartOf\":{\"@id\":\"https:\\\/\\\/www.revistarambla.com\\\/#website\"},\"primaryImageOfPage\":{\"@id\":\"https:\\\/\\\/www.revistarambla.com\\\/consejos-para-organizar-la-primera-comunion\\\/#primaryimage\"},\"image\":{\"@id\":\"https:\\\/\\\/www.revistarambla.com\\\/consejos-para-organizar-la-primera-comunion\\\/#primaryimage\"},\"thumbnailUrl\":\"https:\\\/\\\/www.revistarambla.com\\\/wp-content\\\/uploads\\\/2022\\\/02\\\/phpGKlALp620a2348096be.jpg\",\"datePublished\":\"2022-02-14T12:19:54+00:00\",\"breadcrumb\":{\"@id\":\"https:\\\/\\\/www.revistarambla.com\\\/consejos-para-organizar-la-primera-comunion\\\/#breadcrumb\"},\"inLanguage\":\"en-GB\",\"potentialAction\":[{\"@type\":\"ReadAction\",\"target\":[\"https:\\\/\\\/www.revistarambla.com\\\/consejos-para-organizar-la-primera-comunion\\\/\"]}]},{\"@type\":\"ImageObject\",\"inLanguage\":\"en-GB\",\"@id\":\"https:\\\/\\\/www.revistarambla.com\\\/consejos-para-organizar-la-primera-comunion\\\/#primaryimage\",\"url\":\"https:\\\/\\\/www.revistarambla.com\\\/wp-content\\\/uploads\\\/2022\\\/02\\\/phpGKlALp620a2348096be.jpg\",\"contentUrl\":\"https:\\\/\\\/www.revistarambla.com\\\/wp-content\\\/uploads\\\/2022\\\/02\\\/phpGKlALp620a2348096be.jpg\",\"width\":870,\"height\":580},{\"@type\":\"BreadcrumbList\",\"@id\":\"https:\\\/\\\/www.revistarambla.com\\\/consejos-para-organizar-la-primera-comunion\\\/#breadcrumb\",\"itemListElement\":[{\"@type\":\"ListItem\",\"position\":1,\"name\":\"Portada\",\"item\":\"https:\\\/\\\/www.revistarambla.com\\\/\"},{\"@type\":\"ListItem\",\"position\":2,\"name\":\"Consejos para organizar la primera comuni\u00f3n\"}]},{\"@type\":\"WebSite\",\"@id\":\"https:\\\/\\\/www.revistarambla.com\\\/#website\",\"url\":\"https:\\\/\\\/www.revistarambla.com\\\/\",\"name\":\"Revista Rambla Barcelona\",\"description\":\"Periodismo independiente\",\"publisher\":{\"@id\":\"https:\\\/\\\/www.revistarambla.com\\\/#organization\"},\"potentialAction\":[{\"@type\":\"SearchAction\",\"target\":{\"@type\":\"EntryPoint\",\"urlTemplate\":\"https:\\\/\\\/www.revistarambla.com\\\/?s={search_term_string}\"},\"query-input\":{\"@type\":\"PropertyValueSpecification\",\"valueRequired\":true,\"valueName\":\"search_term_string\"}}],\"inLanguage\":\"en-GB\"},{\"@type\":\"Organization\",\"@id\":\"https:\\\/\\\/www.revistarambla.com\\\/#organization\",\"name\":\"Revista Rambla\",\"url\":\"https:\\\/\\\/www.revistarambla.com\\\/\",\"logo\":{\"@type\":\"ImageObject\",\"inLanguage\":\"en-GB\",\"@id\":\"https:\\\/\\\/www.revistarambla.com\\\/#\\\/schema\\\/logo\\\/image\\\/\",\"url\":\"https:\\\/\\\/www.revistarambla.com\\\/wp-content\\\/uploads\\\/2020\\\/09\\\/banner_rambla_1900x600_BB.png\",\"contentUrl\":\"https:\\\/\\\/www.revistarambla.com\\\/wp-content\\\/uploads\\\/2020\\\/09\\\/banner_rambla_1900x600_BB.png\",\"width\":1900,\"height\":600,\"caption\":\"Revista Rambla\"},\"image\":{\"@id\":\"https:\\\/\\\/www.revistarambla.com\\\/#\\\/schema\\\/logo\\\/image\\\/\"},\"sameAs\":[\"https:\\\/\\\/www.facebook.com\\\/revistarambla\\\/\",\"https:\\\/\\\/x.com\\\/revistarambla\",\"https:\\\/\\\/www.instagram.com\\\/revista_rambla\",\"https:\\\/\\\/es.linkedin.com\\\/company\\\/revista-rambla\"]},{\"@type\":\"Person\",\"@id\":\"https:\\\/\\\/www.revistarambla.com\\\/#\\\/schema\\\/person\\\/a146a5a2550b94981a75131180e1bd9c\",\"name\":\"R@mbla\",\"description\":\"Este art\u00edculo ha sido redactado y\\\/o validado por el equipo de redacci\u00f3n de Revista Rambla.\",\"sameAs\":[\"https:\\\/\\\/www.revistarambla.com\\\/\",\"https:\\\/\\\/www.facebook.com\\\/revistarambla\",\"https:\\\/\\\/x.com\\\/revistarambla\"]}]}<\/script>\n<!-- \/ Yoast SEO plugin. -->","yoast_head_json":{"title":"Consejos para organizar la primera comuni\u00f3n - Revista Rambla","robots":{"index":"index","follow":"follow","max-snippet":"max-snippet:-1","max-image-preview":"max-image-preview:large","max-video-preview":"max-video-preview:-1"},"canonical":"https:\/\/www.revistarambla.com\/en\/consejos-para-organizar-la-primera-comunion\/","og_locale":"en_GB","og_type":"article","og_title":"Consejos para organizar la primera comuni\u00f3n - Revista Rambla","og_description":"La Primera Comuni\u00f3n es una celebraci\u00f3n cat\u00f3lica en el que ni\u00f1o y ni\u00f1as reciben por primera vez el Sacramento de la Eucarist\u00eda. Es un d\u00eda que muchos ni\u00f1os y ni\u00f1as sue\u00f1an celebrar junto a sus familias y amigos. Para celebrar la Primera Comuni\u00f3n hay que tener muchos aspectos en cuenta, [&hellip;]","og_url":"https:\/\/www.revistarambla.com\/en\/consejos-para-organizar-la-primera-comunion\/","og_site_name":"Revista Rambla","article_publisher":"https:\/\/www.facebook.com\/revistarambla\/","article_author":"https:\/\/www.facebook.com\/revistarambla","article_published_time":"2022-02-14T12:19:54+00:00","og_image":[{"width":870,"height":580,"url":"https:\/\/www.revistarambla.com\/wp-content\/uploads\/2022\/02\/phpGKlALp620a2348096be.jpg","type":"image\/jpeg"}],"author":"R@mbla","twitter_card":"summary_large_image","twitter_creator":"@revistarambla","twitter_site":"@revistarambla","twitter_misc":{"Written by":"R@mbla","Estimated reading time":"4 minutes"},"schema":{"@context":"https:\/\/schema.org","@graph":[{"@type":"Article","@id":"https:\/\/www.revistarambla.com\/consejos-para-organizar-la-primera-comunion\/#article","isPartOf":{"@id":"https:\/\/www.revistarambla.com\/consejos-para-organizar-la-primera-comunion\/"},"author":{"name":"R@mbla","@id":"https:\/\/www.revistarambla.com\/#\/schema\/person\/a146a5a2550b94981a75131180e1bd9c"},"headline":"Consejos para organizar la primera comuni\u00f3n","datePublished":"2022-02-14T12:19:54+00:00","mainEntityOfPage":{"@id":"https:\/\/www.revistarambla.com\/consejos-para-organizar-la-primera-comunion\/"},"wordCount":895,"publisher":{"@id":"https:\/\/www.revistarambla.com\/#organization"},"image":{"@id":"https:\/\/www.revistarambla.com\/consejos-para-organizar-la-primera-comunion\/#primaryimage"},"thumbnailUrl":"https:\/\/www.revistarambla.com\/wp-content\/uploads\/2022\/02\/phpGKlALp620a2348096be.jpg","articleSection":["Noticias de la vida"],"inLanguage":"en-GB"},{"@type":"WebPage","@id":"https:\/\/www.revistarambla.com\/consejos-para-organizar-la-primera-comunion\/","url":"https:\/\/www.revistarambla.com\/consejos-para-organizar-la-primera-comunion\/","name":"Consejos para organizar la primera comuni\u00f3n - Revista Rambla","isPartOf":{"@id":"https:\/\/www.revistarambla.com\/#website"},"primaryImageOfPage":{"@id":"https:\/\/www.revistarambla.com\/consejos-para-organizar-la-primera-comunion\/#primaryimage"},"image":{"@id":"https:\/\/www.revistarambla.com\/consejos-para-organizar-la-primera-comunion\/#primaryimage"},"thumbnailUrl":"https:\/\/www.revistarambla.com\/wp-content\/uploads\/2022\/02\/phpGKlALp620a2348096be.jpg","datePublished":"2022-02-14T12:19:54+00:00","breadcrumb":{"@id":"https:\/\/www.revistarambla.com\/consejos-para-organizar-la-primera-comunion\/#breadcrumb"},"inLanguage":"en-GB","potentialAction":[{"@type":"ReadAction","target":["https:\/\/www.revistarambla.com\/consejos-para-organizar-la-primera-comunion\/"]}]},{"@type":"ImageObject","inLanguage":"en-GB","@id":"https:\/\/www.revistarambla.com\/consejos-para-organizar-la-primera-comunion\/#primaryimage","url":"https:\/\/www.revistarambla.com\/wp-content\/uploads\/2022\/02\/phpGKlALp620a2348096be.jpg","contentUrl":"https:\/\/www.revistarambla.com\/wp-content\/uploads\/2022\/02\/phpGKlALp620a2348096be.jpg","width":870,"height":580},{"@type":"BreadcrumbList","@id":"https:\/\/www.revistarambla.com\/consejos-para-organizar-la-primera-comunion\/#breadcrumb","itemListElement":[{"@type":"ListItem","position":1,"name":"Portada","item":"https:\/\/www.revistarambla.com\/"},{"@type":"ListItem","position":2,"name":"Consejos para organizar la primera comuni\u00f3n"}]},{"@type":"WebSite","@id":"https:\/\/www.revistarambla.com\/#website","url":"https:\/\/www.revistarambla.com\/","name":"Revista Rambla Barcelona","description":"Periodismo independiente","publisher":{"@id":"https:\/\/www.revistarambla.com\/#organization"},"potentialAction":[{"@type":"SearchAction","target":{"@type":"EntryPoint","urlTemplate":"https:\/\/www.revistarambla.com\/?s={search_term_string}"},"query-input":{"@type":"PropertyValueSpecification","valueRequired":true,"valueName":"search_term_string"}}],"inLanguage":"en-GB"},{"@type":"Organization","@id":"https:\/\/www.revistarambla.com\/#organization","name":"Revista Rambla","url":"https:\/\/www.revistarambla.com\/","logo":{"@type":"ImageObject","inLanguage":"en-GB","@id":"https:\/\/www.revistarambla.com\/#\/schema\/logo\/image\/","url":"https:\/\/www.revistarambla.com\/wp-content\/uploads\/2020\/09\/banner_rambla_1900x600_BB.png","contentUrl":"https:\/\/www.revistarambla.com\/wp-content\/uploads\/2020\/09\/banner_rambla_1900x600_BB.png","width":1900,"height":600,"caption":"Revista Rambla"},"image":{"@id":"https:\/\/www.revistarambla.com\/#\/schema\/logo\/image\/"},"sameAs":["https:\/\/www.facebook.com\/revistarambla\/","https:\/\/x.com\/revistarambla","https:\/\/www.instagram.com\/revista_rambla","https:\/\/es.linkedin.com\/company\/revista-rambla"]},{"@type":"Person","@id":"https:\/\/www.revistarambla.com\/#\/schema\/person\/a146a5a2550b94981a75131180e1bd9c","name":"R@mbla","description":"Este art\u00edculo ha sido redactado y\/o validado por el equipo de redacci\u00f3n de Revista Rambla.","sameAs":["https:\/\/www.revistarambla.com\/","https:\/\/www.facebook.com\/revistarambla","https:\/\/x.com\/revistarambla"]}]}},"_links":{"self":[{"href":"https:\/\/www.revistarambla.com\/en\/wp-json\/wp\/v2\/posts\/39161","targetHints":{"allow":["GET"]}}],"collection":[{"href":"https:\/\/www.revistarambla.com\/en\/wp-json\/wp\/v2\/posts"}],"about":[{"href":"https:\/\/www.revistarambla.com\/en\/wp-json\/wp\/v2\/types\/post"}],"author":[{"embeddable":true,"href":"https:\/\/www.revistarambla.com\/en\/wp-json\/wp\/v2\/users\/3"}],"replies":[{"embeddable":true,"href":"https:\/\/www.revistarambla.com\/en\/wp-json\/wp\/v2\/comments?post=39161"}],"version-history":[{"count":0,"href":"https:\/\/www.revistarambla.com\/en\/wp-json\/wp\/v2\/posts\/39161\/revisions"}],"wp:featuredmedia":[{"embeddable":true,"href":"https:\/\/www.revistarambla.com\/en\/wp-json\/wp\/v2\/media\/39162"}],"wp:attachment":[{"href":"https:\/\/www.revistarambla.com\/en\/wp-json\/wp\/v2\/media?parent=39161"}],"wp:term":[{"taxonomy":"category","embeddable":true,"href":"https:\/\/www.revistarambla.com\/en\/wp-json\/wp\/v2\/categories?post=39161"},{"taxonomy":"post_tag","embeddable":true,"href":"https:\/\/www.revistarambla.com\/en\/wp-json\/wp\/v2\/tags?post=39161"}],"curies":[{"name":"wp","href":"https:\/\/api.w.org\/{rel}","templated":true}]}}