{"id":39014,"date":"2022-02-08T18:50:34","date_gmt":"2022-02-08T17:50:34","guid":{"rendered":"https:\/\/www.revistarambla.com\/?p=39014"},"modified":"2022-09-13T19:07:01","modified_gmt":"2022-09-13T17:07:01","slug":"a-vueltas-con-la-prision-de-mataro-una-impresion","status":"publish","type":"post","link":"https:\/\/www.revistarambla.com\/en\/a-vueltas-con-la-prision-de-mataro-una-impresion\/","title":{"rendered":"A vueltas con la prisi\u00f3n de Matar\u00f3. Una impresi\u00f3n"},"content":{"rendered":"<p><span id=\"page1R_mcid2\" class=\"markedContent\"><span dir=\"ltr\" role=\"presentation\">En estos d\u00edas y hasta el pr\u00f3ximo 20 de marzo, quien deambule por la Riera o la calle Muralla,<\/span> <span dir=\"ltr\" role=\"presentation\">tendr\u00e1 la oportunidad de visitar una nueva exposici\u00f3n, otra m\u00e1s, que organiza el M<\/span><span dir=\"ltr\" role=\"presentation\">|<\/span><span dir=\"ltr\" role=\"presentation\">A<\/span><span dir=\"ltr\" role=\"presentation\">|<\/span><span dir=\"ltr\" role=\"presentation\">C (Museu<\/span> <span dir=\"ltr\" role=\"presentation\">d&#8217;Art Contemorani de Matar\u00f3). En este caso, una exposici\u00f3n conjunta llamada<\/span> <span dir=\"ltr\" role=\"presentation\">\u00ab22 finestres\u00bb en la<\/span> <span dir=\"ltr\" role=\"presentation\">que intervienen artistas de generaciones y propuestas diversas. Un t\u00edtulo que reabre una nueva etapa<\/span> <span dir=\"ltr\" role=\"presentation\">del Museu Contemporani \u2014anteriormente en Can Palauet, donde se encuentra el Arxiu Comarcal<\/span> <span dir=\"ltr\" role=\"presentation\">del Maresme\u2014 , y que no se llama as\u00ed por azar. Lejos de la casualidad, \u00ab22 finestres\u00bb hila con el<\/span> <span dir=\"ltr\" role=\"presentation\">lugar en que se alberga, la antigua prisi\u00f3n de Matar\u00f3, que desde 22 de enero en adelante, funcionar\u00e1<\/span> <span dir=\"ltr\" role=\"presentation\">como sede permanente de arte contempor\u00e1neo de la capital marisme\u00f1a.<\/span><\/span><span id=\"page1R_mcid3\" class=\"markedContent\"> <\/span><\/p>\n<p><span id=\"page1R_mcid3\" class=\"markedContent\"><span dir=\"ltr\" role=\"presentation\">Lo curioso, en cualquier caso, es que lo \u00fanico que une, a priori, este pre\u00e1mbulo con el edificio, es el<\/span> <span dir=\"ltr\" role=\"presentation\">nombre que la intitula. Y quien est\u00e9 adentrado en el mundo de las \u00faltimas tendencias art\u00edsticas<\/span> <span dir=\"ltr\" role=\"presentation\">podr\u00e1 reconocer que contenido y espacio pueden estar m\u00e1s unidos. Pero esto es a priori, porque vale<\/span> <span dir=\"ltr\" role=\"presentation\">la pena el recorrido pausado por las celas o salas en las que se encuentran las intervenciones de<\/span> <span dir=\"ltr\" role=\"presentation\">autores o artistas que participan en ella para desentra\u00f1ar lo que parece f\u00e1cil relacionar: obra y<\/span> <span dir=\"ltr\" role=\"presentation\">espacio. Algunas propuestas (no todas) s\u00ed nos permiten, en cierto modo y delicadamente, imaginar <\/span><span dir=\"ltr\" role=\"presentation\">una conjunci\u00f3n con el espacio. Nos permiten descubrir que podemos estar en un limbo si no<\/span> <span dir=\"ltr\" role=\"presentation\">atendemos con detenimiento d\u00f3nde nos encontramos y qu\u00e9 hay dentro. Aunque al final, esas dos<\/span> <span dir=\"ltr\" role=\"presentation\">veintid\u00f3s ventanas son el escape para liberar y establecer nuevos v\u00ednculos y momentos. Veremos si<\/span> <span dir=\"ltr\" role=\"presentation\">los nexos se mantienen o si las nuevas etapas no necesariamente deben estar unidas con las<\/span> <\/span><span id=\"page1R_mcid3\" class=\"markedContent\"><span dir=\"ltr\" role=\"presentation\">anteriores. <\/span><\/span><\/p>\n<p><span id=\"page1R_mcid4\" class=\"markedContent\"><span dir=\"ltr\" role=\"presentation\">Un poco al margen de esto, es destacable reconocer en este recinto la peculiaridad que lo hace <\/span><span dir=\"ltr\" role=\"presentation\">distintivo, su dise\u00f1o<\/span> <strong><span dir=\"ltr\" role=\"presentation\">semipan\u00f3ptico<\/span><\/strong><span dir=\"ltr\" role=\"presentation\">,<\/span> <span dir=\"ltr\" role=\"presentation\">que es claramente visible desde el patio de luces, nos hace<\/span> <span dir=\"ltr\" role=\"presentation\">recordar las teor\u00edas de Bentham y de Foucault sobre el pan\u00f3ptico, y que \u00e1vidamente<\/span> <strong><span dir=\"ltr\" role=\"presentation\">Elies Rogent<\/span><\/strong><span dir=\"ltr\" role=\"presentation\">,<\/span> <span dir=\"ltr\" role=\"presentation\">gu\u00eda de la modernidad y precursor de este tipo de distribuci\u00f3n en los edificios p\u00fablicos, supo<\/span> <span dir=\"ltr\" role=\"presentation\">plasmar. Porque la prisi\u00f3n de Matar\u00f3 \u2014los planos originales datan de aproximadamente 1850 (<\/span><\/span><span id=\"page1R_mcid5\" class=\"markedContent\"><span dir=\"ltr\" role=\"presentation\">1)<\/span><\/span><span id=\"page1R_mcid6\" class=\"markedContent\"> <span dir=\"ltr\" role=\"presentation\">\u2014<\/span><\/span><span id=\"page1R_mcid7\" class=\"markedContent\"><span dir=\"ltr\" role=\"presentation\">fue<\/span> <span dir=\"ltr\" role=\"presentation\">el primer centro penitenciario en todo el Estado espa\u00f1ol (1863) en tener este sistema de control<\/span> <span dir=\"ltr\" role=\"presentation\">funcional, corporal y psicol\u00f3gico. <\/span><\/span><\/p>\n<p><span id=\"page1R_mcid8\" class=\"markedContent\"><span dir=\"ltr\" role=\"presentation\">Cuando no se visita el lugar ni la exposici\u00f3n uno puede creer que resulta parad\u00f3jico que en un sitio <\/span><span dir=\"ltr\" role=\"presentation\">donde se produjeron amotinamientos e incendios, entre otros acontecimientos dram\u00e1ticos, se<\/span> <span dir=\"ltr\" role=\"presentation\">convierta ahora en museo de<\/span> <span dir=\"ltr\" role=\"presentation\">arte<\/span> <span dir=\"ltr\" role=\"presentation\">contempor\u00e1neo. Pero esta<\/span> <span dir=\"ltr\" role=\"presentation\">es una observaci\u00f3n vac\u00eda, sin<\/span> <span dir=\"ltr\" role=\"presentation\">fundamento cr\u00edtico. Podr\u00eda haberse convertido en el parque tem\u00e1tico del preso, ajusticiado o<\/span> <span dir=\"ltr\" role=\"presentation\">penitente a la manera del entretenedor Museo de la Tortura de Santillana del Mar o manteniendo las<\/span> <span dir=\"ltr\" role=\"presentation\">formas de la arquitectura defendida por Jencks y Venturi, es decir, atrayente a trav\u00e9s de lo funcional.<\/span><\/span><span id=\"page1R_mcid9\" class=\"markedContent\"> <\/span><span id=\"page1R_mcid9\" class=\"markedContent\"><span dir=\"ltr\" role=\"presentation\">En vez de esto, en esta nueva etapa del M<\/span><span dir=\"ltr\" role=\"presentation\">|<\/span><span dir=\"ltr\" role=\"presentation\">A<\/span><span dir=\"ltr\" role=\"presentation\">|<\/span><span dir=\"ltr\" role=\"presentation\">C la sutilidad con la que se restaura la memoria es de <\/span><span dir=\"ltr\" role=\"presentation\">admirar. Aunque cueste verlo para el visitante o espectador no familiarizado, se puede entender que<\/span> <span dir=\"ltr\" role=\"presentation\">existe una dial\u00e9ctica entre cada uno de los muros con algunos de los 10 trabajos de los artistas (<\/span><\/span><span id=\"page1R_mcid10\" class=\"markedContent\"><span dir=\"ltr\" role=\"presentation\">2)<\/span><\/span><span id=\"page1R_mcid11\" class=\"markedContent\"><span dir=\"ltr\" role=\"presentation\">. Sin<\/span> <span dir=\"ltr\" role=\"presentation\">necesidad del rastro anecd\u00f3tico o documental en lugares o no-lugares que podr\u00edan ser jugosos (<\/span><\/span><span id=\"page1R_mcid12\" class=\"markedContent\"><span dir=\"ltr\" role=\"presentation\">3)<\/span><\/span><span id=\"page1R_mcid13\" class=\"markedContent\"><span dir=\"ltr\" role=\"presentation\">.<\/span><\/span><span id=\"page1R_mcid14\" class=\"markedContent\"> <\/span><\/p>\n<figure id=\"attachment_39016\" aria-describedby=\"caption-attachment-39016\" style=\"width: 1300px\" class=\"wp-caption aligncenter\"><img decoding=\"async\" class=\"wp-image-39016 size-full\" src=\"https:\/\/www.revistarambla.com\/wp-content\/uploads\/2022\/02\/13.jpg\" alt=\"\" width=\"1300\" height=\"867\" srcset=\"https:\/\/www.revistarambla.com\/wp-content\/uploads\/2022\/02\/13.jpg 1300w, https:\/\/www.revistarambla.com\/wp-content\/uploads\/2022\/02\/13-547x365.jpg 547w, https:\/\/www.revistarambla.com\/wp-content\/uploads\/2022\/02\/13-840x560.jpg 840w, https:\/\/www.revistarambla.com\/wp-content\/uploads\/2022\/02\/13-768x512.jpg 768w, https:\/\/www.revistarambla.com\/wp-content\/uploads\/2022\/02\/13-18x12.jpg 18w\" sizes=\"(max-width: 1300px) 100vw, 1300px\" \/><figcaption id=\"caption-attachment-39016\" class=\"wp-caption-text\">Arxip\u00e8lags de la mem\u00f2ria, Adri\u00e0 Goula (2020)<\/figcaption><\/figure>\n<p><span id=\"page1R_mcid14\" class=\"markedContent\"><span dir=\"ltr\" role=\"presentation\">No en todas las instalaciones la coherencia conceptual con lo que fue este lugar est\u00e1 tan clara. Esta<\/span> <span dir=\"ltr\" role=\"presentation\">seriedad que imaginamos con lo que fue y con lo que puede ser una propuesta que se relaciona sola<\/span> <span dir=\"ltr\" role=\"presentation\">con el emplazamiento, y que sirve para mantener conciencia viva sobre nuestra contemporaneidad,<\/span><\/span><span id=\"page1R_mcid15\" class=\"markedContent\"> <\/span><span id=\"undefined\" class=\"markedContent\"><\/span><span id=\"page34R_mcid0\" class=\"markedContent\"><span dir=\"ltr\" role=\"presentation\">est\u00e1 en el manifiesto de autores como<\/span> <strong><span dir=\"ltr\" role=\"presentation\">Adri\u00e0 Goula<\/span> <\/strong><span dir=\"ltr\" role=\"presentation\">o<\/span> <strong><span dir=\"ltr\" role=\"presentation\">Daniel G. And\u00fajar<\/span><\/strong><span dir=\"ltr\" role=\"presentation\">, este \u00faltimo parece ser el<\/span> <span dir=\"ltr\" role=\"presentation\">que mejor ha entendido d\u00f3nde se encuentra (el edificio, el tiempo y sitio en el que vive).<\/span><\/span><span id=\"page34R_mcid1\" class=\"markedContent\"> <\/span><\/p>\n<p><span id=\"page34R_mcid1\" class=\"markedContent\"><span dir=\"ltr\" role=\"presentation\">La visibilidad naturalizada del recuerdo terrible y traum\u00e1tico que ahora, c\u00f3modamente, recobra vida<\/span> <span dir=\"ltr\" role=\"presentation\">y la invisibilidad del dolor verdadero (el psicol\u00f3gico) y el trauma que no sale a relucir en el mismo<\/span> <span dir=\"ltr\" role=\"presentation\">momento que ocurre, son dos posiciones muy comunes en la producci\u00f3n contempor\u00e1nea. La prisi\u00f3n<\/span> <span dir=\"ltr\" role=\"presentation\">y los que estuvieron en ella, con sus anhelos, vivencias y su cuerpo frente al mundo, representan el<\/span> <span dir=\"ltr\" role=\"presentation\">relevo para tomar, y que claramente se ve en las acciones de Goula y And\u00fajar.<\/span> <span dir=\"ltr\" role=\"presentation\">Ese peso de la<\/span> <span dir=\"ltr\" role=\"presentation\">memoria recuperada y la vivencia no ocultada que no se pierde con ellos, se observa en<\/span> <em><span dir=\"ltr\" role=\"presentation\">Arxip\u00e8lags<\/span> <span dir=\"ltr\" role=\"presentation\">de la mem\u00f2ria<\/span><\/em> <span dir=\"ltr\" role=\"presentation\">(frottage de grafito sobre papel de seda, 2020). El preso del POUM en la Modelo,<\/span><br role=\"presentation\" \/><span dir=\"ltr\" role=\"presentation\">abuelo de Goula, del que no sabemos si su estancia all\u00ed fue un recuerdo que se olvid\u00f3 r\u00e1pido o se<\/span> <span dir=\"ltr\" role=\"presentation\">convirti\u00f3 en un problema para continuar con esa vida dejada atr\u00e1s. El transcurso y final de la<\/span> <span dir=\"ltr\" role=\"presentation\">experiencia que transformaron el cuerpo. Goula intenta descubrir mediante las imperfecciones de<\/span> <span dir=\"ltr\" role=\"presentation\">esas paredes, qu\u00e9 es lo que guardan. Intenta ponerse en la piel de su abuelo, desde la proximidad.<\/span><\/span><span id=\"page34R_mcid2\" class=\"markedContent\"> <\/span><\/p>\n<p><span id=\"page34R_mcid2\" class=\"markedContent\"><span dir=\"ltr\" role=\"presentation\">Por otro lado, And\u00fajar critica duramente en<\/span> <span dir=\"ltr\" role=\"presentation\">Rotonda<\/span> <span dir=\"ltr\" role=\"presentation\">(escultura de resina pl\u00e1stica impresa en 3D, <\/span><span dir=\"ltr\" role=\"presentation\">impresiones digitales Hahnem\u00fchle sobre aluminio dibond, v\u00eddeo digital y animaci\u00f3n 3D, 2021), y<\/span> <span dir=\"ltr\" role=\"presentation\">tomando como partida el escenario de la prostituci\u00f3n, la virtualidad del cuerpo que se convierte en<\/span> <span dir=\"ltr\" role=\"presentation\">extremadamente visible por el deseo que conlleva y, parad\u00f3jicamente, la invisibilidad real de este<\/span> <span dir=\"ltr\" role=\"presentation\">cuerpo y experiencia. En<\/span> <em><span dir=\"ltr\" role=\"presentation\">Arxip\u00e8lags<\/span><\/em> <span dir=\"ltr\" role=\"presentation\">y<\/span> <em><span dir=\"ltr\" role=\"presentation\">Rotonda<\/span><\/em><span dir=\"ltr\" role=\"presentation\">, experiencias<\/span> <span dir=\"ltr\" role=\"presentation\">y cuerpos<\/span> <span dir=\"ltr\" role=\"presentation\">est\u00e1n o estuvieron<\/span> <span dir=\"ltr\" role=\"presentation\">aprisionados, como la de aquellos otros de esta prisi\u00f3n. <\/span><\/span><\/p>\n<figure id=\"attachment_39017\" aria-describedby=\"caption-attachment-39017\" style=\"width: 1300px\" class=\"wp-caption aligncenter\"><img decoding=\"async\" class=\"wp-image-39017 size-full\" src=\"https:\/\/www.revistarambla.com\/wp-content\/uploads\/2022\/02\/01.jpg\" alt=\"\" width=\"1300\" height=\"867\" srcset=\"https:\/\/www.revistarambla.com\/wp-content\/uploads\/2022\/02\/01.jpg 1300w, https:\/\/www.revistarambla.com\/wp-content\/uploads\/2022\/02\/01-547x365.jpg 547w, https:\/\/www.revistarambla.com\/wp-content\/uploads\/2022\/02\/01-840x560.jpg 840w, https:\/\/www.revistarambla.com\/wp-content\/uploads\/2022\/02\/01-768x512.jpg 768w, https:\/\/www.revistarambla.com\/wp-content\/uploads\/2022\/02\/01-18x12.jpg 18w\" sizes=\"(max-width: 1300px) 100vw, 1300px\" \/><figcaption id=\"caption-attachment-39017\" class=\"wp-caption-text\">Rotonda, Daniel G. And\u00fajar (2021) \u00a9 M|A|C (Eusebi Escarpenter)<\/figcaption><\/figure>\n<p><span id=\"page34R_mcid3\" class=\"markedContent\"><\/span><span id=\"page34R_mcid3\" class=\"markedContent\"><strong><span dir=\"ltr\" role=\"presentation\">Horario:<\/span> <\/strong><span dir=\"ltr\" role=\"presentation\">martes a viernes de 18 a 20h. S\u00e1bados de 11 a 14 y de 17 a 20h. Domingos de 11 a 14h. <\/span><span dir=\"ltr\" role=\"presentation\">Lunes cerrado.<\/span><\/span><\/p>\n<p><strong>Notas:<\/strong><\/p>\n<ol>\n<li><span id=\"page1R_mcid16\" class=\"markedContent\"><span dir=\"ltr\" role=\"presentation\">Este dato puede consultarse en la publicaci\u00f3n a modo de tesis<\/span><\/span><em><span id=\"page1R_mcid17\" class=\"markedContent\"> <span dir=\"ltr\" role=\"presentation\">Josep Puig i Cadafalch. Visi\u00f3, identitats i<\/span><\/span> <span id=\"page1R_mcid19\" class=\"markedContent\"><span dir=\"ltr\" role=\"presentation\">cosmopolitisme<\/span><\/span><\/em><span id=\"page1R_mcid20\" class=\"markedContent\"><span dir=\"ltr\" role=\"presentation\">, publicada con motivo del 150 aniversario del nacimiento del arquitecto y pol\u00edtico mataron\u00e9s (2017).<\/span><\/span> <span id=\"page1R_mcid22\" class=\"markedContent\"><span dir=\"ltr\" role=\"presentation\">Precisamente, con motivo de esta efem\u00e9ride, en 2018 la prisi\u00f3n se reabri\u00f3 en una jornada de puertas abiertas.<\/span><\/span><\/li>\n<li><span id=\"page1R_mcid23\" class=\"markedContent\"><\/span><span id=\"page1R_mcid23\" class=\"markedContent\"><span dir=\"ltr\" role=\"presentation\">Antoni Abad, Daniel G. And\u00fajar, Xavier Aren\u00f3s, Irene Bou, Azahara Cerezo, Adri\u00e0 Goula, Joana Moll, Tanit Plana, <\/span><span dir=\"ltr\" role=\"presentation\">Mireia c. Saladrigues i Marc Salicr\u00fa.<\/span><\/span><\/li>\n<li><span id=\"page1R_mcid24\" class=\"markedContent\"><span dir=\"ltr\" role=\"presentation\">L\u00f3gicamente s\u00ed hay un panel informativo en el que se expone de forma cronol\u00f3gica la historia de la prisi\u00f3n.\u00a0 Est\u00e1 de <\/span><span dir=\"ltr\" role=\"presentation\">forma aislada, al margen de las otras salas pero con el que se refuerza una uni\u00f3n comunicativa con el contenido de estas.<\/span><\/span><\/li>\n<\/ol>","protected":false},"excerpt":{"rendered":"<p>En la imagen, patio de luces de la Pres\u00f3 \u00a9 M|A|C (Eusebi Escarpenter)<\/p>","protected":false},"author":317,"featured_media":39015,"comment_status":"closed","ping_status":"open","sticky":false,"template":"","format":"standard","meta":{"footnotes":""},"categories":[4],"tags":[],"class_list":["post-39014","post","type-post","status-publish","format-standard","has-post-thumbnail","hentry","category-cultura"],"yoast_head":"<!-- This site is optimized with the Yoast SEO plugin v27.5 - https:\/\/yoast.com\/product\/yoast-seo-wordpress\/ -->\n<title>A vueltas con la prisi\u00f3n de Matar\u00f3. Una impresi\u00f3n - Revista Rambla<\/title>\n<meta name=\"robots\" content=\"index, follow, max-snippet:-1, max-image-preview:large, max-video-preview:-1\" \/>\n<link rel=\"canonical\" href=\"https:\/\/www.revistarambla.com\/en\/a-vueltas-con-la-prision-de-mataro-una-impresion\/\" \/>\n<meta property=\"og:locale\" content=\"en_GB\" \/>\n<meta property=\"og:type\" content=\"article\" \/>\n<meta property=\"og:title\" content=\"A vueltas con la prisi\u00f3n de Matar\u00f3. Una impresi\u00f3n - Revista Rambla\" \/>\n<meta property=\"og:description\" content=\"En la imagen, patio de luces de la Pres\u00f3 \u00a9 M|A|C (Eusebi Escarpenter)\" \/>\n<meta property=\"og:url\" content=\"https:\/\/www.revistarambla.com\/en\/a-vueltas-con-la-prision-de-mataro-una-impresion\/\" \/>\n<meta property=\"og:site_name\" content=\"Revista Rambla\" \/>\n<meta property=\"article:publisher\" content=\"https:\/\/www.facebook.com\/revistarambla\/\" \/>\n<meta property=\"article:published_time\" content=\"2022-02-08T17:50:34+00:00\" \/>\n<meta property=\"article:modified_time\" content=\"2022-09-13T17:07:01+00:00\" \/>\n<meta property=\"og:image\" content=\"https:\/\/www.revistarambla.com\/wp-content\/uploads\/2022\/02\/07.jpg\" \/>\n\t<meta property=\"og:image:width\" content=\"1300\" \/>\n\t<meta property=\"og:image:height\" content=\"867\" \/>\n\t<meta property=\"og:image:type\" content=\"image\/jpeg\" \/>\n<meta name=\"author\" content=\"Jos\u00e9 Antonio Lara Cort\u00e9s\" \/>\n<meta name=\"twitter:card\" content=\"summary_large_image\" \/>\n<meta name=\"twitter:creator\" content=\"@revistarambla\" \/>\n<meta name=\"twitter:site\" content=\"@revistarambla\" \/>\n<meta name=\"twitter:label1\" content=\"Written by\" \/>\n\t<meta name=\"twitter:data1\" content=\"Jos\u00e9 Antonio Lara Cort\u00e9s\" \/>\n\t<meta name=\"twitter:label2\" content=\"Estimated reading time\" \/>\n\t<meta name=\"twitter:data2\" content=\"6 minutes\" \/>\n<script type=\"application\/ld+json\" class=\"yoast-schema-graph\">{\"@context\":\"https:\\\/\\\/schema.org\",\"@graph\":[{\"@type\":\"Article\",\"@id\":\"https:\\\/\\\/www.revistarambla.com\\\/a-vueltas-con-la-prision-de-mataro-una-impresion\\\/#article\",\"isPartOf\":{\"@id\":\"https:\\\/\\\/www.revistarambla.com\\\/a-vueltas-con-la-prision-de-mataro-una-impresion\\\/\"},\"author\":{\"name\":\"Jos\u00e9 Antonio Lara Cort\u00e9s\",\"@id\":\"https:\\\/\\\/www.revistarambla.com\\\/#\\\/schema\\\/person\\\/aa289c4fc24aad1822af91781b1e8535\"},\"headline\":\"A vueltas con la prisi\u00f3n de Matar\u00f3. Una impresi\u00f3n\",\"datePublished\":\"2022-02-08T17:50:34+00:00\",\"dateModified\":\"2022-09-13T17:07:01+00:00\",\"mainEntityOfPage\":{\"@id\":\"https:\\\/\\\/www.revistarambla.com\\\/a-vueltas-con-la-prision-de-mataro-una-impresion\\\/\"},\"wordCount\":1146,\"publisher\":{\"@id\":\"https:\\\/\\\/www.revistarambla.com\\\/#organization\"},\"image\":{\"@id\":\"https:\\\/\\\/www.revistarambla.com\\\/a-vueltas-con-la-prision-de-mataro-una-impresion\\\/#primaryimage\"},\"thumbnailUrl\":\"https:\\\/\\\/www.revistarambla.com\\\/wp-content\\\/uploads\\\/2022\\\/02\\\/07.jpg\",\"articleSection\":[\"Cultura\"],\"inLanguage\":\"en-GB\"},{\"@type\":\"WebPage\",\"@id\":\"https:\\\/\\\/www.revistarambla.com\\\/a-vueltas-con-la-prision-de-mataro-una-impresion\\\/\",\"url\":\"https:\\\/\\\/www.revistarambla.com\\\/a-vueltas-con-la-prision-de-mataro-una-impresion\\\/\",\"name\":\"A vueltas con la prisi\u00f3n de Matar\u00f3. Una impresi\u00f3n - Revista Rambla\",\"isPartOf\":{\"@id\":\"https:\\\/\\\/www.revistarambla.com\\\/#website\"},\"primaryImageOfPage\":{\"@id\":\"https:\\\/\\\/www.revistarambla.com\\\/a-vueltas-con-la-prision-de-mataro-una-impresion\\\/#primaryimage\"},\"image\":{\"@id\":\"https:\\\/\\\/www.revistarambla.com\\\/a-vueltas-con-la-prision-de-mataro-una-impresion\\\/#primaryimage\"},\"thumbnailUrl\":\"https:\\\/\\\/www.revistarambla.com\\\/wp-content\\\/uploads\\\/2022\\\/02\\\/07.jpg\",\"datePublished\":\"2022-02-08T17:50:34+00:00\",\"dateModified\":\"2022-09-13T17:07:01+00:00\",\"breadcrumb\":{\"@id\":\"https:\\\/\\\/www.revistarambla.com\\\/a-vueltas-con-la-prision-de-mataro-una-impresion\\\/#breadcrumb\"},\"inLanguage\":\"en-GB\",\"potentialAction\":[{\"@type\":\"ReadAction\",\"target\":[\"https:\\\/\\\/www.revistarambla.com\\\/a-vueltas-con-la-prision-de-mataro-una-impresion\\\/\"]}]},{\"@type\":\"ImageObject\",\"inLanguage\":\"en-GB\",\"@id\":\"https:\\\/\\\/www.revistarambla.com\\\/a-vueltas-con-la-prision-de-mataro-una-impresion\\\/#primaryimage\",\"url\":\"https:\\\/\\\/www.revistarambla.com\\\/wp-content\\\/uploads\\\/2022\\\/02\\\/07.jpg\",\"contentUrl\":\"https:\\\/\\\/www.revistarambla.com\\\/wp-content\\\/uploads\\\/2022\\\/02\\\/07.jpg\",\"width\":1300,\"height\":867},{\"@type\":\"BreadcrumbList\",\"@id\":\"https:\\\/\\\/www.revistarambla.com\\\/a-vueltas-con-la-prision-de-mataro-una-impresion\\\/#breadcrumb\",\"itemListElement\":[{\"@type\":\"ListItem\",\"position\":1,\"name\":\"Portada\",\"item\":\"https:\\\/\\\/www.revistarambla.com\\\/\"},{\"@type\":\"ListItem\",\"position\":2,\"name\":\"A vueltas con la prisi\u00f3n de Matar\u00f3. Una impresi\u00f3n\"}]},{\"@type\":\"WebSite\",\"@id\":\"https:\\\/\\\/www.revistarambla.com\\\/#website\",\"url\":\"https:\\\/\\\/www.revistarambla.com\\\/\",\"name\":\"Revista Rambla Barcelona\",\"description\":\"Periodismo independiente\",\"publisher\":{\"@id\":\"https:\\\/\\\/www.revistarambla.com\\\/#organization\"},\"potentialAction\":[{\"@type\":\"SearchAction\",\"target\":{\"@type\":\"EntryPoint\",\"urlTemplate\":\"https:\\\/\\\/www.revistarambla.com\\\/?s={search_term_string}\"},\"query-input\":{\"@type\":\"PropertyValueSpecification\",\"valueRequired\":true,\"valueName\":\"search_term_string\"}}],\"inLanguage\":\"en-GB\"},{\"@type\":\"Organization\",\"@id\":\"https:\\\/\\\/www.revistarambla.com\\\/#organization\",\"name\":\"Revista Rambla\",\"url\":\"https:\\\/\\\/www.revistarambla.com\\\/\",\"logo\":{\"@type\":\"ImageObject\",\"inLanguage\":\"en-GB\",\"@id\":\"https:\\\/\\\/www.revistarambla.com\\\/#\\\/schema\\\/logo\\\/image\\\/\",\"url\":\"https:\\\/\\\/www.revistarambla.com\\\/wp-content\\\/uploads\\\/2020\\\/09\\\/banner_rambla_1900x600_BB.png\",\"contentUrl\":\"https:\\\/\\\/www.revistarambla.com\\\/wp-content\\\/uploads\\\/2020\\\/09\\\/banner_rambla_1900x600_BB.png\",\"width\":1900,\"height\":600,\"caption\":\"Revista Rambla\"},\"image\":{\"@id\":\"https:\\\/\\\/www.revistarambla.com\\\/#\\\/schema\\\/logo\\\/image\\\/\"},\"sameAs\":[\"https:\\\/\\\/www.facebook.com\\\/revistarambla\\\/\",\"https:\\\/\\\/x.com\\\/revistarambla\",\"https:\\\/\\\/www.instagram.com\\\/revista_rambla\",\"https:\\\/\\\/es.linkedin.com\\\/company\\\/revista-rambla\"]},{\"@type\":\"Person\",\"@id\":\"https:\\\/\\\/www.revistarambla.com\\\/#\\\/schema\\\/person\\\/aa289c4fc24aad1822af91781b1e8535\",\"name\":\"Jos\u00e9 Antonio Lara Cort\u00e9s\",\"description\":\"Nac\u00ed en Barcelona el 9 de abril de 1995. Tengo formaci\u00f3n art\u00edstica y pedag\u00f3gica. Desde peque\u00f1o me ha interesado conocer y tratar las cosas desde un prisma muy personal. Quiz\u00e1 por mi formaci\u00f3n, la mayor\u00eda de lo que he aportado, siempre ha sido analizado y mostrado no antes, sin pasar por los filtros de unos valores que siempre han ido cambiando, pero que guardan una relaci\u00f3n com\u00fan: la de hacer una funci\u00f3n benefactora y justa.\",\"sameAs\":[\"https:\\\/\\\/www.linkedin.com\\\/in\\\/jos%C3%A9-antonio-lara-cort%C3%A9s-574b081b9\\\/\"]}]}<\/script>\n<!-- \/ Yoast SEO plugin. -->","yoast_head_json":{"title":"A vueltas con la prisi\u00f3n de Matar\u00f3. Una impresi\u00f3n - Revista Rambla","robots":{"index":"index","follow":"follow","max-snippet":"max-snippet:-1","max-image-preview":"max-image-preview:large","max-video-preview":"max-video-preview:-1"},"canonical":"https:\/\/www.revistarambla.com\/en\/a-vueltas-con-la-prision-de-mataro-una-impresion\/","og_locale":"en_GB","og_type":"article","og_title":"A vueltas con la prisi\u00f3n de Matar\u00f3. Una impresi\u00f3n - Revista Rambla","og_description":"En la imagen, patio de luces de la Pres\u00f3 \u00a9 M|A|C (Eusebi Escarpenter)","og_url":"https:\/\/www.revistarambla.com\/en\/a-vueltas-con-la-prision-de-mataro-una-impresion\/","og_site_name":"Revista Rambla","article_publisher":"https:\/\/www.facebook.com\/revistarambla\/","article_published_time":"2022-02-08T17:50:34+00:00","article_modified_time":"2022-09-13T17:07:01+00:00","og_image":[{"width":1300,"height":867,"url":"https:\/\/www.revistarambla.com\/wp-content\/uploads\/2022\/02\/07.jpg","type":"image\/jpeg"}],"author":"Jos\u00e9 Antonio Lara Cort\u00e9s","twitter_card":"summary_large_image","twitter_creator":"@revistarambla","twitter_site":"@revistarambla","twitter_misc":{"Written by":"Jos\u00e9 Antonio Lara Cort\u00e9s","Estimated reading time":"6 minutes"},"schema":{"@context":"https:\/\/schema.org","@graph":[{"@type":"Article","@id":"https:\/\/www.revistarambla.com\/a-vueltas-con-la-prision-de-mataro-una-impresion\/#article","isPartOf":{"@id":"https:\/\/www.revistarambla.com\/a-vueltas-con-la-prision-de-mataro-una-impresion\/"},"author":{"name":"Jos\u00e9 Antonio Lara Cort\u00e9s","@id":"https:\/\/www.revistarambla.com\/#\/schema\/person\/aa289c4fc24aad1822af91781b1e8535"},"headline":"A vueltas con la prisi\u00f3n de Matar\u00f3. Una impresi\u00f3n","datePublished":"2022-02-08T17:50:34+00:00","dateModified":"2022-09-13T17:07:01+00:00","mainEntityOfPage":{"@id":"https:\/\/www.revistarambla.com\/a-vueltas-con-la-prision-de-mataro-una-impresion\/"},"wordCount":1146,"publisher":{"@id":"https:\/\/www.revistarambla.com\/#organization"},"image":{"@id":"https:\/\/www.revistarambla.com\/a-vueltas-con-la-prision-de-mataro-una-impresion\/#primaryimage"},"thumbnailUrl":"https:\/\/www.revistarambla.com\/wp-content\/uploads\/2022\/02\/07.jpg","articleSection":["Cultura"],"inLanguage":"en-GB"},{"@type":"WebPage","@id":"https:\/\/www.revistarambla.com\/a-vueltas-con-la-prision-de-mataro-una-impresion\/","url":"https:\/\/www.revistarambla.com\/a-vueltas-con-la-prision-de-mataro-una-impresion\/","name":"A vueltas con la prisi\u00f3n de Matar\u00f3. Una impresi\u00f3n - Revista Rambla","isPartOf":{"@id":"https:\/\/www.revistarambla.com\/#website"},"primaryImageOfPage":{"@id":"https:\/\/www.revistarambla.com\/a-vueltas-con-la-prision-de-mataro-una-impresion\/#primaryimage"},"image":{"@id":"https:\/\/www.revistarambla.com\/a-vueltas-con-la-prision-de-mataro-una-impresion\/#primaryimage"},"thumbnailUrl":"https:\/\/www.revistarambla.com\/wp-content\/uploads\/2022\/02\/07.jpg","datePublished":"2022-02-08T17:50:34+00:00","dateModified":"2022-09-13T17:07:01+00:00","breadcrumb":{"@id":"https:\/\/www.revistarambla.com\/a-vueltas-con-la-prision-de-mataro-una-impresion\/#breadcrumb"},"inLanguage":"en-GB","potentialAction":[{"@type":"ReadAction","target":["https:\/\/www.revistarambla.com\/a-vueltas-con-la-prision-de-mataro-una-impresion\/"]}]},{"@type":"ImageObject","inLanguage":"en-GB","@id":"https:\/\/www.revistarambla.com\/a-vueltas-con-la-prision-de-mataro-una-impresion\/#primaryimage","url":"https:\/\/www.revistarambla.com\/wp-content\/uploads\/2022\/02\/07.jpg","contentUrl":"https:\/\/www.revistarambla.com\/wp-content\/uploads\/2022\/02\/07.jpg","width":1300,"height":867},{"@type":"BreadcrumbList","@id":"https:\/\/www.revistarambla.com\/a-vueltas-con-la-prision-de-mataro-una-impresion\/#breadcrumb","itemListElement":[{"@type":"ListItem","position":1,"name":"Portada","item":"https:\/\/www.revistarambla.com\/"},{"@type":"ListItem","position":2,"name":"A vueltas con la prisi\u00f3n de Matar\u00f3. Una impresi\u00f3n"}]},{"@type":"WebSite","@id":"https:\/\/www.revistarambla.com\/#website","url":"https:\/\/www.revistarambla.com\/","name":"Revista Rambla Barcelona","description":"Periodismo independiente","publisher":{"@id":"https:\/\/www.revistarambla.com\/#organization"},"potentialAction":[{"@type":"SearchAction","target":{"@type":"EntryPoint","urlTemplate":"https:\/\/www.revistarambla.com\/?s={search_term_string}"},"query-input":{"@type":"PropertyValueSpecification","valueRequired":true,"valueName":"search_term_string"}}],"inLanguage":"en-GB"},{"@type":"Organization","@id":"https:\/\/www.revistarambla.com\/#organization","name":"Revista Rambla","url":"https:\/\/www.revistarambla.com\/","logo":{"@type":"ImageObject","inLanguage":"en-GB","@id":"https:\/\/www.revistarambla.com\/#\/schema\/logo\/image\/","url":"https:\/\/www.revistarambla.com\/wp-content\/uploads\/2020\/09\/banner_rambla_1900x600_BB.png","contentUrl":"https:\/\/www.revistarambla.com\/wp-content\/uploads\/2020\/09\/banner_rambla_1900x600_BB.png","width":1900,"height":600,"caption":"Revista Rambla"},"image":{"@id":"https:\/\/www.revistarambla.com\/#\/schema\/logo\/image\/"},"sameAs":["https:\/\/www.facebook.com\/revistarambla\/","https:\/\/x.com\/revistarambla","https:\/\/www.instagram.com\/revista_rambla","https:\/\/es.linkedin.com\/company\/revista-rambla"]},{"@type":"Person","@id":"https:\/\/www.revistarambla.com\/#\/schema\/person\/aa289c4fc24aad1822af91781b1e8535","name":"Jos\u00e9 Antonio Lara Cort\u00e9s","description":"Nac\u00ed en Barcelona el 9 de abril de 1995. Tengo formaci\u00f3n art\u00edstica y pedag\u00f3gica. Desde peque\u00f1o me ha interesado conocer y tratar las cosas desde un prisma muy personal. Quiz\u00e1 por mi formaci\u00f3n, la mayor\u00eda de lo que he aportado, siempre ha sido analizado y mostrado no antes, sin pasar por los filtros de unos valores que siempre han ido cambiando, pero que guardan una relaci\u00f3n com\u00fan: la de hacer una funci\u00f3n benefactora y justa.","sameAs":["https:\/\/www.linkedin.com\/in\/jos%C3%A9-antonio-lara-cort%C3%A9s-574b081b9\/"]}]}},"_links":{"self":[{"href":"https:\/\/www.revistarambla.com\/en\/wp-json\/wp\/v2\/posts\/39014","targetHints":{"allow":["GET"]}}],"collection":[{"href":"https:\/\/www.revistarambla.com\/en\/wp-json\/wp\/v2\/posts"}],"about":[{"href":"https:\/\/www.revistarambla.com\/en\/wp-json\/wp\/v2\/types\/post"}],"author":[{"embeddable":true,"href":"https:\/\/www.revistarambla.com\/en\/wp-json\/wp\/v2\/users\/317"}],"replies":[{"embeddable":true,"href":"https:\/\/www.revistarambla.com\/en\/wp-json\/wp\/v2\/comments?post=39014"}],"version-history":[{"count":1,"href":"https:\/\/www.revistarambla.com\/en\/wp-json\/wp\/v2\/posts\/39014\/revisions"}],"predecessor-version":[{"id":46564,"href":"https:\/\/www.revistarambla.com\/en\/wp-json\/wp\/v2\/posts\/39014\/revisions\/46564"}],"wp:featuredmedia":[{"embeddable":true,"href":"https:\/\/www.revistarambla.com\/en\/wp-json\/wp\/v2\/media\/39015"}],"wp:attachment":[{"href":"https:\/\/www.revistarambla.com\/en\/wp-json\/wp\/v2\/media?parent=39014"}],"wp:term":[{"taxonomy":"category","embeddable":true,"href":"https:\/\/www.revistarambla.com\/en\/wp-json\/wp\/v2\/categories?post=39014"},{"taxonomy":"post_tag","embeddable":true,"href":"https:\/\/www.revistarambla.com\/en\/wp-json\/wp\/v2\/tags?post=39014"}],"curies":[{"name":"wp","href":"https:\/\/api.w.org\/{rel}","templated":true}]}}