{"id":3865,"date":"2013-08-20T18:02:41","date_gmt":"2013-08-20T18:02:41","guid":{"rendered":"https:\/\/www.revistarambla.com\/un-penon-en-el-zapato\/"},"modified":"2024-04-23T11:58:04","modified_gmt":"2024-04-23T09:58:04","slug":"un-penon-en-el-zapato","status":"publish","type":"post","link":"https:\/\/www.revistarambla.com\/en\/un-penon-en-el-zapato\/","title":{"rendered":"Un Pe\u00f1\u00f3n -de Gibraltar- en el zapato"},"content":{"rendered":"<p>Trescientos a\u00f1os despu\u00e9s de la cesi\u00f3n de <a href=\"https:\/\/www.revistarambla.com\/en\/rajoy-gibraltar-y-la-piedra-filosofal\/\">Gibraltar<\/a> a la corona brit\u00e1nica y en un verano marcado por el <a href=\"https:\/\/www.revistarambla.com\/en\/en-el-pp-no-les-consta-nada\/\">Caso B\u00e1rcenas<\/a>, la cuesti\u00f3n del Pe\u00f1\u00f3n ha reaparecido para agitar un poco m\u00e1s el panorama pol\u00edtico. La decisi\u00f3n del gobierno gibraltare\u00f1o de crear una escollera artificial con m\u00e1s de 70 bloques de hormig\u00f3n en aguas de la bah\u00eda de Algeciras, que impedir\u00e1 el marisqueo y la pesca de la flota de Algeciras y La L\u00ednea de la Concepci\u00f3n en la zona, ha desencadenado un nuevo conflicto en torno a una disputa sobre una cuesti\u00f3n de soberan\u00eda sin resolver.<\/p>\n<p>El gobierno de Mariano Rajoy decidi\u00f3 a finales de este pasado mes de julio liquidar la diplomacia del \u00abrecreo\u00bb, llamada as\u00ed por el ministro de Asuntos Exteriores, Garc\u00eda Margallo, y reimplantar los controles fronterizos en la frontera del Pe\u00f1\u00f3n, territorio brit\u00e1nico fuera del espacio com\u00fan de la Uni\u00f3n Europea. El gobierno espa\u00f1ol inform\u00f3 entonces de una serie de medidas a estudiar para presionar al Reino Unido como la imposici\u00f3n de una tasa de frontera de 50 euros -considerada ilegal por la Uni\u00f3n Europea-, la investigaci\u00f3n de la situaci\u00f3n fiscal de unos 7.000 gibraltare\u00f1os due\u00f1os de propiedades en Espa\u00f1a, el cierre del espacio a\u00e9reo espa\u00f1ol a los vuelos que se dirijan a Gibraltar y el sometimiento del sector del juego a la jurisdicci\u00f3n fiscal espa\u00f1ola. Una vuelta de tuerca a unas relaciones siempre complejas y marcadas por la disparidad de actuaciones, criterios y opiniones en los dos estados y en el arco pol\u00edtico espa\u00f1ol.<\/p>\n<p>Por el momento, Bruselas mediar\u00e1 entre el <a href=\"https:\/\/www.revistarambla.com\/en\/actualidad\/estado-espanol\/\">Estado espa\u00f1ol<\/a> y el Reino Unido por Gibraltar, pero a\u00fan se desconocen los plazos en que se llevar\u00e1 cabo esa intercesi\u00f3n, si servir\u00e1 para rebajar la tensi\u00f3n, y hasta qu\u00e9 punto servir\u00e1 para rebajar la tensi\u00f3n entre los dos pa\u00edses. La misi\u00f3n de la UE, pactada por Rajoy y el presidente de la Comisi\u00f3n Europea, Jos\u00e9 Manuel Dur\u00e2o Barros, ser\u00e1 enviada \u00abtan pronto como sea posible\u00bb al Pe\u00f1\u00f3n \u00abpara examinar las cuestiones relacionadas con el control y el movimiento de personas y bienes en la frontera\u00bb. Esta misi\u00f3n parece responder a los requerimientos espa\u00f1oles sobre el litigio, as\u00ed la Uni\u00f3n Europea asumir\u00eda el papel de \u00e1rbitro para solucionar el conflicto entre los dos estados que se someter\u00edan a una comisi\u00f3n de verificaci\u00f3n, sin renunciar a posibles actuaciones. Unas medidas que, seg\u00fan la versi\u00f3n oficial del gobierno espa\u00f1ol, se extender\u00edan a la situaci\u00f3n global del Pe\u00f1\u00f3n y no se limitar\u00edan c\u00f3mo demandaba el gobierno brit\u00e1nico \u00fanicamente a los controles fronterizos.<\/p>\n<h2>Gibraltar, un Pe\u00f1\u00f3n con historia<\/h2>\n<p>Desde 1967, la ONU ha dictado varias resoluciones instando a Gran Breta\u00f1a a negociar la descolonizaci\u00f3n del Pe\u00f1\u00f3n de Gibraltar. Londres ha negado cualquier cambio de la situaci\u00f3n y se ha aplicado a una pol\u00edtica de hechos consumados. Ha ocupado el istmo, para extender el puerto y el aeropuerto, ha ampliado unilateralmente las aguas jurisdiccionales y Gibraltar se ha convertido en un para\u00edso fiscal en territorio europeo. El gobierno espa\u00f1ol insiste en que la una de las misiones de la comisi\u00f3n de verificaci\u00f3n de la Uni\u00f3n Europea sea la de \u201cverificar y controlar que la actividad econ\u00f3mica en Gibraltar no vulnere la normativa europea relativa a blanqueo de dinero, contrabando y fiscalidad\u201d.\u00a0 Una misi\u00f3n que, por lo visto y o\u00eddo en los \u00faltimos tiempos, deber\u00eda extenderse a otros fondeaderos de dinero negro, como Andorra, Suiza o Luxemburgo.<\/p>\n<p>Ante este escenario en que se mezclan intereses econ\u00f3micos y sentimientos de todo tipo, la oposici\u00f3n se muestra tibia y anda con pies de plomo. Fuera de los partidos nacionalistas o soberanistas, que oscilan entre el silencio y las muestras de apoyo y solidaridad al gobierno gibraltare\u00f1o -algo que exaspera a la prensa de derechas y \u201cultra\u201d que jalea cada una de las declaraciones del gobierno Rajoy-, el PSOE ha aprovechado las informaciones que relacionan al ministro de Agricultura, Miguel Arias-Ca\u00f1ete, con una petrolera ligada a la pr\u00e1ctica del bunkering -el trasvase de combustible de un barco a otro-, pr\u00e1ctica prohibida ya en las aguas que rodean Gibraltar y que tiene un elevado impacto en el medio marino. El ministro se desvincul\u00f3 de la empresa, que preside su cu\u00f1ado, en 2011, pero los socialistas han registrado en el Congreso una petici\u00f3n de comparecencia para Ca\u00f1ete, y que explique de esta manera sus lazos con empresas dedicadas a la venta de combustible. El PSOE tambi\u00e9n pidi\u00f3 al inicio de la crisis abrir una v\u00eda de d\u00ed\u00e1logo con la recuperaci\u00f3n del foro tripartito eliminado por el gobierno Rajoy, y no perjudicar con \u201cbravuconadas\u201d los intereses de los trabajadores espa\u00f1oles. Por su parte, Izquierda Unida pidi\u00f3 al Ejecutivo que \u201clleve sus reclamaciones a los tribunales internacionales y al marco Europeo con el objetivo de frenar de una vez por todas estos conflictos\u201d. Para IU, el Gobierno debe evitar tomar medidas que \u201cineficaces para resolver conflictos, y que perjudican a la poblaci\u00f3n trabajadora y sirven para dar argumentos a quienes desde el Reino Unido presentan a Espa\u00f1a como un Estado agresor\u201d. En este sentido, el portavoz parlamentario de IU, Jos\u00e9 Luis Centella, advirti\u00f3 que los populares deben adoptar medidas contra los para\u00edsos fiscales de manera general, \u00abcon sus posibles repercusiones en Gibraltar\u00bb, y record\u00f3 que en el Pe\u00f1\u00f3n existen m\u00e1s de 60.000 sociedades mercantiles, el doble de sus 30.000 habitantes, \u00abmuchas de las cuales act\u00faan en la Costa del Sol como instrumento para ocultar actuaciones ilegales de blanqueo de capital y evasi\u00f3n fiscal\u00bb. Izquierda Unida reclam\u00f3 al gobierno de Mariano Rajoy y al Partido Popular que no utilice \u201cf\u00f3rmulas franquistas\u00bb para desviar la atenci\u00f3n de los problemas internos de Espa\u00f1a recuperando el grito de Gibraltar Espa\u00f1ol\u201d.<\/p>\n<p>Entretanto la Uni\u00f3n Europea decide cu\u00e1ndo enviar\u00e1 la anunciada comisi\u00f3n de verificaci\u00f3n, sigue el contencioso, a la llegada de la Royal Navy para unos ejercicios militares previstos tiempo atr\u00e1s, el gobierno gibraltare\u00f1o planea una segunda extensi\u00f3n territorial con la construcci\u00f3n de espigones de 50 metros en la cara oriental del Pe\u00f1\u00f3n, una extensi\u00f3n de casinos y hoteles para la Costa del Sol.\u00a0 Espa\u00f1a, mientras, anuncia el endurecimiento de las sanciones para la pr\u00e1ctica del bunkering, demanda la retirada del arrecife artificial y la tasa de entrada de 50 euros, reclamada tambi\u00e9n por la industria hotelera del Pirineu de Lleida para Andorra, se convierte en una tasa de congesti\u00f3n por los perjuicios ocasionados por el tr\u00e1fico del Pe\u00f1\u00f3n en La L\u00ednea, una tasa reclamada ya por el ayuntamiento de esta localidad desde el 2011.<\/p>","protected":false},"excerpt":{"rendered":"<p>Trescientos a\u00f1os despu\u00e9s de la cesi\u00f3n de Gibraltar a la corona brit\u00e1nica y en un verano marcado por el Caso B\u00e1rcenas, la cuesti\u00f3n del Pe\u00f1\u00f3n ha reaparecido para agitar un poco m\u00e1s el panorama pol\u00edtico. La decisi\u00f3n del gobierno gibraltare\u00f1o de crear una escollera artificial con m\u00e1s de 70 bloques [&hellip;]<\/p>\n","protected":false},"author":3,"featured_media":3882,"comment_status":"open","ping_status":"open","sticky":false,"template":"","format":"standard","meta":{"footnotes":""},"categories":[72],"tags":[],"class_list":["post-3865","post","type-post","status-publish","format-standard","has-post-thumbnail","hentry","category-opinion"],"yoast_head":"<!-- This site is optimized with the Yoast SEO plugin v27.5 - https:\/\/yoast.com\/product\/yoast-seo-wordpress\/ -->\n<title>Un Pe\u00f1\u00f3n -de Gibraltar- en el zapato - Revista Rambla<\/title>\n<meta name=\"description\" content=\"Trescientos a\u00f1os despu\u00e9s de la cesi\u00f3n de Gibraltar a la corona brit\u00e1nica, la cuesti\u00f3n del Pe\u00f1\u00f3n ha aparecido para agitar el avispero.\" \/>\n<meta name=\"robots\" content=\"index, follow, max-snippet:-1, max-image-preview:large, max-video-preview:-1\" \/>\n<link rel=\"canonical\" href=\"https:\/\/www.revistarambla.com\/en\/un-penon-en-el-zapato\/\" \/>\n<meta property=\"og:locale\" content=\"en_GB\" \/>\n<meta property=\"og:type\" content=\"article\" \/>\n<meta property=\"og:title\" content=\"Un Pe\u00f1\u00f3n -de Gibraltar- en el zapato - Revista Rambla\" \/>\n<meta property=\"og:description\" content=\"Trescientos a\u00f1os despu\u00e9s de la cesi\u00f3n de Gibraltar a la corona brit\u00e1nica, la cuesti\u00f3n del Pe\u00f1\u00f3n ha aparecido para agitar el avispero.\" \/>\n<meta property=\"og:url\" content=\"https:\/\/www.revistarambla.com\/en\/un-penon-en-el-zapato\/\" \/>\n<meta property=\"og:site_name\" content=\"Revista Rambla\" \/>\n<meta property=\"article:publisher\" content=\"https:\/\/www.facebook.com\/revistarambla\/\" \/>\n<meta property=\"article:author\" content=\"https:\/\/www.facebook.com\/revistarambla\" \/>\n<meta property=\"article:published_time\" content=\"2013-08-20T18:02:41+00:00\" \/>\n<meta property=\"article:modified_time\" content=\"2024-04-23T09:58:04+00:00\" \/>\n<meta property=\"og:image\" content=\"https:\/\/www.revistarambla.com\/wp-content\/uploads\/2013\/08\/Gibraltar_revistarambla_11.jpg\" \/>\n\t<meta property=\"og:image:width\" content=\"700\" \/>\n\t<meta property=\"og:image:height\" content=\"405\" \/>\n\t<meta property=\"og:image:type\" content=\"image\/jpeg\" \/>\n<meta name=\"author\" content=\"R@mbla\" \/>\n<meta name=\"twitter:card\" content=\"summary_large_image\" \/>\n<meta name=\"twitter:creator\" content=\"@revistarambla\" \/>\n<meta name=\"twitter:site\" content=\"@revistarambla\" \/>\n<meta name=\"twitter:label1\" content=\"Written by\" \/>\n\t<meta name=\"twitter:data1\" content=\"R@mbla\" \/>\n\t<meta name=\"twitter:label2\" content=\"Estimated reading time\" \/>\n\t<meta name=\"twitter:data2\" content=\"6 minutes\" \/>\n<script type=\"application\/ld+json\" class=\"yoast-schema-graph\">{\"@context\":\"https:\\\/\\\/schema.org\",\"@graph\":[{\"@type\":\"Article\",\"@id\":\"https:\\\/\\\/www.revistarambla.com\\\/un-penon-en-el-zapato\\\/#article\",\"isPartOf\":{\"@id\":\"https:\\\/\\\/www.revistarambla.com\\\/un-penon-en-el-zapato\\\/\"},\"author\":{\"name\":\"R@mbla\",\"@id\":\"https:\\\/\\\/www.revistarambla.com\\\/#\\\/schema\\\/person\\\/a146a5a2550b94981a75131180e1bd9c\"},\"headline\":\"Un Pe\u00f1\u00f3n -de Gibraltar- en el zapato\",\"datePublished\":\"2013-08-20T18:02:41+00:00\",\"dateModified\":\"2024-04-23T09:58:04+00:00\",\"mainEntityOfPage\":{\"@id\":\"https:\\\/\\\/www.revistarambla.com\\\/un-penon-en-el-zapato\\\/\"},\"wordCount\":1181,\"commentCount\":0,\"publisher\":{\"@id\":\"https:\\\/\\\/www.revistarambla.com\\\/#organization\"},\"image\":{\"@id\":\"https:\\\/\\\/www.revistarambla.com\\\/un-penon-en-el-zapato\\\/#primaryimage\"},\"thumbnailUrl\":\"https:\\\/\\\/www.revistarambla.com\\\/wp-content\\\/uploads\\\/2013\\\/08\\\/Gibraltar_revistarambla_11.jpg\",\"articleSection\":[\"Opiniones\"],\"inLanguage\":\"en-GB\",\"potentialAction\":[{\"@type\":\"CommentAction\",\"name\":\"Comment\",\"target\":[\"https:\\\/\\\/www.revistarambla.com\\\/un-penon-en-el-zapato\\\/#respond\"]}]},{\"@type\":\"WebPage\",\"@id\":\"https:\\\/\\\/www.revistarambla.com\\\/un-penon-en-el-zapato\\\/\",\"url\":\"https:\\\/\\\/www.revistarambla.com\\\/un-penon-en-el-zapato\\\/\",\"name\":\"Un Pe\u00f1\u00f3n -de Gibraltar- en el zapato - Revista Rambla\",\"isPartOf\":{\"@id\":\"https:\\\/\\\/www.revistarambla.com\\\/#website\"},\"primaryImageOfPage\":{\"@id\":\"https:\\\/\\\/www.revistarambla.com\\\/un-penon-en-el-zapato\\\/#primaryimage\"},\"image\":{\"@id\":\"https:\\\/\\\/www.revistarambla.com\\\/un-penon-en-el-zapato\\\/#primaryimage\"},\"thumbnailUrl\":\"https:\\\/\\\/www.revistarambla.com\\\/wp-content\\\/uploads\\\/2013\\\/08\\\/Gibraltar_revistarambla_11.jpg\",\"datePublished\":\"2013-08-20T18:02:41+00:00\",\"dateModified\":\"2024-04-23T09:58:04+00:00\",\"description\":\"Trescientos a\u00f1os despu\u00e9s de la cesi\u00f3n de Gibraltar a la corona brit\u00e1nica, la cuesti\u00f3n del Pe\u00f1\u00f3n ha aparecido para agitar el avispero.\",\"breadcrumb\":{\"@id\":\"https:\\\/\\\/www.revistarambla.com\\\/un-penon-en-el-zapato\\\/#breadcrumb\"},\"inLanguage\":\"en-GB\",\"potentialAction\":[{\"@type\":\"ReadAction\",\"target\":[\"https:\\\/\\\/www.revistarambla.com\\\/un-penon-en-el-zapato\\\/\"]}]},{\"@type\":\"ImageObject\",\"inLanguage\":\"en-GB\",\"@id\":\"https:\\\/\\\/www.revistarambla.com\\\/un-penon-en-el-zapato\\\/#primaryimage\",\"url\":\"https:\\\/\\\/www.revistarambla.com\\\/wp-content\\\/uploads\\\/2013\\\/08\\\/Gibraltar_revistarambla_11.jpg\",\"contentUrl\":\"https:\\\/\\\/www.revistarambla.com\\\/wp-content\\\/uploads\\\/2013\\\/08\\\/Gibraltar_revistarambla_11.jpg\",\"width\":700,\"height\":405,\"caption\":\"pe\u00f1\u00f3n gibraltar\"},{\"@type\":\"BreadcrumbList\",\"@id\":\"https:\\\/\\\/www.revistarambla.com\\\/un-penon-en-el-zapato\\\/#breadcrumb\",\"itemListElement\":[{\"@type\":\"ListItem\",\"position\":1,\"name\":\"Portada\",\"item\":\"https:\\\/\\\/www.revistarambla.com\\\/\"},{\"@type\":\"ListItem\",\"position\":2,\"name\":\"Un Pe\u00f1\u00f3n -de Gibraltar- en el zapato\"}]},{\"@type\":\"WebSite\",\"@id\":\"https:\\\/\\\/www.revistarambla.com\\\/#website\",\"url\":\"https:\\\/\\\/www.revistarambla.com\\\/\",\"name\":\"Revista Rambla Barcelona\",\"description\":\"Periodismo independiente\",\"publisher\":{\"@id\":\"https:\\\/\\\/www.revistarambla.com\\\/#organization\"},\"potentialAction\":[{\"@type\":\"SearchAction\",\"target\":{\"@type\":\"EntryPoint\",\"urlTemplate\":\"https:\\\/\\\/www.revistarambla.com\\\/?s={search_term_string}\"},\"query-input\":{\"@type\":\"PropertyValueSpecification\",\"valueRequired\":true,\"valueName\":\"search_term_string\"}}],\"inLanguage\":\"en-GB\"},{\"@type\":\"Organization\",\"@id\":\"https:\\\/\\\/www.revistarambla.com\\\/#organization\",\"name\":\"Revista Rambla\",\"url\":\"https:\\\/\\\/www.revistarambla.com\\\/\",\"logo\":{\"@type\":\"ImageObject\",\"inLanguage\":\"en-GB\",\"@id\":\"https:\\\/\\\/www.revistarambla.com\\\/#\\\/schema\\\/logo\\\/image\\\/\",\"url\":\"https:\\\/\\\/www.revistarambla.com\\\/wp-content\\\/uploads\\\/2020\\\/09\\\/banner_rambla_1900x600_BB.png\",\"contentUrl\":\"https:\\\/\\\/www.revistarambla.com\\\/wp-content\\\/uploads\\\/2020\\\/09\\\/banner_rambla_1900x600_BB.png\",\"width\":1900,\"height\":600,\"caption\":\"Revista Rambla\"},\"image\":{\"@id\":\"https:\\\/\\\/www.revistarambla.com\\\/#\\\/schema\\\/logo\\\/image\\\/\"},\"sameAs\":[\"https:\\\/\\\/www.facebook.com\\\/revistarambla\\\/\",\"https:\\\/\\\/x.com\\\/revistarambla\",\"https:\\\/\\\/www.instagram.com\\\/revista_rambla\",\"https:\\\/\\\/es.linkedin.com\\\/company\\\/revista-rambla\"]},{\"@type\":\"Person\",\"@id\":\"https:\\\/\\\/www.revistarambla.com\\\/#\\\/schema\\\/person\\\/a146a5a2550b94981a75131180e1bd9c\",\"name\":\"R@mbla\",\"description\":\"Este art\u00edculo ha sido redactado y\\\/o validado por el equipo de redacci\u00f3n de Revista Rambla.\",\"sameAs\":[\"https:\\\/\\\/www.revistarambla.com\\\/\",\"https:\\\/\\\/www.facebook.com\\\/revistarambla\",\"https:\\\/\\\/x.com\\\/revistarambla\"]}]}<\/script>\n<!-- \/ Yoast SEO plugin. -->","yoast_head_json":{"title":"Un Pe\u00f1\u00f3n -de Gibraltar- en el zapato - Revista Rambla","description":"Trescientos a\u00f1os despu\u00e9s de la cesi\u00f3n de Gibraltar a la corona brit\u00e1nica, la cuesti\u00f3n del Pe\u00f1\u00f3n ha aparecido para agitar el avispero.","robots":{"index":"index","follow":"follow","max-snippet":"max-snippet:-1","max-image-preview":"max-image-preview:large","max-video-preview":"max-video-preview:-1"},"canonical":"https:\/\/www.revistarambla.com\/en\/un-penon-en-el-zapato\/","og_locale":"en_GB","og_type":"article","og_title":"Un Pe\u00f1\u00f3n -de Gibraltar- en el zapato - Revista Rambla","og_description":"Trescientos a\u00f1os despu\u00e9s de la cesi\u00f3n de Gibraltar a la corona brit\u00e1nica, la cuesti\u00f3n del Pe\u00f1\u00f3n ha aparecido para agitar el avispero.","og_url":"https:\/\/www.revistarambla.com\/en\/un-penon-en-el-zapato\/","og_site_name":"Revista Rambla","article_publisher":"https:\/\/www.facebook.com\/revistarambla\/","article_author":"https:\/\/www.facebook.com\/revistarambla","article_published_time":"2013-08-20T18:02:41+00:00","article_modified_time":"2024-04-23T09:58:04+00:00","og_image":[{"width":700,"height":405,"url":"https:\/\/www.revistarambla.com\/wp-content\/uploads\/2013\/08\/Gibraltar_revistarambla_11.jpg","type":"image\/jpeg"}],"author":"R@mbla","twitter_card":"summary_large_image","twitter_creator":"@revistarambla","twitter_site":"@revistarambla","twitter_misc":{"Written by":"R@mbla","Estimated reading time":"6 minutes"},"schema":{"@context":"https:\/\/schema.org","@graph":[{"@type":"Article","@id":"https:\/\/www.revistarambla.com\/un-penon-en-el-zapato\/#article","isPartOf":{"@id":"https:\/\/www.revistarambla.com\/un-penon-en-el-zapato\/"},"author":{"name":"R@mbla","@id":"https:\/\/www.revistarambla.com\/#\/schema\/person\/a146a5a2550b94981a75131180e1bd9c"},"headline":"Un Pe\u00f1\u00f3n -de Gibraltar- en el zapato","datePublished":"2013-08-20T18:02:41+00:00","dateModified":"2024-04-23T09:58:04+00:00","mainEntityOfPage":{"@id":"https:\/\/www.revistarambla.com\/un-penon-en-el-zapato\/"},"wordCount":1181,"commentCount":0,"publisher":{"@id":"https:\/\/www.revistarambla.com\/#organization"},"image":{"@id":"https:\/\/www.revistarambla.com\/un-penon-en-el-zapato\/#primaryimage"},"thumbnailUrl":"https:\/\/www.revistarambla.com\/wp-content\/uploads\/2013\/08\/Gibraltar_revistarambla_11.jpg","articleSection":["Opiniones"],"inLanguage":"en-GB","potentialAction":[{"@type":"CommentAction","name":"Comment","target":["https:\/\/www.revistarambla.com\/un-penon-en-el-zapato\/#respond"]}]},{"@type":"WebPage","@id":"https:\/\/www.revistarambla.com\/un-penon-en-el-zapato\/","url":"https:\/\/www.revistarambla.com\/un-penon-en-el-zapato\/","name":"Un Pe\u00f1\u00f3n -de Gibraltar- en el zapato - Revista Rambla","isPartOf":{"@id":"https:\/\/www.revistarambla.com\/#website"},"primaryImageOfPage":{"@id":"https:\/\/www.revistarambla.com\/un-penon-en-el-zapato\/#primaryimage"},"image":{"@id":"https:\/\/www.revistarambla.com\/un-penon-en-el-zapato\/#primaryimage"},"thumbnailUrl":"https:\/\/www.revistarambla.com\/wp-content\/uploads\/2013\/08\/Gibraltar_revistarambla_11.jpg","datePublished":"2013-08-20T18:02:41+00:00","dateModified":"2024-04-23T09:58:04+00:00","description":"Trescientos a\u00f1os despu\u00e9s de la cesi\u00f3n de Gibraltar a la corona brit\u00e1nica, la cuesti\u00f3n del Pe\u00f1\u00f3n ha aparecido para agitar el avispero.","breadcrumb":{"@id":"https:\/\/www.revistarambla.com\/un-penon-en-el-zapato\/#breadcrumb"},"inLanguage":"en-GB","potentialAction":[{"@type":"ReadAction","target":["https:\/\/www.revistarambla.com\/un-penon-en-el-zapato\/"]}]},{"@type":"ImageObject","inLanguage":"en-GB","@id":"https:\/\/www.revistarambla.com\/un-penon-en-el-zapato\/#primaryimage","url":"https:\/\/www.revistarambla.com\/wp-content\/uploads\/2013\/08\/Gibraltar_revistarambla_11.jpg","contentUrl":"https:\/\/www.revistarambla.com\/wp-content\/uploads\/2013\/08\/Gibraltar_revistarambla_11.jpg","width":700,"height":405,"caption":"pe\u00f1\u00f3n gibraltar"},{"@type":"BreadcrumbList","@id":"https:\/\/www.revistarambla.com\/un-penon-en-el-zapato\/#breadcrumb","itemListElement":[{"@type":"ListItem","position":1,"name":"Portada","item":"https:\/\/www.revistarambla.com\/"},{"@type":"ListItem","position":2,"name":"Un Pe\u00f1\u00f3n -de Gibraltar- en el zapato"}]},{"@type":"WebSite","@id":"https:\/\/www.revistarambla.com\/#website","url":"https:\/\/www.revistarambla.com\/","name":"Revista Rambla Barcelona","description":"Periodismo independiente","publisher":{"@id":"https:\/\/www.revistarambla.com\/#organization"},"potentialAction":[{"@type":"SearchAction","target":{"@type":"EntryPoint","urlTemplate":"https:\/\/www.revistarambla.com\/?s={search_term_string}"},"query-input":{"@type":"PropertyValueSpecification","valueRequired":true,"valueName":"search_term_string"}}],"inLanguage":"en-GB"},{"@type":"Organization","@id":"https:\/\/www.revistarambla.com\/#organization","name":"Revista Rambla","url":"https:\/\/www.revistarambla.com\/","logo":{"@type":"ImageObject","inLanguage":"en-GB","@id":"https:\/\/www.revistarambla.com\/#\/schema\/logo\/image\/","url":"https:\/\/www.revistarambla.com\/wp-content\/uploads\/2020\/09\/banner_rambla_1900x600_BB.png","contentUrl":"https:\/\/www.revistarambla.com\/wp-content\/uploads\/2020\/09\/banner_rambla_1900x600_BB.png","width":1900,"height":600,"caption":"Revista Rambla"},"image":{"@id":"https:\/\/www.revistarambla.com\/#\/schema\/logo\/image\/"},"sameAs":["https:\/\/www.facebook.com\/revistarambla\/","https:\/\/x.com\/revistarambla","https:\/\/www.instagram.com\/revista_rambla","https:\/\/es.linkedin.com\/company\/revista-rambla"]},{"@type":"Person","@id":"https:\/\/www.revistarambla.com\/#\/schema\/person\/a146a5a2550b94981a75131180e1bd9c","name":"R@mbla","description":"Este art\u00edculo ha sido redactado y\/o validado por el equipo de redacci\u00f3n de Revista Rambla.","sameAs":["https:\/\/www.revistarambla.com\/","https:\/\/www.facebook.com\/revistarambla","https:\/\/x.com\/revistarambla"]}]}},"_links":{"self":[{"href":"https:\/\/www.revistarambla.com\/en\/wp-json\/wp\/v2\/posts\/3865","targetHints":{"allow":["GET"]}}],"collection":[{"href":"https:\/\/www.revistarambla.com\/en\/wp-json\/wp\/v2\/posts"}],"about":[{"href":"https:\/\/www.revistarambla.com\/en\/wp-json\/wp\/v2\/types\/post"}],"author":[{"embeddable":true,"href":"https:\/\/www.revistarambla.com\/en\/wp-json\/wp\/v2\/users\/3"}],"replies":[{"embeddable":true,"href":"https:\/\/www.revistarambla.com\/en\/wp-json\/wp\/v2\/comments?post=3865"}],"version-history":[{"count":2,"href":"https:\/\/www.revistarambla.com\/en\/wp-json\/wp\/v2\/posts\/3865\/revisions"}],"predecessor-version":[{"id":59640,"href":"https:\/\/www.revistarambla.com\/en\/wp-json\/wp\/v2\/posts\/3865\/revisions\/59640"}],"wp:featuredmedia":[{"embeddable":true,"href":"https:\/\/www.revistarambla.com\/en\/wp-json\/wp\/v2\/media\/3882"}],"wp:attachment":[{"href":"https:\/\/www.revistarambla.com\/en\/wp-json\/wp\/v2\/media?parent=3865"}],"wp:term":[{"taxonomy":"category","embeddable":true,"href":"https:\/\/www.revistarambla.com\/en\/wp-json\/wp\/v2\/categories?post=3865"},{"taxonomy":"post_tag","embeddable":true,"href":"https:\/\/www.revistarambla.com\/en\/wp-json\/wp\/v2\/tags?post=3865"}],"curies":[{"name":"wp","href":"https:\/\/api.w.org\/{rel}","templated":true}]}}