{"id":3834,"date":"2013-08-15T07:21:24","date_gmt":"2013-08-15T07:21:24","guid":{"rendered":"https:\/\/www.revistarambla.com\/tradicion-arte-y-sentimiento-en-flamenco-barcelona\/"},"modified":"2024-04-23T11:09:37","modified_gmt":"2024-04-23T09:09:37","slug":"tradicion-arte-y-sentimiento-en-flamenco-barcelona","status":"publish","type":"post","link":"https:\/\/www.revistarambla.com\/en\/tradicion-arte-y-sentimiento-en-flamenco-barcelona\/","title":{"rendered":"Tradici\u00f3n, arte y sentimiento en Flamenco Barcelona"},"content":{"rendered":"<p>El flamenco es la base de la Asociaci\u00f3n Flamenco Barcelona, una instituci\u00f3n ubicada en el coraz\u00f3n de Gracia que dedica sus d\u00edas a ense\u00f1ar y divulgar una de las ramas de la <a href=\"https:\/\/www.revistarambla.com\/en\/cultura\/musica\/\">m\u00fasica<\/a> que m\u00e1s sentimiento ha movido a lo largo de su historia. Hoy, sus ra\u00edces, su inconfundible comp\u00e1s, sus palos, sus cantes, sus bailes y sus acordes siguen vivos en Flamenco Barcelona.<\/p>\n<p>Desde hace 8 a\u00f1os, Flamenco Barcelona reivindica que en la Ciudad Condal tambi\u00e9n existe el flamenco. En su local, situado en el n\u00famero 38 de la Calle Progr\u00e9s de <a href=\"https:\/\/www.revistarambla.com\/en\/actualidad\/barcelona\/\">Barcelona<\/a>, ense\u00f1an y divulgan el arte del flamenco a todo aquel que quiera participar de esta m\u00fasica. Clases de guitarra, de cante, de baile y de caj\u00f3n son algunas de las actividades diarias de esta asociaci\u00f3n, que se unen a las actuaciones en vivo de algunos de los grandes del flamenco y a las presentaciones de libros o las proyecciones de pel\u00edculas relacionadas con este mundo.<\/p>\n<p>Seg\u00fan los expertos, el flamenco es un arte universal que no entiende de diferencias. Andaluc\u00eda y Barcelona han sido, y son, adem\u00e1s de muchos otros lugares, cuna de los nombres m\u00e1s importantes del flamenco, como Carmen Amaya o Camar\u00f3n de la Isla. La diferencia de costumbres y ra\u00edces no han hecho m\u00e1s que enriquecer un arte que no entiende de procedencia, sino de sentimiento.<\/p>\n<p>La rumba, la sole\u00e1 o la alegr\u00eda son algunos de los palos del flamenco que hacen de esta m\u00fasica una mezcla de culturas, donde se entrelazan las l\u00edneas \u00e1rabes, jud\u00edas, indias y castellanas, dando lugar a uno de los artes m\u00e1s reconocidos nacional e internacionalmente.<\/p>\n<p>A pesar de su larga historia, el flamenco sigue vivo, latiendo en los corazones de aquellos capaces de sentir este impulso. Personas con \u2018duende\u2019 que aman esta m\u00fasica y que viven por y para ella. Personas como Thais Hern\u00e1ndez, Jos\u00e9 Santiago o Cristina blanco, cantaora, guitarrista y bailaora respectivamente, encargados ocasionalmente de llenar con su arte el local de Flamenco Barcelona.<\/p>\n<p>Actuaciones llenas de sentimiento donde Thais Hern\u00e1ndez, la voz, deleita al p\u00fablico con sus buler\u00edas, tarantas, tangos o alegr\u00edas, mientras que Jos\u00e9 Santiago \u2018El Chote\u2019 da el acompa\u00f1amiento musical con una maestr\u00eda que s\u00f3lo los grandes del flamenco poseen. El baile corre a cuenta de Cristina Blanco, quien, vestida con el mejor atuendo, deja boquiabiertos a los presentes con unos movimientos precisos, al comp\u00e1s de la m\u00fasica y al ritmo de un coraz\u00f3n flamenco.<\/p>\n<h2>Promesas de Flamenco Barcelona<\/h2>\n<p>Tres j\u00f3venes promesas de este arte que ya han recorrido infinidad de escenarios y locales, haciendo llegar su particular flamenco y dando a conocer su talento innato. Algunos, como Thais y Cristina, han elegido este camino a pesar de no proceder de una familia de artistas. A Jos\u00e9, por su parte, le viene de nacimiento, y ha optado por el mundo del flamenco porque lleva el arte en las venas.<\/p>\n<p>Autodidactas, m\u00fasicos, artistas y flamencos que d\u00eda a d\u00eda dan rienda suelta a su arte, engrosando poco a poco el amplio abanico de esta m\u00fasica que sigue su historia con puntos suspensivos.<\/p>","protected":false},"excerpt":{"rendered":"<p>El flamenco es la base de la Asociaci\u00f3n Flamenco Barcelona, una instituci\u00f3n ubicada en el coraz\u00f3n de Gracia que dedica sus d\u00edas a ense\u00f1ar y divulgar una de las ramas de la m\u00fasica que m\u00e1s sentimiento ha movido a lo largo de su historia. Hoy, sus ra\u00edces, su inconfundible comp\u00e1s, [&hellip;]<\/p>\n","protected":false},"author":3,"featured_media":3833,"comment_status":"open","ping_status":"open","sticky":false,"template":"","format":"standard","meta":{"footnotes":""},"categories":[65],"tags":[],"class_list":["post-3834","post","type-post","status-publish","format-standard","has-post-thumbnail","hentry","category-musica"],"yoast_head":"<!-- This site is optimized with the Yoast SEO plugin v27.5 - https:\/\/yoast.com\/product\/yoast-seo-wordpress\/ -->\n<title>Tradici\u00f3n, arte y sentimiento en Flamenco Barcelona - Revista Rambla<\/title>\n<meta name=\"description\" content=\"El flamenco es la base de la Asociaci\u00f3n Flamenco Barcelona, ubicada en el coraz\u00f3n de Gr\u00e0cia, que dedica sus d\u00edas a ense\u00f1ar flamenco.\" \/>\n<meta name=\"robots\" content=\"index, follow, max-snippet:-1, max-image-preview:large, max-video-preview:-1\" \/>\n<link rel=\"canonical\" href=\"https:\/\/www.revistarambla.com\/en\/tradicion-arte-y-sentimiento-en-flamenco-barcelona\/\" \/>\n<meta property=\"og:locale\" content=\"en_GB\" \/>\n<meta property=\"og:type\" content=\"article\" \/>\n<meta property=\"og:title\" content=\"Tradici\u00f3n, arte y sentimiento en Flamenco Barcelona - Revista Rambla\" \/>\n<meta property=\"og:description\" content=\"El flamenco es la base de la Asociaci\u00f3n Flamenco Barcelona, ubicada en el coraz\u00f3n de Gr\u00e0cia, que dedica sus d\u00edas a ense\u00f1ar flamenco.\" \/>\n<meta property=\"og:url\" content=\"https:\/\/www.revistarambla.com\/en\/tradicion-arte-y-sentimiento-en-flamenco-barcelona\/\" \/>\n<meta property=\"og:site_name\" content=\"Revista Rambla\" \/>\n<meta property=\"article:publisher\" content=\"https:\/\/www.facebook.com\/revistarambla\/\" \/>\n<meta property=\"article:author\" content=\"https:\/\/www.facebook.com\/revistarambla\" \/>\n<meta property=\"article:published_time\" content=\"2013-08-15T07:21:24+00:00\" \/>\n<meta property=\"article:modified_time\" content=\"2024-04-23T09:09:37+00:00\" \/>\n<meta property=\"og:image\" content=\"https:\/\/www.revistarambla.com\/wp-content\/uploads\/2013\/08\/flamenco_revistarambla_03.jpg\" \/>\n\t<meta property=\"og:image:width\" content=\"700\" \/>\n\t<meta property=\"og:image:height\" content=\"389\" \/>\n\t<meta property=\"og:image:type\" content=\"image\/jpeg\" \/>\n<meta name=\"author\" content=\"R@mbla\" \/>\n<meta name=\"twitter:card\" content=\"summary_large_image\" \/>\n<meta name=\"twitter:creator\" content=\"@revistarambla\" \/>\n<meta name=\"twitter:site\" content=\"@revistarambla\" \/>\n<meta name=\"twitter:label1\" content=\"Written by\" \/>\n\t<meta name=\"twitter:data1\" content=\"R@mbla\" \/>\n\t<meta name=\"twitter:label2\" content=\"Estimated reading time\" \/>\n\t<meta name=\"twitter:data2\" content=\"3 minutes\" \/>\n<script type=\"application\/ld+json\" class=\"yoast-schema-graph\">{\"@context\":\"https:\\\/\\\/schema.org\",\"@graph\":[{\"@type\":\"Article\",\"@id\":\"https:\\\/\\\/www.revistarambla.com\\\/tradicion-arte-y-sentimiento-en-flamenco-barcelona\\\/#article\",\"isPartOf\":{\"@id\":\"https:\\\/\\\/www.revistarambla.com\\\/tradicion-arte-y-sentimiento-en-flamenco-barcelona\\\/\"},\"author\":{\"name\":\"R@mbla\",\"@id\":\"https:\\\/\\\/www.revistarambla.com\\\/#\\\/schema\\\/person\\\/a146a5a2550b94981a75131180e1bd9c\"},\"headline\":\"Tradici\u00f3n, arte y sentimiento en Flamenco Barcelona\",\"datePublished\":\"2013-08-15T07:21:24+00:00\",\"dateModified\":\"2024-04-23T09:09:37+00:00\",\"mainEntityOfPage\":{\"@id\":\"https:\\\/\\\/www.revistarambla.com\\\/tradicion-arte-y-sentimiento-en-flamenco-barcelona\\\/\"},\"wordCount\":562,\"commentCount\":0,\"publisher\":{\"@id\":\"https:\\\/\\\/www.revistarambla.com\\\/#organization\"},\"image\":{\"@id\":\"https:\\\/\\\/www.revistarambla.com\\\/tradicion-arte-y-sentimiento-en-flamenco-barcelona\\\/#primaryimage\"},\"thumbnailUrl\":\"https:\\\/\\\/www.revistarambla.com\\\/wp-content\\\/uploads\\\/2013\\\/08\\\/flamenco_revistarambla_03.jpg\",\"articleSection\":[\"M\u00fasica\"],\"inLanguage\":\"en-GB\",\"potentialAction\":[{\"@type\":\"CommentAction\",\"name\":\"Comment\",\"target\":[\"https:\\\/\\\/www.revistarambla.com\\\/tradicion-arte-y-sentimiento-en-flamenco-barcelona\\\/#respond\"]}]},{\"@type\":\"WebPage\",\"@id\":\"https:\\\/\\\/www.revistarambla.com\\\/tradicion-arte-y-sentimiento-en-flamenco-barcelona\\\/\",\"url\":\"https:\\\/\\\/www.revistarambla.com\\\/tradicion-arte-y-sentimiento-en-flamenco-barcelona\\\/\",\"name\":\"Tradici\u00f3n, arte y sentimiento en Flamenco Barcelona - Revista Rambla\",\"isPartOf\":{\"@id\":\"https:\\\/\\\/www.revistarambla.com\\\/#website\"},\"primaryImageOfPage\":{\"@id\":\"https:\\\/\\\/www.revistarambla.com\\\/tradicion-arte-y-sentimiento-en-flamenco-barcelona\\\/#primaryimage\"},\"image\":{\"@id\":\"https:\\\/\\\/www.revistarambla.com\\\/tradicion-arte-y-sentimiento-en-flamenco-barcelona\\\/#primaryimage\"},\"thumbnailUrl\":\"https:\\\/\\\/www.revistarambla.com\\\/wp-content\\\/uploads\\\/2013\\\/08\\\/flamenco_revistarambla_03.jpg\",\"datePublished\":\"2013-08-15T07:21:24+00:00\",\"dateModified\":\"2024-04-23T09:09:37+00:00\",\"description\":\"El flamenco es la base de la Asociaci\u00f3n Flamenco Barcelona, ubicada en el coraz\u00f3n de Gr\u00e0cia, que dedica sus d\u00edas a ense\u00f1ar flamenco.\",\"breadcrumb\":{\"@id\":\"https:\\\/\\\/www.revistarambla.com\\\/tradicion-arte-y-sentimiento-en-flamenco-barcelona\\\/#breadcrumb\"},\"inLanguage\":\"en-GB\",\"potentialAction\":[{\"@type\":\"ReadAction\",\"target\":[\"https:\\\/\\\/www.revistarambla.com\\\/tradicion-arte-y-sentimiento-en-flamenco-barcelona\\\/\"]}]},{\"@type\":\"ImageObject\",\"inLanguage\":\"en-GB\",\"@id\":\"https:\\\/\\\/www.revistarambla.com\\\/tradicion-arte-y-sentimiento-en-flamenco-barcelona\\\/#primaryimage\",\"url\":\"https:\\\/\\\/www.revistarambla.com\\\/wp-content\\\/uploads\\\/2013\\\/08\\\/flamenco_revistarambla_03.jpg\",\"contentUrl\":\"https:\\\/\\\/www.revistarambla.com\\\/wp-content\\\/uploads\\\/2013\\\/08\\\/flamenco_revistarambla_03.jpg\",\"width\":700,\"height\":389,\"caption\":\"flamenco barcelona\"},{\"@type\":\"BreadcrumbList\",\"@id\":\"https:\\\/\\\/www.revistarambla.com\\\/tradicion-arte-y-sentimiento-en-flamenco-barcelona\\\/#breadcrumb\",\"itemListElement\":[{\"@type\":\"ListItem\",\"position\":1,\"name\":\"Portada\",\"item\":\"https:\\\/\\\/www.revistarambla.com\\\/\"},{\"@type\":\"ListItem\",\"position\":2,\"name\":\"Tradici\u00f3n, arte y sentimiento en Flamenco Barcelona\"}]},{\"@type\":\"WebSite\",\"@id\":\"https:\\\/\\\/www.revistarambla.com\\\/#website\",\"url\":\"https:\\\/\\\/www.revistarambla.com\\\/\",\"name\":\"Revista Rambla Barcelona\",\"description\":\"Periodismo independiente\",\"publisher\":{\"@id\":\"https:\\\/\\\/www.revistarambla.com\\\/#organization\"},\"potentialAction\":[{\"@type\":\"SearchAction\",\"target\":{\"@type\":\"EntryPoint\",\"urlTemplate\":\"https:\\\/\\\/www.revistarambla.com\\\/?s={search_term_string}\"},\"query-input\":{\"@type\":\"PropertyValueSpecification\",\"valueRequired\":true,\"valueName\":\"search_term_string\"}}],\"inLanguage\":\"en-GB\"},{\"@type\":\"Organization\",\"@id\":\"https:\\\/\\\/www.revistarambla.com\\\/#organization\",\"name\":\"Revista Rambla\",\"url\":\"https:\\\/\\\/www.revistarambla.com\\\/\",\"logo\":{\"@type\":\"ImageObject\",\"inLanguage\":\"en-GB\",\"@id\":\"https:\\\/\\\/www.revistarambla.com\\\/#\\\/schema\\\/logo\\\/image\\\/\",\"url\":\"https:\\\/\\\/www.revistarambla.com\\\/wp-content\\\/uploads\\\/2020\\\/09\\\/banner_rambla_1900x600_BB.png\",\"contentUrl\":\"https:\\\/\\\/www.revistarambla.com\\\/wp-content\\\/uploads\\\/2020\\\/09\\\/banner_rambla_1900x600_BB.png\",\"width\":1900,\"height\":600,\"caption\":\"Revista Rambla\"},\"image\":{\"@id\":\"https:\\\/\\\/www.revistarambla.com\\\/#\\\/schema\\\/logo\\\/image\\\/\"},\"sameAs\":[\"https:\\\/\\\/www.facebook.com\\\/revistarambla\\\/\",\"https:\\\/\\\/x.com\\\/revistarambla\",\"https:\\\/\\\/www.instagram.com\\\/revista_rambla\",\"https:\\\/\\\/es.linkedin.com\\\/company\\\/revista-rambla\"]},{\"@type\":\"Person\",\"@id\":\"https:\\\/\\\/www.revistarambla.com\\\/#\\\/schema\\\/person\\\/a146a5a2550b94981a75131180e1bd9c\",\"name\":\"R@mbla\",\"description\":\"Este art\u00edculo ha sido redactado y\\\/o validado por el equipo de redacci\u00f3n de Revista Rambla.\",\"sameAs\":[\"https:\\\/\\\/www.revistarambla.com\\\/\",\"https:\\\/\\\/www.facebook.com\\\/revistarambla\",\"https:\\\/\\\/x.com\\\/revistarambla\"]}]}<\/script>\n<!-- \/ Yoast SEO plugin. -->","yoast_head_json":{"title":"Tradici\u00f3n, arte y sentimiento en Flamenco Barcelona - Revista Rambla","description":"El flamenco es la base de la Asociaci\u00f3n Flamenco Barcelona, ubicada en el coraz\u00f3n de Gr\u00e0cia, que dedica sus d\u00edas a ense\u00f1ar flamenco.","robots":{"index":"index","follow":"follow","max-snippet":"max-snippet:-1","max-image-preview":"max-image-preview:large","max-video-preview":"max-video-preview:-1"},"canonical":"https:\/\/www.revistarambla.com\/en\/tradicion-arte-y-sentimiento-en-flamenco-barcelona\/","og_locale":"en_GB","og_type":"article","og_title":"Tradici\u00f3n, arte y sentimiento en Flamenco Barcelona - Revista Rambla","og_description":"El flamenco es la base de la Asociaci\u00f3n Flamenco Barcelona, ubicada en el coraz\u00f3n de Gr\u00e0cia, que dedica sus d\u00edas a ense\u00f1ar flamenco.","og_url":"https:\/\/www.revistarambla.com\/en\/tradicion-arte-y-sentimiento-en-flamenco-barcelona\/","og_site_name":"Revista Rambla","article_publisher":"https:\/\/www.facebook.com\/revistarambla\/","article_author":"https:\/\/www.facebook.com\/revistarambla","article_published_time":"2013-08-15T07:21:24+00:00","article_modified_time":"2024-04-23T09:09:37+00:00","og_image":[{"width":700,"height":389,"url":"https:\/\/www.revistarambla.com\/wp-content\/uploads\/2013\/08\/flamenco_revistarambla_03.jpg","type":"image\/jpeg"}],"author":"R@mbla","twitter_card":"summary_large_image","twitter_creator":"@revistarambla","twitter_site":"@revistarambla","twitter_misc":{"Written by":"R@mbla","Estimated reading time":"3 minutes"},"schema":{"@context":"https:\/\/schema.org","@graph":[{"@type":"Article","@id":"https:\/\/www.revistarambla.com\/tradicion-arte-y-sentimiento-en-flamenco-barcelona\/#article","isPartOf":{"@id":"https:\/\/www.revistarambla.com\/tradicion-arte-y-sentimiento-en-flamenco-barcelona\/"},"author":{"name":"R@mbla","@id":"https:\/\/www.revistarambla.com\/#\/schema\/person\/a146a5a2550b94981a75131180e1bd9c"},"headline":"Tradici\u00f3n, arte y sentimiento en Flamenco Barcelona","datePublished":"2013-08-15T07:21:24+00:00","dateModified":"2024-04-23T09:09:37+00:00","mainEntityOfPage":{"@id":"https:\/\/www.revistarambla.com\/tradicion-arte-y-sentimiento-en-flamenco-barcelona\/"},"wordCount":562,"commentCount":0,"publisher":{"@id":"https:\/\/www.revistarambla.com\/#organization"},"image":{"@id":"https:\/\/www.revistarambla.com\/tradicion-arte-y-sentimiento-en-flamenco-barcelona\/#primaryimage"},"thumbnailUrl":"https:\/\/www.revistarambla.com\/wp-content\/uploads\/2013\/08\/flamenco_revistarambla_03.jpg","articleSection":["M\u00fasica"],"inLanguage":"en-GB","potentialAction":[{"@type":"CommentAction","name":"Comment","target":["https:\/\/www.revistarambla.com\/tradicion-arte-y-sentimiento-en-flamenco-barcelona\/#respond"]}]},{"@type":"WebPage","@id":"https:\/\/www.revistarambla.com\/tradicion-arte-y-sentimiento-en-flamenco-barcelona\/","url":"https:\/\/www.revistarambla.com\/tradicion-arte-y-sentimiento-en-flamenco-barcelona\/","name":"Tradici\u00f3n, arte y sentimiento en Flamenco Barcelona - Revista Rambla","isPartOf":{"@id":"https:\/\/www.revistarambla.com\/#website"},"primaryImageOfPage":{"@id":"https:\/\/www.revistarambla.com\/tradicion-arte-y-sentimiento-en-flamenco-barcelona\/#primaryimage"},"image":{"@id":"https:\/\/www.revistarambla.com\/tradicion-arte-y-sentimiento-en-flamenco-barcelona\/#primaryimage"},"thumbnailUrl":"https:\/\/www.revistarambla.com\/wp-content\/uploads\/2013\/08\/flamenco_revistarambla_03.jpg","datePublished":"2013-08-15T07:21:24+00:00","dateModified":"2024-04-23T09:09:37+00:00","description":"El flamenco es la base de la Asociaci\u00f3n Flamenco Barcelona, ubicada en el coraz\u00f3n de Gr\u00e0cia, que dedica sus d\u00edas a ense\u00f1ar flamenco.","breadcrumb":{"@id":"https:\/\/www.revistarambla.com\/tradicion-arte-y-sentimiento-en-flamenco-barcelona\/#breadcrumb"},"inLanguage":"en-GB","potentialAction":[{"@type":"ReadAction","target":["https:\/\/www.revistarambla.com\/tradicion-arte-y-sentimiento-en-flamenco-barcelona\/"]}]},{"@type":"ImageObject","inLanguage":"en-GB","@id":"https:\/\/www.revistarambla.com\/tradicion-arte-y-sentimiento-en-flamenco-barcelona\/#primaryimage","url":"https:\/\/www.revistarambla.com\/wp-content\/uploads\/2013\/08\/flamenco_revistarambla_03.jpg","contentUrl":"https:\/\/www.revistarambla.com\/wp-content\/uploads\/2013\/08\/flamenco_revistarambla_03.jpg","width":700,"height":389,"caption":"flamenco barcelona"},{"@type":"BreadcrumbList","@id":"https:\/\/www.revistarambla.com\/tradicion-arte-y-sentimiento-en-flamenco-barcelona\/#breadcrumb","itemListElement":[{"@type":"ListItem","position":1,"name":"Portada","item":"https:\/\/www.revistarambla.com\/"},{"@type":"ListItem","position":2,"name":"Tradici\u00f3n, arte y sentimiento en Flamenco Barcelona"}]},{"@type":"WebSite","@id":"https:\/\/www.revistarambla.com\/#website","url":"https:\/\/www.revistarambla.com\/","name":"Revista Rambla Barcelona","description":"Periodismo independiente","publisher":{"@id":"https:\/\/www.revistarambla.com\/#organization"},"potentialAction":[{"@type":"SearchAction","target":{"@type":"EntryPoint","urlTemplate":"https:\/\/www.revistarambla.com\/?s={search_term_string}"},"query-input":{"@type":"PropertyValueSpecification","valueRequired":true,"valueName":"search_term_string"}}],"inLanguage":"en-GB"},{"@type":"Organization","@id":"https:\/\/www.revistarambla.com\/#organization","name":"Revista Rambla","url":"https:\/\/www.revistarambla.com\/","logo":{"@type":"ImageObject","inLanguage":"en-GB","@id":"https:\/\/www.revistarambla.com\/#\/schema\/logo\/image\/","url":"https:\/\/www.revistarambla.com\/wp-content\/uploads\/2020\/09\/banner_rambla_1900x600_BB.png","contentUrl":"https:\/\/www.revistarambla.com\/wp-content\/uploads\/2020\/09\/banner_rambla_1900x600_BB.png","width":1900,"height":600,"caption":"Revista Rambla"},"image":{"@id":"https:\/\/www.revistarambla.com\/#\/schema\/logo\/image\/"},"sameAs":["https:\/\/www.facebook.com\/revistarambla\/","https:\/\/x.com\/revistarambla","https:\/\/www.instagram.com\/revista_rambla","https:\/\/es.linkedin.com\/company\/revista-rambla"]},{"@type":"Person","@id":"https:\/\/www.revistarambla.com\/#\/schema\/person\/a146a5a2550b94981a75131180e1bd9c","name":"R@mbla","description":"Este art\u00edculo ha sido redactado y\/o validado por el equipo de redacci\u00f3n de Revista Rambla.","sameAs":["https:\/\/www.revistarambla.com\/","https:\/\/www.facebook.com\/revistarambla","https:\/\/x.com\/revistarambla"]}]}},"_links":{"self":[{"href":"https:\/\/www.revistarambla.com\/en\/wp-json\/wp\/v2\/posts\/3834","targetHints":{"allow":["GET"]}}],"collection":[{"href":"https:\/\/www.revistarambla.com\/en\/wp-json\/wp\/v2\/posts"}],"about":[{"href":"https:\/\/www.revistarambla.com\/en\/wp-json\/wp\/v2\/types\/post"}],"author":[{"embeddable":true,"href":"https:\/\/www.revistarambla.com\/en\/wp-json\/wp\/v2\/users\/3"}],"replies":[{"embeddable":true,"href":"https:\/\/www.revistarambla.com\/en\/wp-json\/wp\/v2\/comments?post=3834"}],"version-history":[{"count":2,"href":"https:\/\/www.revistarambla.com\/en\/wp-json\/wp\/v2\/posts\/3834\/revisions"}],"predecessor-version":[{"id":59629,"href":"https:\/\/www.revistarambla.com\/en\/wp-json\/wp\/v2\/posts\/3834\/revisions\/59629"}],"wp:featuredmedia":[{"embeddable":true,"href":"https:\/\/www.revistarambla.com\/en\/wp-json\/wp\/v2\/media\/3833"}],"wp:attachment":[{"href":"https:\/\/www.revistarambla.com\/en\/wp-json\/wp\/v2\/media?parent=3834"}],"wp:term":[{"taxonomy":"category","embeddable":true,"href":"https:\/\/www.revistarambla.com\/en\/wp-json\/wp\/v2\/categories?post=3834"},{"taxonomy":"post_tag","embeddable":true,"href":"https:\/\/www.revistarambla.com\/en\/wp-json\/wp\/v2\/tags?post=3834"}],"curies":[{"name":"wp","href":"https:\/\/api.w.org\/{rel}","templated":true}]}}