{"id":3830,"date":"2013-08-15T07:07:04","date_gmt":"2013-08-15T07:07:04","guid":{"rendered":"https:\/\/www.revistarambla.com\/las-ambulancias-de-barcelona-se-plantan-ante-una-situacion-insostenible\/"},"modified":"2024-04-23T11:03:17","modified_gmt":"2024-04-23T09:03:17","slug":"las-ambulancias-de-barcelona-se-plantan-ante-una-situacion-insostenible","status":"publish","type":"post","link":"https:\/\/www.revistarambla.com\/en\/las-ambulancias-de-barcelona-se-plantan-ante-una-situacion-insostenible\/","title":{"rendered":"Las ambulancias de Barcelona se plantan ante una situaci\u00f3n insostenible"},"content":{"rendered":"<p>Los trabajadores de Ambulancias de Barcelona Domingo S.A.U, empresa subcontratada por la Generalitat de Catalu\u00f1a, acampan desde hace d\u00edas a las puertas de la entidad para reclamar sus derechos y denunciar la precaria situaci\u00f3n en la que se encuentran. Una situaci\u00f3n que, de no ser subsanada, podr\u00eda llevar a la huelga a centenares de empleados del sector sanitario.<\/p>\n<p>Ambulancias Domingo S.A.U, empresa subcontratada por la Generalitat de Catalu\u00f1a, es una de las muchas entidades que proporcionan actualmente el servicio de ambulancias a la provincia de <a href=\"https:\/\/www.revistarambla.com\/en\/actualidad\/barcelona\/\">Barcelona<\/a>. Debido a la importancia de este tipo de servicios para la salud del ciudadano, este tipo de empresas gozan de una alta financiaci\u00f3n por parte del gobierno auton\u00f3mico, con el fin de garantizar un servicio de calidad y un dispositivo completo que asegure su correcto funcionamiento. A pesar de ello, desde hace alg\u00fan tiempo, los empleados de Ambulancias Domingo S.A.U se est\u00e1n viendo obligados a trabajar en condiciones precarias. Unas condiciones que podr\u00edan mermar el resultado y la eficacia que, hasta el momento, han demostrado estos trabajadores.<\/p>\n<h2>Condiciones laborales en ambulancias de Barcelona<\/h2>\n<p>Jornadas laborales de 12 horas, turnos rotativos incompatibles con la vida familiar, escasez de material de trabajo y la falta de estaciones acondicionadas son algunos de los motivos de la acampada que los trabajadores de Ambulancias Domingo S.AU. de Barcelona llevan haciendo desde hace d\u00edas a las puertas de la entidad.<\/p>\n<p>La gota que ha colmado el vaso, seg\u00fan ellos, ha sido el \u00faltimo recorte salarial que alcanza el 9\u20192% de un sueldo base que ya hab\u00eda sido recortado en 2010 y que, a pesar de los intentos de los trabajadores para llegar a un acuerdo con la Patronal, por el momento, se plantea como indefinido.<\/p>\n<p>El recorte salarial se suma a unas condiciones de trabajo inapropiadas para este tipo de empleados, encargados de dar asistencia sanitaria y de transporte a los enfermos de mayor o menor urgencia. La mayor\u00eda de las ambulancias de esta empresa carecen del material imprescindible para llevar a cabo un servicio m\u00ednimo, llegando a escatimar en suero fisiol\u00f3gico, entre muchas otras cosas.<\/p>\n<p>Las jornadas laborales de estos empleados llegan hasta las 12 horas, de las cuales s\u00f3lo se les paga 10 horas y media. Durante estas horas han de permanecer en la ambulancia debido a la inexistencia de estaciones acondicionadas donde poder descansar, comer o hacer uso del W.C. Dichas ambulancias se aparcan en plena calle, pues tampoco existe un lugar donde acudir cuando no tienen servicios que cubrir. Esto provoca que los empleados pasen 12 horas dentro de un veh\u00edculo en el que se ven obligados a comer, la mayor\u00eda de las veces a altas horas de la tarde, pues tampoco cuentan con un horario de comida establecido.<\/p>\n<p><img decoding=\"async\" class=\"aligncenter wp-image-3829 size-full\" src=\"https:\/\/www.revistarambla.com\/wp-content\/uploads\/2013\/08\/ambulancias_revistarambla_01.jpg\" alt=\"alt\" width=\"700\" height=\"386\" srcset=\"https:\/\/www.revistarambla.com\/wp-content\/uploads\/2013\/08\/ambulancias_revistarambla_01.jpg 700w, https:\/\/www.revistarambla.com\/wp-content\/uploads\/2013\/08\/ambulancias_revistarambla_01-300x165.jpg 300w, https:\/\/www.revistarambla.com\/wp-content\/uploads\/2013\/08\/ambulancias_revistarambla_01-500x276.jpg 500w\" sizes=\"(max-width: 700px) 100vw, 700px\" \/><\/p>\n<p>Los turnos de trabajo funcionan bajo un sistema de rotaci\u00f3n que no aseguran el completo descanso a sus empleados y que se establecen de forma arbitraria, sin contar con los d\u00edas libres de los trabajadores y haciendo incompatible la vida laboral y la vida familiar.<\/p>\n<p>Estas situaciones se suman a la presi\u00f3n que se ejerce sobre los trabajadores, con un sistema de sanciones que llegan a la apertura de expedientes en el caso de cubrir menos servicios que el resto de compa\u00f1eros. Un sistema de productividad que equipara el trabajo realizado en una cadena de montaje con el servicio que estos trabajadores prestan a personas. Cabe decir que los servicios son destinados desde la centralita, y que los empleados no son responsables de la cuant\u00eda que se les encarga, de la distancia que han de recorrer, ni del tiempo que se emplea en realizar un servicio.<\/p>\n<p>Todos estos actos van en contra del convenio de trabajadores, firmado por ambas partes y con una vigencia que se establece hasta el a\u00f1o 2015.<\/p>\n<p>La situaci\u00f3n para los trabajadores de Ambulancias Domingo S.A.U se ha vuelto insostenible, por lo que han decidido hacer una acampada frente a las dependencias de la empresa, donde se re\u00fanen durante sus horas libres para reivindicar sus derechos y denunciar estos acontecimientos. A d\u00eda de hoy, no han obtenido ninguna respuesta por parte de la empresa, lo que ha puesto sobre la mesa la posibilidad de convocar una huelga que llame a la movilizaci\u00f3n de centenares de trabajadores afectados.<\/p>","protected":false},"excerpt":{"rendered":"<p>Los trabajadores de Ambulancias de Barcelona Domingo S.A.U, empresa subcontratada por la Generalitat de Catalu\u00f1a, acampan desde hace d\u00edas a las puertas de la entidad para reclamar sus derechos y denunciar la precaria situaci\u00f3n en la que se encuentran. Una situaci\u00f3n que, de no ser subsanada, podr\u00eda llevar a la [&hellip;]<\/p>\n","protected":false},"author":3,"featured_media":3828,"comment_status":"open","ping_status":"open","sticky":false,"template":"","format":"standard","meta":{"footnotes":""},"categories":[76],"tags":[],"class_list":["post-3830","post","type-post","status-publish","format-standard","has-post-thumbnail","hentry","category-barcelona"],"yoast_head":"<!-- This site is optimized with the Yoast SEO plugin v27.5 - https:\/\/yoast.com\/product\/yoast-seo-wordpress\/ -->\n<title>Las ambulancias de Barcelona dicen basta - Revista Rambla<\/title>\n<meta name=\"description\" content=\"Acampada que los trabajadores de Ambulancias Domingo S.AU. de Barcelona llevan haciendo desde hace d\u00edas a las puertas de la entidad.\" \/>\n<meta name=\"robots\" content=\"index, follow, max-snippet:-1, max-image-preview:large, max-video-preview:-1\" \/>\n<link rel=\"canonical\" href=\"https:\/\/www.revistarambla.com\/en\/las-ambulancias-de-barcelona-se-plantan-ante-una-situacion-insostenible\/\" \/>\n<meta property=\"og:locale\" content=\"en_GB\" \/>\n<meta property=\"og:type\" content=\"article\" \/>\n<meta property=\"og:title\" content=\"Las ambulancias de Barcelona dicen basta - Revista Rambla\" \/>\n<meta property=\"og:description\" content=\"Acampada que los trabajadores de Ambulancias Domingo S.AU. de Barcelona llevan haciendo desde hace d\u00edas a las puertas de la entidad.\" \/>\n<meta property=\"og:url\" content=\"https:\/\/www.revistarambla.com\/en\/las-ambulancias-de-barcelona-se-plantan-ante-una-situacion-insostenible\/\" \/>\n<meta property=\"og:site_name\" content=\"Revista Rambla\" \/>\n<meta property=\"article:publisher\" content=\"https:\/\/www.facebook.com\/revistarambla\/\" \/>\n<meta property=\"article:author\" content=\"https:\/\/www.facebook.com\/revistarambla\" \/>\n<meta property=\"article:published_time\" content=\"2013-08-15T07:07:04+00:00\" \/>\n<meta property=\"article:modified_time\" content=\"2024-04-23T09:03:17+00:00\" \/>\n<meta property=\"og:image\" content=\"https:\/\/www.revistarambla.com\/wp-content\/uploads\/2013\/08\/ambulancias_revistarambla_02.jpg\" \/>\n\t<meta property=\"og:image:width\" content=\"700\" \/>\n\t<meta property=\"og:image:height\" content=\"393\" \/>\n\t<meta property=\"og:image:type\" content=\"image\/jpeg\" \/>\n<meta name=\"author\" content=\"R@mbla\" \/>\n<meta name=\"twitter:card\" content=\"summary_large_image\" \/>\n<meta name=\"twitter:creator\" content=\"@revistarambla\" \/>\n<meta name=\"twitter:site\" content=\"@revistarambla\" \/>\n<meta name=\"twitter:label1\" content=\"Written by\" \/>\n\t<meta name=\"twitter:data1\" content=\"R@mbla\" \/>\n\t<meta name=\"twitter:label2\" content=\"Estimated reading time\" \/>\n\t<meta name=\"twitter:data2\" content=\"4 minutes\" \/>\n<script type=\"application\/ld+json\" class=\"yoast-schema-graph\">{\"@context\":\"https:\\\/\\\/schema.org\",\"@graph\":[{\"@type\":\"Article\",\"@id\":\"https:\\\/\\\/www.revistarambla.com\\\/las-ambulancias-de-barcelona-se-plantan-ante-una-situacion-insostenible\\\/#article\",\"isPartOf\":{\"@id\":\"https:\\\/\\\/www.revistarambla.com\\\/las-ambulancias-de-barcelona-se-plantan-ante-una-situacion-insostenible\\\/\"},\"author\":{\"name\":\"R@mbla\",\"@id\":\"https:\\\/\\\/www.revistarambla.com\\\/#\\\/schema\\\/person\\\/a146a5a2550b94981a75131180e1bd9c\"},\"headline\":\"Las ambulancias de Barcelona se plantan ante una situaci\u00f3n insostenible\",\"datePublished\":\"2013-08-15T07:07:04+00:00\",\"dateModified\":\"2024-04-23T09:03:17+00:00\",\"mainEntityOfPage\":{\"@id\":\"https:\\\/\\\/www.revistarambla.com\\\/las-ambulancias-de-barcelona-se-plantan-ante-una-situacion-insostenible\\\/\"},\"wordCount\":748,\"commentCount\":0,\"publisher\":{\"@id\":\"https:\\\/\\\/www.revistarambla.com\\\/#organization\"},\"image\":{\"@id\":\"https:\\\/\\\/www.revistarambla.com\\\/las-ambulancias-de-barcelona-se-plantan-ante-una-situacion-insostenible\\\/#primaryimage\"},\"thumbnailUrl\":\"https:\\\/\\\/www.revistarambla.com\\\/wp-content\\\/uploads\\\/2013\\\/08\\\/ambulancias_revistarambla_02.jpg\",\"articleSection\":[\"Barcelona\"],\"inLanguage\":\"en-GB\",\"potentialAction\":[{\"@type\":\"CommentAction\",\"name\":\"Comment\",\"target\":[\"https:\\\/\\\/www.revistarambla.com\\\/las-ambulancias-de-barcelona-se-plantan-ante-una-situacion-insostenible\\\/#respond\"]}]},{\"@type\":\"WebPage\",\"@id\":\"https:\\\/\\\/www.revistarambla.com\\\/las-ambulancias-de-barcelona-se-plantan-ante-una-situacion-insostenible\\\/\",\"url\":\"https:\\\/\\\/www.revistarambla.com\\\/las-ambulancias-de-barcelona-se-plantan-ante-una-situacion-insostenible\\\/\",\"name\":\"Las ambulancias de Barcelona dicen basta - Revista Rambla\",\"isPartOf\":{\"@id\":\"https:\\\/\\\/www.revistarambla.com\\\/#website\"},\"primaryImageOfPage\":{\"@id\":\"https:\\\/\\\/www.revistarambla.com\\\/las-ambulancias-de-barcelona-se-plantan-ante-una-situacion-insostenible\\\/#primaryimage\"},\"image\":{\"@id\":\"https:\\\/\\\/www.revistarambla.com\\\/las-ambulancias-de-barcelona-se-plantan-ante-una-situacion-insostenible\\\/#primaryimage\"},\"thumbnailUrl\":\"https:\\\/\\\/www.revistarambla.com\\\/wp-content\\\/uploads\\\/2013\\\/08\\\/ambulancias_revistarambla_02.jpg\",\"datePublished\":\"2013-08-15T07:07:04+00:00\",\"dateModified\":\"2024-04-23T09:03:17+00:00\",\"description\":\"Acampada que los trabajadores de Ambulancias Domingo S.AU. de Barcelona llevan haciendo desde hace d\u00edas a las puertas de la entidad.\",\"breadcrumb\":{\"@id\":\"https:\\\/\\\/www.revistarambla.com\\\/las-ambulancias-de-barcelona-se-plantan-ante-una-situacion-insostenible\\\/#breadcrumb\"},\"inLanguage\":\"en-GB\",\"potentialAction\":[{\"@type\":\"ReadAction\",\"target\":[\"https:\\\/\\\/www.revistarambla.com\\\/las-ambulancias-de-barcelona-se-plantan-ante-una-situacion-insostenible\\\/\"]}]},{\"@type\":\"ImageObject\",\"inLanguage\":\"en-GB\",\"@id\":\"https:\\\/\\\/www.revistarambla.com\\\/las-ambulancias-de-barcelona-se-plantan-ante-una-situacion-insostenible\\\/#primaryimage\",\"url\":\"https:\\\/\\\/www.revistarambla.com\\\/wp-content\\\/uploads\\\/2013\\\/08\\\/ambulancias_revistarambla_02.jpg\",\"contentUrl\":\"https:\\\/\\\/www.revistarambla.com\\\/wp-content\\\/uploads\\\/2013\\\/08\\\/ambulancias_revistarambla_02.jpg\",\"width\":700,\"height\":393,\"caption\":\"ambulancias barcelona\"},{\"@type\":\"BreadcrumbList\",\"@id\":\"https:\\\/\\\/www.revistarambla.com\\\/las-ambulancias-de-barcelona-se-plantan-ante-una-situacion-insostenible\\\/#breadcrumb\",\"itemListElement\":[{\"@type\":\"ListItem\",\"position\":1,\"name\":\"Portada\",\"item\":\"https:\\\/\\\/www.revistarambla.com\\\/\"},{\"@type\":\"ListItem\",\"position\":2,\"name\":\"Las ambulancias de Barcelona se plantan ante una situaci\u00f3n insostenible\"}]},{\"@type\":\"WebSite\",\"@id\":\"https:\\\/\\\/www.revistarambla.com\\\/#website\",\"url\":\"https:\\\/\\\/www.revistarambla.com\\\/\",\"name\":\"Revista Rambla Barcelona\",\"description\":\"Periodismo independiente\",\"publisher\":{\"@id\":\"https:\\\/\\\/www.revistarambla.com\\\/#organization\"},\"potentialAction\":[{\"@type\":\"SearchAction\",\"target\":{\"@type\":\"EntryPoint\",\"urlTemplate\":\"https:\\\/\\\/www.revistarambla.com\\\/?s={search_term_string}\"},\"query-input\":{\"@type\":\"PropertyValueSpecification\",\"valueRequired\":true,\"valueName\":\"search_term_string\"}}],\"inLanguage\":\"en-GB\"},{\"@type\":\"Organization\",\"@id\":\"https:\\\/\\\/www.revistarambla.com\\\/#organization\",\"name\":\"Revista Rambla\",\"url\":\"https:\\\/\\\/www.revistarambla.com\\\/\",\"logo\":{\"@type\":\"ImageObject\",\"inLanguage\":\"en-GB\",\"@id\":\"https:\\\/\\\/www.revistarambla.com\\\/#\\\/schema\\\/logo\\\/image\\\/\",\"url\":\"https:\\\/\\\/www.revistarambla.com\\\/wp-content\\\/uploads\\\/2020\\\/09\\\/banner_rambla_1900x600_BB.png\",\"contentUrl\":\"https:\\\/\\\/www.revistarambla.com\\\/wp-content\\\/uploads\\\/2020\\\/09\\\/banner_rambla_1900x600_BB.png\",\"width\":1900,\"height\":600,\"caption\":\"Revista Rambla\"},\"image\":{\"@id\":\"https:\\\/\\\/www.revistarambla.com\\\/#\\\/schema\\\/logo\\\/image\\\/\"},\"sameAs\":[\"https:\\\/\\\/www.facebook.com\\\/revistarambla\\\/\",\"https:\\\/\\\/x.com\\\/revistarambla\",\"https:\\\/\\\/www.instagram.com\\\/revista_rambla\",\"https:\\\/\\\/es.linkedin.com\\\/company\\\/revista-rambla\"]},{\"@type\":\"Person\",\"@id\":\"https:\\\/\\\/www.revistarambla.com\\\/#\\\/schema\\\/person\\\/a146a5a2550b94981a75131180e1bd9c\",\"name\":\"R@mbla\",\"description\":\"Este art\u00edculo ha sido redactado y\\\/o validado por el equipo de redacci\u00f3n de Revista Rambla.\",\"sameAs\":[\"https:\\\/\\\/www.revistarambla.com\\\/\",\"https:\\\/\\\/www.facebook.com\\\/revistarambla\",\"https:\\\/\\\/x.com\\\/revistarambla\"]}]}<\/script>\n<!-- \/ Yoast SEO plugin. -->","yoast_head_json":{"title":"Las ambulancias de Barcelona dicen basta - Revista Rambla","description":"Acampada que los trabajadores de Ambulancias Domingo S.AU. de Barcelona llevan haciendo desde hace d\u00edas a las puertas de la entidad.","robots":{"index":"index","follow":"follow","max-snippet":"max-snippet:-1","max-image-preview":"max-image-preview:large","max-video-preview":"max-video-preview:-1"},"canonical":"https:\/\/www.revistarambla.com\/en\/las-ambulancias-de-barcelona-se-plantan-ante-una-situacion-insostenible\/","og_locale":"en_GB","og_type":"article","og_title":"Las ambulancias de Barcelona dicen basta - Revista Rambla","og_description":"Acampada que los trabajadores de Ambulancias Domingo S.AU. de Barcelona llevan haciendo desde hace d\u00edas a las puertas de la entidad.","og_url":"https:\/\/www.revistarambla.com\/en\/las-ambulancias-de-barcelona-se-plantan-ante-una-situacion-insostenible\/","og_site_name":"Revista Rambla","article_publisher":"https:\/\/www.facebook.com\/revistarambla\/","article_author":"https:\/\/www.facebook.com\/revistarambla","article_published_time":"2013-08-15T07:07:04+00:00","article_modified_time":"2024-04-23T09:03:17+00:00","og_image":[{"width":700,"height":393,"url":"https:\/\/www.revistarambla.com\/wp-content\/uploads\/2013\/08\/ambulancias_revistarambla_02.jpg","type":"image\/jpeg"}],"author":"R@mbla","twitter_card":"summary_large_image","twitter_creator":"@revistarambla","twitter_site":"@revistarambla","twitter_misc":{"Written by":"R@mbla","Estimated reading time":"4 minutes"},"schema":{"@context":"https:\/\/schema.org","@graph":[{"@type":"Article","@id":"https:\/\/www.revistarambla.com\/las-ambulancias-de-barcelona-se-plantan-ante-una-situacion-insostenible\/#article","isPartOf":{"@id":"https:\/\/www.revistarambla.com\/las-ambulancias-de-barcelona-se-plantan-ante-una-situacion-insostenible\/"},"author":{"name":"R@mbla","@id":"https:\/\/www.revistarambla.com\/#\/schema\/person\/a146a5a2550b94981a75131180e1bd9c"},"headline":"Las ambulancias de Barcelona se plantan ante una situaci\u00f3n insostenible","datePublished":"2013-08-15T07:07:04+00:00","dateModified":"2024-04-23T09:03:17+00:00","mainEntityOfPage":{"@id":"https:\/\/www.revistarambla.com\/las-ambulancias-de-barcelona-se-plantan-ante-una-situacion-insostenible\/"},"wordCount":748,"commentCount":0,"publisher":{"@id":"https:\/\/www.revistarambla.com\/#organization"},"image":{"@id":"https:\/\/www.revistarambla.com\/las-ambulancias-de-barcelona-se-plantan-ante-una-situacion-insostenible\/#primaryimage"},"thumbnailUrl":"https:\/\/www.revistarambla.com\/wp-content\/uploads\/2013\/08\/ambulancias_revistarambla_02.jpg","articleSection":["Barcelona"],"inLanguage":"en-GB","potentialAction":[{"@type":"CommentAction","name":"Comment","target":["https:\/\/www.revistarambla.com\/las-ambulancias-de-barcelona-se-plantan-ante-una-situacion-insostenible\/#respond"]}]},{"@type":"WebPage","@id":"https:\/\/www.revistarambla.com\/las-ambulancias-de-barcelona-se-plantan-ante-una-situacion-insostenible\/","url":"https:\/\/www.revistarambla.com\/las-ambulancias-de-barcelona-se-plantan-ante-una-situacion-insostenible\/","name":"Las ambulancias de Barcelona dicen basta - Revista Rambla","isPartOf":{"@id":"https:\/\/www.revistarambla.com\/#website"},"primaryImageOfPage":{"@id":"https:\/\/www.revistarambla.com\/las-ambulancias-de-barcelona-se-plantan-ante-una-situacion-insostenible\/#primaryimage"},"image":{"@id":"https:\/\/www.revistarambla.com\/las-ambulancias-de-barcelona-se-plantan-ante-una-situacion-insostenible\/#primaryimage"},"thumbnailUrl":"https:\/\/www.revistarambla.com\/wp-content\/uploads\/2013\/08\/ambulancias_revistarambla_02.jpg","datePublished":"2013-08-15T07:07:04+00:00","dateModified":"2024-04-23T09:03:17+00:00","description":"Acampada que los trabajadores de Ambulancias Domingo S.AU. de Barcelona llevan haciendo desde hace d\u00edas a las puertas de la entidad.","breadcrumb":{"@id":"https:\/\/www.revistarambla.com\/las-ambulancias-de-barcelona-se-plantan-ante-una-situacion-insostenible\/#breadcrumb"},"inLanguage":"en-GB","potentialAction":[{"@type":"ReadAction","target":["https:\/\/www.revistarambla.com\/las-ambulancias-de-barcelona-se-plantan-ante-una-situacion-insostenible\/"]}]},{"@type":"ImageObject","inLanguage":"en-GB","@id":"https:\/\/www.revistarambla.com\/las-ambulancias-de-barcelona-se-plantan-ante-una-situacion-insostenible\/#primaryimage","url":"https:\/\/www.revistarambla.com\/wp-content\/uploads\/2013\/08\/ambulancias_revistarambla_02.jpg","contentUrl":"https:\/\/www.revistarambla.com\/wp-content\/uploads\/2013\/08\/ambulancias_revistarambla_02.jpg","width":700,"height":393,"caption":"ambulancias barcelona"},{"@type":"BreadcrumbList","@id":"https:\/\/www.revistarambla.com\/las-ambulancias-de-barcelona-se-plantan-ante-una-situacion-insostenible\/#breadcrumb","itemListElement":[{"@type":"ListItem","position":1,"name":"Portada","item":"https:\/\/www.revistarambla.com\/"},{"@type":"ListItem","position":2,"name":"Las ambulancias de Barcelona se plantan ante una situaci\u00f3n insostenible"}]},{"@type":"WebSite","@id":"https:\/\/www.revistarambla.com\/#website","url":"https:\/\/www.revistarambla.com\/","name":"Revista Rambla Barcelona","description":"Periodismo independiente","publisher":{"@id":"https:\/\/www.revistarambla.com\/#organization"},"potentialAction":[{"@type":"SearchAction","target":{"@type":"EntryPoint","urlTemplate":"https:\/\/www.revistarambla.com\/?s={search_term_string}"},"query-input":{"@type":"PropertyValueSpecification","valueRequired":true,"valueName":"search_term_string"}}],"inLanguage":"en-GB"},{"@type":"Organization","@id":"https:\/\/www.revistarambla.com\/#organization","name":"Revista Rambla","url":"https:\/\/www.revistarambla.com\/","logo":{"@type":"ImageObject","inLanguage":"en-GB","@id":"https:\/\/www.revistarambla.com\/#\/schema\/logo\/image\/","url":"https:\/\/www.revistarambla.com\/wp-content\/uploads\/2020\/09\/banner_rambla_1900x600_BB.png","contentUrl":"https:\/\/www.revistarambla.com\/wp-content\/uploads\/2020\/09\/banner_rambla_1900x600_BB.png","width":1900,"height":600,"caption":"Revista Rambla"},"image":{"@id":"https:\/\/www.revistarambla.com\/#\/schema\/logo\/image\/"},"sameAs":["https:\/\/www.facebook.com\/revistarambla\/","https:\/\/x.com\/revistarambla","https:\/\/www.instagram.com\/revista_rambla","https:\/\/es.linkedin.com\/company\/revista-rambla"]},{"@type":"Person","@id":"https:\/\/www.revistarambla.com\/#\/schema\/person\/a146a5a2550b94981a75131180e1bd9c","name":"R@mbla","description":"Este art\u00edculo ha sido redactado y\/o validado por el equipo de redacci\u00f3n de Revista Rambla.","sameAs":["https:\/\/www.revistarambla.com\/","https:\/\/www.facebook.com\/revistarambla","https:\/\/x.com\/revistarambla"]}]}},"_links":{"self":[{"href":"https:\/\/www.revistarambla.com\/en\/wp-json\/wp\/v2\/posts\/3830","targetHints":{"allow":["GET"]}}],"collection":[{"href":"https:\/\/www.revistarambla.com\/en\/wp-json\/wp\/v2\/posts"}],"about":[{"href":"https:\/\/www.revistarambla.com\/en\/wp-json\/wp\/v2\/types\/post"}],"author":[{"embeddable":true,"href":"https:\/\/www.revistarambla.com\/en\/wp-json\/wp\/v2\/users\/3"}],"replies":[{"embeddable":true,"href":"https:\/\/www.revistarambla.com\/en\/wp-json\/wp\/v2\/comments?post=3830"}],"version-history":[{"count":2,"href":"https:\/\/www.revistarambla.com\/en\/wp-json\/wp\/v2\/posts\/3830\/revisions"}],"predecessor-version":[{"id":59628,"href":"https:\/\/www.revistarambla.com\/en\/wp-json\/wp\/v2\/posts\/3830\/revisions\/59628"}],"wp:featuredmedia":[{"embeddable":true,"href":"https:\/\/www.revistarambla.com\/en\/wp-json\/wp\/v2\/media\/3828"}],"wp:attachment":[{"href":"https:\/\/www.revistarambla.com\/en\/wp-json\/wp\/v2\/media?parent=3830"}],"wp:term":[{"taxonomy":"category","embeddable":true,"href":"https:\/\/www.revistarambla.com\/en\/wp-json\/wp\/v2\/categories?post=3830"},{"taxonomy":"post_tag","embeddable":true,"href":"https:\/\/www.revistarambla.com\/en\/wp-json\/wp\/v2\/tags?post=3830"}],"curies":[{"name":"wp","href":"https:\/\/api.w.org\/{rel}","templated":true}]}}