{"id":381,"date":"2010-09-30T08:12:31","date_gmt":"2010-09-30T06:12:31","guid":{"rendered":"https:\/\/www.revistarambla.com\/cronica-de-una-huelga\/"},"modified":"2021-12-08T20:39:04","modified_gmt":"2021-12-08T19:39:04","slug":"cronica-de-una-huelga","status":"publish","type":"post","link":"https:\/\/www.revistarambla.com\/en\/cronica-de-una-huelga\/","title":{"rendered":"Cr\u00f3nica de una huelga"},"content":{"rendered":"<p><a href=\"https:\/\/www.revistarambla.com\/wp-content\/uploads\/2010\/09\/vaga2.jpg\"><img decoding=\"async\" class=\"alignright\" src=\"https:\/\/www.revistarambla.com\/wp-content\/uploads\/2010\/09\/vaga2.jpg\" alt=\"la nueva reforma laboral\" width=\"400\" height=\"173\" \/><\/a>Mi\u00e9rcoles 29 de Septiembre. Primera hora de la ma\u00f1ana. Barcelona est\u00e1 inquieta. Se ha despertado rebelde. Sus ciudadanos tienen ganas de decir lo que piensan, de hacerse escuchar. Se manifiestan en contra de la nueva reforma laboral. Su forma de protesta, no ir a trabajar. Los piquetes de diversos movimientos sociales, entre los que se encuentra la Assemblea de Barcelona, intentan que as\u00ed sea. Seguidos de cerca por los Mossos d\u2019Esquadra, peinan V\u00eda Augusta en busca de comercios abiertos. Silban a sus trabajadores. Les acusan de esquiroles. Algunos establecimientos cierran tras la insistencia, los gritos de \u201ccierra la persiana\u201d y alg\u00fan que otro empuj\u00f3n.<\/p>\n<p style=\"text-align: left;\">Los piquetes sindicales tambi\u00e9n act\u00faan. Su manera de hacerlo es algo diferente. Se paran enfrente del negocio y hacen sonar sus silbatos. No gritan. No tanto. \u201cNo forzamos a nadie a cerrar, nuestra acci\u00f3n es pac\u00edfica. Nos limitamos a silbar y a informar a la gente de nuestras ideas\u201d explica una afiliada a UGT. Seg\u00fan ella, \u201clo cierto es que la mayor\u00eda de los que est\u00e1n trabajando se alegran de vernos porque, en realidad, quieren manifestarse. Muchos negocios han prohibido a sus empleados secundar la huelga\u201d.<\/p>\n<p style=\"text-align: left;\">2.00 h. del mediod\u00eda. Las calles cada vez est\u00e1n m\u00e1s sucias. Se han vaciado bolsas de basura. Hay infinidad de folletos esparcidos por el suelo. Pla\u00e7a Catalunya se convierte en el epicentro de la protesta. Son muchos los ciudadanos que han acudido a la llamada de los sindicatos. Su objetivo, unir sus voces en un solo grito de inconformismo con intenciones de ser tan alto y claro como para que llegue al Gobierno central.<\/p>\n<p style=\"text-align: left;\">CGT es uno de los organismos que insta a tomar las calles, a luchar con la palabra como arma. A medida que pasan los minutos, la multitud congregada ante Portal de l\u2019\u00c0ngel engrosa sus filas. Hoy, todos los caminos convergen aqu\u00ed. Los simpatizantes del sindicato van peregrinando hacia el punto de encuentro. A pie, pues el transporte p\u00fablico tambi\u00e9n est\u00e1 de huelga. Alzan pu\u00f1os, protestan a viva voz, izan pancartas con lemas como \u201cContra el estado y contra el capital, huelga general\u201d. Una huelga que sus miembros califican de exitosa.<\/p>\n<p style=\"text-align: left;\">Seg\u00fan Carlos Navarro, activista de CGT y responsable de la relaci\u00f3n con los medios de comunicaci\u00f3n, \u201c\u00e9ste es el principio del fin, ha de ser el inicio de una movilizaci\u00f3n social contra la reforma laboral y contra el decretazo. Se ha de ir hacia pol\u00edticas sociales y no seguir los dict\u00e1menes del Fondo Monetario Internacional y del Banco Mundial\u201d. La de CGT es una movilizaci\u00f3n al margen de CCOO y UGT, ya que estos sindicatos \u201cson parte del problema y han participado activamente en la domesticaci\u00f3n del movimiento obrero\u201d, explica Navarro.<\/p>\n<p style=\"text-align: left;\">13.00 h. Los activistas deciden ponerse en movimiento. Banderas rojas y negras al viento. Direcci\u00f3n, Pla\u00e7a Universitat, donde Comisiones Obreras est\u00e1 tambi\u00e9n de concentraci\u00f3n. Canciones de ska conforman la banda sonora de la marcha. Pasan por delante de la antigua sede del Banco Espa\u00f1ol de Cr\u00e9dito, a\u00fan \u2018okupada\u2019 y de la que cuelgan nuevas pancartas. Algunas poco tienen que ver con la protesta de la reforma laboral. Se puede leer \u201cLlibertat detinguts d\u2019Askapena. Solidaritat amb Euskalerria\u201d en una de ellas.<\/p>\n<p style=\"text-align: left;\">13.30 h. La cosa se desmadra. Se suman a la marcha los antisistema. Empiezan las pintadas. La calle Pelai est\u00e1 ba\u00f1ada en espray. \u201cVaga revolucion\u00e0ria, ara i sempre\u201d, \u201cTourist you are the terrorist\u201d o \u201cEl capital apesta\u201d son algunos de los esl\u00f3ganes. Tambi\u00e9n se ve alg\u00fan s\u00edmbolo anarquista. Estrellan globos de pintura en la fachada de los bancos. Vuelcan contenedores de reciclaje, que colocan en medio de la calzada para bloquear el paso de los furgones de los Mossos. Se llega a Pla\u00e7a Universitat. Tiran petardos. Los manifestantes se desorientan ante tanto alboroto. La gente corre. Alguien ha prendido fuego a un coche de la Guardia Urbana. El humo se extiende y el sonido de las sirenas resuena por toda la plaza. Dos helic\u00f3pteros de la polic\u00eda sobrevuelan la zona. La concentraci\u00f3n se disuelve. La violencia de unos pocos ha impedido a los activistas pac\u00edficos manifestarse.<\/p>\n<p style=\"text-align: left;\">15.00 h. \u2013 18.30 h. Los Mossos desalojan a los \u2018okupas\u2019 instalados en la antigua sede del Banco Espa\u00f1ol de Cr\u00e9dito. La huelga contin\u00faa. Los intentos de los antisistema de boicotearla, tambi\u00e9n. Las bicicletas del servicio p\u00fablico de Bicing, as\u00ed como el mobiliario urbano, sufren las consecuencias. Los sindicatos condenan rotundamente todos los actos de violencia y vandalismo. Y consiguen manifestarse. Comisiones Obreras, UGT, USOC, CSIC y multitud de asociaciones recorren las zonas principales de la gran ciudad seguidos de sus simpatizantes. Seg\u00fan los sindicatos, la manifestaci\u00f3n central ha concentrado cerca de 400.000 personas en Barcelona.<\/p>\n<p style=\"text-align: left;\">00.00 h. Fin de la jornada. <a href=\"https:\/\/www.revistarambla.com\/en\/las-huelgas-herramientas-de-lucha\/\">Fin de la huelga.<\/a> Principio de la lucha sindical, de la movilizaci\u00f3n social, de una nueva etapa de protesta.<\/p>","protected":false},"excerpt":{"rendered":"<p>Mi\u00e9rcoles 29 de Septiembre. Primera hora de la ma\u00f1ana. Barcelona est\u00e1 inquieta. Se ha despertado rebelde. Sus ciudadanos tienen ganas de decir lo que piensan, de hacerse escuchar. Se manifiestan en contra de la nueva reforma laboral. Su forma de protesta, no ir a trabajar. Los piquetes de diversos movimientos [&hellip;]<\/p>\n","protected":false},"author":39,"featured_media":0,"comment_status":"open","ping_status":"open","sticky":false,"template":"","format":"standard","meta":{"footnotes":""},"categories":[3,76],"tags":[],"class_list":["post-381","post","type-post","status-publish","format-standard","hentry","category-actualidad","category-barcelona"],"yoast_head":"<!-- This site is optimized with the Yoast SEO plugin v27.5 - https:\/\/yoast.com\/product\/yoast-seo-wordpress\/ -->\n<title>Cr\u00f3nica de una huelga contra la reforma laboral - Revista Rambla<\/title>\n<meta name=\"description\" content=\"Se manifiestan en contra de la nueva reforma laboral. Su forma de protesta, no ir a trabajar. Los piquetes de diversos movimientos sociales, entre los qu...\" \/>\n<meta name=\"robots\" content=\"index, follow, max-snippet:-1, max-image-preview:large, max-video-preview:-1\" \/>\n<link rel=\"canonical\" href=\"https:\/\/www.revistarambla.com\/en\/cronica-de-una-huelga\/\" \/>\n<meta property=\"og:locale\" content=\"en_GB\" \/>\n<meta property=\"og:type\" content=\"article\" \/>\n<meta property=\"og:title\" content=\"Cr\u00f3nica de una huelga contra la reforma laboral - Revista Rambla\" \/>\n<meta property=\"og:description\" content=\"Se manifiestan en contra de la nueva reforma laboral. Su forma de protesta, no ir a trabajar. Los piquetes de diversos movimientos sociales, entre los qu...\" \/>\n<meta property=\"og:url\" content=\"https:\/\/www.revistarambla.com\/en\/cronica-de-una-huelga\/\" \/>\n<meta property=\"og:site_name\" content=\"Revista Rambla\" \/>\n<meta property=\"article:publisher\" content=\"https:\/\/www.facebook.com\/revistarambla\/\" \/>\n<meta property=\"article:published_time\" content=\"2010-09-30T06:12:31+00:00\" \/>\n<meta property=\"article:modified_time\" content=\"2021-12-08T19:39:04+00:00\" \/>\n<meta property=\"og:image\" content=\"https:\/\/www.revistarambla.com\/wp-content\/uploads\/2010\/09\/vaga1.jpg\" \/>\n\t<meta property=\"og:image:width\" content=\"550\" \/>\n\t<meta property=\"og:image:height\" content=\"425\" \/>\n\t<meta property=\"og:image:type\" content=\"image\/jpeg\" \/>\n<meta name=\"author\" content=\"Blanca Mendiguren Gomila\" \/>\n<meta name=\"twitter:card\" content=\"summary_large_image\" \/>\n<meta name=\"twitter:creator\" content=\"@BlancaGomila\" \/>\n<meta name=\"twitter:site\" content=\"@revistarambla\" \/>\n<meta name=\"twitter:label1\" content=\"Written by\" \/>\n\t<meta name=\"twitter:data1\" content=\"Blanca Mendiguren Gomila\" \/>\n\t<meta name=\"twitter:label2\" content=\"Estimated reading time\" \/>\n\t<meta name=\"twitter:data2\" content=\"4 minutes\" \/>\n<script type=\"application\/ld+json\" class=\"yoast-schema-graph\">{\"@context\":\"https:\\\/\\\/schema.org\",\"@graph\":[{\"@type\":\"Article\",\"@id\":\"https:\\\/\\\/www.revistarambla.com\\\/cronica-de-una-huelga\\\/#article\",\"isPartOf\":{\"@id\":\"https:\\\/\\\/www.revistarambla.com\\\/cronica-de-una-huelga\\\/\"},\"author\":{\"name\":\"Blanca Mendiguren Gomila\",\"@id\":\"https:\\\/\\\/www.revistarambla.com\\\/#\\\/schema\\\/person\\\/ef3b07dd258f83e19609a57611e756c9\"},\"headline\":\"Cr\u00f3nica de una huelga\",\"datePublished\":\"2010-09-30T06:12:31+00:00\",\"dateModified\":\"2021-12-08T19:39:04+00:00\",\"mainEntityOfPage\":{\"@id\":\"https:\\\/\\\/www.revistarambla.com\\\/cronica-de-una-huelga\\\/\"},\"wordCount\":844,\"commentCount\":0,\"publisher\":{\"@id\":\"https:\\\/\\\/www.revistarambla.com\\\/#organization\"},\"image\":{\"@id\":\"https:\\\/\\\/www.revistarambla.com\\\/cronica-de-una-huelga\\\/#primaryimage\"},\"thumbnailUrl\":\"https:\\\/\\\/www.revistarambla.com\\\/wp-content\\\/uploads\\\/2010\\\/09\\\/vaga2.jpg\",\"articleSection\":[\"Actualidad\",\"Barcelona\"],\"inLanguage\":\"en-GB\",\"potentialAction\":[{\"@type\":\"CommentAction\",\"name\":\"Comment\",\"target\":[\"https:\\\/\\\/www.revistarambla.com\\\/cronica-de-una-huelga\\\/#respond\"]}]},{\"@type\":\"WebPage\",\"@id\":\"https:\\\/\\\/www.revistarambla.com\\\/cronica-de-una-huelga\\\/\",\"url\":\"https:\\\/\\\/www.revistarambla.com\\\/cronica-de-una-huelga\\\/\",\"name\":\"Cr\u00f3nica de una huelga contra la reforma laboral - Revista Rambla\",\"isPartOf\":{\"@id\":\"https:\\\/\\\/www.revistarambla.com\\\/#website\"},\"primaryImageOfPage\":{\"@id\":\"https:\\\/\\\/www.revistarambla.com\\\/cronica-de-una-huelga\\\/#primaryimage\"},\"image\":{\"@id\":\"https:\\\/\\\/www.revistarambla.com\\\/cronica-de-una-huelga\\\/#primaryimage\"},\"thumbnailUrl\":\"https:\\\/\\\/www.revistarambla.com\\\/wp-content\\\/uploads\\\/2010\\\/09\\\/vaga2.jpg\",\"datePublished\":\"2010-09-30T06:12:31+00:00\",\"dateModified\":\"2021-12-08T19:39:04+00:00\",\"description\":\"Se manifiestan en contra de la nueva reforma laboral. Su forma de protesta, no ir a trabajar. Los piquetes de diversos movimientos sociales, entre los qu...\",\"breadcrumb\":{\"@id\":\"https:\\\/\\\/www.revistarambla.com\\\/cronica-de-una-huelga\\\/#breadcrumb\"},\"inLanguage\":\"en-GB\",\"potentialAction\":[{\"@type\":\"ReadAction\",\"target\":[\"https:\\\/\\\/www.revistarambla.com\\\/cronica-de-una-huelga\\\/\"]}]},{\"@type\":\"ImageObject\",\"inLanguage\":\"en-GB\",\"@id\":\"https:\\\/\\\/www.revistarambla.com\\\/cronica-de-una-huelga\\\/#primaryimage\",\"url\":\"https:\\\/\\\/www.revistarambla.com\\\/wp-content\\\/uploads\\\/2010\\\/09\\\/vaga2.jpg\",\"contentUrl\":\"https:\\\/\\\/www.revistarambla.com\\\/wp-content\\\/uploads\\\/2010\\\/09\\\/vaga2.jpg\"},{\"@type\":\"BreadcrumbList\",\"@id\":\"https:\\\/\\\/www.revistarambla.com\\\/cronica-de-una-huelga\\\/#breadcrumb\",\"itemListElement\":[{\"@type\":\"ListItem\",\"position\":1,\"name\":\"Portada\",\"item\":\"https:\\\/\\\/www.revistarambla.com\\\/\"},{\"@type\":\"ListItem\",\"position\":2,\"name\":\"Cr\u00f3nica de una huelga\"}]},{\"@type\":\"WebSite\",\"@id\":\"https:\\\/\\\/www.revistarambla.com\\\/#website\",\"url\":\"https:\\\/\\\/www.revistarambla.com\\\/\",\"name\":\"Revista Rambla Barcelona\",\"description\":\"Periodismo independiente\",\"publisher\":{\"@id\":\"https:\\\/\\\/www.revistarambla.com\\\/#organization\"},\"potentialAction\":[{\"@type\":\"SearchAction\",\"target\":{\"@type\":\"EntryPoint\",\"urlTemplate\":\"https:\\\/\\\/www.revistarambla.com\\\/?s={search_term_string}\"},\"query-input\":{\"@type\":\"PropertyValueSpecification\",\"valueRequired\":true,\"valueName\":\"search_term_string\"}}],\"inLanguage\":\"en-GB\"},{\"@type\":\"Organization\",\"@id\":\"https:\\\/\\\/www.revistarambla.com\\\/#organization\",\"name\":\"Revista Rambla\",\"url\":\"https:\\\/\\\/www.revistarambla.com\\\/\",\"logo\":{\"@type\":\"ImageObject\",\"inLanguage\":\"en-GB\",\"@id\":\"https:\\\/\\\/www.revistarambla.com\\\/#\\\/schema\\\/logo\\\/image\\\/\",\"url\":\"https:\\\/\\\/www.revistarambla.com\\\/wp-content\\\/uploads\\\/2020\\\/09\\\/banner_rambla_1900x600_BB.png\",\"contentUrl\":\"https:\\\/\\\/www.revistarambla.com\\\/wp-content\\\/uploads\\\/2020\\\/09\\\/banner_rambla_1900x600_BB.png\",\"width\":1900,\"height\":600,\"caption\":\"Revista Rambla\"},\"image\":{\"@id\":\"https:\\\/\\\/www.revistarambla.com\\\/#\\\/schema\\\/logo\\\/image\\\/\"},\"sameAs\":[\"https:\\\/\\\/www.facebook.com\\\/revistarambla\\\/\",\"https:\\\/\\\/x.com\\\/revistarambla\",\"https:\\\/\\\/www.instagram.com\\\/revista_rambla\",\"https:\\\/\\\/es.linkedin.com\\\/company\\\/revista-rambla\"]},{\"@type\":\"Person\",\"@id\":\"https:\\\/\\\/www.revistarambla.com\\\/#\\\/schema\\\/person\\\/ef3b07dd258f83e19609a57611e756c9\",\"name\":\"Blanca Mendiguren Gomila\",\"description\":\"Periodista.\",\"sameAs\":[\"https:\\\/\\\/x.com\\\/BlancaGomila\"]}]}<\/script>\n<!-- \/ Yoast SEO plugin. -->","yoast_head_json":{"title":"Cr\u00f3nica de una huelga contra la reforma laboral - Revista Rambla","description":"Se manifiestan en contra de la nueva reforma laboral. Su forma de protesta, no ir a trabajar. Los piquetes de diversos movimientos sociales, entre los qu...","robots":{"index":"index","follow":"follow","max-snippet":"max-snippet:-1","max-image-preview":"max-image-preview:large","max-video-preview":"max-video-preview:-1"},"canonical":"https:\/\/www.revistarambla.com\/en\/cronica-de-una-huelga\/","og_locale":"en_GB","og_type":"article","og_title":"Cr\u00f3nica de una huelga contra la reforma laboral - Revista Rambla","og_description":"Se manifiestan en contra de la nueva reforma laboral. Su forma de protesta, no ir a trabajar. Los piquetes de diversos movimientos sociales, entre los qu...","og_url":"https:\/\/www.revistarambla.com\/en\/cronica-de-una-huelga\/","og_site_name":"Revista Rambla","article_publisher":"https:\/\/www.facebook.com\/revistarambla\/","article_published_time":"2010-09-30T06:12:31+00:00","article_modified_time":"2021-12-08T19:39:04+00:00","og_image":[{"width":550,"height":425,"url":"https:\/\/www.revistarambla.com\/wp-content\/uploads\/2010\/09\/vaga1.jpg","type":"image\/jpeg"}],"author":"Blanca Mendiguren Gomila","twitter_card":"summary_large_image","twitter_creator":"@BlancaGomila","twitter_site":"@revistarambla","twitter_misc":{"Written by":"Blanca Mendiguren Gomila","Estimated reading time":"4 minutes"},"schema":{"@context":"https:\/\/schema.org","@graph":[{"@type":"Article","@id":"https:\/\/www.revistarambla.com\/cronica-de-una-huelga\/#article","isPartOf":{"@id":"https:\/\/www.revistarambla.com\/cronica-de-una-huelga\/"},"author":{"name":"Blanca Mendiguren Gomila","@id":"https:\/\/www.revistarambla.com\/#\/schema\/person\/ef3b07dd258f83e19609a57611e756c9"},"headline":"Cr\u00f3nica de una huelga","datePublished":"2010-09-30T06:12:31+00:00","dateModified":"2021-12-08T19:39:04+00:00","mainEntityOfPage":{"@id":"https:\/\/www.revistarambla.com\/cronica-de-una-huelga\/"},"wordCount":844,"commentCount":0,"publisher":{"@id":"https:\/\/www.revistarambla.com\/#organization"},"image":{"@id":"https:\/\/www.revistarambla.com\/cronica-de-una-huelga\/#primaryimage"},"thumbnailUrl":"https:\/\/www.revistarambla.com\/wp-content\/uploads\/2010\/09\/vaga2.jpg","articleSection":["Actualidad","Barcelona"],"inLanguage":"en-GB","potentialAction":[{"@type":"CommentAction","name":"Comment","target":["https:\/\/www.revistarambla.com\/cronica-de-una-huelga\/#respond"]}]},{"@type":"WebPage","@id":"https:\/\/www.revistarambla.com\/cronica-de-una-huelga\/","url":"https:\/\/www.revistarambla.com\/cronica-de-una-huelga\/","name":"Cr\u00f3nica de una huelga contra la reforma laboral - Revista Rambla","isPartOf":{"@id":"https:\/\/www.revistarambla.com\/#website"},"primaryImageOfPage":{"@id":"https:\/\/www.revistarambla.com\/cronica-de-una-huelga\/#primaryimage"},"image":{"@id":"https:\/\/www.revistarambla.com\/cronica-de-una-huelga\/#primaryimage"},"thumbnailUrl":"https:\/\/www.revistarambla.com\/wp-content\/uploads\/2010\/09\/vaga2.jpg","datePublished":"2010-09-30T06:12:31+00:00","dateModified":"2021-12-08T19:39:04+00:00","description":"Se manifiestan en contra de la nueva reforma laboral. Su forma de protesta, no ir a trabajar. Los piquetes de diversos movimientos sociales, entre los qu...","breadcrumb":{"@id":"https:\/\/www.revistarambla.com\/cronica-de-una-huelga\/#breadcrumb"},"inLanguage":"en-GB","potentialAction":[{"@type":"ReadAction","target":["https:\/\/www.revistarambla.com\/cronica-de-una-huelga\/"]}]},{"@type":"ImageObject","inLanguage":"en-GB","@id":"https:\/\/www.revistarambla.com\/cronica-de-una-huelga\/#primaryimage","url":"https:\/\/www.revistarambla.com\/wp-content\/uploads\/2010\/09\/vaga2.jpg","contentUrl":"https:\/\/www.revistarambla.com\/wp-content\/uploads\/2010\/09\/vaga2.jpg"},{"@type":"BreadcrumbList","@id":"https:\/\/www.revistarambla.com\/cronica-de-una-huelga\/#breadcrumb","itemListElement":[{"@type":"ListItem","position":1,"name":"Portada","item":"https:\/\/www.revistarambla.com\/"},{"@type":"ListItem","position":2,"name":"Cr\u00f3nica de una huelga"}]},{"@type":"WebSite","@id":"https:\/\/www.revistarambla.com\/#website","url":"https:\/\/www.revistarambla.com\/","name":"Revista Rambla Barcelona","description":"Periodismo independiente","publisher":{"@id":"https:\/\/www.revistarambla.com\/#organization"},"potentialAction":[{"@type":"SearchAction","target":{"@type":"EntryPoint","urlTemplate":"https:\/\/www.revistarambla.com\/?s={search_term_string}"},"query-input":{"@type":"PropertyValueSpecification","valueRequired":true,"valueName":"search_term_string"}}],"inLanguage":"en-GB"},{"@type":"Organization","@id":"https:\/\/www.revistarambla.com\/#organization","name":"Revista Rambla","url":"https:\/\/www.revistarambla.com\/","logo":{"@type":"ImageObject","inLanguage":"en-GB","@id":"https:\/\/www.revistarambla.com\/#\/schema\/logo\/image\/","url":"https:\/\/www.revistarambla.com\/wp-content\/uploads\/2020\/09\/banner_rambla_1900x600_BB.png","contentUrl":"https:\/\/www.revistarambla.com\/wp-content\/uploads\/2020\/09\/banner_rambla_1900x600_BB.png","width":1900,"height":600,"caption":"Revista Rambla"},"image":{"@id":"https:\/\/www.revistarambla.com\/#\/schema\/logo\/image\/"},"sameAs":["https:\/\/www.facebook.com\/revistarambla\/","https:\/\/x.com\/revistarambla","https:\/\/www.instagram.com\/revista_rambla","https:\/\/es.linkedin.com\/company\/revista-rambla"]},{"@type":"Person","@id":"https:\/\/www.revistarambla.com\/#\/schema\/person\/ef3b07dd258f83e19609a57611e756c9","name":"Blanca Mendiguren Gomila","description":"Periodista.","sameAs":["https:\/\/x.com\/BlancaGomila"]}]}},"_links":{"self":[{"href":"https:\/\/www.revistarambla.com\/en\/wp-json\/wp\/v2\/posts\/381","targetHints":{"allow":["GET"]}}],"collection":[{"href":"https:\/\/www.revistarambla.com\/en\/wp-json\/wp\/v2\/posts"}],"about":[{"href":"https:\/\/www.revistarambla.com\/en\/wp-json\/wp\/v2\/types\/post"}],"author":[{"embeddable":true,"href":"https:\/\/www.revistarambla.com\/en\/wp-json\/wp\/v2\/users\/39"}],"replies":[{"embeddable":true,"href":"https:\/\/www.revistarambla.com\/en\/wp-json\/wp\/v2\/comments?post=381"}],"version-history":[{"count":0,"href":"https:\/\/www.revistarambla.com\/en\/wp-json\/wp\/v2\/posts\/381\/revisions"}],"wp:attachment":[{"href":"https:\/\/www.revistarambla.com\/en\/wp-json\/wp\/v2\/media?parent=381"}],"wp:term":[{"taxonomy":"category","embeddable":true,"href":"https:\/\/www.revistarambla.com\/en\/wp-json\/wp\/v2\/categories?post=381"},{"taxonomy":"post_tag","embeddable":true,"href":"https:\/\/www.revistarambla.com\/en\/wp-json\/wp\/v2\/tags?post=381"}],"curies":[{"name":"wp","href":"https:\/\/api.w.org\/{rel}","templated":true}]}}