{"id":3695,"date":"2013-07-15T09:22:01","date_gmt":"2013-07-15T09:22:01","guid":{"rendered":"https:\/\/www.revistarambla.com\/nuevos-juguetes-para-combatir-los-disturbios-callejeros\/"},"modified":"2022-09-14T18:01:31","modified_gmt":"2022-09-14T16:01:31","slug":"nuevos-juguetes-para-combatir-los-disturbios-callejeros","status":"publish","type":"post","link":"https:\/\/www.revistarambla.com\/en\/nuevos-juguetes-para-combatir-los-disturbios-callejeros\/","title":{"rendered":"Nuevos juguetes para combatir los disturbios callejeros"},"content":{"rendered":"<p>La profunda <a href=\"https:\/\/www.revistarambla.com\/en\/crisis-economica-y-nueva-arquitectura-poblacional\/\"><span style=\"text-decoration: underline;\">crisis<\/span> econ\u00f3mica<\/a> y social en la que vive Espa\u00f1a, ha provocado la multiplicaci\u00f3n de manifestaciones y protestas de buena parte de la sociedad civil, que demanda un modo diferente de hacer pol\u00edtica.\u00a0 El aumento de la conciencia cr\u00edtica ciudadana no ha servido, por el momento, para que el Gobierno del Partido Popular var\u00ede sus pol\u00edticas, pero si para responder a este malestar con medidas que se traducen, por ejemplo, en el destino que el Ministerio del Interior dar\u00e1 a su presupuesto en los pr\u00f3ximos a\u00f1os.<\/p>\n<p><img decoding=\"async\" class=\"aligncenter\" src=\"https:\/\/www.revistarambla.com\/wp-content\/uploads\/2013\/07\/polis_02.jpg\" alt=\"alt\" width=\"700\" height=\"462\" \/><\/p>\n<p>As\u00ed, se pas\u00f3 de los 173.670 euros de 2012, a 3,26 millones de euros en 2013 en la partida destinada a la compra de \u201c<a href=\"https:\/\/www.revistarambla.com\/en\/otono-caliente-interior-compra-60-000-pelotas-de-goma-para-los-antidisturbios\/\"><span style=\"text-decoration: underline;\">Material<\/span> Antidisturbios<\/a> y Equipamientos Espec\u00edficos de Protecci\u00f3n y Defensa\u201d. Para 2016, la inversi\u00f3n prevista rebasar\u00eda los 10 millones de euros. Una cantidad que servir\u00e1 para reponer y modernizar el material que utilizan las unidades antidisturbios. Un material que incluye chalecos antibalas, gases lacrim\u00f3genos, porras, escudos, y pelotas de goma.\u00a0 A su vez, la Generalitat de Catalunya anunci\u00f3 el pasado 12 de junio que los Mossos d&#8217;Esquadra dispondr\u00edan, ya para el mes de julio, de un cami\u00f3n policial equipado con varios ca\u00f1ones de agua y con un alcance de hasta 60 metros de distancia para <span style=\"text-decoration: underline;\"><a href=\"https:\/\/www.revistarambla.com\/en\/el-inicio-del-fin-de-las-pelotas-de-goma\/\">dispersar a los manifestantes<\/a><\/span>. Una imagen que, hasta ahora, en las calles espa\u00f1olas s\u00f3lo era un recuerdo ligado a la Dictadura franquista y difuminado desde la Transici\u00f3n.<\/p>\n<p>La Generalitat recuperar\u00e1 ahora los <span style=\"text-decoration: underline;\"><a href=\"https:\/\/www.revistarambla.com\/en\/video-la-policia-de-chile-reprime-una-protesta-de-colectivos-mapuches-por-la-libertad-de-los-presos-politicos\/\">ca\u00f1ones de agua<\/a><\/span> como un recurso aceptable ante la opini\u00f3n p\u00fablica, por mucho, que los medios de comunicaci\u00f3n muestren cada d\u00eda escenas de enfrentamientos entre polic\u00eda y manifestantes, como se han dado en las \u00faltimas semanas en Brasil, Turqu\u00eda o Egipto. Protestas dispersadas con el uso masivo de botes de humo, gases irritantes y lacrim\u00f3genos, y agua proyectada desde los ca\u00f1ones, a los que en ocasiones, se les a\u00f1ade colorante, que ti\u00f1e la ropa, o l\u00edquidos oleosos, que funcionan como aut\u00e9nticas bombas f\u00e9tidas, y que sirven para marcar a los manifestantes.<\/p>\n<p>Como indica Jos\u00e9 Luis Gordillo, profesor de Filosof\u00eda del Derecho en la Universidad de Barcelona e investigador del Centre d&#8217;Estudis per a la Pau, los cuerpos de seguridad para\u00a0 poder \u201cdisolver a las multitudes con eficacia pero sin provocar grandes esc\u00e1ndalos pol\u00edticos deben poder disponer de un amplio abanico de medios que les permita una respuesta represiva gradual y flexible\u201d. Es en esta respuesta donde se encuentra la generalizaci\u00f3n en el uso de las catalogadas como armas \u201cno letales\u201d. Una disuasi\u00f3n eficaz, sin un excesivo coste pol\u00edtico y con unos materiales que empiezan a desarrollarse en los a\u00f1os 1960. De la mano de las fuerzas armadas de las grandes potencias, tienen como campo de pruebas pa\u00edses del Tercer Mundo. O, como es el caso de Palestina, se han convertido de forma directa en \u201cun campo de experimentaci\u00f3n para las empresas de seguridad y defensa israel\u00edes\u201d, donde se han probado, y utilizan, entre otro tipo de armas, la mayor\u00eda de ellas letales, balas y bombas f\u00e9tidas. Un proyecto, el de las llamadas \u201cbombas mofeta\u201d, que comenz\u00f3 a ser desarrollado en el a\u00f1o 2004 y que, como su nombre indica, reproduce de forma sint\u00e9tica el desagradable olor que segrega este animal. Una tecnolog\u00eda adoptada por la polic\u00eda brit\u00e1nica el pasado a\u00f1o y anunciada por Scotland Yard como un m\u00e9todo eficaz para combatir los disturbios callejeros en las Islas.<\/p>\n<p>Pero no s\u00f3lo se encuentran dentro de esta categor\u00eda de armas las ya conocidas pelotas de goma, las pistolas y porras el\u00e9ctricas o los ca\u00f1ones de agua, sino que se incorpora armamento desarrollado por programas militares para su uso directo en conflictos b\u00e9licos y en los que se han experimentado con armas dise\u00f1adas para incapacitar o repeler con una baja probabilidad de causar la muerte o da\u00f1os permanentes a los oponentes. Entre este armamento destacan los fusiles l\u00e1ser y otras armas \u00f3pticas, capaces de provocar ceguera transitoria y\/o definitiva, ca\u00f1ones de sonido, que aturden con la emisi\u00f3n de altas frecuencias al generar v\u00e9rtigo, espasmos, confusi\u00f3n mental y n\u00e1useas, o ca\u00f1ones de microondas que provocan quemaduras y dolor. A estos materiales, algunos de ellos, como los ca\u00f1ones de sonido, probados ya en protestas en Estados Unidos, se les unen otros, que parecen salidos directamente de la ciencia-ficci\u00f3n y no de laboratorios de los contratistas de defensa, como fusiles electromagn\u00e9ticos -provocan ataques similares a los epil\u00e9pticos-, pistolas de energ\u00eda termal, que elevan la temperatura corporal, lanzadores de espuma, que inmovilizan a las personas peg\u00e1ndolas al suelo, o armas psicotr\u00f3nicas, que pueden provocar trastornos mentales transitorios.<\/p>\n<p>Estas armas, usadas en conflictos \u201cde baja intensidad\u201d, sirven tambi\u00e9n para disolver manifestaciones o reducir a detenidos por la polic\u00eda, lo que deja entrever, como se\u00f1ala el Centre d&#8217;Estudis per la Pau, \u201cla militarizaci\u00f3n de la polic\u00eda\u201d en cuanto a sus procedimientos de actuaci\u00f3n y al tipo de materiales usados. Algunas de estas armas, las m\u00e1s peque\u00f1as y manejables, como las pistolas Taser o las porras el\u00e9ctricas, pueden ser incluso adquiridas f\u00e1cilmente a trav\u00e9s del comercio online, aunque en Espa\u00f1a est\u00e9 prohibido su uso a particulares. A esta carrera por conseguir las armas \u201cno letales\u201d m\u00e1s novedosas y menos \u201cda\u00f1inas\u201d, se incorporan incluso los ayuntamientos que, como en el caso de algunos consistorios catalanes, se han interesado por adquirir camiones dotados con ca\u00f1ones de sonido.<\/p>\n<p>En este sentido, el profesor Gordillo aboga por \u201ccuestionar la distinci\u00f3n entre armas letales y no letales\u201d. Como se\u00f1ala un informe de Amnist\u00eda Internacional, m\u00e1s de 500 personas han muerto en los Estados Unidos entre los a\u00f1os 2001 hasta 2012, tras recibir descargas de armas Taser durante su detenci\u00f3n o mientras se encontraban en prisi\u00f3n.\u00a0 Adem\u00e1s, las armas \u201cno letales\u201d suelen ser instrumentos habituales para infligir torturas y malos tratos, tanto en la calle, como en las comisar\u00edas, como han denunciado varios informes de Amnist\u00eda Internacional y otras organizaciones internacionales.<\/p>\n<p>Otro aspecto preocupante es la banalizaci\u00f3n de su uso: \u201csu supuesto car\u00e1cter no letal es una invitaci\u00f3n a normalizar su uso incluso contra manifestantes decididamente no violentos, dado que sus efectos son supuestamente poco da\u00f1inos\u201d.\u00a0 A este respecto,\u00a0 cabe se\u00f1alar que, como se puede comprobar en las presentaciones a la prensa que se han hecho en los Estados Unidos de este tipo de armas, los \u201cmanifestantes\u201d son caracterizados con pancartas que muestran lemas pac\u00edficos y antibelicistas. Este perfil de\u00a0 manifestantes es el grupo contra el que se desarrolla la demostraci\u00f3n y se prueban estos nuevos equipamientos militares.\u00a0 Para Gordillo, \u201cse est\u00e1 normalizando la respuesta violenta a las demandas ciudadanas. Esto es un aviso de lo que viene. Se genera miedo en la sociedad y el miedo se propaga y, en muchos casos, es permanente\u201d y recuerda que \u201chay textos legales contra el uso de este tipo de armas. Desde la\u00a0 \u201cConvenci\u00f3n contra la tortura\u201d hasta los \u201cConvenios internacionales contra las armas qu\u00edmicas\u201d, pasando por las Convenciones de Ginebra, existen argumentos legales para prohibir o, al menos, limitar su uso.\u201d Una utilizaci\u00f3n que, a menudo, viene marcada por la falta de control que tiene la sociedad civil sobre los protocolos de actuaci\u00f3n y reglas de enfrentamiento que observa la polic\u00eda ante escenarios de protesta, y que en Espa\u00f1a, y en los \u00faltimos treinta a\u00f1os, han provocado 9 muertos y una treintena de heridos graves por el uso de pelotas y balas de goma. Unas reglas de actuaci\u00f3n que deber\u00edan ser p\u00fablicas y revisables por la sociedad, seg\u00fan demandan las organizaciones de defensa de los derechos humanos.<\/p>","protected":false},"excerpt":{"rendered":"<p>La profunda crisis econ\u00f3mica y social en la que vive Espa\u00f1a, ha provocado la multiplicaci\u00f3n de manifestaciones y protestas de buena parte de la sociedad civil, que demanda un modo diferente de hacer pol\u00edtica.\u00a0 El aumento de la conciencia cr\u00edtica ciudadana no ha servido, por el momento, para que el [&hellip;]<\/p>\n","protected":false},"author":3,"featured_media":0,"comment_status":"open","ping_status":"open","sticky":false,"template":"","format":"standard","meta":{"footnotes":""},"categories":[58],"tags":[],"class_list":["post-3695","post","type-post","status-publish","format-standard","hentry","category-estado-espanol"],"yoast_head":"<!-- This site is optimized with the Yoast SEO plugin v27.5 - https:\/\/yoast.com\/product\/yoast-seo-wordpress\/ -->\n<title>Nuevos juguetes para combatir los disturbios callejeros - Revista Rambla<\/title>\n<meta name=\"robots\" content=\"index, follow, max-snippet:-1, max-image-preview:large, max-video-preview:-1\" \/>\n<link rel=\"canonical\" href=\"https:\/\/www.revistarambla.com\/en\/nuevos-juguetes-para-combatir-los-disturbios-callejeros\/\" \/>\n<meta property=\"og:locale\" content=\"en_GB\" \/>\n<meta property=\"og:type\" content=\"article\" \/>\n<meta property=\"og:title\" content=\"Nuevos juguetes para combatir los disturbios callejeros - Revista Rambla\" \/>\n<meta property=\"og:description\" content=\"La profunda crisis econ\u00f3mica y social en la que vive Espa\u00f1a, ha provocado la multiplicaci\u00f3n de manifestaciones y protestas de buena parte de la sociedad civil, que demanda un modo diferente de hacer pol\u00edtica.\u00a0 El aumento de la conciencia cr\u00edtica ciudadana no ha servido, por el momento, para que el [&hellip;]\" \/>\n<meta property=\"og:url\" content=\"https:\/\/www.revistarambla.com\/en\/nuevos-juguetes-para-combatir-los-disturbios-callejeros\/\" \/>\n<meta property=\"og:site_name\" content=\"Revista Rambla\" \/>\n<meta property=\"article:publisher\" content=\"https:\/\/www.facebook.com\/revistarambla\/\" \/>\n<meta property=\"article:author\" content=\"https:\/\/www.facebook.com\/revistarambla\" \/>\n<meta property=\"article:published_time\" content=\"2013-07-15T09:22:01+00:00\" \/>\n<meta property=\"article:modified_time\" content=\"2022-09-14T16:01:31+00:00\" \/>\n<meta property=\"og:image\" content=\"https:\/\/www.revistarambla.com\/wp-content\/uploads\/2013\/07\/polis_01.jpg\" \/>\n\t<meta property=\"og:image:width\" content=\"682\" \/>\n\t<meta property=\"og:image:height\" content=\"450\" \/>\n\t<meta property=\"og:image:type\" content=\"image\/jpeg\" \/>\n<meta name=\"author\" content=\"R@mbla\" \/>\n<meta name=\"twitter:card\" content=\"summary_large_image\" \/>\n<meta name=\"twitter:creator\" content=\"@revistarambla\" \/>\n<meta name=\"twitter:site\" content=\"@revistarambla\" \/>\n<meta name=\"twitter:label1\" content=\"Written by\" \/>\n\t<meta name=\"twitter:data1\" content=\"R@mbla\" \/>\n\t<meta name=\"twitter:label2\" content=\"Estimated reading time\" \/>\n\t<meta name=\"twitter:data2\" content=\"6 minutes\" \/>\n<script type=\"application\/ld+json\" class=\"yoast-schema-graph\">{\"@context\":\"https:\\\/\\\/schema.org\",\"@graph\":[{\"@type\":\"Article\",\"@id\":\"https:\\\/\\\/www.revistarambla.com\\\/nuevos-juguetes-para-combatir-los-disturbios-callejeros\\\/#article\",\"isPartOf\":{\"@id\":\"https:\\\/\\\/www.revistarambla.com\\\/nuevos-juguetes-para-combatir-los-disturbios-callejeros\\\/\"},\"author\":{\"name\":\"R@mbla\",\"@id\":\"https:\\\/\\\/www.revistarambla.com\\\/#\\\/schema\\\/person\\\/a146a5a2550b94981a75131180e1bd9c\"},\"headline\":\"Nuevos juguetes para combatir los disturbios callejeros\",\"datePublished\":\"2013-07-15T09:22:01+00:00\",\"dateModified\":\"2022-09-14T16:01:31+00:00\",\"mainEntityOfPage\":{\"@id\":\"https:\\\/\\\/www.revistarambla.com\\\/nuevos-juguetes-para-combatir-los-disturbios-callejeros\\\/\"},\"wordCount\":1341,\"commentCount\":0,\"publisher\":{\"@id\":\"https:\\\/\\\/www.revistarambla.com\\\/#organization\"},\"image\":{\"@id\":\"https:\\\/\\\/www.revistarambla.com\\\/nuevos-juguetes-para-combatir-los-disturbios-callejeros\\\/#primaryimage\"},\"thumbnailUrl\":\"https:\\\/\\\/www.revistarambla.com\\\/wp-content\\\/uploads\\\/2013\\\/07\\\/polis_02.jpg\",\"articleSection\":[\"Estado Espa\u00f1ol\"],\"inLanguage\":\"en-GB\",\"potentialAction\":[{\"@type\":\"CommentAction\",\"name\":\"Comment\",\"target\":[\"https:\\\/\\\/www.revistarambla.com\\\/nuevos-juguetes-para-combatir-los-disturbios-callejeros\\\/#respond\"]}]},{\"@type\":\"WebPage\",\"@id\":\"https:\\\/\\\/www.revistarambla.com\\\/nuevos-juguetes-para-combatir-los-disturbios-callejeros\\\/\",\"url\":\"https:\\\/\\\/www.revistarambla.com\\\/nuevos-juguetes-para-combatir-los-disturbios-callejeros\\\/\",\"name\":\"Nuevos juguetes para combatir los disturbios callejeros - Revista Rambla\",\"isPartOf\":{\"@id\":\"https:\\\/\\\/www.revistarambla.com\\\/#website\"},\"primaryImageOfPage\":{\"@id\":\"https:\\\/\\\/www.revistarambla.com\\\/nuevos-juguetes-para-combatir-los-disturbios-callejeros\\\/#primaryimage\"},\"image\":{\"@id\":\"https:\\\/\\\/www.revistarambla.com\\\/nuevos-juguetes-para-combatir-los-disturbios-callejeros\\\/#primaryimage\"},\"thumbnailUrl\":\"https:\\\/\\\/www.revistarambla.com\\\/wp-content\\\/uploads\\\/2013\\\/07\\\/polis_02.jpg\",\"datePublished\":\"2013-07-15T09:22:01+00:00\",\"dateModified\":\"2022-09-14T16:01:31+00:00\",\"breadcrumb\":{\"@id\":\"https:\\\/\\\/www.revistarambla.com\\\/nuevos-juguetes-para-combatir-los-disturbios-callejeros\\\/#breadcrumb\"},\"inLanguage\":\"en-GB\",\"potentialAction\":[{\"@type\":\"ReadAction\",\"target\":[\"https:\\\/\\\/www.revistarambla.com\\\/nuevos-juguetes-para-combatir-los-disturbios-callejeros\\\/\"]}]},{\"@type\":\"ImageObject\",\"inLanguage\":\"en-GB\",\"@id\":\"https:\\\/\\\/www.revistarambla.com\\\/nuevos-juguetes-para-combatir-los-disturbios-callejeros\\\/#primaryimage\",\"url\":\"https:\\\/\\\/www.revistarambla.com\\\/wp-content\\\/uploads\\\/2013\\\/07\\\/polis_02.jpg\",\"contentUrl\":\"https:\\\/\\\/www.revistarambla.com\\\/wp-content\\\/uploads\\\/2013\\\/07\\\/polis_02.jpg\"},{\"@type\":\"BreadcrumbList\",\"@id\":\"https:\\\/\\\/www.revistarambla.com\\\/nuevos-juguetes-para-combatir-los-disturbios-callejeros\\\/#breadcrumb\",\"itemListElement\":[{\"@type\":\"ListItem\",\"position\":1,\"name\":\"Portada\",\"item\":\"https:\\\/\\\/www.revistarambla.com\\\/\"},{\"@type\":\"ListItem\",\"position\":2,\"name\":\"Nuevos juguetes para combatir los disturbios callejeros\"}]},{\"@type\":\"WebSite\",\"@id\":\"https:\\\/\\\/www.revistarambla.com\\\/#website\",\"url\":\"https:\\\/\\\/www.revistarambla.com\\\/\",\"name\":\"Revista Rambla Barcelona\",\"description\":\"Periodismo independiente\",\"publisher\":{\"@id\":\"https:\\\/\\\/www.revistarambla.com\\\/#organization\"},\"potentialAction\":[{\"@type\":\"SearchAction\",\"target\":{\"@type\":\"EntryPoint\",\"urlTemplate\":\"https:\\\/\\\/www.revistarambla.com\\\/?s={search_term_string}\"},\"query-input\":{\"@type\":\"PropertyValueSpecification\",\"valueRequired\":true,\"valueName\":\"search_term_string\"}}],\"inLanguage\":\"en-GB\"},{\"@type\":\"Organization\",\"@id\":\"https:\\\/\\\/www.revistarambla.com\\\/#organization\",\"name\":\"Revista Rambla\",\"url\":\"https:\\\/\\\/www.revistarambla.com\\\/\",\"logo\":{\"@type\":\"ImageObject\",\"inLanguage\":\"en-GB\",\"@id\":\"https:\\\/\\\/www.revistarambla.com\\\/#\\\/schema\\\/logo\\\/image\\\/\",\"url\":\"https:\\\/\\\/www.revistarambla.com\\\/wp-content\\\/uploads\\\/2020\\\/09\\\/banner_rambla_1900x600_BB.png\",\"contentUrl\":\"https:\\\/\\\/www.revistarambla.com\\\/wp-content\\\/uploads\\\/2020\\\/09\\\/banner_rambla_1900x600_BB.png\",\"width\":1900,\"height\":600,\"caption\":\"Revista Rambla\"},\"image\":{\"@id\":\"https:\\\/\\\/www.revistarambla.com\\\/#\\\/schema\\\/logo\\\/image\\\/\"},\"sameAs\":[\"https:\\\/\\\/www.facebook.com\\\/revistarambla\\\/\",\"https:\\\/\\\/x.com\\\/revistarambla\",\"https:\\\/\\\/www.instagram.com\\\/revista_rambla\",\"https:\\\/\\\/es.linkedin.com\\\/company\\\/revista-rambla\"]},{\"@type\":\"Person\",\"@id\":\"https:\\\/\\\/www.revistarambla.com\\\/#\\\/schema\\\/person\\\/a146a5a2550b94981a75131180e1bd9c\",\"name\":\"R@mbla\",\"description\":\"Este art\u00edculo ha sido redactado y\\\/o validado por el equipo de redacci\u00f3n de Revista Rambla.\",\"sameAs\":[\"https:\\\/\\\/www.revistarambla.com\\\/\",\"https:\\\/\\\/www.facebook.com\\\/revistarambla\",\"https:\\\/\\\/x.com\\\/revistarambla\"]}]}<\/script>\n<!-- \/ Yoast SEO plugin. -->","yoast_head_json":{"title":"Nuevos juguetes para combatir los disturbios callejeros - Revista Rambla","robots":{"index":"index","follow":"follow","max-snippet":"max-snippet:-1","max-image-preview":"max-image-preview:large","max-video-preview":"max-video-preview:-1"},"canonical":"https:\/\/www.revistarambla.com\/en\/nuevos-juguetes-para-combatir-los-disturbios-callejeros\/","og_locale":"en_GB","og_type":"article","og_title":"Nuevos juguetes para combatir los disturbios callejeros - Revista Rambla","og_description":"La profunda crisis econ\u00f3mica y social en la que vive Espa\u00f1a, ha provocado la multiplicaci\u00f3n de manifestaciones y protestas de buena parte de la sociedad civil, que demanda un modo diferente de hacer pol\u00edtica.\u00a0 El aumento de la conciencia cr\u00edtica ciudadana no ha servido, por el momento, para que el [&hellip;]","og_url":"https:\/\/www.revistarambla.com\/en\/nuevos-juguetes-para-combatir-los-disturbios-callejeros\/","og_site_name":"Revista Rambla","article_publisher":"https:\/\/www.facebook.com\/revistarambla\/","article_author":"https:\/\/www.facebook.com\/revistarambla","article_published_time":"2013-07-15T09:22:01+00:00","article_modified_time":"2022-09-14T16:01:31+00:00","og_image":[{"width":682,"height":450,"url":"https:\/\/www.revistarambla.com\/wp-content\/uploads\/2013\/07\/polis_01.jpg","type":"image\/jpeg"}],"author":"R@mbla","twitter_card":"summary_large_image","twitter_creator":"@revistarambla","twitter_site":"@revistarambla","twitter_misc":{"Written by":"R@mbla","Estimated reading time":"6 minutes"},"schema":{"@context":"https:\/\/schema.org","@graph":[{"@type":"Article","@id":"https:\/\/www.revistarambla.com\/nuevos-juguetes-para-combatir-los-disturbios-callejeros\/#article","isPartOf":{"@id":"https:\/\/www.revistarambla.com\/nuevos-juguetes-para-combatir-los-disturbios-callejeros\/"},"author":{"name":"R@mbla","@id":"https:\/\/www.revistarambla.com\/#\/schema\/person\/a146a5a2550b94981a75131180e1bd9c"},"headline":"Nuevos juguetes para combatir los disturbios callejeros","datePublished":"2013-07-15T09:22:01+00:00","dateModified":"2022-09-14T16:01:31+00:00","mainEntityOfPage":{"@id":"https:\/\/www.revistarambla.com\/nuevos-juguetes-para-combatir-los-disturbios-callejeros\/"},"wordCount":1341,"commentCount":0,"publisher":{"@id":"https:\/\/www.revistarambla.com\/#organization"},"image":{"@id":"https:\/\/www.revistarambla.com\/nuevos-juguetes-para-combatir-los-disturbios-callejeros\/#primaryimage"},"thumbnailUrl":"https:\/\/www.revistarambla.com\/wp-content\/uploads\/2013\/07\/polis_02.jpg","articleSection":["Estado Espa\u00f1ol"],"inLanguage":"en-GB","potentialAction":[{"@type":"CommentAction","name":"Comment","target":["https:\/\/www.revistarambla.com\/nuevos-juguetes-para-combatir-los-disturbios-callejeros\/#respond"]}]},{"@type":"WebPage","@id":"https:\/\/www.revistarambla.com\/nuevos-juguetes-para-combatir-los-disturbios-callejeros\/","url":"https:\/\/www.revistarambla.com\/nuevos-juguetes-para-combatir-los-disturbios-callejeros\/","name":"Nuevos juguetes para combatir los disturbios callejeros - Revista Rambla","isPartOf":{"@id":"https:\/\/www.revistarambla.com\/#website"},"primaryImageOfPage":{"@id":"https:\/\/www.revistarambla.com\/nuevos-juguetes-para-combatir-los-disturbios-callejeros\/#primaryimage"},"image":{"@id":"https:\/\/www.revistarambla.com\/nuevos-juguetes-para-combatir-los-disturbios-callejeros\/#primaryimage"},"thumbnailUrl":"https:\/\/www.revistarambla.com\/wp-content\/uploads\/2013\/07\/polis_02.jpg","datePublished":"2013-07-15T09:22:01+00:00","dateModified":"2022-09-14T16:01:31+00:00","breadcrumb":{"@id":"https:\/\/www.revistarambla.com\/nuevos-juguetes-para-combatir-los-disturbios-callejeros\/#breadcrumb"},"inLanguage":"en-GB","potentialAction":[{"@type":"ReadAction","target":["https:\/\/www.revistarambla.com\/nuevos-juguetes-para-combatir-los-disturbios-callejeros\/"]}]},{"@type":"ImageObject","inLanguage":"en-GB","@id":"https:\/\/www.revistarambla.com\/nuevos-juguetes-para-combatir-los-disturbios-callejeros\/#primaryimage","url":"https:\/\/www.revistarambla.com\/wp-content\/uploads\/2013\/07\/polis_02.jpg","contentUrl":"https:\/\/www.revistarambla.com\/wp-content\/uploads\/2013\/07\/polis_02.jpg"},{"@type":"BreadcrumbList","@id":"https:\/\/www.revistarambla.com\/nuevos-juguetes-para-combatir-los-disturbios-callejeros\/#breadcrumb","itemListElement":[{"@type":"ListItem","position":1,"name":"Portada","item":"https:\/\/www.revistarambla.com\/"},{"@type":"ListItem","position":2,"name":"Nuevos juguetes para combatir los disturbios callejeros"}]},{"@type":"WebSite","@id":"https:\/\/www.revistarambla.com\/#website","url":"https:\/\/www.revistarambla.com\/","name":"Revista Rambla Barcelona","description":"Periodismo independiente","publisher":{"@id":"https:\/\/www.revistarambla.com\/#organization"},"potentialAction":[{"@type":"SearchAction","target":{"@type":"EntryPoint","urlTemplate":"https:\/\/www.revistarambla.com\/?s={search_term_string}"},"query-input":{"@type":"PropertyValueSpecification","valueRequired":true,"valueName":"search_term_string"}}],"inLanguage":"en-GB"},{"@type":"Organization","@id":"https:\/\/www.revistarambla.com\/#organization","name":"Revista Rambla","url":"https:\/\/www.revistarambla.com\/","logo":{"@type":"ImageObject","inLanguage":"en-GB","@id":"https:\/\/www.revistarambla.com\/#\/schema\/logo\/image\/","url":"https:\/\/www.revistarambla.com\/wp-content\/uploads\/2020\/09\/banner_rambla_1900x600_BB.png","contentUrl":"https:\/\/www.revistarambla.com\/wp-content\/uploads\/2020\/09\/banner_rambla_1900x600_BB.png","width":1900,"height":600,"caption":"Revista Rambla"},"image":{"@id":"https:\/\/www.revistarambla.com\/#\/schema\/logo\/image\/"},"sameAs":["https:\/\/www.facebook.com\/revistarambla\/","https:\/\/x.com\/revistarambla","https:\/\/www.instagram.com\/revista_rambla","https:\/\/es.linkedin.com\/company\/revista-rambla"]},{"@type":"Person","@id":"https:\/\/www.revistarambla.com\/#\/schema\/person\/a146a5a2550b94981a75131180e1bd9c","name":"R@mbla","description":"Este art\u00edculo ha sido redactado y\/o validado por el equipo de redacci\u00f3n de Revista Rambla.","sameAs":["https:\/\/www.revistarambla.com\/","https:\/\/www.facebook.com\/revistarambla","https:\/\/x.com\/revistarambla"]}]}},"_links":{"self":[{"href":"https:\/\/www.revistarambla.com\/en\/wp-json\/wp\/v2\/posts\/3695","targetHints":{"allow":["GET"]}}],"collection":[{"href":"https:\/\/www.revistarambla.com\/en\/wp-json\/wp\/v2\/posts"}],"about":[{"href":"https:\/\/www.revistarambla.com\/en\/wp-json\/wp\/v2\/types\/post"}],"author":[{"embeddable":true,"href":"https:\/\/www.revistarambla.com\/en\/wp-json\/wp\/v2\/users\/3"}],"replies":[{"embeddable":true,"href":"https:\/\/www.revistarambla.com\/en\/wp-json\/wp\/v2\/comments?post=3695"}],"version-history":[{"count":2,"href":"https:\/\/www.revistarambla.com\/en\/wp-json\/wp\/v2\/posts\/3695\/revisions"}],"predecessor-version":[{"id":46626,"href":"https:\/\/www.revistarambla.com\/en\/wp-json\/wp\/v2\/posts\/3695\/revisions\/46626"}],"wp:attachment":[{"href":"https:\/\/www.revistarambla.com\/en\/wp-json\/wp\/v2\/media?parent=3695"}],"wp:term":[{"taxonomy":"category","embeddable":true,"href":"https:\/\/www.revistarambla.com\/en\/wp-json\/wp\/v2\/categories?post=3695"},{"taxonomy":"post_tag","embeddable":true,"href":"https:\/\/www.revistarambla.com\/en\/wp-json\/wp\/v2\/tags?post=3695"}],"curies":[{"name":"wp","href":"https:\/\/api.w.org\/{rel}","templated":true}]}}