{"id":36713,"date":"2021-11-25T12:55:30","date_gmt":"2021-11-25T11:55:30","guid":{"rendered":"https:\/\/www.revistarambla.com\/?p=36713"},"modified":"2021-11-25T12:55:30","modified_gmt":"2021-11-25T11:55:30","slug":"marina-garcia-y-su-ayuda-en-la-lucha-contra-el-cancer","status":"publish","type":"post","link":"https:\/\/www.revistarambla.com\/en\/marina-garcia-y-su-ayuda-en-la-lucha-contra-el-cancer\/","title":{"rendered":"Marina Garc\u00eda y su ayuda en la lucha contra el c\u00e1ncer"},"content":{"rendered":"<p><img decoding=\"async\" class=\"aligncenter wp-image-36714 size-full\" src=\"https:\/\/www.revistarambla.com\/wp-content\/uploads\/2021\/11\/unnamed-3.jpg\" alt=\"\" width=\"512\" height=\"342\" srcset=\"https:\/\/www.revistarambla.com\/wp-content\/uploads\/2021\/11\/unnamed-3.jpg 512w, https:\/\/www.revistarambla.com\/wp-content\/uploads\/2021\/11\/unnamed-3-300x200.jpg 300w\" sizes=\"(max-width: 512px) 100vw, 512px\" \/><\/p>\n<p>La investigaci\u00f3n contra el c\u00e1ncer siempre ha de ser una prioridad, y cualquier tipo de ayuda siempre es bienvenida. Cada vez son m\u00e1s las empresas que apoyan cualquier tipo de investigaci\u00f3n que lleve a mejorar la calidad de vida de los pacientes o a comenzar a erradicar una enfermedad que puede llegar a ser mortal. El c\u00e1ncer puede que dentro de unos a\u00f1os se convierta en una enfermedad que ya no tenga el estigma social que siguen otorgando. Una manera de poder colaborar y ayudar en estas investigaciones, concretamente en la dedicada al c\u00e1ncer de mama, es con la colecci\u00f3n Rosa de<a href=\"https:\/\/www.marinagarcia.com\/\" rel=\"nofollow\"> www.marinagarcia.com<\/a>. Esta marca, radicada en Zaragoza, dona el<b><i> 50 % de los beneficios de su colecci\u00f3n<\/i><\/b> durante el mes de octubre a los diversos programas de investigaci\u00f3n destinados al c\u00e1ncer de mama. Esta donaci\u00f3n viene produci\u00e9ndose de manera peri\u00f3dica cada a\u00f1o, y es realizada a la Fundaci\u00f3n Geicam, que desde su creaci\u00f3n en 1995 ha promovido y participado en m\u00e1s de 120 ensayos cl\u00ednicos y en investigaciones nacionales e internacionales para luchar contra el c\u00e1ncer de mama.<\/p>\n<h2>El esp\u00edritu investigador contra el c\u00e1ncer necesita tu apoyo<\/h2>\n<p>Geicam es una fundaci\u00f3n sin \u00e1nimo de lucro formada por m\u00e1s de 800 expertos que trabajan en m\u00e1s de 200 instituciones en toda Espa\u00f1a. Es el grupo referente en investigaci\u00f3n cl\u00ednica sobre el c\u00e1ncer de mama en Espa\u00f1a, algo que supone un valor a\u00f1adido a la hora de conocer m\u00e1s sobre esta enfermedad que a tantas mujeres afecta. Todas las joyas de la Colecci\u00f3n Rosa han sido creadas por esta dise\u00f1adora y son fabricadas de forma artesanal en su atelier situado en la ciudad de Zaragoza. Marina Garc\u00eda es una firma creada en el seno de una empresa con m\u00e1s de 50 a\u00f1os de tradici\u00f3n joyera. Las <b><i>piezas solidarias est\u00e1n disponibles en joyer\u00edas de toda Europa y en su tienda online.<\/i><\/b> Ahora dispones de la oportunidad de hacerte con algunas de estas piezas tan especiales y que rezuman elegancia y sencillez.<\/p>\n<p>Marina Garc\u00eda se manifiesta de la siguiente manera: \u201c<i>Siempre he vivido la joyer\u00eda como algo natural y cercano. Desde peque\u00f1a me gustaba observar y admirar las creaciones de alta joyer\u00eda de mi padre. Me gustaba probarme estas joyas y descubrir c\u00f3mo me hac\u00edan sentir y todo aquello que me transmit\u00edan. Ese hilo conductor siempre se ha mantenido para m\u00ed, creando joyas que nos hagan sentir y que sean capaces de transmitir estilo y feminidad<\/i>\u00ab. No cabe duda que las mujeres que se encuentran en la situaci\u00f3n de padecer un c\u00e1ncer de mama <b><i>no solamente desean recuperarse<\/i><\/b>, sino que quieren evitar sufrir las consecuencias a\u00f1adidas del mal y de los tratamientos. Sentirse bellas, femeninas y con un aire especial es tambi\u00e9n uno de los objetivos y que, incluso, supone un aumento en la autoestima.<\/p>\n<p>Tal y como se recoge en la web de Geicam, \u00ab<i>solo en 2020 se diagnosticaron un total de <\/i>34.088 nuevos casos <i>de c\u00e1ncer de mama en Espa\u00f1a, siendo este tipo de tumor el m\u00e1s frecuente entre las mujeres\u00bb. <\/i>Los avances en las investigaciones, as\u00ed como la <b><i>detecci\u00f3n temprana de esta enfermedad <\/i><\/b>est\u00e1 consiguiendo que se le pueda hacer frente con m\u00e1s garant\u00edas que hace unos a\u00f1os. La importancia de mantener una vigilancia constante de nuestra salud, as\u00ed como la realizaci\u00f3n de pruebas diagn\u00f3sticas ayuda a que pueda intervenirse de forma r\u00e1pida en cuanto se detecta.<\/p>\n<p>Por esa raz\u00f3n, Marina Garc\u00eda aporta una gran ayuda a la investigaci\u00f3n. Con su Colecci\u00f3n Rosa, siendo pionera en este sentido. A la vez que alguien est\u00e1 adquiriendo una pieza con un dise\u00f1o \u00fanico, se est\u00e1n destinando la mitad de los beneficios a investigar. Esta colecci\u00f3n est\u00e1 pensada para la mujer actual y din\u00e1mica y consigue conjugar a partes iguales tanto la elegancia de unas joyas exquisitas junto con su versatilidad. Se trata de piezas que dejan una grata sensaci\u00f3n y posibilitan que <b><i>los investigadores puedan continuar con su labor. <\/i><\/b>\u00bfNo crees que es un buen momento para comenzar a apoyar la investigaci\u00f3n contra el c\u00e1ncer de mama? Hacerlo con piezas de joyer\u00eda es, sin lugar a dudas, una opci\u00f3n muy apetecible.<\/p>\n<p>Descubrir estas creaciones posibilita que se contin\u00fae trabajando en este sentido, que cada vez esos avances m\u00e9dicos puedan irse poniendo en pr\u00e1ctica en los hospitales, y que se gane en la lucha contra el c\u00e1ncer. Da un empuj\u00f3n con la Colecci\u00f3n Rosa de Marina Garc\u00eda, una manera de ir en vanguardia tanto en nuestro look como en el apoyo a una causa m\u00e1s que necesaria. La diversidad de joyas, as\u00ed como <b><i>su excelente manufactura<\/i><\/b>, hace que la magia que sale del atelier de Marina Garc\u00eda se materialice en esta colecci\u00f3n. Ha llegado el momento de hacer posible ese deseo de tener unas piezas especiales que realzan a la mujer del siglo XXI. Moda e investigaci\u00f3n se dan la mano para apoyar a quienes lo necesitan.<\/p>","protected":false},"excerpt":{"rendered":"<p>La investigaci\u00f3n contra el c\u00e1ncer siempre ha de ser una prioridad, y cualquier tipo de ayuda siempre es bienvenida. Cada vez son m\u00e1s las empresas que apoyan cualquier tipo de investigaci\u00f3n que lleve a mejorar la calidad de vida de los pacientes o a comenzar a erradicar una enfermedad que [&hellip;]<\/p>\n","protected":false},"author":3,"featured_media":36714,"comment_status":"open","ping_status":"open","sticky":false,"template":"","format":"standard","meta":{"footnotes":""},"categories":[350],"tags":[],"class_list":["post-36713","post","type-post","status-publish","format-standard","has-post-thumbnail","hentry","category-miscelanea"],"yoast_head":"<!-- This site is optimized with the Yoast SEO plugin v27.5 - https:\/\/yoast.com\/product\/yoast-seo-wordpress\/ -->\n<title>Marina Garc\u00eda y su ayuda en la lucha contra el c\u00e1ncer - Revista Rambla<\/title>\n<meta name=\"robots\" content=\"index, follow, max-snippet:-1, max-image-preview:large, max-video-preview:-1\" \/>\n<link rel=\"canonical\" href=\"https:\/\/www.revistarambla.com\/en\/marina-garcia-y-su-ayuda-en-la-lucha-contra-el-cancer\/\" \/>\n<meta property=\"og:locale\" content=\"en_GB\" \/>\n<meta property=\"og:type\" content=\"article\" \/>\n<meta property=\"og:title\" content=\"Marina Garc\u00eda y su ayuda en la lucha contra el c\u00e1ncer - Revista Rambla\" \/>\n<meta property=\"og:description\" content=\"La investigaci\u00f3n contra el c\u00e1ncer siempre ha de ser una prioridad, y cualquier tipo de ayuda siempre es bienvenida. Cada vez son m\u00e1s las empresas que apoyan cualquier tipo de investigaci\u00f3n que lleve a mejorar la calidad de vida de los pacientes o a comenzar a erradicar una enfermedad que [&hellip;]\" \/>\n<meta property=\"og:url\" content=\"https:\/\/www.revistarambla.com\/en\/marina-garcia-y-su-ayuda-en-la-lucha-contra-el-cancer\/\" \/>\n<meta property=\"og:site_name\" content=\"Revista Rambla\" \/>\n<meta property=\"article:publisher\" content=\"https:\/\/www.facebook.com\/revistarambla\/\" \/>\n<meta property=\"article:author\" content=\"https:\/\/www.facebook.com\/revistarambla\" \/>\n<meta property=\"article:published_time\" content=\"2021-11-25T11:55:30+00:00\" \/>\n<meta property=\"og:image\" content=\"https:\/\/www.revistarambla.com\/wp-content\/uploads\/2021\/11\/unnamed-3.jpg\" \/>\n\t<meta property=\"og:image:width\" content=\"512\" \/>\n\t<meta property=\"og:image:height\" content=\"342\" \/>\n\t<meta property=\"og:image:type\" content=\"image\/jpeg\" \/>\n<meta name=\"author\" content=\"R@mbla\" \/>\n<meta name=\"twitter:card\" content=\"summary_large_image\" \/>\n<meta name=\"twitter:creator\" content=\"@revistarambla\" \/>\n<meta name=\"twitter:site\" content=\"@revistarambla\" \/>\n<meta name=\"twitter:label1\" content=\"Written by\" \/>\n\t<meta name=\"twitter:data1\" content=\"R@mbla\" \/>\n\t<meta name=\"twitter:label2\" content=\"Estimated reading time\" \/>\n\t<meta name=\"twitter:data2\" content=\"4 minutes\" \/>\n<script type=\"application\/ld+json\" class=\"yoast-schema-graph\">{\"@context\":\"https:\\\/\\\/schema.org\",\"@graph\":[{\"@type\":\"Article\",\"@id\":\"https:\\\/\\\/www.revistarambla.com\\\/marina-garcia-y-su-ayuda-en-la-lucha-contra-el-cancer\\\/#article\",\"isPartOf\":{\"@id\":\"https:\\\/\\\/www.revistarambla.com\\\/marina-garcia-y-su-ayuda-en-la-lucha-contra-el-cancer\\\/\"},\"author\":{\"name\":\"R@mbla\",\"@id\":\"https:\\\/\\\/www.revistarambla.com\\\/#\\\/schema\\\/person\\\/a146a5a2550b94981a75131180e1bd9c\"},\"headline\":\"Marina Garc\u00eda y su ayuda en la lucha contra el c\u00e1ncer\",\"datePublished\":\"2021-11-25T11:55:30+00:00\",\"mainEntityOfPage\":{\"@id\":\"https:\\\/\\\/www.revistarambla.com\\\/marina-garcia-y-su-ayuda-en-la-lucha-contra-el-cancer\\\/\"},\"wordCount\":895,\"commentCount\":0,\"publisher\":{\"@id\":\"https:\\\/\\\/www.revistarambla.com\\\/#organization\"},\"image\":{\"@id\":\"https:\\\/\\\/www.revistarambla.com\\\/marina-garcia-y-su-ayuda-en-la-lucha-contra-el-cancer\\\/#primaryimage\"},\"thumbnailUrl\":\"https:\\\/\\\/www.revistarambla.com\\\/wp-content\\\/uploads\\\/2021\\\/11\\\/unnamed-3.jpg\",\"articleSection\":[\"Noticias de la vida\"],\"inLanguage\":\"en-GB\",\"potentialAction\":[{\"@type\":\"CommentAction\",\"name\":\"Comment\",\"target\":[\"https:\\\/\\\/www.revistarambla.com\\\/marina-garcia-y-su-ayuda-en-la-lucha-contra-el-cancer\\\/#respond\"]}]},{\"@type\":\"WebPage\",\"@id\":\"https:\\\/\\\/www.revistarambla.com\\\/marina-garcia-y-su-ayuda-en-la-lucha-contra-el-cancer\\\/\",\"url\":\"https:\\\/\\\/www.revistarambla.com\\\/marina-garcia-y-su-ayuda-en-la-lucha-contra-el-cancer\\\/\",\"name\":\"Marina Garc\u00eda y su ayuda en la lucha contra el c\u00e1ncer - Revista Rambla\",\"isPartOf\":{\"@id\":\"https:\\\/\\\/www.revistarambla.com\\\/#website\"},\"primaryImageOfPage\":{\"@id\":\"https:\\\/\\\/www.revistarambla.com\\\/marina-garcia-y-su-ayuda-en-la-lucha-contra-el-cancer\\\/#primaryimage\"},\"image\":{\"@id\":\"https:\\\/\\\/www.revistarambla.com\\\/marina-garcia-y-su-ayuda-en-la-lucha-contra-el-cancer\\\/#primaryimage\"},\"thumbnailUrl\":\"https:\\\/\\\/www.revistarambla.com\\\/wp-content\\\/uploads\\\/2021\\\/11\\\/unnamed-3.jpg\",\"datePublished\":\"2021-11-25T11:55:30+00:00\",\"breadcrumb\":{\"@id\":\"https:\\\/\\\/www.revistarambla.com\\\/marina-garcia-y-su-ayuda-en-la-lucha-contra-el-cancer\\\/#breadcrumb\"},\"inLanguage\":\"en-GB\",\"potentialAction\":[{\"@type\":\"ReadAction\",\"target\":[\"https:\\\/\\\/www.revistarambla.com\\\/marina-garcia-y-su-ayuda-en-la-lucha-contra-el-cancer\\\/\"]}]},{\"@type\":\"ImageObject\",\"inLanguage\":\"en-GB\",\"@id\":\"https:\\\/\\\/www.revistarambla.com\\\/marina-garcia-y-su-ayuda-en-la-lucha-contra-el-cancer\\\/#primaryimage\",\"url\":\"https:\\\/\\\/www.revistarambla.com\\\/wp-content\\\/uploads\\\/2021\\\/11\\\/unnamed-3.jpg\",\"contentUrl\":\"https:\\\/\\\/www.revistarambla.com\\\/wp-content\\\/uploads\\\/2021\\\/11\\\/unnamed-3.jpg\",\"width\":512,\"height\":342},{\"@type\":\"BreadcrumbList\",\"@id\":\"https:\\\/\\\/www.revistarambla.com\\\/marina-garcia-y-su-ayuda-en-la-lucha-contra-el-cancer\\\/#breadcrumb\",\"itemListElement\":[{\"@type\":\"ListItem\",\"position\":1,\"name\":\"Portada\",\"item\":\"https:\\\/\\\/www.revistarambla.com\\\/\"},{\"@type\":\"ListItem\",\"position\":2,\"name\":\"Marina Garc\u00eda y su ayuda en la lucha contra el c\u00e1ncer\"}]},{\"@type\":\"WebSite\",\"@id\":\"https:\\\/\\\/www.revistarambla.com\\\/#website\",\"url\":\"https:\\\/\\\/www.revistarambla.com\\\/\",\"name\":\"Revista Rambla Barcelona\",\"description\":\"Periodismo independiente\",\"publisher\":{\"@id\":\"https:\\\/\\\/www.revistarambla.com\\\/#organization\"},\"potentialAction\":[{\"@type\":\"SearchAction\",\"target\":{\"@type\":\"EntryPoint\",\"urlTemplate\":\"https:\\\/\\\/www.revistarambla.com\\\/?s={search_term_string}\"},\"query-input\":{\"@type\":\"PropertyValueSpecification\",\"valueRequired\":true,\"valueName\":\"search_term_string\"}}],\"inLanguage\":\"en-GB\"},{\"@type\":\"Organization\",\"@id\":\"https:\\\/\\\/www.revistarambla.com\\\/#organization\",\"name\":\"Revista Rambla\",\"url\":\"https:\\\/\\\/www.revistarambla.com\\\/\",\"logo\":{\"@type\":\"ImageObject\",\"inLanguage\":\"en-GB\",\"@id\":\"https:\\\/\\\/www.revistarambla.com\\\/#\\\/schema\\\/logo\\\/image\\\/\",\"url\":\"https:\\\/\\\/www.revistarambla.com\\\/wp-content\\\/uploads\\\/2020\\\/09\\\/banner_rambla_1900x600_BB.png\",\"contentUrl\":\"https:\\\/\\\/www.revistarambla.com\\\/wp-content\\\/uploads\\\/2020\\\/09\\\/banner_rambla_1900x600_BB.png\",\"width\":1900,\"height\":600,\"caption\":\"Revista Rambla\"},\"image\":{\"@id\":\"https:\\\/\\\/www.revistarambla.com\\\/#\\\/schema\\\/logo\\\/image\\\/\"},\"sameAs\":[\"https:\\\/\\\/www.facebook.com\\\/revistarambla\\\/\",\"https:\\\/\\\/x.com\\\/revistarambla\",\"https:\\\/\\\/www.instagram.com\\\/revista_rambla\",\"https:\\\/\\\/es.linkedin.com\\\/company\\\/revista-rambla\"]},{\"@type\":\"Person\",\"@id\":\"https:\\\/\\\/www.revistarambla.com\\\/#\\\/schema\\\/person\\\/a146a5a2550b94981a75131180e1bd9c\",\"name\":\"R@mbla\",\"description\":\"Este art\u00edculo ha sido redactado y\\\/o validado por el equipo de redacci\u00f3n de Revista Rambla.\",\"sameAs\":[\"https:\\\/\\\/www.revistarambla.com\\\/\",\"https:\\\/\\\/www.facebook.com\\\/revistarambla\",\"https:\\\/\\\/x.com\\\/revistarambla\"]}]}<\/script>\n<!-- \/ Yoast SEO plugin. -->","yoast_head_json":{"title":"Marina Garc\u00eda y su ayuda en la lucha contra el c\u00e1ncer - Revista Rambla","robots":{"index":"index","follow":"follow","max-snippet":"max-snippet:-1","max-image-preview":"max-image-preview:large","max-video-preview":"max-video-preview:-1"},"canonical":"https:\/\/www.revistarambla.com\/en\/marina-garcia-y-su-ayuda-en-la-lucha-contra-el-cancer\/","og_locale":"en_GB","og_type":"article","og_title":"Marina Garc\u00eda y su ayuda en la lucha contra el c\u00e1ncer - Revista Rambla","og_description":"La investigaci\u00f3n contra el c\u00e1ncer siempre ha de ser una prioridad, y cualquier tipo de ayuda siempre es bienvenida. Cada vez son m\u00e1s las empresas que apoyan cualquier tipo de investigaci\u00f3n que lleve a mejorar la calidad de vida de los pacientes o a comenzar a erradicar una enfermedad que [&hellip;]","og_url":"https:\/\/www.revistarambla.com\/en\/marina-garcia-y-su-ayuda-en-la-lucha-contra-el-cancer\/","og_site_name":"Revista Rambla","article_publisher":"https:\/\/www.facebook.com\/revistarambla\/","article_author":"https:\/\/www.facebook.com\/revistarambla","article_published_time":"2021-11-25T11:55:30+00:00","og_image":[{"width":512,"height":342,"url":"https:\/\/www.revistarambla.com\/wp-content\/uploads\/2021\/11\/unnamed-3.jpg","type":"image\/jpeg"}],"author":"R@mbla","twitter_card":"summary_large_image","twitter_creator":"@revistarambla","twitter_site":"@revistarambla","twitter_misc":{"Written by":"R@mbla","Estimated reading time":"4 minutes"},"schema":{"@context":"https:\/\/schema.org","@graph":[{"@type":"Article","@id":"https:\/\/www.revistarambla.com\/marina-garcia-y-su-ayuda-en-la-lucha-contra-el-cancer\/#article","isPartOf":{"@id":"https:\/\/www.revistarambla.com\/marina-garcia-y-su-ayuda-en-la-lucha-contra-el-cancer\/"},"author":{"name":"R@mbla","@id":"https:\/\/www.revistarambla.com\/#\/schema\/person\/a146a5a2550b94981a75131180e1bd9c"},"headline":"Marina Garc\u00eda y su ayuda en la lucha contra el c\u00e1ncer","datePublished":"2021-11-25T11:55:30+00:00","mainEntityOfPage":{"@id":"https:\/\/www.revistarambla.com\/marina-garcia-y-su-ayuda-en-la-lucha-contra-el-cancer\/"},"wordCount":895,"commentCount":0,"publisher":{"@id":"https:\/\/www.revistarambla.com\/#organization"},"image":{"@id":"https:\/\/www.revistarambla.com\/marina-garcia-y-su-ayuda-en-la-lucha-contra-el-cancer\/#primaryimage"},"thumbnailUrl":"https:\/\/www.revistarambla.com\/wp-content\/uploads\/2021\/11\/unnamed-3.jpg","articleSection":["Noticias de la vida"],"inLanguage":"en-GB","potentialAction":[{"@type":"CommentAction","name":"Comment","target":["https:\/\/www.revistarambla.com\/marina-garcia-y-su-ayuda-en-la-lucha-contra-el-cancer\/#respond"]}]},{"@type":"WebPage","@id":"https:\/\/www.revistarambla.com\/marina-garcia-y-su-ayuda-en-la-lucha-contra-el-cancer\/","url":"https:\/\/www.revistarambla.com\/marina-garcia-y-su-ayuda-en-la-lucha-contra-el-cancer\/","name":"Marina Garc\u00eda y su ayuda en la lucha contra el c\u00e1ncer - Revista Rambla","isPartOf":{"@id":"https:\/\/www.revistarambla.com\/#website"},"primaryImageOfPage":{"@id":"https:\/\/www.revistarambla.com\/marina-garcia-y-su-ayuda-en-la-lucha-contra-el-cancer\/#primaryimage"},"image":{"@id":"https:\/\/www.revistarambla.com\/marina-garcia-y-su-ayuda-en-la-lucha-contra-el-cancer\/#primaryimage"},"thumbnailUrl":"https:\/\/www.revistarambla.com\/wp-content\/uploads\/2021\/11\/unnamed-3.jpg","datePublished":"2021-11-25T11:55:30+00:00","breadcrumb":{"@id":"https:\/\/www.revistarambla.com\/marina-garcia-y-su-ayuda-en-la-lucha-contra-el-cancer\/#breadcrumb"},"inLanguage":"en-GB","potentialAction":[{"@type":"ReadAction","target":["https:\/\/www.revistarambla.com\/marina-garcia-y-su-ayuda-en-la-lucha-contra-el-cancer\/"]}]},{"@type":"ImageObject","inLanguage":"en-GB","@id":"https:\/\/www.revistarambla.com\/marina-garcia-y-su-ayuda-en-la-lucha-contra-el-cancer\/#primaryimage","url":"https:\/\/www.revistarambla.com\/wp-content\/uploads\/2021\/11\/unnamed-3.jpg","contentUrl":"https:\/\/www.revistarambla.com\/wp-content\/uploads\/2021\/11\/unnamed-3.jpg","width":512,"height":342},{"@type":"BreadcrumbList","@id":"https:\/\/www.revistarambla.com\/marina-garcia-y-su-ayuda-en-la-lucha-contra-el-cancer\/#breadcrumb","itemListElement":[{"@type":"ListItem","position":1,"name":"Portada","item":"https:\/\/www.revistarambla.com\/"},{"@type":"ListItem","position":2,"name":"Marina Garc\u00eda y su ayuda en la lucha contra el c\u00e1ncer"}]},{"@type":"WebSite","@id":"https:\/\/www.revistarambla.com\/#website","url":"https:\/\/www.revistarambla.com\/","name":"Revista Rambla Barcelona","description":"Periodismo independiente","publisher":{"@id":"https:\/\/www.revistarambla.com\/#organization"},"potentialAction":[{"@type":"SearchAction","target":{"@type":"EntryPoint","urlTemplate":"https:\/\/www.revistarambla.com\/?s={search_term_string}"},"query-input":{"@type":"PropertyValueSpecification","valueRequired":true,"valueName":"search_term_string"}}],"inLanguage":"en-GB"},{"@type":"Organization","@id":"https:\/\/www.revistarambla.com\/#organization","name":"Revista Rambla","url":"https:\/\/www.revistarambla.com\/","logo":{"@type":"ImageObject","inLanguage":"en-GB","@id":"https:\/\/www.revistarambla.com\/#\/schema\/logo\/image\/","url":"https:\/\/www.revistarambla.com\/wp-content\/uploads\/2020\/09\/banner_rambla_1900x600_BB.png","contentUrl":"https:\/\/www.revistarambla.com\/wp-content\/uploads\/2020\/09\/banner_rambla_1900x600_BB.png","width":1900,"height":600,"caption":"Revista Rambla"},"image":{"@id":"https:\/\/www.revistarambla.com\/#\/schema\/logo\/image\/"},"sameAs":["https:\/\/www.facebook.com\/revistarambla\/","https:\/\/x.com\/revistarambla","https:\/\/www.instagram.com\/revista_rambla","https:\/\/es.linkedin.com\/company\/revista-rambla"]},{"@type":"Person","@id":"https:\/\/www.revistarambla.com\/#\/schema\/person\/a146a5a2550b94981a75131180e1bd9c","name":"R@mbla","description":"Este art\u00edculo ha sido redactado y\/o validado por el equipo de redacci\u00f3n de Revista Rambla.","sameAs":["https:\/\/www.revistarambla.com\/","https:\/\/www.facebook.com\/revistarambla","https:\/\/x.com\/revistarambla"]}]}},"_links":{"self":[{"href":"https:\/\/www.revistarambla.com\/en\/wp-json\/wp\/v2\/posts\/36713","targetHints":{"allow":["GET"]}}],"collection":[{"href":"https:\/\/www.revistarambla.com\/en\/wp-json\/wp\/v2\/posts"}],"about":[{"href":"https:\/\/www.revistarambla.com\/en\/wp-json\/wp\/v2\/types\/post"}],"author":[{"embeddable":true,"href":"https:\/\/www.revistarambla.com\/en\/wp-json\/wp\/v2\/users\/3"}],"replies":[{"embeddable":true,"href":"https:\/\/www.revistarambla.com\/en\/wp-json\/wp\/v2\/comments?post=36713"}],"version-history":[{"count":0,"href":"https:\/\/www.revistarambla.com\/en\/wp-json\/wp\/v2\/posts\/36713\/revisions"}],"wp:featuredmedia":[{"embeddable":true,"href":"https:\/\/www.revistarambla.com\/en\/wp-json\/wp\/v2\/media\/36714"}],"wp:attachment":[{"href":"https:\/\/www.revistarambla.com\/en\/wp-json\/wp\/v2\/media?parent=36713"}],"wp:term":[{"taxonomy":"category","embeddable":true,"href":"https:\/\/www.revistarambla.com\/en\/wp-json\/wp\/v2\/categories?post=36713"},{"taxonomy":"post_tag","embeddable":true,"href":"https:\/\/www.revistarambla.com\/en\/wp-json\/wp\/v2\/tags?post=36713"}],"curies":[{"name":"wp","href":"https:\/\/api.w.org\/{rel}","templated":true}]}}