{"id":36708,"date":"2021-11-24T18:12:37","date_gmt":"2021-11-24T17:12:37","guid":{"rendered":"https:\/\/www.revistarambla.com\/?p=36708"},"modified":"2021-12-07T16:07:42","modified_gmt":"2021-12-07T15:07:42","slug":"provocara-la-pandemia-un-nuevo-mayo-del-68-en-europa","status":"publish","type":"post","link":"https:\/\/www.revistarambla.com\/en\/provocara-la-pandemia-un-nuevo-mayo-del-68-en-europa\/","title":{"rendered":"\u00bfProvocar\u00e1 la pandemia un nuevo Mayo del 68 en Europa?"},"content":{"rendered":"<p style=\"text-align: left;\">El actual sistema dominante o establishment de las sociedades occidentales utilizar\u00eda la dictadura invisible del consumismo compulsivo de bienes materiales para anular los ideales del individuo primigenio y transformarlo en un ser acr\u00edtico, miedoso y conformista que pasar\u00e1 a engrosar ineludiblemente las filas de una sociedad homog\u00e9nea, uniforme y f\u00e1cilmente manipulable mediante las t\u00e9cnicas de manipulaci\u00f3n de masas.<\/p>\n<p style=\"text-align: left;\">As\u00ed, el soci\u00f3logo y fil\u00f3sofo alem\u00e1n <strong>Herbert Marcuse<\/strong>, en su libro <em>El hombre Unidimensional<\/em> (1964), explica que \u201cla funci\u00f3n b\u00e1sica de los medios es desarrollar seudonecesidades de bienes y servicios fabricados por las corporaciones gigantes, atando a los individuos al carro del consumo y la pasividad pol\u00edtica\u201d.<\/p>\n<p style=\"text-align: left;\">De ello ser\u00eda paradigma la cruzada para implementar en los pa\u00edses europeos el pasaporte COVID que permite al individuo vacunado disponer de un c\u00f3digo QR que le facilitar\u00e1 el acceso a la vida laboral, cultural y social, pero que llevar\u00eda impl\u00edcito la obligaci\u00f3n de vacunarse y violar\u00eda la sacrosanta libertad individual reconocida por la Constituci\u00f3n.<\/p>\n<p style=\"text-align: left;\">As\u00ed, la propaganda del establishment va dirigida no al sujeto individual sino al Grupo en el que la personalidad del individuo unidimensional se diluye y queda envuelta en retazos de falsas expectativas creadas y anhelos comunes que lo sustenta (la vacuna es la salvaci\u00f3n frente a la pandemia).<\/p>\n<p style=\"text-align: left;\">Sin embargo, la irrupci\u00f3n de la pandemia sanitaria y la posterior recesi\u00f3n econ\u00f3mica que se avecina implementar\u00e1 el estigma de la incertidumbre y la incredulidad en una sociedad inmersa en la cultura del Estado de Bienestar del mundo occidental, derivando posteriormente en un shock traum\u00e1tico al constatarse las limitaciones de unas vacunas no esterilizantes que no evitan el contagio.<\/p>\n<p style=\"text-align: left;\">En consecuencia, los ciudadanos occidentales se ver\u00e1n inmersos en la vacunaci\u00f3n vitalicia al tiempo que estar\u00e1n controlados por el pasaporte COVID para lograr una sociedad plegada a los dictados de los monopolios farmac\u00e9uticos de Pfizer y Moderna, quedando los sectores refractarios a los dictados sanitarios marginados de los circuitos habituales del trabajo, la cultura y el ocio.<\/p>\n<p style=\"text-align: left;\">Sin embargo, gracias a la interactividad que proporcionan las redes sociales de Internet (el llamado Sexto Poder que enlaza y ayuda a la formaci\u00f3n de las identidades modernas), se estar\u00eda rompiendo el end\u00e9mico aislamiento y pasividad del individuo sumiso y acr\u00edtico de las sociedades occidentales (Hombre unidimensional) y estar\u00eda ya surgiendo un nuevo individuo.<\/p>\n<p style=\"text-align: left;\">El nuevo Individuo Multidimensional est\u00e1 reafirmado en una s\u00f3lida conciencia cr\u00edtica, sustentado en valores ca\u00eddos en desuso, pero presentes en nuestro c\u00f3digo at\u00e1vico como la defensa de la sacrosanta libertad individual, la solidaridad y la indignaci\u00f3n colectiva ante la dictadura de las multinacionales farmac\u00e9uticas y estar\u00e1 dispuesto a quebrantar las normas y las leyes impuestas por el sistema dominante (Dictadura sanitaria).<\/p>\n<p style=\"text-align: left;\">Asimismo, dicho Individuo estar\u00eda provocando un tsunami popular de denuncia del actual d\u00e9ficit democr\u00e1tico, social y de valores bajo el lema \u201cprohibido prohibir\u201d y aunado con las revueltas sociales para protestar por la carest\u00eda de la vida, podr\u00eda instaurar un caos constructivo que termine por diluir el opi\u00e1ceo inhibidor de la conciencia cr\u00edtica y que podr\u00eda desembocar en un nuevo <a href=\"https:\/\/www.revistarambla.com\/en\/mayo-del-68-la-revolucion-que-casi-fue\/\">Mayo del 68<\/a>.<\/p>","protected":false},"excerpt":{"rendered":"<p>El actual sistema dominante o establishment de las sociedades occidentales utilizar\u00eda la dictadura invisible del consumismo compulsivo de bienes materiales para anular los ideales del individuo primigenio y transformarlo en un ser acr\u00edtico, miedoso y conformista que pasar\u00e1 a engrosar ineludiblemente las filas de una sociedad homog\u00e9nea, uniforme y f\u00e1cilmente [&hellip;]<\/p>\n","protected":false},"author":16,"featured_media":36709,"comment_status":"open","ping_status":"open","sticky":false,"template":"","format":"standard","meta":{"footnotes":""},"categories":[72],"tags":[],"class_list":["post-36708","post","type-post","status-publish","format-standard","has-post-thumbnail","hentry","category-opinion"],"yoast_head":"<!-- This site is optimized with the Yoast SEO plugin v27.5 - https:\/\/yoast.com\/product\/yoast-seo-wordpress\/ -->\n<title>\u00bfProvocar\u00e1 la pandemia un nuevo Mayo del 68 en Europa? - Revista Rambla<\/title>\n<meta name=\"robots\" content=\"index, follow, max-snippet:-1, max-image-preview:large, max-video-preview:-1\" \/>\n<link rel=\"canonical\" href=\"https:\/\/www.revistarambla.com\/en\/provocara-la-pandemia-un-nuevo-mayo-del-68-en-europa\/\" \/>\n<meta property=\"og:locale\" content=\"en_GB\" \/>\n<meta property=\"og:type\" content=\"article\" \/>\n<meta property=\"og:title\" content=\"\u00bfProvocar\u00e1 la pandemia un nuevo Mayo del 68 en Europa? - Revista Rambla\" \/>\n<meta property=\"og:description\" content=\"El actual sistema dominante o establishment de las sociedades occidentales utilizar\u00eda la dictadura invisible del consumismo compulsivo de bienes materiales para anular los ideales del individuo primigenio y transformarlo en un ser acr\u00edtico, miedoso y conformista que pasar\u00e1 a engrosar ineludiblemente las filas de una sociedad homog\u00e9nea, uniforme y f\u00e1cilmente [&hellip;]\" \/>\n<meta property=\"og:url\" content=\"https:\/\/www.revistarambla.com\/en\/provocara-la-pandemia-un-nuevo-mayo-del-68-en-europa\/\" \/>\n<meta property=\"og:site_name\" content=\"Revista Rambla\" \/>\n<meta property=\"article:publisher\" content=\"https:\/\/www.facebook.com\/revistarambla\/\" \/>\n<meta property=\"article:published_time\" content=\"2021-11-24T17:12:37+00:00\" \/>\n<meta property=\"article:modified_time\" content=\"2021-12-07T15:07:42+00:00\" \/>\n<meta property=\"og:image\" content=\"https:\/\/www.revistarambla.com\/wp-content\/uploads\/2021\/11\/MAYO-68.jpg\" \/>\n\t<meta property=\"og:image:width\" content=\"600\" \/>\n\t<meta property=\"og:image:height\" content=\"300\" \/>\n\t<meta property=\"og:image:type\" content=\"image\/jpeg\" \/>\n<meta name=\"author\" content=\"Germ\u00e1n Gorraiz L\u00f3pez\" \/>\n<meta name=\"twitter:card\" content=\"summary_large_image\" \/>\n<meta name=\"twitter:creator\" content=\"@revistarambla\" \/>\n<meta name=\"twitter:site\" content=\"@revistarambla\" \/>\n<meta name=\"twitter:label1\" content=\"Written by\" \/>\n\t<meta name=\"twitter:data1\" content=\"Germ\u00e1n Gorraiz L\u00f3pez\" \/>\n\t<meta name=\"twitter:label2\" content=\"Estimated reading time\" \/>\n\t<meta name=\"twitter:data2\" content=\"3 minutes\" \/>\n<script type=\"application\/ld+json\" class=\"yoast-schema-graph\">{\"@context\":\"https:\\\/\\\/schema.org\",\"@graph\":[{\"@type\":\"Article\",\"@id\":\"https:\\\/\\\/www.revistarambla.com\\\/provocara-la-pandemia-un-nuevo-mayo-del-68-en-europa\\\/#article\",\"isPartOf\":{\"@id\":\"https:\\\/\\\/www.revistarambla.com\\\/provocara-la-pandemia-un-nuevo-mayo-del-68-en-europa\\\/\"},\"author\":{\"name\":\"Germ\u00e1n Gorraiz L\u00f3pez\",\"@id\":\"https:\\\/\\\/www.revistarambla.com\\\/#\\\/schema\\\/person\\\/23a7868ff10cd88f8fdb045c7b7e4a4d\"},\"headline\":\"\u00bfProvocar\u00e1 la pandemia un nuevo Mayo del 68 en Europa?\",\"datePublished\":\"2021-11-24T17:12:37+00:00\",\"dateModified\":\"2021-12-07T15:07:42+00:00\",\"mainEntityOfPage\":{\"@id\":\"https:\\\/\\\/www.revistarambla.com\\\/provocara-la-pandemia-un-nuevo-mayo-del-68-en-europa\\\/\"},\"wordCount\":558,\"commentCount\":0,\"publisher\":{\"@id\":\"https:\\\/\\\/www.revistarambla.com\\\/#organization\"},\"image\":{\"@id\":\"https:\\\/\\\/www.revistarambla.com\\\/provocara-la-pandemia-un-nuevo-mayo-del-68-en-europa\\\/#primaryimage\"},\"thumbnailUrl\":\"https:\\\/\\\/www.revistarambla.com\\\/wp-content\\\/uploads\\\/2021\\\/11\\\/MAYO-68.jpg\",\"articleSection\":[\"Opiniones\"],\"inLanguage\":\"en-GB\",\"potentialAction\":[{\"@type\":\"CommentAction\",\"name\":\"Comment\",\"target\":[\"https:\\\/\\\/www.revistarambla.com\\\/provocara-la-pandemia-un-nuevo-mayo-del-68-en-europa\\\/#respond\"]}]},{\"@type\":\"WebPage\",\"@id\":\"https:\\\/\\\/www.revistarambla.com\\\/provocara-la-pandemia-un-nuevo-mayo-del-68-en-europa\\\/\",\"url\":\"https:\\\/\\\/www.revistarambla.com\\\/provocara-la-pandemia-un-nuevo-mayo-del-68-en-europa\\\/\",\"name\":\"\u00bfProvocar\u00e1 la pandemia un nuevo Mayo del 68 en Europa? - Revista Rambla\",\"isPartOf\":{\"@id\":\"https:\\\/\\\/www.revistarambla.com\\\/#website\"},\"primaryImageOfPage\":{\"@id\":\"https:\\\/\\\/www.revistarambla.com\\\/provocara-la-pandemia-un-nuevo-mayo-del-68-en-europa\\\/#primaryimage\"},\"image\":{\"@id\":\"https:\\\/\\\/www.revistarambla.com\\\/provocara-la-pandemia-un-nuevo-mayo-del-68-en-europa\\\/#primaryimage\"},\"thumbnailUrl\":\"https:\\\/\\\/www.revistarambla.com\\\/wp-content\\\/uploads\\\/2021\\\/11\\\/MAYO-68.jpg\",\"datePublished\":\"2021-11-24T17:12:37+00:00\",\"dateModified\":\"2021-12-07T15:07:42+00:00\",\"breadcrumb\":{\"@id\":\"https:\\\/\\\/www.revistarambla.com\\\/provocara-la-pandemia-un-nuevo-mayo-del-68-en-europa\\\/#breadcrumb\"},\"inLanguage\":\"en-GB\",\"potentialAction\":[{\"@type\":\"ReadAction\",\"target\":[\"https:\\\/\\\/www.revistarambla.com\\\/provocara-la-pandemia-un-nuevo-mayo-del-68-en-europa\\\/\"]}]},{\"@type\":\"ImageObject\",\"inLanguage\":\"en-GB\",\"@id\":\"https:\\\/\\\/www.revistarambla.com\\\/provocara-la-pandemia-un-nuevo-mayo-del-68-en-europa\\\/#primaryimage\",\"url\":\"https:\\\/\\\/www.revistarambla.com\\\/wp-content\\\/uploads\\\/2021\\\/11\\\/MAYO-68.jpg\",\"contentUrl\":\"https:\\\/\\\/www.revistarambla.com\\\/wp-content\\\/uploads\\\/2021\\\/11\\\/MAYO-68.jpg\",\"width\":600,\"height\":300},{\"@type\":\"BreadcrumbList\",\"@id\":\"https:\\\/\\\/www.revistarambla.com\\\/provocara-la-pandemia-un-nuevo-mayo-del-68-en-europa\\\/#breadcrumb\",\"itemListElement\":[{\"@type\":\"ListItem\",\"position\":1,\"name\":\"Portada\",\"item\":\"https:\\\/\\\/www.revistarambla.com\\\/\"},{\"@type\":\"ListItem\",\"position\":2,\"name\":\"\u00bfProvocar\u00e1 la pandemia un nuevo Mayo del 68 en Europa?\"}]},{\"@type\":\"WebSite\",\"@id\":\"https:\\\/\\\/www.revistarambla.com\\\/#website\",\"url\":\"https:\\\/\\\/www.revistarambla.com\\\/\",\"name\":\"Revista Rambla Barcelona\",\"description\":\"Periodismo independiente\",\"publisher\":{\"@id\":\"https:\\\/\\\/www.revistarambla.com\\\/#organization\"},\"potentialAction\":[{\"@type\":\"SearchAction\",\"target\":{\"@type\":\"EntryPoint\",\"urlTemplate\":\"https:\\\/\\\/www.revistarambla.com\\\/?s={search_term_string}\"},\"query-input\":{\"@type\":\"PropertyValueSpecification\",\"valueRequired\":true,\"valueName\":\"search_term_string\"}}],\"inLanguage\":\"en-GB\"},{\"@type\":\"Organization\",\"@id\":\"https:\\\/\\\/www.revistarambla.com\\\/#organization\",\"name\":\"Revista Rambla\",\"url\":\"https:\\\/\\\/www.revistarambla.com\\\/\",\"logo\":{\"@type\":\"ImageObject\",\"inLanguage\":\"en-GB\",\"@id\":\"https:\\\/\\\/www.revistarambla.com\\\/#\\\/schema\\\/logo\\\/image\\\/\",\"url\":\"https:\\\/\\\/www.revistarambla.com\\\/wp-content\\\/uploads\\\/2020\\\/09\\\/banner_rambla_1900x600_BB.png\",\"contentUrl\":\"https:\\\/\\\/www.revistarambla.com\\\/wp-content\\\/uploads\\\/2020\\\/09\\\/banner_rambla_1900x600_BB.png\",\"width\":1900,\"height\":600,\"caption\":\"Revista Rambla\"},\"image\":{\"@id\":\"https:\\\/\\\/www.revistarambla.com\\\/#\\\/schema\\\/logo\\\/image\\\/\"},\"sameAs\":[\"https:\\\/\\\/www.facebook.com\\\/revistarambla\\\/\",\"https:\\\/\\\/x.com\\\/revistarambla\",\"https:\\\/\\\/www.instagram.com\\\/revista_rambla\",\"https:\\\/\\\/es.linkedin.com\\\/company\\\/revista-rambla\"]},{\"@type\":\"Person\",\"@id\":\"https:\\\/\\\/www.revistarambla.com\\\/#\\\/schema\\\/person\\\/23a7868ff10cd88f8fdb045c7b7e4a4d\",\"name\":\"Germ\u00e1n Gorraiz L\u00f3pez\",\"description\":\"Nacido en Navarra en 1957. Escribe an\u00e1lisis sobre temas econ\u00f3micos y geopol\u00edticos. Es miembro de Attac-Navarra. Colabora habitualmente en varios medios digitales e impresos espa\u00f1oles y latinoamericanos.\"}]}<\/script>\n<!-- \/ Yoast SEO plugin. -->","yoast_head_json":{"title":"\u00bfProvocar\u00e1 la pandemia un nuevo Mayo del 68 en Europa? - Revista Rambla","robots":{"index":"index","follow":"follow","max-snippet":"max-snippet:-1","max-image-preview":"max-image-preview:large","max-video-preview":"max-video-preview:-1"},"canonical":"https:\/\/www.revistarambla.com\/en\/provocara-la-pandemia-un-nuevo-mayo-del-68-en-europa\/","og_locale":"en_GB","og_type":"article","og_title":"\u00bfProvocar\u00e1 la pandemia un nuevo Mayo del 68 en Europa? - Revista Rambla","og_description":"El actual sistema dominante o establishment de las sociedades occidentales utilizar\u00eda la dictadura invisible del consumismo compulsivo de bienes materiales para anular los ideales del individuo primigenio y transformarlo en un ser acr\u00edtico, miedoso y conformista que pasar\u00e1 a engrosar ineludiblemente las filas de una sociedad homog\u00e9nea, uniforme y f\u00e1cilmente [&hellip;]","og_url":"https:\/\/www.revistarambla.com\/en\/provocara-la-pandemia-un-nuevo-mayo-del-68-en-europa\/","og_site_name":"Revista Rambla","article_publisher":"https:\/\/www.facebook.com\/revistarambla\/","article_published_time":"2021-11-24T17:12:37+00:00","article_modified_time":"2021-12-07T15:07:42+00:00","og_image":[{"width":600,"height":300,"url":"https:\/\/www.revistarambla.com\/wp-content\/uploads\/2021\/11\/MAYO-68.jpg","type":"image\/jpeg"}],"author":"Germ\u00e1n Gorraiz L\u00f3pez","twitter_card":"summary_large_image","twitter_creator":"@revistarambla","twitter_site":"@revistarambla","twitter_misc":{"Written by":"Germ\u00e1n Gorraiz L\u00f3pez","Estimated reading time":"3 minutes"},"schema":{"@context":"https:\/\/schema.org","@graph":[{"@type":"Article","@id":"https:\/\/www.revistarambla.com\/provocara-la-pandemia-un-nuevo-mayo-del-68-en-europa\/#article","isPartOf":{"@id":"https:\/\/www.revistarambla.com\/provocara-la-pandemia-un-nuevo-mayo-del-68-en-europa\/"},"author":{"name":"Germ\u00e1n Gorraiz L\u00f3pez","@id":"https:\/\/www.revistarambla.com\/#\/schema\/person\/23a7868ff10cd88f8fdb045c7b7e4a4d"},"headline":"\u00bfProvocar\u00e1 la pandemia un nuevo Mayo del 68 en Europa?","datePublished":"2021-11-24T17:12:37+00:00","dateModified":"2021-12-07T15:07:42+00:00","mainEntityOfPage":{"@id":"https:\/\/www.revistarambla.com\/provocara-la-pandemia-un-nuevo-mayo-del-68-en-europa\/"},"wordCount":558,"commentCount":0,"publisher":{"@id":"https:\/\/www.revistarambla.com\/#organization"},"image":{"@id":"https:\/\/www.revistarambla.com\/provocara-la-pandemia-un-nuevo-mayo-del-68-en-europa\/#primaryimage"},"thumbnailUrl":"https:\/\/www.revistarambla.com\/wp-content\/uploads\/2021\/11\/MAYO-68.jpg","articleSection":["Opiniones"],"inLanguage":"en-GB","potentialAction":[{"@type":"CommentAction","name":"Comment","target":["https:\/\/www.revistarambla.com\/provocara-la-pandemia-un-nuevo-mayo-del-68-en-europa\/#respond"]}]},{"@type":"WebPage","@id":"https:\/\/www.revistarambla.com\/provocara-la-pandemia-un-nuevo-mayo-del-68-en-europa\/","url":"https:\/\/www.revistarambla.com\/provocara-la-pandemia-un-nuevo-mayo-del-68-en-europa\/","name":"\u00bfProvocar\u00e1 la pandemia un nuevo Mayo del 68 en Europa? - Revista Rambla","isPartOf":{"@id":"https:\/\/www.revistarambla.com\/#website"},"primaryImageOfPage":{"@id":"https:\/\/www.revistarambla.com\/provocara-la-pandemia-un-nuevo-mayo-del-68-en-europa\/#primaryimage"},"image":{"@id":"https:\/\/www.revistarambla.com\/provocara-la-pandemia-un-nuevo-mayo-del-68-en-europa\/#primaryimage"},"thumbnailUrl":"https:\/\/www.revistarambla.com\/wp-content\/uploads\/2021\/11\/MAYO-68.jpg","datePublished":"2021-11-24T17:12:37+00:00","dateModified":"2021-12-07T15:07:42+00:00","breadcrumb":{"@id":"https:\/\/www.revistarambla.com\/provocara-la-pandemia-un-nuevo-mayo-del-68-en-europa\/#breadcrumb"},"inLanguage":"en-GB","potentialAction":[{"@type":"ReadAction","target":["https:\/\/www.revistarambla.com\/provocara-la-pandemia-un-nuevo-mayo-del-68-en-europa\/"]}]},{"@type":"ImageObject","inLanguage":"en-GB","@id":"https:\/\/www.revistarambla.com\/provocara-la-pandemia-un-nuevo-mayo-del-68-en-europa\/#primaryimage","url":"https:\/\/www.revistarambla.com\/wp-content\/uploads\/2021\/11\/MAYO-68.jpg","contentUrl":"https:\/\/www.revistarambla.com\/wp-content\/uploads\/2021\/11\/MAYO-68.jpg","width":600,"height":300},{"@type":"BreadcrumbList","@id":"https:\/\/www.revistarambla.com\/provocara-la-pandemia-un-nuevo-mayo-del-68-en-europa\/#breadcrumb","itemListElement":[{"@type":"ListItem","position":1,"name":"Portada","item":"https:\/\/www.revistarambla.com\/"},{"@type":"ListItem","position":2,"name":"\u00bfProvocar\u00e1 la pandemia un nuevo Mayo del 68 en Europa?"}]},{"@type":"WebSite","@id":"https:\/\/www.revistarambla.com\/#website","url":"https:\/\/www.revistarambla.com\/","name":"Revista Rambla Barcelona","description":"Periodismo independiente","publisher":{"@id":"https:\/\/www.revistarambla.com\/#organization"},"potentialAction":[{"@type":"SearchAction","target":{"@type":"EntryPoint","urlTemplate":"https:\/\/www.revistarambla.com\/?s={search_term_string}"},"query-input":{"@type":"PropertyValueSpecification","valueRequired":true,"valueName":"search_term_string"}}],"inLanguage":"en-GB"},{"@type":"Organization","@id":"https:\/\/www.revistarambla.com\/#organization","name":"Revista Rambla","url":"https:\/\/www.revistarambla.com\/","logo":{"@type":"ImageObject","inLanguage":"en-GB","@id":"https:\/\/www.revistarambla.com\/#\/schema\/logo\/image\/","url":"https:\/\/www.revistarambla.com\/wp-content\/uploads\/2020\/09\/banner_rambla_1900x600_BB.png","contentUrl":"https:\/\/www.revistarambla.com\/wp-content\/uploads\/2020\/09\/banner_rambla_1900x600_BB.png","width":1900,"height":600,"caption":"Revista Rambla"},"image":{"@id":"https:\/\/www.revistarambla.com\/#\/schema\/logo\/image\/"},"sameAs":["https:\/\/www.facebook.com\/revistarambla\/","https:\/\/x.com\/revistarambla","https:\/\/www.instagram.com\/revista_rambla","https:\/\/es.linkedin.com\/company\/revista-rambla"]},{"@type":"Person","@id":"https:\/\/www.revistarambla.com\/#\/schema\/person\/23a7868ff10cd88f8fdb045c7b7e4a4d","name":"Germ\u00e1n Gorraiz L\u00f3pez","description":"Nacido en Navarra en 1957. Escribe an\u00e1lisis sobre temas econ\u00f3micos y geopol\u00edticos. Es miembro de Attac-Navarra. Colabora habitualmente en varios medios digitales e impresos espa\u00f1oles y latinoamericanos."}]}},"_links":{"self":[{"href":"https:\/\/www.revistarambla.com\/en\/wp-json\/wp\/v2\/posts\/36708","targetHints":{"allow":["GET"]}}],"collection":[{"href":"https:\/\/www.revistarambla.com\/en\/wp-json\/wp\/v2\/posts"}],"about":[{"href":"https:\/\/www.revistarambla.com\/en\/wp-json\/wp\/v2\/types\/post"}],"author":[{"embeddable":true,"href":"https:\/\/www.revistarambla.com\/en\/wp-json\/wp\/v2\/users\/16"}],"replies":[{"embeddable":true,"href":"https:\/\/www.revistarambla.com\/en\/wp-json\/wp\/v2\/comments?post=36708"}],"version-history":[{"count":0,"href":"https:\/\/www.revistarambla.com\/en\/wp-json\/wp\/v2\/posts\/36708\/revisions"}],"wp:featuredmedia":[{"embeddable":true,"href":"https:\/\/www.revistarambla.com\/en\/wp-json\/wp\/v2\/media\/36709"}],"wp:attachment":[{"href":"https:\/\/www.revistarambla.com\/en\/wp-json\/wp\/v2\/media?parent=36708"}],"wp:term":[{"taxonomy":"category","embeddable":true,"href":"https:\/\/www.revistarambla.com\/en\/wp-json\/wp\/v2\/categories?post=36708"},{"taxonomy":"post_tag","embeddable":true,"href":"https:\/\/www.revistarambla.com\/en\/wp-json\/wp\/v2\/tags?post=36708"}],"curies":[{"name":"wp","href":"https:\/\/api.w.org\/{rel}","templated":true}]}}