{"id":36501,"date":"2021-11-17T15:53:56","date_gmt":"2021-11-17T14:53:56","guid":{"rendered":"https:\/\/www.revistarambla.com\/?p=36501"},"modified":"2024-05-12T19:17:33","modified_gmt":"2024-05-12T17:17:33","slug":"valentino-rossi-la-historia-de-una-leyenda-increible","status":"publish","type":"post","link":"https:\/\/www.revistarambla.com\/en\/valentino-rossi-la-historia-de-una-leyenda-increible\/","title":{"rendered":"Valentino Rossi: la historia de una leyenda incre\u00edble"},"content":{"rendered":"<p>El nuevo informe, redactado por el periodista venezolano <a href=\"https:\/\/tomaseliasgonzalezbenitezvenezuela.com\/valentino-rossi-la-historia-de-una-leyenda-increible\/\" rel=\"nofollow\">Tom\u00e1s El\u00edas Gonz\u00e1lez Ben\u00edtez<\/a><i>, <\/i>analiza la trayectoria de Valentino Rossi, la leyenda deportiva, que incrementa su historia al retirarse del motociclismo.<\/p>\n<p>Nueve Campeonatos del Mundo ganados en cuatro categor\u00edas diferentes: uno en la clase 125, uno en la 250 y uno en la 500. Esta clase luego dio lugar a MotoGP, donde Rossi se convirti\u00f3 en el rey absoluto. Seis t\u00edtulos mundiales, cinco seguidos, de 2001 a 2005.<\/p>\n<h2>Su carrera en las categor\u00edas 125 y 250<\/h2>\n<p>Rossi debut\u00f3 en el Campeonato del Mundo en la clase 125, en 1996. El primer <i>podium <\/i>lleg\u00f3 en Austria, el 4 de agosto, y su primera victoria un par de semanas despu\u00e9s, en Brno.<\/p>\n<p>La moto de Rossi es una Aprilia \u2018privada\u2019 pero, en 1197, lo ascienden al equipo de f\u00e1brica, donde gana el t\u00edtulo.<\/p>\n<p>Como campe\u00f3n del mundo, Vale salta inmediatamente a 250. En su primer a\u00f1o, en 1998, concluye en el segundo lugar de la clasificaci\u00f3n, detr\u00e1s de Capirossi. Un a\u00f1o despu\u00e9s, en 1999, gan\u00f3 el Campeonato del Mundo.<\/p>\n<h2>Su trayectoria en 500 y Moto GP<\/h2>\n<p>Es al final de esta temporada cuando Rossi aterriza en la categor\u00eda reina, y lo hace en una de las motos m\u00e1s fuertes de la historia.<\/p>\n<p>La despedida de Aprilia coincide con el abrazo a Honda. En 2000, la temporada comienza cuesta arriba, pero Valentino a\u00fan se lleva a casa dos GP (Gran Breta\u00f1a y <a href=\"https:\/\/www.revistarambla.com\/en\/racismo-en-brasil-contra-de-jovenes-negros\/\">Brasil<\/a>) y termina en segundo lugar.<\/p>\n<p>Al igual que en la categor\u00eda 250, con su Honda de f\u00e1brica, Rossi gana su primer t\u00edtulo de MotoGP, comenzando la fant\u00e1stica serie de triunfos mundiales.<\/p>\n<p>Temporada 2002: a pesar de la dif\u00edcil relaci\u00f3n con Honda, Vale vence a todos al sumar 11 victorias y 4 segundos lugares.<\/p>\n<p>Misma pel\u00edcula en el Campeonato del Mundo de 2003, pero al final de la temporada los caminos entre Honda y Rossi se separan.<\/p>\n<p>Valentino busca nuevas motivaciones y sobre todo un ambiente m\u00e1s acogedor.<\/p>\n<h2>Yamaha<\/h2>\n<p>Rossi llega a Yamaha y se siente como en casa. El debut en Sud\u00e1frica es un escalofr\u00edo en la espalda de todos los aficionados. Vale gana y llora. El Campeonato es suyo.<\/p>\n<p>Igualmente, en 2005. La mala suerte mancha el camino de Valentino en MotoGP 2006. Una ca\u00edda en <a href=\"https:\/\/www.revistarambla.com\/en\/valencia-y-las-ballenas-podridas\/\">Valencia<\/a> le impide competir por el t\u00edtulo. Termin\u00f3 13\u2019 y el Campe\u00f3n del Mundo fue Hayden.<\/p>\n<p>Los dos \u00faltimos t\u00edtulos llegan en 2008 y 2009, mientras que la temporada 2010 es la marcada por la grav\u00edsima lesi\u00f3n que sufri\u00f3 en Mugello, durante las pruebas: doble fractura en la pierna y cirug\u00eda.<\/p>\n<p>La parada le cuesta el sprint al Mundial, pero Rossi a\u00fan realiza el milagro de volver a la pista, apenas un mes y 10 d\u00edas despu\u00e9s del quir\u00f3fano.<\/p>\n<p>Las siguientes dos temporadas, correr\u00eda con Ducati, donde no consigui\u00f3 ning\u00fan t\u00edtulo, y, adem\u00e1s, sufri\u00f3 la p\u00e9rdida de su amigo Simoncelli.<\/p>\n<h2>El regreso a Yamaha<\/h2>\n<p>El regreso a Yamaha es en 2013, pero el poder abrumador de Honda y M\u00e1rquez hace que las ambiciones de Valentino retrocedan.<\/p>\n<p>En 2015, perdi\u00f3 el Mundial por el choque con el propio M\u00e1rquez. La amistad entre los dos acaba en Malasia tras un cuerpo a cuerpo en la pista. Rossi entra en contacto con M\u00e1rquez en un peligroso adelantamiento. La maniobra se considera incorrecta y, por tanto, debe ser sancionada. El castigo para Vale ser\u00e1 la salida desde la \u00faltima posici\u00f3n en Valencia, en el \u00faltimo GP de la temporada. Imposible alcanzar los siete puntos de diferencia con Lorenzo, que se convierte en Campe\u00f3n del Mundo.<\/p>\n<p>En 2016, Valentino apunta directo al Mundial (el n\u00famero 10 de su carrera), pero la determinaci\u00f3n y el optimismo no son suficientes, como s\u00ed lo es la continuidad de resultados que, en cualquier caso, coincide con solo dos victorias.<\/p>\n<p>Rossi es segundo y en 2017 comienza la fase m\u00e1s complicada de resultados de su carrera.<\/p>\n<p>El 25 de junio, en Holanda, Vale gana un GP espectacular y sube al podio como un ni\u00f1o. Un chico de 38 a\u00f1os y 129 d\u00edas, o el piloto \u2018m\u00e1s viejo\u2019 de la historia en ganar una carrera de MotoGP. Este es el \u00faltimo flash ganador de Rossi.<\/p>\n<p>La Yamaha ya no es la moto que podr\u00eda acercarle a su sue\u00f1o y sobre todo sufre por la fuerza de Honda, el relanzamiento de Ducati y la sorpresa de Suzuki, campeona del mundo en el a\u00f1o de la <a href=\"https:\/\/www.revistarambla.com\/en\/libertad-de-expresion-y-responsabilidad-social-en-tiempos-de-pandemia\/\">pandemia<\/a>, 2020.<\/p>\n<p>En 2021, Rossi pasa del equipo oficial Yamaha al equipo sat\u00e9lite Petronas. Los resultados no llegan y las perspectivas se tornan sombr\u00edas inmediatamente despu\u00e9s del inicio de la temporada.<\/p>\n<p>Una vez despedido del mundo del motociclismo, todo parece indicar que el futuro de Rossi est\u00e1 en los coches.<\/p>","protected":false},"excerpt":{"rendered":"<p>El nuevo informe, redactado por el periodista venezolano Tom\u00e1s El\u00edas Gonz\u00e1lez Ben\u00edtez, analiza la trayectoria de Valentino Rossi, la leyenda deportiva, que incrementa su historia al retirarse del motociclismo. Nueve Campeonatos del Mundo ganados en cuatro categor\u00edas diferentes: uno en la clase 125, uno en la 250 y uno en [&hellip;]<\/p>\n","protected":false},"author":3,"featured_media":36502,"comment_status":"open","ping_status":"open","sticky":false,"template":"","format":"standard","meta":{"footnotes":""},"categories":[3790],"tags":[],"class_list":["post-36501","post","type-post","status-publish","format-standard","has-post-thumbnail","hentry","category-otras-noticias"],"yoast_head":"<!-- This site is optimized with the Yoast SEO plugin v27.5 - https:\/\/yoast.com\/product\/yoast-seo-wordpress\/ -->\n<title>Valentino Rossi: la historia de una leyenda incre\u00edble - Revista Rambla<\/title>\n<meta name=\"description\" content=\"Analizamos la trayectoria de Valentino Rossi, la leyenda deportiva, que incrementa su historia al retirarse del motociclismo.\" \/>\n<meta name=\"robots\" content=\"index, follow, max-snippet:-1, max-image-preview:large, max-video-preview:-1\" \/>\n<link rel=\"canonical\" href=\"https:\/\/www.revistarambla.com\/en\/valentino-rossi-la-historia-de-una-leyenda-increible\/\" \/>\n<meta property=\"og:locale\" content=\"en_GB\" \/>\n<meta property=\"og:type\" content=\"article\" \/>\n<meta property=\"og:title\" content=\"Valentino Rossi: la historia de una leyenda incre\u00edble - Revista Rambla\" \/>\n<meta property=\"og:description\" content=\"Analizamos la trayectoria de Valentino Rossi, la leyenda deportiva, que incrementa su historia al retirarse del motociclismo.\" \/>\n<meta property=\"og:url\" content=\"https:\/\/www.revistarambla.com\/en\/valentino-rossi-la-historia-de-una-leyenda-increible\/\" \/>\n<meta property=\"og:site_name\" content=\"Revista Rambla\" \/>\n<meta property=\"article:publisher\" content=\"https:\/\/www.facebook.com\/revistarambla\/\" \/>\n<meta property=\"article:author\" content=\"https:\/\/www.facebook.com\/revistarambla\" \/>\n<meta property=\"article:published_time\" content=\"2021-11-17T14:53:56+00:00\" \/>\n<meta property=\"article:modified_time\" content=\"2024-05-12T17:17:33+00:00\" \/>\n<meta property=\"og:image\" content=\"https:\/\/www.revistarambla.com\/wp-content\/uploads\/2021\/11\/unnamed-2.jpg\" \/>\n\t<meta property=\"og:image:width\" content=\"512\" \/>\n\t<meta property=\"og:image:height\" content=\"327\" \/>\n\t<meta property=\"og:image:type\" content=\"image\/jpeg\" \/>\n<meta name=\"author\" content=\"R@mbla\" \/>\n<meta name=\"twitter:card\" content=\"summary_large_image\" \/>\n<meta name=\"twitter:creator\" content=\"@revistarambla\" \/>\n<meta name=\"twitter:site\" content=\"@revistarambla\" \/>\n<meta name=\"twitter:label1\" content=\"Written by\" \/>\n\t<meta name=\"twitter:data1\" content=\"R@mbla\" \/>\n\t<meta name=\"twitter:label2\" content=\"Estimated reading time\" \/>\n\t<meta name=\"twitter:data2\" content=\"4 minutes\" \/>\n<script type=\"application\/ld+json\" class=\"yoast-schema-graph\">{\"@context\":\"https:\\\/\\\/schema.org\",\"@graph\":[{\"@type\":\"Article\",\"@id\":\"https:\\\/\\\/www.revistarambla.com\\\/valentino-rossi-la-historia-de-una-leyenda-increible\\\/#article\",\"isPartOf\":{\"@id\":\"https:\\\/\\\/www.revistarambla.com\\\/valentino-rossi-la-historia-de-una-leyenda-increible\\\/\"},\"author\":{\"name\":\"R@mbla\",\"@id\":\"https:\\\/\\\/www.revistarambla.com\\\/#\\\/schema\\\/person\\\/a146a5a2550b94981a75131180e1bd9c\"},\"headline\":\"Valentino Rossi: la historia de una leyenda incre\u00edble\",\"datePublished\":\"2021-11-17T14:53:56+00:00\",\"dateModified\":\"2024-05-12T17:17:33+00:00\",\"mainEntityOfPage\":{\"@id\":\"https:\\\/\\\/www.revistarambla.com\\\/valentino-rossi-la-historia-de-una-leyenda-increible\\\/\"},\"wordCount\":813,\"commentCount\":0,\"publisher\":{\"@id\":\"https:\\\/\\\/www.revistarambla.com\\\/#organization\"},\"image\":{\"@id\":\"https:\\\/\\\/www.revistarambla.com\\\/valentino-rossi-la-historia-de-una-leyenda-increible\\\/#primaryimage\"},\"thumbnailUrl\":\"https:\\\/\\\/www.revistarambla.com\\\/wp-content\\\/uploads\\\/2021\\\/11\\\/unnamed-2.jpg\",\"articleSection\":[\"Otras Noticias\"],\"inLanguage\":\"en-GB\",\"potentialAction\":[{\"@type\":\"CommentAction\",\"name\":\"Comment\",\"target\":[\"https:\\\/\\\/www.revistarambla.com\\\/valentino-rossi-la-historia-de-una-leyenda-increible\\\/#respond\"]}]},{\"@type\":\"WebPage\",\"@id\":\"https:\\\/\\\/www.revistarambla.com\\\/valentino-rossi-la-historia-de-una-leyenda-increible\\\/\",\"url\":\"https:\\\/\\\/www.revistarambla.com\\\/valentino-rossi-la-historia-de-una-leyenda-increible\\\/\",\"name\":\"Valentino Rossi: la historia de una leyenda incre\u00edble - Revista Rambla\",\"isPartOf\":{\"@id\":\"https:\\\/\\\/www.revistarambla.com\\\/#website\"},\"primaryImageOfPage\":{\"@id\":\"https:\\\/\\\/www.revistarambla.com\\\/valentino-rossi-la-historia-de-una-leyenda-increible\\\/#primaryimage\"},\"image\":{\"@id\":\"https:\\\/\\\/www.revistarambla.com\\\/valentino-rossi-la-historia-de-una-leyenda-increible\\\/#primaryimage\"},\"thumbnailUrl\":\"https:\\\/\\\/www.revistarambla.com\\\/wp-content\\\/uploads\\\/2021\\\/11\\\/unnamed-2.jpg\",\"datePublished\":\"2021-11-17T14:53:56+00:00\",\"dateModified\":\"2024-05-12T17:17:33+00:00\",\"description\":\"Analizamos la trayectoria de Valentino Rossi, la leyenda deportiva, que incrementa su historia al retirarse del motociclismo.\",\"breadcrumb\":{\"@id\":\"https:\\\/\\\/www.revistarambla.com\\\/valentino-rossi-la-historia-de-una-leyenda-increible\\\/#breadcrumb\"},\"inLanguage\":\"en-GB\",\"potentialAction\":[{\"@type\":\"ReadAction\",\"target\":[\"https:\\\/\\\/www.revistarambla.com\\\/valentino-rossi-la-historia-de-una-leyenda-increible\\\/\"]}]},{\"@type\":\"ImageObject\",\"inLanguage\":\"en-GB\",\"@id\":\"https:\\\/\\\/www.revistarambla.com\\\/valentino-rossi-la-historia-de-una-leyenda-increible\\\/#primaryimage\",\"url\":\"https:\\\/\\\/www.revistarambla.com\\\/wp-content\\\/uploads\\\/2021\\\/11\\\/unnamed-2.jpg\",\"contentUrl\":\"https:\\\/\\\/www.revistarambla.com\\\/wp-content\\\/uploads\\\/2021\\\/11\\\/unnamed-2.jpg\",\"width\":512,\"height\":327,\"caption\":\"valentino rossi moto carrera motociclismo\"},{\"@type\":\"BreadcrumbList\",\"@id\":\"https:\\\/\\\/www.revistarambla.com\\\/valentino-rossi-la-historia-de-una-leyenda-increible\\\/#breadcrumb\",\"itemListElement\":[{\"@type\":\"ListItem\",\"position\":1,\"name\":\"Portada\",\"item\":\"https:\\\/\\\/www.revistarambla.com\\\/\"},{\"@type\":\"ListItem\",\"position\":2,\"name\":\"Valentino Rossi: la historia de una leyenda incre\u00edble\"}]},{\"@type\":\"WebSite\",\"@id\":\"https:\\\/\\\/www.revistarambla.com\\\/#website\",\"url\":\"https:\\\/\\\/www.revistarambla.com\\\/\",\"name\":\"Revista Rambla Barcelona\",\"description\":\"Periodismo independiente\",\"publisher\":{\"@id\":\"https:\\\/\\\/www.revistarambla.com\\\/#organization\"},\"potentialAction\":[{\"@type\":\"SearchAction\",\"target\":{\"@type\":\"EntryPoint\",\"urlTemplate\":\"https:\\\/\\\/www.revistarambla.com\\\/?s={search_term_string}\"},\"query-input\":{\"@type\":\"PropertyValueSpecification\",\"valueRequired\":true,\"valueName\":\"search_term_string\"}}],\"inLanguage\":\"en-GB\"},{\"@type\":\"Organization\",\"@id\":\"https:\\\/\\\/www.revistarambla.com\\\/#organization\",\"name\":\"Revista Rambla\",\"url\":\"https:\\\/\\\/www.revistarambla.com\\\/\",\"logo\":{\"@type\":\"ImageObject\",\"inLanguage\":\"en-GB\",\"@id\":\"https:\\\/\\\/www.revistarambla.com\\\/#\\\/schema\\\/logo\\\/image\\\/\",\"url\":\"https:\\\/\\\/www.revistarambla.com\\\/wp-content\\\/uploads\\\/2020\\\/09\\\/banner_rambla_1900x600_BB.png\",\"contentUrl\":\"https:\\\/\\\/www.revistarambla.com\\\/wp-content\\\/uploads\\\/2020\\\/09\\\/banner_rambla_1900x600_BB.png\",\"width\":1900,\"height\":600,\"caption\":\"Revista Rambla\"},\"image\":{\"@id\":\"https:\\\/\\\/www.revistarambla.com\\\/#\\\/schema\\\/logo\\\/image\\\/\"},\"sameAs\":[\"https:\\\/\\\/www.facebook.com\\\/revistarambla\\\/\",\"https:\\\/\\\/x.com\\\/revistarambla\",\"https:\\\/\\\/www.instagram.com\\\/revista_rambla\",\"https:\\\/\\\/es.linkedin.com\\\/company\\\/revista-rambla\"]},{\"@type\":\"Person\",\"@id\":\"https:\\\/\\\/www.revistarambla.com\\\/#\\\/schema\\\/person\\\/a146a5a2550b94981a75131180e1bd9c\",\"name\":\"R@mbla\",\"description\":\"Este art\u00edculo ha sido redactado y\\\/o validado por el equipo de redacci\u00f3n de Revista Rambla.\",\"sameAs\":[\"https:\\\/\\\/www.revistarambla.com\\\/\",\"https:\\\/\\\/www.facebook.com\\\/revistarambla\",\"https:\\\/\\\/x.com\\\/revistarambla\"]}]}<\/script>\n<!-- \/ Yoast SEO plugin. -->","yoast_head_json":{"title":"Valentino Rossi: la historia de una leyenda incre\u00edble - Revista Rambla","description":"Analizamos la trayectoria de Valentino Rossi, la leyenda deportiva, que incrementa su historia al retirarse del motociclismo.","robots":{"index":"index","follow":"follow","max-snippet":"max-snippet:-1","max-image-preview":"max-image-preview:large","max-video-preview":"max-video-preview:-1"},"canonical":"https:\/\/www.revistarambla.com\/en\/valentino-rossi-la-historia-de-una-leyenda-increible\/","og_locale":"en_GB","og_type":"article","og_title":"Valentino Rossi: la historia de una leyenda incre\u00edble - Revista Rambla","og_description":"Analizamos la trayectoria de Valentino Rossi, la leyenda deportiva, que incrementa su historia al retirarse del motociclismo.","og_url":"https:\/\/www.revistarambla.com\/en\/valentino-rossi-la-historia-de-una-leyenda-increible\/","og_site_name":"Revista Rambla","article_publisher":"https:\/\/www.facebook.com\/revistarambla\/","article_author":"https:\/\/www.facebook.com\/revistarambla","article_published_time":"2021-11-17T14:53:56+00:00","article_modified_time":"2024-05-12T17:17:33+00:00","og_image":[{"width":512,"height":327,"url":"https:\/\/www.revistarambla.com\/wp-content\/uploads\/2021\/11\/unnamed-2.jpg","type":"image\/jpeg"}],"author":"R@mbla","twitter_card":"summary_large_image","twitter_creator":"@revistarambla","twitter_site":"@revistarambla","twitter_misc":{"Written by":"R@mbla","Estimated reading time":"4 minutes"},"schema":{"@context":"https:\/\/schema.org","@graph":[{"@type":"Article","@id":"https:\/\/www.revistarambla.com\/valentino-rossi-la-historia-de-una-leyenda-increible\/#article","isPartOf":{"@id":"https:\/\/www.revistarambla.com\/valentino-rossi-la-historia-de-una-leyenda-increible\/"},"author":{"name":"R@mbla","@id":"https:\/\/www.revistarambla.com\/#\/schema\/person\/a146a5a2550b94981a75131180e1bd9c"},"headline":"Valentino Rossi: la historia de una leyenda incre\u00edble","datePublished":"2021-11-17T14:53:56+00:00","dateModified":"2024-05-12T17:17:33+00:00","mainEntityOfPage":{"@id":"https:\/\/www.revistarambla.com\/valentino-rossi-la-historia-de-una-leyenda-increible\/"},"wordCount":813,"commentCount":0,"publisher":{"@id":"https:\/\/www.revistarambla.com\/#organization"},"image":{"@id":"https:\/\/www.revistarambla.com\/valentino-rossi-la-historia-de-una-leyenda-increible\/#primaryimage"},"thumbnailUrl":"https:\/\/www.revistarambla.com\/wp-content\/uploads\/2021\/11\/unnamed-2.jpg","articleSection":["Otras Noticias"],"inLanguage":"en-GB","potentialAction":[{"@type":"CommentAction","name":"Comment","target":["https:\/\/www.revistarambla.com\/valentino-rossi-la-historia-de-una-leyenda-increible\/#respond"]}]},{"@type":"WebPage","@id":"https:\/\/www.revistarambla.com\/valentino-rossi-la-historia-de-una-leyenda-increible\/","url":"https:\/\/www.revistarambla.com\/valentino-rossi-la-historia-de-una-leyenda-increible\/","name":"Valentino Rossi: la historia de una leyenda incre\u00edble - Revista Rambla","isPartOf":{"@id":"https:\/\/www.revistarambla.com\/#website"},"primaryImageOfPage":{"@id":"https:\/\/www.revistarambla.com\/valentino-rossi-la-historia-de-una-leyenda-increible\/#primaryimage"},"image":{"@id":"https:\/\/www.revistarambla.com\/valentino-rossi-la-historia-de-una-leyenda-increible\/#primaryimage"},"thumbnailUrl":"https:\/\/www.revistarambla.com\/wp-content\/uploads\/2021\/11\/unnamed-2.jpg","datePublished":"2021-11-17T14:53:56+00:00","dateModified":"2024-05-12T17:17:33+00:00","description":"Analizamos la trayectoria de Valentino Rossi, la leyenda deportiva, que incrementa su historia al retirarse del motociclismo.","breadcrumb":{"@id":"https:\/\/www.revistarambla.com\/valentino-rossi-la-historia-de-una-leyenda-increible\/#breadcrumb"},"inLanguage":"en-GB","potentialAction":[{"@type":"ReadAction","target":["https:\/\/www.revistarambla.com\/valentino-rossi-la-historia-de-una-leyenda-increible\/"]}]},{"@type":"ImageObject","inLanguage":"en-GB","@id":"https:\/\/www.revistarambla.com\/valentino-rossi-la-historia-de-una-leyenda-increible\/#primaryimage","url":"https:\/\/www.revistarambla.com\/wp-content\/uploads\/2021\/11\/unnamed-2.jpg","contentUrl":"https:\/\/www.revistarambla.com\/wp-content\/uploads\/2021\/11\/unnamed-2.jpg","width":512,"height":327,"caption":"valentino rossi moto carrera motociclismo"},{"@type":"BreadcrumbList","@id":"https:\/\/www.revistarambla.com\/valentino-rossi-la-historia-de-una-leyenda-increible\/#breadcrumb","itemListElement":[{"@type":"ListItem","position":1,"name":"Portada","item":"https:\/\/www.revistarambla.com\/"},{"@type":"ListItem","position":2,"name":"Valentino Rossi: la historia de una leyenda incre\u00edble"}]},{"@type":"WebSite","@id":"https:\/\/www.revistarambla.com\/#website","url":"https:\/\/www.revistarambla.com\/","name":"Revista Rambla Barcelona","description":"Periodismo independiente","publisher":{"@id":"https:\/\/www.revistarambla.com\/#organization"},"potentialAction":[{"@type":"SearchAction","target":{"@type":"EntryPoint","urlTemplate":"https:\/\/www.revistarambla.com\/?s={search_term_string}"},"query-input":{"@type":"PropertyValueSpecification","valueRequired":true,"valueName":"search_term_string"}}],"inLanguage":"en-GB"},{"@type":"Organization","@id":"https:\/\/www.revistarambla.com\/#organization","name":"Revista Rambla","url":"https:\/\/www.revistarambla.com\/","logo":{"@type":"ImageObject","inLanguage":"en-GB","@id":"https:\/\/www.revistarambla.com\/#\/schema\/logo\/image\/","url":"https:\/\/www.revistarambla.com\/wp-content\/uploads\/2020\/09\/banner_rambla_1900x600_BB.png","contentUrl":"https:\/\/www.revistarambla.com\/wp-content\/uploads\/2020\/09\/banner_rambla_1900x600_BB.png","width":1900,"height":600,"caption":"Revista Rambla"},"image":{"@id":"https:\/\/www.revistarambla.com\/#\/schema\/logo\/image\/"},"sameAs":["https:\/\/www.facebook.com\/revistarambla\/","https:\/\/x.com\/revistarambla","https:\/\/www.instagram.com\/revista_rambla","https:\/\/es.linkedin.com\/company\/revista-rambla"]},{"@type":"Person","@id":"https:\/\/www.revistarambla.com\/#\/schema\/person\/a146a5a2550b94981a75131180e1bd9c","name":"R@mbla","description":"Este art\u00edculo ha sido redactado y\/o validado por el equipo de redacci\u00f3n de Revista Rambla.","sameAs":["https:\/\/www.revistarambla.com\/","https:\/\/www.facebook.com\/revistarambla","https:\/\/x.com\/revistarambla"]}]}},"_links":{"self":[{"href":"https:\/\/www.revistarambla.com\/en\/wp-json\/wp\/v2\/posts\/36501","targetHints":{"allow":["GET"]}}],"collection":[{"href":"https:\/\/www.revistarambla.com\/en\/wp-json\/wp\/v2\/posts"}],"about":[{"href":"https:\/\/www.revistarambla.com\/en\/wp-json\/wp\/v2\/types\/post"}],"author":[{"embeddable":true,"href":"https:\/\/www.revistarambla.com\/en\/wp-json\/wp\/v2\/users\/3"}],"replies":[{"embeddable":true,"href":"https:\/\/www.revistarambla.com\/en\/wp-json\/wp\/v2\/comments?post=36501"}],"version-history":[{"count":3,"href":"https:\/\/www.revistarambla.com\/en\/wp-json\/wp\/v2\/posts\/36501\/revisions"}],"predecessor-version":[{"id":60236,"href":"https:\/\/www.revistarambla.com\/en\/wp-json\/wp\/v2\/posts\/36501\/revisions\/60236"}],"wp:featuredmedia":[{"embeddable":true,"href":"https:\/\/www.revistarambla.com\/en\/wp-json\/wp\/v2\/media\/36502"}],"wp:attachment":[{"href":"https:\/\/www.revistarambla.com\/en\/wp-json\/wp\/v2\/media?parent=36501"}],"wp:term":[{"taxonomy":"category","embeddable":true,"href":"https:\/\/www.revistarambla.com\/en\/wp-json\/wp\/v2\/categories?post=36501"},{"taxonomy":"post_tag","embeddable":true,"href":"https:\/\/www.revistarambla.com\/en\/wp-json\/wp\/v2\/tags?post=36501"}],"curies":[{"name":"wp","href":"https:\/\/api.w.org\/{rel}","templated":true}]}}