{"id":36341,"date":"2021-11-10T12:37:01","date_gmt":"2021-11-10T11:37:01","guid":{"rendered":"https:\/\/www.revistarambla.com\/?p=36341"},"modified":"2021-12-07T17:02:05","modified_gmt":"2021-12-07T16:02:05","slug":"viejos-y-nuevos-paradigmas-sociales","status":"publish","type":"post","link":"https:\/\/www.revistarambla.com\/en\/viejos-y-nuevos-paradigmas-sociales\/","title":{"rendered":"Viejos y nuevos paradigmas sociales"},"content":{"rendered":"<p style=\"text-align: left;\" align=\"JUSTIFY\"><span lang=\"es-PE\">Las tecnolog\u00edas de la informaci\u00f3n y comunicaci\u00f3n est\u00e1n llevando a la sociedad a un nuevo paradigma de convivencia, donde lo virtual cada d\u00eda gana terreno en todas las actividades cotidianas, pasando por la ciencia, la pol\u00edtica, el comercio electr\u00f3nico, la tele-educaci\u00f3n y todos los sistemas de persuasi\u00f3n de masas nunca antes vistos.<\/span><\/p>\n<p style=\"text-align: left;\" align=\"JUSTIFY\"><span lang=\"es-PE\">El distanciamiento social y la cuarentena a ra\u00edz de la pandemia de COVID-19 est\u00e1 imponiendo la llamada \u201cnueva normalidad\u201d, que definitivamente implica que las viejas estructuras mentales y sociales adquieren un ropaje donde todo pasa por la autopista de la informaci\u00f3n y las nuevas tecnolog\u00edas.<\/span><\/p>\n<p style=\"text-align: left;\" align=\"JUSTIFY\"><span lang=\"es-PE\">Tanto la econom\u00eda, la educaci\u00f3n y la vida social es \u201cvirtual\u201d. Tal como lo he sostenido en art\u00edculos anteriores, el desarrollo, aplicaci\u00f3n\u00a0y uso de las nuevas tecnolog\u00edas est\u00e1 engendrando nuevas formas de esclavitud digital, que son parte del engranaje econ\u00f3mico y generan nuevos modos de producci\u00f3n y mecanismos de adaptaci\u00f3n social cada vez m\u00e1s refinados y sofisticados.<\/span><\/p>\n<p style=\"text-align: left;\" align=\"JUSTIFY\"><span lang=\"es-PE\">Hoy bajo el imperio del Internet, muchos creen tener cierto poder desde su \u201csmartphone\u201d, que a la vez es la punta de lanza para ser sometido. Nada m\u00e1s eficaz para el sistema de trabajo que su auto-reproducci\u00f3n en la psiquis y la mente de quienes lo sustentan con su fuerza de trabajo y \u201cel sudor de sus frentes\u201d, es decir, con la energ\u00eda de sus propias vidas.<\/span><\/p>\n<p style=\"text-align: left;\" align=\"JUSTIFY\"><span lang=\"es-PE\">Actualmente, en el Per\u00fa se habla con m\u00e1s fuerza del \u201cteletrabajo\u201d, \u201ctrabajo virtual\u201d, \u201ctrabajo remoto\u201d y \u201ctrabajo on-line\u201d. Si bien es cierto que la Internet facilita la comunicaci\u00f3n y permite que muchos puedan \u201ctrabajar desde casa\u201d, hay otra cara de la moneda. Pero tambi\u00e9n es evidente que ahora la tecnolog\u00eda es factor decisivo para la perpetuaci\u00f3n de un sistema basado en el sometimiento objetivo, pero con una fuerte carga de control mental. Esto ya se ve\u00eda venir con la llamada \u201ccultura de masas\u201d que propon\u00edan con el auge de la radio y la televisi\u00f3n.<\/span><\/p>\n<p style=\"text-align: left;\" align=\"JUSTIFY\"><span lang=\"es-PE\">En este sentido, los trabajadores consumidores modernos, bajo los dict\u00e1menes del mercado laboral y del consumismo digital, son conducidos en la totalidad de sus vidas por una especie de \u201ccontrol remoto\u201d y lejos de reconocer y romper su determinaci\u00f3n ajena, constituyen sin duda y \u201cocultos a plena vista\u201d, la nueva esclavitud del siglo XXI.<\/span><\/p>\n<p style=\"text-align: left;\" align=\"JUSTIFY\"><span lang=\"es-PE\">Parece que la esclavizaci\u00f3n de la mente y por ende del comportamiento del ser humano alcanza niveles irreversibles, a causa de la doblegaci\u00f3n mental y corporal que act\u00faa sin misericordia sobre sus v\u00edctimas para evitar que estas se rebelen contra un orden social intr\u00ednsecamente inhumano y explotador.<\/span><\/p>\n<p style=\"text-align: left;\" align=\"JUSTIFY\"><span lang=\"es-PE\">Quienes cuestionamos estos modos de esclavitud, seguiremos luchando en pos de la formaci\u00f3n de una conciencia global que contrarreste y acabe con todas formas de explotaci\u00f3n econ\u00f3mica, opresi\u00f3n pol\u00edtica, discriminaci\u00f3n social y alienaci\u00f3n humana.<\/span><\/p>\n<p style=\"text-align: left;\" align=\"JUSTIFY\"><span lang=\"es-PE\">Pero los sistemas laborales tienen como contrapartida las exigencias de una sociedad de consumo, ahora cada vez m\u00e1s monetizada mediante el dinero electr\u00f3nico y nuevas monedas digitales como los \u201cbitcoins\u201d. La presi\u00f3n para comprar es fuerte. Parece que el mensaje es: \u201cCompra y s\u00e9 feliz\u201d. Y el que no tiene para comprar, es marginado.<\/span><\/p>\n<p style=\"text-align: left;\" align=\"JUSTIFY\"><span lang=\"es-PE\">Hay una presi\u00f3n sociocultural y social muy fuerte para comprar. Uno de los mercados en expansi\u00f3n es el de nuevas tecnolog\u00edas de la informaci\u00f3n y comunicaci\u00f3n. Y la telefon\u00eda celular es equivalente a conexi\u00f3n con el mundo. Estar al d\u00eda en comunicaci\u00f3n es imprescindible para poder tomar decisiones. Pero, tambi\u00e9n, los aparatos se renuevan a un ritmo vertiginoso, lo que acelera la obsolescencia de las \u201cnovedades\u201d. Lo que hoy es nuevo, ma\u00f1ana ya ser\u00e1 un artefacto inservible, una pieza de museo.<\/span><\/p>\n<p style=\"text-align: left;\" align=\"JUSTIFY\"><span lang=\"es-PE\">Parece que nos quieren inocular la idea de que tener un tel\u00e9fono de \u00faltima generaci\u00f3n es sintonizar con el mundo actual y especialmente poder acceder a las redes sociales m\u00e1s populares de Internet: Facebook, Instagram, TikTok, YouTube, WhatsApp, entre muchas otras. Son masivas las descargas de m\u00fasica, videos y otras aplicaciones como por ejemplo para buscar taxi con seguridad, entre otras \u201capps\u201d.<\/span><\/p>\n<p style=\"text-align: left;\" align=\"JUSTIFY\"><span lang=\"es-PE\">Y ahora \u2013a ra\u00edz de la pandemia\u2013 est\u00e1n en auge las teleconferencias y hasta las reuniones sociales digitales y ceremonias a trav\u00e9s de la pantalla.<\/span><\/p>\n<p style=\"text-align: left;\" align=\"JUSTIFY\"><span lang=\"es-PE\">Existe un marketing agresivo para convencer a los diversos sectores de que se plieguen a esta oleada, incluso con la utop\u00eda de falsos liderazgos, grupos o \u201ccolectivos\u201d, pero al fin de cuentas todos sucumben al sistema.<\/span><\/p>\n<p style=\"text-align: left;\" align=\"JUSTIFY\"><span lang=\"es-PE\">El ser humano en una nueva encrucijada, con el riesgo de una idiotizaci\u00f3n manejada desde \u201cranking de popularidad\u201d. Es una paradoja: muchos se desviven por un \u201clike\u201d o un \u201cme gusta en Facebook\u201d, poniendo adem\u00e1s su historial y privacidad en manos de esas poderosas empresas que manejan las redes sociales.<\/span><\/p>\n<p style=\"text-align: left;\" align=\"JUSTIFY\"><span lang=\"es-PE\">Desde un tel\u00e9fono en las manos tenemos acceso a viajar por el mundo, navegando por el universo casi infinito de la Internet, donde hay p\u00e1ginas web de informaci\u00f3n y de entretenimiento, y especialmente buscadores potentes de informaci\u00f3n, ahora con servicios \u201cen la nube\u201d para almacenamiento de fotos y archivos. En contrapartida, los \u201chackers\u201d o piratas inform\u00e1ticos cometen delitos usando la vulnerabilidad del sistema.<\/span><\/p>\n<p style=\"text-align: left;\" align=\"JUSTIFY\"><span lang=\"es-PE\">Es una sociedad de consumo, donde los intercambios comerciales dominan la escena, el acto de compra parece que se va convirtiendo en la raz\u00f3n de ser del sistema. Es muy fuerte la presi\u00f3n actual de producci\u00f3n y venta de tel\u00e9fonos inteligentes.<\/span><\/p>\n<p style=\"text-align: left;\" align=\"JUSTIFY\"><span lang=\"es-PE\">Ya se sabe que la sociedad humana cada d\u00eda es m\u00e1s digital, y este fen\u00f3meno est\u00e1 afectando incluso el plano econ\u00f3mico, social y cultural, en campos diversos como la medicina, la arquitectura, la industria, la ciencia y el arte. Estamos en la autopista de la informaci\u00f3n, viajando a toda velocidad en el ciberespacio. \u00bfSabemos hacia d\u00f3nde?<\/span><\/p>\n<p style=\"text-align: left;\" align=\"JUSTIFY\"><em>(*) Escritor, poeta, editor y soci\u00f3logo. Presidente del Instituto Peruano de la Juventud (IPJ) y director de Editorial R\u00edo Negro.<\/em><\/p>","protected":false},"excerpt":{"rendered":"<p>Las tecnolog\u00edas de la informaci\u00f3n y comunicaci\u00f3n est\u00e1n llevando a la sociedad a un nuevo paradigma de convivencia, donde lo virtual cada d\u00eda gana terreno en todas las actividades cotidianas, pasando por la ciencia, la pol\u00edtica, el comercio electr\u00f3nico, la tele-educaci\u00f3n y todos los sistemas de persuasi\u00f3n de masas nunca [&hellip;]<\/p>\n","protected":false},"author":18,"featured_media":36342,"comment_status":"open","ping_status":"open","sticky":false,"template":"","format":"standard","meta":{"footnotes":""},"categories":[72],"tags":[],"class_list":["post-36341","post","type-post","status-publish","format-standard","has-post-thumbnail","hentry","category-opinion"],"yoast_head":"<!-- This site is optimized with the Yoast SEO plugin v27.5 - https:\/\/yoast.com\/product\/yoast-seo-wordpress\/ -->\n<title>Viejos y nuevos paradigmas sociales - Revista Rambla<\/title>\n<meta name=\"robots\" content=\"index, follow, max-snippet:-1, max-image-preview:large, max-video-preview:-1\" \/>\n<link rel=\"canonical\" href=\"https:\/\/www.revistarambla.com\/en\/viejos-y-nuevos-paradigmas-sociales\/\" \/>\n<meta property=\"og:locale\" content=\"en_GB\" \/>\n<meta property=\"og:type\" content=\"article\" \/>\n<meta property=\"og:title\" content=\"Viejos y nuevos paradigmas sociales - Revista Rambla\" \/>\n<meta property=\"og:description\" content=\"Las tecnolog\u00edas de la informaci\u00f3n y comunicaci\u00f3n est\u00e1n llevando a la sociedad a un nuevo paradigma de convivencia, donde lo virtual cada d\u00eda gana terreno en todas las actividades cotidianas, pasando por la ciencia, la pol\u00edtica, el comercio electr\u00f3nico, la tele-educaci\u00f3n y todos los sistemas de persuasi\u00f3n de masas nunca [&hellip;]\" \/>\n<meta property=\"og:url\" content=\"https:\/\/www.revistarambla.com\/en\/viejos-y-nuevos-paradigmas-sociales\/\" \/>\n<meta property=\"og:site_name\" content=\"Revista Rambla\" \/>\n<meta property=\"article:publisher\" content=\"https:\/\/www.facebook.com\/revistarambla\/\" \/>\n<meta property=\"article:author\" content=\"https:\/\/www.facebook.com\/raul.allainvega\" \/>\n<meta property=\"article:published_time\" content=\"2021-11-10T11:37:01+00:00\" \/>\n<meta property=\"article:modified_time\" content=\"2021-12-07T16:02:05+00:00\" \/>\n<meta property=\"og:image\" content=\"https:\/\/www.revistarambla.com\/wp-content\/uploads\/2021\/11\/telephone-social-mobile-www-call-sms-1458615-pxhere.com_.jpg\" \/>\n\t<meta property=\"og:image:width\" content=\"800\" \/>\n\t<meta property=\"og:image:height\" content=\"465\" \/>\n\t<meta property=\"og:image:type\" content=\"image\/jpeg\" \/>\n<meta name=\"author\" content=\"Ra\u00fal Alfonso Allain Vega\" \/>\n<meta name=\"twitter:card\" content=\"summary_large_image\" \/>\n<meta name=\"twitter:creator\" content=\"@RaulAllain\" \/>\n<meta name=\"twitter:site\" content=\"@revistarambla\" \/>\n<meta name=\"twitter:label1\" content=\"Written by\" \/>\n\t<meta name=\"twitter:data1\" content=\"Ra\u00fal Alfonso Allain Vega\" \/>\n\t<meta name=\"twitter:label2\" content=\"Estimated reading time\" \/>\n\t<meta name=\"twitter:data2\" content=\"5 minutes\" \/>\n<script type=\"application\/ld+json\" class=\"yoast-schema-graph\">{\"@context\":\"https:\\\/\\\/schema.org\",\"@graph\":[{\"@type\":\"Article\",\"@id\":\"https:\\\/\\\/www.revistarambla.com\\\/viejos-y-nuevos-paradigmas-sociales\\\/#article\",\"isPartOf\":{\"@id\":\"https:\\\/\\\/www.revistarambla.com\\\/viejos-y-nuevos-paradigmas-sociales\\\/\"},\"author\":{\"name\":\"Ra\u00fal Alfonso Allain Vega\",\"@id\":\"https:\\\/\\\/www.revistarambla.com\\\/#\\\/schema\\\/person\\\/9b4378c82c48caa37acecffb9450e934\"},\"headline\":\"Viejos y nuevos paradigmas sociales\",\"datePublished\":\"2021-11-10T11:37:01+00:00\",\"dateModified\":\"2021-12-07T16:02:05+00:00\",\"mainEntityOfPage\":{\"@id\":\"https:\\\/\\\/www.revistarambla.com\\\/viejos-y-nuevos-paradigmas-sociales\\\/\"},\"wordCount\":1030,\"commentCount\":0,\"publisher\":{\"@id\":\"https:\\\/\\\/www.revistarambla.com\\\/#organization\"},\"image\":{\"@id\":\"https:\\\/\\\/www.revistarambla.com\\\/viejos-y-nuevos-paradigmas-sociales\\\/#primaryimage\"},\"thumbnailUrl\":\"https:\\\/\\\/www.revistarambla.com\\\/wp-content\\\/uploads\\\/2021\\\/11\\\/telephone-social-mobile-www-call-sms-1458615-pxhere.com_.jpg\",\"articleSection\":[\"Opiniones\"],\"inLanguage\":\"en-GB\",\"potentialAction\":[{\"@type\":\"CommentAction\",\"name\":\"Comment\",\"target\":[\"https:\\\/\\\/www.revistarambla.com\\\/viejos-y-nuevos-paradigmas-sociales\\\/#respond\"]}]},{\"@type\":\"WebPage\",\"@id\":\"https:\\\/\\\/www.revistarambla.com\\\/viejos-y-nuevos-paradigmas-sociales\\\/\",\"url\":\"https:\\\/\\\/www.revistarambla.com\\\/viejos-y-nuevos-paradigmas-sociales\\\/\",\"name\":\"Viejos y nuevos paradigmas sociales - Revista Rambla\",\"isPartOf\":{\"@id\":\"https:\\\/\\\/www.revistarambla.com\\\/#website\"},\"primaryImageOfPage\":{\"@id\":\"https:\\\/\\\/www.revistarambla.com\\\/viejos-y-nuevos-paradigmas-sociales\\\/#primaryimage\"},\"image\":{\"@id\":\"https:\\\/\\\/www.revistarambla.com\\\/viejos-y-nuevos-paradigmas-sociales\\\/#primaryimage\"},\"thumbnailUrl\":\"https:\\\/\\\/www.revistarambla.com\\\/wp-content\\\/uploads\\\/2021\\\/11\\\/telephone-social-mobile-www-call-sms-1458615-pxhere.com_.jpg\",\"datePublished\":\"2021-11-10T11:37:01+00:00\",\"dateModified\":\"2021-12-07T16:02:05+00:00\",\"breadcrumb\":{\"@id\":\"https:\\\/\\\/www.revistarambla.com\\\/viejos-y-nuevos-paradigmas-sociales\\\/#breadcrumb\"},\"inLanguage\":\"en-GB\",\"potentialAction\":[{\"@type\":\"ReadAction\",\"target\":[\"https:\\\/\\\/www.revistarambla.com\\\/viejos-y-nuevos-paradigmas-sociales\\\/\"]}]},{\"@type\":\"ImageObject\",\"inLanguage\":\"en-GB\",\"@id\":\"https:\\\/\\\/www.revistarambla.com\\\/viejos-y-nuevos-paradigmas-sociales\\\/#primaryimage\",\"url\":\"https:\\\/\\\/www.revistarambla.com\\\/wp-content\\\/uploads\\\/2021\\\/11\\\/telephone-social-mobile-www-call-sms-1458615-pxhere.com_.jpg\",\"contentUrl\":\"https:\\\/\\\/www.revistarambla.com\\\/wp-content\\\/uploads\\\/2021\\\/11\\\/telephone-social-mobile-www-call-sms-1458615-pxhere.com_.jpg\",\"width\":800,\"height\":465},{\"@type\":\"BreadcrumbList\",\"@id\":\"https:\\\/\\\/www.revistarambla.com\\\/viejos-y-nuevos-paradigmas-sociales\\\/#breadcrumb\",\"itemListElement\":[{\"@type\":\"ListItem\",\"position\":1,\"name\":\"Portada\",\"item\":\"https:\\\/\\\/www.revistarambla.com\\\/\"},{\"@type\":\"ListItem\",\"position\":2,\"name\":\"Viejos y nuevos paradigmas sociales\"}]},{\"@type\":\"WebSite\",\"@id\":\"https:\\\/\\\/www.revistarambla.com\\\/#website\",\"url\":\"https:\\\/\\\/www.revistarambla.com\\\/\",\"name\":\"Revista Rambla Barcelona\",\"description\":\"Periodismo independiente\",\"publisher\":{\"@id\":\"https:\\\/\\\/www.revistarambla.com\\\/#organization\"},\"potentialAction\":[{\"@type\":\"SearchAction\",\"target\":{\"@type\":\"EntryPoint\",\"urlTemplate\":\"https:\\\/\\\/www.revistarambla.com\\\/?s={search_term_string}\"},\"query-input\":{\"@type\":\"PropertyValueSpecification\",\"valueRequired\":true,\"valueName\":\"search_term_string\"}}],\"inLanguage\":\"en-GB\"},{\"@type\":\"Organization\",\"@id\":\"https:\\\/\\\/www.revistarambla.com\\\/#organization\",\"name\":\"Revista Rambla\",\"url\":\"https:\\\/\\\/www.revistarambla.com\\\/\",\"logo\":{\"@type\":\"ImageObject\",\"inLanguage\":\"en-GB\",\"@id\":\"https:\\\/\\\/www.revistarambla.com\\\/#\\\/schema\\\/logo\\\/image\\\/\",\"url\":\"https:\\\/\\\/www.revistarambla.com\\\/wp-content\\\/uploads\\\/2020\\\/09\\\/banner_rambla_1900x600_BB.png\",\"contentUrl\":\"https:\\\/\\\/www.revistarambla.com\\\/wp-content\\\/uploads\\\/2020\\\/09\\\/banner_rambla_1900x600_BB.png\",\"width\":1900,\"height\":600,\"caption\":\"Revista Rambla\"},\"image\":{\"@id\":\"https:\\\/\\\/www.revistarambla.com\\\/#\\\/schema\\\/logo\\\/image\\\/\"},\"sameAs\":[\"https:\\\/\\\/www.facebook.com\\\/revistarambla\\\/\",\"https:\\\/\\\/x.com\\\/revistarambla\",\"https:\\\/\\\/www.instagram.com\\\/revista_rambla\",\"https:\\\/\\\/es.linkedin.com\\\/company\\\/revista-rambla\"]},{\"@type\":\"Person\",\"@id\":\"https:\\\/\\\/www.revistarambla.com\\\/#\\\/schema\\\/person\\\/9b4378c82c48caa37acecffb9450e934\",\"name\":\"Ra\u00fal Alfonso Allain Vega\",\"description\":\"Escritor, poeta, editor y soci\u00f3logo. Presidente del Instituto Peruano de la Juventud (IPJ) y director de Editorial R\u00edo Negro.\",\"sameAs\":[\"https:\\\/\\\/en.m.wikipedia.org\\\/wiki\\\/Ra%C3%BAl_Allain\",\"https:\\\/\\\/www.facebook.com\\\/raul.allainvega\",\"https:\\\/\\\/x.com\\\/RaulAllain\"]}]}<\/script>\n<!-- \/ Yoast SEO plugin. -->","yoast_head_json":{"title":"Viejos y nuevos paradigmas sociales - Revista Rambla","robots":{"index":"index","follow":"follow","max-snippet":"max-snippet:-1","max-image-preview":"max-image-preview:large","max-video-preview":"max-video-preview:-1"},"canonical":"https:\/\/www.revistarambla.com\/en\/viejos-y-nuevos-paradigmas-sociales\/","og_locale":"en_GB","og_type":"article","og_title":"Viejos y nuevos paradigmas sociales - Revista Rambla","og_description":"Las tecnolog\u00edas de la informaci\u00f3n y comunicaci\u00f3n est\u00e1n llevando a la sociedad a un nuevo paradigma de convivencia, donde lo virtual cada d\u00eda gana terreno en todas las actividades cotidianas, pasando por la ciencia, la pol\u00edtica, el comercio electr\u00f3nico, la tele-educaci\u00f3n y todos los sistemas de persuasi\u00f3n de masas nunca [&hellip;]","og_url":"https:\/\/www.revistarambla.com\/en\/viejos-y-nuevos-paradigmas-sociales\/","og_site_name":"Revista Rambla","article_publisher":"https:\/\/www.facebook.com\/revistarambla\/","article_author":"https:\/\/www.facebook.com\/raul.allainvega","article_published_time":"2021-11-10T11:37:01+00:00","article_modified_time":"2021-12-07T16:02:05+00:00","og_image":[{"width":800,"height":465,"url":"https:\/\/www.revistarambla.com\/wp-content\/uploads\/2021\/11\/telephone-social-mobile-www-call-sms-1458615-pxhere.com_.jpg","type":"image\/jpeg"}],"author":"Ra\u00fal Alfonso Allain Vega","twitter_card":"summary_large_image","twitter_creator":"@RaulAllain","twitter_site":"@revistarambla","twitter_misc":{"Written by":"Ra\u00fal Alfonso Allain Vega","Estimated reading time":"5 minutes"},"schema":{"@context":"https:\/\/schema.org","@graph":[{"@type":"Article","@id":"https:\/\/www.revistarambla.com\/viejos-y-nuevos-paradigmas-sociales\/#article","isPartOf":{"@id":"https:\/\/www.revistarambla.com\/viejos-y-nuevos-paradigmas-sociales\/"},"author":{"name":"Ra\u00fal Alfonso Allain Vega","@id":"https:\/\/www.revistarambla.com\/#\/schema\/person\/9b4378c82c48caa37acecffb9450e934"},"headline":"Viejos y nuevos paradigmas sociales","datePublished":"2021-11-10T11:37:01+00:00","dateModified":"2021-12-07T16:02:05+00:00","mainEntityOfPage":{"@id":"https:\/\/www.revistarambla.com\/viejos-y-nuevos-paradigmas-sociales\/"},"wordCount":1030,"commentCount":0,"publisher":{"@id":"https:\/\/www.revistarambla.com\/#organization"},"image":{"@id":"https:\/\/www.revistarambla.com\/viejos-y-nuevos-paradigmas-sociales\/#primaryimage"},"thumbnailUrl":"https:\/\/www.revistarambla.com\/wp-content\/uploads\/2021\/11\/telephone-social-mobile-www-call-sms-1458615-pxhere.com_.jpg","articleSection":["Opiniones"],"inLanguage":"en-GB","potentialAction":[{"@type":"CommentAction","name":"Comment","target":["https:\/\/www.revistarambla.com\/viejos-y-nuevos-paradigmas-sociales\/#respond"]}]},{"@type":"WebPage","@id":"https:\/\/www.revistarambla.com\/viejos-y-nuevos-paradigmas-sociales\/","url":"https:\/\/www.revistarambla.com\/viejos-y-nuevos-paradigmas-sociales\/","name":"Viejos y nuevos paradigmas sociales - Revista Rambla","isPartOf":{"@id":"https:\/\/www.revistarambla.com\/#website"},"primaryImageOfPage":{"@id":"https:\/\/www.revistarambla.com\/viejos-y-nuevos-paradigmas-sociales\/#primaryimage"},"image":{"@id":"https:\/\/www.revistarambla.com\/viejos-y-nuevos-paradigmas-sociales\/#primaryimage"},"thumbnailUrl":"https:\/\/www.revistarambla.com\/wp-content\/uploads\/2021\/11\/telephone-social-mobile-www-call-sms-1458615-pxhere.com_.jpg","datePublished":"2021-11-10T11:37:01+00:00","dateModified":"2021-12-07T16:02:05+00:00","breadcrumb":{"@id":"https:\/\/www.revistarambla.com\/viejos-y-nuevos-paradigmas-sociales\/#breadcrumb"},"inLanguage":"en-GB","potentialAction":[{"@type":"ReadAction","target":["https:\/\/www.revistarambla.com\/viejos-y-nuevos-paradigmas-sociales\/"]}]},{"@type":"ImageObject","inLanguage":"en-GB","@id":"https:\/\/www.revistarambla.com\/viejos-y-nuevos-paradigmas-sociales\/#primaryimage","url":"https:\/\/www.revistarambla.com\/wp-content\/uploads\/2021\/11\/telephone-social-mobile-www-call-sms-1458615-pxhere.com_.jpg","contentUrl":"https:\/\/www.revistarambla.com\/wp-content\/uploads\/2021\/11\/telephone-social-mobile-www-call-sms-1458615-pxhere.com_.jpg","width":800,"height":465},{"@type":"BreadcrumbList","@id":"https:\/\/www.revistarambla.com\/viejos-y-nuevos-paradigmas-sociales\/#breadcrumb","itemListElement":[{"@type":"ListItem","position":1,"name":"Portada","item":"https:\/\/www.revistarambla.com\/"},{"@type":"ListItem","position":2,"name":"Viejos y nuevos paradigmas sociales"}]},{"@type":"WebSite","@id":"https:\/\/www.revistarambla.com\/#website","url":"https:\/\/www.revistarambla.com\/","name":"Revista Rambla Barcelona","description":"Periodismo independiente","publisher":{"@id":"https:\/\/www.revistarambla.com\/#organization"},"potentialAction":[{"@type":"SearchAction","target":{"@type":"EntryPoint","urlTemplate":"https:\/\/www.revistarambla.com\/?s={search_term_string}"},"query-input":{"@type":"PropertyValueSpecification","valueRequired":true,"valueName":"search_term_string"}}],"inLanguage":"en-GB"},{"@type":"Organization","@id":"https:\/\/www.revistarambla.com\/#organization","name":"Revista Rambla","url":"https:\/\/www.revistarambla.com\/","logo":{"@type":"ImageObject","inLanguage":"en-GB","@id":"https:\/\/www.revistarambla.com\/#\/schema\/logo\/image\/","url":"https:\/\/www.revistarambla.com\/wp-content\/uploads\/2020\/09\/banner_rambla_1900x600_BB.png","contentUrl":"https:\/\/www.revistarambla.com\/wp-content\/uploads\/2020\/09\/banner_rambla_1900x600_BB.png","width":1900,"height":600,"caption":"Revista Rambla"},"image":{"@id":"https:\/\/www.revistarambla.com\/#\/schema\/logo\/image\/"},"sameAs":["https:\/\/www.facebook.com\/revistarambla\/","https:\/\/x.com\/revistarambla","https:\/\/www.instagram.com\/revista_rambla","https:\/\/es.linkedin.com\/company\/revista-rambla"]},{"@type":"Person","@id":"https:\/\/www.revistarambla.com\/#\/schema\/person\/9b4378c82c48caa37acecffb9450e934","name":"Ra\u00fal Alfonso Allain Vega","description":"Escritor, poeta, editor y soci\u00f3logo. Presidente del Instituto Peruano de la Juventud (IPJ) y director de Editorial R\u00edo Negro.","sameAs":["https:\/\/en.m.wikipedia.org\/wiki\/Ra%C3%BAl_Allain","https:\/\/www.facebook.com\/raul.allainvega","https:\/\/x.com\/RaulAllain"]}]}},"_links":{"self":[{"href":"https:\/\/www.revistarambla.com\/en\/wp-json\/wp\/v2\/posts\/36341","targetHints":{"allow":["GET"]}}],"collection":[{"href":"https:\/\/www.revistarambla.com\/en\/wp-json\/wp\/v2\/posts"}],"about":[{"href":"https:\/\/www.revistarambla.com\/en\/wp-json\/wp\/v2\/types\/post"}],"author":[{"embeddable":true,"href":"https:\/\/www.revistarambla.com\/en\/wp-json\/wp\/v2\/users\/18"}],"replies":[{"embeddable":true,"href":"https:\/\/www.revistarambla.com\/en\/wp-json\/wp\/v2\/comments?post=36341"}],"version-history":[{"count":0,"href":"https:\/\/www.revistarambla.com\/en\/wp-json\/wp\/v2\/posts\/36341\/revisions"}],"wp:featuredmedia":[{"embeddable":true,"href":"https:\/\/www.revistarambla.com\/en\/wp-json\/wp\/v2\/media\/36342"}],"wp:attachment":[{"href":"https:\/\/www.revistarambla.com\/en\/wp-json\/wp\/v2\/media?parent=36341"}],"wp:term":[{"taxonomy":"category","embeddable":true,"href":"https:\/\/www.revistarambla.com\/en\/wp-json\/wp\/v2\/categories?post=36341"},{"taxonomy":"post_tag","embeddable":true,"href":"https:\/\/www.revistarambla.com\/en\/wp-json\/wp\/v2\/tags?post=36341"}],"curies":[{"name":"wp","href":"https:\/\/api.w.org\/{rel}","templated":true}]}}