{"id":36338,"date":"2021-11-09T11:12:21","date_gmt":"2021-11-09T10:12:21","guid":{"rendered":"https:\/\/www.revistarambla.com\/?p=36338"},"modified":"2021-12-07T16:08:17","modified_gmt":"2021-12-07T15:08:17","slug":"tiene-techo-el-precio-del-petroleo","status":"publish","type":"post","link":"https:\/\/www.revistarambla.com\/en\/tiene-techo-el-precio-del-petroleo\/","title":{"rendered":"\u00bfTiene techo el precio del petr\u00f3leo?"},"content":{"rendered":"<p>Dado que las energ\u00edas alternativas todav\u00eda necesitan enormes subsidios como para ser viables en los pa\u00edses en v\u00edas de desarrollo, la pr\u00e1ctica del <em>fracking<\/em> (especie de panacea universal que resolver\u00e1 los problemas energ\u00e9ticos de la Humanidad) es todav\u00eda incipiente y suscita recelos medioambientales y la inercia de los activos petroleros no permitir\u00e1 que las grandes compa\u00f1\u00edas abandones sus equipos e infraestructura actuales, se deduce que la econom\u00eda mundial seguir\u00e1 gravitando sobre la dependencia del petr\u00f3leo en la pr\u00f3xima d\u00e9cada.<\/p>\n<figure id=\"attachment_36339\" aria-describedby=\"caption-attachment-36339\" style=\"width: 800px\" class=\"wp-caption aligncenter\"><img decoding=\"async\" class=\"wp-image-36339 size-full\" src=\"https:\/\/www.revistarambla.com\/wp-content\/uploads\/2021\/11\/oil-rig-drill-engineer-equipment-extraction-1454193-pxhere.com_.jpg\" alt=\"\" width=\"800\" height=\"465\" srcset=\"https:\/\/www.revistarambla.com\/wp-content\/uploads\/2021\/11\/oil-rig-drill-engineer-equipment-extraction-1454193-pxhere.com_.jpg 800w, https:\/\/www.revistarambla.com\/wp-content\/uploads\/2021\/11\/oil-rig-drill-engineer-equipment-extraction-1454193-pxhere.com_-300x174.jpg 300w, https:\/\/www.revistarambla.com\/wp-content\/uploads\/2021\/11\/oil-rig-drill-engineer-equipment-extraction-1454193-pxhere.com_-768x446.jpg 768w\" sizes=\"(max-width: 800px) 100vw, 800px\" \/><figcaption id=\"caption-attachment-36339\" class=\"wp-caption-text\">PxHere<\/figcaption><\/figure>\n<p>El colapso del tr\u00e1fico de mercanc\u00edas pospand\u00e9mico y la escalada brutal de los precios energ\u00e9ticos y carburantes podr\u00eda acabar lastrando la incipiente y fr\u00e1gil recuperaci\u00f3n econ\u00f3mica mundial y desembocar en escenarios de estancamiento econ\u00f3mico secular (<em>secular stangantion<\/em>), ya que el fen\u00f3meno de la globalizaci\u00f3n econ\u00f3mica ha conseguido que todos los elementos racionales de la econom\u00eda est\u00e9n interrelacionados entre s\u00ed debido a la consolidaci\u00f3n de los oligopolios, la convergencia tecnol\u00f3gica y los acuerdos t\u00e1citos corporativos.<\/p>\n<p>Seg\u00fan Rystad Energy, la industria petrolera necesita reemplazar 34.000 millones de barriles de crudo al a\u00f1o pero en el 2.015 tan s\u00f3lo se alcanzaron los 8.000 millones de barriles debido al dr\u00e1stico descenso de las inversiones en exploraci\u00f3n y producci\u00f3n mundial y se estima para el 2021 una nueva ca\u00edda del 20%. Los principales pa\u00edses desarrollados cuentan con reservas estrat\u00e9gicas de petr\u00f3leo que destinan exclusivamente para uso en situaciones cr\u00edticas para garantizar el consumo interno durante un par de meses, inventarios que habr\u00edan sufrido una ca\u00edda por debajo de la media de los \u00faltimos cinco a\u00f1os y la Agencia Internacional de la Energ\u00eda (AIE), en un reciente informe titulado \u201cPerspectivas mundiales de inversi\u00f3n en energ\u00eda\u201d, advierte que ser\u00e1 necesario invertir 48 Billones $ hasta el 2035 para cubrir las crecientes necesidades energ\u00e9ticas mundiales.<\/p>\n<p>Sin embargo, el aumento de la demanda energ\u00e9tica mundial aunado con la negativa de la OPEP a incrementar la oferta de crudo y el colapso del tr\u00e1fico de mercanc\u00edas pospand\u00e9mico han provocado un d\u00e9ficit diario de 1 mill\u00f3n de barriles diarios, la escalada del crudo hasta los 83 $ el barril y tasas de inflaci\u00f3n desbocadas en EEUU, China y UE que tendr\u00e1n como efecto colateral el incremento del precio del dinero por parte de los Bancos Centrales y la asfixia econ\u00f3mica de incontables pa\u00edses con una Deuda P\u00fablica estratosf\u00e9rica. Todo ello, originar\u00e1 presumiblemente el incremento espectacular del precio del crudo hasta los 100 $ en el 2022 que tendr\u00e1 su reflejo en un salvaje encarecimiento de los fletes de transporte y de los fertilizantes agr\u00edcolas, lo que aunado con inusuales sequ\u00edas e inundaciones en los tradicionales graneros mundiales y la consecuente aplicaci\u00f3n de restricciones a la exportaci\u00f3n de commodities de dichos pa\u00edses para asegurar su autoabastecimiento, terminar\u00e1 por producir el desabastecimiento de los mercados mundiales, el incremento de los precios hasta niveles estratosf\u00e9ricos y la consecuente crisis alimentaria mundial.<\/p>","protected":false},"excerpt":{"rendered":"<p>Dado que las energ\u00edas alternativas todav\u00eda necesitan enormes subsidios como para ser viables en los pa\u00edses en v\u00edas de desarrollo, la pr\u00e1ctica del fracking (especie de panacea universal que resolver\u00e1 los problemas energ\u00e9ticos de la Humanidad) es todav\u00eda incipiente y suscita recelos medioambientales y la inercia de los activos petroleros [&hellip;]<\/p>\n","protected":false},"author":16,"featured_media":36339,"comment_status":"open","ping_status":"open","sticky":false,"template":"","format":"standard","meta":{"footnotes":""},"categories":[72],"tags":[],"class_list":["post-36338","post","type-post","status-publish","format-standard","has-post-thumbnail","hentry","category-opinion"],"yoast_head":"<!-- This site is optimized with the Yoast SEO plugin v27.5 - https:\/\/yoast.com\/product\/yoast-seo-wordpress\/ -->\n<title>\u00bfTiene techo el precio del petr\u00f3leo? - Revista Rambla<\/title>\n<meta name=\"robots\" content=\"index, follow, max-snippet:-1, max-image-preview:large, max-video-preview:-1\" \/>\n<link rel=\"canonical\" href=\"https:\/\/www.revistarambla.com\/en\/tiene-techo-el-precio-del-petroleo\/\" \/>\n<meta property=\"og:locale\" content=\"en_GB\" \/>\n<meta property=\"og:type\" content=\"article\" \/>\n<meta property=\"og:title\" content=\"\u00bfTiene techo el precio del petr\u00f3leo? - Revista Rambla\" \/>\n<meta property=\"og:description\" content=\"Dado que las energ\u00edas alternativas todav\u00eda necesitan enormes subsidios como para ser viables en los pa\u00edses en v\u00edas de desarrollo, la pr\u00e1ctica del fracking (especie de panacea universal que resolver\u00e1 los problemas energ\u00e9ticos de la Humanidad) es todav\u00eda incipiente y suscita recelos medioambientales y la inercia de los activos petroleros [&hellip;]\" \/>\n<meta property=\"og:url\" content=\"https:\/\/www.revistarambla.com\/en\/tiene-techo-el-precio-del-petroleo\/\" \/>\n<meta property=\"og:site_name\" content=\"Revista Rambla\" \/>\n<meta property=\"article:publisher\" content=\"https:\/\/www.facebook.com\/revistarambla\/\" \/>\n<meta property=\"article:published_time\" content=\"2021-11-09T10:12:21+00:00\" \/>\n<meta property=\"article:modified_time\" content=\"2021-12-07T15:08:17+00:00\" \/>\n<meta property=\"og:image\" content=\"https:\/\/www.revistarambla.com\/wp-content\/uploads\/2021\/11\/oil-rig-drill-engineer-equipment-extraction-1454193-pxhere.com_.jpg\" \/>\n\t<meta property=\"og:image:width\" content=\"800\" \/>\n\t<meta property=\"og:image:height\" content=\"465\" \/>\n\t<meta property=\"og:image:type\" content=\"image\/jpeg\" \/>\n<meta name=\"author\" content=\"Germ\u00e1n Gorraiz L\u00f3pez\" \/>\n<meta name=\"twitter:card\" content=\"summary_large_image\" \/>\n<meta name=\"twitter:creator\" content=\"@revistarambla\" \/>\n<meta name=\"twitter:site\" content=\"@revistarambla\" \/>\n<meta name=\"twitter:label1\" content=\"Written by\" \/>\n\t<meta name=\"twitter:data1\" content=\"Germ\u00e1n Gorraiz L\u00f3pez\" \/>\n\t<meta name=\"twitter:label2\" content=\"Estimated reading time\" \/>\n\t<meta name=\"twitter:data2\" content=\"3 minutes\" \/>\n<script type=\"application\/ld+json\" class=\"yoast-schema-graph\">{\"@context\":\"https:\\\/\\\/schema.org\",\"@graph\":[{\"@type\":\"Article\",\"@id\":\"https:\\\/\\\/www.revistarambla.com\\\/tiene-techo-el-precio-del-petroleo\\\/#article\",\"isPartOf\":{\"@id\":\"https:\\\/\\\/www.revistarambla.com\\\/tiene-techo-el-precio-del-petroleo\\\/\"},\"author\":{\"name\":\"Germ\u00e1n Gorraiz L\u00f3pez\",\"@id\":\"https:\\\/\\\/www.revistarambla.com\\\/#\\\/schema\\\/person\\\/23a7868ff10cd88f8fdb045c7b7e4a4d\"},\"headline\":\"\u00bfTiene techo el precio del petr\u00f3leo?\",\"datePublished\":\"2021-11-09T10:12:21+00:00\",\"dateModified\":\"2021-12-07T15:08:17+00:00\",\"mainEntityOfPage\":{\"@id\":\"https:\\\/\\\/www.revistarambla.com\\\/tiene-techo-el-precio-del-petroleo\\\/\"},\"wordCount\":532,\"commentCount\":0,\"publisher\":{\"@id\":\"https:\\\/\\\/www.revistarambla.com\\\/#organization\"},\"image\":{\"@id\":\"https:\\\/\\\/www.revistarambla.com\\\/tiene-techo-el-precio-del-petroleo\\\/#primaryimage\"},\"thumbnailUrl\":\"https:\\\/\\\/www.revistarambla.com\\\/wp-content\\\/uploads\\\/2021\\\/11\\\/oil-rig-drill-engineer-equipment-extraction-1454193-pxhere.com_.jpg\",\"articleSection\":[\"Opiniones\"],\"inLanguage\":\"en-GB\",\"potentialAction\":[{\"@type\":\"CommentAction\",\"name\":\"Comment\",\"target\":[\"https:\\\/\\\/www.revistarambla.com\\\/tiene-techo-el-precio-del-petroleo\\\/#respond\"]}]},{\"@type\":\"WebPage\",\"@id\":\"https:\\\/\\\/www.revistarambla.com\\\/tiene-techo-el-precio-del-petroleo\\\/\",\"url\":\"https:\\\/\\\/www.revistarambla.com\\\/tiene-techo-el-precio-del-petroleo\\\/\",\"name\":\"\u00bfTiene techo el precio del petr\u00f3leo? - Revista Rambla\",\"isPartOf\":{\"@id\":\"https:\\\/\\\/www.revistarambla.com\\\/#website\"},\"primaryImageOfPage\":{\"@id\":\"https:\\\/\\\/www.revistarambla.com\\\/tiene-techo-el-precio-del-petroleo\\\/#primaryimage\"},\"image\":{\"@id\":\"https:\\\/\\\/www.revistarambla.com\\\/tiene-techo-el-precio-del-petroleo\\\/#primaryimage\"},\"thumbnailUrl\":\"https:\\\/\\\/www.revistarambla.com\\\/wp-content\\\/uploads\\\/2021\\\/11\\\/oil-rig-drill-engineer-equipment-extraction-1454193-pxhere.com_.jpg\",\"datePublished\":\"2021-11-09T10:12:21+00:00\",\"dateModified\":\"2021-12-07T15:08:17+00:00\",\"breadcrumb\":{\"@id\":\"https:\\\/\\\/www.revistarambla.com\\\/tiene-techo-el-precio-del-petroleo\\\/#breadcrumb\"},\"inLanguage\":\"en-GB\",\"potentialAction\":[{\"@type\":\"ReadAction\",\"target\":[\"https:\\\/\\\/www.revistarambla.com\\\/tiene-techo-el-precio-del-petroleo\\\/\"]}]},{\"@type\":\"ImageObject\",\"inLanguage\":\"en-GB\",\"@id\":\"https:\\\/\\\/www.revistarambla.com\\\/tiene-techo-el-precio-del-petroleo\\\/#primaryimage\",\"url\":\"https:\\\/\\\/www.revistarambla.com\\\/wp-content\\\/uploads\\\/2021\\\/11\\\/oil-rig-drill-engineer-equipment-extraction-1454193-pxhere.com_.jpg\",\"contentUrl\":\"https:\\\/\\\/www.revistarambla.com\\\/wp-content\\\/uploads\\\/2021\\\/11\\\/oil-rig-drill-engineer-equipment-extraction-1454193-pxhere.com_.jpg\",\"width\":800,\"height\":465},{\"@type\":\"BreadcrumbList\",\"@id\":\"https:\\\/\\\/www.revistarambla.com\\\/tiene-techo-el-precio-del-petroleo\\\/#breadcrumb\",\"itemListElement\":[{\"@type\":\"ListItem\",\"position\":1,\"name\":\"Portada\",\"item\":\"https:\\\/\\\/www.revistarambla.com\\\/\"},{\"@type\":\"ListItem\",\"position\":2,\"name\":\"\u00bfTiene techo el precio del petr\u00f3leo?\"}]},{\"@type\":\"WebSite\",\"@id\":\"https:\\\/\\\/www.revistarambla.com\\\/#website\",\"url\":\"https:\\\/\\\/www.revistarambla.com\\\/\",\"name\":\"Revista Rambla Barcelona\",\"description\":\"Periodismo independiente\",\"publisher\":{\"@id\":\"https:\\\/\\\/www.revistarambla.com\\\/#organization\"},\"potentialAction\":[{\"@type\":\"SearchAction\",\"target\":{\"@type\":\"EntryPoint\",\"urlTemplate\":\"https:\\\/\\\/www.revistarambla.com\\\/?s={search_term_string}\"},\"query-input\":{\"@type\":\"PropertyValueSpecification\",\"valueRequired\":true,\"valueName\":\"search_term_string\"}}],\"inLanguage\":\"en-GB\"},{\"@type\":\"Organization\",\"@id\":\"https:\\\/\\\/www.revistarambla.com\\\/#organization\",\"name\":\"Revista Rambla\",\"url\":\"https:\\\/\\\/www.revistarambla.com\\\/\",\"logo\":{\"@type\":\"ImageObject\",\"inLanguage\":\"en-GB\",\"@id\":\"https:\\\/\\\/www.revistarambla.com\\\/#\\\/schema\\\/logo\\\/image\\\/\",\"url\":\"https:\\\/\\\/www.revistarambla.com\\\/wp-content\\\/uploads\\\/2020\\\/09\\\/banner_rambla_1900x600_BB.png\",\"contentUrl\":\"https:\\\/\\\/www.revistarambla.com\\\/wp-content\\\/uploads\\\/2020\\\/09\\\/banner_rambla_1900x600_BB.png\",\"width\":1900,\"height\":600,\"caption\":\"Revista Rambla\"},\"image\":{\"@id\":\"https:\\\/\\\/www.revistarambla.com\\\/#\\\/schema\\\/logo\\\/image\\\/\"},\"sameAs\":[\"https:\\\/\\\/www.facebook.com\\\/revistarambla\\\/\",\"https:\\\/\\\/x.com\\\/revistarambla\",\"https:\\\/\\\/www.instagram.com\\\/revista_rambla\",\"https:\\\/\\\/es.linkedin.com\\\/company\\\/revista-rambla\"]},{\"@type\":\"Person\",\"@id\":\"https:\\\/\\\/www.revistarambla.com\\\/#\\\/schema\\\/person\\\/23a7868ff10cd88f8fdb045c7b7e4a4d\",\"name\":\"Germ\u00e1n Gorraiz L\u00f3pez\",\"description\":\"Nacido en Navarra en 1957. Escribe an\u00e1lisis sobre temas econ\u00f3micos y geopol\u00edticos. Es miembro de Attac-Navarra. Colabora habitualmente en varios medios digitales e impresos espa\u00f1oles y latinoamericanos.\"}]}<\/script>\n<!-- \/ Yoast SEO plugin. -->","yoast_head_json":{"title":"\u00bfTiene techo el precio del petr\u00f3leo? - Revista Rambla","robots":{"index":"index","follow":"follow","max-snippet":"max-snippet:-1","max-image-preview":"max-image-preview:large","max-video-preview":"max-video-preview:-1"},"canonical":"https:\/\/www.revistarambla.com\/en\/tiene-techo-el-precio-del-petroleo\/","og_locale":"en_GB","og_type":"article","og_title":"\u00bfTiene techo el precio del petr\u00f3leo? - Revista Rambla","og_description":"Dado que las energ\u00edas alternativas todav\u00eda necesitan enormes subsidios como para ser viables en los pa\u00edses en v\u00edas de desarrollo, la pr\u00e1ctica del fracking (especie de panacea universal que resolver\u00e1 los problemas energ\u00e9ticos de la Humanidad) es todav\u00eda incipiente y suscita recelos medioambientales y la inercia de los activos petroleros [&hellip;]","og_url":"https:\/\/www.revistarambla.com\/en\/tiene-techo-el-precio-del-petroleo\/","og_site_name":"Revista Rambla","article_publisher":"https:\/\/www.facebook.com\/revistarambla\/","article_published_time":"2021-11-09T10:12:21+00:00","article_modified_time":"2021-12-07T15:08:17+00:00","og_image":[{"width":800,"height":465,"url":"https:\/\/www.revistarambla.com\/wp-content\/uploads\/2021\/11\/oil-rig-drill-engineer-equipment-extraction-1454193-pxhere.com_.jpg","type":"image\/jpeg"}],"author":"Germ\u00e1n Gorraiz L\u00f3pez","twitter_card":"summary_large_image","twitter_creator":"@revistarambla","twitter_site":"@revistarambla","twitter_misc":{"Written by":"Germ\u00e1n Gorraiz L\u00f3pez","Estimated reading time":"3 minutes"},"schema":{"@context":"https:\/\/schema.org","@graph":[{"@type":"Article","@id":"https:\/\/www.revistarambla.com\/tiene-techo-el-precio-del-petroleo\/#article","isPartOf":{"@id":"https:\/\/www.revistarambla.com\/tiene-techo-el-precio-del-petroleo\/"},"author":{"name":"Germ\u00e1n Gorraiz L\u00f3pez","@id":"https:\/\/www.revistarambla.com\/#\/schema\/person\/23a7868ff10cd88f8fdb045c7b7e4a4d"},"headline":"\u00bfTiene techo el precio del petr\u00f3leo?","datePublished":"2021-11-09T10:12:21+00:00","dateModified":"2021-12-07T15:08:17+00:00","mainEntityOfPage":{"@id":"https:\/\/www.revistarambla.com\/tiene-techo-el-precio-del-petroleo\/"},"wordCount":532,"commentCount":0,"publisher":{"@id":"https:\/\/www.revistarambla.com\/#organization"},"image":{"@id":"https:\/\/www.revistarambla.com\/tiene-techo-el-precio-del-petroleo\/#primaryimage"},"thumbnailUrl":"https:\/\/www.revistarambla.com\/wp-content\/uploads\/2021\/11\/oil-rig-drill-engineer-equipment-extraction-1454193-pxhere.com_.jpg","articleSection":["Opiniones"],"inLanguage":"en-GB","potentialAction":[{"@type":"CommentAction","name":"Comment","target":["https:\/\/www.revistarambla.com\/tiene-techo-el-precio-del-petroleo\/#respond"]}]},{"@type":"WebPage","@id":"https:\/\/www.revistarambla.com\/tiene-techo-el-precio-del-petroleo\/","url":"https:\/\/www.revistarambla.com\/tiene-techo-el-precio-del-petroleo\/","name":"\u00bfTiene techo el precio del petr\u00f3leo? - Revista Rambla","isPartOf":{"@id":"https:\/\/www.revistarambla.com\/#website"},"primaryImageOfPage":{"@id":"https:\/\/www.revistarambla.com\/tiene-techo-el-precio-del-petroleo\/#primaryimage"},"image":{"@id":"https:\/\/www.revistarambla.com\/tiene-techo-el-precio-del-petroleo\/#primaryimage"},"thumbnailUrl":"https:\/\/www.revistarambla.com\/wp-content\/uploads\/2021\/11\/oil-rig-drill-engineer-equipment-extraction-1454193-pxhere.com_.jpg","datePublished":"2021-11-09T10:12:21+00:00","dateModified":"2021-12-07T15:08:17+00:00","breadcrumb":{"@id":"https:\/\/www.revistarambla.com\/tiene-techo-el-precio-del-petroleo\/#breadcrumb"},"inLanguage":"en-GB","potentialAction":[{"@type":"ReadAction","target":["https:\/\/www.revistarambla.com\/tiene-techo-el-precio-del-petroleo\/"]}]},{"@type":"ImageObject","inLanguage":"en-GB","@id":"https:\/\/www.revistarambla.com\/tiene-techo-el-precio-del-petroleo\/#primaryimage","url":"https:\/\/www.revistarambla.com\/wp-content\/uploads\/2021\/11\/oil-rig-drill-engineer-equipment-extraction-1454193-pxhere.com_.jpg","contentUrl":"https:\/\/www.revistarambla.com\/wp-content\/uploads\/2021\/11\/oil-rig-drill-engineer-equipment-extraction-1454193-pxhere.com_.jpg","width":800,"height":465},{"@type":"BreadcrumbList","@id":"https:\/\/www.revistarambla.com\/tiene-techo-el-precio-del-petroleo\/#breadcrumb","itemListElement":[{"@type":"ListItem","position":1,"name":"Portada","item":"https:\/\/www.revistarambla.com\/"},{"@type":"ListItem","position":2,"name":"\u00bfTiene techo el precio del petr\u00f3leo?"}]},{"@type":"WebSite","@id":"https:\/\/www.revistarambla.com\/#website","url":"https:\/\/www.revistarambla.com\/","name":"Revista Rambla Barcelona","description":"Periodismo independiente","publisher":{"@id":"https:\/\/www.revistarambla.com\/#organization"},"potentialAction":[{"@type":"SearchAction","target":{"@type":"EntryPoint","urlTemplate":"https:\/\/www.revistarambla.com\/?s={search_term_string}"},"query-input":{"@type":"PropertyValueSpecification","valueRequired":true,"valueName":"search_term_string"}}],"inLanguage":"en-GB"},{"@type":"Organization","@id":"https:\/\/www.revistarambla.com\/#organization","name":"Revista Rambla","url":"https:\/\/www.revistarambla.com\/","logo":{"@type":"ImageObject","inLanguage":"en-GB","@id":"https:\/\/www.revistarambla.com\/#\/schema\/logo\/image\/","url":"https:\/\/www.revistarambla.com\/wp-content\/uploads\/2020\/09\/banner_rambla_1900x600_BB.png","contentUrl":"https:\/\/www.revistarambla.com\/wp-content\/uploads\/2020\/09\/banner_rambla_1900x600_BB.png","width":1900,"height":600,"caption":"Revista Rambla"},"image":{"@id":"https:\/\/www.revistarambla.com\/#\/schema\/logo\/image\/"},"sameAs":["https:\/\/www.facebook.com\/revistarambla\/","https:\/\/x.com\/revistarambla","https:\/\/www.instagram.com\/revista_rambla","https:\/\/es.linkedin.com\/company\/revista-rambla"]},{"@type":"Person","@id":"https:\/\/www.revistarambla.com\/#\/schema\/person\/23a7868ff10cd88f8fdb045c7b7e4a4d","name":"Germ\u00e1n Gorraiz L\u00f3pez","description":"Nacido en Navarra en 1957. Escribe an\u00e1lisis sobre temas econ\u00f3micos y geopol\u00edticos. Es miembro de Attac-Navarra. Colabora habitualmente en varios medios digitales e impresos espa\u00f1oles y latinoamericanos."}]}},"_links":{"self":[{"href":"https:\/\/www.revistarambla.com\/en\/wp-json\/wp\/v2\/posts\/36338","targetHints":{"allow":["GET"]}}],"collection":[{"href":"https:\/\/www.revistarambla.com\/en\/wp-json\/wp\/v2\/posts"}],"about":[{"href":"https:\/\/www.revistarambla.com\/en\/wp-json\/wp\/v2\/types\/post"}],"author":[{"embeddable":true,"href":"https:\/\/www.revistarambla.com\/en\/wp-json\/wp\/v2\/users\/16"}],"replies":[{"embeddable":true,"href":"https:\/\/www.revistarambla.com\/en\/wp-json\/wp\/v2\/comments?post=36338"}],"version-history":[{"count":0,"href":"https:\/\/www.revistarambla.com\/en\/wp-json\/wp\/v2\/posts\/36338\/revisions"}],"wp:featuredmedia":[{"embeddable":true,"href":"https:\/\/www.revistarambla.com\/en\/wp-json\/wp\/v2\/media\/36339"}],"wp:attachment":[{"href":"https:\/\/www.revistarambla.com\/en\/wp-json\/wp\/v2\/media?parent=36338"}],"wp:term":[{"taxonomy":"category","embeddable":true,"href":"https:\/\/www.revistarambla.com\/en\/wp-json\/wp\/v2\/categories?post=36338"},{"taxonomy":"post_tag","embeddable":true,"href":"https:\/\/www.revistarambla.com\/en\/wp-json\/wp\/v2\/tags?post=36338"}],"curies":[{"name":"wp","href":"https:\/\/api.w.org\/{rel}","templated":true}]}}