{"id":36288,"date":"2021-11-12T09:00:27","date_gmt":"2021-11-12T08:00:27","guid":{"rendered":"https:\/\/www.revistarambla.com\/?p=36288"},"modified":"2024-04-22T17:18:36","modified_gmt":"2024-04-22T15:18:36","slug":"el-tratamiento-de-gluteos-mas-demandado-en-barcelona","status":"publish","type":"post","link":"https:\/\/www.revistarambla.com\/en\/el-tratamiento-de-gluteos-mas-demandado-en-barcelona\/","title":{"rendered":"El tratamiento de gl\u00fateos m\u00e1s demandado en Barcelona"},"content":{"rendered":"<p>&nbsp;<\/p>\n<p>\u00bfSueles dedicar tiempo a cuidarte? Seguro que no tanto como te gustar\u00eda, ya que es posible que el ritmo de vida diario te impida encontrar momentos para ti. En muchos casos, la consecuencia es que no est\u00e9s satisfecha con la imagen que te devuelve el espejo. Por fortuna, existen alternativas que te pueden ayudar a conseguir verte mejor y sentirte mucho mejor. Si tienes un problema de flacidez, te invitamos a conocer <strong>el tratamiento de gl\u00fateos m\u00e1s demandado en <a href=\"https:\/\/www.revistarambla.com\/en\/actualidad\/barcelona\/\">Barcelona<\/a><\/strong>.<\/p>\n<h2>\u00bfCu\u00e1l es el tratamiento de gl\u00fateos m\u00e1s demandado en Barcelona?<\/h2>\n<p>El <strong><a href=\"https:\/\/doctorablanco.com\/push-up-gluteos-barcelona\/\">tratamiento push up gl\u00fateos<\/a><\/strong> se ha convertido en el m\u00e1s demandado en Barcelona y en general por todas las mujeres que quieren luchar contra uno de los efectos del paso del tiempo m\u00e1s temidos: <strong>la perdida de firmeza en distintas zonas del cuerpo<\/strong>.<\/p>\n<p>Antes de seguir adelante, queremos hablar algo m\u00e1s de la <strong>p\u00e9rdida de firmeza de los gl\u00fateos<\/strong>. Es cierto que cumplir a\u00f1os es una de las cuestiones que m\u00e1s afecta, pero tambi\u00e9n hay otras. El sobrepeso, los cambios de peso, llevar una vida sedentaria o la gen\u00e9tica determinar\u00e1n tambi\u00e9n tu aspecto f\u00edsico. Sin olvidar que el embarazo puede ser un punto de inflexi\u00f3n para tu cuerpo.<\/p>\n<p>Por suerte, en la actualidad no tienes que conformarte con tu f\u00edsico, sino que puedes pasar a la acci\u00f3n y cambiar tu imagen. Cuentas con diferentes opciones, sin embargo una de las m\u00e1s solicitadas es el <strong>tratamiento push up<\/strong>. Descubrir\u00e1s en qu\u00e9 consiste en las siguientes l\u00edneas.<\/p>\n<h2>\u00bfEn qu\u00e9 consiste el tratamiento push up de gl\u00fateos?<\/h2>\n<p><strong>El tratamiento push up de gl\u00fateos consiste en inyectar una serie de sustancias a nivel hipod\u00e9rmico<\/strong>. El objetivo es dar volumen y firmeza, tambi\u00e9n tonificar la piel de la zona. Es un tratamiento m\u00e9dico m\u00ednimamente invasivo y logra grandes resultados.<\/p>\n<p>En cuanto a esas sustancias que se utilizan, estas son las m\u00e1s habituales:<\/p>\n<ul>\n<li><strong>\u00c1cido polil\u00e1ctico<\/strong>. Es un activador natural del col\u00e1geno que mejora la calidad de la piel, le da firmeza y un mayor relleno.<\/li>\n<li><strong>\u00c1cido hialur\u00f3nico<\/strong>. Sirve para dar m\u00e1s firmeza y volumen a la zona.<\/li>\n<\/ul>\n<p>Aunque son las mujeres las que suelen tener m\u00e1s problemas de flacidez en los muslos, es necesario aclarar que este tratamiento es apto para personas de cualquier edad y tambi\u00e9n para hombres.<\/p>\n<p>En la mayor\u00eda de las ocasiones, <strong>el tratamiento se emplea combinado con tecnolog\u00eda para mejorar los resultados<\/strong>. Todos los procesos que estamos comentando se realizan de forma ambulatoria, en el propio centro m\u00e9dico est\u00e9tico y el paciente puede volver a su rutina pr\u00e1cticamente al momento.<\/p>\n<p>Por supuesto, adem\u00e1s de conseguir recuperar el tono de la piel, su firmeza y elevar los gl\u00fateos, <strong>tambi\u00e9n se consigue acabar con la celulitis<\/strong>. En cuanto al n\u00famero de sesiones, depender\u00e1n de cada caso, aunque lo habitual es que sean entre 1 y 3. Ser\u00e1 el m\u00e9dico quien valore tu situaci\u00f3n y te indique cu\u00e1ntas har\u00e1n falta en tu caso.<\/p>\n<p>Disfrutar de este tratamiento de <a href=\"https:\/\/doctorablanco.com\/\"><strong>medicina est\u00e9tica Barcelona<\/strong><\/a> te permitir\u00e1 volver a disfrutar de unos gl\u00fateos firmes y con volumen.<\/p>","protected":false},"excerpt":{"rendered":"<p>&nbsp; \u00bfSueles dedicar tiempo a cuidarte? Seguro que no tanto como te gustar\u00eda, ya que es posible que el ritmo de vida diario te impida encontrar momentos para ti. En muchos casos, la consecuencia es que no est\u00e9s satisfecha con la imagen que te devuelve el espejo. Por fortuna, existen [&hellip;]<\/p>\n","protected":false},"author":3,"featured_media":36289,"comment_status":"open","ping_status":"open","sticky":false,"template":"","format":"standard","meta":{"footnotes":""},"categories":[4103],"tags":[],"class_list":["post-36288","post","type-post","status-publish","format-standard","has-post-thumbnail","hentry","category-mas-barcelona"],"yoast_head":"<!-- This site is optimized with the Yoast SEO plugin v27.5 - https:\/\/yoast.com\/product\/yoast-seo-wordpress\/ -->\n<title>El tratamiento de gl\u00fateos m\u00e1s demandado en Barcelona - Revista Rambla<\/title>\n<meta name=\"description\" content=\"Si tienes un problema de flacidez, te invitamos a conocer el tratamiento de gl\u00fateos m\u00e1s demandado en Barcelona.\" \/>\n<meta name=\"robots\" content=\"index, follow, max-snippet:-1, max-image-preview:large, max-video-preview:-1\" \/>\n<link rel=\"canonical\" href=\"https:\/\/www.revistarambla.com\/en\/el-tratamiento-de-gluteos-mas-demandado-en-barcelona\/\" \/>\n<meta property=\"og:locale\" content=\"en_GB\" \/>\n<meta property=\"og:type\" content=\"article\" \/>\n<meta property=\"og:title\" content=\"El tratamiento de gl\u00fateos m\u00e1s demandado en Barcelona - Revista Rambla\" \/>\n<meta property=\"og:description\" content=\"Si tienes un problema de flacidez, te invitamos a conocer el tratamiento de gl\u00fateos m\u00e1s demandado en Barcelona.\" \/>\n<meta property=\"og:url\" content=\"https:\/\/www.revistarambla.com\/en\/el-tratamiento-de-gluteos-mas-demandado-en-barcelona\/\" \/>\n<meta property=\"og:site_name\" content=\"Revista Rambla\" \/>\n<meta property=\"article:publisher\" content=\"https:\/\/www.facebook.com\/revistarambla\/\" \/>\n<meta property=\"article:author\" content=\"https:\/\/www.facebook.com\/revistarambla\" \/>\n<meta property=\"article:published_time\" content=\"2021-11-12T08:00:27+00:00\" \/>\n<meta property=\"article:modified_time\" content=\"2024-04-22T15:18:36+00:00\" \/>\n<meta property=\"og:image\" content=\"https:\/\/www.revistarambla.com\/wp-content\/uploads\/2021\/11\/hand-man-people-girl-woman-white-731693-pxhere.com_.jpg\" \/>\n\t<meta property=\"og:image:width\" content=\"800\" \/>\n\t<meta property=\"og:image:height\" content=\"533\" \/>\n\t<meta property=\"og:image:type\" content=\"image\/jpeg\" \/>\n<meta name=\"author\" content=\"R@mbla\" \/>\n<meta name=\"twitter:card\" content=\"summary_large_image\" \/>\n<meta name=\"twitter:creator\" content=\"@revistarambla\" \/>\n<meta name=\"twitter:site\" content=\"@revistarambla\" \/>\n<meta name=\"twitter:label1\" content=\"Written by\" \/>\n\t<meta name=\"twitter:data1\" content=\"R@mbla\" \/>\n\t<meta name=\"twitter:label2\" content=\"Estimated reading time\" \/>\n\t<meta name=\"twitter:data2\" content=\"3 minutes\" \/>\n<script type=\"application\/ld+json\" class=\"yoast-schema-graph\">{\"@context\":\"https:\\\/\\\/schema.org\",\"@graph\":[{\"@type\":\"Article\",\"@id\":\"https:\\\/\\\/www.revistarambla.com\\\/el-tratamiento-de-gluteos-mas-demandado-en-barcelona\\\/#article\",\"isPartOf\":{\"@id\":\"https:\\\/\\\/www.revistarambla.com\\\/el-tratamiento-de-gluteos-mas-demandado-en-barcelona\\\/\"},\"author\":{\"name\":\"R@mbla\",\"@id\":\"https:\\\/\\\/www.revistarambla.com\\\/#\\\/schema\\\/person\\\/a146a5a2550b94981a75131180e1bd9c\"},\"headline\":\"El tratamiento de gl\u00fateos m\u00e1s demandado en Barcelona\",\"datePublished\":\"2021-11-12T08:00:27+00:00\",\"dateModified\":\"2024-04-22T15:18:36+00:00\",\"mainEntityOfPage\":{\"@id\":\"https:\\\/\\\/www.revistarambla.com\\\/el-tratamiento-de-gluteos-mas-demandado-en-barcelona\\\/\"},\"wordCount\":563,\"commentCount\":0,\"publisher\":{\"@id\":\"https:\\\/\\\/www.revistarambla.com\\\/#organization\"},\"image\":{\"@id\":\"https:\\\/\\\/www.revistarambla.com\\\/el-tratamiento-de-gluteos-mas-demandado-en-barcelona\\\/#primaryimage\"},\"thumbnailUrl\":\"https:\\\/\\\/www.revistarambla.com\\\/wp-content\\\/uploads\\\/2021\\\/11\\\/hand-man-people-girl-woman-white-731693-pxhere.com_.jpg\",\"articleSection\":[\"M\u00e1s Barcelona\"],\"inLanguage\":\"en-GB\",\"potentialAction\":[{\"@type\":\"CommentAction\",\"name\":\"Comment\",\"target\":[\"https:\\\/\\\/www.revistarambla.com\\\/el-tratamiento-de-gluteos-mas-demandado-en-barcelona\\\/#respond\"]}]},{\"@type\":\"WebPage\",\"@id\":\"https:\\\/\\\/www.revistarambla.com\\\/el-tratamiento-de-gluteos-mas-demandado-en-barcelona\\\/\",\"url\":\"https:\\\/\\\/www.revistarambla.com\\\/el-tratamiento-de-gluteos-mas-demandado-en-barcelona\\\/\",\"name\":\"El tratamiento de gl\u00fateos m\u00e1s demandado en Barcelona - Revista Rambla\",\"isPartOf\":{\"@id\":\"https:\\\/\\\/www.revistarambla.com\\\/#website\"},\"primaryImageOfPage\":{\"@id\":\"https:\\\/\\\/www.revistarambla.com\\\/el-tratamiento-de-gluteos-mas-demandado-en-barcelona\\\/#primaryimage\"},\"image\":{\"@id\":\"https:\\\/\\\/www.revistarambla.com\\\/el-tratamiento-de-gluteos-mas-demandado-en-barcelona\\\/#primaryimage\"},\"thumbnailUrl\":\"https:\\\/\\\/www.revistarambla.com\\\/wp-content\\\/uploads\\\/2021\\\/11\\\/hand-man-people-girl-woman-white-731693-pxhere.com_.jpg\",\"datePublished\":\"2021-11-12T08:00:27+00:00\",\"dateModified\":\"2024-04-22T15:18:36+00:00\",\"description\":\"Si tienes un problema de flacidez, te invitamos a conocer el tratamiento de gl\u00fateos m\u00e1s demandado en Barcelona.\",\"breadcrumb\":{\"@id\":\"https:\\\/\\\/www.revistarambla.com\\\/el-tratamiento-de-gluteos-mas-demandado-en-barcelona\\\/#breadcrumb\"},\"inLanguage\":\"en-GB\",\"potentialAction\":[{\"@type\":\"ReadAction\",\"target\":[\"https:\\\/\\\/www.revistarambla.com\\\/el-tratamiento-de-gluteos-mas-demandado-en-barcelona\\\/\"]}]},{\"@type\":\"ImageObject\",\"inLanguage\":\"en-GB\",\"@id\":\"https:\\\/\\\/www.revistarambla.com\\\/el-tratamiento-de-gluteos-mas-demandado-en-barcelona\\\/#primaryimage\",\"url\":\"https:\\\/\\\/www.revistarambla.com\\\/wp-content\\\/uploads\\\/2021\\\/11\\\/hand-man-people-girl-woman-white-731693-pxhere.com_.jpg\",\"contentUrl\":\"https:\\\/\\\/www.revistarambla.com\\\/wp-content\\\/uploads\\\/2021\\\/11\\\/hand-man-people-girl-woman-white-731693-pxhere.com_.jpg\",\"width\":800,\"height\":533},{\"@type\":\"BreadcrumbList\",\"@id\":\"https:\\\/\\\/www.revistarambla.com\\\/el-tratamiento-de-gluteos-mas-demandado-en-barcelona\\\/#breadcrumb\",\"itemListElement\":[{\"@type\":\"ListItem\",\"position\":1,\"name\":\"Portada\",\"item\":\"https:\\\/\\\/www.revistarambla.com\\\/\"},{\"@type\":\"ListItem\",\"position\":2,\"name\":\"El tratamiento de gl\u00fateos m\u00e1s demandado en Barcelona\"}]},{\"@type\":\"WebSite\",\"@id\":\"https:\\\/\\\/www.revistarambla.com\\\/#website\",\"url\":\"https:\\\/\\\/www.revistarambla.com\\\/\",\"name\":\"Revista Rambla Barcelona\",\"description\":\"Periodismo independiente\",\"publisher\":{\"@id\":\"https:\\\/\\\/www.revistarambla.com\\\/#organization\"},\"potentialAction\":[{\"@type\":\"SearchAction\",\"target\":{\"@type\":\"EntryPoint\",\"urlTemplate\":\"https:\\\/\\\/www.revistarambla.com\\\/?s={search_term_string}\"},\"query-input\":{\"@type\":\"PropertyValueSpecification\",\"valueRequired\":true,\"valueName\":\"search_term_string\"}}],\"inLanguage\":\"en-GB\"},{\"@type\":\"Organization\",\"@id\":\"https:\\\/\\\/www.revistarambla.com\\\/#organization\",\"name\":\"Revista Rambla\",\"url\":\"https:\\\/\\\/www.revistarambla.com\\\/\",\"logo\":{\"@type\":\"ImageObject\",\"inLanguage\":\"en-GB\",\"@id\":\"https:\\\/\\\/www.revistarambla.com\\\/#\\\/schema\\\/logo\\\/image\\\/\",\"url\":\"https:\\\/\\\/www.revistarambla.com\\\/wp-content\\\/uploads\\\/2020\\\/09\\\/banner_rambla_1900x600_BB.png\",\"contentUrl\":\"https:\\\/\\\/www.revistarambla.com\\\/wp-content\\\/uploads\\\/2020\\\/09\\\/banner_rambla_1900x600_BB.png\",\"width\":1900,\"height\":600,\"caption\":\"Revista Rambla\"},\"image\":{\"@id\":\"https:\\\/\\\/www.revistarambla.com\\\/#\\\/schema\\\/logo\\\/image\\\/\"},\"sameAs\":[\"https:\\\/\\\/www.facebook.com\\\/revistarambla\\\/\",\"https:\\\/\\\/x.com\\\/revistarambla\",\"https:\\\/\\\/www.instagram.com\\\/revista_rambla\",\"https:\\\/\\\/es.linkedin.com\\\/company\\\/revista-rambla\"]},{\"@type\":\"Person\",\"@id\":\"https:\\\/\\\/www.revistarambla.com\\\/#\\\/schema\\\/person\\\/a146a5a2550b94981a75131180e1bd9c\",\"name\":\"R@mbla\",\"description\":\"Este art\u00edculo ha sido redactado y\\\/o validado por el equipo de redacci\u00f3n de Revista Rambla.\",\"sameAs\":[\"https:\\\/\\\/www.revistarambla.com\\\/\",\"https:\\\/\\\/www.facebook.com\\\/revistarambla\",\"https:\\\/\\\/x.com\\\/revistarambla\"]}]}<\/script>\n<!-- \/ Yoast SEO plugin. -->","yoast_head_json":{"title":"El tratamiento de gl\u00fateos m\u00e1s demandado en Barcelona - Revista Rambla","description":"Si tienes un problema de flacidez, te invitamos a conocer el tratamiento de gl\u00fateos m\u00e1s demandado en Barcelona.","robots":{"index":"index","follow":"follow","max-snippet":"max-snippet:-1","max-image-preview":"max-image-preview:large","max-video-preview":"max-video-preview:-1"},"canonical":"https:\/\/www.revistarambla.com\/en\/el-tratamiento-de-gluteos-mas-demandado-en-barcelona\/","og_locale":"en_GB","og_type":"article","og_title":"El tratamiento de gl\u00fateos m\u00e1s demandado en Barcelona - Revista Rambla","og_description":"Si tienes un problema de flacidez, te invitamos a conocer el tratamiento de gl\u00fateos m\u00e1s demandado en Barcelona.","og_url":"https:\/\/www.revistarambla.com\/en\/el-tratamiento-de-gluteos-mas-demandado-en-barcelona\/","og_site_name":"Revista Rambla","article_publisher":"https:\/\/www.facebook.com\/revistarambla\/","article_author":"https:\/\/www.facebook.com\/revistarambla","article_published_time":"2021-11-12T08:00:27+00:00","article_modified_time":"2024-04-22T15:18:36+00:00","og_image":[{"width":800,"height":533,"url":"https:\/\/www.revistarambla.com\/wp-content\/uploads\/2021\/11\/hand-man-people-girl-woman-white-731693-pxhere.com_.jpg","type":"image\/jpeg"}],"author":"R@mbla","twitter_card":"summary_large_image","twitter_creator":"@revistarambla","twitter_site":"@revistarambla","twitter_misc":{"Written by":"R@mbla","Estimated reading time":"3 minutes"},"schema":{"@context":"https:\/\/schema.org","@graph":[{"@type":"Article","@id":"https:\/\/www.revistarambla.com\/el-tratamiento-de-gluteos-mas-demandado-en-barcelona\/#article","isPartOf":{"@id":"https:\/\/www.revistarambla.com\/el-tratamiento-de-gluteos-mas-demandado-en-barcelona\/"},"author":{"name":"R@mbla","@id":"https:\/\/www.revistarambla.com\/#\/schema\/person\/a146a5a2550b94981a75131180e1bd9c"},"headline":"El tratamiento de gl\u00fateos m\u00e1s demandado en Barcelona","datePublished":"2021-11-12T08:00:27+00:00","dateModified":"2024-04-22T15:18:36+00:00","mainEntityOfPage":{"@id":"https:\/\/www.revistarambla.com\/el-tratamiento-de-gluteos-mas-demandado-en-barcelona\/"},"wordCount":563,"commentCount":0,"publisher":{"@id":"https:\/\/www.revistarambla.com\/#organization"},"image":{"@id":"https:\/\/www.revistarambla.com\/el-tratamiento-de-gluteos-mas-demandado-en-barcelona\/#primaryimage"},"thumbnailUrl":"https:\/\/www.revistarambla.com\/wp-content\/uploads\/2021\/11\/hand-man-people-girl-woman-white-731693-pxhere.com_.jpg","articleSection":["M\u00e1s Barcelona"],"inLanguage":"en-GB","potentialAction":[{"@type":"CommentAction","name":"Comment","target":["https:\/\/www.revistarambla.com\/el-tratamiento-de-gluteos-mas-demandado-en-barcelona\/#respond"]}]},{"@type":"WebPage","@id":"https:\/\/www.revistarambla.com\/el-tratamiento-de-gluteos-mas-demandado-en-barcelona\/","url":"https:\/\/www.revistarambla.com\/el-tratamiento-de-gluteos-mas-demandado-en-barcelona\/","name":"El tratamiento de gl\u00fateos m\u00e1s demandado en Barcelona - Revista Rambla","isPartOf":{"@id":"https:\/\/www.revistarambla.com\/#website"},"primaryImageOfPage":{"@id":"https:\/\/www.revistarambla.com\/el-tratamiento-de-gluteos-mas-demandado-en-barcelona\/#primaryimage"},"image":{"@id":"https:\/\/www.revistarambla.com\/el-tratamiento-de-gluteos-mas-demandado-en-barcelona\/#primaryimage"},"thumbnailUrl":"https:\/\/www.revistarambla.com\/wp-content\/uploads\/2021\/11\/hand-man-people-girl-woman-white-731693-pxhere.com_.jpg","datePublished":"2021-11-12T08:00:27+00:00","dateModified":"2024-04-22T15:18:36+00:00","description":"Si tienes un problema de flacidez, te invitamos a conocer el tratamiento de gl\u00fateos m\u00e1s demandado en Barcelona.","breadcrumb":{"@id":"https:\/\/www.revistarambla.com\/el-tratamiento-de-gluteos-mas-demandado-en-barcelona\/#breadcrumb"},"inLanguage":"en-GB","potentialAction":[{"@type":"ReadAction","target":["https:\/\/www.revistarambla.com\/el-tratamiento-de-gluteos-mas-demandado-en-barcelona\/"]}]},{"@type":"ImageObject","inLanguage":"en-GB","@id":"https:\/\/www.revistarambla.com\/el-tratamiento-de-gluteos-mas-demandado-en-barcelona\/#primaryimage","url":"https:\/\/www.revistarambla.com\/wp-content\/uploads\/2021\/11\/hand-man-people-girl-woman-white-731693-pxhere.com_.jpg","contentUrl":"https:\/\/www.revistarambla.com\/wp-content\/uploads\/2021\/11\/hand-man-people-girl-woman-white-731693-pxhere.com_.jpg","width":800,"height":533},{"@type":"BreadcrumbList","@id":"https:\/\/www.revistarambla.com\/el-tratamiento-de-gluteos-mas-demandado-en-barcelona\/#breadcrumb","itemListElement":[{"@type":"ListItem","position":1,"name":"Portada","item":"https:\/\/www.revistarambla.com\/"},{"@type":"ListItem","position":2,"name":"El tratamiento de gl\u00fateos m\u00e1s demandado en Barcelona"}]},{"@type":"WebSite","@id":"https:\/\/www.revistarambla.com\/#website","url":"https:\/\/www.revistarambla.com\/","name":"Revista Rambla Barcelona","description":"Periodismo independiente","publisher":{"@id":"https:\/\/www.revistarambla.com\/#organization"},"potentialAction":[{"@type":"SearchAction","target":{"@type":"EntryPoint","urlTemplate":"https:\/\/www.revistarambla.com\/?s={search_term_string}"},"query-input":{"@type":"PropertyValueSpecification","valueRequired":true,"valueName":"search_term_string"}}],"inLanguage":"en-GB"},{"@type":"Organization","@id":"https:\/\/www.revistarambla.com\/#organization","name":"Revista Rambla","url":"https:\/\/www.revistarambla.com\/","logo":{"@type":"ImageObject","inLanguage":"en-GB","@id":"https:\/\/www.revistarambla.com\/#\/schema\/logo\/image\/","url":"https:\/\/www.revistarambla.com\/wp-content\/uploads\/2020\/09\/banner_rambla_1900x600_BB.png","contentUrl":"https:\/\/www.revistarambla.com\/wp-content\/uploads\/2020\/09\/banner_rambla_1900x600_BB.png","width":1900,"height":600,"caption":"Revista Rambla"},"image":{"@id":"https:\/\/www.revistarambla.com\/#\/schema\/logo\/image\/"},"sameAs":["https:\/\/www.facebook.com\/revistarambla\/","https:\/\/x.com\/revistarambla","https:\/\/www.instagram.com\/revista_rambla","https:\/\/es.linkedin.com\/company\/revista-rambla"]},{"@type":"Person","@id":"https:\/\/www.revistarambla.com\/#\/schema\/person\/a146a5a2550b94981a75131180e1bd9c","name":"R@mbla","description":"Este art\u00edculo ha sido redactado y\/o validado por el equipo de redacci\u00f3n de Revista Rambla.","sameAs":["https:\/\/www.revistarambla.com\/","https:\/\/www.facebook.com\/revistarambla","https:\/\/x.com\/revistarambla"]}]}},"_links":{"self":[{"href":"https:\/\/www.revistarambla.com\/en\/wp-json\/wp\/v2\/posts\/36288","targetHints":{"allow":["GET"]}}],"collection":[{"href":"https:\/\/www.revistarambla.com\/en\/wp-json\/wp\/v2\/posts"}],"about":[{"href":"https:\/\/www.revistarambla.com\/en\/wp-json\/wp\/v2\/types\/post"}],"author":[{"embeddable":true,"href":"https:\/\/www.revistarambla.com\/en\/wp-json\/wp\/v2\/users\/3"}],"replies":[{"embeddable":true,"href":"https:\/\/www.revistarambla.com\/en\/wp-json\/wp\/v2\/comments?post=36288"}],"version-history":[{"count":2,"href":"https:\/\/www.revistarambla.com\/en\/wp-json\/wp\/v2\/posts\/36288\/revisions"}],"predecessor-version":[{"id":59604,"href":"https:\/\/www.revistarambla.com\/en\/wp-json\/wp\/v2\/posts\/36288\/revisions\/59604"}],"wp:featuredmedia":[{"embeddable":true,"href":"https:\/\/www.revistarambla.com\/en\/wp-json\/wp\/v2\/media\/36289"}],"wp:attachment":[{"href":"https:\/\/www.revistarambla.com\/en\/wp-json\/wp\/v2\/media?parent=36288"}],"wp:term":[{"taxonomy":"category","embeddable":true,"href":"https:\/\/www.revistarambla.com\/en\/wp-json\/wp\/v2\/categories?post=36288"},{"taxonomy":"post_tag","embeddable":true,"href":"https:\/\/www.revistarambla.com\/en\/wp-json\/wp\/v2\/tags?post=36288"}],"curies":[{"name":"wp","href":"https:\/\/api.w.org\/{rel}","templated":true}]}}