{"id":3623,"date":"2013-07-07T09:41:36","date_gmt":"2013-07-07T09:41:36","guid":{"rendered":"https:\/\/www.revistarambla.com\/las-becas-y-los-cigarrillos\/"},"modified":"2021-06-02T21:20:23","modified_gmt":"2021-06-02T19:20:23","slug":"las-becas-y-los-cigarrillos","status":"publish","type":"post","link":"https:\/\/www.revistarambla.com\/en\/las-becas-y-los-cigarrillos\/","title":{"rendered":"Las becas y los cigarrillos"},"content":{"rendered":"<figure style=\"width: 700px\" class=\"wp-caption aligncenter\"><img decoding=\"async\" src=\"https:\/\/www.revistarambla.com\/wp-content\/uploads\/2013\/07\/rambla%20fumadores.jpg\" alt=\"alt\" width=\"700\" height=\"252\" \/><figcaption class=\"wp-caption-text\">Ilustra Evelio G\u00f3mez.<\/figcaption><\/figure>\n<p>Los ni\u00f1os que fuman se quedan sin beca. Este podr\u00eda ser uno de los criterios que Ignacio Wert aplique en su nuevo sistema educativo. As\u00ed lo parece justificar una reciente investigaci\u00f3n publicada en la revista Nicotine &amp; Tobacco Research seg\u00fan la cual, los estudiantes que fuman rinden hasta cuatro veces menos que quienes carecen de tan mal h\u00e1bito. El estudio, en el que ha participado la Universidad Carlos III de Madrid, no aborda la competitividad acad\u00e9mica de aquellos estudiantes que, adem\u00e1s, combinan la placentera bocanada de humo con los espiritosos influjos del alcohol o las caricias furtivas de la carne. Es una pena, pues con toda seguridad esas informaciones aportar\u00edan datos clave para la reforma que el incomprendido ministro\u00a0 de Educaci\u00f3n se lleva entre manos.<\/p>\n<p>Ignoro si Wert fumaba en sus solitarias noches de juventud mientras preparaba ex\u00e1menes, si buscaba en aquellos momentos el calor reconfortante de un carajillo o si hallaba consuelo en alguna caricia furtiva de la carne, propia o ajena. O, incluso, desconozco si hac\u00eda todo ello a la vez o, por el contrario, prefer\u00eda el espartano ejercicio del trabajo concentrado y la plegaria a San Cucufato. Lo que s\u00ed parece seguro es que en aquel periodo de su vida debi\u00f3 de acontecer algo que explique su actual obsesi\u00f3n por los criterios objetivos a la hora de distribuir becas entre los j\u00f3venes que hoy, como \u00e9l anta\u00f1o, se enfrentan a la soledad de largas noches de estudio. Obsesi\u00f3n compartida por la abochornada Esperanza Aguirre que, puesta a ser m\u00e1s chula que un ocho, no duda en proponer la exigencia de la matr\u00edcula de honor para obtener una beca all\u00ed donde el moderado Wert se contentaba con un mediocre 6,5.<\/p>\n<p>La pol\u00e9mica no es nimia ya que, en \u00faltima instancia, no se trata de reproducir el debate caduco y trasnochado de educar a las nuevas generaciones para avanzar hacia una sociedad m\u00e1s libre, culta, cr\u00edtica y formada. No. Se trata de favorecer a aquellos que tengan un rendimiento satisfactorio, potenciar a los matem\u00e1ticamente mejores para que el d\u00eda de ma\u00f1ana, si logran escapar de las garras del desempleo o esquivar la condena de un contrato basura, est\u00e9n en condiciones de \u201ccompensar\u201d a la sociedad por las ayudas recibidas. El discurso neocon se viste as\u00ed con sus mejores galas de aparente sentido com\u00fan, para combatir las diatribas de una izquierda empe\u00f1ada en reivindicar la intromisi\u00f3n del Estado contra los desequilibrios sociales, o en concebir la educaci\u00f3n como un cortijo, olvidando que en este pa\u00eds si alguien sabe de cortijos es la derecha.<\/p>\n<p>En cualquier caso, la b\u00fasqueda de una compensaci\u00f3n en las pol\u00edticas p\u00fablicas permite a los chicos del PP y a los neoliberales de turno, legitimar sus m\u00e1s variadas decisiones. Porque, \u00bfc\u00f3mo no entender que se recorte impuestos a los m\u00e1s ricos si como triunfadores son quienes m\u00e1s pueden compensar a la sociedad? \u00bfC\u00f3mo reprochar a los nacionalistas por reclamar que los territorios que m\u00e1s aporten m\u00e1s reciban? \u00bfC\u00f3mo no beneficiar las ofertas de aquellas empresas que m\u00e1s pueden compensar la caja B del partido? \u00bfPor qu\u00e9 no vamos a invertir en 12% de nuestro Producto Interior P\u00fablico en salvar a los bancos si son quienes controlan el flujo financiero de nuestra estabilidad gubernamental? \u00bfPor qu\u00e9 no respaldar a las grandes corporaciones que podr\u00e1n compensarnos el d\u00eda de ma\u00f1ana con un puesto en el consejo de administraci\u00f3n?<\/p>\n<p>Mientras tanto dejaremos que la mano invisible del mercado se encargue del resto. De los hipotecados que pierden sus casas, de los trabajadores sin ambiciones de emprendedor, de los enfermos cr\u00f3nicos y jubilados incapaces de entender su il\u00f3gico empecinamiento en seguir con vida. O de esos estudiantes par\u00e1sitos que aspiran a una beca con el \u00fanico objetivo de no tener que trabajar ni para comprar tabaco. Y ya se sabe que en estos casos lo \u00fanico que sabe hacer esta mano suelta, por muy invisible que sea, es abofetear.<\/p>","protected":false},"excerpt":{"rendered":"<p>Los ni\u00f1os que fuman se quedan sin beca. Este podr\u00eda ser uno de los criterios que Ignacio Wert aplique en su nuevo sistema educativo. As\u00ed lo parece justificar una reciente investigaci\u00f3n publicada en la revista Nicotine &amp; Tobacco Research seg\u00fan la cual, los estudiantes que fuman rinden hasta cuatro veces [&hellip;]<\/p>\n","protected":false},"author":3,"featured_media":0,"comment_status":"open","ping_status":"open","sticky":false,"template":"","format":"standard","meta":{"footnotes":""},"categories":[72],"tags":[],"class_list":["post-3623","post","type-post","status-publish","format-standard","hentry","category-opinion"],"yoast_head":"<!-- This site is optimized with the Yoast SEO plugin v27.5 - https:\/\/yoast.com\/product\/yoast-seo-wordpress\/ -->\n<title>Las becas y los cigarrillos - Revista Rambla<\/title>\n<meta name=\"robots\" content=\"index, follow, max-snippet:-1, max-image-preview:large, max-video-preview:-1\" \/>\n<link rel=\"canonical\" href=\"https:\/\/www.revistarambla.com\/en\/las-becas-y-los-cigarrillos\/\" \/>\n<meta property=\"og:locale\" content=\"en_GB\" \/>\n<meta property=\"og:type\" content=\"article\" \/>\n<meta property=\"og:title\" content=\"Las becas y los cigarrillos - Revista Rambla\" \/>\n<meta property=\"og:description\" content=\"Los ni\u00f1os que fuman se quedan sin beca. Este podr\u00eda ser uno de los criterios que Ignacio Wert aplique en su nuevo sistema educativo. As\u00ed lo parece justificar una reciente investigaci\u00f3n publicada en la revista Nicotine &amp; Tobacco Research seg\u00fan la cual, los estudiantes que fuman rinden hasta cuatro veces [&hellip;]\" \/>\n<meta property=\"og:url\" content=\"https:\/\/www.revistarambla.com\/en\/las-becas-y-los-cigarrillos\/\" \/>\n<meta property=\"og:site_name\" content=\"Revista Rambla\" \/>\n<meta property=\"article:publisher\" content=\"https:\/\/www.facebook.com\/revistarambla\/\" \/>\n<meta property=\"article:author\" content=\"https:\/\/www.facebook.com\/revistarambla\" \/>\n<meta property=\"article:published_time\" content=\"2013-07-07T09:41:36+00:00\" \/>\n<meta property=\"article:modified_time\" content=\"2021-06-02T19:20:23+00:00\" \/>\n<meta property=\"og:image\" content=\"https:\/\/i2.wp.com\/www.revistarambla.com\/wp-content\/uploads\/2013\/07\/rambla%20fumadores-01.jpg?fit=682%2C450&ssl=1\" \/>\n\t<meta property=\"og:image:width\" content=\"682\" \/>\n\t<meta property=\"og:image:height\" content=\"450\" \/>\n\t<meta property=\"og:image:type\" content=\"image\/jpeg\" \/>\n<meta name=\"author\" content=\"R@mbla\" \/>\n<meta name=\"twitter:card\" content=\"summary_large_image\" \/>\n<meta name=\"twitter:creator\" content=\"@revistarambla\" \/>\n<meta name=\"twitter:site\" content=\"@revistarambla\" \/>\n<meta name=\"twitter:label1\" content=\"Written by\" \/>\n\t<meta name=\"twitter:data1\" content=\"R@mbla\" \/>\n\t<meta name=\"twitter:label2\" content=\"Estimated reading time\" \/>\n\t<meta name=\"twitter:data2\" content=\"4 minutes\" \/>\n<script type=\"application\/ld+json\" class=\"yoast-schema-graph\">{\"@context\":\"https:\\\/\\\/schema.org\",\"@graph\":[{\"@type\":\"Article\",\"@id\":\"https:\\\/\\\/www.revistarambla.com\\\/las-becas-y-los-cigarrillos\\\/#article\",\"isPartOf\":{\"@id\":\"https:\\\/\\\/www.revistarambla.com\\\/las-becas-y-los-cigarrillos\\\/\"},\"author\":{\"name\":\"R@mbla\",\"@id\":\"https:\\\/\\\/www.revistarambla.com\\\/#\\\/schema\\\/person\\\/a146a5a2550b94981a75131180e1bd9c\"},\"headline\":\"Las becas y los cigarrillos\",\"datePublished\":\"2013-07-07T09:41:36+00:00\",\"dateModified\":\"2021-06-02T19:20:23+00:00\",\"mainEntityOfPage\":{\"@id\":\"https:\\\/\\\/www.revistarambla.com\\\/las-becas-y-los-cigarrillos\\\/\"},\"wordCount\":712,\"commentCount\":0,\"publisher\":{\"@id\":\"https:\\\/\\\/www.revistarambla.com\\\/#organization\"},\"image\":{\"@id\":\"https:\\\/\\\/www.revistarambla.com\\\/las-becas-y-los-cigarrillos\\\/#primaryimage\"},\"thumbnailUrl\":\"https:\\\/\\\/www.revistarambla.com\\\/wp-content\\\/uploads\\\/2013\\\/07\\\/rambla%20fumadores.jpg\",\"articleSection\":[\"Opiniones\"],\"inLanguage\":\"en-GB\",\"potentialAction\":[{\"@type\":\"CommentAction\",\"name\":\"Comment\",\"target\":[\"https:\\\/\\\/www.revistarambla.com\\\/las-becas-y-los-cigarrillos\\\/#respond\"]}]},{\"@type\":\"WebPage\",\"@id\":\"https:\\\/\\\/www.revistarambla.com\\\/las-becas-y-los-cigarrillos\\\/\",\"url\":\"https:\\\/\\\/www.revistarambla.com\\\/las-becas-y-los-cigarrillos\\\/\",\"name\":\"Las becas y los cigarrillos - Revista Rambla\",\"isPartOf\":{\"@id\":\"https:\\\/\\\/www.revistarambla.com\\\/#website\"},\"primaryImageOfPage\":{\"@id\":\"https:\\\/\\\/www.revistarambla.com\\\/las-becas-y-los-cigarrillos\\\/#primaryimage\"},\"image\":{\"@id\":\"https:\\\/\\\/www.revistarambla.com\\\/las-becas-y-los-cigarrillos\\\/#primaryimage\"},\"thumbnailUrl\":\"https:\\\/\\\/www.revistarambla.com\\\/wp-content\\\/uploads\\\/2013\\\/07\\\/rambla%20fumadores.jpg\",\"datePublished\":\"2013-07-07T09:41:36+00:00\",\"dateModified\":\"2021-06-02T19:20:23+00:00\",\"breadcrumb\":{\"@id\":\"https:\\\/\\\/www.revistarambla.com\\\/las-becas-y-los-cigarrillos\\\/#breadcrumb\"},\"inLanguage\":\"en-GB\",\"potentialAction\":[{\"@type\":\"ReadAction\",\"target\":[\"https:\\\/\\\/www.revistarambla.com\\\/las-becas-y-los-cigarrillos\\\/\"]}]},{\"@type\":\"ImageObject\",\"inLanguage\":\"en-GB\",\"@id\":\"https:\\\/\\\/www.revistarambla.com\\\/las-becas-y-los-cigarrillos\\\/#primaryimage\",\"url\":\"https:\\\/\\\/www.revistarambla.com\\\/wp-content\\\/uploads\\\/2013\\\/07\\\/rambla%20fumadores.jpg\",\"contentUrl\":\"https:\\\/\\\/www.revistarambla.com\\\/wp-content\\\/uploads\\\/2013\\\/07\\\/rambla%20fumadores.jpg\"},{\"@type\":\"BreadcrumbList\",\"@id\":\"https:\\\/\\\/www.revistarambla.com\\\/las-becas-y-los-cigarrillos\\\/#breadcrumb\",\"itemListElement\":[{\"@type\":\"ListItem\",\"position\":1,\"name\":\"Portada\",\"item\":\"https:\\\/\\\/www.revistarambla.com\\\/\"},{\"@type\":\"ListItem\",\"position\":2,\"name\":\"Las becas y los cigarrillos\"}]},{\"@type\":\"WebSite\",\"@id\":\"https:\\\/\\\/www.revistarambla.com\\\/#website\",\"url\":\"https:\\\/\\\/www.revistarambla.com\\\/\",\"name\":\"Revista Rambla Barcelona\",\"description\":\"Periodismo independiente\",\"publisher\":{\"@id\":\"https:\\\/\\\/www.revistarambla.com\\\/#organization\"},\"potentialAction\":[{\"@type\":\"SearchAction\",\"target\":{\"@type\":\"EntryPoint\",\"urlTemplate\":\"https:\\\/\\\/www.revistarambla.com\\\/?s={search_term_string}\"},\"query-input\":{\"@type\":\"PropertyValueSpecification\",\"valueRequired\":true,\"valueName\":\"search_term_string\"}}],\"inLanguage\":\"en-GB\"},{\"@type\":\"Organization\",\"@id\":\"https:\\\/\\\/www.revistarambla.com\\\/#organization\",\"name\":\"Revista Rambla\",\"url\":\"https:\\\/\\\/www.revistarambla.com\\\/\",\"logo\":{\"@type\":\"ImageObject\",\"inLanguage\":\"en-GB\",\"@id\":\"https:\\\/\\\/www.revistarambla.com\\\/#\\\/schema\\\/logo\\\/image\\\/\",\"url\":\"https:\\\/\\\/www.revistarambla.com\\\/wp-content\\\/uploads\\\/2020\\\/09\\\/banner_rambla_1900x600_BB.png\",\"contentUrl\":\"https:\\\/\\\/www.revistarambla.com\\\/wp-content\\\/uploads\\\/2020\\\/09\\\/banner_rambla_1900x600_BB.png\",\"width\":1900,\"height\":600,\"caption\":\"Revista Rambla\"},\"image\":{\"@id\":\"https:\\\/\\\/www.revistarambla.com\\\/#\\\/schema\\\/logo\\\/image\\\/\"},\"sameAs\":[\"https:\\\/\\\/www.facebook.com\\\/revistarambla\\\/\",\"https:\\\/\\\/x.com\\\/revistarambla\",\"https:\\\/\\\/www.instagram.com\\\/revista_rambla\",\"https:\\\/\\\/es.linkedin.com\\\/company\\\/revista-rambla\"]},{\"@type\":\"Person\",\"@id\":\"https:\\\/\\\/www.revistarambla.com\\\/#\\\/schema\\\/person\\\/a146a5a2550b94981a75131180e1bd9c\",\"name\":\"R@mbla\",\"description\":\"Este art\u00edculo ha sido redactado y\\\/o validado por el equipo de redacci\u00f3n de Revista Rambla.\",\"sameAs\":[\"https:\\\/\\\/www.revistarambla.com\\\/\",\"https:\\\/\\\/www.facebook.com\\\/revistarambla\",\"https:\\\/\\\/x.com\\\/revistarambla\"]}]}<\/script>\n<!-- \/ Yoast SEO plugin. -->","yoast_head_json":{"title":"Las becas y los cigarrillos - Revista Rambla","robots":{"index":"index","follow":"follow","max-snippet":"max-snippet:-1","max-image-preview":"max-image-preview:large","max-video-preview":"max-video-preview:-1"},"canonical":"https:\/\/www.revistarambla.com\/en\/las-becas-y-los-cigarrillos\/","og_locale":"en_GB","og_type":"article","og_title":"Las becas y los cigarrillos - Revista Rambla","og_description":"Los ni\u00f1os que fuman se quedan sin beca. Este podr\u00eda ser uno de los criterios que Ignacio Wert aplique en su nuevo sistema educativo. As\u00ed lo parece justificar una reciente investigaci\u00f3n publicada en la revista Nicotine &amp; Tobacco Research seg\u00fan la cual, los estudiantes que fuman rinden hasta cuatro veces [&hellip;]","og_url":"https:\/\/www.revistarambla.com\/en\/las-becas-y-los-cigarrillos\/","og_site_name":"Revista Rambla","article_publisher":"https:\/\/www.facebook.com\/revistarambla\/","article_author":"https:\/\/www.facebook.com\/revistarambla","article_published_time":"2013-07-07T09:41:36+00:00","article_modified_time":"2021-06-02T19:20:23+00:00","og_image":[{"width":682,"height":450,"url":"https:\/\/i2.wp.com\/www.revistarambla.com\/wp-content\/uploads\/2013\/07\/rambla fumadores-01.jpg?fit=682%2C450&ssl=1","type":"image\/jpeg"}],"author":"R@mbla","twitter_card":"summary_large_image","twitter_creator":"@revistarambla","twitter_site":"@revistarambla","twitter_misc":{"Written by":"R@mbla","Estimated reading time":"4 minutes"},"schema":{"@context":"https:\/\/schema.org","@graph":[{"@type":"Article","@id":"https:\/\/www.revistarambla.com\/las-becas-y-los-cigarrillos\/#article","isPartOf":{"@id":"https:\/\/www.revistarambla.com\/las-becas-y-los-cigarrillos\/"},"author":{"name":"R@mbla","@id":"https:\/\/www.revistarambla.com\/#\/schema\/person\/a146a5a2550b94981a75131180e1bd9c"},"headline":"Las becas y los cigarrillos","datePublished":"2013-07-07T09:41:36+00:00","dateModified":"2021-06-02T19:20:23+00:00","mainEntityOfPage":{"@id":"https:\/\/www.revistarambla.com\/las-becas-y-los-cigarrillos\/"},"wordCount":712,"commentCount":0,"publisher":{"@id":"https:\/\/www.revistarambla.com\/#organization"},"image":{"@id":"https:\/\/www.revistarambla.com\/las-becas-y-los-cigarrillos\/#primaryimage"},"thumbnailUrl":"https:\/\/www.revistarambla.com\/wp-content\/uploads\/2013\/07\/rambla%20fumadores.jpg","articleSection":["Opiniones"],"inLanguage":"en-GB","potentialAction":[{"@type":"CommentAction","name":"Comment","target":["https:\/\/www.revistarambla.com\/las-becas-y-los-cigarrillos\/#respond"]}]},{"@type":"WebPage","@id":"https:\/\/www.revistarambla.com\/las-becas-y-los-cigarrillos\/","url":"https:\/\/www.revistarambla.com\/las-becas-y-los-cigarrillos\/","name":"Las becas y los cigarrillos - Revista Rambla","isPartOf":{"@id":"https:\/\/www.revistarambla.com\/#website"},"primaryImageOfPage":{"@id":"https:\/\/www.revistarambla.com\/las-becas-y-los-cigarrillos\/#primaryimage"},"image":{"@id":"https:\/\/www.revistarambla.com\/las-becas-y-los-cigarrillos\/#primaryimage"},"thumbnailUrl":"https:\/\/www.revistarambla.com\/wp-content\/uploads\/2013\/07\/rambla%20fumadores.jpg","datePublished":"2013-07-07T09:41:36+00:00","dateModified":"2021-06-02T19:20:23+00:00","breadcrumb":{"@id":"https:\/\/www.revistarambla.com\/las-becas-y-los-cigarrillos\/#breadcrumb"},"inLanguage":"en-GB","potentialAction":[{"@type":"ReadAction","target":["https:\/\/www.revistarambla.com\/las-becas-y-los-cigarrillos\/"]}]},{"@type":"ImageObject","inLanguage":"en-GB","@id":"https:\/\/www.revistarambla.com\/las-becas-y-los-cigarrillos\/#primaryimage","url":"https:\/\/www.revistarambla.com\/wp-content\/uploads\/2013\/07\/rambla%20fumadores.jpg","contentUrl":"https:\/\/www.revistarambla.com\/wp-content\/uploads\/2013\/07\/rambla%20fumadores.jpg"},{"@type":"BreadcrumbList","@id":"https:\/\/www.revistarambla.com\/las-becas-y-los-cigarrillos\/#breadcrumb","itemListElement":[{"@type":"ListItem","position":1,"name":"Portada","item":"https:\/\/www.revistarambla.com\/"},{"@type":"ListItem","position":2,"name":"Las becas y los cigarrillos"}]},{"@type":"WebSite","@id":"https:\/\/www.revistarambla.com\/#website","url":"https:\/\/www.revistarambla.com\/","name":"Revista Rambla Barcelona","description":"Periodismo independiente","publisher":{"@id":"https:\/\/www.revistarambla.com\/#organization"},"potentialAction":[{"@type":"SearchAction","target":{"@type":"EntryPoint","urlTemplate":"https:\/\/www.revistarambla.com\/?s={search_term_string}"},"query-input":{"@type":"PropertyValueSpecification","valueRequired":true,"valueName":"search_term_string"}}],"inLanguage":"en-GB"},{"@type":"Organization","@id":"https:\/\/www.revistarambla.com\/#organization","name":"Revista Rambla","url":"https:\/\/www.revistarambla.com\/","logo":{"@type":"ImageObject","inLanguage":"en-GB","@id":"https:\/\/www.revistarambla.com\/#\/schema\/logo\/image\/","url":"https:\/\/www.revistarambla.com\/wp-content\/uploads\/2020\/09\/banner_rambla_1900x600_BB.png","contentUrl":"https:\/\/www.revistarambla.com\/wp-content\/uploads\/2020\/09\/banner_rambla_1900x600_BB.png","width":1900,"height":600,"caption":"Revista Rambla"},"image":{"@id":"https:\/\/www.revistarambla.com\/#\/schema\/logo\/image\/"},"sameAs":["https:\/\/www.facebook.com\/revistarambla\/","https:\/\/x.com\/revistarambla","https:\/\/www.instagram.com\/revista_rambla","https:\/\/es.linkedin.com\/company\/revista-rambla"]},{"@type":"Person","@id":"https:\/\/www.revistarambla.com\/#\/schema\/person\/a146a5a2550b94981a75131180e1bd9c","name":"R@mbla","description":"Este art\u00edculo ha sido redactado y\/o validado por el equipo de redacci\u00f3n de Revista Rambla.","sameAs":["https:\/\/www.revistarambla.com\/","https:\/\/www.facebook.com\/revistarambla","https:\/\/x.com\/revistarambla"]}]}},"_links":{"self":[{"href":"https:\/\/www.revistarambla.com\/en\/wp-json\/wp\/v2\/posts\/3623","targetHints":{"allow":["GET"]}}],"collection":[{"href":"https:\/\/www.revistarambla.com\/en\/wp-json\/wp\/v2\/posts"}],"about":[{"href":"https:\/\/www.revistarambla.com\/en\/wp-json\/wp\/v2\/types\/post"}],"author":[{"embeddable":true,"href":"https:\/\/www.revistarambla.com\/en\/wp-json\/wp\/v2\/users\/3"}],"replies":[{"embeddable":true,"href":"https:\/\/www.revistarambla.com\/en\/wp-json\/wp\/v2\/comments?post=3623"}],"version-history":[{"count":0,"href":"https:\/\/www.revistarambla.com\/en\/wp-json\/wp\/v2\/posts\/3623\/revisions"}],"wp:attachment":[{"href":"https:\/\/www.revistarambla.com\/en\/wp-json\/wp\/v2\/media?parent=3623"}],"wp:term":[{"taxonomy":"category","embeddable":true,"href":"https:\/\/www.revistarambla.com\/en\/wp-json\/wp\/v2\/categories?post=3623"},{"taxonomy":"post_tag","embeddable":true,"href":"https:\/\/www.revistarambla.com\/en\/wp-json\/wp\/v2\/tags?post=3623"}],"curies":[{"name":"wp","href":"https:\/\/api.w.org\/{rel}","templated":true}]}}