{"id":36124,"date":"2021-10-29T12:58:11","date_gmt":"2021-10-29T10:58:11","guid":{"rendered":"https:\/\/www.revistarambla.com\/?p=36124"},"modified":"2021-10-29T20:29:24","modified_gmt":"2021-10-29T18:29:24","slug":"tania-juste-amor-al-arte-es-mi-contribucion-a-la-invisibilidad-de-la-mujer-artista-que-reivindico-con-todas-mis-fuerzas","status":"publish","type":"post","link":"https:\/\/www.revistarambla.com\/en\/tania-juste-amor-al-arte-es-mi-contribucion-a-la-invisibilidad-de-la-mujer-artista-que-reivindico-con-todas-mis-fuerzas\/","title":{"rendered":"T\u00e0nia Juste: \u00ab&#8216;Amor al arte&#8217; es mi contribuci\u00f3n a la invisibilidad de la mujer artista, que reivindico con todas mis fuerzas\u00bb"},"content":{"rendered":"<figure id=\"attachment_36126\" aria-describedby=\"caption-attachment-36126\" style=\"width: 361px\" class=\"wp-caption alignright\"><img decoding=\"async\" class=\"wp-image-36126 size-full\" src=\"https:\/\/www.revistarambla.com\/wp-content\/uploads\/2021\/10\/d50fd004-b1a9-ee93-c809-04b09f7a54e0.jpeg\" alt=\"\" width=\"361\" height=\"512\" srcset=\"https:\/\/www.revistarambla.com\/wp-content\/uploads\/2021\/10\/d50fd004-b1a9-ee93-c809-04b09f7a54e0.jpeg 361w, https:\/\/www.revistarambla.com\/wp-content\/uploads\/2021\/10\/d50fd004-b1a9-ee93-c809-04b09f7a54e0-212x300.jpeg 212w\" sizes=\"(max-width: 361px) 100vw, 361px\" \/><figcaption id=\"caption-attachment-36126\" class=\"wp-caption-text\">T\u00e0nia Juste.<\/figcaption><\/figure>\n<p><strong id=\"x_-1346378620docs-internal-guid-6ad75e4c-7fff-629f-f2b4-b3f07034f377\">T\u00e0nia Juste <\/strong>(Barcelona, 1972) es licenciada en Geograf\u00eda e Historia por la Universidad de Barcelona, con especialidad en Historia del Arte. Ha publicado cinco novelas en catal\u00e1n. <em>Amor al arte<\/em> (tambi\u00e9n publicado en catal\u00e1n por Columna) es su cuarto libro publicado en castellano, despu\u00e9s de <em>Pasaje al Nuevo Mundo<\/em>, <em>El hospital de los pobres<\/em> y <em>Tiempo de familia<\/em>.<\/p>\n<p><strong>\u00bfA\u00fan siendo una novela con personajes ficticios, cu\u00e1nta realidad autobiogr\u00e1fica dir\u00edas que hay detr\u00e1s?<\/strong><\/p>\n<p>Amor al arte tiene mucho de real, porque parte de unos cuantos interrogantes que me surgieron despu\u00e9s de estudiar la carrera de Historia del arte: Hab\u00eda viajado a los movimientos art\u00edsticos de todos los tiempos, ten\u00eda ya un listado de artistas que me hab\u00edan deslumbrado y cuya obra seguir\u00eda admirando el resto de mi vida y, sin embargo, empez\u00f3 a crecer en m\u00ed esa extra\u00f1a sensaci\u00f3n&#8230; \u00bfD\u00f3nde estaban las mujeres en el mundo del arte? M\u00e1s all\u00e1 de la musa, la pareja del artista, el objeto del cuadro, \u00bfqu\u00e9 hab\u00eda pasado con las mujeres creadoras? Con el tiempo y gracias a una serie de historiadoras que en las \u00faltimas d\u00e9cadas se han dedicado a ir rescat\u00e1ndolas del olvido, he llegado a conocer a algunas, no todas, porque todav\u00eda nos queda mucho por descubrir. Amor al arte es mi contribuci\u00f3n a esta invisibilidad de la mujer artista, que reivindico con todas mis fuerzas.<\/p>\n<p><strong>Tu libro retrata a dos mujeres distintas, que eligen caminos y afrontan el amor, la amistad y la identidad de distintas formas \u00bfCrees que se complementan la una a la otra?<\/strong><\/p>\n<p>El motor de la historia es la investigaci\u00f3n que llevar\u00e1 a cabo Olivia, reci\u00e9n licenciada en Arte, en cuanto descubre el fascinante autorretrato desnudo de Valeria Sans, una pintora de origen barcelon\u00e9s que vivi\u00f3 y cre\u00f3 en el Par\u00eds de los a\u00f1os diez y veinte. A medida que avanza en su investigaci\u00f3n, Olivia se descubrir\u00e1 a s\u00ed misma como mujer de su tiempo y se plantear\u00e1 muchas cosas que hasta entonces no hab\u00eda ni pensado. Existe un di\u00e1logo entre ellas, una complicidad que crece con la novela.<\/p>\n<p><strong>\u00bfCon cu\u00e1l de las dos te sientes m\u00e1s identificada? \u00bfPor qu\u00e9?<\/strong><\/p>\n<p>Ambas poseen ciertos aspectos de m\u00ed. Olivia vive la misma experiencia que yo como amante del arte, esa extra\u00f1a sensaci\u00f3n de que el rompecabezas est\u00e1 incompleto y que hay que llenarlo de los nombres de mujer que s\u00ed que hubo y que quedaron silenciados. En cuanto a Valeria, ella escoge una vida dedicada al arte, experiencia que tambi\u00e9n viv\u00ed cuando decid\u00ed que jam\u00e1s dejar\u00eda de escribir.<\/p>\n<blockquote><p>En cuanto a Valeria, ella escoge una vida dedicada al arte, experiencia que tambi\u00e9n viv\u00ed cuando decid\u00ed que jam\u00e1s dejar\u00eda de escribir<\/p><\/blockquote>\n<p><strong>\u00bfEl personaje del abuelo de Olivia es real o est\u00e1 inspirado en la realidad?<\/strong><\/p>\n<p>Boris Badia es un personaje de ficci\u00f3n construido a trav\u00e9s de la suma de ciertos perfiles de anticuarios que tuvieron su origen en la calle de la Palla. Es un oficio muy vivido e interesante, los anticuarios tienen un car\u00e1cter especial porque tratan con objetos familiares, con el patrimonio sentimental de muchas familias y todos ellos tienen infinidad de historias que contar. Un compa\u00f1ero de carrera, que forma parte de una estirpe de anticuarios, dio luz y sentido a<br \/>\nmuchos detalles importantes.<\/p>\n<p><strong>\u00bfCrees que la sociedad de la Barcelona de 1970 hab\u00eda evolucionado mucho respecto al Par\u00eds bohemio de principios del siglo XX?<\/strong><\/p>\n<p>M\u00e1s bien fue un retroceso, hasta que lleg\u00f3 la democracia. Si comparamos ese Par\u00eds de las primeras d\u00e9cadas del siglo veinte en el que tantas mujeres artistas vivieron al margen de la moral estrecha y conservadora, en la que muchas optaron por amar libremente, convertirse en protagonistas de su propia historia y lo confrontamos con esas j\u00f3venes de los \u00faltimos a\u00f1os de la dictadura espa\u00f1ola cuyas aspiraciones a\u00fan estaban limitadas, nos podemos hacer una idea. De todos modos, como se aprecia en la novela, todo empez\u00f3 a cambiar para ellas a mediados de los setenta.<\/p>\n<p><strong>Si tuvieras que escoger entre una \u00e9poca o la otra, \u00bfcu\u00e1l escoger\u00edas? \u00bfPor qu\u00e9?<\/strong><\/p>\n<p>Yo asist\u00ed a la Barcelona de los setenta con ojos de ni\u00f1a. Mis padres eran de esa generaci\u00f3n que fue joven en los \u00faltimos a\u00f1os del franquismo y he podido beber mucho de ellos y de sus amigos para dar forma y conversaciones reales para este libro. Pero creo que, si pudiera escoger, mi amor al arte me mover\u00eda a viajar al Par\u00eds de las primeras vanguardias art\u00edsticas y vivir, como Valeria, entre estudios, galer\u00edas y caf\u00e9s de Montparnasse.<\/p>\n<blockquote><p>Si pudiera escoger, mi amor al arte me mover\u00eda a viajar al Par\u00eds de las primeras vanguardias art\u00edsticas y vivir, como Valeria, entre estudios, galer\u00edas y caf\u00e9s de Montparnasse<\/p><\/blockquote>\n<p><strong>Cuando estabas investigando para la novela, \u00bfhubo alg\u00fan descubrimiento interesante que te sorprendiera en sobremanera?<\/strong><\/p>\n<p>M\u00e1s bien la constataci\u00f3n de que hab\u00eda muchas mujeres artistas de las que tirar del hilo y descubrir. Creadoras maravillosas algunas de las cuales he querido insertar en el libro y hacerlas amigas de mi protagonista pintora. Nombres como Marie Laurencin, Jeanne H\u00e9buterne, Olga Sacharoff, Mar\u00eda Blanchard, Gertrude Stein, Romaine Brooks y otras que para m\u00ed ya no solo son un rostro y unas obras determinadas, sino mujeres con las que siento una gran conexi\u00f3n.<\/p>\n<p><strong>\u00bfTe cost\u00f3 mucho encontrar informaci\u00f3n sobre las artistas de aquella \u00e9poca? \u00bfC\u00f3mo lo hiciste?<\/strong><\/p>\n<p>Reconstruir sus vidas fue un trabajo arduo, en ciertos casos, teniendo que consultar muchas fuentes distintas para completar su itinerario y aspectos vitales. Y al mismo tiempo ha sido un verdadero placer conocerlas mucho mejor.<\/p>\n<p><strong>\u00bfCrees que hoy en d\u00eda tendr\u00edan la visibilidad que se merecen?<\/strong><\/p>\n<p>A\u00fan queda mucho por hacer. Seguimos hablando de arte femenino y masculino, por no hablar de otros campos como la escritura en los que tambi\u00e9n sucede. Deber\u00edamos aprender a hablar de arte y de artistas sin tener tan presente su g\u00e9nero y etiquetarlo y encasillarlo. Existe el talento y la mediocridad, existen obras que te conmueven, que te sacuden por dentro y otras que no.<\/p>\n<blockquote><p>Deber\u00edamos aprender a hablar de arte y de artistas sin tener tan presente su g\u00e9nero y etiquetarlo y encasillarlo. Existe el talento y la mediocridad, existen obras que te conmueven &#8230; y otras que no<\/p><\/blockquote>\n<p><strong>Despu\u00e9s de este proceso de documentaci\u00f3n, \u00bfhan cambiado tus referentes art\u00edsticos?<\/strong><\/p>\n<p>Sigo amando las obras de muchos artistas hombres, como Picasso o Modigliani, que aparecen en mi novela, aunque a estos nombres he a\u00f1adido un sinf\u00edn de obras de grandes mujeres que me acompa\u00f1ar\u00e1n para siempre.<\/p>\n<p><strong>\u00bfQu\u00e9 se siente al ganar el premio de novela Prudenci Bertrana?<\/strong><\/p>\n<p>Siento que es un doble premio: el primero de todos es el poder publicar mi obra y compartirla con todas las lectoras y lectores que me siguen y me acompa\u00f1an libro a libro, y el segundo premio es el reconocimiento y la difusi\u00f3n que un galard\u00f3n como este conlleva.<\/p>\n<p><img decoding=\"async\" class=\"aligncenter wp-image-36125 size-full\" src=\"https:\/\/www.revistarambla.com\/wp-content\/uploads\/2021\/10\/e07a25bc-acbc-1218-8fd7-fe1b265cb57d.png\" alt=\"\" width=\"1024\" height=\"512\" srcset=\"https:\/\/www.revistarambla.com\/wp-content\/uploads\/2021\/10\/e07a25bc-acbc-1218-8fd7-fe1b265cb57d.png 1024w, https:\/\/www.revistarambla.com\/wp-content\/uploads\/2021\/10\/e07a25bc-acbc-1218-8fd7-fe1b265cb57d-300x150.png 300w, https:\/\/www.revistarambla.com\/wp-content\/uploads\/2021\/10\/e07a25bc-acbc-1218-8fd7-fe1b265cb57d-768x384.png 768w\" sizes=\"(max-width: 1024px) 100vw, 1024px\" \/><\/p>","protected":false},"excerpt":{"rendered":"<p>Entrevista a la ganadora del premio de novela Prudenci Bertrana<\/p>","protected":false},"author":15,"featured_media":36131,"comment_status":"open","ping_status":"open","sticky":false,"template":"","format":"standard","meta":{"footnotes":""},"categories":[4,60],"tags":[],"class_list":["post-36124","post","type-post","status-publish","format-standard","has-post-thumbnail","hentry","category-cultura","category-libros"],"yoast_head":"<!-- This site is optimized with the Yoast SEO plugin v27.5 - https:\/\/yoast.com\/product\/yoast-seo-wordpress\/ -->\n<title>T\u00e0nia Juste: &quot;&#039;Amor al arte&#039; es mi contribuci\u00f3n a la invisibilidad de la mujer artista, que reivindico con todas mis fuerzas&quot; - Revista Rambla<\/title>\n<meta name=\"robots\" content=\"index, follow, max-snippet:-1, max-image-preview:large, max-video-preview:-1\" \/>\n<link rel=\"canonical\" href=\"https:\/\/www.revistarambla.com\/en\/tania-juste-amor-al-arte-es-mi-contribucion-a-la-invisibilidad-de-la-mujer-artista-que-reivindico-con-todas-mis-fuerzas\/\" \/>\n<meta property=\"og:locale\" content=\"en_GB\" \/>\n<meta property=\"og:type\" content=\"article\" \/>\n<meta property=\"og:title\" content=\"T\u00e0nia Juste: &quot;&#039;Amor al arte&#039; es mi contribuci\u00f3n a la invisibilidad de la mujer artista, que reivindico con todas mis fuerzas&quot; - Revista Rambla\" \/>\n<meta property=\"og:description\" content=\"Entrevista a la ganadora del premio de novela Prudenci Bertrana\" \/>\n<meta property=\"og:url\" content=\"https:\/\/www.revistarambla.com\/en\/tania-juste-amor-al-arte-es-mi-contribucion-a-la-invisibilidad-de-la-mujer-artista-que-reivindico-con-todas-mis-fuerzas\/\" \/>\n<meta property=\"og:site_name\" content=\"Revista Rambla\" \/>\n<meta property=\"article:publisher\" content=\"https:\/\/www.facebook.com\/revistarambla\/\" \/>\n<meta property=\"article:published_time\" content=\"2021-10-29T10:58:11+00:00\" \/>\n<meta property=\"article:modified_time\" content=\"2021-10-29T18:29:24+00:00\" \/>\n<meta property=\"og:image\" content=\"https:\/\/i1.wp.com\/www.revistarambla.com\/wp-content\/uploads\/2021\/10\/d50fd004-b1a9-ee93-c809-04b09f7a54e0-1.jpeg?fit=361%2C301&ssl=1\" \/>\n\t<meta property=\"og:image:width\" content=\"361\" \/>\n\t<meta property=\"og:image:height\" content=\"301\" \/>\n\t<meta property=\"og:image:type\" content=\"image\/jpeg\" \/>\n<meta name=\"author\" content=\"Mireia Recasens\" \/>\n<meta name=\"twitter:card\" content=\"summary_large_image\" \/>\n<meta name=\"twitter:creator\" content=\"@revistarambla\" \/>\n<meta name=\"twitter:site\" content=\"@revistarambla\" \/>\n<meta name=\"twitter:label1\" content=\"Written by\" \/>\n\t<meta name=\"twitter:data1\" content=\"Mireia Recasens\" \/>\n\t<meta name=\"twitter:label2\" content=\"Estimated reading time\" \/>\n\t<meta name=\"twitter:data2\" content=\"6 minutes\" \/>\n<script type=\"application\/ld+json\" class=\"yoast-schema-graph\">{\"@context\":\"https:\\\/\\\/schema.org\",\"@graph\":[{\"@type\":\"Article\",\"@id\":\"https:\\\/\\\/www.revistarambla.com\\\/tania-juste-amor-al-arte-es-mi-contribucion-a-la-invisibilidad-de-la-mujer-artista-que-reivindico-con-todas-mis-fuerzas\\\/#article\",\"isPartOf\":{\"@id\":\"https:\\\/\\\/www.revistarambla.com\\\/tania-juste-amor-al-arte-es-mi-contribucion-a-la-invisibilidad-de-la-mujer-artista-que-reivindico-con-todas-mis-fuerzas\\\/\"},\"author\":{\"name\":\"Mireia Recasens\",\"@id\":\"https:\\\/\\\/www.revistarambla.com\\\/#\\\/schema\\\/person\\\/2b19179a8ace334b829ad72cc6e6ce97\"},\"headline\":\"T\u00e0nia Juste: \u00ab&#8216;Amor al arte&#8217; es mi contribuci\u00f3n a la invisibilidad de la mujer artista, que reivindico con todas mis fuerzas\u00bb\",\"datePublished\":\"2021-10-29T10:58:11+00:00\",\"dateModified\":\"2021-10-29T18:29:24+00:00\",\"mainEntityOfPage\":{\"@id\":\"https:\\\/\\\/www.revistarambla.com\\\/tania-juste-amor-al-arte-es-mi-contribucion-a-la-invisibilidad-de-la-mujer-artista-que-reivindico-con-todas-mis-fuerzas\\\/\"},\"wordCount\":1260,\"commentCount\":0,\"publisher\":{\"@id\":\"https:\\\/\\\/www.revistarambla.com\\\/#organization\"},\"image\":{\"@id\":\"https:\\\/\\\/www.revistarambla.com\\\/tania-juste-amor-al-arte-es-mi-contribucion-a-la-invisibilidad-de-la-mujer-artista-que-reivindico-con-todas-mis-fuerzas\\\/#primaryimage\"},\"thumbnailUrl\":\"https:\\\/\\\/www.revistarambla.com\\\/wp-content\\\/uploads\\\/2021\\\/10\\\/d50fd004-b1a9-ee93-c809-04b09f7a54e0-1.jpeg\",\"articleSection\":[\"Cultura\",\"Libros\"],\"inLanguage\":\"en-GB\",\"potentialAction\":[{\"@type\":\"CommentAction\",\"name\":\"Comment\",\"target\":[\"https:\\\/\\\/www.revistarambla.com\\\/tania-juste-amor-al-arte-es-mi-contribucion-a-la-invisibilidad-de-la-mujer-artista-que-reivindico-con-todas-mis-fuerzas\\\/#respond\"]}]},{\"@type\":\"WebPage\",\"@id\":\"https:\\\/\\\/www.revistarambla.com\\\/tania-juste-amor-al-arte-es-mi-contribucion-a-la-invisibilidad-de-la-mujer-artista-que-reivindico-con-todas-mis-fuerzas\\\/\",\"url\":\"https:\\\/\\\/www.revistarambla.com\\\/tania-juste-amor-al-arte-es-mi-contribucion-a-la-invisibilidad-de-la-mujer-artista-que-reivindico-con-todas-mis-fuerzas\\\/\",\"name\":\"T\u00e0nia Juste: \\\"'Amor al arte' es mi contribuci\u00f3n a la invisibilidad de la mujer artista, que reivindico con todas mis fuerzas\\\" - Revista Rambla\",\"isPartOf\":{\"@id\":\"https:\\\/\\\/www.revistarambla.com\\\/#website\"},\"primaryImageOfPage\":{\"@id\":\"https:\\\/\\\/www.revistarambla.com\\\/tania-juste-amor-al-arte-es-mi-contribucion-a-la-invisibilidad-de-la-mujer-artista-que-reivindico-con-todas-mis-fuerzas\\\/#primaryimage\"},\"image\":{\"@id\":\"https:\\\/\\\/www.revistarambla.com\\\/tania-juste-amor-al-arte-es-mi-contribucion-a-la-invisibilidad-de-la-mujer-artista-que-reivindico-con-todas-mis-fuerzas\\\/#primaryimage\"},\"thumbnailUrl\":\"https:\\\/\\\/www.revistarambla.com\\\/wp-content\\\/uploads\\\/2021\\\/10\\\/d50fd004-b1a9-ee93-c809-04b09f7a54e0-1.jpeg\",\"datePublished\":\"2021-10-29T10:58:11+00:00\",\"dateModified\":\"2021-10-29T18:29:24+00:00\",\"breadcrumb\":{\"@id\":\"https:\\\/\\\/www.revistarambla.com\\\/tania-juste-amor-al-arte-es-mi-contribucion-a-la-invisibilidad-de-la-mujer-artista-que-reivindico-con-todas-mis-fuerzas\\\/#breadcrumb\"},\"inLanguage\":\"en-GB\",\"potentialAction\":[{\"@type\":\"ReadAction\",\"target\":[\"https:\\\/\\\/www.revistarambla.com\\\/tania-juste-amor-al-arte-es-mi-contribucion-a-la-invisibilidad-de-la-mujer-artista-que-reivindico-con-todas-mis-fuerzas\\\/\"]}]},{\"@type\":\"ImageObject\",\"inLanguage\":\"en-GB\",\"@id\":\"https:\\\/\\\/www.revistarambla.com\\\/tania-juste-amor-al-arte-es-mi-contribucion-a-la-invisibilidad-de-la-mujer-artista-que-reivindico-con-todas-mis-fuerzas\\\/#primaryimage\",\"url\":\"https:\\\/\\\/www.revistarambla.com\\\/wp-content\\\/uploads\\\/2021\\\/10\\\/d50fd004-b1a9-ee93-c809-04b09f7a54e0-1.jpeg\",\"contentUrl\":\"https:\\\/\\\/www.revistarambla.com\\\/wp-content\\\/uploads\\\/2021\\\/10\\\/d50fd004-b1a9-ee93-c809-04b09f7a54e0-1.jpeg\",\"width\":361,\"height\":301},{\"@type\":\"BreadcrumbList\",\"@id\":\"https:\\\/\\\/www.revistarambla.com\\\/tania-juste-amor-al-arte-es-mi-contribucion-a-la-invisibilidad-de-la-mujer-artista-que-reivindico-con-todas-mis-fuerzas\\\/#breadcrumb\",\"itemListElement\":[{\"@type\":\"ListItem\",\"position\":1,\"name\":\"Portada\",\"item\":\"https:\\\/\\\/www.revistarambla.com\\\/\"},{\"@type\":\"ListItem\",\"position\":2,\"name\":\"T\u00e0nia Juste: \u00ab&#8216;Amor al arte&#8217; es mi contribuci\u00f3n a la invisibilidad de la mujer artista, que reivindico con todas mis fuerzas\u00bb\"}]},{\"@type\":\"WebSite\",\"@id\":\"https:\\\/\\\/www.revistarambla.com\\\/#website\",\"url\":\"https:\\\/\\\/www.revistarambla.com\\\/\",\"name\":\"Revista Rambla Barcelona\",\"description\":\"Periodismo independiente\",\"publisher\":{\"@id\":\"https:\\\/\\\/www.revistarambla.com\\\/#organization\"},\"potentialAction\":[{\"@type\":\"SearchAction\",\"target\":{\"@type\":\"EntryPoint\",\"urlTemplate\":\"https:\\\/\\\/www.revistarambla.com\\\/?s={search_term_string}\"},\"query-input\":{\"@type\":\"PropertyValueSpecification\",\"valueRequired\":true,\"valueName\":\"search_term_string\"}}],\"inLanguage\":\"en-GB\"},{\"@type\":\"Organization\",\"@id\":\"https:\\\/\\\/www.revistarambla.com\\\/#organization\",\"name\":\"Revista Rambla\",\"url\":\"https:\\\/\\\/www.revistarambla.com\\\/\",\"logo\":{\"@type\":\"ImageObject\",\"inLanguage\":\"en-GB\",\"@id\":\"https:\\\/\\\/www.revistarambla.com\\\/#\\\/schema\\\/logo\\\/image\\\/\",\"url\":\"https:\\\/\\\/www.revistarambla.com\\\/wp-content\\\/uploads\\\/2020\\\/09\\\/banner_rambla_1900x600_BB.png\",\"contentUrl\":\"https:\\\/\\\/www.revistarambla.com\\\/wp-content\\\/uploads\\\/2020\\\/09\\\/banner_rambla_1900x600_BB.png\",\"width\":1900,\"height\":600,\"caption\":\"Revista Rambla\"},\"image\":{\"@id\":\"https:\\\/\\\/www.revistarambla.com\\\/#\\\/schema\\\/logo\\\/image\\\/\"},\"sameAs\":[\"https:\\\/\\\/www.facebook.com\\\/revistarambla\\\/\",\"https:\\\/\\\/x.com\\\/revistarambla\",\"https:\\\/\\\/www.instagram.com\\\/revista_rambla\",\"https:\\\/\\\/es.linkedin.com\\\/company\\\/revista-rambla\"]},{\"@type\":\"Person\",\"@id\":\"https:\\\/\\\/www.revistarambla.com\\\/#\\\/schema\\\/person\\\/2b19179a8ace334b829ad72cc6e6ce97\",\"name\":\"Mireia Recasens\"}]}<\/script>\n<!-- \/ Yoast SEO plugin. -->","yoast_head_json":{"title":"T\u00e0nia Juste: \"'Amor al arte' es mi contribuci\u00f3n a la invisibilidad de la mujer artista, que reivindico con todas mis fuerzas\" - Revista Rambla","robots":{"index":"index","follow":"follow","max-snippet":"max-snippet:-1","max-image-preview":"max-image-preview:large","max-video-preview":"max-video-preview:-1"},"canonical":"https:\/\/www.revistarambla.com\/en\/tania-juste-amor-al-arte-es-mi-contribucion-a-la-invisibilidad-de-la-mujer-artista-que-reivindico-con-todas-mis-fuerzas\/","og_locale":"en_GB","og_type":"article","og_title":"T\u00e0nia Juste: \"'Amor al arte' es mi contribuci\u00f3n a la invisibilidad de la mujer artista, que reivindico con todas mis fuerzas\" - Revista Rambla","og_description":"Entrevista a la ganadora del premio de novela Prudenci Bertrana","og_url":"https:\/\/www.revistarambla.com\/en\/tania-juste-amor-al-arte-es-mi-contribucion-a-la-invisibilidad-de-la-mujer-artista-que-reivindico-con-todas-mis-fuerzas\/","og_site_name":"Revista Rambla","article_publisher":"https:\/\/www.facebook.com\/revistarambla\/","article_published_time":"2021-10-29T10:58:11+00:00","article_modified_time":"2021-10-29T18:29:24+00:00","og_image":[{"width":361,"height":301,"url":"https:\/\/i1.wp.com\/www.revistarambla.com\/wp-content\/uploads\/2021\/10\/d50fd004-b1a9-ee93-c809-04b09f7a54e0-1.jpeg?fit=361%2C301&ssl=1","type":"image\/jpeg"}],"author":"Mireia Recasens","twitter_card":"summary_large_image","twitter_creator":"@revistarambla","twitter_site":"@revistarambla","twitter_misc":{"Written by":"Mireia Recasens","Estimated reading time":"6 minutes"},"schema":{"@context":"https:\/\/schema.org","@graph":[{"@type":"Article","@id":"https:\/\/www.revistarambla.com\/tania-juste-amor-al-arte-es-mi-contribucion-a-la-invisibilidad-de-la-mujer-artista-que-reivindico-con-todas-mis-fuerzas\/#article","isPartOf":{"@id":"https:\/\/www.revistarambla.com\/tania-juste-amor-al-arte-es-mi-contribucion-a-la-invisibilidad-de-la-mujer-artista-que-reivindico-con-todas-mis-fuerzas\/"},"author":{"name":"Mireia Recasens","@id":"https:\/\/www.revistarambla.com\/#\/schema\/person\/2b19179a8ace334b829ad72cc6e6ce97"},"headline":"T\u00e0nia Juste: \u00ab&#8216;Amor al arte&#8217; es mi contribuci\u00f3n a la invisibilidad de la mujer artista, que reivindico con todas mis fuerzas\u00bb","datePublished":"2021-10-29T10:58:11+00:00","dateModified":"2021-10-29T18:29:24+00:00","mainEntityOfPage":{"@id":"https:\/\/www.revistarambla.com\/tania-juste-amor-al-arte-es-mi-contribucion-a-la-invisibilidad-de-la-mujer-artista-que-reivindico-con-todas-mis-fuerzas\/"},"wordCount":1260,"commentCount":0,"publisher":{"@id":"https:\/\/www.revistarambla.com\/#organization"},"image":{"@id":"https:\/\/www.revistarambla.com\/tania-juste-amor-al-arte-es-mi-contribucion-a-la-invisibilidad-de-la-mujer-artista-que-reivindico-con-todas-mis-fuerzas\/#primaryimage"},"thumbnailUrl":"https:\/\/www.revistarambla.com\/wp-content\/uploads\/2021\/10\/d50fd004-b1a9-ee93-c809-04b09f7a54e0-1.jpeg","articleSection":["Cultura","Libros"],"inLanguage":"en-GB","potentialAction":[{"@type":"CommentAction","name":"Comment","target":["https:\/\/www.revistarambla.com\/tania-juste-amor-al-arte-es-mi-contribucion-a-la-invisibilidad-de-la-mujer-artista-que-reivindico-con-todas-mis-fuerzas\/#respond"]}]},{"@type":"WebPage","@id":"https:\/\/www.revistarambla.com\/tania-juste-amor-al-arte-es-mi-contribucion-a-la-invisibilidad-de-la-mujer-artista-que-reivindico-con-todas-mis-fuerzas\/","url":"https:\/\/www.revistarambla.com\/tania-juste-amor-al-arte-es-mi-contribucion-a-la-invisibilidad-de-la-mujer-artista-que-reivindico-con-todas-mis-fuerzas\/","name":"T\u00e0nia Juste: \"'Amor al arte' es mi contribuci\u00f3n a la invisibilidad de la mujer artista, que reivindico con todas mis fuerzas\" - Revista Rambla","isPartOf":{"@id":"https:\/\/www.revistarambla.com\/#website"},"primaryImageOfPage":{"@id":"https:\/\/www.revistarambla.com\/tania-juste-amor-al-arte-es-mi-contribucion-a-la-invisibilidad-de-la-mujer-artista-que-reivindico-con-todas-mis-fuerzas\/#primaryimage"},"image":{"@id":"https:\/\/www.revistarambla.com\/tania-juste-amor-al-arte-es-mi-contribucion-a-la-invisibilidad-de-la-mujer-artista-que-reivindico-con-todas-mis-fuerzas\/#primaryimage"},"thumbnailUrl":"https:\/\/www.revistarambla.com\/wp-content\/uploads\/2021\/10\/d50fd004-b1a9-ee93-c809-04b09f7a54e0-1.jpeg","datePublished":"2021-10-29T10:58:11+00:00","dateModified":"2021-10-29T18:29:24+00:00","breadcrumb":{"@id":"https:\/\/www.revistarambla.com\/tania-juste-amor-al-arte-es-mi-contribucion-a-la-invisibilidad-de-la-mujer-artista-que-reivindico-con-todas-mis-fuerzas\/#breadcrumb"},"inLanguage":"en-GB","potentialAction":[{"@type":"ReadAction","target":["https:\/\/www.revistarambla.com\/tania-juste-amor-al-arte-es-mi-contribucion-a-la-invisibilidad-de-la-mujer-artista-que-reivindico-con-todas-mis-fuerzas\/"]}]},{"@type":"ImageObject","inLanguage":"en-GB","@id":"https:\/\/www.revistarambla.com\/tania-juste-amor-al-arte-es-mi-contribucion-a-la-invisibilidad-de-la-mujer-artista-que-reivindico-con-todas-mis-fuerzas\/#primaryimage","url":"https:\/\/www.revistarambla.com\/wp-content\/uploads\/2021\/10\/d50fd004-b1a9-ee93-c809-04b09f7a54e0-1.jpeg","contentUrl":"https:\/\/www.revistarambla.com\/wp-content\/uploads\/2021\/10\/d50fd004-b1a9-ee93-c809-04b09f7a54e0-1.jpeg","width":361,"height":301},{"@type":"BreadcrumbList","@id":"https:\/\/www.revistarambla.com\/tania-juste-amor-al-arte-es-mi-contribucion-a-la-invisibilidad-de-la-mujer-artista-que-reivindico-con-todas-mis-fuerzas\/#breadcrumb","itemListElement":[{"@type":"ListItem","position":1,"name":"Portada","item":"https:\/\/www.revistarambla.com\/"},{"@type":"ListItem","position":2,"name":"T\u00e0nia Juste: \u00ab&#8216;Amor al arte&#8217; es mi contribuci\u00f3n a la invisibilidad de la mujer artista, que reivindico con todas mis fuerzas\u00bb"}]},{"@type":"WebSite","@id":"https:\/\/www.revistarambla.com\/#website","url":"https:\/\/www.revistarambla.com\/","name":"Revista Rambla Barcelona","description":"Periodismo independiente","publisher":{"@id":"https:\/\/www.revistarambla.com\/#organization"},"potentialAction":[{"@type":"SearchAction","target":{"@type":"EntryPoint","urlTemplate":"https:\/\/www.revistarambla.com\/?s={search_term_string}"},"query-input":{"@type":"PropertyValueSpecification","valueRequired":true,"valueName":"search_term_string"}}],"inLanguage":"en-GB"},{"@type":"Organization","@id":"https:\/\/www.revistarambla.com\/#organization","name":"Revista Rambla","url":"https:\/\/www.revistarambla.com\/","logo":{"@type":"ImageObject","inLanguage":"en-GB","@id":"https:\/\/www.revistarambla.com\/#\/schema\/logo\/image\/","url":"https:\/\/www.revistarambla.com\/wp-content\/uploads\/2020\/09\/banner_rambla_1900x600_BB.png","contentUrl":"https:\/\/www.revistarambla.com\/wp-content\/uploads\/2020\/09\/banner_rambla_1900x600_BB.png","width":1900,"height":600,"caption":"Revista Rambla"},"image":{"@id":"https:\/\/www.revistarambla.com\/#\/schema\/logo\/image\/"},"sameAs":["https:\/\/www.facebook.com\/revistarambla\/","https:\/\/x.com\/revistarambla","https:\/\/www.instagram.com\/revista_rambla","https:\/\/es.linkedin.com\/company\/revista-rambla"]},{"@type":"Person","@id":"https:\/\/www.revistarambla.com\/#\/schema\/person\/2b19179a8ace334b829ad72cc6e6ce97","name":"Mireia Recasens"}]}},"_links":{"self":[{"href":"https:\/\/www.revistarambla.com\/en\/wp-json\/wp\/v2\/posts\/36124","targetHints":{"allow":["GET"]}}],"collection":[{"href":"https:\/\/www.revistarambla.com\/en\/wp-json\/wp\/v2\/posts"}],"about":[{"href":"https:\/\/www.revistarambla.com\/en\/wp-json\/wp\/v2\/types\/post"}],"author":[{"embeddable":true,"href":"https:\/\/www.revistarambla.com\/en\/wp-json\/wp\/v2\/users\/15"}],"replies":[{"embeddable":true,"href":"https:\/\/www.revistarambla.com\/en\/wp-json\/wp\/v2\/comments?post=36124"}],"version-history":[{"count":0,"href":"https:\/\/www.revistarambla.com\/en\/wp-json\/wp\/v2\/posts\/36124\/revisions"}],"wp:featuredmedia":[{"embeddable":true,"href":"https:\/\/www.revistarambla.com\/en\/wp-json\/wp\/v2\/media\/36131"}],"wp:attachment":[{"href":"https:\/\/www.revistarambla.com\/en\/wp-json\/wp\/v2\/media?parent=36124"}],"wp:term":[{"taxonomy":"category","embeddable":true,"href":"https:\/\/www.revistarambla.com\/en\/wp-json\/wp\/v2\/categories?post=36124"},{"taxonomy":"post_tag","embeddable":true,"href":"https:\/\/www.revistarambla.com\/en\/wp-json\/wp\/v2\/tags?post=36124"}],"curies":[{"name":"wp","href":"https:\/\/api.w.org\/{rel}","templated":true}]}}