{"id":35855,"date":"2021-10-14T18:53:28","date_gmt":"2021-10-14T16:53:28","guid":{"rendered":"https:\/\/www.revistarambla.com\/?p=35855"},"modified":"2021-10-14T21:35:05","modified_gmt":"2021-10-14T19:35:05","slug":"tercera-semana-del-festival-lem","status":"publish","type":"post","link":"https:\/\/www.revistarambla.com\/en\/tercera-semana-del-festival-lem\/","title":{"rendered":"Festival LEM Barcelona: nuevos conciertos este fin de semana"},"content":{"rendered":"<figure id=\"attachment_35856\" aria-describedby=\"caption-attachment-35856\" style=\"width: 375px\" class=\"wp-caption alignnone\"><img decoding=\"async\" class=\"wp-image-35856\" src=\"https:\/\/www.revistarambla.com\/wp-content\/uploads\/2021\/10\/Nu\u0301ria-Andorra\u0300-al-LEM-2021-Ernest-Abenti\u0301n-GTS.jpeg\" alt=\"\" width=\"375\" height=\"562\" srcset=\"https:\/\/www.revistarambla.com\/wp-content\/uploads\/2021\/10\/Nu\u0301ria-Andorra\u0300-al-LEM-2021-Ernest-Abenti\u0301n-GTS.jpeg 427w, https:\/\/www.revistarambla.com\/wp-content\/uploads\/2021\/10\/Nu\u0301ria-Andorra\u0300-al-LEM-2021-Ernest-Abenti\u0301n-GTS-200x300.jpeg 200w\" sizes=\"(max-width: 375px) 100vw, 375px\" \/><figcaption id=\"caption-attachment-35856\" class=\"wp-caption-text\">N\u00faria Andorr\u00e0 en el LEM 2021. (E. Abent\u00edn)<\/figcaption><\/figure>\n<p>La segunda semana del Dispositivo LEM se cerr\u00f3 \u00abcon un gran \u00e9xito de p\u00fablico y de cr\u00edtica\u00bb, seg\u00fan explican desde la organizaci\u00f3n. Las actuaciones de Dr. Truna y Mireia Tejero, por un lado, y de N\u00faria Andorrano, por otro, \u00abtuvieron una muy buena acogida\u00bb y sirvieron para preparar la tercera semana de festival que tendr\u00e1 lugar ma\u00f1ana viernes y el s\u00e1bado.<\/p>\n<p>As\u00ed, ma\u00f1ana, en el Convent de Sant Agust\u00ed, tendr\u00e1 lugar el estreno del proyecto &#8216;Esmolets&#8217; de Eli Gras, Lula Thomas i Marina H. Asciutti y un concierto del artista sardo Daniele Ledda, que traer\u00e1 a Barcelona su proyecto &#8216;Clavius&#8217;, para el que ya se ha abierto la venta de entradas anticipadas.<\/p>\n<p>El s\u00e1bado, en cambio, en el Centre de Barri Can Carol, en Vallcarca, se celebrar\u00e1 un encuentro entre la poeta Laia Carbonell y la acordeonista Roser Gabriel, en uno de los Encuentros en el Espacio Tiempos organizados por Gr\u00e0cia Territori Sonor, sesiones de libre improvisaci\u00f3n entre artistas que nunca han tocado juntos.<\/p>\n<p>La semana pasada, los ya consolidados Dr. Truna y Mireia Tejero ofrecieron toda una lecci\u00f3n de improvisaci\u00f3n que fue \u00abmuy bien recibida por el p\u00fablico\u00bb reunido en la Sala Polivalente del Centre C\u00edvic La Sedeta, que se llen\u00f3. Al d\u00eda siguiente, es decir, el pasado s\u00e1bado 9 de octubre, N\u00faria Andorrano present\u00f3 &#8216;Desnudo.A&#8217;, un nuevo espect\u00e1culo que tambi\u00e9n agot\u00f3 pr\u00e1cticamente todas las localidades del Sal\u00f3n de actos del mismo centro c\u00edvico y que \u00abfue elogiado tanto por el p\u00fablico como por la prensa especializada\u00bb.<\/p>\n<p>El Dispositivo LEM &#8211; Encuentro Internacional de M\u00fasicas Experimentales de Barcelona, que llega a su 26.\u00aa edici\u00f3n, continuar\u00e1 hasta el pr\u00f3ximo 30 de octubre.<\/p>","protected":false},"excerpt":{"rendered":"<p>El festival de m\u00fasica experimental continuar\u00e1 este viernes y s\u00e1bado con Laia Carbonell, Roser Gabriel, Daniele Ledda y la presentaci\u00f3n del proyecto &#8216;Esmolets&#8217;<\/p>","protected":false},"author":3,"featured_media":35856,"comment_status":"open","ping_status":"open","sticky":false,"template":"","format":"standard","meta":{"footnotes":""},"categories":[4,65],"tags":[],"class_list":["post-35855","post","type-post","status-publish","format-standard","has-post-thumbnail","hentry","category-cultura","category-musica"],"yoast_head":"<!-- This site is optimized with the Yoast SEO plugin v27.5 - https:\/\/yoast.com\/product\/yoast-seo-wordpress\/ -->\n<title>Festival LEM Barcelona: nuevos conciertos este fin de semana - Revista Rambla<\/title>\n<meta name=\"robots\" content=\"index, follow, max-snippet:-1, max-image-preview:large, max-video-preview:-1\" \/>\n<link rel=\"canonical\" href=\"https:\/\/www.revistarambla.com\/en\/tercera-semana-del-festival-lem\/\" \/>\n<meta property=\"og:locale\" content=\"en_GB\" \/>\n<meta property=\"og:type\" content=\"article\" \/>\n<meta property=\"og:title\" content=\"Festival LEM Barcelona: nuevos conciertos este fin de semana - Revista Rambla\" \/>\n<meta property=\"og:description\" content=\"El festival de m\u00fasica experimental continuar\u00e1 este viernes y s\u00e1bado con Laia Carbonell, Roser Gabriel, Daniele Ledda y la presentaci\u00f3n del proyecto &#039;Esmolets&#039;\" \/>\n<meta property=\"og:url\" content=\"https:\/\/www.revistarambla.com\/en\/tercera-semana-del-festival-lem\/\" \/>\n<meta property=\"og:site_name\" content=\"Revista Rambla\" \/>\n<meta property=\"article:publisher\" content=\"https:\/\/www.facebook.com\/revistarambla\/\" \/>\n<meta property=\"article:author\" content=\"https:\/\/www.facebook.com\/revistarambla\" \/>\n<meta property=\"article:published_time\" content=\"2021-10-14T16:53:28+00:00\" \/>\n<meta property=\"article:modified_time\" content=\"2021-10-14T19:35:05+00:00\" \/>\n<meta property=\"og:image\" content=\"https:\/\/i0.wp.com\/www.revistarambla.com\/wp-content\/uploads\/2021\/10\/Nu\u0301ria-Andorra\u0300-al-LEM-2021-Ernest-Abenti\u0301n-GTS.jpeg?fit=427%2C640&ssl=1\" \/>\n\t<meta property=\"og:image:width\" content=\"427\" \/>\n\t<meta property=\"og:image:height\" content=\"640\" \/>\n\t<meta property=\"og:image:type\" content=\"image\/jpeg\" \/>\n<meta name=\"author\" content=\"R@mbla\" \/>\n<meta name=\"twitter:card\" content=\"summary_large_image\" \/>\n<meta name=\"twitter:creator\" content=\"@revistarambla\" \/>\n<meta name=\"twitter:site\" content=\"@revistarambla\" \/>\n<meta name=\"twitter:label1\" content=\"Written by\" \/>\n\t<meta name=\"twitter:data1\" content=\"R@mbla\" \/>\n\t<meta name=\"twitter:label2\" content=\"Estimated reading time\" \/>\n\t<meta name=\"twitter:data2\" content=\"2 minutes\" \/>\n<script type=\"application\/ld+json\" class=\"yoast-schema-graph\">{\"@context\":\"https:\\\/\\\/schema.org\",\"@graph\":[{\"@type\":\"Article\",\"@id\":\"https:\\\/\\\/www.revistarambla.com\\\/tercera-semana-del-festival-lem\\\/#article\",\"isPartOf\":{\"@id\":\"https:\\\/\\\/www.revistarambla.com\\\/tercera-semana-del-festival-lem\\\/\"},\"author\":{\"name\":\"R@mbla\",\"@id\":\"https:\\\/\\\/www.revistarambla.com\\\/#\\\/schema\\\/person\\\/a146a5a2550b94981a75131180e1bd9c\"},\"headline\":\"Festival LEM Barcelona: nuevos conciertos este fin de semana\",\"datePublished\":\"2021-10-14T16:53:28+00:00\",\"dateModified\":\"2021-10-14T19:35:05+00:00\",\"mainEntityOfPage\":{\"@id\":\"https:\\\/\\\/www.revistarambla.com\\\/tercera-semana-del-festival-lem\\\/\"},\"wordCount\":322,\"commentCount\":0,\"publisher\":{\"@id\":\"https:\\\/\\\/www.revistarambla.com\\\/#organization\"},\"image\":{\"@id\":\"https:\\\/\\\/www.revistarambla.com\\\/tercera-semana-del-festival-lem\\\/#primaryimage\"},\"thumbnailUrl\":\"https:\\\/\\\/www.revistarambla.com\\\/wp-content\\\/uploads\\\/2021\\\/10\\\/Nu\u0301ria-Andorra\u0300-al-LEM-2021-Ernest-Abenti\u0301n-GTS.jpeg\",\"articleSection\":[\"Cultura\",\"M\u00fasica\"],\"inLanguage\":\"en-GB\",\"potentialAction\":[{\"@type\":\"CommentAction\",\"name\":\"Comment\",\"target\":[\"https:\\\/\\\/www.revistarambla.com\\\/tercera-semana-del-festival-lem\\\/#respond\"]}]},{\"@type\":\"WebPage\",\"@id\":\"https:\\\/\\\/www.revistarambla.com\\\/tercera-semana-del-festival-lem\\\/\",\"url\":\"https:\\\/\\\/www.revistarambla.com\\\/tercera-semana-del-festival-lem\\\/\",\"name\":\"Festival LEM Barcelona: nuevos conciertos este fin de semana - Revista Rambla\",\"isPartOf\":{\"@id\":\"https:\\\/\\\/www.revistarambla.com\\\/#website\"},\"primaryImageOfPage\":{\"@id\":\"https:\\\/\\\/www.revistarambla.com\\\/tercera-semana-del-festival-lem\\\/#primaryimage\"},\"image\":{\"@id\":\"https:\\\/\\\/www.revistarambla.com\\\/tercera-semana-del-festival-lem\\\/#primaryimage\"},\"thumbnailUrl\":\"https:\\\/\\\/www.revistarambla.com\\\/wp-content\\\/uploads\\\/2021\\\/10\\\/Nu\u0301ria-Andorra\u0300-al-LEM-2021-Ernest-Abenti\u0301n-GTS.jpeg\",\"datePublished\":\"2021-10-14T16:53:28+00:00\",\"dateModified\":\"2021-10-14T19:35:05+00:00\",\"breadcrumb\":{\"@id\":\"https:\\\/\\\/www.revistarambla.com\\\/tercera-semana-del-festival-lem\\\/#breadcrumb\"},\"inLanguage\":\"en-GB\",\"potentialAction\":[{\"@type\":\"ReadAction\",\"target\":[\"https:\\\/\\\/www.revistarambla.com\\\/tercera-semana-del-festival-lem\\\/\"]}]},{\"@type\":\"ImageObject\",\"inLanguage\":\"en-GB\",\"@id\":\"https:\\\/\\\/www.revistarambla.com\\\/tercera-semana-del-festival-lem\\\/#primaryimage\",\"url\":\"https:\\\/\\\/www.revistarambla.com\\\/wp-content\\\/uploads\\\/2021\\\/10\\\/Nu\u0301ria-Andorra\u0300-al-LEM-2021-Ernest-Abenti\u0301n-GTS.jpeg\",\"contentUrl\":\"https:\\\/\\\/www.revistarambla.com\\\/wp-content\\\/uploads\\\/2021\\\/10\\\/Nu\u0301ria-Andorra\u0300-al-LEM-2021-Ernest-Abenti\u0301n-GTS.jpeg\",\"width\":427,\"height\":640},{\"@type\":\"BreadcrumbList\",\"@id\":\"https:\\\/\\\/www.revistarambla.com\\\/tercera-semana-del-festival-lem\\\/#breadcrumb\",\"itemListElement\":[{\"@type\":\"ListItem\",\"position\":1,\"name\":\"Portada\",\"item\":\"https:\\\/\\\/www.revistarambla.com\\\/\"},{\"@type\":\"ListItem\",\"position\":2,\"name\":\"Festival LEM Barcelona: nuevos conciertos este fin de semana\"}]},{\"@type\":\"WebSite\",\"@id\":\"https:\\\/\\\/www.revistarambla.com\\\/#website\",\"url\":\"https:\\\/\\\/www.revistarambla.com\\\/\",\"name\":\"Revista Rambla Barcelona\",\"description\":\"Periodismo independiente\",\"publisher\":{\"@id\":\"https:\\\/\\\/www.revistarambla.com\\\/#organization\"},\"potentialAction\":[{\"@type\":\"SearchAction\",\"target\":{\"@type\":\"EntryPoint\",\"urlTemplate\":\"https:\\\/\\\/www.revistarambla.com\\\/?s={search_term_string}\"},\"query-input\":{\"@type\":\"PropertyValueSpecification\",\"valueRequired\":true,\"valueName\":\"search_term_string\"}}],\"inLanguage\":\"en-GB\"},{\"@type\":\"Organization\",\"@id\":\"https:\\\/\\\/www.revistarambla.com\\\/#organization\",\"name\":\"Revista Rambla\",\"url\":\"https:\\\/\\\/www.revistarambla.com\\\/\",\"logo\":{\"@type\":\"ImageObject\",\"inLanguage\":\"en-GB\",\"@id\":\"https:\\\/\\\/www.revistarambla.com\\\/#\\\/schema\\\/logo\\\/image\\\/\",\"url\":\"https:\\\/\\\/www.revistarambla.com\\\/wp-content\\\/uploads\\\/2020\\\/09\\\/banner_rambla_1900x600_BB.png\",\"contentUrl\":\"https:\\\/\\\/www.revistarambla.com\\\/wp-content\\\/uploads\\\/2020\\\/09\\\/banner_rambla_1900x600_BB.png\",\"width\":1900,\"height\":600,\"caption\":\"Revista Rambla\"},\"image\":{\"@id\":\"https:\\\/\\\/www.revistarambla.com\\\/#\\\/schema\\\/logo\\\/image\\\/\"},\"sameAs\":[\"https:\\\/\\\/www.facebook.com\\\/revistarambla\\\/\",\"https:\\\/\\\/x.com\\\/revistarambla\",\"https:\\\/\\\/www.instagram.com\\\/revista_rambla\",\"https:\\\/\\\/es.linkedin.com\\\/company\\\/revista-rambla\"]},{\"@type\":\"Person\",\"@id\":\"https:\\\/\\\/www.revistarambla.com\\\/#\\\/schema\\\/person\\\/a146a5a2550b94981a75131180e1bd9c\",\"name\":\"R@mbla\",\"description\":\"Este art\u00edculo ha sido redactado y\\\/o validado por el equipo de redacci\u00f3n de Revista Rambla.\",\"sameAs\":[\"https:\\\/\\\/www.revistarambla.com\\\/\",\"https:\\\/\\\/www.facebook.com\\\/revistarambla\",\"https:\\\/\\\/x.com\\\/revistarambla\"]}]}<\/script>\n<!-- \/ Yoast SEO plugin. -->","yoast_head_json":{"title":"Festival LEM Barcelona: nuevos conciertos este fin de semana - Revista Rambla","robots":{"index":"index","follow":"follow","max-snippet":"max-snippet:-1","max-image-preview":"max-image-preview:large","max-video-preview":"max-video-preview:-1"},"canonical":"https:\/\/www.revistarambla.com\/en\/tercera-semana-del-festival-lem\/","og_locale":"en_GB","og_type":"article","og_title":"Festival LEM Barcelona: nuevos conciertos este fin de semana - Revista Rambla","og_description":"El festival de m\u00fasica experimental continuar\u00e1 este viernes y s\u00e1bado con Laia Carbonell, Roser Gabriel, Daniele Ledda y la presentaci\u00f3n del proyecto 'Esmolets'","og_url":"https:\/\/www.revistarambla.com\/en\/tercera-semana-del-festival-lem\/","og_site_name":"Revista Rambla","article_publisher":"https:\/\/www.facebook.com\/revistarambla\/","article_author":"https:\/\/www.facebook.com\/revistarambla","article_published_time":"2021-10-14T16:53:28+00:00","article_modified_time":"2021-10-14T19:35:05+00:00","og_image":[{"width":427,"height":640,"url":"https:\/\/i0.wp.com\/www.revistarambla.com\/wp-content\/uploads\/2021\/10\/Nu\u0301ria-Andorra\u0300-al-LEM-2021-Ernest-Abenti\u0301n-GTS.jpeg?fit=427%2C640&ssl=1","type":"image\/jpeg"}],"author":"R@mbla","twitter_card":"summary_large_image","twitter_creator":"@revistarambla","twitter_site":"@revistarambla","twitter_misc":{"Written by":"R@mbla","Estimated reading time":"2 minutes"},"schema":{"@context":"https:\/\/schema.org","@graph":[{"@type":"Article","@id":"https:\/\/www.revistarambla.com\/tercera-semana-del-festival-lem\/#article","isPartOf":{"@id":"https:\/\/www.revistarambla.com\/tercera-semana-del-festival-lem\/"},"author":{"name":"R@mbla","@id":"https:\/\/www.revistarambla.com\/#\/schema\/person\/a146a5a2550b94981a75131180e1bd9c"},"headline":"Festival LEM Barcelona: nuevos conciertos este fin de semana","datePublished":"2021-10-14T16:53:28+00:00","dateModified":"2021-10-14T19:35:05+00:00","mainEntityOfPage":{"@id":"https:\/\/www.revistarambla.com\/tercera-semana-del-festival-lem\/"},"wordCount":322,"commentCount":0,"publisher":{"@id":"https:\/\/www.revistarambla.com\/#organization"},"image":{"@id":"https:\/\/www.revistarambla.com\/tercera-semana-del-festival-lem\/#primaryimage"},"thumbnailUrl":"https:\/\/www.revistarambla.com\/wp-content\/uploads\/2021\/10\/Nu\u0301ria-Andorra\u0300-al-LEM-2021-Ernest-Abenti\u0301n-GTS.jpeg","articleSection":["Cultura","M\u00fasica"],"inLanguage":"en-GB","potentialAction":[{"@type":"CommentAction","name":"Comment","target":["https:\/\/www.revistarambla.com\/tercera-semana-del-festival-lem\/#respond"]}]},{"@type":"WebPage","@id":"https:\/\/www.revistarambla.com\/tercera-semana-del-festival-lem\/","url":"https:\/\/www.revistarambla.com\/tercera-semana-del-festival-lem\/","name":"Festival LEM Barcelona: nuevos conciertos este fin de semana - Revista Rambla","isPartOf":{"@id":"https:\/\/www.revistarambla.com\/#website"},"primaryImageOfPage":{"@id":"https:\/\/www.revistarambla.com\/tercera-semana-del-festival-lem\/#primaryimage"},"image":{"@id":"https:\/\/www.revistarambla.com\/tercera-semana-del-festival-lem\/#primaryimage"},"thumbnailUrl":"https:\/\/www.revistarambla.com\/wp-content\/uploads\/2021\/10\/Nu\u0301ria-Andorra\u0300-al-LEM-2021-Ernest-Abenti\u0301n-GTS.jpeg","datePublished":"2021-10-14T16:53:28+00:00","dateModified":"2021-10-14T19:35:05+00:00","breadcrumb":{"@id":"https:\/\/www.revistarambla.com\/tercera-semana-del-festival-lem\/#breadcrumb"},"inLanguage":"en-GB","potentialAction":[{"@type":"ReadAction","target":["https:\/\/www.revistarambla.com\/tercera-semana-del-festival-lem\/"]}]},{"@type":"ImageObject","inLanguage":"en-GB","@id":"https:\/\/www.revistarambla.com\/tercera-semana-del-festival-lem\/#primaryimage","url":"https:\/\/www.revistarambla.com\/wp-content\/uploads\/2021\/10\/Nu\u0301ria-Andorra\u0300-al-LEM-2021-Ernest-Abenti\u0301n-GTS.jpeg","contentUrl":"https:\/\/www.revistarambla.com\/wp-content\/uploads\/2021\/10\/Nu\u0301ria-Andorra\u0300-al-LEM-2021-Ernest-Abenti\u0301n-GTS.jpeg","width":427,"height":640},{"@type":"BreadcrumbList","@id":"https:\/\/www.revistarambla.com\/tercera-semana-del-festival-lem\/#breadcrumb","itemListElement":[{"@type":"ListItem","position":1,"name":"Portada","item":"https:\/\/www.revistarambla.com\/"},{"@type":"ListItem","position":2,"name":"Festival LEM Barcelona: nuevos conciertos este fin de semana"}]},{"@type":"WebSite","@id":"https:\/\/www.revistarambla.com\/#website","url":"https:\/\/www.revistarambla.com\/","name":"Revista Rambla Barcelona","description":"Periodismo independiente","publisher":{"@id":"https:\/\/www.revistarambla.com\/#organization"},"potentialAction":[{"@type":"SearchAction","target":{"@type":"EntryPoint","urlTemplate":"https:\/\/www.revistarambla.com\/?s={search_term_string}"},"query-input":{"@type":"PropertyValueSpecification","valueRequired":true,"valueName":"search_term_string"}}],"inLanguage":"en-GB"},{"@type":"Organization","@id":"https:\/\/www.revistarambla.com\/#organization","name":"Revista Rambla","url":"https:\/\/www.revistarambla.com\/","logo":{"@type":"ImageObject","inLanguage":"en-GB","@id":"https:\/\/www.revistarambla.com\/#\/schema\/logo\/image\/","url":"https:\/\/www.revistarambla.com\/wp-content\/uploads\/2020\/09\/banner_rambla_1900x600_BB.png","contentUrl":"https:\/\/www.revistarambla.com\/wp-content\/uploads\/2020\/09\/banner_rambla_1900x600_BB.png","width":1900,"height":600,"caption":"Revista Rambla"},"image":{"@id":"https:\/\/www.revistarambla.com\/#\/schema\/logo\/image\/"},"sameAs":["https:\/\/www.facebook.com\/revistarambla\/","https:\/\/x.com\/revistarambla","https:\/\/www.instagram.com\/revista_rambla","https:\/\/es.linkedin.com\/company\/revista-rambla"]},{"@type":"Person","@id":"https:\/\/www.revistarambla.com\/#\/schema\/person\/a146a5a2550b94981a75131180e1bd9c","name":"R@mbla","description":"Este art\u00edculo ha sido redactado y\/o validado por el equipo de redacci\u00f3n de Revista Rambla.","sameAs":["https:\/\/www.revistarambla.com\/","https:\/\/www.facebook.com\/revistarambla","https:\/\/x.com\/revistarambla"]}]}},"_links":{"self":[{"href":"https:\/\/www.revistarambla.com\/en\/wp-json\/wp\/v2\/posts\/35855","targetHints":{"allow":["GET"]}}],"collection":[{"href":"https:\/\/www.revistarambla.com\/en\/wp-json\/wp\/v2\/posts"}],"about":[{"href":"https:\/\/www.revistarambla.com\/en\/wp-json\/wp\/v2\/types\/post"}],"author":[{"embeddable":true,"href":"https:\/\/www.revistarambla.com\/en\/wp-json\/wp\/v2\/users\/3"}],"replies":[{"embeddable":true,"href":"https:\/\/www.revistarambla.com\/en\/wp-json\/wp\/v2\/comments?post=35855"}],"version-history":[{"count":0,"href":"https:\/\/www.revistarambla.com\/en\/wp-json\/wp\/v2\/posts\/35855\/revisions"}],"wp:featuredmedia":[{"embeddable":true,"href":"https:\/\/www.revistarambla.com\/en\/wp-json\/wp\/v2\/media\/35856"}],"wp:attachment":[{"href":"https:\/\/www.revistarambla.com\/en\/wp-json\/wp\/v2\/media?parent=35855"}],"wp:term":[{"taxonomy":"category","embeddable":true,"href":"https:\/\/www.revistarambla.com\/en\/wp-json\/wp\/v2\/categories?post=35855"},{"taxonomy":"post_tag","embeddable":true,"href":"https:\/\/www.revistarambla.com\/en\/wp-json\/wp\/v2\/tags?post=35855"}],"curies":[{"name":"wp","href":"https:\/\/api.w.org\/{rel}","templated":true}]}}