{"id":35852,"date":"2021-10-14T18:34:52","date_gmt":"2021-10-14T16:34:52","guid":{"rendered":"https:\/\/www.revistarambla.com\/?p=35852"},"modified":"2021-12-07T16:08:28","modified_gmt":"2021-12-07T15:08:28","slug":"donald-trump-y-la-teoria-del-gran-reemplazo","status":"publish","type":"post","link":"https:\/\/www.revistarambla.com\/en\/donald-trump-y-la-teoria-del-gran-reemplazo\/","title":{"rendered":"Donald Trump y la Teor\u00eda del \u00abGran Reemplazo\u00bb"},"content":{"rendered":"<figure id=\"attachment_35853\" aria-describedby=\"caption-attachment-35853\" style=\"width: 799px\" class=\"wp-caption aligncenter\"><img decoding=\"async\" class=\"wp-image-35853 size-full\" src=\"https:\/\/www.revistarambla.com\/wp-content\/uploads\/2021\/10\/27761513565_f8aac748c1_c.jpg\" alt=\"\" width=\"799\" height=\"533\" srcset=\"https:\/\/www.revistarambla.com\/wp-content\/uploads\/2021\/10\/27761513565_f8aac748c1_c.jpg 799w, https:\/\/www.revistarambla.com\/wp-content\/uploads\/2021\/10\/27761513565_f8aac748c1_c-300x200.jpg 300w, https:\/\/www.revistarambla.com\/wp-content\/uploads\/2021\/10\/27761513565_f8aac748c1_c-768x512.jpg 768w\" sizes=\"(max-width: 799px) 100vw, 799px\" \/><figcaption id=\"caption-attachment-35853\" class=\"wp-caption-text\">Partidario de Donald Trump en un mitin en el Veterans Memorial Coliseum en el recinto ferial del estado de Arizona en Phoenix, Arizona. (Gage Skidmore \/ Flickr)<\/figcaption><\/figure>\n<p>La teor\u00eda conspirativa del Gran Reemplazo se remonta a la novela de 1973 \u201cLe camps des Saints\u201d de Jean Raspall donde se describe el \u201ccolapso de la cultura occidental a causa de un tsunami migratorio procedente del Tercer Mundo\u201d. Dicha teor\u00eda habr\u00eda sido adoptada como propia por el movimiento supremacista blanco que denuncia que \u201cla pol\u00edtica de inmigraci\u00f3n de Joe Biden busca sustituir a la poblaci\u00f3n blanca por inmigrantes no blancos con el objetivo inequ\u00edvoco de finiquitar la primac\u00eda blanca de EUA (White Power)\u201d, lo que tendr\u00e1 como efectos colaterales el aumento del odio al inmigrante, la xenofobia y las agresiones a personas de color de parte de los seguidores de la extrema derecha estadounidense.<\/p>\n<p>Los portavoces de dicha teor\u00eda ser\u00edan el presentador de la Fox News, Tucker Carlson quien bautiz\u00f3 a la pol\u00edtica migratoria de Biden como \u201cThe Great Replacement\u201d (el Gran Reemplazo), as\u00ed como el congresista republicano Brian Babin quien afirm\u00f3 que \u201clos dem\u00f3cratas est\u00e1n aprovechando la inmigraci\u00f3n para reemplazar al electorado estadounidense por un electorado del tercer mundo\u201d, por lo que 40 Estados republicanos estar\u00edan planeando proponer iniciativas legales para suprimir o limitar el voto de minor\u00edas \u00e9tnicas, raciales y religiosas limitando el voto por ausencia y prohibiendo el voto por correo.<\/p>\n<h3>El declive del White Power<\/h3>\n<p>Seg\u00fan la Oficina del Censo de EUA, hacia el 2043 los blancos dejar\u00e1n de ser la mayor\u00eda de la poblaci\u00f3n estadounidense y ser\u00e1n desplazados por la suma de la poblaci\u00f3n hispana que aumentar\u00eda de 53,3 millones en la actualidad a 128,8 millones en 2060 y la afroamericana, que pasar\u00eda los 41,2 millones actuales a los 61,8 millones previstos por las proyecciones y seg\u00fan el Pew Research Center, la clase media (con unos ingresos anuales de 73.400 $) ya no ser\u00eda el segmento poblacional dominante en la sociedad estadounidense actual al sufrir una lenta pero progresiva ca\u00edda en las \u00faltimas 4 d\u00e9cadas.<\/p>\n<p>As\u00ed, seg\u00fan el Pew, en 1971, la clase media representaba el 61% de la poblaci\u00f3n (unos 80 millones de habitantes) mientras que en la actualidad no alcanzar\u00eda el list\u00f3n del 50% (49,9%) debido a la crisis de las subprime, estallido de la burbuja inmobiliaria y posterior crash burs\u00e1til del 2008.<\/p>\n<p>Conviene resaltar que entre los \u201cperdedores de la crisis\u201d adem\u00e1s de afroamericanos y latinos aparecen por primera vez j\u00f3venes universitarios endeudados y adultos blancos de m\u00e1s de 45 a\u00f1os sin estudios universitarios y con empleos de bajo valor a\u00f1adido que tras quedar enrolados en las filas del paro, habr\u00edan terminado sumido en un c\u00edrculo explosivo de depresi\u00f3n, alcoholismo, drogadicci\u00f3n y suicidio tras ver esfumarse el mirlo del \u201csue\u00f1o americano\u201d, lo que habr\u00eda tenido como efecto colateral la desafecci\u00f3n de dichos segmentos de poblaci\u00f3n blanca respecto del establishment tradicional y su enrolamiento en partidos de extrema derecha y la cifras de perdedores blancos se podr\u00edan incrementar tras la entrada en recesi\u00f3n de la econom\u00eda estadounidense en el 2022 debido al recalentamiento de la econom\u00eda, la desbocada inflaci\u00f3n y el recrudecimiento de la pandemia sanitaria.<\/p>\n<h3>\u00bfAgudizaci\u00f3n de la fractura social estadounidense?<\/h3>\n<p>El agravamiento de la pandemia sanitaria motivada por la existencia de importantes segmentos de poblaci\u00f3n sin vacunar (51%) y la Teor\u00eda del Gran Reemplazo estar\u00eda agudizando la fractura social estadounidense que estar\u00eda ya conformada por 2 mitades cuasi sim\u00e9tricas e irreconciliables y de lo que ser\u00eda paradigma el Estado de Texas, devenido en altavoz del White Power.<\/p>\n<p>Dado el desgaste de Biden tras el fiasco de Afganist\u00e1n y la posible entrada en recesi\u00f3n de la econom\u00eda el a\u00f1o venidero, no ser\u00eda descartable el triunfo republicano en las elecciones intermedias del 2022 que anticipar\u00edan un retorno triunfal de Trump en las Presidenciales del 2024.<\/p>\n<p>Caso de confirmarse, marcar\u00e1 un hito hist\u00f3rico pues representar\u00e1 el final de la sui generis democracia formal estadounidense y el comienzo de una forma de Gobierno orwelliano que beber\u00e1 de las fuentes del paternalismo de las dictaduras blandas y se caracterizar\u00e1 por el culto al l\u00edder, la utilizaci\u00f3n de la desinformaci\u00f3n y la vigilancia orwelliana de la poblaci\u00f3n no blanca y el control estricto de la disidencia pol\u00edtica, en suma un Gobierno autocr\u00e1tico o especie de dictadura invisible sustentada en s\u00f3lidas estrategias de cohesi\u00f3n (manipulaci\u00f3n de masas y culto al l\u00edder), elementos que confluyeron en la Presidencia de Trump tras fagocitar al Partido Republicano.<\/p>\n<p>La estrategia electoral de Trump se basar\u00e1 en la t\u00e9cnica de la manipulaci\u00f3n de las masas expuesta por Edward L. Bernays en su libro \u201cCristalizando la opini\u00f3n p\u00fablica\u201d, en el que desentra\u00f1a los mecanismos cerebrales del grupo y la influencia de la propaganda como m\u00e9todo para unificar su pensamiento.<\/p>\n<p>As\u00ed, seg\u00fan L. Bernays, \u201cla mente del grupo no piensa, en el sentido estricto de la palabra. En lugar de pensamientos tiene impulsos, h\u00e1bitos y emociones. A la hora de decidir su primer impulso es normalmente seguir el ejemplo de un l\u00edder en quien conf\u00eda\u201d.<\/p>\n<p>As\u00ed, su propaganda estar\u00e1 dirigida no al sujeto individual sino al Grupo en el que la personalidad del individuo unidimensional se diluye y queda envuelta en retazos de falsas expectativas creadas y anhelos comunes que lo sustenta (retorno del White Power) para lo que utilizar\u00e1 los puntos esenciales del ideario populista: mensajes cortos y xen\u00f3fobos en las redes sociales, culto al l\u00edder y utilizaci\u00f3n de las noticias falsas para sumir a la poblaci\u00f3n en la duda existencial.<\/p>","protected":false},"excerpt":{"rendered":"<p>La teor\u00eda conspirativa del Gran Reemplazo se remonta a la novela de 1973 \u201cLe camps des Saints\u201d de Jean Raspall donde se describe el \u201ccolapso de la cultura occidental a causa de un tsunami migratorio procedente del Tercer Mundo\u201d. Dicha teor\u00eda habr\u00eda sido adoptada como propia por el movimiento supremacista [&hellip;]<\/p>\n","protected":false},"author":16,"featured_media":35853,"comment_status":"open","ping_status":"open","sticky":false,"template":"","format":"standard","meta":{"footnotes":""},"categories":[72],"tags":[],"class_list":["post-35852","post","type-post","status-publish","format-standard","has-post-thumbnail","hentry","category-opinion"],"yoast_head":"<!-- This site is optimized with the Yoast SEO plugin v27.5 - https:\/\/yoast.com\/product\/yoast-seo-wordpress\/ -->\n<title>Donald Trump y la Teor\u00eda del &quot;Gran Reemplazo&quot; - Revista Rambla<\/title>\n<meta name=\"robots\" content=\"index, follow, max-snippet:-1, max-image-preview:large, max-video-preview:-1\" \/>\n<link rel=\"canonical\" href=\"https:\/\/www.revistarambla.com\/en\/donald-trump-y-la-teoria-del-gran-reemplazo\/\" \/>\n<meta property=\"og:locale\" content=\"en_GB\" \/>\n<meta property=\"og:type\" content=\"article\" \/>\n<meta property=\"og:title\" content=\"Donald Trump y la Teor\u00eda del &quot;Gran Reemplazo&quot; - Revista Rambla\" \/>\n<meta property=\"og:description\" content=\"La teor\u00eda conspirativa del Gran Reemplazo se remonta a la novela de 1973 \u201cLe camps des Saints\u201d de Jean Raspall donde se describe el \u201ccolapso de la cultura occidental a causa de un tsunami migratorio procedente del Tercer Mundo\u201d. Dicha teor\u00eda habr\u00eda sido adoptada como propia por el movimiento supremacista [&hellip;]\" \/>\n<meta property=\"og:url\" content=\"https:\/\/www.revistarambla.com\/en\/donald-trump-y-la-teoria-del-gran-reemplazo\/\" \/>\n<meta property=\"og:site_name\" content=\"Revista Rambla\" \/>\n<meta property=\"article:publisher\" content=\"https:\/\/www.facebook.com\/revistarambla\/\" \/>\n<meta property=\"article:published_time\" content=\"2021-10-14T16:34:52+00:00\" \/>\n<meta property=\"article:modified_time\" content=\"2021-12-07T15:08:28+00:00\" \/>\n<meta property=\"og:image\" content=\"https:\/\/www.revistarambla.com\/wp-content\/uploads\/2021\/10\/27761513565_f8aac748c1_c.jpg\" \/>\n\t<meta property=\"og:image:width\" content=\"799\" \/>\n\t<meta property=\"og:image:height\" content=\"533\" \/>\n\t<meta property=\"og:image:type\" content=\"image\/jpeg\" \/>\n<meta name=\"author\" content=\"Germ\u00e1n Gorraiz L\u00f3pez\" \/>\n<meta name=\"twitter:card\" content=\"summary_large_image\" \/>\n<meta name=\"twitter:creator\" content=\"@revistarambla\" \/>\n<meta name=\"twitter:site\" content=\"@revistarambla\" \/>\n<meta name=\"twitter:label1\" content=\"Written by\" \/>\n\t<meta name=\"twitter:data1\" content=\"Germ\u00e1n Gorraiz L\u00f3pez\" \/>\n\t<meta name=\"twitter:label2\" content=\"Estimated reading time\" \/>\n\t<meta name=\"twitter:data2\" content=\"5 minutes\" \/>\n<script type=\"application\/ld+json\" class=\"yoast-schema-graph\">{\"@context\":\"https:\\\/\\\/schema.org\",\"@graph\":[{\"@type\":\"Article\",\"@id\":\"https:\\\/\\\/www.revistarambla.com\\\/donald-trump-y-la-teoria-del-gran-reemplazo\\\/#article\",\"isPartOf\":{\"@id\":\"https:\\\/\\\/www.revistarambla.com\\\/donald-trump-y-la-teoria-del-gran-reemplazo\\\/\"},\"author\":{\"name\":\"Germ\u00e1n Gorraiz L\u00f3pez\",\"@id\":\"https:\\\/\\\/www.revistarambla.com\\\/#\\\/schema\\\/person\\\/23a7868ff10cd88f8fdb045c7b7e4a4d\"},\"headline\":\"Donald Trump y la Teor\u00eda del \u00abGran Reemplazo\u00bb\",\"datePublished\":\"2021-10-14T16:34:52+00:00\",\"dateModified\":\"2021-12-07T15:08:28+00:00\",\"mainEntityOfPage\":{\"@id\":\"https:\\\/\\\/www.revistarambla.com\\\/donald-trump-y-la-teoria-del-gran-reemplazo\\\/\"},\"wordCount\":986,\"commentCount\":0,\"publisher\":{\"@id\":\"https:\\\/\\\/www.revistarambla.com\\\/#organization\"},\"image\":{\"@id\":\"https:\\\/\\\/www.revistarambla.com\\\/donald-trump-y-la-teoria-del-gran-reemplazo\\\/#primaryimage\"},\"thumbnailUrl\":\"https:\\\/\\\/www.revistarambla.com\\\/wp-content\\\/uploads\\\/2021\\\/10\\\/27761513565_f8aac748c1_c.jpg\",\"articleSection\":[\"Opiniones\"],\"inLanguage\":\"en-GB\",\"potentialAction\":[{\"@type\":\"CommentAction\",\"name\":\"Comment\",\"target\":[\"https:\\\/\\\/www.revistarambla.com\\\/donald-trump-y-la-teoria-del-gran-reemplazo\\\/#respond\"]}]},{\"@type\":\"WebPage\",\"@id\":\"https:\\\/\\\/www.revistarambla.com\\\/donald-trump-y-la-teoria-del-gran-reemplazo\\\/\",\"url\":\"https:\\\/\\\/www.revistarambla.com\\\/donald-trump-y-la-teoria-del-gran-reemplazo\\\/\",\"name\":\"Donald Trump y la Teor\u00eda del \\\"Gran Reemplazo\\\" - Revista Rambla\",\"isPartOf\":{\"@id\":\"https:\\\/\\\/www.revistarambla.com\\\/#website\"},\"primaryImageOfPage\":{\"@id\":\"https:\\\/\\\/www.revistarambla.com\\\/donald-trump-y-la-teoria-del-gran-reemplazo\\\/#primaryimage\"},\"image\":{\"@id\":\"https:\\\/\\\/www.revistarambla.com\\\/donald-trump-y-la-teoria-del-gran-reemplazo\\\/#primaryimage\"},\"thumbnailUrl\":\"https:\\\/\\\/www.revistarambla.com\\\/wp-content\\\/uploads\\\/2021\\\/10\\\/27761513565_f8aac748c1_c.jpg\",\"datePublished\":\"2021-10-14T16:34:52+00:00\",\"dateModified\":\"2021-12-07T15:08:28+00:00\",\"breadcrumb\":{\"@id\":\"https:\\\/\\\/www.revistarambla.com\\\/donald-trump-y-la-teoria-del-gran-reemplazo\\\/#breadcrumb\"},\"inLanguage\":\"en-GB\",\"potentialAction\":[{\"@type\":\"ReadAction\",\"target\":[\"https:\\\/\\\/www.revistarambla.com\\\/donald-trump-y-la-teoria-del-gran-reemplazo\\\/\"]}]},{\"@type\":\"ImageObject\",\"inLanguage\":\"en-GB\",\"@id\":\"https:\\\/\\\/www.revistarambla.com\\\/donald-trump-y-la-teoria-del-gran-reemplazo\\\/#primaryimage\",\"url\":\"https:\\\/\\\/www.revistarambla.com\\\/wp-content\\\/uploads\\\/2021\\\/10\\\/27761513565_f8aac748c1_c.jpg\",\"contentUrl\":\"https:\\\/\\\/www.revistarambla.com\\\/wp-content\\\/uploads\\\/2021\\\/10\\\/27761513565_f8aac748c1_c.jpg\",\"width\":799,\"height\":533},{\"@type\":\"BreadcrumbList\",\"@id\":\"https:\\\/\\\/www.revistarambla.com\\\/donald-trump-y-la-teoria-del-gran-reemplazo\\\/#breadcrumb\",\"itemListElement\":[{\"@type\":\"ListItem\",\"position\":1,\"name\":\"Portada\",\"item\":\"https:\\\/\\\/www.revistarambla.com\\\/\"},{\"@type\":\"ListItem\",\"position\":2,\"name\":\"Donald Trump y la Teor\u00eda del \u00abGran Reemplazo\u00bb\"}]},{\"@type\":\"WebSite\",\"@id\":\"https:\\\/\\\/www.revistarambla.com\\\/#website\",\"url\":\"https:\\\/\\\/www.revistarambla.com\\\/\",\"name\":\"Revista Rambla Barcelona\",\"description\":\"Periodismo independiente\",\"publisher\":{\"@id\":\"https:\\\/\\\/www.revistarambla.com\\\/#organization\"},\"potentialAction\":[{\"@type\":\"SearchAction\",\"target\":{\"@type\":\"EntryPoint\",\"urlTemplate\":\"https:\\\/\\\/www.revistarambla.com\\\/?s={search_term_string}\"},\"query-input\":{\"@type\":\"PropertyValueSpecification\",\"valueRequired\":true,\"valueName\":\"search_term_string\"}}],\"inLanguage\":\"en-GB\"},{\"@type\":\"Organization\",\"@id\":\"https:\\\/\\\/www.revistarambla.com\\\/#organization\",\"name\":\"Revista Rambla\",\"url\":\"https:\\\/\\\/www.revistarambla.com\\\/\",\"logo\":{\"@type\":\"ImageObject\",\"inLanguage\":\"en-GB\",\"@id\":\"https:\\\/\\\/www.revistarambla.com\\\/#\\\/schema\\\/logo\\\/image\\\/\",\"url\":\"https:\\\/\\\/www.revistarambla.com\\\/wp-content\\\/uploads\\\/2020\\\/09\\\/banner_rambla_1900x600_BB.png\",\"contentUrl\":\"https:\\\/\\\/www.revistarambla.com\\\/wp-content\\\/uploads\\\/2020\\\/09\\\/banner_rambla_1900x600_BB.png\",\"width\":1900,\"height\":600,\"caption\":\"Revista Rambla\"},\"image\":{\"@id\":\"https:\\\/\\\/www.revistarambla.com\\\/#\\\/schema\\\/logo\\\/image\\\/\"},\"sameAs\":[\"https:\\\/\\\/www.facebook.com\\\/revistarambla\\\/\",\"https:\\\/\\\/x.com\\\/revistarambla\",\"https:\\\/\\\/www.instagram.com\\\/revista_rambla\",\"https:\\\/\\\/es.linkedin.com\\\/company\\\/revista-rambla\"]},{\"@type\":\"Person\",\"@id\":\"https:\\\/\\\/www.revistarambla.com\\\/#\\\/schema\\\/person\\\/23a7868ff10cd88f8fdb045c7b7e4a4d\",\"name\":\"Germ\u00e1n Gorraiz L\u00f3pez\",\"description\":\"Nacido en Navarra en 1957. Escribe an\u00e1lisis sobre temas econ\u00f3micos y geopol\u00edticos. Es miembro de Attac-Navarra. Colabora habitualmente en varios medios digitales e impresos espa\u00f1oles y latinoamericanos.\"}]}<\/script>\n<!-- \/ Yoast SEO plugin. -->","yoast_head_json":{"title":"Donald Trump y la Teor\u00eda del \"Gran Reemplazo\" - Revista Rambla","robots":{"index":"index","follow":"follow","max-snippet":"max-snippet:-1","max-image-preview":"max-image-preview:large","max-video-preview":"max-video-preview:-1"},"canonical":"https:\/\/www.revistarambla.com\/en\/donald-trump-y-la-teoria-del-gran-reemplazo\/","og_locale":"en_GB","og_type":"article","og_title":"Donald Trump y la Teor\u00eda del \"Gran Reemplazo\" - Revista Rambla","og_description":"La teor\u00eda conspirativa del Gran Reemplazo se remonta a la novela de 1973 \u201cLe camps des Saints\u201d de Jean Raspall donde se describe el \u201ccolapso de la cultura occidental a causa de un tsunami migratorio procedente del Tercer Mundo\u201d. Dicha teor\u00eda habr\u00eda sido adoptada como propia por el movimiento supremacista [&hellip;]","og_url":"https:\/\/www.revistarambla.com\/en\/donald-trump-y-la-teoria-del-gran-reemplazo\/","og_site_name":"Revista Rambla","article_publisher":"https:\/\/www.facebook.com\/revistarambla\/","article_published_time":"2021-10-14T16:34:52+00:00","article_modified_time":"2021-12-07T15:08:28+00:00","og_image":[{"width":799,"height":533,"url":"https:\/\/www.revistarambla.com\/wp-content\/uploads\/2021\/10\/27761513565_f8aac748c1_c.jpg","type":"image\/jpeg"}],"author":"Germ\u00e1n Gorraiz L\u00f3pez","twitter_card":"summary_large_image","twitter_creator":"@revistarambla","twitter_site":"@revistarambla","twitter_misc":{"Written by":"Germ\u00e1n Gorraiz L\u00f3pez","Estimated reading time":"5 minutes"},"schema":{"@context":"https:\/\/schema.org","@graph":[{"@type":"Article","@id":"https:\/\/www.revistarambla.com\/donald-trump-y-la-teoria-del-gran-reemplazo\/#article","isPartOf":{"@id":"https:\/\/www.revistarambla.com\/donald-trump-y-la-teoria-del-gran-reemplazo\/"},"author":{"name":"Germ\u00e1n Gorraiz L\u00f3pez","@id":"https:\/\/www.revistarambla.com\/#\/schema\/person\/23a7868ff10cd88f8fdb045c7b7e4a4d"},"headline":"Donald Trump y la Teor\u00eda del \u00abGran Reemplazo\u00bb","datePublished":"2021-10-14T16:34:52+00:00","dateModified":"2021-12-07T15:08:28+00:00","mainEntityOfPage":{"@id":"https:\/\/www.revistarambla.com\/donald-trump-y-la-teoria-del-gran-reemplazo\/"},"wordCount":986,"commentCount":0,"publisher":{"@id":"https:\/\/www.revistarambla.com\/#organization"},"image":{"@id":"https:\/\/www.revistarambla.com\/donald-trump-y-la-teoria-del-gran-reemplazo\/#primaryimage"},"thumbnailUrl":"https:\/\/www.revistarambla.com\/wp-content\/uploads\/2021\/10\/27761513565_f8aac748c1_c.jpg","articleSection":["Opiniones"],"inLanguage":"en-GB","potentialAction":[{"@type":"CommentAction","name":"Comment","target":["https:\/\/www.revistarambla.com\/donald-trump-y-la-teoria-del-gran-reemplazo\/#respond"]}]},{"@type":"WebPage","@id":"https:\/\/www.revistarambla.com\/donald-trump-y-la-teoria-del-gran-reemplazo\/","url":"https:\/\/www.revistarambla.com\/donald-trump-y-la-teoria-del-gran-reemplazo\/","name":"Donald Trump y la Teor\u00eda del \"Gran Reemplazo\" - Revista Rambla","isPartOf":{"@id":"https:\/\/www.revistarambla.com\/#website"},"primaryImageOfPage":{"@id":"https:\/\/www.revistarambla.com\/donald-trump-y-la-teoria-del-gran-reemplazo\/#primaryimage"},"image":{"@id":"https:\/\/www.revistarambla.com\/donald-trump-y-la-teoria-del-gran-reemplazo\/#primaryimage"},"thumbnailUrl":"https:\/\/www.revistarambla.com\/wp-content\/uploads\/2021\/10\/27761513565_f8aac748c1_c.jpg","datePublished":"2021-10-14T16:34:52+00:00","dateModified":"2021-12-07T15:08:28+00:00","breadcrumb":{"@id":"https:\/\/www.revistarambla.com\/donald-trump-y-la-teoria-del-gran-reemplazo\/#breadcrumb"},"inLanguage":"en-GB","potentialAction":[{"@type":"ReadAction","target":["https:\/\/www.revistarambla.com\/donald-trump-y-la-teoria-del-gran-reemplazo\/"]}]},{"@type":"ImageObject","inLanguage":"en-GB","@id":"https:\/\/www.revistarambla.com\/donald-trump-y-la-teoria-del-gran-reemplazo\/#primaryimage","url":"https:\/\/www.revistarambla.com\/wp-content\/uploads\/2021\/10\/27761513565_f8aac748c1_c.jpg","contentUrl":"https:\/\/www.revistarambla.com\/wp-content\/uploads\/2021\/10\/27761513565_f8aac748c1_c.jpg","width":799,"height":533},{"@type":"BreadcrumbList","@id":"https:\/\/www.revistarambla.com\/donald-trump-y-la-teoria-del-gran-reemplazo\/#breadcrumb","itemListElement":[{"@type":"ListItem","position":1,"name":"Portada","item":"https:\/\/www.revistarambla.com\/"},{"@type":"ListItem","position":2,"name":"Donald Trump y la Teor\u00eda del \u00abGran Reemplazo\u00bb"}]},{"@type":"WebSite","@id":"https:\/\/www.revistarambla.com\/#website","url":"https:\/\/www.revistarambla.com\/","name":"Revista Rambla Barcelona","description":"Periodismo independiente","publisher":{"@id":"https:\/\/www.revistarambla.com\/#organization"},"potentialAction":[{"@type":"SearchAction","target":{"@type":"EntryPoint","urlTemplate":"https:\/\/www.revistarambla.com\/?s={search_term_string}"},"query-input":{"@type":"PropertyValueSpecification","valueRequired":true,"valueName":"search_term_string"}}],"inLanguage":"en-GB"},{"@type":"Organization","@id":"https:\/\/www.revistarambla.com\/#organization","name":"Revista Rambla","url":"https:\/\/www.revistarambla.com\/","logo":{"@type":"ImageObject","inLanguage":"en-GB","@id":"https:\/\/www.revistarambla.com\/#\/schema\/logo\/image\/","url":"https:\/\/www.revistarambla.com\/wp-content\/uploads\/2020\/09\/banner_rambla_1900x600_BB.png","contentUrl":"https:\/\/www.revistarambla.com\/wp-content\/uploads\/2020\/09\/banner_rambla_1900x600_BB.png","width":1900,"height":600,"caption":"Revista Rambla"},"image":{"@id":"https:\/\/www.revistarambla.com\/#\/schema\/logo\/image\/"},"sameAs":["https:\/\/www.facebook.com\/revistarambla\/","https:\/\/x.com\/revistarambla","https:\/\/www.instagram.com\/revista_rambla","https:\/\/es.linkedin.com\/company\/revista-rambla"]},{"@type":"Person","@id":"https:\/\/www.revistarambla.com\/#\/schema\/person\/23a7868ff10cd88f8fdb045c7b7e4a4d","name":"Germ\u00e1n Gorraiz L\u00f3pez","description":"Nacido en Navarra en 1957. Escribe an\u00e1lisis sobre temas econ\u00f3micos y geopol\u00edticos. Es miembro de Attac-Navarra. Colabora habitualmente en varios medios digitales e impresos espa\u00f1oles y latinoamericanos."}]}},"_links":{"self":[{"href":"https:\/\/www.revistarambla.com\/en\/wp-json\/wp\/v2\/posts\/35852","targetHints":{"allow":["GET"]}}],"collection":[{"href":"https:\/\/www.revistarambla.com\/en\/wp-json\/wp\/v2\/posts"}],"about":[{"href":"https:\/\/www.revistarambla.com\/en\/wp-json\/wp\/v2\/types\/post"}],"author":[{"embeddable":true,"href":"https:\/\/www.revistarambla.com\/en\/wp-json\/wp\/v2\/users\/16"}],"replies":[{"embeddable":true,"href":"https:\/\/www.revistarambla.com\/en\/wp-json\/wp\/v2\/comments?post=35852"}],"version-history":[{"count":0,"href":"https:\/\/www.revistarambla.com\/en\/wp-json\/wp\/v2\/posts\/35852\/revisions"}],"wp:featuredmedia":[{"embeddable":true,"href":"https:\/\/www.revistarambla.com\/en\/wp-json\/wp\/v2\/media\/35853"}],"wp:attachment":[{"href":"https:\/\/www.revistarambla.com\/en\/wp-json\/wp\/v2\/media?parent=35852"}],"wp:term":[{"taxonomy":"category","embeddable":true,"href":"https:\/\/www.revistarambla.com\/en\/wp-json\/wp\/v2\/categories?post=35852"},{"taxonomy":"post_tag","embeddable":true,"href":"https:\/\/www.revistarambla.com\/en\/wp-json\/wp\/v2\/tags?post=35852"}],"curies":[{"name":"wp","href":"https:\/\/api.w.org\/{rel}","templated":true}]}}