{"id":35820,"date":"2021-10-08T19:00:31","date_gmt":"2021-10-08T17:00:31","guid":{"rendered":"https:\/\/www.revistarambla.com\/?p=35820"},"modified":"2022-03-23T19:22:58","modified_gmt":"2022-03-23T18:22:58","slug":"denuncian-la-cruel-situacion-de-las-gallinas-ponedoras-encerradas-en-jaulas","status":"publish","type":"post","link":"https:\/\/www.revistarambla.com\/en\/denuncian-la-cruel-situacion-de-las-gallinas-ponedoras-encerradas-en-jaulas\/","title":{"rendered":"Denuncian la cruel situaci\u00f3n de las gallinas ponedoras hacinadas en jaulas"},"content":{"rendered":"<p>Coincidiendo con el D\u00eda Mundial del Huevo, un nuevo reportaje de investigaci\u00f3n de <a href=\"http:\/\/www.equaliaong.org\">la oeneg\u00e9 Equalia<\/a> -con im\u00e1genes tomadas desde 2020 hasta el mes pasado- pone al descubierto las duras condiciones de vida en una granja de gallinas ponedoras en Castilla la Mancha en la que se utiliza el sistema de jaulas. En dicho reportaje, se pueden observar a gallinas desplumadas por el desgaste causado por el hacinamiento en las jaulas, o cad\u00e1veres conviviendo con otras aves vivas, entre otros crueles hallazgos.<\/p>\n<p>Seg\u00fan denuncia la oeneg\u00e9, se trata de \u00abhechos comunes\u00bb en un sistema de producci\u00f3n sobre el que la Federaci\u00f3n de Veterinarios de Europa ha manifestado la necesidad de realizar una revisi\u00f3n cr\u00edtica de las jaulas, \u00abpuesto que estas dificultan la expresi\u00f3n de los comportamientos inherentes a las gallinas ponedoras\u00bb.<\/p>\n<p>Por otro lado, seg\u00fan prosigue la denuncia de Equalia, en referencia al hecho de estar encerradas y hacinadas toda su vida en una jaula, la Autoridad Europea de Seguridad Alimentar\u00eda (EFSA, por sus siglas en ingl\u00e9s) concluy\u00f3 que \u00ablas jaulas no son un sistema de producci\u00f3n seguro ni sostenible, puesto que comporta riesgos en cuanto a la seguridad alimentar\u00eda y la salud humana\u00bb. EFSA concluy\u00f3, adem\u00e1s, que \u00abla elevada densidad de las aves enjauladas comporta la prevalencia, persistencia y desarrollo de salmonela, en comparaci\u00f3n con las gallinas de suelo\u00bb.<\/p>\n<p>Aparte de estas im\u00e1genes, habituales en el sistema de jaulas, el reportaje tambi\u00e9n capta expl\u00edcitamente plagas de ratas paseando entre las aves, y de \u00e1caros prosperando en los huevos destinados al consumo humano. El departamento jur\u00eddico de Equalia considera que el contenido de las im\u00e1genes recoge situaciones presuntamente constitutivas de graves delitos de maltrato animal y contra la salud p\u00fablica, por lo que ha interpuesto la denuncia pertinente contra la granja, acompa\u00f1ada de un informe veterinario donde se manifiesta el lamentable estado de los animales.<\/p>\n<p>Por otra parte, la entidad se ha reunido con varios partidos de todo el arco parlamentario catal\u00e1n, para tratar la progresiva erradicaci\u00f3n de las jaulas para las gallinas ponedoras. Esta medida estar\u00eda alineada tanto con las reformas legislativas en las que ya trabaja la Comisi\u00f3n Europea, como con las pol\u00edticas empresariales que aplican algunos de los principales supermercados catalanes.<\/p>\n<figure id=\"attachment_35822\" aria-describedby=\"caption-attachment-35822\" style=\"width: 2048px\" class=\"wp-caption aligncenter\"><img decoding=\"async\" class=\"wp-image-35822 size-full\" src=\"https:\/\/www.revistarambla.com\/wp-content\/uploads\/2021\/10\/DSC6499-scaled.jpg\" alt=\"\" width=\"2048\" height=\"1365\" srcset=\"https:\/\/www.revistarambla.com\/wp-content\/uploads\/2021\/10\/DSC6499-scaled.jpg 2048w, https:\/\/www.revistarambla.com\/wp-content\/uploads\/2021\/10\/DSC6499-300x200.jpg 300w, https:\/\/www.revistarambla.com\/wp-content\/uploads\/2021\/10\/DSC6499-1024x683.jpg 1024w, https:\/\/www.revistarambla.com\/wp-content\/uploads\/2021\/10\/DSC6499-768x512.jpg 768w, https:\/\/www.revistarambla.com\/wp-content\/uploads\/2021\/10\/DSC6499-1536x1024.jpg 1536w\" sizes=\"(max-width: 2048px) 100vw, 2048px\" \/><figcaption id=\"caption-attachment-35822\" class=\"wp-caption-text\">Estado de las instalaciones con huevos destinados a consumo humano. (Equalia)<\/figcaption><\/figure>\n<h3>Se est\u00e1n tomando caminos hacia un futuro sin jaulas<\/h3>\n<p>La opini\u00f3n p\u00fablica catalana se manifest\u00f3 en este sentido en la encuesta realizada en enero de este a\u00f1o para el Gabinete de Estudios Sociales y Opini\u00f3n P\u00fablica (GESOP), que reflej\u00f3 que m\u00e1s del 55% de las personas encuestadas estar\u00eda a favor de prohibir las jaulas en la producci\u00f3n de huevos, una medida que impactar\u00eda en las casi 4 millones de gallinas con las que cuenta Catalu\u00f1a.<\/p>\n<p>Los consumidores europeos tambi\u00e9n han manifestado su rechazo a este tipo de pr\u00e1cticas por medio de la Iniciativa Ciudadana Europea (ICE) <em>End The Cage Age<\/em> (Fin de la era de las jaulas) a principio de verano, en la que han colaborado m\u00e1s de 170 organizaciones. Esta ICE consigui\u00f3 el apoyo de m\u00e1s de 1,4 millones de personas, y el voto mayoritario del Parlamento Europeo a favor de la prohibici\u00f3n de las jaulas, no solo en gallinas, sino tambi\u00e9n para los cerdos, becerros, conejos, reproductoras <em>broiler<\/em>, codornices, patos y gansos.<\/p>\n<p>\u00abGracias a que las principales empresas catalanas se han comprometido a dejar de utilizar y comercializar huevos de gallinas enjauladas, los grupos parlamentarios est\u00e1n trabajando en una propuesta que alinear\u00e1 los compromisos del sector privado con las expectativas de la ciudadan\u00eda\u00bb, afirma Blanca Ponce, responsable de Relaciones Institucionales y Empresariales de Equalia.<\/p>\n<div class=\"lyte-wrapper\" style=\"width:640px;max-width:100%;margin:5px auto;\"><div class=\"lyMe\" id=\"WYL_p2Cua9t8E6Y\"><div id=\"lyte_p2Cua9t8E6Y\" data-src=\"\/\/i.ytimg.com\/vi\/p2Cua9t8E6Y\/hqdefault.jpg\" class=\"pL\"><div class=\"tC\"><div class=\"tT\"><\/div><\/div><div class=\"play\"><\/div><div class=\"ctrl\"><div class=\"Lctrl\"><\/div><div class=\"Rctrl\"><\/div><\/div><\/div><noscript><a href=\"https:\/\/youtu.be\/p2Cua9t8E6Y\" rel=\"nofollow\"><img decoding=\"async\" src=\"https:\/\/i.ytimg.com\/vi\/p2Cua9t8E6Y\/0.jpg\" alt=\"YouTube video thumbnail\" width=\"640\" height=\"340\" \/><br \/>Watch this video on YouTube<\/a><\/noscript><\/div><\/div><div class=\"lL\" style=\"max-width:100%;width:640px;margin:5px auto;\"><\/div><\/p>","protected":false},"excerpt":{"rendered":"<p>Un reportaje de investigaci\u00f3n de la ONG Equalia profundiza en el debate sobre el uso de jaulas en la producci\u00f3n de huevos, un tema que ha llegado hasta el Parlamento catal\u00e1n<\/p>","protected":false},"author":3,"featured_media":35821,"comment_status":"open","ping_status":"open","sticky":false,"template":"","format":"standard","meta":{"footnotes":""},"categories":[59],"tags":[],"class_list":["post-35820","post","type-post","status-publish","format-standard","has-post-thumbnail","hentry","category-catalunya"],"yoast_head":"<!-- This site is optimized with the Yoast SEO plugin v27.5 - https:\/\/yoast.com\/product\/yoast-seo-wordpress\/ -->\n<title>Denuncian la cruel situaci\u00f3n de las gallinas ponedoras hacinadas en jaulas - Revista Rambla<\/title>\n<meta name=\"robots\" content=\"index, follow, max-snippet:-1, max-image-preview:large, max-video-preview:-1\" \/>\n<link rel=\"canonical\" href=\"https:\/\/www.revistarambla.com\/en\/denuncian-la-cruel-situacion-de-las-gallinas-ponedoras-encerradas-en-jaulas\/\" \/>\n<meta property=\"og:locale\" content=\"en_GB\" \/>\n<meta property=\"og:type\" content=\"article\" \/>\n<meta property=\"og:title\" content=\"Denuncian la cruel situaci\u00f3n de las gallinas ponedoras hacinadas en jaulas - Revista Rambla\" \/>\n<meta property=\"og:description\" content=\"Un reportaje de investigaci\u00f3n de la ONG Equalia profundiza en el debate sobre el uso de jaulas en la producci\u00f3n de huevos, un tema que ha llegado hasta el Parlamento catal\u00e1n\" \/>\n<meta property=\"og:url\" content=\"https:\/\/www.revistarambla.com\/en\/denuncian-la-cruel-situacion-de-las-gallinas-ponedoras-encerradas-en-jaulas\/\" \/>\n<meta property=\"og:site_name\" content=\"Revista Rambla\" \/>\n<meta property=\"article:publisher\" content=\"https:\/\/www.facebook.com\/revistarambla\/\" \/>\n<meta property=\"article:author\" content=\"https:\/\/www.facebook.com\/revistarambla\" \/>\n<meta property=\"article:published_time\" content=\"2021-10-08T17:00:31+00:00\" \/>\n<meta property=\"article:modified_time\" content=\"2022-03-23T18:22:58+00:00\" \/>\n<meta property=\"og:image\" content=\"https:\/\/www.revistarambla.com\/wp-content\/uploads\/2021\/10\/DSC6951-scaled.jpg\" \/>\n\t<meta property=\"og:image:width\" content=\"2048\" \/>\n\t<meta property=\"og:image:height\" content=\"1365\" \/>\n\t<meta property=\"og:image:type\" content=\"image\/jpeg\" \/>\n<meta name=\"author\" content=\"R@mbla\" \/>\n<meta name=\"twitter:card\" content=\"summary_large_image\" \/>\n<meta name=\"twitter:creator\" content=\"@revistarambla\" \/>\n<meta name=\"twitter:site\" content=\"@revistarambla\" \/>\n<meta name=\"twitter:label1\" content=\"Written by\" \/>\n\t<meta name=\"twitter:data1\" content=\"R@mbla\" \/>\n\t<meta name=\"twitter:label2\" content=\"Estimated reading time\" \/>\n\t<meta name=\"twitter:data2\" content=\"3 minutes\" \/>\n<script type=\"application\/ld+json\" class=\"yoast-schema-graph\">{\"@context\":\"https:\\\/\\\/schema.org\",\"@graph\":[{\"@type\":\"Article\",\"@id\":\"https:\\\/\\\/www.revistarambla.com\\\/denuncian-la-cruel-situacion-de-las-gallinas-ponedoras-encerradas-en-jaulas\\\/#article\",\"isPartOf\":{\"@id\":\"https:\\\/\\\/www.revistarambla.com\\\/denuncian-la-cruel-situacion-de-las-gallinas-ponedoras-encerradas-en-jaulas\\\/\"},\"author\":{\"name\":\"R@mbla\",\"@id\":\"https:\\\/\\\/www.revistarambla.com\\\/#\\\/schema\\\/person\\\/a146a5a2550b94981a75131180e1bd9c\"},\"headline\":\"Denuncian la cruel situaci\u00f3n de las gallinas ponedoras hacinadas en jaulas\",\"datePublished\":\"2021-10-08T17:00:31+00:00\",\"dateModified\":\"2022-03-23T18:22:58+00:00\",\"mainEntityOfPage\":{\"@id\":\"https:\\\/\\\/www.revistarambla.com\\\/denuncian-la-cruel-situacion-de-las-gallinas-ponedoras-encerradas-en-jaulas\\\/\"},\"wordCount\":653,\"commentCount\":0,\"publisher\":{\"@id\":\"https:\\\/\\\/www.revistarambla.com\\\/#organization\"},\"image\":{\"@id\":\"https:\\\/\\\/www.revistarambla.com\\\/denuncian-la-cruel-situacion-de-las-gallinas-ponedoras-encerradas-en-jaulas\\\/#primaryimage\"},\"thumbnailUrl\":\"https:\\\/\\\/www.revistarambla.com\\\/wp-content\\\/uploads\\\/2021\\\/10\\\/DSC6951-scaled.jpg\",\"articleSection\":[\"Catalunya\"],\"inLanguage\":\"en-GB\",\"potentialAction\":[{\"@type\":\"CommentAction\",\"name\":\"Comment\",\"target\":[\"https:\\\/\\\/www.revistarambla.com\\\/denuncian-la-cruel-situacion-de-las-gallinas-ponedoras-encerradas-en-jaulas\\\/#respond\"]}]},{\"@type\":\"WebPage\",\"@id\":\"https:\\\/\\\/www.revistarambla.com\\\/denuncian-la-cruel-situacion-de-las-gallinas-ponedoras-encerradas-en-jaulas\\\/\",\"url\":\"https:\\\/\\\/www.revistarambla.com\\\/denuncian-la-cruel-situacion-de-las-gallinas-ponedoras-encerradas-en-jaulas\\\/\",\"name\":\"Denuncian la cruel situaci\u00f3n de las gallinas ponedoras hacinadas en jaulas - Revista Rambla\",\"isPartOf\":{\"@id\":\"https:\\\/\\\/www.revistarambla.com\\\/#website\"},\"primaryImageOfPage\":{\"@id\":\"https:\\\/\\\/www.revistarambla.com\\\/denuncian-la-cruel-situacion-de-las-gallinas-ponedoras-encerradas-en-jaulas\\\/#primaryimage\"},\"image\":{\"@id\":\"https:\\\/\\\/www.revistarambla.com\\\/denuncian-la-cruel-situacion-de-las-gallinas-ponedoras-encerradas-en-jaulas\\\/#primaryimage\"},\"thumbnailUrl\":\"https:\\\/\\\/www.revistarambla.com\\\/wp-content\\\/uploads\\\/2021\\\/10\\\/DSC6951-scaled.jpg\",\"datePublished\":\"2021-10-08T17:00:31+00:00\",\"dateModified\":\"2022-03-23T18:22:58+00:00\",\"breadcrumb\":{\"@id\":\"https:\\\/\\\/www.revistarambla.com\\\/denuncian-la-cruel-situacion-de-las-gallinas-ponedoras-encerradas-en-jaulas\\\/#breadcrumb\"},\"inLanguage\":\"en-GB\",\"potentialAction\":[{\"@type\":\"ReadAction\",\"target\":[\"https:\\\/\\\/www.revistarambla.com\\\/denuncian-la-cruel-situacion-de-las-gallinas-ponedoras-encerradas-en-jaulas\\\/\"]}]},{\"@type\":\"ImageObject\",\"inLanguage\":\"en-GB\",\"@id\":\"https:\\\/\\\/www.revistarambla.com\\\/denuncian-la-cruel-situacion-de-las-gallinas-ponedoras-encerradas-en-jaulas\\\/#primaryimage\",\"url\":\"https:\\\/\\\/www.revistarambla.com\\\/wp-content\\\/uploads\\\/2021\\\/10\\\/DSC6951-scaled.jpg\",\"contentUrl\":\"https:\\\/\\\/www.revistarambla.com\\\/wp-content\\\/uploads\\\/2021\\\/10\\\/DSC6951-scaled.jpg\",\"width\":2048,\"height\":1365},{\"@type\":\"BreadcrumbList\",\"@id\":\"https:\\\/\\\/www.revistarambla.com\\\/denuncian-la-cruel-situacion-de-las-gallinas-ponedoras-encerradas-en-jaulas\\\/#breadcrumb\",\"itemListElement\":[{\"@type\":\"ListItem\",\"position\":1,\"name\":\"Portada\",\"item\":\"https:\\\/\\\/www.revistarambla.com\\\/\"},{\"@type\":\"ListItem\",\"position\":2,\"name\":\"Denuncian la cruel situaci\u00f3n de las gallinas ponedoras hacinadas en jaulas\"}]},{\"@type\":\"WebSite\",\"@id\":\"https:\\\/\\\/www.revistarambla.com\\\/#website\",\"url\":\"https:\\\/\\\/www.revistarambla.com\\\/\",\"name\":\"Revista Rambla Barcelona\",\"description\":\"Periodismo independiente\",\"publisher\":{\"@id\":\"https:\\\/\\\/www.revistarambla.com\\\/#organization\"},\"potentialAction\":[{\"@type\":\"SearchAction\",\"target\":{\"@type\":\"EntryPoint\",\"urlTemplate\":\"https:\\\/\\\/www.revistarambla.com\\\/?s={search_term_string}\"},\"query-input\":{\"@type\":\"PropertyValueSpecification\",\"valueRequired\":true,\"valueName\":\"search_term_string\"}}],\"inLanguage\":\"en-GB\"},{\"@type\":\"Organization\",\"@id\":\"https:\\\/\\\/www.revistarambla.com\\\/#organization\",\"name\":\"Revista Rambla\",\"url\":\"https:\\\/\\\/www.revistarambla.com\\\/\",\"logo\":{\"@type\":\"ImageObject\",\"inLanguage\":\"en-GB\",\"@id\":\"https:\\\/\\\/www.revistarambla.com\\\/#\\\/schema\\\/logo\\\/image\\\/\",\"url\":\"https:\\\/\\\/www.revistarambla.com\\\/wp-content\\\/uploads\\\/2020\\\/09\\\/banner_rambla_1900x600_BB.png\",\"contentUrl\":\"https:\\\/\\\/www.revistarambla.com\\\/wp-content\\\/uploads\\\/2020\\\/09\\\/banner_rambla_1900x600_BB.png\",\"width\":1900,\"height\":600,\"caption\":\"Revista Rambla\"},\"image\":{\"@id\":\"https:\\\/\\\/www.revistarambla.com\\\/#\\\/schema\\\/logo\\\/image\\\/\"},\"sameAs\":[\"https:\\\/\\\/www.facebook.com\\\/revistarambla\\\/\",\"https:\\\/\\\/x.com\\\/revistarambla\",\"https:\\\/\\\/www.instagram.com\\\/revista_rambla\",\"https:\\\/\\\/es.linkedin.com\\\/company\\\/revista-rambla\"]},{\"@type\":\"Person\",\"@id\":\"https:\\\/\\\/www.revistarambla.com\\\/#\\\/schema\\\/person\\\/a146a5a2550b94981a75131180e1bd9c\",\"name\":\"R@mbla\",\"description\":\"Este art\u00edculo ha sido redactado y\\\/o validado por el equipo de redacci\u00f3n de Revista Rambla.\",\"sameAs\":[\"https:\\\/\\\/www.revistarambla.com\\\/\",\"https:\\\/\\\/www.facebook.com\\\/revistarambla\",\"https:\\\/\\\/x.com\\\/revistarambla\"]}]}<\/script>\n<!-- \/ Yoast SEO plugin. -->","yoast_head_json":{"title":"Denuncian la cruel situaci\u00f3n de las gallinas ponedoras hacinadas en jaulas - Revista Rambla","robots":{"index":"index","follow":"follow","max-snippet":"max-snippet:-1","max-image-preview":"max-image-preview:large","max-video-preview":"max-video-preview:-1"},"canonical":"https:\/\/www.revistarambla.com\/en\/denuncian-la-cruel-situacion-de-las-gallinas-ponedoras-encerradas-en-jaulas\/","og_locale":"en_GB","og_type":"article","og_title":"Denuncian la cruel situaci\u00f3n de las gallinas ponedoras hacinadas en jaulas - Revista Rambla","og_description":"Un reportaje de investigaci\u00f3n de la ONG Equalia profundiza en el debate sobre el uso de jaulas en la producci\u00f3n de huevos, un tema que ha llegado hasta el Parlamento catal\u00e1n","og_url":"https:\/\/www.revistarambla.com\/en\/denuncian-la-cruel-situacion-de-las-gallinas-ponedoras-encerradas-en-jaulas\/","og_site_name":"Revista Rambla","article_publisher":"https:\/\/www.facebook.com\/revistarambla\/","article_author":"https:\/\/www.facebook.com\/revistarambla","article_published_time":"2021-10-08T17:00:31+00:00","article_modified_time":"2022-03-23T18:22:58+00:00","og_image":[{"width":2048,"height":1365,"url":"https:\/\/www.revistarambla.com\/wp-content\/uploads\/2021\/10\/DSC6951-scaled.jpg","type":"image\/jpeg"}],"author":"R@mbla","twitter_card":"summary_large_image","twitter_creator":"@revistarambla","twitter_site":"@revistarambla","twitter_misc":{"Written by":"R@mbla","Estimated reading time":"3 minutes"},"schema":{"@context":"https:\/\/schema.org","@graph":[{"@type":"Article","@id":"https:\/\/www.revistarambla.com\/denuncian-la-cruel-situacion-de-las-gallinas-ponedoras-encerradas-en-jaulas\/#article","isPartOf":{"@id":"https:\/\/www.revistarambla.com\/denuncian-la-cruel-situacion-de-las-gallinas-ponedoras-encerradas-en-jaulas\/"},"author":{"name":"R@mbla","@id":"https:\/\/www.revistarambla.com\/#\/schema\/person\/a146a5a2550b94981a75131180e1bd9c"},"headline":"Denuncian la cruel situaci\u00f3n de las gallinas ponedoras hacinadas en jaulas","datePublished":"2021-10-08T17:00:31+00:00","dateModified":"2022-03-23T18:22:58+00:00","mainEntityOfPage":{"@id":"https:\/\/www.revistarambla.com\/denuncian-la-cruel-situacion-de-las-gallinas-ponedoras-encerradas-en-jaulas\/"},"wordCount":653,"commentCount":0,"publisher":{"@id":"https:\/\/www.revistarambla.com\/#organization"},"image":{"@id":"https:\/\/www.revistarambla.com\/denuncian-la-cruel-situacion-de-las-gallinas-ponedoras-encerradas-en-jaulas\/#primaryimage"},"thumbnailUrl":"https:\/\/www.revistarambla.com\/wp-content\/uploads\/2021\/10\/DSC6951-scaled.jpg","articleSection":["Catalunya"],"inLanguage":"en-GB","potentialAction":[{"@type":"CommentAction","name":"Comment","target":["https:\/\/www.revistarambla.com\/denuncian-la-cruel-situacion-de-las-gallinas-ponedoras-encerradas-en-jaulas\/#respond"]}]},{"@type":"WebPage","@id":"https:\/\/www.revistarambla.com\/denuncian-la-cruel-situacion-de-las-gallinas-ponedoras-encerradas-en-jaulas\/","url":"https:\/\/www.revistarambla.com\/denuncian-la-cruel-situacion-de-las-gallinas-ponedoras-encerradas-en-jaulas\/","name":"Denuncian la cruel situaci\u00f3n de las gallinas ponedoras hacinadas en jaulas - Revista Rambla","isPartOf":{"@id":"https:\/\/www.revistarambla.com\/#website"},"primaryImageOfPage":{"@id":"https:\/\/www.revistarambla.com\/denuncian-la-cruel-situacion-de-las-gallinas-ponedoras-encerradas-en-jaulas\/#primaryimage"},"image":{"@id":"https:\/\/www.revistarambla.com\/denuncian-la-cruel-situacion-de-las-gallinas-ponedoras-encerradas-en-jaulas\/#primaryimage"},"thumbnailUrl":"https:\/\/www.revistarambla.com\/wp-content\/uploads\/2021\/10\/DSC6951-scaled.jpg","datePublished":"2021-10-08T17:00:31+00:00","dateModified":"2022-03-23T18:22:58+00:00","breadcrumb":{"@id":"https:\/\/www.revistarambla.com\/denuncian-la-cruel-situacion-de-las-gallinas-ponedoras-encerradas-en-jaulas\/#breadcrumb"},"inLanguage":"en-GB","potentialAction":[{"@type":"ReadAction","target":["https:\/\/www.revistarambla.com\/denuncian-la-cruel-situacion-de-las-gallinas-ponedoras-encerradas-en-jaulas\/"]}]},{"@type":"ImageObject","inLanguage":"en-GB","@id":"https:\/\/www.revistarambla.com\/denuncian-la-cruel-situacion-de-las-gallinas-ponedoras-encerradas-en-jaulas\/#primaryimage","url":"https:\/\/www.revistarambla.com\/wp-content\/uploads\/2021\/10\/DSC6951-scaled.jpg","contentUrl":"https:\/\/www.revistarambla.com\/wp-content\/uploads\/2021\/10\/DSC6951-scaled.jpg","width":2048,"height":1365},{"@type":"BreadcrumbList","@id":"https:\/\/www.revistarambla.com\/denuncian-la-cruel-situacion-de-las-gallinas-ponedoras-encerradas-en-jaulas\/#breadcrumb","itemListElement":[{"@type":"ListItem","position":1,"name":"Portada","item":"https:\/\/www.revistarambla.com\/"},{"@type":"ListItem","position":2,"name":"Denuncian la cruel situaci\u00f3n de las gallinas ponedoras hacinadas en jaulas"}]},{"@type":"WebSite","@id":"https:\/\/www.revistarambla.com\/#website","url":"https:\/\/www.revistarambla.com\/","name":"Revista Rambla Barcelona","description":"Periodismo independiente","publisher":{"@id":"https:\/\/www.revistarambla.com\/#organization"},"potentialAction":[{"@type":"SearchAction","target":{"@type":"EntryPoint","urlTemplate":"https:\/\/www.revistarambla.com\/?s={search_term_string}"},"query-input":{"@type":"PropertyValueSpecification","valueRequired":true,"valueName":"search_term_string"}}],"inLanguage":"en-GB"},{"@type":"Organization","@id":"https:\/\/www.revistarambla.com\/#organization","name":"Revista Rambla","url":"https:\/\/www.revistarambla.com\/","logo":{"@type":"ImageObject","inLanguage":"en-GB","@id":"https:\/\/www.revistarambla.com\/#\/schema\/logo\/image\/","url":"https:\/\/www.revistarambla.com\/wp-content\/uploads\/2020\/09\/banner_rambla_1900x600_BB.png","contentUrl":"https:\/\/www.revistarambla.com\/wp-content\/uploads\/2020\/09\/banner_rambla_1900x600_BB.png","width":1900,"height":600,"caption":"Revista Rambla"},"image":{"@id":"https:\/\/www.revistarambla.com\/#\/schema\/logo\/image\/"},"sameAs":["https:\/\/www.facebook.com\/revistarambla\/","https:\/\/x.com\/revistarambla","https:\/\/www.instagram.com\/revista_rambla","https:\/\/es.linkedin.com\/company\/revista-rambla"]},{"@type":"Person","@id":"https:\/\/www.revistarambla.com\/#\/schema\/person\/a146a5a2550b94981a75131180e1bd9c","name":"R@mbla","description":"Este art\u00edculo ha sido redactado y\/o validado por el equipo de redacci\u00f3n de Revista Rambla.","sameAs":["https:\/\/www.revistarambla.com\/","https:\/\/www.facebook.com\/revistarambla","https:\/\/x.com\/revistarambla"]}]}},"_links":{"self":[{"href":"https:\/\/www.revistarambla.com\/en\/wp-json\/wp\/v2\/posts\/35820","targetHints":{"allow":["GET"]}}],"collection":[{"href":"https:\/\/www.revistarambla.com\/en\/wp-json\/wp\/v2\/posts"}],"about":[{"href":"https:\/\/www.revistarambla.com\/en\/wp-json\/wp\/v2\/types\/post"}],"author":[{"embeddable":true,"href":"https:\/\/www.revistarambla.com\/en\/wp-json\/wp\/v2\/users\/3"}],"replies":[{"embeddable":true,"href":"https:\/\/www.revistarambla.com\/en\/wp-json\/wp\/v2\/comments?post=35820"}],"version-history":[{"count":0,"href":"https:\/\/www.revistarambla.com\/en\/wp-json\/wp\/v2\/posts\/35820\/revisions"}],"wp:featuredmedia":[{"embeddable":true,"href":"https:\/\/www.revistarambla.com\/en\/wp-json\/wp\/v2\/media\/35821"}],"wp:attachment":[{"href":"https:\/\/www.revistarambla.com\/en\/wp-json\/wp\/v2\/media?parent=35820"}],"wp:term":[{"taxonomy":"category","embeddable":true,"href":"https:\/\/www.revistarambla.com\/en\/wp-json\/wp\/v2\/categories?post=35820"},{"taxonomy":"post_tag","embeddable":true,"href":"https:\/\/www.revistarambla.com\/en\/wp-json\/wp\/v2\/tags?post=35820"}],"curies":[{"name":"wp","href":"https:\/\/api.w.org\/{rel}","templated":true}]}}